{"id":6294,"date":"2021-06-25T09:18:09","date_gmt":"2021-06-25T09:18:09","guid":{"rendered":"https:\/\/cvinoticias.com\/v3\/?p=6294"},"modified":"2021-06-25T09:23:02","modified_gmt":"2021-06-25T09:23:02","slug":"coronavirus-en-paraguay-salud-publica-ya-no-tiene-fondos-para-financiar-la-internacion-de-pacientes-con-covid-19-en-sanatorios-privados","status":"publish","type":"post","link":"https:\/\/cvinoticias.com\/v3\/coronavirus-en-paraguay-salud-publica-ya-no-tiene-fondos-para-financiar-la-internacion-de-pacientes-con-covid-19-en-sanatorios-privados\/","title":{"rendered":"Coronavirus en Paraguay: Salud P\u00fablica ya no tiene fondos para financiar la internaci\u00f3n de pacientes con covid-19 en sanatorios privados"},"content":{"rendered":"\n<p><strong><em>Salud P\u00fablica anunci\u00f3 que ya no tiene fondos para financiar la internaci\u00f3n de pacientes en\u00a0Paraguay, que tengan\u00a0coronavirus\u00a0y se encuentren en sanatorios privados. Adem\u00e1s, aseguraron tienen deudas por G. 374.700 millones.<\/em><\/strong><\/p>\n\n\n\n<p>Lo informaron esta ma\u00f1ana el ministro de Salud,\u00a0Julio Borba, y su directora administrativa,\u00a0Rita Villalba, en reuni\u00f3n con legisladores.\u00a0<\/p>\n\n\n\n<p>Adem\u00e1s, explicaron que se necesitan US$ 20 millones mensuales para cubrir la\u00a0Ley de Gasto Cero.<\/p>\n\n\n\n<p>El ministro de\u00a0Hacienda,\u00a0\u00d3scar Llamosas, propone delimitar los beneficiarios. Mientras que el director de\u00a0Yacyreta,\u00a0Nicanor Duarte Frutos, plantea aumentar impuestos. Por este motivo, formaron una mesa de trabajo para analizar de d\u00f3nde sacar recursos.<\/p>\n\n\n\n<p>Seg\u00fan la directora de administraci\u00f3n y finanzas del\u00a0Ministerio de Salud,\u00a0Rita Villalba, a partir del convenio firmado con sanatorios privados para recibir a pacientes con covid-19 cuando no hay lugar en los hospitales p\u00fablicos, el d\u00e9ficit es de G. 221.700 millones.\u00a0pacientes en Paraguay\u00a0<\/p>\n\n\n\n<p>En la aplicaci\u00f3n de las leyes de Gasto Cero, 6725 y 6742, para la internaci\u00f3n de pacientes con covid en salas comunes y de terapia intensiva, el d\u00e9ficit es de G. 153.000 millones.<\/p>\n\n\n\n<p>&nbsp;la reuni\u00f3n de acompa\u00f1amiento para la&nbsp;<strong>Aplicaci\u00f3n de la Ley de Gastos Cero,<\/strong>&nbsp;durante la hospitalizaci\u00f3n por Covid, Villalba detall\u00f3 que \u201c<em>en convenio firmado con los sanatorios, dentro de los fondos covid, nosotros tenemos un total de G. 96.800 millones. A la fecha, con todos los pacientes que fueron aprobados en UTI tenemos 1.114 pacientes, que dan un total de G. 275.000 millones. En camas comunes tenemos 870 pacientes que dan un total de G. 43.500 millones, dando un total de 318.500 millones. Eso, restando de los G. 96.800 millones que nosotros tenemos previsionados para los pagos, ya tenemos un d\u00e9ficit de 221.700 millones<\/em>\u201d.<\/p>\n\n\n\n<p>Respecto a la Ley 6725 y 6742, conocidas como \u201cGasto Cero\u201d y que beneficia a pacientes internados con covid-19 en centros m\u00e9dicos privados, la administradora del Ministerio de Salud explic\u00f3 que la normativa establece un financiamiento de US$ 30 millones, que ser\u00edan unos G. 198.000 millones.<\/p>\n\n\n\n<p>Hasta ahora, el ministerio aprob\u00f3 en terapia intensiva 1.142 pacientes, que representan G. 281.000 millones. En camas comunes se autorizaron otros 1.397 pacientes, que demandan un gasto de G. 69.000 millones.<\/p>\n\n\n\n<p>\u201c<em>Sumando as\u00ed un total de G. 351.000 millones y restando de lo que ser\u00eda el financiamiento que se tendr\u00eda que tener dentro de la Ley, ya tenemos un d\u00e9ficit de 153.000 millones<\/em>&nbsp;\u201cexplic\u00f3.<\/p>\n\n\n\n<p>Adem\u00e1s, dijo que \u201c<em>haciendo una una estimaci\u00f3n de lo que ser\u00edan los pr\u00f3ximos meses, estamos calculando que se necesitar\u00edan aproximadamente unos US$ 20 millones mensuales<\/em>\u201d<\/p>\n\n\n\n<h3 class=\"wp-block-heading\">Pretenden utilizar los cr\u00e9ditos de la ley de Emergencia para atender a pacientes en Paraguay que tengan coronavirus<\/h3>\n\n\n\n<p>El ministro de Hacienda, \u00d3scar Llamosas, dijo a su tiempo que con el Ministerio de Salud\u00a0acordaron usar para las leyes de Gasto Cero, los cr\u00e9ditos de la ley de\u00a0Emergencia Sanitaria\u00a0y reponerlos posteriormente con reasignaciones con saldos de pr\u00e9stamos.\u00a0pacientes.<\/p>\n\n\n\n<p>En este sentido, se\u00f1al\u00f3 que est\u00e1n reasignando los recursos de un pr\u00e9stamo del\u00a0<strong>Banco Mundial<\/strong>. Sin embargo, explic\u00f3 que atendiendo el pedido de US$ 20 millones mensuales, hasta fin de a\u00f1o se necesitar\u00edan US$ 120 millones de d\u00f3lares para cubrir las demandas de \u201cGasto Cero\u201d, pero que en total se requieren US$ 400 millones para dar cobertura al Ministerio de Salud, un monto que ser\u00e1 imposible de generar a trav\u00e9s de reasignaciones de presupuesto.<\/p>\n\n\n\n<p><\/p>\n\n\n\n<p><strong>Fuente: MOL <\/strong><\/p>\n","protected":false},"excerpt":{"rendered":"<p>Salud P\u00fablica anunci\u00f3 que ya no tiene fondos para financiar la internaci\u00f3n de pacientes en\u00a0Paraguay, que tengan\u00a0coronavirus\u00a0y se encuentren en sanatorios privados. Adem\u00e1s, aseguraron tienen deudas por G. 374.700 millones. Lo informaron esta ma\u00f1ana el ministro de Salud,\u00a0Julio Borba, y su directora administrativa,\u00a0Rita Villalba, en reuni\u00f3n con legisladores.\u00a0 Adem\u00e1s, explicaron que se necesitan US$ 20 [&hellip;]<\/p>\n","protected":false},"author":2,"featured_media":6298,"comment_status":"open","ping_status":"open","sticky":false,"template":"","format":"standard","meta":{"footnotes":""},"categories":[23,36],"tags":[],"class_list":["post-6294","post","type-post","status-publish","format-standard","has-post-thumbnail","hentry","category-covid-19","category-internacionales"],"yoast_head":"<!-- This site is optimized with the Yoast SEO plugin v27.4 - https:\/\/yoast.com\/product\/yoast-seo-wordpress\/ -->\n<title>Coronavirus en Paraguay: Salud P\u00fablica ya no tiene fondos para financiar la internaci\u00f3n de pacientes con covid-19 en sanatorios privados | CVI NOTICIAS<\/title>\n<meta name=\"robots\" content=\"index, follow, max-snippet:-1, max-image-preview:large, max-video-preview:-1\" \/>\n<link rel=\"canonical\" href=\"https:\/\/cvinoticias.com\/v3\/coronavirus-en-paraguay-salud-publica-ya-no-tiene-fondos-para-financiar-la-internacion-de-pacientes-con-covid-19-en-sanatorios-privados\/\" \/>\n<meta property=\"og:locale\" content=\"es_ES\" \/>\n<meta property=\"og:type\" content=\"article\" \/>\n<meta property=\"og:title\" content=\"Coronavirus en Paraguay: Salud P\u00fablica ya no tiene fondos para financiar la internaci\u00f3n de pacientes con covid-19 en sanatorios privados | CVI NOTICIAS\" \/>\n<meta property=\"og:description\" content=\"Salud P\u00fablica anunci\u00f3 que ya no tiene fondos para financiar la internaci\u00f3n de pacientes en\u00a0Paraguay, que tengan\u00a0coronavirus\u00a0y se encuentren en sanatorios privados. Adem\u00e1s, aseguraron tienen deudas por G. 374.700 millones. Lo informaron esta ma\u00f1ana el ministro de Salud,\u00a0Julio Borba, y su directora administrativa,\u00a0Rita Villalba, en reuni\u00f3n con legisladores.\u00a0 Adem\u00e1s, explicaron que se necesitan US$ 20 [&hellip;]\" \/>\n<meta property=\"og:url\" content=\"https:\/\/cvinoticias.com\/v3\/coronavirus-en-paraguay-salud-publica-ya-no-tiene-fondos-para-financiar-la-internacion-de-pacientes-con-covid-19-en-sanatorios-privados\/\" \/>\n<meta property=\"og:site_name\" content=\"CVI NOTICIAS\" \/>\n<meta property=\"article:publisher\" content=\"https:\/\/www.facebook.com\/cvinoticias\" \/>\n<meta property=\"article:published_time\" content=\"2021-06-25T09:18:09+00:00\" \/>\n<meta property=\"article:modified_time\" content=\"2021-06-25T09:23:02+00:00\" \/>\n<meta property=\"og:image\" content=\"https:\/\/cvinoticias.com\/wp-content\/uploads\/2021\/06\/images-1.jpeg\" \/>\n\t<meta property=\"og:image:width\" content=\"300\" \/>\n\t<meta property=\"og:image:height\" content=\"168\" \/>\n\t<meta property=\"og:image:type\" content=\"image\/jpeg\" \/>\n<meta name=\"author\" content=\"f1000024\" \/>\n<meta name=\"twitter:card\" content=\"summary_large_image\" \/>\n<meta name=\"twitter:label1\" content=\"Escrito por\" \/>\n\t<meta name=\"twitter:data1\" content=\"f1000024\" \/>\n\t<meta name=\"twitter:label2\" content=\"Tiempo de lectura\" \/>\n\t<meta name=\"twitter:data2\" content=\"3 minutos\" \/>\n<script type=\"application\/ld+json\" class=\"yoast-schema-graph\">{\"@context\":\"https:\\\/\\\/schema.org\",\"@graph\":[{\"@type\":\"Article\",\"@id\":\"https:\\\/\\\/cvinoticias.com\\\/v3\\\/coronavirus-en-paraguay-salud-publica-ya-no-tiene-fondos-para-financiar-la-internacion-de-pacientes-con-covid-19-en-sanatorios-privados\\\/#article\",\"isPartOf\":{\"@id\":\"https:\\\/\\\/cvinoticias.com\\\/v3\\\/coronavirus-en-paraguay-salud-publica-ya-no-tiene-fondos-para-financiar-la-internacion-de-pacientes-con-covid-19-en-sanatorios-privados\\\/\"},\"author\":{\"name\":\"f1000024\",\"@id\":\"https:\\\/\\\/cvinoticias.com\\\/v3\\\/#\\\/schema\\\/person\\\/2db77e3c6bc03c538495d7b2b8be9b66\"},\"headline\":\"Coronavirus en Paraguay: Salud P\u00fablica ya no tiene fondos para financiar la internaci\u00f3n de pacientes con covid-19 en sanatorios privados\",\"datePublished\":\"2021-06-25T09:18:09+00:00\",\"dateModified\":\"2021-06-25T09:23:02+00:00\",\"mainEntityOfPage\":{\"@id\":\"https:\\\/\\\/cvinoticias.com\\\/v3\\\/coronavirus-en-paraguay-salud-publica-ya-no-tiene-fondos-para-financiar-la-internacion-de-pacientes-con-covid-19-en-sanatorios-privados\\\/\"},\"wordCount\":595,\"commentCount\":0,\"publisher\":{\"@id\":\"https:\\\/\\\/cvinoticias.com\\\/v3\\\/#organization\"},\"image\":{\"@id\":\"https:\\\/\\\/cvinoticias.com\\\/v3\\\/coronavirus-en-paraguay-salud-publica-ya-no-tiene-fondos-para-financiar-la-internacion-de-pacientes-con-covid-19-en-sanatorios-privados\\\/#primaryimage\"},\"thumbnailUrl\":\"https:\\\/\\\/cvinoticias.com\\\/wp-content\\\/uploads\\\/2021\\\/06\\\/images-1.jpeg\",\"articleSection\":[\"Covid-19\",\"Internacionales\"],\"inLanguage\":\"es\",\"potentialAction\":[{\"@type\":\"CommentAction\",\"name\":\"Comment\",\"target\":[\"https:\\\/\\\/cvinoticias.com\\\/v3\\\/coronavirus-en-paraguay-salud-publica-ya-no-tiene-fondos-para-financiar-la-internacion-de-pacientes-con-covid-19-en-sanatorios-privados\\\/#respond\"]}]},{\"@type\":\"WebPage\",\"@id\":\"https:\\\/\\\/cvinoticias.com\\\/v3\\\/coronavirus-en-paraguay-salud-publica-ya-no-tiene-fondos-para-financiar-la-internacion-de-pacientes-con-covid-19-en-sanatorios-privados\\\/\",\"url\":\"https:\\\/\\\/cvinoticias.com\\\/v3\\\/coronavirus-en-paraguay-salud-publica-ya-no-tiene-fondos-para-financiar-la-internacion-de-pacientes-con-covid-19-en-sanatorios-privados\\\/\",\"name\":\"Coronavirus en Paraguay: Salud P\u00fablica ya no tiene fondos para financiar la internaci\u00f3n de pacientes con covid-19 en sanatorios privados | CVI NOTICIAS\",\"isPartOf\":{\"@id\":\"https:\\\/\\\/cvinoticias.com\\\/v3\\\/#website\"},\"primaryImageOfPage\":{\"@id\":\"https:\\\/\\\/cvinoticias.com\\\/v3\\\/coronavirus-en-paraguay-salud-publica-ya-no-tiene-fondos-para-financiar-la-internacion-de-pacientes-con-covid-19-en-sanatorios-privados\\\/#primaryimage\"},\"image\":{\"@id\":\"https:\\\/\\\/cvinoticias.com\\\/v3\\\/coronavirus-en-paraguay-salud-publica-ya-no-tiene-fondos-para-financiar-la-internacion-de-pacientes-con-covid-19-en-sanatorios-privados\\\/#primaryimage\"},\"thumbnailUrl\":\"https:\\\/\\\/cvinoticias.com\\\/wp-content\\\/uploads\\\/2021\\\/06\\\/images-1.jpeg\",\"datePublished\":\"2021-06-25T09:18:09+00:00\",\"dateModified\":\"2021-06-25T09:23:02+00:00\",\"breadcrumb\":{\"@id\":\"https:\\\/\\\/cvinoticias.com\\\/v3\\\/coronavirus-en-paraguay-salud-publica-ya-no-tiene-fondos-para-financiar-la-internacion-de-pacientes-con-covid-19-en-sanatorios-privados\\\/#breadcrumb\"},\"inLanguage\":\"es\",\"potentialAction\":[{\"@type\":\"ReadAction\",\"target\":[\"https:\\\/\\\/cvinoticias.com\\\/v3\\\/coronavirus-en-paraguay-salud-publica-ya-no-tiene-fondos-para-financiar-la-internacion-de-pacientes-con-covid-19-en-sanatorios-privados\\\/\"]}]},{\"@type\":\"ImageObject\",\"inLanguage\":\"es\",\"@id\":\"https:\\\/\\\/cvinoticias.com\\\/v3\\\/coronavirus-en-paraguay-salud-publica-ya-no-tiene-fondos-para-financiar-la-internacion-de-pacientes-con-covid-19-en-sanatorios-privados\\\/#primaryimage\",\"url\":\"https:\\\/\\\/cvinoticias.com\\\/wp-content\\\/uploads\\\/2021\\\/06\\\/images-1.jpeg\",\"contentUrl\":\"https:\\\/\\\/cvinoticias.com\\\/wp-content\\\/uploads\\\/2021\\\/06\\\/images-1.jpeg\",\"width\":300,\"height\":168},{\"@type\":\"BreadcrumbList\",\"@id\":\"https:\\\/\\\/cvinoticias.com\\\/v3\\\/coronavirus-en-paraguay-salud-publica-ya-no-tiene-fondos-para-financiar-la-internacion-de-pacientes-con-covid-19-en-sanatorios-privados\\\/#breadcrumb\",\"itemListElement\":[{\"@type\":\"ListItem\",\"position\":1,\"name\":\"Portada\",\"item\":\"https:\\\/\\\/cvinoticias.com\\\/v3\\\/\"},{\"@type\":\"ListItem\",\"position\":2,\"name\":\"Coronavirus en Paraguay: Salud P\u00fablica ya no tiene fondos para financiar la internaci\u00f3n de pacientes con covid-19 en sanatorios privados\"}]},{\"@type\":\"WebSite\",\"@id\":\"https:\\\/\\\/cvinoticias.com\\\/v3\\\/#website\",\"url\":\"https:\\\/\\\/cvinoticias.com\\\/v3\\\/\",\"name\":\"CVI NOTICIAS\",\"description\":\"\",\"publisher\":{\"@id\":\"https:\\\/\\\/cvinoticias.com\\\/v3\\\/#organization\"},\"alternateName\":\"CVI\",\"potentialAction\":[{\"@type\":\"SearchAction\",\"target\":{\"@type\":\"EntryPoint\",\"urlTemplate\":\"https:\\\/\\\/cvinoticias.com\\\/v3\\\/?s={search_term_string}\"},\"query-input\":{\"@type\":\"PropertyValueSpecification\",\"valueRequired\":true,\"valueName\":\"search_term_string\"}}],\"inLanguage\":\"es\"},{\"@type\":\"Organization\",\"@id\":\"https:\\\/\\\/cvinoticias.com\\\/v3\\\/#organization\",\"name\":\"CVI NOTICIAS\",\"url\":\"https:\\\/\\\/cvinoticias.com\\\/v3\\\/\",\"logo\":{\"@type\":\"ImageObject\",\"inLanguage\":\"es\",\"@id\":\"https:\\\/\\\/cvinoticias.com\\\/v3\\\/#\\\/schema\\\/logo\\\/image\\\/\",\"url\":\"https:\\\/\\\/cvinoticias.com\\\/wp-content\\\/uploads\\\/2023\\\/04\\\/cropped-cropped-cropped-cropped-cropped-3-1.png\",\"contentUrl\":\"https:\\\/\\\/cvinoticias.com\\\/wp-content\\\/uploads\\\/2023\\\/04\\\/cropped-cropped-cropped-cropped-cropped-3-1.png\",\"width\":95,\"height\":122,\"caption\":\"CVI NOTICIAS\"},\"image\":{\"@id\":\"https:\\\/\\\/cvinoticias.com\\\/v3\\\/#\\\/schema\\\/logo\\\/image\\\/\"},\"sameAs\":[\"https:\\\/\\\/www.facebook.com\\\/cvinoticias\",\"https:\\\/\\\/www.instagram.com\\\/cvinoticias\\\/\",\"https:\\\/\\\/www.youtube.com\\\/@CVINOTICIAS\"]},{\"@type\":\"Person\",\"@id\":\"https:\\\/\\\/cvinoticias.com\\\/v3\\\/#\\\/schema\\\/person\\\/2db77e3c6bc03c538495d7b2b8be9b66\",\"name\":\"f1000024\",\"image\":{\"@type\":\"ImageObject\",\"inLanguage\":\"es\",\"@id\":\"https:\\\/\\\/secure.gravatar.com\\\/avatar\\\/d4fe7459cfc51ff5129ce1a732bbef5928568b8092d412ef95611616376bbeed?s=96&d=mm&r=g\",\"url\":\"https:\\\/\\\/secure.gravatar.com\\\/avatar\\\/d4fe7459cfc51ff5129ce1a732bbef5928568b8092d412ef95611616376bbeed?s=96&d=mm&r=g\",\"contentUrl\":\"https:\\\/\\\/secure.gravatar.com\\\/avatar\\\/d4fe7459cfc51ff5129ce1a732bbef5928568b8092d412ef95611616376bbeed?s=96&d=mm&r=g\",\"caption\":\"f1000024\"},\"url\":\"https:\\\/\\\/cvinoticias.com\\\/v3\\\/author\\\/f1000024\\\/\"}]}<\/script>\n<!-- \/ Yoast SEO plugin. -->","yoast_head_json":{"title":"Coronavirus en Paraguay: Salud P\u00fablica ya no tiene fondos para financiar la internaci\u00f3n de pacientes con covid-19 en sanatorios privados | CVI NOTICIAS","robots":{"index":"index","follow":"follow","max-snippet":"max-snippet:-1","max-image-preview":"max-image-preview:large","max-video-preview":"max-video-preview:-1"},"canonical":"https:\/\/cvinoticias.com\/v3\/coronavirus-en-paraguay-salud-publica-ya-no-tiene-fondos-para-financiar-la-internacion-de-pacientes-con-covid-19-en-sanatorios-privados\/","og_locale":"es_ES","og_type":"article","og_title":"Coronavirus en Paraguay: Salud P\u00fablica ya no tiene fondos para financiar la internaci\u00f3n de pacientes con covid-19 en sanatorios privados | CVI NOTICIAS","og_description":"Salud P\u00fablica anunci\u00f3 que ya no tiene fondos para financiar la internaci\u00f3n de pacientes en\u00a0Paraguay, que tengan\u00a0coronavirus\u00a0y se encuentren en sanatorios privados. Adem\u00e1s, aseguraron tienen deudas por G. 374.700 millones. Lo informaron esta ma\u00f1ana el ministro de Salud,\u00a0Julio Borba, y su directora administrativa,\u00a0Rita Villalba, en reuni\u00f3n con legisladores.\u00a0 Adem\u00e1s, explicaron que se necesitan US$ 20 [&hellip;]","og_url":"https:\/\/cvinoticias.com\/v3\/coronavirus-en-paraguay-salud-publica-ya-no-tiene-fondos-para-financiar-la-internacion-de-pacientes-con-covid-19-en-sanatorios-privados\/","og_site_name":"CVI NOTICIAS","article_publisher":"https:\/\/www.facebook.com\/cvinoticias","article_published_time":"2021-06-25T09:18:09+00:00","article_modified_time":"2021-06-25T09:23:02+00:00","og_image":[{"width":300,"height":168,"url":"https:\/\/cvinoticias.com\/wp-content\/uploads\/2021\/06\/images-1.jpeg","type":"image\/jpeg"}],"author":"f1000024","twitter_card":"summary_large_image","twitter_misc":{"Escrito por":"f1000024","Tiempo de lectura":"3 minutos"},"schema":{"@context":"https:\/\/schema.org","@graph":[{"@type":"Article","@id":"https:\/\/cvinoticias.com\/v3\/coronavirus-en-paraguay-salud-publica-ya-no-tiene-fondos-para-financiar-la-internacion-de-pacientes-con-covid-19-en-sanatorios-privados\/#article","isPartOf":{"@id":"https:\/\/cvinoticias.com\/v3\/coronavirus-en-paraguay-salud-publica-ya-no-tiene-fondos-para-financiar-la-internacion-de-pacientes-con-covid-19-en-sanatorios-privados\/"},"author":{"name":"f1000024","@id":"https:\/\/cvinoticias.com\/v3\/#\/schema\/person\/2db77e3c6bc03c538495d7b2b8be9b66"},"headline":"Coronavirus en Paraguay: Salud P\u00fablica ya no tiene fondos para financiar la internaci\u00f3n de pacientes con covid-19 en sanatorios privados","datePublished":"2021-06-25T09:18:09+00:00","dateModified":"2021-06-25T09:23:02+00:00","mainEntityOfPage":{"@id":"https:\/\/cvinoticias.com\/v3\/coronavirus-en-paraguay-salud-publica-ya-no-tiene-fondos-para-financiar-la-internacion-de-pacientes-con-covid-19-en-sanatorios-privados\/"},"wordCount":595,"commentCount":0,"publisher":{"@id":"https:\/\/cvinoticias.com\/v3\/#organization"},"image":{"@id":"https:\/\/cvinoticias.com\/v3\/coronavirus-en-paraguay-salud-publica-ya-no-tiene-fondos-para-financiar-la-internacion-de-pacientes-con-covid-19-en-sanatorios-privados\/#primaryimage"},"thumbnailUrl":"https:\/\/cvinoticias.com\/wp-content\/uploads\/2021\/06\/images-1.jpeg","articleSection":["Covid-19","Internacionales"],"inLanguage":"es","potentialAction":[{"@type":"CommentAction","name":"Comment","target":["https:\/\/cvinoticias.com\/v3\/coronavirus-en-paraguay-salud-publica-ya-no-tiene-fondos-para-financiar-la-internacion-de-pacientes-con-covid-19-en-sanatorios-privados\/#respond"]}]},{"@type":"WebPage","@id":"https:\/\/cvinoticias.com\/v3\/coronavirus-en-paraguay-salud-publica-ya-no-tiene-fondos-para-financiar-la-internacion-de-pacientes-con-covid-19-en-sanatorios-privados\/","url":"https:\/\/cvinoticias.com\/v3\/coronavirus-en-paraguay-salud-publica-ya-no-tiene-fondos-para-financiar-la-internacion-de-pacientes-con-covid-19-en-sanatorios-privados\/","name":"Coronavirus en Paraguay: Salud P\u00fablica ya no tiene fondos para financiar la internaci\u00f3n de pacientes con covid-19 en sanatorios privados | CVI NOTICIAS","isPartOf":{"@id":"https:\/\/cvinoticias.com\/v3\/#website"},"primaryImageOfPage":{"@id":"https:\/\/cvinoticias.com\/v3\/coronavirus-en-paraguay-salud-publica-ya-no-tiene-fondos-para-financiar-la-internacion-de-pacientes-con-covid-19-en-sanatorios-privados\/#primaryimage"},"image":{"@id":"https:\/\/cvinoticias.com\/v3\/coronavirus-en-paraguay-salud-publica-ya-no-tiene-fondos-para-financiar-la-internacion-de-pacientes-con-covid-19-en-sanatorios-privados\/#primaryimage"},"thumbnailUrl":"https:\/\/cvinoticias.com\/wp-content\/uploads\/2021\/06\/images-1.jpeg","datePublished":"2021-06-25T09:18:09+00:00","dateModified":"2021-06-25T09:23:02+00:00","breadcrumb":{"@id":"https:\/\/cvinoticias.com\/v3\/coronavirus-en-paraguay-salud-publica-ya-no-tiene-fondos-para-financiar-la-internacion-de-pacientes-con-covid-19-en-sanatorios-privados\/#breadcrumb"},"inLanguage":"es","potentialAction":[{"@type":"ReadAction","target":["https:\/\/cvinoticias.com\/v3\/coronavirus-en-paraguay-salud-publica-ya-no-tiene-fondos-para-financiar-la-internacion-de-pacientes-con-covid-19-en-sanatorios-privados\/"]}]},{"@type":"ImageObject","inLanguage":"es","@id":"https:\/\/cvinoticias.com\/v3\/coronavirus-en-paraguay-salud-publica-ya-no-tiene-fondos-para-financiar-la-internacion-de-pacientes-con-covid-19-en-sanatorios-privados\/#primaryimage","url":"https:\/\/cvinoticias.com\/wp-content\/uploads\/2021\/06\/images-1.jpeg","contentUrl":"https:\/\/cvinoticias.com\/wp-content\/uploads\/2021\/06\/images-1.jpeg","width":300,"height":168},{"@type":"BreadcrumbList","@id":"https:\/\/cvinoticias.com\/v3\/coronavirus-en-paraguay-salud-publica-ya-no-tiene-fondos-para-financiar-la-internacion-de-pacientes-con-covid-19-en-sanatorios-privados\/#breadcrumb","itemListElement":[{"@type":"ListItem","position":1,"name":"Portada","item":"https:\/\/cvinoticias.com\/v3\/"},{"@type":"ListItem","position":2,"name":"Coronavirus en Paraguay: Salud P\u00fablica ya no tiene fondos para financiar la internaci\u00f3n de pacientes con covid-19 en sanatorios privados"}]},{"@type":"WebSite","@id":"https:\/\/cvinoticias.com\/v3\/#website","url":"https:\/\/cvinoticias.com\/v3\/","name":"CVI NOTICIAS","description":"","publisher":{"@id":"https:\/\/cvinoticias.com\/v3\/#organization"},"alternateName":"CVI","potentialAction":[{"@type":"SearchAction","target":{"@type":"EntryPoint","urlTemplate":"https:\/\/cvinoticias.com\/v3\/?s={search_term_string}"},"query-input":{"@type":"PropertyValueSpecification","valueRequired":true,"valueName":"search_term_string"}}],"inLanguage":"es"},{"@type":"Organization","@id":"https:\/\/cvinoticias.com\/v3\/#organization","name":"CVI NOTICIAS","url":"https:\/\/cvinoticias.com\/v3\/","logo":{"@type":"ImageObject","inLanguage":"es","@id":"https:\/\/cvinoticias.com\/v3\/#\/schema\/logo\/image\/","url":"https:\/\/cvinoticias.com\/wp-content\/uploads\/2023\/04\/cropped-cropped-cropped-cropped-cropped-3-1.png","contentUrl":"https:\/\/cvinoticias.com\/wp-content\/uploads\/2023\/04\/cropped-cropped-cropped-cropped-cropped-3-1.png","width":95,"height":122,"caption":"CVI NOTICIAS"},"image":{"@id":"https:\/\/cvinoticias.com\/v3\/#\/schema\/logo\/image\/"},"sameAs":["https:\/\/www.facebook.com\/cvinoticias","https:\/\/www.instagram.com\/cvinoticias\/","https:\/\/www.youtube.com\/@CVINOTICIAS"]},{"@type":"Person","@id":"https:\/\/cvinoticias.com\/v3\/#\/schema\/person\/2db77e3c6bc03c538495d7b2b8be9b66","name":"f1000024","image":{"@type":"ImageObject","inLanguage":"es","@id":"https:\/\/secure.gravatar.com\/avatar\/d4fe7459cfc51ff5129ce1a732bbef5928568b8092d412ef95611616376bbeed?s=96&d=mm&r=g","url":"https:\/\/secure.gravatar.com\/avatar\/d4fe7459cfc51ff5129ce1a732bbef5928568b8092d412ef95611616376bbeed?s=96&d=mm&r=g","contentUrl":"https:\/\/secure.gravatar.com\/avatar\/d4fe7459cfc51ff5129ce1a732bbef5928568b8092d412ef95611616376bbeed?s=96&d=mm&r=g","caption":"f1000024"},"url":"https:\/\/cvinoticias.com\/v3\/author\/f1000024\/"}]}},"_links":{"self":[{"href":"https:\/\/cvinoticias.com\/v3\/wp-json\/wp\/v2\/posts\/6294","targetHints":{"allow":["GET"]}}],"collection":[{"href":"https:\/\/cvinoticias.com\/v3\/wp-json\/wp\/v2\/posts"}],"about":[{"href":"https:\/\/cvinoticias.com\/v3\/wp-json\/wp\/v2\/types\/post"}],"author":[{"embeddable":true,"href":"https:\/\/cvinoticias.com\/v3\/wp-json\/wp\/v2\/users\/2"}],"replies":[{"embeddable":true,"href":"https:\/\/cvinoticias.com\/v3\/wp-json\/wp\/v2\/comments?post=6294"}],"version-history":[{"count":3,"href":"https:\/\/cvinoticias.com\/v3\/wp-json\/wp\/v2\/posts\/6294\/revisions"}],"predecessor-version":[{"id":6299,"href":"https:\/\/cvinoticias.com\/v3\/wp-json\/wp\/v2\/posts\/6294\/revisions\/6299"}],"wp:featuredmedia":[{"embeddable":true,"href":"https:\/\/cvinoticias.com\/v3\/wp-json\/wp\/v2\/media\/6298"}],"wp:attachment":[{"href":"https:\/\/cvinoticias.com\/v3\/wp-json\/wp\/v2\/media?parent=6294"}],"wp:term":[{"taxonomy":"category","embeddable":true,"href":"https:\/\/cvinoticias.com\/v3\/wp-json\/wp\/v2\/categories?post=6294"},{"taxonomy":"post_tag","embeddable":true,"href":"https:\/\/cvinoticias.com\/v3\/wp-json\/wp\/v2\/tags?post=6294"}],"curies":[{"name":"wp","href":"https:\/\/api.w.org\/{rel}","templated":true}]}}