{"id":6288,"date":"2021-06-25T08:55:19","date_gmt":"2021-06-25T08:55:19","guid":{"rendered":"https:\/\/cvinoticias.com\/v3\/?p=6288"},"modified":"2021-06-25T08:55:19","modified_gmt":"2021-06-25T08:55:19","slug":"la-desocupacion-fue-del-102-en-el-primer-trimestre-del-ano-segun-el-indec","status":"publish","type":"post","link":"https:\/\/cvinoticias.com\/v3\/la-desocupacion-fue-del-102-en-el-primer-trimestre-del-ano-segun-el-indec\/","title":{"rendered":"La desocupaci\u00f3n fue del 10,2% en el primer trimestre del a\u00f1o, seg\u00fan el INDEC"},"content":{"rendered":"\n<p><em><strong>El dato, que implica una baja del 0,8 puntos porcentuales con relaci\u00f3n a diciembre pasado, significa que alrededor de 1,3 millones de personas se encuentran sin trabajo en la Argentina.<\/strong><\/em><\/p>\n\n\n\n<p>La tasa de desocupaci\u00f3n fue del 10,2% en el primer trimestre del a\u00f1o, lo que represent\u00f3 una baja de 0,8 puntos porcentuales respecto de diciembre \u00faltimo, inform\u00f3 hoy el INDEC, que estim\u00f3 en 1,3 millones la cantidad de desempleados.<br><br>La medici\u00f3n represent\u00f3 tambi\u00e9n un descenso de 0,2 puntos comparado con el mismo per\u00edodo de 2020. Seg\u00fan las cifras del Mercado de Trabajo que difundi\u00f3 el organismo, la tasa de subocupaci\u00f3n fue del 11,9% y mostr\u00f3 una reducci\u00f3n de 3,2 puntos respecto del anterior trimestre, cuando se ubic\u00f3 en 15,1%.<br><br>La subocupaci\u00f3n en cambio registr\u00f3 un aumento de 0,2 puntos con respecto al primer trimestre del a\u00f1o anterior del 11,7%. En el primer trimestre de 2021, la tasa de actividad alcanz\u00f3 el 46,3% y la de empleo en 41,6%.<\/p>\n","protected":false},"excerpt":{"rendered":"<p>El dato, que implica una baja del 0,8 puntos porcentuales con relaci\u00f3n a diciembre pasado, significa que alrededor de 1,3 millones de personas se encuentran sin trabajo en la Argentina. La tasa de desocupaci\u00f3n fue del 10,2% en el primer trimestre del a\u00f1o, lo que represent\u00f3 una baja de 0,8 puntos porcentuales respecto de diciembre [&hellip;]<\/p>\n","protected":false},"author":2,"featured_media":6289,"comment_status":"open","ping_status":"open","sticky":false,"template":"","format":"standard","meta":{"footnotes":""},"categories":[35],"tags":[],"class_list":["post-6288","post","type-post","status-publish","format-standard","has-post-thumbnail","hentry","category-informacion-general"],"yoast_head":"<!-- This site is optimized with the Yoast SEO plugin v27.5 - https:\/\/yoast.com\/product\/yoast-seo-wordpress\/ -->\n<title>La desocupaci\u00f3n fue del 10,2% en el primer trimestre del a\u00f1o, seg\u00fan el INDEC | CVI NOTICIAS<\/title>\n<meta name=\"robots\" content=\"index, follow, max-snippet:-1, max-image-preview:large, max-video-preview:-1\" \/>\n<link rel=\"canonical\" href=\"https:\/\/cvinoticias.com\/v3\/la-desocupacion-fue-del-102-en-el-primer-trimestre-del-ano-segun-el-indec\/\" \/>\n<meta property=\"og:locale\" content=\"es_ES\" \/>\n<meta property=\"og:type\" content=\"article\" \/>\n<meta property=\"og:title\" content=\"La desocupaci\u00f3n fue del 10,2% en el primer trimestre del a\u00f1o, seg\u00fan el INDEC | CVI NOTICIAS\" \/>\n<meta property=\"og:description\" content=\"El dato, que implica una baja del 0,8 puntos porcentuales con relaci\u00f3n a diciembre pasado, significa que alrededor de 1,3 millones de personas se encuentran sin trabajo en la Argentina. La tasa de desocupaci\u00f3n fue del 10,2% en el primer trimestre del a\u00f1o, lo que represent\u00f3 una baja de 0,8 puntos porcentuales respecto de diciembre [&hellip;]\" \/>\n<meta property=\"og:url\" content=\"https:\/\/cvinoticias.com\/v3\/la-desocupacion-fue-del-102-en-el-primer-trimestre-del-ano-segun-el-indec\/\" \/>\n<meta property=\"og:site_name\" content=\"CVI NOTICIAS\" \/>\n<meta property=\"article:publisher\" content=\"https:\/\/www.facebook.com\/cvinoticias\" \/>\n<meta property=\"article:published_time\" content=\"2021-06-25T08:55:19+00:00\" \/>\n<meta property=\"og:image\" content=\"https:\/\/cvinoticias.com\/wp-content\/uploads\/2021\/06\/desempleo.jpg\" \/>\n\t<meta property=\"og:image:width\" content=\"900\" \/>\n\t<meta property=\"og:image:height\" content=\"600\" \/>\n\t<meta property=\"og:image:type\" content=\"image\/jpeg\" \/>\n<meta name=\"author\" content=\"f1000024\" \/>\n<meta name=\"twitter:card\" content=\"summary_large_image\" \/>\n<meta name=\"twitter:label1\" content=\"Escrito por\" \/>\n\t<meta name=\"twitter:data1\" content=\"f1000024\" \/>\n\t<meta name=\"twitter:label2\" content=\"Tiempo de lectura\" \/>\n\t<meta name=\"twitter:data2\" content=\"1 minuto\" \/>\n<script type=\"application\/ld+json\" class=\"yoast-schema-graph\">{\"@context\":\"https:\\\/\\\/schema.org\",\"@graph\":[{\"@type\":\"Article\",\"@id\":\"https:\\\/\\\/cvinoticias.com\\\/v3\\\/la-desocupacion-fue-del-102-en-el-primer-trimestre-del-ano-segun-el-indec\\\/#article\",\"isPartOf\":{\"@id\":\"https:\\\/\\\/cvinoticias.com\\\/v3\\\/la-desocupacion-fue-del-102-en-el-primer-trimestre-del-ano-segun-el-indec\\\/\"},\"author\":{\"name\":\"f1000024\",\"@id\":\"https:\\\/\\\/cvinoticias.com\\\/v3\\\/#\\\/schema\\\/person\\\/2db77e3c6bc03c538495d7b2b8be9b66\"},\"headline\":\"La desocupaci\u00f3n fue del 10,2% en el primer trimestre del a\u00f1o, seg\u00fan el INDEC\",\"datePublished\":\"2021-06-25T08:55:19+00:00\",\"mainEntityOfPage\":{\"@id\":\"https:\\\/\\\/cvinoticias.com\\\/v3\\\/la-desocupacion-fue-del-102-en-el-primer-trimestre-del-ano-segun-el-indec\\\/\"},\"wordCount\":170,\"commentCount\":0,\"publisher\":{\"@id\":\"https:\\\/\\\/cvinoticias.com\\\/v3\\\/#organization\"},\"image\":{\"@id\":\"https:\\\/\\\/cvinoticias.com\\\/v3\\\/la-desocupacion-fue-del-102-en-el-primer-trimestre-del-ano-segun-el-indec\\\/#primaryimage\"},\"thumbnailUrl\":\"https:\\\/\\\/cvinoticias.com\\\/wp-content\\\/uploads\\\/2021\\\/06\\\/desempleo.jpg\",\"articleSection\":[\"Informaci\u00f3n General\"],\"inLanguage\":\"es\",\"potentialAction\":[{\"@type\":\"CommentAction\",\"name\":\"Comment\",\"target\":[\"https:\\\/\\\/cvinoticias.com\\\/v3\\\/la-desocupacion-fue-del-102-en-el-primer-trimestre-del-ano-segun-el-indec\\\/#respond\"]}]},{\"@type\":\"WebPage\",\"@id\":\"https:\\\/\\\/cvinoticias.com\\\/v3\\\/la-desocupacion-fue-del-102-en-el-primer-trimestre-del-ano-segun-el-indec\\\/\",\"url\":\"https:\\\/\\\/cvinoticias.com\\\/v3\\\/la-desocupacion-fue-del-102-en-el-primer-trimestre-del-ano-segun-el-indec\\\/\",\"name\":\"La desocupaci\u00f3n fue del 10,2% en el primer trimestre del a\u00f1o, seg\u00fan el INDEC | CVI NOTICIAS\",\"isPartOf\":{\"@id\":\"https:\\\/\\\/cvinoticias.com\\\/v3\\\/#website\"},\"primaryImageOfPage\":{\"@id\":\"https:\\\/\\\/cvinoticias.com\\\/v3\\\/la-desocupacion-fue-del-102-en-el-primer-trimestre-del-ano-segun-el-indec\\\/#primaryimage\"},\"image\":{\"@id\":\"https:\\\/\\\/cvinoticias.com\\\/v3\\\/la-desocupacion-fue-del-102-en-el-primer-trimestre-del-ano-segun-el-indec\\\/#primaryimage\"},\"thumbnailUrl\":\"https:\\\/\\\/cvinoticias.com\\\/wp-content\\\/uploads\\\/2021\\\/06\\\/desempleo.jpg\",\"datePublished\":\"2021-06-25T08:55:19+00:00\",\"breadcrumb\":{\"@id\":\"https:\\\/\\\/cvinoticias.com\\\/v3\\\/la-desocupacion-fue-del-102-en-el-primer-trimestre-del-ano-segun-el-indec\\\/#breadcrumb\"},\"inLanguage\":\"es\",\"potentialAction\":[{\"@type\":\"ReadAction\",\"target\":[\"https:\\\/\\\/cvinoticias.com\\\/v3\\\/la-desocupacion-fue-del-102-en-el-primer-trimestre-del-ano-segun-el-indec\\\/\"]}]},{\"@type\":\"ImageObject\",\"inLanguage\":\"es\",\"@id\":\"https:\\\/\\\/cvinoticias.com\\\/v3\\\/la-desocupacion-fue-del-102-en-el-primer-trimestre-del-ano-segun-el-indec\\\/#primaryimage\",\"url\":\"https:\\\/\\\/cvinoticias.com\\\/wp-content\\\/uploads\\\/2021\\\/06\\\/desempleo.jpg\",\"contentUrl\":\"https:\\\/\\\/cvinoticias.com\\\/wp-content\\\/uploads\\\/2021\\\/06\\\/desempleo.jpg\",\"width\":900,\"height\":600},{\"@type\":\"BreadcrumbList\",\"@id\":\"https:\\\/\\\/cvinoticias.com\\\/v3\\\/la-desocupacion-fue-del-102-en-el-primer-trimestre-del-ano-segun-el-indec\\\/#breadcrumb\",\"itemListElement\":[{\"@type\":\"ListItem\",\"position\":1,\"name\":\"Portada\",\"item\":\"https:\\\/\\\/cvinoticias.com\\\/v3\\\/\"},{\"@type\":\"ListItem\",\"position\":2,\"name\":\"La desocupaci\u00f3n fue del 10,2% en el primer trimestre del a\u00f1o, seg\u00fan el INDEC\"}]},{\"@type\":\"WebSite\",\"@id\":\"https:\\\/\\\/cvinoticias.com\\\/v3\\\/#website\",\"url\":\"https:\\\/\\\/cvinoticias.com\\\/v3\\\/\",\"name\":\"CVI NOTICIAS\",\"description\":\"\",\"publisher\":{\"@id\":\"https:\\\/\\\/cvinoticias.com\\\/v3\\\/#organization\"},\"alternateName\":\"CVI\",\"potentialAction\":[{\"@type\":\"SearchAction\",\"target\":{\"@type\":\"EntryPoint\",\"urlTemplate\":\"https:\\\/\\\/cvinoticias.com\\\/v3\\\/?s={search_term_string}\"},\"query-input\":{\"@type\":\"PropertyValueSpecification\",\"valueRequired\":true,\"valueName\":\"search_term_string\"}}],\"inLanguage\":\"es\"},{\"@type\":\"Organization\",\"@id\":\"https:\\\/\\\/cvinoticias.com\\\/v3\\\/#organization\",\"name\":\"CVI NOTICIAS\",\"url\":\"https:\\\/\\\/cvinoticias.com\\\/v3\\\/\",\"logo\":{\"@type\":\"ImageObject\",\"inLanguage\":\"es\",\"@id\":\"https:\\\/\\\/cvinoticias.com\\\/v3\\\/#\\\/schema\\\/logo\\\/image\\\/\",\"url\":\"https:\\\/\\\/cvinoticias.com\\\/wp-content\\\/uploads\\\/2023\\\/04\\\/cropped-cropped-cropped-cropped-cropped-3-1.png\",\"contentUrl\":\"https:\\\/\\\/cvinoticias.com\\\/wp-content\\\/uploads\\\/2023\\\/04\\\/cropped-cropped-cropped-cropped-cropped-3-1.png\",\"width\":95,\"height\":122,\"caption\":\"CVI NOTICIAS\"},\"image\":{\"@id\":\"https:\\\/\\\/cvinoticias.com\\\/v3\\\/#\\\/schema\\\/logo\\\/image\\\/\"},\"sameAs\":[\"https:\\\/\\\/www.facebook.com\\\/cvinoticias\",\"https:\\\/\\\/www.instagram.com\\\/cvinoticias\\\/\",\"https:\\\/\\\/www.youtube.com\\\/@CVINOTICIAS\"]},{\"@type\":\"Person\",\"@id\":\"https:\\\/\\\/cvinoticias.com\\\/v3\\\/#\\\/schema\\\/person\\\/2db77e3c6bc03c538495d7b2b8be9b66\",\"name\":\"f1000024\",\"image\":{\"@type\":\"ImageObject\",\"inLanguage\":\"es\",\"@id\":\"https:\\\/\\\/secure.gravatar.com\\\/avatar\\\/d4fe7459cfc51ff5129ce1a732bbef5928568b8092d412ef95611616376bbeed?s=96&d=mm&r=g\",\"url\":\"https:\\\/\\\/secure.gravatar.com\\\/avatar\\\/d4fe7459cfc51ff5129ce1a732bbef5928568b8092d412ef95611616376bbeed?s=96&d=mm&r=g\",\"contentUrl\":\"https:\\\/\\\/secure.gravatar.com\\\/avatar\\\/d4fe7459cfc51ff5129ce1a732bbef5928568b8092d412ef95611616376bbeed?s=96&d=mm&r=g\",\"caption\":\"f1000024\"},\"url\":\"https:\\\/\\\/cvinoticias.com\\\/v3\\\/author\\\/f1000024\\\/\"}]}<\/script>\n<!-- \/ Yoast SEO plugin. -->","yoast_head_json":{"title":"La desocupaci\u00f3n fue del 10,2% en el primer trimestre del a\u00f1o, seg\u00fan el INDEC | CVI NOTICIAS","robots":{"index":"index","follow":"follow","max-snippet":"max-snippet:-1","max-image-preview":"max-image-preview:large","max-video-preview":"max-video-preview:-1"},"canonical":"https:\/\/cvinoticias.com\/v3\/la-desocupacion-fue-del-102-en-el-primer-trimestre-del-ano-segun-el-indec\/","og_locale":"es_ES","og_type":"article","og_title":"La desocupaci\u00f3n fue del 10,2% en el primer trimestre del a\u00f1o, seg\u00fan el INDEC | CVI NOTICIAS","og_description":"El dato, que implica una baja del 0,8 puntos porcentuales con relaci\u00f3n a diciembre pasado, significa que alrededor de 1,3 millones de personas se encuentran sin trabajo en la Argentina. La tasa de desocupaci\u00f3n fue del 10,2% en el primer trimestre del a\u00f1o, lo que represent\u00f3 una baja de 0,8 puntos porcentuales respecto de diciembre [&hellip;]","og_url":"https:\/\/cvinoticias.com\/v3\/la-desocupacion-fue-del-102-en-el-primer-trimestre-del-ano-segun-el-indec\/","og_site_name":"CVI NOTICIAS","article_publisher":"https:\/\/www.facebook.com\/cvinoticias","article_published_time":"2021-06-25T08:55:19+00:00","og_image":[{"width":900,"height":600,"url":"https:\/\/cvinoticias.com\/wp-content\/uploads\/2021\/06\/desempleo.jpg","type":"image\/jpeg"}],"author":"f1000024","twitter_card":"summary_large_image","twitter_misc":{"Escrito por":"f1000024","Tiempo de lectura":"1 minuto"},"schema":{"@context":"https:\/\/schema.org","@graph":[{"@type":"Article","@id":"https:\/\/cvinoticias.com\/v3\/la-desocupacion-fue-del-102-en-el-primer-trimestre-del-ano-segun-el-indec\/#article","isPartOf":{"@id":"https:\/\/cvinoticias.com\/v3\/la-desocupacion-fue-del-102-en-el-primer-trimestre-del-ano-segun-el-indec\/"},"author":{"name":"f1000024","@id":"https:\/\/cvinoticias.com\/v3\/#\/schema\/person\/2db77e3c6bc03c538495d7b2b8be9b66"},"headline":"La desocupaci\u00f3n fue del 10,2% en el primer trimestre del a\u00f1o, seg\u00fan el INDEC","datePublished":"2021-06-25T08:55:19+00:00","mainEntityOfPage":{"@id":"https:\/\/cvinoticias.com\/v3\/la-desocupacion-fue-del-102-en-el-primer-trimestre-del-ano-segun-el-indec\/"},"wordCount":170,"commentCount":0,"publisher":{"@id":"https:\/\/cvinoticias.com\/v3\/#organization"},"image":{"@id":"https:\/\/cvinoticias.com\/v3\/la-desocupacion-fue-del-102-en-el-primer-trimestre-del-ano-segun-el-indec\/#primaryimage"},"thumbnailUrl":"https:\/\/cvinoticias.com\/wp-content\/uploads\/2021\/06\/desempleo.jpg","articleSection":["Informaci\u00f3n General"],"inLanguage":"es","potentialAction":[{"@type":"CommentAction","name":"Comment","target":["https:\/\/cvinoticias.com\/v3\/la-desocupacion-fue-del-102-en-el-primer-trimestre-del-ano-segun-el-indec\/#respond"]}]},{"@type":"WebPage","@id":"https:\/\/cvinoticias.com\/v3\/la-desocupacion-fue-del-102-en-el-primer-trimestre-del-ano-segun-el-indec\/","url":"https:\/\/cvinoticias.com\/v3\/la-desocupacion-fue-del-102-en-el-primer-trimestre-del-ano-segun-el-indec\/","name":"La desocupaci\u00f3n fue del 10,2% en el primer trimestre del a\u00f1o, seg\u00fan el INDEC | CVI NOTICIAS","isPartOf":{"@id":"https:\/\/cvinoticias.com\/v3\/#website"},"primaryImageOfPage":{"@id":"https:\/\/cvinoticias.com\/v3\/la-desocupacion-fue-del-102-en-el-primer-trimestre-del-ano-segun-el-indec\/#primaryimage"},"image":{"@id":"https:\/\/cvinoticias.com\/v3\/la-desocupacion-fue-del-102-en-el-primer-trimestre-del-ano-segun-el-indec\/#primaryimage"},"thumbnailUrl":"https:\/\/cvinoticias.com\/wp-content\/uploads\/2021\/06\/desempleo.jpg","datePublished":"2021-06-25T08:55:19+00:00","breadcrumb":{"@id":"https:\/\/cvinoticias.com\/v3\/la-desocupacion-fue-del-102-en-el-primer-trimestre-del-ano-segun-el-indec\/#breadcrumb"},"inLanguage":"es","potentialAction":[{"@type":"ReadAction","target":["https:\/\/cvinoticias.com\/v3\/la-desocupacion-fue-del-102-en-el-primer-trimestre-del-ano-segun-el-indec\/"]}]},{"@type":"ImageObject","inLanguage":"es","@id":"https:\/\/cvinoticias.com\/v3\/la-desocupacion-fue-del-102-en-el-primer-trimestre-del-ano-segun-el-indec\/#primaryimage","url":"https:\/\/cvinoticias.com\/wp-content\/uploads\/2021\/06\/desempleo.jpg","contentUrl":"https:\/\/cvinoticias.com\/wp-content\/uploads\/2021\/06\/desempleo.jpg","width":900,"height":600},{"@type":"BreadcrumbList","@id":"https:\/\/cvinoticias.com\/v3\/la-desocupacion-fue-del-102-en-el-primer-trimestre-del-ano-segun-el-indec\/#breadcrumb","itemListElement":[{"@type":"ListItem","position":1,"name":"Portada","item":"https:\/\/cvinoticias.com\/v3\/"},{"@type":"ListItem","position":2,"name":"La desocupaci\u00f3n fue del 10,2% en el primer trimestre del a\u00f1o, seg\u00fan el INDEC"}]},{"@type":"WebSite","@id":"https:\/\/cvinoticias.com\/v3\/#website","url":"https:\/\/cvinoticias.com\/v3\/","name":"CVI NOTICIAS","description":"","publisher":{"@id":"https:\/\/cvinoticias.com\/v3\/#organization"},"alternateName":"CVI","potentialAction":[{"@type":"SearchAction","target":{"@type":"EntryPoint","urlTemplate":"https:\/\/cvinoticias.com\/v3\/?s={search_term_string}"},"query-input":{"@type":"PropertyValueSpecification","valueRequired":true,"valueName":"search_term_string"}}],"inLanguage":"es"},{"@type":"Organization","@id":"https:\/\/cvinoticias.com\/v3\/#organization","name":"CVI NOTICIAS","url":"https:\/\/cvinoticias.com\/v3\/","logo":{"@type":"ImageObject","inLanguage":"es","@id":"https:\/\/cvinoticias.com\/v3\/#\/schema\/logo\/image\/","url":"https:\/\/cvinoticias.com\/wp-content\/uploads\/2023\/04\/cropped-cropped-cropped-cropped-cropped-3-1.png","contentUrl":"https:\/\/cvinoticias.com\/wp-content\/uploads\/2023\/04\/cropped-cropped-cropped-cropped-cropped-3-1.png","width":95,"height":122,"caption":"CVI NOTICIAS"},"image":{"@id":"https:\/\/cvinoticias.com\/v3\/#\/schema\/logo\/image\/"},"sameAs":["https:\/\/www.facebook.com\/cvinoticias","https:\/\/www.instagram.com\/cvinoticias\/","https:\/\/www.youtube.com\/@CVINOTICIAS"]},{"@type":"Person","@id":"https:\/\/cvinoticias.com\/v3\/#\/schema\/person\/2db77e3c6bc03c538495d7b2b8be9b66","name":"f1000024","image":{"@type":"ImageObject","inLanguage":"es","@id":"https:\/\/secure.gravatar.com\/avatar\/d4fe7459cfc51ff5129ce1a732bbef5928568b8092d412ef95611616376bbeed?s=96&d=mm&r=g","url":"https:\/\/secure.gravatar.com\/avatar\/d4fe7459cfc51ff5129ce1a732bbef5928568b8092d412ef95611616376bbeed?s=96&d=mm&r=g","contentUrl":"https:\/\/secure.gravatar.com\/avatar\/d4fe7459cfc51ff5129ce1a732bbef5928568b8092d412ef95611616376bbeed?s=96&d=mm&r=g","caption":"f1000024"},"url":"https:\/\/cvinoticias.com\/v3\/author\/f1000024\/"}]}},"_links":{"self":[{"href":"https:\/\/cvinoticias.com\/v3\/wp-json\/wp\/v2\/posts\/6288","targetHints":{"allow":["GET"]}}],"collection":[{"href":"https:\/\/cvinoticias.com\/v3\/wp-json\/wp\/v2\/posts"}],"about":[{"href":"https:\/\/cvinoticias.com\/v3\/wp-json\/wp\/v2\/types\/post"}],"author":[{"embeddable":true,"href":"https:\/\/cvinoticias.com\/v3\/wp-json\/wp\/v2\/users\/2"}],"replies":[{"embeddable":true,"href":"https:\/\/cvinoticias.com\/v3\/wp-json\/wp\/v2\/comments?post=6288"}],"version-history":[{"count":1,"href":"https:\/\/cvinoticias.com\/v3\/wp-json\/wp\/v2\/posts\/6288\/revisions"}],"predecessor-version":[{"id":6290,"href":"https:\/\/cvinoticias.com\/v3\/wp-json\/wp\/v2\/posts\/6288\/revisions\/6290"}],"wp:featuredmedia":[{"embeddable":true,"href":"https:\/\/cvinoticias.com\/v3\/wp-json\/wp\/v2\/media\/6289"}],"wp:attachment":[{"href":"https:\/\/cvinoticias.com\/v3\/wp-json\/wp\/v2\/media?parent=6288"}],"wp:term":[{"taxonomy":"category","embeddable":true,"href":"https:\/\/cvinoticias.com\/v3\/wp-json\/wp\/v2\/categories?post=6288"},{"taxonomy":"post_tag","embeddable":true,"href":"https:\/\/cvinoticias.com\/v3\/wp-json\/wp\/v2\/tags?post=6288"}],"curies":[{"name":"wp","href":"https:\/\/api.w.org\/{rel}","templated":true}]}}