{"id":6280,"date":"2021-06-24T23:33:09","date_gmt":"2021-06-24T23:33:09","guid":{"rendered":"https:\/\/cvinoticias.com\/v3\/?p=6280"},"modified":"2021-06-24T23:33:09","modified_gmt":"2021-06-24T23:33:09","slug":"localizaron-y-asistieron-al-hombre-de-62-anos-que-era-intensamente-buscado-en-apostoles","status":"publish","type":"post","link":"https:\/\/cvinoticias.com\/v3\/localizaron-y-asistieron-al-hombre-de-62-anos-que-era-intensamente-buscado-en-apostoles\/","title":{"rendered":"Localizaron y asistieron al hombre de 62 a\u00f1os que era intensamente buscado en Ap\u00f3stoles"},"content":{"rendered":"\n<p><strong><em>Se trata de Mart\u00edn Marcelo B. quien fue visto por ultima vez el pasado 18 de junio, cuando se ausent\u00f3 de su domicilio ubicado en Paraje San Isidro, seg\u00fan denunci\u00f3 su hermano en la Comisar\u00eda 3ra de Ap\u00f3stoles.<\/em><\/strong><\/p>\n\n\n\n<p>En el marco de un intenso rastrillaje por varias zonas para dar con su paradero, diferentes dependencias de la Unidad Regional VII hallaron al hombre desvanecido en un sector de malezas, a la vera de un arroyo que se encuentra en el citado Paraje.<\/p>\n\n\n\n<p>Inmediatamente lo asistieron con abrigos y mantas para trasladarlo al Hospital local. Seg\u00fan el diagn\u00f3stico del m\u00e9dico policial en turno, el hombre presentaba un cuadro de hipotermia y deshidrataci\u00f3n por lo que tuvo que ser internado en el centro de salud bajo observaci\u00f3n.<\/p>\n","protected":false},"excerpt":{"rendered":"<p>Se trata de Mart\u00edn Marcelo B. quien fue visto por ultima vez el pasado 18 de junio, cuando se ausent\u00f3 de su domicilio ubicado en Paraje San Isidro, seg\u00fan denunci\u00f3 su hermano en la Comisar\u00eda 3ra de Ap\u00f3stoles. En el marco de un intenso rastrillaje por varias zonas para dar con su paradero, diferentes dependencias [&hellip;]<\/p>\n","protected":false},"author":2,"featured_media":6281,"comment_status":"open","ping_status":"open","sticky":false,"template":"","format":"standard","meta":{"footnotes":""},"categories":[41],"tags":[],"class_list":["post-6280","post","type-post","status-publish","format-standard","has-post-thumbnail","hentry","category-policiales"],"yoast_head":"<!-- This site is optimized with the Yoast SEO plugin v27.5 - https:\/\/yoast.com\/product\/yoast-seo-wordpress\/ -->\n<title>Localizaron y asistieron al hombre de 62 a\u00f1os que era intensamente buscado en Ap\u00f3stoles | CVI NOTICIAS<\/title>\n<meta name=\"robots\" content=\"index, follow, max-snippet:-1, max-image-preview:large, max-video-preview:-1\" \/>\n<link rel=\"canonical\" href=\"https:\/\/cvinoticias.com\/v3\/localizaron-y-asistieron-al-hombre-de-62-anos-que-era-intensamente-buscado-en-apostoles\/\" \/>\n<meta property=\"og:locale\" content=\"es_ES\" \/>\n<meta property=\"og:type\" content=\"article\" \/>\n<meta property=\"og:title\" content=\"Localizaron y asistieron al hombre de 62 a\u00f1os que era intensamente buscado en Ap\u00f3stoles | CVI NOTICIAS\" \/>\n<meta property=\"og:description\" content=\"Se trata de Mart\u00edn Marcelo B. quien fue visto por ultima vez el pasado 18 de junio, cuando se ausent\u00f3 de su domicilio ubicado en Paraje San Isidro, seg\u00fan denunci\u00f3 su hermano en la Comisar\u00eda 3ra de Ap\u00f3stoles. En el marco de un intenso rastrillaje por varias zonas para dar con su paradero, diferentes dependencias [&hellip;]\" \/>\n<meta property=\"og:url\" content=\"https:\/\/cvinoticias.com\/v3\/localizaron-y-asistieron-al-hombre-de-62-anos-que-era-intensamente-buscado-en-apostoles\/\" \/>\n<meta property=\"og:site_name\" content=\"CVI NOTICIAS\" \/>\n<meta property=\"article:publisher\" content=\"https:\/\/www.facebook.com\/cvinoticias\" \/>\n<meta property=\"article:published_time\" content=\"2021-06-24T23:33:09+00:00\" \/>\n<meta property=\"og:image\" content=\"https:\/\/cvinoticias.com\/wp-content\/uploads\/2021\/06\/FB_IMG_1624577442870.jpg\" \/>\n\t<meta property=\"og:image:width\" content=\"1080\" \/>\n\t<meta property=\"og:image:height\" content=\"566\" \/>\n\t<meta property=\"og:image:type\" content=\"image\/jpeg\" \/>\n<meta name=\"author\" content=\"f1000024\" \/>\n<meta name=\"twitter:card\" content=\"summary_large_image\" \/>\n<meta name=\"twitter:label1\" content=\"Escrito por\" \/>\n\t<meta name=\"twitter:data1\" content=\"f1000024\" \/>\n\t<meta name=\"twitter:label2\" content=\"Tiempo de lectura\" \/>\n\t<meta name=\"twitter:data2\" content=\"1 minuto\" \/>\n<script type=\"application\/ld+json\" class=\"yoast-schema-graph\">{\"@context\":\"https:\\\/\\\/schema.org\",\"@graph\":[{\"@type\":\"Article\",\"@id\":\"https:\\\/\\\/cvinoticias.com\\\/v3\\\/localizaron-y-asistieron-al-hombre-de-62-anos-que-era-intensamente-buscado-en-apostoles\\\/#article\",\"isPartOf\":{\"@id\":\"https:\\\/\\\/cvinoticias.com\\\/v3\\\/localizaron-y-asistieron-al-hombre-de-62-anos-que-era-intensamente-buscado-en-apostoles\\\/\"},\"author\":{\"name\":\"f1000024\",\"@id\":\"https:\\\/\\\/cvinoticias.com\\\/v3\\\/#\\\/schema\\\/person\\\/2db77e3c6bc03c538495d7b2b8be9b66\"},\"headline\":\"Localizaron y asistieron al hombre de 62 a\u00f1os que era intensamente buscado en Ap\u00f3stoles\",\"datePublished\":\"2021-06-24T23:33:09+00:00\",\"mainEntityOfPage\":{\"@id\":\"https:\\\/\\\/cvinoticias.com\\\/v3\\\/localizaron-y-asistieron-al-hombre-de-62-anos-que-era-intensamente-buscado-en-apostoles\\\/\"},\"wordCount\":148,\"commentCount\":0,\"publisher\":{\"@id\":\"https:\\\/\\\/cvinoticias.com\\\/v3\\\/#organization\"},\"image\":{\"@id\":\"https:\\\/\\\/cvinoticias.com\\\/v3\\\/localizaron-y-asistieron-al-hombre-de-62-anos-que-era-intensamente-buscado-en-apostoles\\\/#primaryimage\"},\"thumbnailUrl\":\"https:\\\/\\\/cvinoticias.com\\\/wp-content\\\/uploads\\\/2021\\\/06\\\/FB_IMG_1624577442870.jpg\",\"articleSection\":[\"Policiales\"],\"inLanguage\":\"es\",\"potentialAction\":[{\"@type\":\"CommentAction\",\"name\":\"Comment\",\"target\":[\"https:\\\/\\\/cvinoticias.com\\\/v3\\\/localizaron-y-asistieron-al-hombre-de-62-anos-que-era-intensamente-buscado-en-apostoles\\\/#respond\"]}]},{\"@type\":\"WebPage\",\"@id\":\"https:\\\/\\\/cvinoticias.com\\\/v3\\\/localizaron-y-asistieron-al-hombre-de-62-anos-que-era-intensamente-buscado-en-apostoles\\\/\",\"url\":\"https:\\\/\\\/cvinoticias.com\\\/v3\\\/localizaron-y-asistieron-al-hombre-de-62-anos-que-era-intensamente-buscado-en-apostoles\\\/\",\"name\":\"Localizaron y asistieron al hombre de 62 a\u00f1os que era intensamente buscado en Ap\u00f3stoles | CVI NOTICIAS\",\"isPartOf\":{\"@id\":\"https:\\\/\\\/cvinoticias.com\\\/v3\\\/#website\"},\"primaryImageOfPage\":{\"@id\":\"https:\\\/\\\/cvinoticias.com\\\/v3\\\/localizaron-y-asistieron-al-hombre-de-62-anos-que-era-intensamente-buscado-en-apostoles\\\/#primaryimage\"},\"image\":{\"@id\":\"https:\\\/\\\/cvinoticias.com\\\/v3\\\/localizaron-y-asistieron-al-hombre-de-62-anos-que-era-intensamente-buscado-en-apostoles\\\/#primaryimage\"},\"thumbnailUrl\":\"https:\\\/\\\/cvinoticias.com\\\/wp-content\\\/uploads\\\/2021\\\/06\\\/FB_IMG_1624577442870.jpg\",\"datePublished\":\"2021-06-24T23:33:09+00:00\",\"breadcrumb\":{\"@id\":\"https:\\\/\\\/cvinoticias.com\\\/v3\\\/localizaron-y-asistieron-al-hombre-de-62-anos-que-era-intensamente-buscado-en-apostoles\\\/#breadcrumb\"},\"inLanguage\":\"es\",\"potentialAction\":[{\"@type\":\"ReadAction\",\"target\":[\"https:\\\/\\\/cvinoticias.com\\\/v3\\\/localizaron-y-asistieron-al-hombre-de-62-anos-que-era-intensamente-buscado-en-apostoles\\\/\"]}]},{\"@type\":\"ImageObject\",\"inLanguage\":\"es\",\"@id\":\"https:\\\/\\\/cvinoticias.com\\\/v3\\\/localizaron-y-asistieron-al-hombre-de-62-anos-que-era-intensamente-buscado-en-apostoles\\\/#primaryimage\",\"url\":\"https:\\\/\\\/cvinoticias.com\\\/wp-content\\\/uploads\\\/2021\\\/06\\\/FB_IMG_1624577442870.jpg\",\"contentUrl\":\"https:\\\/\\\/cvinoticias.com\\\/wp-content\\\/uploads\\\/2021\\\/06\\\/FB_IMG_1624577442870.jpg\",\"width\":1080,\"height\":566},{\"@type\":\"BreadcrumbList\",\"@id\":\"https:\\\/\\\/cvinoticias.com\\\/v3\\\/localizaron-y-asistieron-al-hombre-de-62-anos-que-era-intensamente-buscado-en-apostoles\\\/#breadcrumb\",\"itemListElement\":[{\"@type\":\"ListItem\",\"position\":1,\"name\":\"Portada\",\"item\":\"https:\\\/\\\/cvinoticias.com\\\/v3\\\/\"},{\"@type\":\"ListItem\",\"position\":2,\"name\":\"Localizaron y asistieron al hombre de 62 a\u00f1os que era intensamente buscado en Ap\u00f3stoles\"}]},{\"@type\":\"WebSite\",\"@id\":\"https:\\\/\\\/cvinoticias.com\\\/v3\\\/#website\",\"url\":\"https:\\\/\\\/cvinoticias.com\\\/v3\\\/\",\"name\":\"CVI NOTICIAS\",\"description\":\"\",\"publisher\":{\"@id\":\"https:\\\/\\\/cvinoticias.com\\\/v3\\\/#organization\"},\"alternateName\":\"CVI\",\"potentialAction\":[{\"@type\":\"SearchAction\",\"target\":{\"@type\":\"EntryPoint\",\"urlTemplate\":\"https:\\\/\\\/cvinoticias.com\\\/v3\\\/?s={search_term_string}\"},\"query-input\":{\"@type\":\"PropertyValueSpecification\",\"valueRequired\":true,\"valueName\":\"search_term_string\"}}],\"inLanguage\":\"es\"},{\"@type\":\"Organization\",\"@id\":\"https:\\\/\\\/cvinoticias.com\\\/v3\\\/#organization\",\"name\":\"CVI NOTICIAS\",\"url\":\"https:\\\/\\\/cvinoticias.com\\\/v3\\\/\",\"logo\":{\"@type\":\"ImageObject\",\"inLanguage\":\"es\",\"@id\":\"https:\\\/\\\/cvinoticias.com\\\/v3\\\/#\\\/schema\\\/logo\\\/image\\\/\",\"url\":\"https:\\\/\\\/cvinoticias.com\\\/wp-content\\\/uploads\\\/2023\\\/04\\\/cropped-cropped-cropped-cropped-cropped-3-1.png\",\"contentUrl\":\"https:\\\/\\\/cvinoticias.com\\\/wp-content\\\/uploads\\\/2023\\\/04\\\/cropped-cropped-cropped-cropped-cropped-3-1.png\",\"width\":95,\"height\":122,\"caption\":\"CVI NOTICIAS\"},\"image\":{\"@id\":\"https:\\\/\\\/cvinoticias.com\\\/v3\\\/#\\\/schema\\\/logo\\\/image\\\/\"},\"sameAs\":[\"https:\\\/\\\/www.facebook.com\\\/cvinoticias\",\"https:\\\/\\\/www.instagram.com\\\/cvinoticias\\\/\",\"https:\\\/\\\/www.youtube.com\\\/@CVINOTICIAS\"]},{\"@type\":\"Person\",\"@id\":\"https:\\\/\\\/cvinoticias.com\\\/v3\\\/#\\\/schema\\\/person\\\/2db77e3c6bc03c538495d7b2b8be9b66\",\"name\":\"f1000024\",\"image\":{\"@type\":\"ImageObject\",\"inLanguage\":\"es\",\"@id\":\"https:\\\/\\\/secure.gravatar.com\\\/avatar\\\/d4fe7459cfc51ff5129ce1a732bbef5928568b8092d412ef95611616376bbeed?s=96&d=mm&r=g\",\"url\":\"https:\\\/\\\/secure.gravatar.com\\\/avatar\\\/d4fe7459cfc51ff5129ce1a732bbef5928568b8092d412ef95611616376bbeed?s=96&d=mm&r=g\",\"contentUrl\":\"https:\\\/\\\/secure.gravatar.com\\\/avatar\\\/d4fe7459cfc51ff5129ce1a732bbef5928568b8092d412ef95611616376bbeed?s=96&d=mm&r=g\",\"caption\":\"f1000024\"},\"url\":\"https:\\\/\\\/cvinoticias.com\\\/v3\\\/author\\\/f1000024\\\/\"}]}<\/script>\n<!-- \/ Yoast SEO plugin. -->","yoast_head_json":{"title":"Localizaron y asistieron al hombre de 62 a\u00f1os que era intensamente buscado en Ap\u00f3stoles | CVI NOTICIAS","robots":{"index":"index","follow":"follow","max-snippet":"max-snippet:-1","max-image-preview":"max-image-preview:large","max-video-preview":"max-video-preview:-1"},"canonical":"https:\/\/cvinoticias.com\/v3\/localizaron-y-asistieron-al-hombre-de-62-anos-que-era-intensamente-buscado-en-apostoles\/","og_locale":"es_ES","og_type":"article","og_title":"Localizaron y asistieron al hombre de 62 a\u00f1os que era intensamente buscado en Ap\u00f3stoles | CVI NOTICIAS","og_description":"Se trata de Mart\u00edn Marcelo B. quien fue visto por ultima vez el pasado 18 de junio, cuando se ausent\u00f3 de su domicilio ubicado en Paraje San Isidro, seg\u00fan denunci\u00f3 su hermano en la Comisar\u00eda 3ra de Ap\u00f3stoles. En el marco de un intenso rastrillaje por varias zonas para dar con su paradero, diferentes dependencias [&hellip;]","og_url":"https:\/\/cvinoticias.com\/v3\/localizaron-y-asistieron-al-hombre-de-62-anos-que-era-intensamente-buscado-en-apostoles\/","og_site_name":"CVI NOTICIAS","article_publisher":"https:\/\/www.facebook.com\/cvinoticias","article_published_time":"2021-06-24T23:33:09+00:00","og_image":[{"width":1080,"height":566,"url":"https:\/\/cvinoticias.com\/wp-content\/uploads\/2021\/06\/FB_IMG_1624577442870.jpg","type":"image\/jpeg"}],"author":"f1000024","twitter_card":"summary_large_image","twitter_misc":{"Escrito por":"f1000024","Tiempo de lectura":"1 minuto"},"schema":{"@context":"https:\/\/schema.org","@graph":[{"@type":"Article","@id":"https:\/\/cvinoticias.com\/v3\/localizaron-y-asistieron-al-hombre-de-62-anos-que-era-intensamente-buscado-en-apostoles\/#article","isPartOf":{"@id":"https:\/\/cvinoticias.com\/v3\/localizaron-y-asistieron-al-hombre-de-62-anos-que-era-intensamente-buscado-en-apostoles\/"},"author":{"name":"f1000024","@id":"https:\/\/cvinoticias.com\/v3\/#\/schema\/person\/2db77e3c6bc03c538495d7b2b8be9b66"},"headline":"Localizaron y asistieron al hombre de 62 a\u00f1os que era intensamente buscado en Ap\u00f3stoles","datePublished":"2021-06-24T23:33:09+00:00","mainEntityOfPage":{"@id":"https:\/\/cvinoticias.com\/v3\/localizaron-y-asistieron-al-hombre-de-62-anos-que-era-intensamente-buscado-en-apostoles\/"},"wordCount":148,"commentCount":0,"publisher":{"@id":"https:\/\/cvinoticias.com\/v3\/#organization"},"image":{"@id":"https:\/\/cvinoticias.com\/v3\/localizaron-y-asistieron-al-hombre-de-62-anos-que-era-intensamente-buscado-en-apostoles\/#primaryimage"},"thumbnailUrl":"https:\/\/cvinoticias.com\/wp-content\/uploads\/2021\/06\/FB_IMG_1624577442870.jpg","articleSection":["Policiales"],"inLanguage":"es","potentialAction":[{"@type":"CommentAction","name":"Comment","target":["https:\/\/cvinoticias.com\/v3\/localizaron-y-asistieron-al-hombre-de-62-anos-que-era-intensamente-buscado-en-apostoles\/#respond"]}]},{"@type":"WebPage","@id":"https:\/\/cvinoticias.com\/v3\/localizaron-y-asistieron-al-hombre-de-62-anos-que-era-intensamente-buscado-en-apostoles\/","url":"https:\/\/cvinoticias.com\/v3\/localizaron-y-asistieron-al-hombre-de-62-anos-que-era-intensamente-buscado-en-apostoles\/","name":"Localizaron y asistieron al hombre de 62 a\u00f1os que era intensamente buscado en Ap\u00f3stoles | CVI NOTICIAS","isPartOf":{"@id":"https:\/\/cvinoticias.com\/v3\/#website"},"primaryImageOfPage":{"@id":"https:\/\/cvinoticias.com\/v3\/localizaron-y-asistieron-al-hombre-de-62-anos-que-era-intensamente-buscado-en-apostoles\/#primaryimage"},"image":{"@id":"https:\/\/cvinoticias.com\/v3\/localizaron-y-asistieron-al-hombre-de-62-anos-que-era-intensamente-buscado-en-apostoles\/#primaryimage"},"thumbnailUrl":"https:\/\/cvinoticias.com\/wp-content\/uploads\/2021\/06\/FB_IMG_1624577442870.jpg","datePublished":"2021-06-24T23:33:09+00:00","breadcrumb":{"@id":"https:\/\/cvinoticias.com\/v3\/localizaron-y-asistieron-al-hombre-de-62-anos-que-era-intensamente-buscado-en-apostoles\/#breadcrumb"},"inLanguage":"es","potentialAction":[{"@type":"ReadAction","target":["https:\/\/cvinoticias.com\/v3\/localizaron-y-asistieron-al-hombre-de-62-anos-que-era-intensamente-buscado-en-apostoles\/"]}]},{"@type":"ImageObject","inLanguage":"es","@id":"https:\/\/cvinoticias.com\/v3\/localizaron-y-asistieron-al-hombre-de-62-anos-que-era-intensamente-buscado-en-apostoles\/#primaryimage","url":"https:\/\/cvinoticias.com\/wp-content\/uploads\/2021\/06\/FB_IMG_1624577442870.jpg","contentUrl":"https:\/\/cvinoticias.com\/wp-content\/uploads\/2021\/06\/FB_IMG_1624577442870.jpg","width":1080,"height":566},{"@type":"BreadcrumbList","@id":"https:\/\/cvinoticias.com\/v3\/localizaron-y-asistieron-al-hombre-de-62-anos-que-era-intensamente-buscado-en-apostoles\/#breadcrumb","itemListElement":[{"@type":"ListItem","position":1,"name":"Portada","item":"https:\/\/cvinoticias.com\/v3\/"},{"@type":"ListItem","position":2,"name":"Localizaron y asistieron al hombre de 62 a\u00f1os que era intensamente buscado en Ap\u00f3stoles"}]},{"@type":"WebSite","@id":"https:\/\/cvinoticias.com\/v3\/#website","url":"https:\/\/cvinoticias.com\/v3\/","name":"CVI NOTICIAS","description":"","publisher":{"@id":"https:\/\/cvinoticias.com\/v3\/#organization"},"alternateName":"CVI","potentialAction":[{"@type":"SearchAction","target":{"@type":"EntryPoint","urlTemplate":"https:\/\/cvinoticias.com\/v3\/?s={search_term_string}"},"query-input":{"@type":"PropertyValueSpecification","valueRequired":true,"valueName":"search_term_string"}}],"inLanguage":"es"},{"@type":"Organization","@id":"https:\/\/cvinoticias.com\/v3\/#organization","name":"CVI NOTICIAS","url":"https:\/\/cvinoticias.com\/v3\/","logo":{"@type":"ImageObject","inLanguage":"es","@id":"https:\/\/cvinoticias.com\/v3\/#\/schema\/logo\/image\/","url":"https:\/\/cvinoticias.com\/wp-content\/uploads\/2023\/04\/cropped-cropped-cropped-cropped-cropped-3-1.png","contentUrl":"https:\/\/cvinoticias.com\/wp-content\/uploads\/2023\/04\/cropped-cropped-cropped-cropped-cropped-3-1.png","width":95,"height":122,"caption":"CVI NOTICIAS"},"image":{"@id":"https:\/\/cvinoticias.com\/v3\/#\/schema\/logo\/image\/"},"sameAs":["https:\/\/www.facebook.com\/cvinoticias","https:\/\/www.instagram.com\/cvinoticias\/","https:\/\/www.youtube.com\/@CVINOTICIAS"]},{"@type":"Person","@id":"https:\/\/cvinoticias.com\/v3\/#\/schema\/person\/2db77e3c6bc03c538495d7b2b8be9b66","name":"f1000024","image":{"@type":"ImageObject","inLanguage":"es","@id":"https:\/\/secure.gravatar.com\/avatar\/d4fe7459cfc51ff5129ce1a732bbef5928568b8092d412ef95611616376bbeed?s=96&d=mm&r=g","url":"https:\/\/secure.gravatar.com\/avatar\/d4fe7459cfc51ff5129ce1a732bbef5928568b8092d412ef95611616376bbeed?s=96&d=mm&r=g","contentUrl":"https:\/\/secure.gravatar.com\/avatar\/d4fe7459cfc51ff5129ce1a732bbef5928568b8092d412ef95611616376bbeed?s=96&d=mm&r=g","caption":"f1000024"},"url":"https:\/\/cvinoticias.com\/v3\/author\/f1000024\/"}]}},"_links":{"self":[{"href":"https:\/\/cvinoticias.com\/v3\/wp-json\/wp\/v2\/posts\/6280","targetHints":{"allow":["GET"]}}],"collection":[{"href":"https:\/\/cvinoticias.com\/v3\/wp-json\/wp\/v2\/posts"}],"about":[{"href":"https:\/\/cvinoticias.com\/v3\/wp-json\/wp\/v2\/types\/post"}],"author":[{"embeddable":true,"href":"https:\/\/cvinoticias.com\/v3\/wp-json\/wp\/v2\/users\/2"}],"replies":[{"embeddable":true,"href":"https:\/\/cvinoticias.com\/v3\/wp-json\/wp\/v2\/comments?post=6280"}],"version-history":[{"count":1,"href":"https:\/\/cvinoticias.com\/v3\/wp-json\/wp\/v2\/posts\/6280\/revisions"}],"predecessor-version":[{"id":6282,"href":"https:\/\/cvinoticias.com\/v3\/wp-json\/wp\/v2\/posts\/6280\/revisions\/6282"}],"wp:featuredmedia":[{"embeddable":true,"href":"https:\/\/cvinoticias.com\/v3\/wp-json\/wp\/v2\/media\/6281"}],"wp:attachment":[{"href":"https:\/\/cvinoticias.com\/v3\/wp-json\/wp\/v2\/media?parent=6280"}],"wp:term":[{"taxonomy":"category","embeddable":true,"href":"https:\/\/cvinoticias.com\/v3\/wp-json\/wp\/v2\/categories?post=6280"},{"taxonomy":"post_tag","embeddable":true,"href":"https:\/\/cvinoticias.com\/v3\/wp-json\/wp\/v2\/tags?post=6280"}],"curies":[{"name":"wp","href":"https:\/\/api.w.org\/{rel}","templated":true}]}}