{"id":62793,"date":"2026-09-04T09:49:18","date_gmt":"2026-09-04T12:49:18","guid":{"rendered":"https:\/\/cvinoticias.com\/v3\/?p=62793"},"modified":"2026-09-04T09:49:19","modified_gmt":"2026-09-04T12:49:19","slug":"passalacqua-pidio-que-el-debate-economico-tambien-responda-al-ciudadano","status":"publish","type":"post","link":"https:\/\/cvinoticias.com\/v3\/passalacqua-pidio-que-el-debate-economico-tambien-responda-al-ciudadano\/","title":{"rendered":"Passalacqua pidi\u00f3 que el debate econ\u00f3mico tambi\u00e9n responda al ciudadano"},"content":{"rendered":"\n<p class=\"wp-block-paragraph\">El gobernador Hugo Passalacqua acompa\u00f1\u00f3 la apertura de la 47\u00aa Convenci\u00f3n Anual del Instituto Argentino de Ejecutivos de Finanzas (IAEF), que se desarrolla en Puerto Iguaz\u00fa. Durante su intervenci\u00f3n, valor\u00f3 que Misiones haya sido elegida como sede y sostuvo que, junto a los debates sobre la realidad econ\u00f3mica y productiva, es necesario atender las demandas cotidianas de la sociedad. En ese sentido, destac\u00f3 que estos espacios deben contribuir a \u201ctomar buenas decisiones\u201d tanto en el \u00e1mbito p\u00fablico como privado.<\/p>\n\n\n\n<p class=\"wp-block-paragraph\">El gobernador Hugo Passalacqua acompa\u00f1\u00f3 este jueves la apertura de la 47\u00aa Convenci\u00f3n Anual del Instituto Argentino de Ejecutivos de Finanzas (IAEF), que re\u00fane en Puerto Iguaz\u00fa a referentes de distintos \u00e1mbitos vinculados con la econom\u00eda, las finanzas y la producci\u00f3n. En ese marco, el mandatario puso el foco en la necesidad de que los debates econ\u00f3micos contemplen tambi\u00e9n las demandas concretas de la sociedad.<\/p>\n\n\n\n<p class=\"wp-block-paragraph\">La ceremonia se realiz\u00f3 en el hotel Loi Suites, donde el mandatario comparti\u00f3 la apertura con el presidente del IAEF, Pablo Miedziak, y el socio de PwC Argentina y presidente del Comit\u00e9 Organizador de la convenci\u00f3n, Ezequiel Miraz\u00f3n.<\/p>\n\n\n\n<p class=\"wp-block-paragraph\">Passalacqua agradeci\u00f3 que la instituci\u00f3n haya elegido a Misiones como sede de su 47\u00aa edici\u00f3n y valor\u00f3 el car\u00e1cter federal de la convocatoria. \u201cEl honor es nuestro, sinceramente, la distinci\u00f3n es nuestra. Que el IAEF haga un evento ac\u00e1 en la provincia de Misiones, con esa especie de p\u00e1tina federal, a nosotros nos llena de alegr\u00eda\u201d, expres\u00f3.<\/p>\n\n\n\n<p class=\"wp-block-paragraph\">El gobernador tambi\u00e9n se refiri\u00f3 a la diversidad de cuestiones econ\u00f3micas y productivas que forman parte del encuentro y remarc\u00f3 la importancia de que el an\u00e1lisis de las grandes variables tenga en cuenta la realidad cotidiana de la poblaci\u00f3n.<\/p>\n\n\n\n<h2 class=\"wp-block-heading\">\u201cTambi\u00e9n est\u00e1 el ciudadano de a pie\u201d<\/h2>\n\n\n\n<p class=\"wp-block-paragraph\">En ese sentido, Passalacqua sostuvo: \u201cLa idea es una cosa macro y tambi\u00e9n est\u00e1 el ciudadano de a pie, que pide respuestas a otra velocidad que el reloj\u201d.<\/p>\n\n\n\n<figure class=\"wp-block-image is-resized\"><img decoding=\"async\" data-src=\"https:\/\/economis.com.ar\/wp-content\/uploads\/2026\/09\/WhatsApp-Image-2026-09-03-at-6.08.03-PM-1024x576.webp\" alt=\"\" class=\"wp-image-492066 lazyload\" style=\"--smush-placeholder-width: 1024px; --smush-placeholder-aspect-ratio: 1024\/576;aspect-ratio:1.7777777777777777;width:1024px;height:auto\" src=\"data:image\/svg+xml;base64,PHN2ZyB3aWR0aD0iMSIgaGVpZ2h0PSIxIiB4bWxucz0iaHR0cDovL3d3dy53My5vcmcvMjAwMC9zdmciPjwvc3ZnPg==\" \/><\/figure>\n\n\n\n<p class=\"wp-block-paragraph\">Desde esa perspectiva, consider\u00f3 que los intercambios que se produzcan durante la convenci\u00f3n deben tener una utilidad concreta y contribuir a mejorar la toma de decisiones tanto en el sector privado como en la gesti\u00f3n p\u00fablica.<\/p>\n\n\n\n<p class=\"wp-block-paragraph\">\u201cEste tipo de convenciones, a mi entender, deben servir para lo p\u00fablico y lo privado para tomar buenas decisiones, de eso se trata\u201d, afirm\u00f3.<\/p>\n\n\n\n<p class=\"wp-block-paragraph\">Asimismo, destac\u00f3 el intercambio de conocimientos y experiencias que propone el encuentro. \u201cEn estos tres d\u00edas vamos a aprender, vamos a debatir, vamos a intercambiar ideas con un fin\u201d, se\u00f1al\u00f3. Y sintetiz\u00f3: \u201cEstos eventos son para aprender y despu\u00e9s tomar buenas decisiones. En la pyme, en la megaempresa, en el banco, en la provincia\u201d.<\/p>\n\n\n\n<p class=\"wp-block-paragraph\">Por su parte, el presidente del IAEF, Pablo Miedziak, se\u00f1al\u00f3 que los an\u00e1lisis sobre la econom\u00eda tambi\u00e9n deben considerar los tiempos y las dificultades que atraviesan actualmente distintos sectores de la actividad productiva. Al describir esa realidad, mencion\u00f3 \u201cel reloj de la pyme que paga sueldos el 4 de cada mes, el del productor yerbatero que ac\u00e1 liquida la cosecha, el del hotelero de esta ciudad que factura en pesos y compite con la vereda de enfrente, y el del comerciante que ha renovado capital de trabajo con tasas muy superiores a la de los pa\u00edses vecinos\u201d.<\/p>\n\n\n\n<p class=\"wp-block-paragraph\">Miedziak sostuvo que esos tiempos \u201cse miden en d\u00edas y semanas\u201d y plante\u00f3 la necesidad de que los procesos econ\u00f3micos puedan traducirse en resultados concretos para la sociedad. \u201cNo hay reforma sostenible sin resultados que la gente vea e impacten en su realidad personal y familiar\u201d, expres\u00f3.<\/p>\n\n\n\n<h2 class=\"wp-block-heading\">Una convenci\u00f3n nacional con sede en Puerto Iguaz\u00fa<\/h2>\n\n\n\n<p class=\"wp-block-paragraph\">La 47\u00aa Convenci\u00f3n Anual del Instituto Argentino de Ejecutivos de Finanzas se desarrolla en Puerto Iguaz\u00fa del 3 al 6 de septiembre y re\u00fane a empresarios, ejecutivos, especialistas y representantes del \u00e1mbito p\u00fablico de distintos puntos del pa\u00eds.<\/p>\n\n\n\n<p class=\"wp-block-paragraph\">Durante la apertura, el presidente del IAEF, Pablo Miedziak, destac\u00f3 especialmente la elecci\u00f3n de Puerto Iguaz\u00fa y explic\u00f3 que la realizaci\u00f3n del encuentro en Misiones responde a una decisi\u00f3n de llevar estas discusiones a distintos puntos del pa\u00eds.<\/p>\n\n\n\n<p class=\"wp-block-paragraph\">\u201cCuando el IAEF sale de Buenos Aires, no lo hacemos por turismo\u201d, afirm\u00f3 Miedziak. En ese sentido, record\u00f3 que durante el a\u00f1o la instituci\u00f3n tambi\u00e9n realiz\u00f3 actividades en Rosario, C\u00f3rdoba y Tucum\u00e1n y sostuvo que \u201cla conversaci\u00f3n econ\u00f3mica argentina no solo tiene que estar concentrada en el AMBA\u201d.<\/p>\n\n\n\n<figure class=\"wp-block-image is-resized\"><img decoding=\"async\" data-src=\"https:\/\/economis.com.ar\/wp-content\/uploads\/2026\/09\/passa-iaef-1024x576.webp\" alt=\"\" class=\"wp-image-492063 lazyload\" style=\"--smush-placeholder-width: 1024px; --smush-placeholder-aspect-ratio: 1024\/576;aspect-ratio:1.7777777777777777;width:1024px;height:auto\" src=\"data:image\/svg+xml;base64,PHN2ZyB3aWR0aD0iMSIgaGVpZ2h0PSIxIiB4bWxucz0iaHR0cDovL3d3dy53My5vcmcvMjAwMC9zdmciPjwvc3ZnPg==\" \/><\/figure>\n\n\n\n<p class=\"wp-block-paragraph\">Asimismo, se\u00f1al\u00f3 que \u201cla Argentina que produce, que exporta y genera empleo est\u00e1 en todo el pa\u00eds\u201d, una definici\u00f3n que acompa\u00f1\u00f3 el reconocimiento expresado por Passalacqua por la elecci\u00f3n de Misiones como sede de la convenci\u00f3n.<\/p>\n\n\n\n<p class=\"wp-block-paragraph\">Seg\u00fan el cronograma difundido por la organizaci\u00f3n, para este viernes est\u00e1 prevista la participaci\u00f3n del gobernador en el panel \u201cEl rol de las provincias en la transformaci\u00f3n competitiva del pa\u00eds\u201d, junto a los mandatarios de Mendoza, Alfredo Cornejo; Catamarca, Ra\u00fal Jalil; y Corrientes, Juan Pablo Vald\u00e9s.<\/p>\n\n\n\n<p class=\"wp-block-paragraph\">La convenci\u00f3n continuar\u00e1 en Puerto Iguaz\u00fa de acuerdo con la programaci\u00f3n establecida por el IAEF.<\/p>\n\n\n\n<p class=\"wp-block-paragraph\">Fuente: Economis<\/p>\n","protected":false},"excerpt":{"rendered":"<p>El gobernador Hugo Passalacqua acompa\u00f1\u00f3 la apertura de la 47\u00aa Convenci\u00f3n Anual del Instituto Argentino de Ejecutivos de Finanzas (IAEF), que se desarrolla en Puerto Iguaz\u00fa. Durante su intervenci\u00f3n, valor\u00f3 que Misiones haya sido elegida como sede y sostuvo que, junto a los debates sobre la realidad econ\u00f3mica y productiva, es necesario atender las demandas [&hellip;]<\/p>\n","protected":false},"author":2,"featured_media":62794,"comment_status":"open","ping_status":"closed","sticky":false,"template":"","format":"standard","meta":{"footnotes":""},"categories":[32,42],"tags":[7132,2382,1431],"class_list":["post-62793","post","type-post","status-publish","format-standard","has-post-thumbnail","hentry","category-economia","category-politica","tag-ciudadano","tag-debate","tag-passalacqua"],"yoast_head":"<!-- This site is optimized with the Yoast SEO plugin v28.4 - https:\/\/yoast.com\/product\/yoast-seo-wordpress\/ -->\n<title>Passalacqua pidi\u00f3 que el debate econ\u00f3mico responda al ciudadano | CVI NOTICIAS<\/title>\n<meta name=\"description\" content=\"Passalacqua destac\u00f3 en Puerto Iguaz\u00fa la necesidad de que el debate econ\u00f3mico contemple las demandas cotidianas de la sociedad.\" \/>\n<meta name=\"robots\" content=\"index, follow, max-snippet:-1, max-image-preview:large, max-video-preview:-1\" \/>\n<link rel=\"canonical\" href=\"https:\/\/cvinoticias.com\/v3\/passalacqua-pidio-que-el-debate-economico-tambien-responda-al-ciudadano\/\" \/>\n<meta property=\"og:locale\" content=\"es_ES\" \/>\n<meta property=\"og:type\" content=\"article\" \/>\n<meta property=\"og:title\" content=\"Passalacqua pidi\u00f3 que el debate econ\u00f3mico responda al ciudadano | CVI NOTICIAS\" \/>\n<meta property=\"og:description\" content=\"Passalacqua destac\u00f3 en Puerto Iguaz\u00fa la necesidad de que el debate econ\u00f3mico contemple las demandas cotidianas de la sociedad.\" \/>\n<meta property=\"og:url\" content=\"https:\/\/cvinoticias.com\/v3\/passalacqua-pidio-que-el-debate-economico-tambien-responda-al-ciudadano\/\" \/>\n<meta property=\"og:site_name\" content=\"CVI NOTICIAS\" \/>\n<meta property=\"article:publisher\" content=\"https:\/\/www.facebook.com\/cvinoticias\" \/>\n<meta property=\"article:published_time\" content=\"2026-09-04T12:49:18+00:00\" \/>\n<meta property=\"article:modified_time\" content=\"2026-09-04T12:49:19+00:00\" \/>\n<meta property=\"og:image\" content=\"https:\/\/cvinoticias.com\/wp-content\/uploads\/2026\/09\/passalacqua-1536x1024-1.webp\" \/>\n\t<meta property=\"og:image:width\" content=\"1536\" \/>\n\t<meta property=\"og:image:height\" content=\"1024\" \/>\n\t<meta property=\"og:image:type\" content=\"image\/webp\" \/>\n<meta name=\"author\" content=\"f1000024\" \/>\n<meta name=\"twitter:card\" content=\"summary_large_image\" \/>\n<meta name=\"twitter:label1\" content=\"Escrito por\" \/>\n\t<meta name=\"twitter:data1\" content=\"f1000024\" \/>\n\t<meta name=\"twitter:label2\" content=\"Tiempo de lectura\" \/>\n\t<meta name=\"twitter:data2\" content=\"5 minutos\" \/>\n<script type=\"application\/ld+json\" class=\"yoast-schema-graph\">{\"@context\":\"https:\\\/\\\/schema.org\",\"@graph\":[{\"@type\":\"Article\",\"@id\":\"https:\\\/\\\/cvinoticias.com\\\/v3\\\/passalacqua-pidio-que-el-debate-economico-tambien-responda-al-ciudadano\\\/#article\",\"isPartOf\":{\"@id\":\"https:\\\/\\\/cvinoticias.com\\\/v3\\\/passalacqua-pidio-que-el-debate-economico-tambien-responda-al-ciudadano\\\/\"},\"author\":{\"name\":\"f1000024\",\"@id\":\"https:\\\/\\\/cvinoticias.com\\\/v3\\\/#\\\/schema\\\/person\\\/2db77e3c6bc03c538495d7b2b8be9b66\"},\"headline\":\"Passalacqua pidi\u00f3 que el debate econ\u00f3mico tambi\u00e9n responda al ciudadano\",\"datePublished\":\"2026-09-04T12:49:18+00:00\",\"dateModified\":\"2026-09-04T12:49:19+00:00\",\"mainEntityOfPage\":{\"@id\":\"https:\\\/\\\/cvinoticias.com\\\/v3\\\/passalacqua-pidio-que-el-debate-economico-tambien-responda-al-ciudadano\\\/\"},\"wordCount\":875,\"commentCount\":0,\"publisher\":{\"@id\":\"https:\\\/\\\/cvinoticias.com\\\/v3\\\/#organization\"},\"image\":{\"@id\":\"https:\\\/\\\/cvinoticias.com\\\/v3\\\/passalacqua-pidio-que-el-debate-economico-tambien-responda-al-ciudadano\\\/#primaryimage\"},\"thumbnailUrl\":\"https:\\\/\\\/cvinoticias.com\\\/wp-content\\\/uploads\\\/2026\\\/09\\\/passalacqua-1536x1024-1.webp\",\"keywords\":[\"ciudadano\",\"debate\",\"Passalacqua\"],\"articleSection\":[\"Econom\u00eda\",\"Politica\"],\"inLanguage\":\"es\",\"potentialAction\":[{\"@type\":\"CommentAction\",\"name\":\"Comment\",\"target\":[\"https:\\\/\\\/cvinoticias.com\\\/v3\\\/passalacqua-pidio-que-el-debate-economico-tambien-responda-al-ciudadano\\\/#respond\"]}]},{\"@type\":\"WebPage\",\"@id\":\"https:\\\/\\\/cvinoticias.com\\\/v3\\\/passalacqua-pidio-que-el-debate-economico-tambien-responda-al-ciudadano\\\/\",\"url\":\"https:\\\/\\\/cvinoticias.com\\\/v3\\\/passalacqua-pidio-que-el-debate-economico-tambien-responda-al-ciudadano\\\/\",\"name\":\"Passalacqua pidi\u00f3 que el debate econ\u00f3mico responda al ciudadano | CVI NOTICIAS\",\"isPartOf\":{\"@id\":\"https:\\\/\\\/cvinoticias.com\\\/v3\\\/#website\"},\"primaryImageOfPage\":{\"@id\":\"https:\\\/\\\/cvinoticias.com\\\/v3\\\/passalacqua-pidio-que-el-debate-economico-tambien-responda-al-ciudadano\\\/#primaryimage\"},\"image\":{\"@id\":\"https:\\\/\\\/cvinoticias.com\\\/v3\\\/passalacqua-pidio-que-el-debate-economico-tambien-responda-al-ciudadano\\\/#primaryimage\"},\"thumbnailUrl\":\"https:\\\/\\\/cvinoticias.com\\\/wp-content\\\/uploads\\\/2026\\\/09\\\/passalacqua-1536x1024-1.webp\",\"datePublished\":\"2026-09-04T12:49:18+00:00\",\"dateModified\":\"2026-09-04T12:49:19+00:00\",\"description\":\"Passalacqua destac\u00f3 en Puerto Iguaz\u00fa la necesidad de que el debate econ\u00f3mico contemple las demandas cotidianas de la sociedad.\",\"breadcrumb\":{\"@id\":\"https:\\\/\\\/cvinoticias.com\\\/v3\\\/passalacqua-pidio-que-el-debate-economico-tambien-responda-al-ciudadano\\\/#breadcrumb\"},\"inLanguage\":\"es\",\"potentialAction\":[{\"@type\":\"ReadAction\",\"target\":[\"https:\\\/\\\/cvinoticias.com\\\/v3\\\/passalacqua-pidio-que-el-debate-economico-tambien-responda-al-ciudadano\\\/\"]}]},{\"@type\":\"ImageObject\",\"inLanguage\":\"es\",\"@id\":\"https:\\\/\\\/cvinoticias.com\\\/v3\\\/passalacqua-pidio-que-el-debate-economico-tambien-responda-al-ciudadano\\\/#primaryimage\",\"url\":\"https:\\\/\\\/cvinoticias.com\\\/wp-content\\\/uploads\\\/2026\\\/09\\\/passalacqua-1536x1024-1.webp\",\"contentUrl\":\"https:\\\/\\\/cvinoticias.com\\\/wp-content\\\/uploads\\\/2026\\\/09\\\/passalacqua-1536x1024-1.webp\",\"width\":1536,\"height\":1024},{\"@type\":\"BreadcrumbList\",\"@id\":\"https:\\\/\\\/cvinoticias.com\\\/v3\\\/passalacqua-pidio-que-el-debate-economico-tambien-responda-al-ciudadano\\\/#breadcrumb\",\"itemListElement\":[{\"@type\":\"ListItem\",\"position\":1,\"name\":\"Portada\",\"item\":\"https:\\\/\\\/cvinoticias.com\\\/v3\\\/\"},{\"@type\":\"ListItem\",\"position\":2,\"name\":\"Passalacqua pidi\u00f3 que el debate econ\u00f3mico tambi\u00e9n responda al ciudadano\"}]},{\"@type\":\"WebSite\",\"@id\":\"https:\\\/\\\/cvinoticias.com\\\/v3\\\/#website\",\"url\":\"https:\\\/\\\/cvinoticias.com\\\/v3\\\/\",\"name\":\"CVI NOTICIAS\",\"description\":\"\",\"publisher\":{\"@id\":\"https:\\\/\\\/cvinoticias.com\\\/v3\\\/#organization\"},\"alternateName\":\"CVI\",\"potentialAction\":[{\"@type\":\"SearchAction\",\"target\":{\"@type\":\"EntryPoint\",\"urlTemplate\":\"https:\\\/\\\/cvinoticias.com\\\/v3\\\/?s={search_term_string}\"},\"query-input\":{\"@type\":\"PropertyValueSpecification\",\"valueRequired\":true,\"valueName\":\"search_term_string\"}}],\"inLanguage\":\"es\"},{\"@type\":\"Organization\",\"@id\":\"https:\\\/\\\/cvinoticias.com\\\/v3\\\/#organization\",\"name\":\"CVI NOTICIAS\",\"url\":\"https:\\\/\\\/cvinoticias.com\\\/v3\\\/\",\"logo\":{\"@type\":\"ImageObject\",\"inLanguage\":\"es\",\"@id\":\"https:\\\/\\\/cvinoticias.com\\\/v3\\\/#\\\/schema\\\/logo\\\/image\\\/\",\"url\":\"https:\\\/\\\/cvinoticias.com\\\/wp-content\\\/uploads\\\/2023\\\/04\\\/cropped-cropped-cropped-cropped-cropped-3-1.png\",\"contentUrl\":\"https:\\\/\\\/cvinoticias.com\\\/wp-content\\\/uploads\\\/2023\\\/04\\\/cropped-cropped-cropped-cropped-cropped-3-1.png\",\"width\":95,\"height\":122,\"caption\":\"CVI NOTICIAS\"},\"image\":{\"@id\":\"https:\\\/\\\/cvinoticias.com\\\/v3\\\/#\\\/schema\\\/logo\\\/image\\\/\"},\"sameAs\":[\"https:\\\/\\\/www.facebook.com\\\/cvinoticias\",\"https:\\\/\\\/www.instagram.com\\\/cvinoticias\\\/\",\"https:\\\/\\\/www.youtube.com\\\/@CVINOTICIAS\"]},{\"@type\":\"Person\",\"@id\":\"https:\\\/\\\/cvinoticias.com\\\/v3\\\/#\\\/schema\\\/person\\\/2db77e3c6bc03c538495d7b2b8be9b66\",\"name\":\"f1000024\",\"image\":{\"@type\":\"ImageObject\",\"inLanguage\":\"es\",\"@id\":\"https:\\\/\\\/secure.gravatar.com\\\/avatar\\\/d4fe7459cfc51ff5129ce1a732bbef5928568b8092d412ef95611616376bbeed?s=96&d=mm&r=g\",\"url\":\"https:\\\/\\\/secure.gravatar.com\\\/avatar\\\/d4fe7459cfc51ff5129ce1a732bbef5928568b8092d412ef95611616376bbeed?s=96&d=mm&r=g\",\"contentUrl\":\"https:\\\/\\\/secure.gravatar.com\\\/avatar\\\/d4fe7459cfc51ff5129ce1a732bbef5928568b8092d412ef95611616376bbeed?s=96&d=mm&r=g\",\"caption\":\"f1000024\"},\"url\":\"https:\\\/\\\/cvinoticias.com\\\/v3\\\/author\\\/f1000024\\\/\"}]}<\/script>\n<!-- \/ Yoast SEO plugin. -->","yoast_head_json":{"title":"Passalacqua pidi\u00f3 que el debate econ\u00f3mico responda al ciudadano | CVI NOTICIAS","description":"Passalacqua destac\u00f3 en Puerto Iguaz\u00fa la necesidad de que el debate econ\u00f3mico contemple las demandas cotidianas de la sociedad.","robots":{"index":"index","follow":"follow","max-snippet":"max-snippet:-1","max-image-preview":"max-image-preview:large","max-video-preview":"max-video-preview:-1"},"canonical":"https:\/\/cvinoticias.com\/v3\/passalacqua-pidio-que-el-debate-economico-tambien-responda-al-ciudadano\/","og_locale":"es_ES","og_type":"article","og_title":"Passalacqua pidi\u00f3 que el debate econ\u00f3mico responda al ciudadano | CVI NOTICIAS","og_description":"Passalacqua destac\u00f3 en Puerto Iguaz\u00fa la necesidad de que el debate econ\u00f3mico contemple las demandas cotidianas de la sociedad.","og_url":"https:\/\/cvinoticias.com\/v3\/passalacqua-pidio-que-el-debate-economico-tambien-responda-al-ciudadano\/","og_site_name":"CVI NOTICIAS","article_publisher":"https:\/\/www.facebook.com\/cvinoticias","article_published_time":"2026-09-04T12:49:18+00:00","article_modified_time":"2026-09-04T12:49:19+00:00","og_image":[{"width":1536,"height":1024,"url":"https:\/\/cvinoticias.com\/wp-content\/uploads\/2026\/09\/passalacqua-1536x1024-1.webp","type":"image\/webp"}],"author":"f1000024","twitter_card":"summary_large_image","twitter_misc":{"Escrito por":"f1000024","Tiempo de lectura":"5 minutos"},"schema":{"@context":"https:\/\/schema.org","@graph":[{"@type":"Article","@id":"https:\/\/cvinoticias.com\/v3\/passalacqua-pidio-que-el-debate-economico-tambien-responda-al-ciudadano\/#article","isPartOf":{"@id":"https:\/\/cvinoticias.com\/v3\/passalacqua-pidio-que-el-debate-economico-tambien-responda-al-ciudadano\/"},"author":{"name":"f1000024","@id":"https:\/\/cvinoticias.com\/v3\/#\/schema\/person\/2db77e3c6bc03c538495d7b2b8be9b66"},"headline":"Passalacqua pidi\u00f3 que el debate econ\u00f3mico tambi\u00e9n responda al ciudadano","datePublished":"2026-09-04T12:49:18+00:00","dateModified":"2026-09-04T12:49:19+00:00","mainEntityOfPage":{"@id":"https:\/\/cvinoticias.com\/v3\/passalacqua-pidio-que-el-debate-economico-tambien-responda-al-ciudadano\/"},"wordCount":875,"commentCount":0,"publisher":{"@id":"https:\/\/cvinoticias.com\/v3\/#organization"},"image":{"@id":"https:\/\/cvinoticias.com\/v3\/passalacqua-pidio-que-el-debate-economico-tambien-responda-al-ciudadano\/#primaryimage"},"thumbnailUrl":"https:\/\/cvinoticias.com\/wp-content\/uploads\/2026\/09\/passalacqua-1536x1024-1.webp","keywords":["ciudadano","debate","Passalacqua"],"articleSection":["Econom\u00eda","Politica"],"inLanguage":"es","potentialAction":[{"@type":"CommentAction","name":"Comment","target":["https:\/\/cvinoticias.com\/v3\/passalacqua-pidio-que-el-debate-economico-tambien-responda-al-ciudadano\/#respond"]}]},{"@type":"WebPage","@id":"https:\/\/cvinoticias.com\/v3\/passalacqua-pidio-que-el-debate-economico-tambien-responda-al-ciudadano\/","url":"https:\/\/cvinoticias.com\/v3\/passalacqua-pidio-que-el-debate-economico-tambien-responda-al-ciudadano\/","name":"Passalacqua pidi\u00f3 que el debate econ\u00f3mico responda al ciudadano | CVI NOTICIAS","isPartOf":{"@id":"https:\/\/cvinoticias.com\/v3\/#website"},"primaryImageOfPage":{"@id":"https:\/\/cvinoticias.com\/v3\/passalacqua-pidio-que-el-debate-economico-tambien-responda-al-ciudadano\/#primaryimage"},"image":{"@id":"https:\/\/cvinoticias.com\/v3\/passalacqua-pidio-que-el-debate-economico-tambien-responda-al-ciudadano\/#primaryimage"},"thumbnailUrl":"https:\/\/cvinoticias.com\/wp-content\/uploads\/2026\/09\/passalacqua-1536x1024-1.webp","datePublished":"2026-09-04T12:49:18+00:00","dateModified":"2026-09-04T12:49:19+00:00","description":"Passalacqua destac\u00f3 en Puerto Iguaz\u00fa la necesidad de que el debate econ\u00f3mico contemple las demandas cotidianas de la sociedad.","breadcrumb":{"@id":"https:\/\/cvinoticias.com\/v3\/passalacqua-pidio-que-el-debate-economico-tambien-responda-al-ciudadano\/#breadcrumb"},"inLanguage":"es","potentialAction":[{"@type":"ReadAction","target":["https:\/\/cvinoticias.com\/v3\/passalacqua-pidio-que-el-debate-economico-tambien-responda-al-ciudadano\/"]}]},{"@type":"ImageObject","inLanguage":"es","@id":"https:\/\/cvinoticias.com\/v3\/passalacqua-pidio-que-el-debate-economico-tambien-responda-al-ciudadano\/#primaryimage","url":"https:\/\/cvinoticias.com\/wp-content\/uploads\/2026\/09\/passalacqua-1536x1024-1.webp","contentUrl":"https:\/\/cvinoticias.com\/wp-content\/uploads\/2026\/09\/passalacqua-1536x1024-1.webp","width":1536,"height":1024},{"@type":"BreadcrumbList","@id":"https:\/\/cvinoticias.com\/v3\/passalacqua-pidio-que-el-debate-economico-tambien-responda-al-ciudadano\/#breadcrumb","itemListElement":[{"@type":"ListItem","position":1,"name":"Portada","item":"https:\/\/cvinoticias.com\/v3\/"},{"@type":"ListItem","position":2,"name":"Passalacqua pidi\u00f3 que el debate econ\u00f3mico tambi\u00e9n responda al ciudadano"}]},{"@type":"WebSite","@id":"https:\/\/cvinoticias.com\/v3\/#website","url":"https:\/\/cvinoticias.com\/v3\/","name":"CVI NOTICIAS","description":"","publisher":{"@id":"https:\/\/cvinoticias.com\/v3\/#organization"},"alternateName":"CVI","potentialAction":[{"@type":"SearchAction","target":{"@type":"EntryPoint","urlTemplate":"https:\/\/cvinoticias.com\/v3\/?s={search_term_string}"},"query-input":{"@type":"PropertyValueSpecification","valueRequired":true,"valueName":"search_term_string"}}],"inLanguage":"es"},{"@type":"Organization","@id":"https:\/\/cvinoticias.com\/v3\/#organization","name":"CVI NOTICIAS","url":"https:\/\/cvinoticias.com\/v3\/","logo":{"@type":"ImageObject","inLanguage":"es","@id":"https:\/\/cvinoticias.com\/v3\/#\/schema\/logo\/image\/","url":"https:\/\/cvinoticias.com\/wp-content\/uploads\/2023\/04\/cropped-cropped-cropped-cropped-cropped-3-1.png","contentUrl":"https:\/\/cvinoticias.com\/wp-content\/uploads\/2023\/04\/cropped-cropped-cropped-cropped-cropped-3-1.png","width":95,"height":122,"caption":"CVI NOTICIAS"},"image":{"@id":"https:\/\/cvinoticias.com\/v3\/#\/schema\/logo\/image\/"},"sameAs":["https:\/\/www.facebook.com\/cvinoticias","https:\/\/www.instagram.com\/cvinoticias\/","https:\/\/www.youtube.com\/@CVINOTICIAS"]},{"@type":"Person","@id":"https:\/\/cvinoticias.com\/v3\/#\/schema\/person\/2db77e3c6bc03c538495d7b2b8be9b66","name":"f1000024","image":{"@type":"ImageObject","inLanguage":"es","@id":"https:\/\/secure.gravatar.com\/avatar\/d4fe7459cfc51ff5129ce1a732bbef5928568b8092d412ef95611616376bbeed?s=96&d=mm&r=g","url":"https:\/\/secure.gravatar.com\/avatar\/d4fe7459cfc51ff5129ce1a732bbef5928568b8092d412ef95611616376bbeed?s=96&d=mm&r=g","contentUrl":"https:\/\/secure.gravatar.com\/avatar\/d4fe7459cfc51ff5129ce1a732bbef5928568b8092d412ef95611616376bbeed?s=96&d=mm&r=g","caption":"f1000024"},"url":"https:\/\/cvinoticias.com\/v3\/author\/f1000024\/"}]}},"_links":{"self":[{"href":"https:\/\/cvinoticias.com\/v3\/wp-json\/wp\/v2\/posts\/62793","targetHints":{"allow":["GET"]}}],"collection":[{"href":"https:\/\/cvinoticias.com\/v3\/wp-json\/wp\/v2\/posts"}],"about":[{"href":"https:\/\/cvinoticias.com\/v3\/wp-json\/wp\/v2\/types\/post"}],"author":[{"embeddable":true,"href":"https:\/\/cvinoticias.com\/v3\/wp-json\/wp\/v2\/users\/2"}],"replies":[{"embeddable":true,"href":"https:\/\/cvinoticias.com\/v3\/wp-json\/wp\/v2\/comments?post=62793"}],"version-history":[{"count":1,"href":"https:\/\/cvinoticias.com\/v3\/wp-json\/wp\/v2\/posts\/62793\/revisions"}],"predecessor-version":[{"id":62795,"href":"https:\/\/cvinoticias.com\/v3\/wp-json\/wp\/v2\/posts\/62793\/revisions\/62795"}],"wp:featuredmedia":[{"embeddable":true,"href":"https:\/\/cvinoticias.com\/v3\/wp-json\/wp\/v2\/media\/62794"}],"wp:attachment":[{"href":"https:\/\/cvinoticias.com\/v3\/wp-json\/wp\/v2\/media?parent=62793"}],"wp:term":[{"taxonomy":"category","embeddable":true,"href":"https:\/\/cvinoticias.com\/v3\/wp-json\/wp\/v2\/categories?post=62793"},{"taxonomy":"post_tag","embeddable":true,"href":"https:\/\/cvinoticias.com\/v3\/wp-json\/wp\/v2\/tags?post=62793"}],"curies":[{"name":"wp","href":"https:\/\/api.w.org\/{rel}","templated":true}]}}