{"id":62790,"date":"2026-09-04T09:46:20","date_gmt":"2026-09-04T12:46:20","guid":{"rendered":"https:\/\/cvinoticias.com\/v3\/?p=62790"},"modified":"2026-09-04T09:46:21","modified_gmt":"2026-09-04T12:46:21","slug":"milei-endurece-la-ofensiva-por-malvinas-sanciones-a-petroleras-juicios-en-ausencia-y-una-base-naval-en-tierra-del-fuego","status":"publish","type":"post","link":"https:\/\/cvinoticias.com\/v3\/milei-endurece-la-ofensiva-por-malvinas-sanciones-a-petroleras-juicios-en-ausencia-y-una-base-naval-en-tierra-del-fuego\/","title":{"rendered":"Milei endurece la ofensiva por Malvinas: sanciones a petroleras, juicios en ausencia y una base naval en Tierra del Fuego"},"content":{"rendered":"\n<p class=\"wp-block-paragraph\">El presidente Javier Milei anunci\u00f3 una ofensiva diplom\u00e1tica, econ\u00f3mica y judicial contra las empresas y los actores internacionales que participen en la explotaci\u00f3n de recursos naturales en las Islas Malvinas sin autorizaci\u00f3n de la Argentina.<\/p>\n\n\n\n<p class=\"wp-block-paragraph\">En un mensaje transmitido por cadena nacional, el mandatario anticip\u00f3 la firma de un decreto destinado a acelerar los procedimientos sancionatorios contemplados en la Ley 26.659, que establece condiciones para la exploraci\u00f3n y explotaci\u00f3n de hidrocarburos en la plataforma continental argentina.<\/p>\n\n\n\n<p class=\"wp-block-paragraph\">El paquete incluir\u00e1, adem\u00e1s, el env\u00edo al Congreso de una serie de proyectos para endurecer las penas contra las compa\u00f1\u00edas que intervengan en actividades petroleras, pesqueras o econ\u00f3micas dentro del \u00e1rea en disputa. Seg\u00fan adelant\u00f3 Milei, las firmas sancionadas no podr\u00e1n trabajar en el territorio nacional y sus responsables podr\u00e1n quedar expuestos a procesos judiciales en ausencia.<\/p>\n\n\n\n<p class=\"wp-block-paragraph\">\u201cLas Malvinas son argentinas por historia y por derecho, no hay discusi\u00f3n al respecto\u201d, afirm\u00f3 el Presidente al presentar la iniciativa, acompa\u00f1ado por integrantes del Gabinete nacional.<\/p>\n\n\n\n<p class=\"wp-block-paragraph\">Milei sostuvo que el reclamo diplom\u00e1tico debe estar respaldado por instrumentos concretos capaces de elevar el costo econ\u00f3mico y jur\u00eddico para quienes participen en proyectos promovidos por la administraci\u00f3n brit\u00e1nica en las islas.<\/p>\n\n\n\n<p class=\"wp-block-paragraph\">\u201cNo alcanza con sostener nuestro reclamo. El Estado argentino tiene la obligaci\u00f3n de utilizar todas las herramientas diplom\u00e1ticas, econ\u00f3micas, judiciales y legales disponibles para defender nuestra soberan\u00eda y nuestros recursos\u201d, se\u00f1al\u00f3.<\/p>\n\n\n\n<p class=\"wp-block-paragraph\">El objetivo declarado es disuadir tanto a empresas privadas como a Estados extranjeros de intervenir en emprendimientos vinculados con la explotaci\u00f3n de hidrocarburos y otros recursos naturales en las Malvinas y sus espacios mar\u00edtimos circundantes.<\/p>\n\n\n\n<h2 class=\"wp-block-heading\">Cerca de 180 advertencias a empresas y 29 pa\u00edses<\/h2>\n\n\n\n<p class=\"wp-block-paragraph\">El Presidente revel\u00f3 que la Canciller\u00eda argentina ya envi\u00f3 cerca de 180 notas de desaliento a compa\u00f1\u00edas y gobiernos involucrados directa o indirectamente en proyectos econ\u00f3micos en las islas.<\/p>\n\n\n\n<p class=\"wp-block-paragraph\">Las comunicaciones alcanzaron a actores radicados en m\u00e1s de 29 pa\u00edses y forman parte de la estrategia oficial para advertir sobre las consecuencias legales de operar en una zona cuya soberan\u00eda contin\u00faa bajo disputa.<\/p>\n\n\n\n<p class=\"wp-block-paragraph\">El decreto anunciado por Milei buscar\u00e1 darle \u201cmayor celeridad\u201d a la aplicaci\u00f3n de la Ley 26.659. Esa norma prev\u00e9 sanciones para las personas f\u00edsicas o jur\u00eddicas que desarrollen actividades hidrocarbur\u00edferas en la plataforma continental argentina sin contar con la autorizaci\u00f3n correspondiente.<\/p>\n\n\n\n<p class=\"wp-block-paragraph\">La decisi\u00f3n apunta especialmente contra las compa\u00f1\u00edas vinculadas con nuevos proyectos petroleros en el Atl\u00e1ntico Sur. El Gobierno pretende evitar que las demoras administrativas reduzcan la eficacia del r\u00e9gimen sancionatorio y habiliten a las empresas a avanzar antes de recibir una penalizaci\u00f3n efectiva.<\/p>\n\n\n\n<p class=\"wp-block-paragraph\">El Ejecutivo tambi\u00e9n propondr\u00e1 reforzar las restricciones para que las compa\u00f1\u00edas involucradas no puedan operar, contratar ni desarrollar negocios dentro de la Argentina. La arquitectura definitiva de las penas depender\u00e1 de los proyectos que sean enviados al Congreso.<\/p>\n\n\n\n<h2 class=\"wp-block-heading\">Una base naval para reforzar la presencia en el Atl\u00e1ntico Sur<\/h2>\n\n\n\n<p class=\"wp-block-paragraph\">La segunda pata del anuncio ser\u00e1 militar y log\u00edstica. Milei confirm\u00f3 que asignar\u00e1 mayores recursos al Ministerio de Defensa para avanzar con la construcci\u00f3n de una base naval en Tierra del Fuego.<\/p>\n\n\n\n<p class=\"wp-block-paragraph\">La instalaci\u00f3n buscar\u00e1 reforzar la presencia argentina en el extremo austral, ampliar la capacidad operativa de la Armada y consolidar la proyecci\u00f3n estrat\u00e9gica sobre el Atl\u00e1ntico Sur y la Ant\u00e1rtida.<\/p>\n\n\n\n<p class=\"wp-block-paragraph\">El anuncio coloca nuevamente a Tierra del Fuego en el centro de la pol\u00edtica de defensa. Su posici\u00f3n geogr\u00e1fica resulta determinante para el control de los accesos mar\u00edtimos, la vigilancia de los recursos naturales y el sostenimiento log\u00edstico de las campa\u00f1as ant\u00e1rticas.<\/p>\n\n\n\n<p class=\"wp-block-paragraph\">\u201cEso exige leyes adecuadas, organismos del Estado coordinados y herramientas efectivas para avanzar en un objetivo que trasciende a cualquier gobierno\u201d, expres\u00f3 Milei.<\/p>\n\n\n\n<p class=\"wp-block-paragraph\">Con el decreto, las reformas legislativas y la futura base naval, la Casa Rosada procura mostrar un cambio de escala en la pol\u00edtica sobre Malvinas: sostener el reclamo diplom\u00e1tico, pero acompa\u00f1arlo con sanciones econ\u00f3micas, acciones judiciales y una presencia m\u00e1s fuerte en el Atl\u00e1ntico Sur.<\/p>\n\n\n\n<p class=\"wp-block-paragraph\">La implementaci\u00f3n efectiva depender\u00e1 ahora de tres factores: el contenido final del decreto, el respaldo que consiga el paquete legislativo en el Congreso y los recursos presupuestarios que reciba el Ministerio de Defensa para materializar la infraestructura anunciada.<\/p>\n\n\n\n<p class=\"wp-block-paragraph\">Fuente: Economis<\/p>\n","protected":false},"excerpt":{"rendered":"<p>El presidente Javier Milei anunci\u00f3 una ofensiva diplom\u00e1tica, econ\u00f3mica y judicial contra las empresas y los actores internacionales que participen en la explotaci\u00f3n de recursos naturales en las Islas Malvinas sin autorizaci\u00f3n de la Argentina. En un mensaje transmitido por cadena nacional, el mandatario anticip\u00f3 la firma de un decreto destinado a acelerar los procedimientos [&hellip;]<\/p>\n","protected":false},"author":2,"featured_media":62792,"comment_status":"open","ping_status":"closed","sticky":false,"template":"","format":"standard","meta":{"footnotes":""},"categories":[39,42],"tags":[3203,1774,564,6048,7129,7130,1103],"class_list":["post-62790","post","type-post","status-publish","format-standard","has-post-thumbnail","hentry","category-nacionales","category-politica","tag-base","tag-malvinas","tag-milei","tag-naval","tag-ofensiva","tag-petroleras","tag-sanciones"],"yoast_head":"<!-- This site is optimized with the Yoast SEO plugin v28.4 - https:\/\/yoast.com\/product\/yoast-seo-wordpress\/ -->\n<title>Milei endurece medidas por Malvinas y refuerza el Atl\u00e1ntico Sur | CVI NOTICIAS<\/title>\n<meta name=\"description\" content=\"Milei anunci\u00f3 sanciones a empresas por Malvinas y una nueva base naval en Tierra del Fuego para reforzar la presencia argentina.\" \/>\n<meta name=\"robots\" content=\"index, follow, max-snippet:-1, max-image-preview:large, max-video-preview:-1\" \/>\n<link rel=\"canonical\" href=\"https:\/\/cvinoticias.com\/v3\/milei-endurece-la-ofensiva-por-malvinas-sanciones-a-petroleras-juicios-en-ausencia-y-una-base-naval-en-tierra-del-fuego\/\" \/>\n<meta property=\"og:locale\" content=\"es_ES\" \/>\n<meta property=\"og:type\" content=\"article\" \/>\n<meta property=\"og:title\" content=\"Milei endurece medidas por Malvinas y refuerza el Atl\u00e1ntico Sur | CVI NOTICIAS\" \/>\n<meta property=\"og:description\" content=\"Milei anunci\u00f3 sanciones a empresas por Malvinas y una nueva base naval en Tierra del Fuego para reforzar la presencia argentina.\" \/>\n<meta property=\"og:url\" content=\"https:\/\/cvinoticias.com\/v3\/milei-endurece-la-ofensiva-por-malvinas-sanciones-a-petroleras-juicios-en-ausencia-y-una-base-naval-en-tierra-del-fuego\/\" \/>\n<meta property=\"og:site_name\" content=\"CVI NOTICIAS\" \/>\n<meta property=\"article:publisher\" content=\"https:\/\/www.facebook.com\/cvinoticias\" \/>\n<meta property=\"article:published_time\" content=\"2026-09-04T12:46:20+00:00\" \/>\n<meta property=\"article:modified_time\" content=\"2026-09-04T12:46:21+00:00\" \/>\n<meta property=\"og:image\" content=\"https:\/\/cvinoticias.com\/wp-content\/uploads\/2026\/09\/lg.webp\" \/>\n\t<meta property=\"og:image:width\" content=\"1200\" \/>\n\t<meta property=\"og:image:height\" content=\"900\" \/>\n\t<meta property=\"og:image:type\" content=\"image\/webp\" \/>\n<meta name=\"author\" content=\"f1000024\" \/>\n<meta name=\"twitter:card\" content=\"summary_large_image\" \/>\n<meta name=\"twitter:label1\" content=\"Escrito por\" \/>\n\t<meta name=\"twitter:data1\" content=\"f1000024\" \/>\n\t<meta name=\"twitter:label2\" content=\"Tiempo de lectura\" \/>\n\t<meta name=\"twitter:data2\" content=\"4 minutos\" \/>\n<script type=\"application\/ld+json\" class=\"yoast-schema-graph\">{\"@context\":\"https:\\\/\\\/schema.org\",\"@graph\":[{\"@type\":\"Article\",\"@id\":\"https:\\\/\\\/cvinoticias.com\\\/v3\\\/milei-endurece-la-ofensiva-por-malvinas-sanciones-a-petroleras-juicios-en-ausencia-y-una-base-naval-en-tierra-del-fuego\\\/#article\",\"isPartOf\":{\"@id\":\"https:\\\/\\\/cvinoticias.com\\\/v3\\\/milei-endurece-la-ofensiva-por-malvinas-sanciones-a-petroleras-juicios-en-ausencia-y-una-base-naval-en-tierra-del-fuego\\\/\"},\"author\":{\"name\":\"f1000024\",\"@id\":\"https:\\\/\\\/cvinoticias.com\\\/v3\\\/#\\\/schema\\\/person\\\/2db77e3c6bc03c538495d7b2b8be9b66\"},\"headline\":\"Milei endurece la ofensiva por Malvinas: sanciones a petroleras, juicios en ausencia y una base naval en Tierra del Fuego\",\"datePublished\":\"2026-09-04T12:46:20+00:00\",\"dateModified\":\"2026-09-04T12:46:21+00:00\",\"mainEntityOfPage\":{\"@id\":\"https:\\\/\\\/cvinoticias.com\\\/v3\\\/milei-endurece-la-ofensiva-por-malvinas-sanciones-a-petroleras-juicios-en-ausencia-y-una-base-naval-en-tierra-del-fuego\\\/\"},\"wordCount\":759,\"commentCount\":0,\"publisher\":{\"@id\":\"https:\\\/\\\/cvinoticias.com\\\/v3\\\/#organization\"},\"image\":{\"@id\":\"https:\\\/\\\/cvinoticias.com\\\/v3\\\/milei-endurece-la-ofensiva-por-malvinas-sanciones-a-petroleras-juicios-en-ausencia-y-una-base-naval-en-tierra-del-fuego\\\/#primaryimage\"},\"thumbnailUrl\":\"https:\\\/\\\/cvinoticias.com\\\/wp-content\\\/uploads\\\/2026\\\/09\\\/lg.webp\",\"keywords\":[\"base\",\"Malvinas\",\"Milei\",\"Naval\",\"ofensiva\",\"petroleras\",\"Sanciones\"],\"articleSection\":[\"Nacionales\",\"Politica\"],\"inLanguage\":\"es\",\"potentialAction\":[{\"@type\":\"CommentAction\",\"name\":\"Comment\",\"target\":[\"https:\\\/\\\/cvinoticias.com\\\/v3\\\/milei-endurece-la-ofensiva-por-malvinas-sanciones-a-petroleras-juicios-en-ausencia-y-una-base-naval-en-tierra-del-fuego\\\/#respond\"]}]},{\"@type\":\"WebPage\",\"@id\":\"https:\\\/\\\/cvinoticias.com\\\/v3\\\/milei-endurece-la-ofensiva-por-malvinas-sanciones-a-petroleras-juicios-en-ausencia-y-una-base-naval-en-tierra-del-fuego\\\/\",\"url\":\"https:\\\/\\\/cvinoticias.com\\\/v3\\\/milei-endurece-la-ofensiva-por-malvinas-sanciones-a-petroleras-juicios-en-ausencia-y-una-base-naval-en-tierra-del-fuego\\\/\",\"name\":\"Milei endurece medidas por Malvinas y refuerza el Atl\u00e1ntico Sur | CVI NOTICIAS\",\"isPartOf\":{\"@id\":\"https:\\\/\\\/cvinoticias.com\\\/v3\\\/#website\"},\"primaryImageOfPage\":{\"@id\":\"https:\\\/\\\/cvinoticias.com\\\/v3\\\/milei-endurece-la-ofensiva-por-malvinas-sanciones-a-petroleras-juicios-en-ausencia-y-una-base-naval-en-tierra-del-fuego\\\/#primaryimage\"},\"image\":{\"@id\":\"https:\\\/\\\/cvinoticias.com\\\/v3\\\/milei-endurece-la-ofensiva-por-malvinas-sanciones-a-petroleras-juicios-en-ausencia-y-una-base-naval-en-tierra-del-fuego\\\/#primaryimage\"},\"thumbnailUrl\":\"https:\\\/\\\/cvinoticias.com\\\/wp-content\\\/uploads\\\/2026\\\/09\\\/lg.webp\",\"datePublished\":\"2026-09-04T12:46:20+00:00\",\"dateModified\":\"2026-09-04T12:46:21+00:00\",\"description\":\"Milei anunci\u00f3 sanciones a empresas por Malvinas y una nueva base naval en Tierra del Fuego para reforzar la presencia argentina.\",\"breadcrumb\":{\"@id\":\"https:\\\/\\\/cvinoticias.com\\\/v3\\\/milei-endurece-la-ofensiva-por-malvinas-sanciones-a-petroleras-juicios-en-ausencia-y-una-base-naval-en-tierra-del-fuego\\\/#breadcrumb\"},\"inLanguage\":\"es\",\"potentialAction\":[{\"@type\":\"ReadAction\",\"target\":[\"https:\\\/\\\/cvinoticias.com\\\/v3\\\/milei-endurece-la-ofensiva-por-malvinas-sanciones-a-petroleras-juicios-en-ausencia-y-una-base-naval-en-tierra-del-fuego\\\/\"]}]},{\"@type\":\"ImageObject\",\"inLanguage\":\"es\",\"@id\":\"https:\\\/\\\/cvinoticias.com\\\/v3\\\/milei-endurece-la-ofensiva-por-malvinas-sanciones-a-petroleras-juicios-en-ausencia-y-una-base-naval-en-tierra-del-fuego\\\/#primaryimage\",\"url\":\"https:\\\/\\\/cvinoticias.com\\\/wp-content\\\/uploads\\\/2026\\\/09\\\/lg.webp\",\"contentUrl\":\"https:\\\/\\\/cvinoticias.com\\\/wp-content\\\/uploads\\\/2026\\\/09\\\/lg.webp\",\"width\":1200,\"height\":900},{\"@type\":\"BreadcrumbList\",\"@id\":\"https:\\\/\\\/cvinoticias.com\\\/v3\\\/milei-endurece-la-ofensiva-por-malvinas-sanciones-a-petroleras-juicios-en-ausencia-y-una-base-naval-en-tierra-del-fuego\\\/#breadcrumb\",\"itemListElement\":[{\"@type\":\"ListItem\",\"position\":1,\"name\":\"Portada\",\"item\":\"https:\\\/\\\/cvinoticias.com\\\/v3\\\/\"},{\"@type\":\"ListItem\",\"position\":2,\"name\":\"Milei endurece la ofensiva por Malvinas: sanciones a petroleras, juicios en ausencia y una base naval en Tierra del Fuego\"}]},{\"@type\":\"WebSite\",\"@id\":\"https:\\\/\\\/cvinoticias.com\\\/v3\\\/#website\",\"url\":\"https:\\\/\\\/cvinoticias.com\\\/v3\\\/\",\"name\":\"CVI NOTICIAS\",\"description\":\"\",\"publisher\":{\"@id\":\"https:\\\/\\\/cvinoticias.com\\\/v3\\\/#organization\"},\"alternateName\":\"CVI\",\"potentialAction\":[{\"@type\":\"SearchAction\",\"target\":{\"@type\":\"EntryPoint\",\"urlTemplate\":\"https:\\\/\\\/cvinoticias.com\\\/v3\\\/?s={search_term_string}\"},\"query-input\":{\"@type\":\"PropertyValueSpecification\",\"valueRequired\":true,\"valueName\":\"search_term_string\"}}],\"inLanguage\":\"es\"},{\"@type\":\"Organization\",\"@id\":\"https:\\\/\\\/cvinoticias.com\\\/v3\\\/#organization\",\"name\":\"CVI NOTICIAS\",\"url\":\"https:\\\/\\\/cvinoticias.com\\\/v3\\\/\",\"logo\":{\"@type\":\"ImageObject\",\"inLanguage\":\"es\",\"@id\":\"https:\\\/\\\/cvinoticias.com\\\/v3\\\/#\\\/schema\\\/logo\\\/image\\\/\",\"url\":\"https:\\\/\\\/cvinoticias.com\\\/wp-content\\\/uploads\\\/2023\\\/04\\\/cropped-cropped-cropped-cropped-cropped-3-1.png\",\"contentUrl\":\"https:\\\/\\\/cvinoticias.com\\\/wp-content\\\/uploads\\\/2023\\\/04\\\/cropped-cropped-cropped-cropped-cropped-3-1.png\",\"width\":95,\"height\":122,\"caption\":\"CVI NOTICIAS\"},\"image\":{\"@id\":\"https:\\\/\\\/cvinoticias.com\\\/v3\\\/#\\\/schema\\\/logo\\\/image\\\/\"},\"sameAs\":[\"https:\\\/\\\/www.facebook.com\\\/cvinoticias\",\"https:\\\/\\\/www.instagram.com\\\/cvinoticias\\\/\",\"https:\\\/\\\/www.youtube.com\\\/@CVINOTICIAS\"]},{\"@type\":\"Person\",\"@id\":\"https:\\\/\\\/cvinoticias.com\\\/v3\\\/#\\\/schema\\\/person\\\/2db77e3c6bc03c538495d7b2b8be9b66\",\"name\":\"f1000024\",\"image\":{\"@type\":\"ImageObject\",\"inLanguage\":\"es\",\"@id\":\"https:\\\/\\\/secure.gravatar.com\\\/avatar\\\/d4fe7459cfc51ff5129ce1a732bbef5928568b8092d412ef95611616376bbeed?s=96&d=mm&r=g\",\"url\":\"https:\\\/\\\/secure.gravatar.com\\\/avatar\\\/d4fe7459cfc51ff5129ce1a732bbef5928568b8092d412ef95611616376bbeed?s=96&d=mm&r=g\",\"contentUrl\":\"https:\\\/\\\/secure.gravatar.com\\\/avatar\\\/d4fe7459cfc51ff5129ce1a732bbef5928568b8092d412ef95611616376bbeed?s=96&d=mm&r=g\",\"caption\":\"f1000024\"},\"url\":\"https:\\\/\\\/cvinoticias.com\\\/v3\\\/author\\\/f1000024\\\/\"}]}<\/script>\n<!-- \/ Yoast SEO plugin. -->","yoast_head_json":{"title":"Milei endurece medidas por Malvinas y refuerza el Atl\u00e1ntico Sur | CVI NOTICIAS","description":"Milei anunci\u00f3 sanciones a empresas por Malvinas y una nueva base naval en Tierra del Fuego para reforzar la presencia argentina.","robots":{"index":"index","follow":"follow","max-snippet":"max-snippet:-1","max-image-preview":"max-image-preview:large","max-video-preview":"max-video-preview:-1"},"canonical":"https:\/\/cvinoticias.com\/v3\/milei-endurece-la-ofensiva-por-malvinas-sanciones-a-petroleras-juicios-en-ausencia-y-una-base-naval-en-tierra-del-fuego\/","og_locale":"es_ES","og_type":"article","og_title":"Milei endurece medidas por Malvinas y refuerza el Atl\u00e1ntico Sur | CVI NOTICIAS","og_description":"Milei anunci\u00f3 sanciones a empresas por Malvinas y una nueva base naval en Tierra del Fuego para reforzar la presencia argentina.","og_url":"https:\/\/cvinoticias.com\/v3\/milei-endurece-la-ofensiva-por-malvinas-sanciones-a-petroleras-juicios-en-ausencia-y-una-base-naval-en-tierra-del-fuego\/","og_site_name":"CVI NOTICIAS","article_publisher":"https:\/\/www.facebook.com\/cvinoticias","article_published_time":"2026-09-04T12:46:20+00:00","article_modified_time":"2026-09-04T12:46:21+00:00","og_image":[{"width":1200,"height":900,"url":"https:\/\/cvinoticias.com\/wp-content\/uploads\/2026\/09\/lg.webp","type":"image\/webp"}],"author":"f1000024","twitter_card":"summary_large_image","twitter_misc":{"Escrito por":"f1000024","Tiempo de lectura":"4 minutos"},"schema":{"@context":"https:\/\/schema.org","@graph":[{"@type":"Article","@id":"https:\/\/cvinoticias.com\/v3\/milei-endurece-la-ofensiva-por-malvinas-sanciones-a-petroleras-juicios-en-ausencia-y-una-base-naval-en-tierra-del-fuego\/#article","isPartOf":{"@id":"https:\/\/cvinoticias.com\/v3\/milei-endurece-la-ofensiva-por-malvinas-sanciones-a-petroleras-juicios-en-ausencia-y-una-base-naval-en-tierra-del-fuego\/"},"author":{"name":"f1000024","@id":"https:\/\/cvinoticias.com\/v3\/#\/schema\/person\/2db77e3c6bc03c538495d7b2b8be9b66"},"headline":"Milei endurece la ofensiva por Malvinas: sanciones a petroleras, juicios en ausencia y una base naval en Tierra del Fuego","datePublished":"2026-09-04T12:46:20+00:00","dateModified":"2026-09-04T12:46:21+00:00","mainEntityOfPage":{"@id":"https:\/\/cvinoticias.com\/v3\/milei-endurece-la-ofensiva-por-malvinas-sanciones-a-petroleras-juicios-en-ausencia-y-una-base-naval-en-tierra-del-fuego\/"},"wordCount":759,"commentCount":0,"publisher":{"@id":"https:\/\/cvinoticias.com\/v3\/#organization"},"image":{"@id":"https:\/\/cvinoticias.com\/v3\/milei-endurece-la-ofensiva-por-malvinas-sanciones-a-petroleras-juicios-en-ausencia-y-una-base-naval-en-tierra-del-fuego\/#primaryimage"},"thumbnailUrl":"https:\/\/cvinoticias.com\/wp-content\/uploads\/2026\/09\/lg.webp","keywords":["base","Malvinas","Milei","Naval","ofensiva","petroleras","Sanciones"],"articleSection":["Nacionales","Politica"],"inLanguage":"es","potentialAction":[{"@type":"CommentAction","name":"Comment","target":["https:\/\/cvinoticias.com\/v3\/milei-endurece-la-ofensiva-por-malvinas-sanciones-a-petroleras-juicios-en-ausencia-y-una-base-naval-en-tierra-del-fuego\/#respond"]}]},{"@type":"WebPage","@id":"https:\/\/cvinoticias.com\/v3\/milei-endurece-la-ofensiva-por-malvinas-sanciones-a-petroleras-juicios-en-ausencia-y-una-base-naval-en-tierra-del-fuego\/","url":"https:\/\/cvinoticias.com\/v3\/milei-endurece-la-ofensiva-por-malvinas-sanciones-a-petroleras-juicios-en-ausencia-y-una-base-naval-en-tierra-del-fuego\/","name":"Milei endurece medidas por Malvinas y refuerza el Atl\u00e1ntico Sur | CVI NOTICIAS","isPartOf":{"@id":"https:\/\/cvinoticias.com\/v3\/#website"},"primaryImageOfPage":{"@id":"https:\/\/cvinoticias.com\/v3\/milei-endurece-la-ofensiva-por-malvinas-sanciones-a-petroleras-juicios-en-ausencia-y-una-base-naval-en-tierra-del-fuego\/#primaryimage"},"image":{"@id":"https:\/\/cvinoticias.com\/v3\/milei-endurece-la-ofensiva-por-malvinas-sanciones-a-petroleras-juicios-en-ausencia-y-una-base-naval-en-tierra-del-fuego\/#primaryimage"},"thumbnailUrl":"https:\/\/cvinoticias.com\/wp-content\/uploads\/2026\/09\/lg.webp","datePublished":"2026-09-04T12:46:20+00:00","dateModified":"2026-09-04T12:46:21+00:00","description":"Milei anunci\u00f3 sanciones a empresas por Malvinas y una nueva base naval en Tierra del Fuego para reforzar la presencia argentina.","breadcrumb":{"@id":"https:\/\/cvinoticias.com\/v3\/milei-endurece-la-ofensiva-por-malvinas-sanciones-a-petroleras-juicios-en-ausencia-y-una-base-naval-en-tierra-del-fuego\/#breadcrumb"},"inLanguage":"es","potentialAction":[{"@type":"ReadAction","target":["https:\/\/cvinoticias.com\/v3\/milei-endurece-la-ofensiva-por-malvinas-sanciones-a-petroleras-juicios-en-ausencia-y-una-base-naval-en-tierra-del-fuego\/"]}]},{"@type":"ImageObject","inLanguage":"es","@id":"https:\/\/cvinoticias.com\/v3\/milei-endurece-la-ofensiva-por-malvinas-sanciones-a-petroleras-juicios-en-ausencia-y-una-base-naval-en-tierra-del-fuego\/#primaryimage","url":"https:\/\/cvinoticias.com\/wp-content\/uploads\/2026\/09\/lg.webp","contentUrl":"https:\/\/cvinoticias.com\/wp-content\/uploads\/2026\/09\/lg.webp","width":1200,"height":900},{"@type":"BreadcrumbList","@id":"https:\/\/cvinoticias.com\/v3\/milei-endurece-la-ofensiva-por-malvinas-sanciones-a-petroleras-juicios-en-ausencia-y-una-base-naval-en-tierra-del-fuego\/#breadcrumb","itemListElement":[{"@type":"ListItem","position":1,"name":"Portada","item":"https:\/\/cvinoticias.com\/v3\/"},{"@type":"ListItem","position":2,"name":"Milei endurece la ofensiva por Malvinas: sanciones a petroleras, juicios en ausencia y una base naval en Tierra del Fuego"}]},{"@type":"WebSite","@id":"https:\/\/cvinoticias.com\/v3\/#website","url":"https:\/\/cvinoticias.com\/v3\/","name":"CVI NOTICIAS","description":"","publisher":{"@id":"https:\/\/cvinoticias.com\/v3\/#organization"},"alternateName":"CVI","potentialAction":[{"@type":"SearchAction","target":{"@type":"EntryPoint","urlTemplate":"https:\/\/cvinoticias.com\/v3\/?s={search_term_string}"},"query-input":{"@type":"PropertyValueSpecification","valueRequired":true,"valueName":"search_term_string"}}],"inLanguage":"es"},{"@type":"Organization","@id":"https:\/\/cvinoticias.com\/v3\/#organization","name":"CVI NOTICIAS","url":"https:\/\/cvinoticias.com\/v3\/","logo":{"@type":"ImageObject","inLanguage":"es","@id":"https:\/\/cvinoticias.com\/v3\/#\/schema\/logo\/image\/","url":"https:\/\/cvinoticias.com\/wp-content\/uploads\/2023\/04\/cropped-cropped-cropped-cropped-cropped-3-1.png","contentUrl":"https:\/\/cvinoticias.com\/wp-content\/uploads\/2023\/04\/cropped-cropped-cropped-cropped-cropped-3-1.png","width":95,"height":122,"caption":"CVI NOTICIAS"},"image":{"@id":"https:\/\/cvinoticias.com\/v3\/#\/schema\/logo\/image\/"},"sameAs":["https:\/\/www.facebook.com\/cvinoticias","https:\/\/www.instagram.com\/cvinoticias\/","https:\/\/www.youtube.com\/@CVINOTICIAS"]},{"@type":"Person","@id":"https:\/\/cvinoticias.com\/v3\/#\/schema\/person\/2db77e3c6bc03c538495d7b2b8be9b66","name":"f1000024","image":{"@type":"ImageObject","inLanguage":"es","@id":"https:\/\/secure.gravatar.com\/avatar\/d4fe7459cfc51ff5129ce1a732bbef5928568b8092d412ef95611616376bbeed?s=96&d=mm&r=g","url":"https:\/\/secure.gravatar.com\/avatar\/d4fe7459cfc51ff5129ce1a732bbef5928568b8092d412ef95611616376bbeed?s=96&d=mm&r=g","contentUrl":"https:\/\/secure.gravatar.com\/avatar\/d4fe7459cfc51ff5129ce1a732bbef5928568b8092d412ef95611616376bbeed?s=96&d=mm&r=g","caption":"f1000024"},"url":"https:\/\/cvinoticias.com\/v3\/author\/f1000024\/"}]}},"_links":{"self":[{"href":"https:\/\/cvinoticias.com\/v3\/wp-json\/wp\/v2\/posts\/62790","targetHints":{"allow":["GET"]}}],"collection":[{"href":"https:\/\/cvinoticias.com\/v3\/wp-json\/wp\/v2\/posts"}],"about":[{"href":"https:\/\/cvinoticias.com\/v3\/wp-json\/wp\/v2\/types\/post"}],"author":[{"embeddable":true,"href":"https:\/\/cvinoticias.com\/v3\/wp-json\/wp\/v2\/users\/2"}],"replies":[{"embeddable":true,"href":"https:\/\/cvinoticias.com\/v3\/wp-json\/wp\/v2\/comments?post=62790"}],"version-history":[{"count":1,"href":"https:\/\/cvinoticias.com\/v3\/wp-json\/wp\/v2\/posts\/62790\/revisions"}],"predecessor-version":[{"id":62791,"href":"https:\/\/cvinoticias.com\/v3\/wp-json\/wp\/v2\/posts\/62790\/revisions\/62791"}],"wp:featuredmedia":[{"embeddable":true,"href":"https:\/\/cvinoticias.com\/v3\/wp-json\/wp\/v2\/media\/62792"}],"wp:attachment":[{"href":"https:\/\/cvinoticias.com\/v3\/wp-json\/wp\/v2\/media?parent=62790"}],"wp:term":[{"taxonomy":"category","embeddable":true,"href":"https:\/\/cvinoticias.com\/v3\/wp-json\/wp\/v2\/categories?post=62790"},{"taxonomy":"post_tag","embeddable":true,"href":"https:\/\/cvinoticias.com\/v3\/wp-json\/wp\/v2\/tags?post=62790"}],"curies":[{"name":"wp","href":"https:\/\/api.w.org\/{rel}","templated":true}]}}