{"id":62787,"date":"2026-09-04T08:36:51","date_gmt":"2026-09-04T11:36:51","guid":{"rendered":"https:\/\/cvinoticias.com\/v3\/?p=62787"},"modified":"2026-09-04T08:36:52","modified_gmt":"2026-09-04T11:36:52","slug":"dia-de-la-secretaria-origen-y-reconocimiento-a-una-labor-clave-en-las-organizaciones","status":"publish","type":"post","link":"https:\/\/cvinoticias.com\/v3\/dia-de-la-secretaria-origen-y-reconocimiento-a-una-labor-clave-en-las-organizaciones\/","title":{"rendered":"D\u00eda de la Secretaria: origen y reconocimiento a una labor clave en las organizaciones"},"content":{"rendered":"\n<p class=\"wp-block-paragraph\">Cada <strong>4 de septiembre<\/strong>, en Argentina se conmemora el <strong>D\u00eda de la Secretaria<\/strong>, una fecha destinada a reconocer el trabajo de quienes cumplen tareas de organizaci\u00f3n, administraci\u00f3n y asistencia dentro de empresas, instituciones, organismos p\u00fablicos y distintas organizaciones.<\/p>\n\n\n\n<p class=\"wp-block-paragraph\">La jornada busca poner en valor una labor que, con el paso de los a\u00f1os, fue incorporando nuevas responsabilidades y se convirti\u00f3 en una pieza importante para el funcionamiento cotidiano de numerosos espacios de trabajo.<\/p>\n\n\n\n<h2 class=\"wp-block-heading\">\u00bfPor qu\u00e9 se celebra el 4 de septiembre?<\/h2>\n\n\n\n<p class=\"wp-block-paragraph\">El origen de esta celebraci\u00f3n est\u00e1 vinculado con una iniciativa surgida en Estados Unidos durante la d\u00e9cada de 1950. En ese per\u00edodo, la Asociaci\u00f3n Nacional de Secretarias impuls\u00f3 una jornada destinada a reconocer la importancia de la profesi\u00f3n y promover su desarrollo.<\/p>\n\n\n\n<p class=\"wp-block-paragraph\">La primera celebraci\u00f3n tuvo lugar en <strong>1952<\/strong>, cuando se realiz\u00f3 la denominada <strong>Semana Nacional de las Secretarias<\/strong>, una iniciativa que posteriormente se extendi\u00f3 a otros pa\u00edses y dio lugar a distintas fechas de reconocimiento seg\u00fan cada regi\u00f3n.<\/p>\n\n\n\n<p class=\"wp-block-paragraph\">En Argentina, el <strong>4 de septiembre<\/strong> qued\u00f3 establecido como la fecha tradicional para homenajear a las secretarias y reconocer su aporte en el \u00e1mbito laboral.<\/p>\n\n\n\n<h2 class=\"wp-block-heading\">Una profesi\u00f3n que fue cambiando con el tiempo<\/h2>\n\n\n\n<p class=\"wp-block-paragraph\">Las tareas vinculadas al secretariado tuvieron una importante transformaci\u00f3n a lo largo del siglo XX. En sus comienzos, el trabajo estaba principalmente relacionado con la redacci\u00f3n de documentos, la correspondencia, el archivo y la organizaci\u00f3n de reuniones y agendas.<\/p>\n\n\n\n<p class=\"wp-block-paragraph\">Con la incorporaci\u00f3n de nuevas tecnolog\u00edas, las funciones se ampliaron. El manejo de computadoras, sistemas administrativos, herramientas digitales y plataformas de comunicaci\u00f3n pas\u00f3 a formar parte de las responsabilidades habituales.<\/p>\n\n\n\n<p class=\"wp-block-paragraph\">Actualmente, quienes desempe\u00f1an tareas de secretar\u00eda pueden asumir funciones vinculadas con la gesti\u00f3n administrativa, atenci\u00f3n al p\u00fablico, coordinaci\u00f3n de actividades, manejo de informaci\u00f3n y organizaci\u00f3n interna.<\/p>\n\n\n\n<h2 class=\"wp-block-heading\">El rol de la secretaria en el \u00e1mbito laboral<\/h2>\n\n\n\n<p class=\"wp-block-paragraph\">La secretaria cumple, en muchos casos, una funci\u00f3n de articulaci\u00f3n entre diferentes sectores de una organizaci\u00f3n. La organizaci\u00f3n de agendas, documentaci\u00f3n, reuniones y comunicaciones permite facilitar el desarrollo de las actividades diarias.<\/p>\n\n\n\n<p class=\"wp-block-paragraph\">Adem\u00e1s de los conocimientos administrativos, el puesto requiere capacidad de organizaci\u00f3n, responsabilidad, manejo de informaci\u00f3n y habilidades para la comunicaci\u00f3n interpersonal.<\/p>\n\n\n\n<p class=\"wp-block-paragraph\">Por este motivo, la tarea fue adquiriendo una dimensi\u00f3n m\u00e1s amplia y actualmente se encuentra estrechamente relacionada con la gesti\u00f3n y el funcionamiento de las organizaciones.<\/p>\n\n\n\n<h2 class=\"wp-block-heading\">Una fecha para reconocer el trabajo administrativo<\/h2>\n\n\n\n<p class=\"wp-block-paragraph\">El D\u00eda de la Secretaria representa una oportunidad para reconocer el compromiso y la responsabilidad de quienes desarrollan esta actividad y contribuyen al funcionamiento cotidiano de empresas, instituciones y organismos.<\/p>\n\n\n\n<p class=\"wp-block-paragraph\">La fecha tambi\u00e9n permite destacar la evoluci\u00f3n de una profesi\u00f3n que supo adaptarse a los cambios tecnol\u00f3gicos y laborales, manteniendo como principales pilares la organizaci\u00f3n, la responsabilidad y la capacidad de asistir y coordinar diferentes tareas.<\/p>\n\n\n\n<h2 class=\"wp-block-heading\">El reconocimiento en la actualidad<\/h2>\n\n\n\n<p class=\"wp-block-paragraph\">Con el avance de las nuevas tecnolog\u00edas y las transformaciones en los espacios de trabajo, el perfil tradicional de la secretaria tambi\u00e9n cambi\u00f3. En muchos \u00e1mbitos, las funciones actuales se vinculan con puestos como <strong>asistente administrativa, asistente ejecutiva o secretaria ejecutiva<\/strong>, con responsabilidades que pueden abarcar una amplia variedad de tareas.<\/p>\n\n\n\n<p class=\"wp-block-paragraph\">En este contexto, cada 4 de septiembre se presenta como una fecha para valorar el trabajo de quienes, desde distintas organizaciones, colaboran diariamente con la planificaci\u00f3n, coordinaci\u00f3n y administraci\u00f3n de las actividades.<\/p>\n\n\n\n<p class=\"wp-block-paragraph\"><\/p>\n","protected":false},"excerpt":{"rendered":"<p>Cada 4 de septiembre, en Argentina se conmemora el D\u00eda de la Secretaria, una fecha destinada a reconocer el trabajo de quienes cumplen tareas de organizaci\u00f3n, administraci\u00f3n y asistencia dentro de empresas, instituciones, organismos p\u00fablicos y distintas organizaciones. La jornada busca poner en valor una labor que, con el paso de los a\u00f1os, fue incorporando [&hellip;]<\/p>\n","protected":false},"author":2,"featured_media":62788,"comment_status":"open","ping_status":"closed","sticky":false,"template":"","format":"standard","meta":{"footnotes":""},"categories":[442],"tags":[7128,276,554,4705,2856],"class_list":["post-62787","post","type-post","status-publish","format-standard","has-post-thumbnail","hentry","category-efemerides-2","tag-7128","tag-argentina","tag-dia","tag-secretaria","tag-septiembre"],"yoast_head":"<!-- This site is optimized with the Yoast SEO plugin v28.4 - https:\/\/yoast.com\/product\/yoast-seo-wordpress\/ -->\n<title>D\u00eda de la Secretaria: por qu\u00e9 se celebra el 4 de septiembre | CVI NOTICIAS<\/title>\n<meta name=\"description\" content=\"El D\u00eda de la Secretaria se conmemora el 4 de septiembre para reconocer el trabajo administrativo y su evoluci\u00f3n hist\u00f3rica.\" \/>\n<meta name=\"robots\" content=\"index, follow, max-snippet:-1, max-image-preview:large, max-video-preview:-1\" \/>\n<link rel=\"canonical\" href=\"https:\/\/cvinoticias.com\/v3\/dia-de-la-secretaria-origen-y-reconocimiento-a-una-labor-clave-en-las-organizaciones\/\" \/>\n<meta property=\"og:locale\" content=\"es_ES\" \/>\n<meta property=\"og:type\" content=\"article\" \/>\n<meta property=\"og:title\" content=\"D\u00eda de la Secretaria: por qu\u00e9 se celebra el 4 de septiembre | CVI NOTICIAS\" \/>\n<meta property=\"og:description\" content=\"El D\u00eda de la Secretaria se conmemora el 4 de septiembre para reconocer el trabajo administrativo y su evoluci\u00f3n hist\u00f3rica.\" \/>\n<meta property=\"og:url\" content=\"https:\/\/cvinoticias.com\/v3\/dia-de-la-secretaria-origen-y-reconocimiento-a-una-labor-clave-en-las-organizaciones\/\" \/>\n<meta property=\"og:site_name\" content=\"CVI NOTICIAS\" \/>\n<meta property=\"article:publisher\" content=\"https:\/\/www.facebook.com\/cvinoticias\" \/>\n<meta property=\"article:published_time\" content=\"2026-09-04T11:36:51+00:00\" \/>\n<meta property=\"article:modified_time\" content=\"2026-09-04T11:36:52+00:00\" \/>\n<meta property=\"og:image\" content=\"https:\/\/cvinoticias.com\/wp-content\/uploads\/2026\/09\/WhatsApp-Image-2024-09-04-at-08.03.37.jpeg\" \/>\n\t<meta property=\"og:image:width\" content=\"1100\" \/>\n\t<meta property=\"og:image:height\" content=\"619\" \/>\n\t<meta property=\"og:image:type\" content=\"image\/jpeg\" \/>\n<meta name=\"author\" content=\"f1000024\" \/>\n<meta name=\"twitter:card\" content=\"summary_large_image\" \/>\n<meta name=\"twitter:label1\" content=\"Escrito por\" \/>\n\t<meta name=\"twitter:data1\" content=\"f1000024\" \/>\n\t<meta name=\"twitter:label2\" content=\"Tiempo de lectura\" \/>\n\t<meta name=\"twitter:data2\" content=\"3 minutos\" \/>\n<script type=\"application\/ld+json\" class=\"yoast-schema-graph\">{\"@context\":\"https:\\\/\\\/schema.org\",\"@graph\":[{\"@type\":\"Article\",\"@id\":\"https:\\\/\\\/cvinoticias.com\\\/v3\\\/dia-de-la-secretaria-origen-y-reconocimiento-a-una-labor-clave-en-las-organizaciones\\\/#article\",\"isPartOf\":{\"@id\":\"https:\\\/\\\/cvinoticias.com\\\/v3\\\/dia-de-la-secretaria-origen-y-reconocimiento-a-una-labor-clave-en-las-organizaciones\\\/\"},\"author\":{\"name\":\"f1000024\",\"@id\":\"https:\\\/\\\/cvinoticias.com\\\/v3\\\/#\\\/schema\\\/person\\\/2db77e3c6bc03c538495d7b2b8be9b66\"},\"headline\":\"D\u00eda de la Secretaria: origen y reconocimiento a una labor clave en las organizaciones\",\"datePublished\":\"2026-09-04T11:36:51+00:00\",\"dateModified\":\"2026-09-04T11:36:52+00:00\",\"mainEntityOfPage\":{\"@id\":\"https:\\\/\\\/cvinoticias.com\\\/v3\\\/dia-de-la-secretaria-origen-y-reconocimiento-a-una-labor-clave-en-las-organizaciones\\\/\"},\"wordCount\":598,\"commentCount\":0,\"publisher\":{\"@id\":\"https:\\\/\\\/cvinoticias.com\\\/v3\\\/#organization\"},\"image\":{\"@id\":\"https:\\\/\\\/cvinoticias.com\\\/v3\\\/dia-de-la-secretaria-origen-y-reconocimiento-a-una-labor-clave-en-las-organizaciones\\\/#primaryimage\"},\"thumbnailUrl\":\"https:\\\/\\\/cvinoticias.com\\\/wp-content\\\/uploads\\\/2026\\\/09\\\/WhatsApp-Image-2024-09-04-at-08.03.37.jpeg\",\"keywords\":[\"04\",\"Argentina\",\"D\u00eda\",\"secretaria\",\"septiembre\"],\"articleSection\":[\"EFEMERIDES\"],\"inLanguage\":\"es\",\"potentialAction\":[{\"@type\":\"CommentAction\",\"name\":\"Comment\",\"target\":[\"https:\\\/\\\/cvinoticias.com\\\/v3\\\/dia-de-la-secretaria-origen-y-reconocimiento-a-una-labor-clave-en-las-organizaciones\\\/#respond\"]}]},{\"@type\":\"WebPage\",\"@id\":\"https:\\\/\\\/cvinoticias.com\\\/v3\\\/dia-de-la-secretaria-origen-y-reconocimiento-a-una-labor-clave-en-las-organizaciones\\\/\",\"url\":\"https:\\\/\\\/cvinoticias.com\\\/v3\\\/dia-de-la-secretaria-origen-y-reconocimiento-a-una-labor-clave-en-las-organizaciones\\\/\",\"name\":\"D\u00eda de la Secretaria: por qu\u00e9 se celebra el 4 de septiembre | CVI NOTICIAS\",\"isPartOf\":{\"@id\":\"https:\\\/\\\/cvinoticias.com\\\/v3\\\/#website\"},\"primaryImageOfPage\":{\"@id\":\"https:\\\/\\\/cvinoticias.com\\\/v3\\\/dia-de-la-secretaria-origen-y-reconocimiento-a-una-labor-clave-en-las-organizaciones\\\/#primaryimage\"},\"image\":{\"@id\":\"https:\\\/\\\/cvinoticias.com\\\/v3\\\/dia-de-la-secretaria-origen-y-reconocimiento-a-una-labor-clave-en-las-organizaciones\\\/#primaryimage\"},\"thumbnailUrl\":\"https:\\\/\\\/cvinoticias.com\\\/wp-content\\\/uploads\\\/2026\\\/09\\\/WhatsApp-Image-2024-09-04-at-08.03.37.jpeg\",\"datePublished\":\"2026-09-04T11:36:51+00:00\",\"dateModified\":\"2026-09-04T11:36:52+00:00\",\"description\":\"El D\u00eda de la Secretaria se conmemora el 4 de septiembre para reconocer el trabajo administrativo y su evoluci\u00f3n hist\u00f3rica.\",\"breadcrumb\":{\"@id\":\"https:\\\/\\\/cvinoticias.com\\\/v3\\\/dia-de-la-secretaria-origen-y-reconocimiento-a-una-labor-clave-en-las-organizaciones\\\/#breadcrumb\"},\"inLanguage\":\"es\",\"potentialAction\":[{\"@type\":\"ReadAction\",\"target\":[\"https:\\\/\\\/cvinoticias.com\\\/v3\\\/dia-de-la-secretaria-origen-y-reconocimiento-a-una-labor-clave-en-las-organizaciones\\\/\"]}]},{\"@type\":\"ImageObject\",\"inLanguage\":\"es\",\"@id\":\"https:\\\/\\\/cvinoticias.com\\\/v3\\\/dia-de-la-secretaria-origen-y-reconocimiento-a-una-labor-clave-en-las-organizaciones\\\/#primaryimage\",\"url\":\"https:\\\/\\\/cvinoticias.com\\\/wp-content\\\/uploads\\\/2026\\\/09\\\/WhatsApp-Image-2024-09-04-at-08.03.37.jpeg\",\"contentUrl\":\"https:\\\/\\\/cvinoticias.com\\\/wp-content\\\/uploads\\\/2026\\\/09\\\/WhatsApp-Image-2024-09-04-at-08.03.37.jpeg\",\"width\":1100,\"height\":619},{\"@type\":\"BreadcrumbList\",\"@id\":\"https:\\\/\\\/cvinoticias.com\\\/v3\\\/dia-de-la-secretaria-origen-y-reconocimiento-a-una-labor-clave-en-las-organizaciones\\\/#breadcrumb\",\"itemListElement\":[{\"@type\":\"ListItem\",\"position\":1,\"name\":\"Portada\",\"item\":\"https:\\\/\\\/cvinoticias.com\\\/v3\\\/\"},{\"@type\":\"ListItem\",\"position\":2,\"name\":\"D\u00eda de la Secretaria: origen y reconocimiento a una labor clave en las organizaciones\"}]},{\"@type\":\"WebSite\",\"@id\":\"https:\\\/\\\/cvinoticias.com\\\/v3\\\/#website\",\"url\":\"https:\\\/\\\/cvinoticias.com\\\/v3\\\/\",\"name\":\"CVI NOTICIAS\",\"description\":\"\",\"publisher\":{\"@id\":\"https:\\\/\\\/cvinoticias.com\\\/v3\\\/#organization\"},\"alternateName\":\"CVI\",\"potentialAction\":[{\"@type\":\"SearchAction\",\"target\":{\"@type\":\"EntryPoint\",\"urlTemplate\":\"https:\\\/\\\/cvinoticias.com\\\/v3\\\/?s={search_term_string}\"},\"query-input\":{\"@type\":\"PropertyValueSpecification\",\"valueRequired\":true,\"valueName\":\"search_term_string\"}}],\"inLanguage\":\"es\"},{\"@type\":\"Organization\",\"@id\":\"https:\\\/\\\/cvinoticias.com\\\/v3\\\/#organization\",\"name\":\"CVI NOTICIAS\",\"url\":\"https:\\\/\\\/cvinoticias.com\\\/v3\\\/\",\"logo\":{\"@type\":\"ImageObject\",\"inLanguage\":\"es\",\"@id\":\"https:\\\/\\\/cvinoticias.com\\\/v3\\\/#\\\/schema\\\/logo\\\/image\\\/\",\"url\":\"https:\\\/\\\/cvinoticias.com\\\/wp-content\\\/uploads\\\/2023\\\/04\\\/cropped-cropped-cropped-cropped-cropped-3-1.png\",\"contentUrl\":\"https:\\\/\\\/cvinoticias.com\\\/wp-content\\\/uploads\\\/2023\\\/04\\\/cropped-cropped-cropped-cropped-cropped-3-1.png\",\"width\":95,\"height\":122,\"caption\":\"CVI NOTICIAS\"},\"image\":{\"@id\":\"https:\\\/\\\/cvinoticias.com\\\/v3\\\/#\\\/schema\\\/logo\\\/image\\\/\"},\"sameAs\":[\"https:\\\/\\\/www.facebook.com\\\/cvinoticias\",\"https:\\\/\\\/www.instagram.com\\\/cvinoticias\\\/\",\"https:\\\/\\\/www.youtube.com\\\/@CVINOTICIAS\"]},{\"@type\":\"Person\",\"@id\":\"https:\\\/\\\/cvinoticias.com\\\/v3\\\/#\\\/schema\\\/person\\\/2db77e3c6bc03c538495d7b2b8be9b66\",\"name\":\"f1000024\",\"image\":{\"@type\":\"ImageObject\",\"inLanguage\":\"es\",\"@id\":\"https:\\\/\\\/secure.gravatar.com\\\/avatar\\\/d4fe7459cfc51ff5129ce1a732bbef5928568b8092d412ef95611616376bbeed?s=96&d=mm&r=g\",\"url\":\"https:\\\/\\\/secure.gravatar.com\\\/avatar\\\/d4fe7459cfc51ff5129ce1a732bbef5928568b8092d412ef95611616376bbeed?s=96&d=mm&r=g\",\"contentUrl\":\"https:\\\/\\\/secure.gravatar.com\\\/avatar\\\/d4fe7459cfc51ff5129ce1a732bbef5928568b8092d412ef95611616376bbeed?s=96&d=mm&r=g\",\"caption\":\"f1000024\"},\"url\":\"https:\\\/\\\/cvinoticias.com\\\/v3\\\/author\\\/f1000024\\\/\"}]}<\/script>\n<!-- \/ Yoast SEO plugin. -->","yoast_head_json":{"title":"D\u00eda de la Secretaria: por qu\u00e9 se celebra el 4 de septiembre | CVI NOTICIAS","description":"El D\u00eda de la Secretaria se conmemora el 4 de septiembre para reconocer el trabajo administrativo y su evoluci\u00f3n hist\u00f3rica.","robots":{"index":"index","follow":"follow","max-snippet":"max-snippet:-1","max-image-preview":"max-image-preview:large","max-video-preview":"max-video-preview:-1"},"canonical":"https:\/\/cvinoticias.com\/v3\/dia-de-la-secretaria-origen-y-reconocimiento-a-una-labor-clave-en-las-organizaciones\/","og_locale":"es_ES","og_type":"article","og_title":"D\u00eda de la Secretaria: por qu\u00e9 se celebra el 4 de septiembre | CVI NOTICIAS","og_description":"El D\u00eda de la Secretaria se conmemora el 4 de septiembre para reconocer el trabajo administrativo y su evoluci\u00f3n hist\u00f3rica.","og_url":"https:\/\/cvinoticias.com\/v3\/dia-de-la-secretaria-origen-y-reconocimiento-a-una-labor-clave-en-las-organizaciones\/","og_site_name":"CVI NOTICIAS","article_publisher":"https:\/\/www.facebook.com\/cvinoticias","article_published_time":"2026-09-04T11:36:51+00:00","article_modified_time":"2026-09-04T11:36:52+00:00","og_image":[{"width":1100,"height":619,"url":"https:\/\/cvinoticias.com\/wp-content\/uploads\/2026\/09\/WhatsApp-Image-2024-09-04-at-08.03.37.jpeg","type":"image\/jpeg"}],"author":"f1000024","twitter_card":"summary_large_image","twitter_misc":{"Escrito por":"f1000024","Tiempo de lectura":"3 minutos"},"schema":{"@context":"https:\/\/schema.org","@graph":[{"@type":"Article","@id":"https:\/\/cvinoticias.com\/v3\/dia-de-la-secretaria-origen-y-reconocimiento-a-una-labor-clave-en-las-organizaciones\/#article","isPartOf":{"@id":"https:\/\/cvinoticias.com\/v3\/dia-de-la-secretaria-origen-y-reconocimiento-a-una-labor-clave-en-las-organizaciones\/"},"author":{"name":"f1000024","@id":"https:\/\/cvinoticias.com\/v3\/#\/schema\/person\/2db77e3c6bc03c538495d7b2b8be9b66"},"headline":"D\u00eda de la Secretaria: origen y reconocimiento a una labor clave en las organizaciones","datePublished":"2026-09-04T11:36:51+00:00","dateModified":"2026-09-04T11:36:52+00:00","mainEntityOfPage":{"@id":"https:\/\/cvinoticias.com\/v3\/dia-de-la-secretaria-origen-y-reconocimiento-a-una-labor-clave-en-las-organizaciones\/"},"wordCount":598,"commentCount":0,"publisher":{"@id":"https:\/\/cvinoticias.com\/v3\/#organization"},"image":{"@id":"https:\/\/cvinoticias.com\/v3\/dia-de-la-secretaria-origen-y-reconocimiento-a-una-labor-clave-en-las-organizaciones\/#primaryimage"},"thumbnailUrl":"https:\/\/cvinoticias.com\/wp-content\/uploads\/2026\/09\/WhatsApp-Image-2024-09-04-at-08.03.37.jpeg","keywords":["04","Argentina","D\u00eda","secretaria","septiembre"],"articleSection":["EFEMERIDES"],"inLanguage":"es","potentialAction":[{"@type":"CommentAction","name":"Comment","target":["https:\/\/cvinoticias.com\/v3\/dia-de-la-secretaria-origen-y-reconocimiento-a-una-labor-clave-en-las-organizaciones\/#respond"]}]},{"@type":"WebPage","@id":"https:\/\/cvinoticias.com\/v3\/dia-de-la-secretaria-origen-y-reconocimiento-a-una-labor-clave-en-las-organizaciones\/","url":"https:\/\/cvinoticias.com\/v3\/dia-de-la-secretaria-origen-y-reconocimiento-a-una-labor-clave-en-las-organizaciones\/","name":"D\u00eda de la Secretaria: por qu\u00e9 se celebra el 4 de septiembre | CVI NOTICIAS","isPartOf":{"@id":"https:\/\/cvinoticias.com\/v3\/#website"},"primaryImageOfPage":{"@id":"https:\/\/cvinoticias.com\/v3\/dia-de-la-secretaria-origen-y-reconocimiento-a-una-labor-clave-en-las-organizaciones\/#primaryimage"},"image":{"@id":"https:\/\/cvinoticias.com\/v3\/dia-de-la-secretaria-origen-y-reconocimiento-a-una-labor-clave-en-las-organizaciones\/#primaryimage"},"thumbnailUrl":"https:\/\/cvinoticias.com\/wp-content\/uploads\/2026\/09\/WhatsApp-Image-2024-09-04-at-08.03.37.jpeg","datePublished":"2026-09-04T11:36:51+00:00","dateModified":"2026-09-04T11:36:52+00:00","description":"El D\u00eda de la Secretaria se conmemora el 4 de septiembre para reconocer el trabajo administrativo y su evoluci\u00f3n hist\u00f3rica.","breadcrumb":{"@id":"https:\/\/cvinoticias.com\/v3\/dia-de-la-secretaria-origen-y-reconocimiento-a-una-labor-clave-en-las-organizaciones\/#breadcrumb"},"inLanguage":"es","potentialAction":[{"@type":"ReadAction","target":["https:\/\/cvinoticias.com\/v3\/dia-de-la-secretaria-origen-y-reconocimiento-a-una-labor-clave-en-las-organizaciones\/"]}]},{"@type":"ImageObject","inLanguage":"es","@id":"https:\/\/cvinoticias.com\/v3\/dia-de-la-secretaria-origen-y-reconocimiento-a-una-labor-clave-en-las-organizaciones\/#primaryimage","url":"https:\/\/cvinoticias.com\/wp-content\/uploads\/2026\/09\/WhatsApp-Image-2024-09-04-at-08.03.37.jpeg","contentUrl":"https:\/\/cvinoticias.com\/wp-content\/uploads\/2026\/09\/WhatsApp-Image-2024-09-04-at-08.03.37.jpeg","width":1100,"height":619},{"@type":"BreadcrumbList","@id":"https:\/\/cvinoticias.com\/v3\/dia-de-la-secretaria-origen-y-reconocimiento-a-una-labor-clave-en-las-organizaciones\/#breadcrumb","itemListElement":[{"@type":"ListItem","position":1,"name":"Portada","item":"https:\/\/cvinoticias.com\/v3\/"},{"@type":"ListItem","position":2,"name":"D\u00eda de la Secretaria: origen y reconocimiento a una labor clave en las organizaciones"}]},{"@type":"WebSite","@id":"https:\/\/cvinoticias.com\/v3\/#website","url":"https:\/\/cvinoticias.com\/v3\/","name":"CVI NOTICIAS","description":"","publisher":{"@id":"https:\/\/cvinoticias.com\/v3\/#organization"},"alternateName":"CVI","potentialAction":[{"@type":"SearchAction","target":{"@type":"EntryPoint","urlTemplate":"https:\/\/cvinoticias.com\/v3\/?s={search_term_string}"},"query-input":{"@type":"PropertyValueSpecification","valueRequired":true,"valueName":"search_term_string"}}],"inLanguage":"es"},{"@type":"Organization","@id":"https:\/\/cvinoticias.com\/v3\/#organization","name":"CVI NOTICIAS","url":"https:\/\/cvinoticias.com\/v3\/","logo":{"@type":"ImageObject","inLanguage":"es","@id":"https:\/\/cvinoticias.com\/v3\/#\/schema\/logo\/image\/","url":"https:\/\/cvinoticias.com\/wp-content\/uploads\/2023\/04\/cropped-cropped-cropped-cropped-cropped-3-1.png","contentUrl":"https:\/\/cvinoticias.com\/wp-content\/uploads\/2023\/04\/cropped-cropped-cropped-cropped-cropped-3-1.png","width":95,"height":122,"caption":"CVI NOTICIAS"},"image":{"@id":"https:\/\/cvinoticias.com\/v3\/#\/schema\/logo\/image\/"},"sameAs":["https:\/\/www.facebook.com\/cvinoticias","https:\/\/www.instagram.com\/cvinoticias\/","https:\/\/www.youtube.com\/@CVINOTICIAS"]},{"@type":"Person","@id":"https:\/\/cvinoticias.com\/v3\/#\/schema\/person\/2db77e3c6bc03c538495d7b2b8be9b66","name":"f1000024","image":{"@type":"ImageObject","inLanguage":"es","@id":"https:\/\/secure.gravatar.com\/avatar\/d4fe7459cfc51ff5129ce1a732bbef5928568b8092d412ef95611616376bbeed?s=96&d=mm&r=g","url":"https:\/\/secure.gravatar.com\/avatar\/d4fe7459cfc51ff5129ce1a732bbef5928568b8092d412ef95611616376bbeed?s=96&d=mm&r=g","contentUrl":"https:\/\/secure.gravatar.com\/avatar\/d4fe7459cfc51ff5129ce1a732bbef5928568b8092d412ef95611616376bbeed?s=96&d=mm&r=g","caption":"f1000024"},"url":"https:\/\/cvinoticias.com\/v3\/author\/f1000024\/"}]}},"_links":{"self":[{"href":"https:\/\/cvinoticias.com\/v3\/wp-json\/wp\/v2\/posts\/62787","targetHints":{"allow":["GET"]}}],"collection":[{"href":"https:\/\/cvinoticias.com\/v3\/wp-json\/wp\/v2\/posts"}],"about":[{"href":"https:\/\/cvinoticias.com\/v3\/wp-json\/wp\/v2\/types\/post"}],"author":[{"embeddable":true,"href":"https:\/\/cvinoticias.com\/v3\/wp-json\/wp\/v2\/users\/2"}],"replies":[{"embeddable":true,"href":"https:\/\/cvinoticias.com\/v3\/wp-json\/wp\/v2\/comments?post=62787"}],"version-history":[{"count":1,"href":"https:\/\/cvinoticias.com\/v3\/wp-json\/wp\/v2\/posts\/62787\/revisions"}],"predecessor-version":[{"id":62789,"href":"https:\/\/cvinoticias.com\/v3\/wp-json\/wp\/v2\/posts\/62787\/revisions\/62789"}],"wp:featuredmedia":[{"embeddable":true,"href":"https:\/\/cvinoticias.com\/v3\/wp-json\/wp\/v2\/media\/62788"}],"wp:attachment":[{"href":"https:\/\/cvinoticias.com\/v3\/wp-json\/wp\/v2\/media?parent=62787"}],"wp:term":[{"taxonomy":"category","embeddable":true,"href":"https:\/\/cvinoticias.com\/v3\/wp-json\/wp\/v2\/categories?post=62787"},{"taxonomy":"post_tag","embeddable":true,"href":"https:\/\/cvinoticias.com\/v3\/wp-json\/wp\/v2\/tags?post=62787"}],"curies":[{"name":"wp","href":"https:\/\/api.w.org\/{rel}","templated":true}]}}