{"id":62775,"date":"2026-09-04T08:29:17","date_gmt":"2026-09-04T11:29:17","guid":{"rendered":"https:\/\/cvinoticias.com\/v3\/?p=62775"},"modified":"2026-09-04T08:29:18","modified_gmt":"2026-09-04T11:29:18","slug":"audiencia-en-el-ministerio-de-trabajo-por-los-despedidos-y-falta-de-pago-de-salarios-de-los-trabajadores-de-musimundo","status":"publish","type":"post","link":"https:\/\/cvinoticias.com\/v3\/audiencia-en-el-ministerio-de-trabajo-por-los-despedidos-y-falta-de-pago-de-salarios-de-los-trabajadores-de-musimundo\/","title":{"rendered":"Audiencia en el Ministerio de Trabajo por los despedidos y falta de pago de salarios de los trabajadores de Musimundo"},"content":{"rendered":"\n<p class=\"wp-block-paragraph\">En el Ministerio de Trabajo y Empleo de la Provincia de Misiones se llev\u00f3 a cabo este jueves una audiencia en el marco de los reclamos presentados por los trabajadores de la firma Musimundo (CARSA S.A.), vinculados a la falta de pago de haberes y a despidos denunciados como injustificados por los trabajadores y la representaci\u00f3n sindical.<\/p>\n\n\n\n<p class=\"wp-block-paragraph\">La intervenci\u00f3n del organismo provincial se inici\u00f3 a partir de la presentaci\u00f3n efectuada por el Centro de Empleados de Comercio de Posadas, vinculada al cierre de los establecimientos de la firma y a los reclamos planteados por los trabajadores.<\/p>\n\n\n\n<p class=\"wp-block-paragraph\">Durante la jornada del lunes 31 de agosto, el \u00c1rea de Inspecciones, la Polic\u00eda del Trabajo y la Direcci\u00f3n de Asuntos Jur\u00eddicos del Ministerio de Trabajo y Empleo de Misiones se hicieron presentes en las diferentes sucursales de la firma en la provincia, realizando las correspondientes actuaciones y relevamientos de la situaci\u00f3n de los trabajadores. Se constat\u00f3 que los trabajadores no pod\u00edan ingresar a sus puestos de trabajo, debido a que las sucursales se encontraban cerradas.<\/p>\n\n\n\n<figure class=\"wp-block-gallery has-nested-images columns-default is-cropped wp-block-gallery-1 is-layout-flex wp-block-gallery-is-layout-flex\">\n<figure class=\"wp-block-image size-large\"><a href=\"https:\/\/cvinoticias.com\/wp-content\/uploads\/2026\/09\/37ec760e-0402-45b3-9924-f763cc74903a.jpeg\"><img decoding=\"async\" width=\"1024\" height=\"576\" data-id=\"62777\" data-src=\"https:\/\/cvinoticias.com\/wp-content\/uploads\/2026\/09\/37ec760e-0402-45b3-9924-f763cc74903a-1024x576.jpeg\" alt=\"\" class=\"wp-image-62777 lazyload\" data-srcset=\"https:\/\/cvinoticias.com\/wp-content\/uploads\/2026\/09\/37ec760e-0402-45b3-9924-f763cc74903a-1024x576.jpeg 1024w, https:\/\/cvinoticias.com\/wp-content\/uploads\/2026\/09\/37ec760e-0402-45b3-9924-f763cc74903a-300x169.jpeg 300w, https:\/\/cvinoticias.com\/wp-content\/uploads\/2026\/09\/37ec760e-0402-45b3-9924-f763cc74903a-768x432.jpeg 768w, https:\/\/cvinoticias.com\/wp-content\/uploads\/2026\/09\/37ec760e-0402-45b3-9924-f763cc74903a-1536x864.jpeg 1536w, https:\/\/cvinoticias.com\/wp-content\/uploads\/2026\/09\/37ec760e-0402-45b3-9924-f763cc74903a.jpeg 1600w\" data-sizes=\"(max-width: 1024px) 100vw, 1024px\" src=\"data:image\/svg+xml;base64,PHN2ZyB3aWR0aD0iMSIgaGVpZ2h0PSIxIiB4bWxucz0iaHR0cDovL3d3dy53My5vcmcvMjAwMC9zdmciPjwvc3ZnPg==\" style=\"--smush-placeholder-width: 1024px; --smush-placeholder-aspect-ratio: 1024\/576;\" \/><\/a><\/figure>\n\n\n\n<figure class=\"wp-block-image size-large\"><a href=\"https:\/\/cvinoticias.com\/wp-content\/uploads\/2026\/09\/730ae091-3ea8-4859-8597-d5695296e4a1.jpeg\"><img decoding=\"async\" width=\"1024\" height=\"576\" data-id=\"62778\" data-src=\"https:\/\/cvinoticias.com\/wp-content\/uploads\/2026\/09\/730ae091-3ea8-4859-8597-d5695296e4a1-1024x576.jpeg\" alt=\"\" class=\"wp-image-62778 lazyload\" data-srcset=\"https:\/\/cvinoticias.com\/wp-content\/uploads\/2026\/09\/730ae091-3ea8-4859-8597-d5695296e4a1-1024x576.jpeg 1024w, https:\/\/cvinoticias.com\/wp-content\/uploads\/2026\/09\/730ae091-3ea8-4859-8597-d5695296e4a1-300x169.jpeg 300w, https:\/\/cvinoticias.com\/wp-content\/uploads\/2026\/09\/730ae091-3ea8-4859-8597-d5695296e4a1-768x432.jpeg 768w, https:\/\/cvinoticias.com\/wp-content\/uploads\/2026\/09\/730ae091-3ea8-4859-8597-d5695296e4a1-1536x864.jpeg 1536w, https:\/\/cvinoticias.com\/wp-content\/uploads\/2026\/09\/730ae091-3ea8-4859-8597-d5695296e4a1.jpeg 1600w\" data-sizes=\"(max-width: 1024px) 100vw, 1024px\" src=\"data:image\/svg+xml;base64,PHN2ZyB3aWR0aD0iMSIgaGVpZ2h0PSIxIiB4bWxucz0iaHR0cDovL3d3dy53My5vcmcvMjAwMC9zdmciPjwvc3ZnPg==\" style=\"--smush-placeholder-width: 1024px; --smush-placeholder-aspect-ratio: 1024\/576;\" \/><\/a><\/figure>\n<\/figure>\n\n\n\n<p class=\"wp-block-paragraph\">Estuvieron presentes en la audiencia representantes de los Centros de Empleados de Comercio de Posadas, Eldorado, Puerto Iguaz\u00fa y Ober\u00e1, representantes de la Confederaci\u00f3n General del Trabajo (CGT) y delegados gremiales de los trabajadores de la firma, quienes fueron recibidos por la ministra de Trabajo y Empleo, Silvana Gim\u00e9nez, junto a los equipos t\u00e9cnicos del organismo provincial.<\/p>\n\n\n\n<p class=\"wp-block-paragraph\">La representaci\u00f3n sindical expuso los incumplimientos laborales denunciados y plante\u00f3 la necesidad de una respuesta ante la situaci\u00f3n de los trabajadores, teniendo en consideraci\u00f3n el car\u00e1cter alimentario de los haberes laborales.<\/p>\n\n\n\n<p class=\"wp-block-paragraph\">La firma MUSIMUNDO (CARSA S.A.), encontr\u00e1ndose debidamente notificada para la audiencia, no se hizo presente al encuentro, circunstancia que qued\u00f3 asentada en las actuaciones administrativas correspondientes.<\/p>\n\n\n\n<p class=\"wp-block-paragraph\">Ante la ausencia de la empresa, desde la representaci\u00f3n sindical se present\u00f3 documentaci\u00f3n informando que se habr\u00eda dictaminado la quiebra presentada ante la Justicia de la ciudad de Resistencia, provincia del Chaco, en fecha 2 de septiembre.<\/p>\n\n\n\n<p class=\"wp-block-paragraph\">El Ministerio de Trabajo y Empleo de Misiones continuar\u00e1 acompa\u00f1ando a las entidades sindicales y a los trabajadores, ejerciendo plenamente sus competencias institucionales, promoviendo las instancias de di\u00e1logo correspondientes y garantizando el acceso a la informaci\u00f3n necesaria respecto de la situaci\u00f3n de cada trabajador, de los cr\u00e9ditos laborales que pudieran corresponder y de las alternativas legales disponibles para su reconocimiento y cobro, resguardando los derechos laborales de quienes atraviesan esta situaci\u00f3n.<\/p>\n\n\n\n<figure class=\"wp-block-gallery has-nested-images columns-default is-cropped wp-block-gallery-2 is-layout-flex wp-block-gallery-is-layout-flex\">\n<figure class=\"wp-block-image size-large\"><a href=\"https:\/\/cvinoticias.com\/wp-content\/uploads\/2026\/09\/ea7ad6ae-f674-495a-a281-ffe5041654cd.jpeg\"><img decoding=\"async\" width=\"1024\" height=\"576\" data-id=\"62780\" data-src=\"https:\/\/cvinoticias.com\/wp-content\/uploads\/2026\/09\/ea7ad6ae-f674-495a-a281-ffe5041654cd-1024x576.jpeg\" alt=\"\" class=\"wp-image-62780 lazyload\" data-srcset=\"https:\/\/cvinoticias.com\/wp-content\/uploads\/2026\/09\/ea7ad6ae-f674-495a-a281-ffe5041654cd-1024x576.jpeg 1024w, https:\/\/cvinoticias.com\/wp-content\/uploads\/2026\/09\/ea7ad6ae-f674-495a-a281-ffe5041654cd-300x169.jpeg 300w, https:\/\/cvinoticias.com\/wp-content\/uploads\/2026\/09\/ea7ad6ae-f674-495a-a281-ffe5041654cd-768x432.jpeg 768w, https:\/\/cvinoticias.com\/wp-content\/uploads\/2026\/09\/ea7ad6ae-f674-495a-a281-ffe5041654cd-1536x864.jpeg 1536w, https:\/\/cvinoticias.com\/wp-content\/uploads\/2026\/09\/ea7ad6ae-f674-495a-a281-ffe5041654cd.jpeg 1600w\" data-sizes=\"(max-width: 1024px) 100vw, 1024px\" src=\"data:image\/svg+xml;base64,PHN2ZyB3aWR0aD0iMSIgaGVpZ2h0PSIxIiB4bWxucz0iaHR0cDovL3d3dy53My5vcmcvMjAwMC9zdmciPjwvc3ZnPg==\" style=\"--smush-placeholder-width: 1024px; --smush-placeholder-aspect-ratio: 1024\/576;\" \/><\/a><\/figure>\n\n\n\n<figure class=\"wp-block-image size-large\"><a href=\"https:\/\/cvinoticias.com\/wp-content\/uploads\/2026\/09\/f615105c-9ce6-4cda-88c3-0ef47c623014.jpeg\"><img decoding=\"async\" width=\"1024\" height=\"576\" data-id=\"62779\" data-src=\"https:\/\/cvinoticias.com\/wp-content\/uploads\/2026\/09\/f615105c-9ce6-4cda-88c3-0ef47c623014-1024x576.jpeg\" alt=\"\" class=\"wp-image-62779 lazyload\" data-srcset=\"https:\/\/cvinoticias.com\/wp-content\/uploads\/2026\/09\/f615105c-9ce6-4cda-88c3-0ef47c623014-1024x576.jpeg 1024w, https:\/\/cvinoticias.com\/wp-content\/uploads\/2026\/09\/f615105c-9ce6-4cda-88c3-0ef47c623014-300x169.jpeg 300w, https:\/\/cvinoticias.com\/wp-content\/uploads\/2026\/09\/f615105c-9ce6-4cda-88c3-0ef47c623014-768x432.jpeg 768w, https:\/\/cvinoticias.com\/wp-content\/uploads\/2026\/09\/f615105c-9ce6-4cda-88c3-0ef47c623014-1536x864.jpeg 1536w, https:\/\/cvinoticias.com\/wp-content\/uploads\/2026\/09\/f615105c-9ce6-4cda-88c3-0ef47c623014.jpeg 1600w\" data-sizes=\"(max-width: 1024px) 100vw, 1024px\" src=\"data:image\/svg+xml;base64,PHN2ZyB3aWR0aD0iMSIgaGVpZ2h0PSIxIiB4bWxucz0iaHR0cDovL3d3dy53My5vcmcvMjAwMC9zdmciPjwvc3ZnPg==\" style=\"--smush-placeholder-width: 1024px; --smush-placeholder-aspect-ratio: 1024\/576;\" \/><\/a><\/figure>\n<\/figure>\n","protected":false},"excerpt":{"rendered":"<p>En el Ministerio de Trabajo y Empleo de la Provincia de Misiones se llev\u00f3 a cabo este jueves una audiencia en el marco de los reclamos presentados por los trabajadores de la firma Musimundo (CARSA S.A.), vinculados a la falta de pago de haberes y a despidos denunciados como injustificados por los trabajadores y la [&hellip;]<\/p>\n","protected":false},"author":2,"featured_media":62776,"comment_status":"open","ping_status":"closed","sticky":false,"template":"","format":"standard","meta":{"footnotes":""},"categories":[47],"tags":[4960,4374,1313,7119,730,3492,2057],"class_list":["post-62775","post","type-post","status-publish","format-standard","has-post-thumbnail","hentry","category-sociedad","tag-audiencia","tag-despidos","tag-ministerio","tag-musimundo","tag-salarios","tag-trabajadores","tag-trabajo"],"yoast_head":"<!-- This site is optimized with the Yoast SEO plugin v28.4 - https:\/\/yoast.com\/product\/yoast-seo-wordpress\/ -->\n<title>Audiencia por despidos y salarios adeudados en Musimundo | CVI NOTICIAS<\/title>\n<meta name=\"description\" content=\"El Ministerio de Trabajo de Misiones intervino ante reclamos por despidos y falta de pago de salarios en Musimundo.\" \/>\n<meta name=\"robots\" content=\"index, follow, max-snippet:-1, max-image-preview:large, max-video-preview:-1\" \/>\n<link rel=\"canonical\" href=\"https:\/\/cvinoticias.com\/v3\/audiencia-en-el-ministerio-de-trabajo-por-los-despedidos-y-falta-de-pago-de-salarios-de-los-trabajadores-de-musimundo\/\" \/>\n<meta property=\"og:locale\" content=\"es_ES\" \/>\n<meta property=\"og:type\" content=\"article\" \/>\n<meta property=\"og:title\" content=\"Audiencia por despidos y salarios adeudados en Musimundo | CVI NOTICIAS\" \/>\n<meta property=\"og:description\" content=\"El Ministerio de Trabajo de Misiones intervino ante reclamos por despidos y falta de pago de salarios en Musimundo.\" \/>\n<meta property=\"og:url\" content=\"https:\/\/cvinoticias.com\/v3\/audiencia-en-el-ministerio-de-trabajo-por-los-despedidos-y-falta-de-pago-de-salarios-de-los-trabajadores-de-musimundo\/\" \/>\n<meta property=\"og:site_name\" content=\"CVI NOTICIAS\" \/>\n<meta property=\"article:publisher\" content=\"https:\/\/www.facebook.com\/cvinoticias\" \/>\n<meta property=\"article:published_time\" content=\"2026-09-04T11:29:17+00:00\" \/>\n<meta property=\"article:modified_time\" content=\"2026-09-04T11:29:18+00:00\" \/>\n<meta property=\"og:image\" content=\"https:\/\/cvinoticias.com\/wp-content\/uploads\/2026\/09\/c4eedc1f-f648-42c5-a1cd-9bce9b5223d9.jpeg\" \/>\n\t<meta property=\"og:image:width\" content=\"1600\" \/>\n\t<meta property=\"og:image:height\" content=\"900\" \/>\n\t<meta property=\"og:image:type\" content=\"image\/jpeg\" \/>\n<meta name=\"author\" content=\"f1000024\" \/>\n<meta name=\"twitter:card\" content=\"summary_large_image\" \/>\n<meta name=\"twitter:label1\" content=\"Escrito por\" \/>\n\t<meta name=\"twitter:data1\" content=\"f1000024\" \/>\n\t<meta name=\"twitter:label2\" content=\"Tiempo de lectura\" \/>\n\t<meta name=\"twitter:data2\" content=\"3 minutos\" \/>\n<script type=\"application\/ld+json\" class=\"yoast-schema-graph\">{\"@context\":\"https:\\\/\\\/schema.org\",\"@graph\":[{\"@type\":\"Article\",\"@id\":\"https:\\\/\\\/cvinoticias.com\\\/v3\\\/audiencia-en-el-ministerio-de-trabajo-por-los-despedidos-y-falta-de-pago-de-salarios-de-los-trabajadores-de-musimundo\\\/#article\",\"isPartOf\":{\"@id\":\"https:\\\/\\\/cvinoticias.com\\\/v3\\\/audiencia-en-el-ministerio-de-trabajo-por-los-despedidos-y-falta-de-pago-de-salarios-de-los-trabajadores-de-musimundo\\\/\"},\"author\":{\"name\":\"f1000024\",\"@id\":\"https:\\\/\\\/cvinoticias.com\\\/v3\\\/#\\\/schema\\\/person\\\/2db77e3c6bc03c538495d7b2b8be9b66\"},\"headline\":\"Audiencia en el Ministerio de Trabajo por los despedidos y falta de pago de salarios de los trabajadores de Musimundo\",\"datePublished\":\"2026-09-04T11:29:17+00:00\",\"dateModified\":\"2026-09-04T11:29:18+00:00\",\"mainEntityOfPage\":{\"@id\":\"https:\\\/\\\/cvinoticias.com\\\/v3\\\/audiencia-en-el-ministerio-de-trabajo-por-los-despedidos-y-falta-de-pago-de-salarios-de-los-trabajadores-de-musimundo\\\/\"},\"wordCount\":439,\"commentCount\":0,\"publisher\":{\"@id\":\"https:\\\/\\\/cvinoticias.com\\\/v3\\\/#organization\"},\"image\":{\"@id\":\"https:\\\/\\\/cvinoticias.com\\\/v3\\\/audiencia-en-el-ministerio-de-trabajo-por-los-despedidos-y-falta-de-pago-de-salarios-de-los-trabajadores-de-musimundo\\\/#primaryimage\"},\"thumbnailUrl\":\"https:\\\/\\\/cvinoticias.com\\\/wp-content\\\/uploads\\\/2026\\\/09\\\/c4eedc1f-f648-42c5-a1cd-9bce9b5223d9.jpeg\",\"keywords\":[\"audiencia\",\"despidos\",\"Ministerio\",\"musimundo\",\"Salarios\",\"trabajadores\",\"trabajo\"],\"articleSection\":[\"Sociedad\"],\"inLanguage\":\"es\",\"potentialAction\":[{\"@type\":\"CommentAction\",\"name\":\"Comment\",\"target\":[\"https:\\\/\\\/cvinoticias.com\\\/v3\\\/audiencia-en-el-ministerio-de-trabajo-por-los-despedidos-y-falta-de-pago-de-salarios-de-los-trabajadores-de-musimundo\\\/#respond\"]}]},{\"@type\":\"WebPage\",\"@id\":\"https:\\\/\\\/cvinoticias.com\\\/v3\\\/audiencia-en-el-ministerio-de-trabajo-por-los-despedidos-y-falta-de-pago-de-salarios-de-los-trabajadores-de-musimundo\\\/\",\"url\":\"https:\\\/\\\/cvinoticias.com\\\/v3\\\/audiencia-en-el-ministerio-de-trabajo-por-los-despedidos-y-falta-de-pago-de-salarios-de-los-trabajadores-de-musimundo\\\/\",\"name\":\"Audiencia por despidos y salarios adeudados en Musimundo | CVI NOTICIAS\",\"isPartOf\":{\"@id\":\"https:\\\/\\\/cvinoticias.com\\\/v3\\\/#website\"},\"primaryImageOfPage\":{\"@id\":\"https:\\\/\\\/cvinoticias.com\\\/v3\\\/audiencia-en-el-ministerio-de-trabajo-por-los-despedidos-y-falta-de-pago-de-salarios-de-los-trabajadores-de-musimundo\\\/#primaryimage\"},\"image\":{\"@id\":\"https:\\\/\\\/cvinoticias.com\\\/v3\\\/audiencia-en-el-ministerio-de-trabajo-por-los-despedidos-y-falta-de-pago-de-salarios-de-los-trabajadores-de-musimundo\\\/#primaryimage\"},\"thumbnailUrl\":\"https:\\\/\\\/cvinoticias.com\\\/wp-content\\\/uploads\\\/2026\\\/09\\\/c4eedc1f-f648-42c5-a1cd-9bce9b5223d9.jpeg\",\"datePublished\":\"2026-09-04T11:29:17+00:00\",\"dateModified\":\"2026-09-04T11:29:18+00:00\",\"description\":\"El Ministerio de Trabajo de Misiones intervino ante reclamos por despidos y falta de pago de salarios en Musimundo.\",\"breadcrumb\":{\"@id\":\"https:\\\/\\\/cvinoticias.com\\\/v3\\\/audiencia-en-el-ministerio-de-trabajo-por-los-despedidos-y-falta-de-pago-de-salarios-de-los-trabajadores-de-musimundo\\\/#breadcrumb\"},\"inLanguage\":\"es\",\"potentialAction\":[{\"@type\":\"ReadAction\",\"target\":[\"https:\\\/\\\/cvinoticias.com\\\/v3\\\/audiencia-en-el-ministerio-de-trabajo-por-los-despedidos-y-falta-de-pago-de-salarios-de-los-trabajadores-de-musimundo\\\/\"]}]},{\"@type\":\"ImageObject\",\"inLanguage\":\"es\",\"@id\":\"https:\\\/\\\/cvinoticias.com\\\/v3\\\/audiencia-en-el-ministerio-de-trabajo-por-los-despedidos-y-falta-de-pago-de-salarios-de-los-trabajadores-de-musimundo\\\/#primaryimage\",\"url\":\"https:\\\/\\\/cvinoticias.com\\\/wp-content\\\/uploads\\\/2026\\\/09\\\/c4eedc1f-f648-42c5-a1cd-9bce9b5223d9.jpeg\",\"contentUrl\":\"https:\\\/\\\/cvinoticias.com\\\/wp-content\\\/uploads\\\/2026\\\/09\\\/c4eedc1f-f648-42c5-a1cd-9bce9b5223d9.jpeg\",\"width\":1600,\"height\":900},{\"@type\":\"BreadcrumbList\",\"@id\":\"https:\\\/\\\/cvinoticias.com\\\/v3\\\/audiencia-en-el-ministerio-de-trabajo-por-los-despedidos-y-falta-de-pago-de-salarios-de-los-trabajadores-de-musimundo\\\/#breadcrumb\",\"itemListElement\":[{\"@type\":\"ListItem\",\"position\":1,\"name\":\"Portada\",\"item\":\"https:\\\/\\\/cvinoticias.com\\\/v3\\\/\"},{\"@type\":\"ListItem\",\"position\":2,\"name\":\"Audiencia en el Ministerio de Trabajo por los despedidos y falta de pago de salarios de los trabajadores de Musimundo\"}]},{\"@type\":\"WebSite\",\"@id\":\"https:\\\/\\\/cvinoticias.com\\\/v3\\\/#website\",\"url\":\"https:\\\/\\\/cvinoticias.com\\\/v3\\\/\",\"name\":\"CVI NOTICIAS\",\"description\":\"\",\"publisher\":{\"@id\":\"https:\\\/\\\/cvinoticias.com\\\/v3\\\/#organization\"},\"alternateName\":\"CVI\",\"potentialAction\":[{\"@type\":\"SearchAction\",\"target\":{\"@type\":\"EntryPoint\",\"urlTemplate\":\"https:\\\/\\\/cvinoticias.com\\\/v3\\\/?s={search_term_string}\"},\"query-input\":{\"@type\":\"PropertyValueSpecification\",\"valueRequired\":true,\"valueName\":\"search_term_string\"}}],\"inLanguage\":\"es\"},{\"@type\":\"Organization\",\"@id\":\"https:\\\/\\\/cvinoticias.com\\\/v3\\\/#organization\",\"name\":\"CVI NOTICIAS\",\"url\":\"https:\\\/\\\/cvinoticias.com\\\/v3\\\/\",\"logo\":{\"@type\":\"ImageObject\",\"inLanguage\":\"es\",\"@id\":\"https:\\\/\\\/cvinoticias.com\\\/v3\\\/#\\\/schema\\\/logo\\\/image\\\/\",\"url\":\"https:\\\/\\\/cvinoticias.com\\\/wp-content\\\/uploads\\\/2023\\\/04\\\/cropped-cropped-cropped-cropped-cropped-3-1.png\",\"contentUrl\":\"https:\\\/\\\/cvinoticias.com\\\/wp-content\\\/uploads\\\/2023\\\/04\\\/cropped-cropped-cropped-cropped-cropped-3-1.png\",\"width\":95,\"height\":122,\"caption\":\"CVI NOTICIAS\"},\"image\":{\"@id\":\"https:\\\/\\\/cvinoticias.com\\\/v3\\\/#\\\/schema\\\/logo\\\/image\\\/\"},\"sameAs\":[\"https:\\\/\\\/www.facebook.com\\\/cvinoticias\",\"https:\\\/\\\/www.instagram.com\\\/cvinoticias\\\/\",\"https:\\\/\\\/www.youtube.com\\\/@CVINOTICIAS\"]},{\"@type\":\"Person\",\"@id\":\"https:\\\/\\\/cvinoticias.com\\\/v3\\\/#\\\/schema\\\/person\\\/2db77e3c6bc03c538495d7b2b8be9b66\",\"name\":\"f1000024\",\"image\":{\"@type\":\"ImageObject\",\"inLanguage\":\"es\",\"@id\":\"https:\\\/\\\/secure.gravatar.com\\\/avatar\\\/d4fe7459cfc51ff5129ce1a732bbef5928568b8092d412ef95611616376bbeed?s=96&d=mm&r=g\",\"url\":\"https:\\\/\\\/secure.gravatar.com\\\/avatar\\\/d4fe7459cfc51ff5129ce1a732bbef5928568b8092d412ef95611616376bbeed?s=96&d=mm&r=g\",\"contentUrl\":\"https:\\\/\\\/secure.gravatar.com\\\/avatar\\\/d4fe7459cfc51ff5129ce1a732bbef5928568b8092d412ef95611616376bbeed?s=96&d=mm&r=g\",\"caption\":\"f1000024\"},\"url\":\"https:\\\/\\\/cvinoticias.com\\\/v3\\\/author\\\/f1000024\\\/\"}]}<\/script>\n<!-- \/ Yoast SEO plugin. -->","yoast_head_json":{"title":"Audiencia por despidos y salarios adeudados en Musimundo | CVI NOTICIAS","description":"El Ministerio de Trabajo de Misiones intervino ante reclamos por despidos y falta de pago de salarios en Musimundo.","robots":{"index":"index","follow":"follow","max-snippet":"max-snippet:-1","max-image-preview":"max-image-preview:large","max-video-preview":"max-video-preview:-1"},"canonical":"https:\/\/cvinoticias.com\/v3\/audiencia-en-el-ministerio-de-trabajo-por-los-despedidos-y-falta-de-pago-de-salarios-de-los-trabajadores-de-musimundo\/","og_locale":"es_ES","og_type":"article","og_title":"Audiencia por despidos y salarios adeudados en Musimundo | CVI NOTICIAS","og_description":"El Ministerio de Trabajo de Misiones intervino ante reclamos por despidos y falta de pago de salarios en Musimundo.","og_url":"https:\/\/cvinoticias.com\/v3\/audiencia-en-el-ministerio-de-trabajo-por-los-despedidos-y-falta-de-pago-de-salarios-de-los-trabajadores-de-musimundo\/","og_site_name":"CVI NOTICIAS","article_publisher":"https:\/\/www.facebook.com\/cvinoticias","article_published_time":"2026-09-04T11:29:17+00:00","article_modified_time":"2026-09-04T11:29:18+00:00","og_image":[{"width":1600,"height":900,"url":"https:\/\/cvinoticias.com\/wp-content\/uploads\/2026\/09\/c4eedc1f-f648-42c5-a1cd-9bce9b5223d9.jpeg","type":"image\/jpeg"}],"author":"f1000024","twitter_card":"summary_large_image","twitter_misc":{"Escrito por":"f1000024","Tiempo de lectura":"3 minutos"},"schema":{"@context":"https:\/\/schema.org","@graph":[{"@type":"Article","@id":"https:\/\/cvinoticias.com\/v3\/audiencia-en-el-ministerio-de-trabajo-por-los-despedidos-y-falta-de-pago-de-salarios-de-los-trabajadores-de-musimundo\/#article","isPartOf":{"@id":"https:\/\/cvinoticias.com\/v3\/audiencia-en-el-ministerio-de-trabajo-por-los-despedidos-y-falta-de-pago-de-salarios-de-los-trabajadores-de-musimundo\/"},"author":{"name":"f1000024","@id":"https:\/\/cvinoticias.com\/v3\/#\/schema\/person\/2db77e3c6bc03c538495d7b2b8be9b66"},"headline":"Audiencia en el Ministerio de Trabajo por los despedidos y falta de pago de salarios de los trabajadores de Musimundo","datePublished":"2026-09-04T11:29:17+00:00","dateModified":"2026-09-04T11:29:18+00:00","mainEntityOfPage":{"@id":"https:\/\/cvinoticias.com\/v3\/audiencia-en-el-ministerio-de-trabajo-por-los-despedidos-y-falta-de-pago-de-salarios-de-los-trabajadores-de-musimundo\/"},"wordCount":439,"commentCount":0,"publisher":{"@id":"https:\/\/cvinoticias.com\/v3\/#organization"},"image":{"@id":"https:\/\/cvinoticias.com\/v3\/audiencia-en-el-ministerio-de-trabajo-por-los-despedidos-y-falta-de-pago-de-salarios-de-los-trabajadores-de-musimundo\/#primaryimage"},"thumbnailUrl":"https:\/\/cvinoticias.com\/wp-content\/uploads\/2026\/09\/c4eedc1f-f648-42c5-a1cd-9bce9b5223d9.jpeg","keywords":["audiencia","despidos","Ministerio","musimundo","Salarios","trabajadores","trabajo"],"articleSection":["Sociedad"],"inLanguage":"es","potentialAction":[{"@type":"CommentAction","name":"Comment","target":["https:\/\/cvinoticias.com\/v3\/audiencia-en-el-ministerio-de-trabajo-por-los-despedidos-y-falta-de-pago-de-salarios-de-los-trabajadores-de-musimundo\/#respond"]}]},{"@type":"WebPage","@id":"https:\/\/cvinoticias.com\/v3\/audiencia-en-el-ministerio-de-trabajo-por-los-despedidos-y-falta-de-pago-de-salarios-de-los-trabajadores-de-musimundo\/","url":"https:\/\/cvinoticias.com\/v3\/audiencia-en-el-ministerio-de-trabajo-por-los-despedidos-y-falta-de-pago-de-salarios-de-los-trabajadores-de-musimundo\/","name":"Audiencia por despidos y salarios adeudados en Musimundo | CVI NOTICIAS","isPartOf":{"@id":"https:\/\/cvinoticias.com\/v3\/#website"},"primaryImageOfPage":{"@id":"https:\/\/cvinoticias.com\/v3\/audiencia-en-el-ministerio-de-trabajo-por-los-despedidos-y-falta-de-pago-de-salarios-de-los-trabajadores-de-musimundo\/#primaryimage"},"image":{"@id":"https:\/\/cvinoticias.com\/v3\/audiencia-en-el-ministerio-de-trabajo-por-los-despedidos-y-falta-de-pago-de-salarios-de-los-trabajadores-de-musimundo\/#primaryimage"},"thumbnailUrl":"https:\/\/cvinoticias.com\/wp-content\/uploads\/2026\/09\/c4eedc1f-f648-42c5-a1cd-9bce9b5223d9.jpeg","datePublished":"2026-09-04T11:29:17+00:00","dateModified":"2026-09-04T11:29:18+00:00","description":"El Ministerio de Trabajo de Misiones intervino ante reclamos por despidos y falta de pago de salarios en Musimundo.","breadcrumb":{"@id":"https:\/\/cvinoticias.com\/v3\/audiencia-en-el-ministerio-de-trabajo-por-los-despedidos-y-falta-de-pago-de-salarios-de-los-trabajadores-de-musimundo\/#breadcrumb"},"inLanguage":"es","potentialAction":[{"@type":"ReadAction","target":["https:\/\/cvinoticias.com\/v3\/audiencia-en-el-ministerio-de-trabajo-por-los-despedidos-y-falta-de-pago-de-salarios-de-los-trabajadores-de-musimundo\/"]}]},{"@type":"ImageObject","inLanguage":"es","@id":"https:\/\/cvinoticias.com\/v3\/audiencia-en-el-ministerio-de-trabajo-por-los-despedidos-y-falta-de-pago-de-salarios-de-los-trabajadores-de-musimundo\/#primaryimage","url":"https:\/\/cvinoticias.com\/wp-content\/uploads\/2026\/09\/c4eedc1f-f648-42c5-a1cd-9bce9b5223d9.jpeg","contentUrl":"https:\/\/cvinoticias.com\/wp-content\/uploads\/2026\/09\/c4eedc1f-f648-42c5-a1cd-9bce9b5223d9.jpeg","width":1600,"height":900},{"@type":"BreadcrumbList","@id":"https:\/\/cvinoticias.com\/v3\/audiencia-en-el-ministerio-de-trabajo-por-los-despedidos-y-falta-de-pago-de-salarios-de-los-trabajadores-de-musimundo\/#breadcrumb","itemListElement":[{"@type":"ListItem","position":1,"name":"Portada","item":"https:\/\/cvinoticias.com\/v3\/"},{"@type":"ListItem","position":2,"name":"Audiencia en el Ministerio de Trabajo por los despedidos y falta de pago de salarios de los trabajadores de Musimundo"}]},{"@type":"WebSite","@id":"https:\/\/cvinoticias.com\/v3\/#website","url":"https:\/\/cvinoticias.com\/v3\/","name":"CVI NOTICIAS","description":"","publisher":{"@id":"https:\/\/cvinoticias.com\/v3\/#organization"},"alternateName":"CVI","potentialAction":[{"@type":"SearchAction","target":{"@type":"EntryPoint","urlTemplate":"https:\/\/cvinoticias.com\/v3\/?s={search_term_string}"},"query-input":{"@type":"PropertyValueSpecification","valueRequired":true,"valueName":"search_term_string"}}],"inLanguage":"es"},{"@type":"Organization","@id":"https:\/\/cvinoticias.com\/v3\/#organization","name":"CVI NOTICIAS","url":"https:\/\/cvinoticias.com\/v3\/","logo":{"@type":"ImageObject","inLanguage":"es","@id":"https:\/\/cvinoticias.com\/v3\/#\/schema\/logo\/image\/","url":"https:\/\/cvinoticias.com\/wp-content\/uploads\/2023\/04\/cropped-cropped-cropped-cropped-cropped-3-1.png","contentUrl":"https:\/\/cvinoticias.com\/wp-content\/uploads\/2023\/04\/cropped-cropped-cropped-cropped-cropped-3-1.png","width":95,"height":122,"caption":"CVI NOTICIAS"},"image":{"@id":"https:\/\/cvinoticias.com\/v3\/#\/schema\/logo\/image\/"},"sameAs":["https:\/\/www.facebook.com\/cvinoticias","https:\/\/www.instagram.com\/cvinoticias\/","https:\/\/www.youtube.com\/@CVINOTICIAS"]},{"@type":"Person","@id":"https:\/\/cvinoticias.com\/v3\/#\/schema\/person\/2db77e3c6bc03c538495d7b2b8be9b66","name":"f1000024","image":{"@type":"ImageObject","inLanguage":"es","@id":"https:\/\/secure.gravatar.com\/avatar\/d4fe7459cfc51ff5129ce1a732bbef5928568b8092d412ef95611616376bbeed?s=96&d=mm&r=g","url":"https:\/\/secure.gravatar.com\/avatar\/d4fe7459cfc51ff5129ce1a732bbef5928568b8092d412ef95611616376bbeed?s=96&d=mm&r=g","contentUrl":"https:\/\/secure.gravatar.com\/avatar\/d4fe7459cfc51ff5129ce1a732bbef5928568b8092d412ef95611616376bbeed?s=96&d=mm&r=g","caption":"f1000024"},"url":"https:\/\/cvinoticias.com\/v3\/author\/f1000024\/"}]}},"_links":{"self":[{"href":"https:\/\/cvinoticias.com\/v3\/wp-json\/wp\/v2\/posts\/62775","targetHints":{"allow":["GET"]}}],"collection":[{"href":"https:\/\/cvinoticias.com\/v3\/wp-json\/wp\/v2\/posts"}],"about":[{"href":"https:\/\/cvinoticias.com\/v3\/wp-json\/wp\/v2\/types\/post"}],"author":[{"embeddable":true,"href":"https:\/\/cvinoticias.com\/v3\/wp-json\/wp\/v2\/users\/2"}],"replies":[{"embeddable":true,"href":"https:\/\/cvinoticias.com\/v3\/wp-json\/wp\/v2\/comments?post=62775"}],"version-history":[{"count":1,"href":"https:\/\/cvinoticias.com\/v3\/wp-json\/wp\/v2\/posts\/62775\/revisions"}],"predecessor-version":[{"id":62781,"href":"https:\/\/cvinoticias.com\/v3\/wp-json\/wp\/v2\/posts\/62775\/revisions\/62781"}],"wp:featuredmedia":[{"embeddable":true,"href":"https:\/\/cvinoticias.com\/v3\/wp-json\/wp\/v2\/media\/62776"}],"wp:attachment":[{"href":"https:\/\/cvinoticias.com\/v3\/wp-json\/wp\/v2\/media?parent=62775"}],"wp:term":[{"taxonomy":"category","embeddable":true,"href":"https:\/\/cvinoticias.com\/v3\/wp-json\/wp\/v2\/categories?post=62775"},{"taxonomy":"post_tag","embeddable":true,"href":"https:\/\/cvinoticias.com\/v3\/wp-json\/wp\/v2\/tags?post=62775"}],"curies":[{"name":"wp","href":"https:\/\/api.w.org\/{rel}","templated":true}]}}