{"id":62768,"date":"2026-09-04T08:08:18","date_gmt":"2026-09-04T11:08:18","guid":{"rendered":"https:\/\/cvinoticias.com\/v3\/?p=62768"},"modified":"2026-09-04T08:08:19","modified_gmt":"2026-09-04T11:08:19","slug":"fin-de-semana-con-lluvias-y-descenso-de-temperatura-en-misiones","status":"publish","type":"post","link":"https:\/\/cvinoticias.com\/v3\/fin-de-semana-con-lluvias-y-descenso-de-temperatura-en-misiones\/","title":{"rendered":"Fin de semana con lluvias y descenso de temperatura en Misiones"},"content":{"rendered":"\n<p class=\"wp-block-paragraph\">El tiempo se presentar\u00e1 <strong>inestable durante este viernes 4 de septiembre en Misiones<\/strong>, con lluvias y tormentas asociadas al avance de un frente fr\u00edo. En Puerto Iguaz\u00fa se espera una jornada con cielo parcialmente nublado, chaparrones y tormentas, con temperaturas estimadas entre <strong>17\u00b0C y 26\u00b0C<\/strong>. Los vientos soplar\u00e1n del sector sur y podr\u00edan intensificarse durante el d\u00eda. <\/p>\n\n\n\n<p class=\"wp-block-paragraph\">Para el <strong>s\u00e1bado 5 de septiembre<\/strong>, las condiciones continuar\u00e1n inestables en buena parte de la provincia. En Puerto Iguaz\u00fa se prev\u00e9n lluvias d\u00e9biles, cielo parcialmente nublado y un marcado descenso t\u00e9rmico, con una m\u00ednima cercana a <strong>15\u00b0C y una m\u00e1xima de 21\u00b0C<\/strong>. Tambi\u00e9n se esperan vientos moderados del sur, por lo que el ambiente ser\u00e1 m\u00e1s fresco.<\/p>\n\n\n\n<p class=\"wp-block-paragraph\">En otros sectores de Misiones, especialmente en el centro y norte provincial, tambi\u00e9n podr\u00edan registrarse lluvias durante el s\u00e1bado. Los pron\u00f3sticos consultados anticipan temperaturas m\u00e1ximas cercanas a los <strong>19\u00b0C<\/strong>, con elevada probabilidad de precipitaciones en localidades como San Pedro y San Javier.<\/p>\n\n\n\n<p class=\"wp-block-paragraph\">El <strong>domingo 6 de septiembre<\/strong> marcar\u00eda una mejora significativa. El cielo tender\u00eda a despejarse y las lluvias quedar\u00edan atr\u00e1s, aunque el ingreso de aire fr\u00edo mantendr\u00e1 un ambiente fresco. En Puerto Iguaz\u00fa se prev\u00e9 una jornada soleada, con temperaturas de aproximadamente <strong>10\u00b0C de m\u00ednima y 19\u00b0C de m\u00e1xima<\/strong>, acompa\u00f1ada por vientos del sur.<\/p>\n\n\n\n<p class=\"wp-block-paragraph\">En el resto de Misiones, el domingo tambi\u00e9n se espera <strong>estable y sin lluvias<\/strong>, con temperaturas que rondar\u00e1n los <strong>11\u00b0C de m\u00ednima y 22\u00b0C de m\u00e1xima<\/strong>. La tendencia ser\u00e1 hacia un ambiente cada vez m\u00e1s fr\u00edo durante las primeras horas del d\u00eda. <\/p>\n\n\n\n<h3 class=\"wp-block-heading\">Pron\u00f3stico resumido<\/h3>\n\n\n\n<figure class=\"wp-block-table\"><table class=\"has-fixed-layout\"><thead><tr><th>D\u00eda<\/th><th>Puerto Iguaz\u00fa<\/th><th>Misiones<\/th><\/tr><\/thead><tbody><tr><td><strong>Viernes 4<\/strong><\/td><td>Lluvias y tormentas. 17\u00b0 a 26\u00b0C<\/td><td>Inestable, lluvias y tormentas<\/td><\/tr><tr><td><strong>S\u00e1bado 5<\/strong><\/td><td>Lluvias d\u00e9biles. 15\u00b0 a 21\u00b0C<\/td><td>Lluvias y descenso t\u00e9rmico<\/td><\/tr><tr><td><strong>Domingo 6<\/strong><\/td><td>Soleado. 10\u00b0 a 19\u00b0C<\/td><td>Estable, fresco y sin lluvias<\/td><\/tr><\/tbody><\/table><\/figure>\n\n\n\n<p class=\"wp-block-paragraph\"><strong>En s\u00edntesis:<\/strong> el fin de semana comenzar\u00e1 con <strong>lluvias, tormentas e inestabilidad<\/strong>, mientras que el domingo llegar\u00e1 una mejora acompa\u00f1ada por un <strong>marcado descenso de las temperaturas<\/strong> en toda la provincia. <\/p>\n\n\n\n<p class=\"wp-block-paragraph\">Fuente: Medio Digitales<\/p>\n","protected":false},"excerpt":{"rendered":"<p>El tiempo se presentar\u00e1 inestable durante este viernes 4 de septiembre en Misiones, con lluvias y tormentas asociadas al avance de un frente fr\u00edo. En Puerto Iguaz\u00fa se espera una jornada con cielo parcialmente nublado, chaparrones y tormentas, con temperaturas estimadas entre 17\u00b0C y 26\u00b0C. Los vientos soplar\u00e1n del sector sur y podr\u00edan intensificarse durante [&hellip;]<\/p>\n","protected":false},"author":2,"featured_media":62769,"comment_status":"open","ping_status":"closed","sticky":false,"template":"","format":"standard","meta":{"footnotes":""},"categories":[1146],"tags":[1148,313,278],"class_list":["post-62768","post","type-post","status-publish","format-standard","has-post-thumbnail","hentry","category-tiempo","tag-clima","tag-iguazu","tag-misiones"],"yoast_head":"<!-- This site is optimized with the Yoast SEO plugin v28.4 - https:\/\/yoast.com\/product\/yoast-seo-wordpress\/ -->\n<title>Clima en Misiones: lluvias y fr\u00edo durante el fin de semana | CVI NOTICIAS<\/title>\n<meta name=\"description\" content=\"Misiones tendr\u00e1 lluvias este viernes y s\u00e1bado, mientras que el domingo llegar\u00e1 una mejora con descenso de temperatura.\" \/>\n<meta name=\"robots\" content=\"index, follow, max-snippet:-1, max-image-preview:large, max-video-preview:-1\" \/>\n<link rel=\"canonical\" href=\"https:\/\/cvinoticias.com\/v3\/fin-de-semana-con-lluvias-y-descenso-de-temperatura-en-misiones\/\" \/>\n<meta property=\"og:locale\" content=\"es_ES\" \/>\n<meta property=\"og:type\" content=\"article\" \/>\n<meta property=\"og:title\" content=\"Clima en Misiones: lluvias y fr\u00edo durante el fin de semana | CVI NOTICIAS\" \/>\n<meta property=\"og:description\" content=\"Misiones tendr\u00e1 lluvias este viernes y s\u00e1bado, mientras que el domingo llegar\u00e1 una mejora con descenso de temperatura.\" \/>\n<meta property=\"og:url\" content=\"https:\/\/cvinoticias.com\/v3\/fin-de-semana-con-lluvias-y-descenso-de-temperatura-en-misiones\/\" \/>\n<meta property=\"og:site_name\" content=\"CVI NOTICIAS\" \/>\n<meta property=\"article:publisher\" content=\"https:\/\/www.facebook.com\/cvinoticias\" \/>\n<meta property=\"article:published_time\" content=\"2026-09-04T11:08:18+00:00\" \/>\n<meta property=\"article:modified_time\" content=\"2026-09-04T11:08:19+00:00\" \/>\n<meta property=\"og:image\" content=\"https:\/\/cvinoticias.com\/wp-content\/uploads\/2026\/09\/unnamed-2.webp\" \/>\n\t<meta property=\"og:image:width\" content=\"1360\" \/>\n\t<meta property=\"og:image:height\" content=\"1020\" \/>\n\t<meta property=\"og:image:type\" content=\"image\/webp\" \/>\n<meta name=\"author\" content=\"f1000024\" \/>\n<meta name=\"twitter:card\" content=\"summary_large_image\" \/>\n<meta name=\"twitter:label1\" content=\"Escrito por\" \/>\n\t<meta name=\"twitter:data1\" content=\"f1000024\" \/>\n\t<meta name=\"twitter:label2\" content=\"Tiempo de lectura\" \/>\n\t<meta name=\"twitter:data2\" content=\"2 minutos\" \/>\n<script type=\"application\/ld+json\" class=\"yoast-schema-graph\">{\"@context\":\"https:\\\/\\\/schema.org\",\"@graph\":[{\"@type\":\"Article\",\"@id\":\"https:\\\/\\\/cvinoticias.com\\\/v3\\\/fin-de-semana-con-lluvias-y-descenso-de-temperatura-en-misiones\\\/#article\",\"isPartOf\":{\"@id\":\"https:\\\/\\\/cvinoticias.com\\\/v3\\\/fin-de-semana-con-lluvias-y-descenso-de-temperatura-en-misiones\\\/\"},\"author\":{\"name\":\"f1000024\",\"@id\":\"https:\\\/\\\/cvinoticias.com\\\/v3\\\/#\\\/schema\\\/person\\\/2db77e3c6bc03c538495d7b2b8be9b66\"},\"headline\":\"Fin de semana con lluvias y descenso de temperatura en Misiones\",\"datePublished\":\"2026-09-04T11:08:18+00:00\",\"dateModified\":\"2026-09-04T11:08:19+00:00\",\"mainEntityOfPage\":{\"@id\":\"https:\\\/\\\/cvinoticias.com\\\/v3\\\/fin-de-semana-con-lluvias-y-descenso-de-temperatura-en-misiones\\\/\"},\"wordCount\":367,\"commentCount\":0,\"publisher\":{\"@id\":\"https:\\\/\\\/cvinoticias.com\\\/v3\\\/#organization\"},\"image\":{\"@id\":\"https:\\\/\\\/cvinoticias.com\\\/v3\\\/fin-de-semana-con-lluvias-y-descenso-de-temperatura-en-misiones\\\/#primaryimage\"},\"thumbnailUrl\":\"https:\\\/\\\/cvinoticias.com\\\/wp-content\\\/uploads\\\/2026\\\/09\\\/unnamed-2.webp\",\"keywords\":[\"Clima\",\"Iguaz\u00fa\",\"Misiones\"],\"articleSection\":[\"Tiempo\"],\"inLanguage\":\"es\",\"potentialAction\":[{\"@type\":\"CommentAction\",\"name\":\"Comment\",\"target\":[\"https:\\\/\\\/cvinoticias.com\\\/v3\\\/fin-de-semana-con-lluvias-y-descenso-de-temperatura-en-misiones\\\/#respond\"]}]},{\"@type\":\"WebPage\",\"@id\":\"https:\\\/\\\/cvinoticias.com\\\/v3\\\/fin-de-semana-con-lluvias-y-descenso-de-temperatura-en-misiones\\\/\",\"url\":\"https:\\\/\\\/cvinoticias.com\\\/v3\\\/fin-de-semana-con-lluvias-y-descenso-de-temperatura-en-misiones\\\/\",\"name\":\"Clima en Misiones: lluvias y fr\u00edo durante el fin de semana | CVI NOTICIAS\",\"isPartOf\":{\"@id\":\"https:\\\/\\\/cvinoticias.com\\\/v3\\\/#website\"},\"primaryImageOfPage\":{\"@id\":\"https:\\\/\\\/cvinoticias.com\\\/v3\\\/fin-de-semana-con-lluvias-y-descenso-de-temperatura-en-misiones\\\/#primaryimage\"},\"image\":{\"@id\":\"https:\\\/\\\/cvinoticias.com\\\/v3\\\/fin-de-semana-con-lluvias-y-descenso-de-temperatura-en-misiones\\\/#primaryimage\"},\"thumbnailUrl\":\"https:\\\/\\\/cvinoticias.com\\\/wp-content\\\/uploads\\\/2026\\\/09\\\/unnamed-2.webp\",\"datePublished\":\"2026-09-04T11:08:18+00:00\",\"dateModified\":\"2026-09-04T11:08:19+00:00\",\"description\":\"Misiones tendr\u00e1 lluvias este viernes y s\u00e1bado, mientras que el domingo llegar\u00e1 una mejora con descenso de temperatura.\",\"breadcrumb\":{\"@id\":\"https:\\\/\\\/cvinoticias.com\\\/v3\\\/fin-de-semana-con-lluvias-y-descenso-de-temperatura-en-misiones\\\/#breadcrumb\"},\"inLanguage\":\"es\",\"potentialAction\":[{\"@type\":\"ReadAction\",\"target\":[\"https:\\\/\\\/cvinoticias.com\\\/v3\\\/fin-de-semana-con-lluvias-y-descenso-de-temperatura-en-misiones\\\/\"]}]},{\"@type\":\"ImageObject\",\"inLanguage\":\"es\",\"@id\":\"https:\\\/\\\/cvinoticias.com\\\/v3\\\/fin-de-semana-con-lluvias-y-descenso-de-temperatura-en-misiones\\\/#primaryimage\",\"url\":\"https:\\\/\\\/cvinoticias.com\\\/wp-content\\\/uploads\\\/2026\\\/09\\\/unnamed-2.webp\",\"contentUrl\":\"https:\\\/\\\/cvinoticias.com\\\/wp-content\\\/uploads\\\/2026\\\/09\\\/unnamed-2.webp\",\"width\":1360,\"height\":1020},{\"@type\":\"BreadcrumbList\",\"@id\":\"https:\\\/\\\/cvinoticias.com\\\/v3\\\/fin-de-semana-con-lluvias-y-descenso-de-temperatura-en-misiones\\\/#breadcrumb\",\"itemListElement\":[{\"@type\":\"ListItem\",\"position\":1,\"name\":\"Portada\",\"item\":\"https:\\\/\\\/cvinoticias.com\\\/v3\\\/\"},{\"@type\":\"ListItem\",\"position\":2,\"name\":\"Fin de semana con lluvias y descenso de temperatura en Misiones\"}]},{\"@type\":\"WebSite\",\"@id\":\"https:\\\/\\\/cvinoticias.com\\\/v3\\\/#website\",\"url\":\"https:\\\/\\\/cvinoticias.com\\\/v3\\\/\",\"name\":\"CVI NOTICIAS\",\"description\":\"\",\"publisher\":{\"@id\":\"https:\\\/\\\/cvinoticias.com\\\/v3\\\/#organization\"},\"alternateName\":\"CVI\",\"potentialAction\":[{\"@type\":\"SearchAction\",\"target\":{\"@type\":\"EntryPoint\",\"urlTemplate\":\"https:\\\/\\\/cvinoticias.com\\\/v3\\\/?s={search_term_string}\"},\"query-input\":{\"@type\":\"PropertyValueSpecification\",\"valueRequired\":true,\"valueName\":\"search_term_string\"}}],\"inLanguage\":\"es\"},{\"@type\":\"Organization\",\"@id\":\"https:\\\/\\\/cvinoticias.com\\\/v3\\\/#organization\",\"name\":\"CVI NOTICIAS\",\"url\":\"https:\\\/\\\/cvinoticias.com\\\/v3\\\/\",\"logo\":{\"@type\":\"ImageObject\",\"inLanguage\":\"es\",\"@id\":\"https:\\\/\\\/cvinoticias.com\\\/v3\\\/#\\\/schema\\\/logo\\\/image\\\/\",\"url\":\"https:\\\/\\\/cvinoticias.com\\\/wp-content\\\/uploads\\\/2023\\\/04\\\/cropped-cropped-cropped-cropped-cropped-3-1.png\",\"contentUrl\":\"https:\\\/\\\/cvinoticias.com\\\/wp-content\\\/uploads\\\/2023\\\/04\\\/cropped-cropped-cropped-cropped-cropped-3-1.png\",\"width\":95,\"height\":122,\"caption\":\"CVI NOTICIAS\"},\"image\":{\"@id\":\"https:\\\/\\\/cvinoticias.com\\\/v3\\\/#\\\/schema\\\/logo\\\/image\\\/\"},\"sameAs\":[\"https:\\\/\\\/www.facebook.com\\\/cvinoticias\",\"https:\\\/\\\/www.instagram.com\\\/cvinoticias\\\/\",\"https:\\\/\\\/www.youtube.com\\\/@CVINOTICIAS\"]},{\"@type\":\"Person\",\"@id\":\"https:\\\/\\\/cvinoticias.com\\\/v3\\\/#\\\/schema\\\/person\\\/2db77e3c6bc03c538495d7b2b8be9b66\",\"name\":\"f1000024\",\"image\":{\"@type\":\"ImageObject\",\"inLanguage\":\"es\",\"@id\":\"https:\\\/\\\/secure.gravatar.com\\\/avatar\\\/d4fe7459cfc51ff5129ce1a732bbef5928568b8092d412ef95611616376bbeed?s=96&d=mm&r=g\",\"url\":\"https:\\\/\\\/secure.gravatar.com\\\/avatar\\\/d4fe7459cfc51ff5129ce1a732bbef5928568b8092d412ef95611616376bbeed?s=96&d=mm&r=g\",\"contentUrl\":\"https:\\\/\\\/secure.gravatar.com\\\/avatar\\\/d4fe7459cfc51ff5129ce1a732bbef5928568b8092d412ef95611616376bbeed?s=96&d=mm&r=g\",\"caption\":\"f1000024\"},\"url\":\"https:\\\/\\\/cvinoticias.com\\\/v3\\\/author\\\/f1000024\\\/\"}]}<\/script>\n<!-- \/ Yoast SEO plugin. -->","yoast_head_json":{"title":"Clima en Misiones: lluvias y fr\u00edo durante el fin de semana | CVI NOTICIAS","description":"Misiones tendr\u00e1 lluvias este viernes y s\u00e1bado, mientras que el domingo llegar\u00e1 una mejora con descenso de temperatura.","robots":{"index":"index","follow":"follow","max-snippet":"max-snippet:-1","max-image-preview":"max-image-preview:large","max-video-preview":"max-video-preview:-1"},"canonical":"https:\/\/cvinoticias.com\/v3\/fin-de-semana-con-lluvias-y-descenso-de-temperatura-en-misiones\/","og_locale":"es_ES","og_type":"article","og_title":"Clima en Misiones: lluvias y fr\u00edo durante el fin de semana | CVI NOTICIAS","og_description":"Misiones tendr\u00e1 lluvias este viernes y s\u00e1bado, mientras que el domingo llegar\u00e1 una mejora con descenso de temperatura.","og_url":"https:\/\/cvinoticias.com\/v3\/fin-de-semana-con-lluvias-y-descenso-de-temperatura-en-misiones\/","og_site_name":"CVI NOTICIAS","article_publisher":"https:\/\/www.facebook.com\/cvinoticias","article_published_time":"2026-09-04T11:08:18+00:00","article_modified_time":"2026-09-04T11:08:19+00:00","og_image":[{"width":1360,"height":1020,"url":"https:\/\/cvinoticias.com\/wp-content\/uploads\/2026\/09\/unnamed-2.webp","type":"image\/webp"}],"author":"f1000024","twitter_card":"summary_large_image","twitter_misc":{"Escrito por":"f1000024","Tiempo de lectura":"2 minutos"},"schema":{"@context":"https:\/\/schema.org","@graph":[{"@type":"Article","@id":"https:\/\/cvinoticias.com\/v3\/fin-de-semana-con-lluvias-y-descenso-de-temperatura-en-misiones\/#article","isPartOf":{"@id":"https:\/\/cvinoticias.com\/v3\/fin-de-semana-con-lluvias-y-descenso-de-temperatura-en-misiones\/"},"author":{"name":"f1000024","@id":"https:\/\/cvinoticias.com\/v3\/#\/schema\/person\/2db77e3c6bc03c538495d7b2b8be9b66"},"headline":"Fin de semana con lluvias y descenso de temperatura en Misiones","datePublished":"2026-09-04T11:08:18+00:00","dateModified":"2026-09-04T11:08:19+00:00","mainEntityOfPage":{"@id":"https:\/\/cvinoticias.com\/v3\/fin-de-semana-con-lluvias-y-descenso-de-temperatura-en-misiones\/"},"wordCount":367,"commentCount":0,"publisher":{"@id":"https:\/\/cvinoticias.com\/v3\/#organization"},"image":{"@id":"https:\/\/cvinoticias.com\/v3\/fin-de-semana-con-lluvias-y-descenso-de-temperatura-en-misiones\/#primaryimage"},"thumbnailUrl":"https:\/\/cvinoticias.com\/wp-content\/uploads\/2026\/09\/unnamed-2.webp","keywords":["Clima","Iguaz\u00fa","Misiones"],"articleSection":["Tiempo"],"inLanguage":"es","potentialAction":[{"@type":"CommentAction","name":"Comment","target":["https:\/\/cvinoticias.com\/v3\/fin-de-semana-con-lluvias-y-descenso-de-temperatura-en-misiones\/#respond"]}]},{"@type":"WebPage","@id":"https:\/\/cvinoticias.com\/v3\/fin-de-semana-con-lluvias-y-descenso-de-temperatura-en-misiones\/","url":"https:\/\/cvinoticias.com\/v3\/fin-de-semana-con-lluvias-y-descenso-de-temperatura-en-misiones\/","name":"Clima en Misiones: lluvias y fr\u00edo durante el fin de semana | CVI NOTICIAS","isPartOf":{"@id":"https:\/\/cvinoticias.com\/v3\/#website"},"primaryImageOfPage":{"@id":"https:\/\/cvinoticias.com\/v3\/fin-de-semana-con-lluvias-y-descenso-de-temperatura-en-misiones\/#primaryimage"},"image":{"@id":"https:\/\/cvinoticias.com\/v3\/fin-de-semana-con-lluvias-y-descenso-de-temperatura-en-misiones\/#primaryimage"},"thumbnailUrl":"https:\/\/cvinoticias.com\/wp-content\/uploads\/2026\/09\/unnamed-2.webp","datePublished":"2026-09-04T11:08:18+00:00","dateModified":"2026-09-04T11:08:19+00:00","description":"Misiones tendr\u00e1 lluvias este viernes y s\u00e1bado, mientras que el domingo llegar\u00e1 una mejora con descenso de temperatura.","breadcrumb":{"@id":"https:\/\/cvinoticias.com\/v3\/fin-de-semana-con-lluvias-y-descenso-de-temperatura-en-misiones\/#breadcrumb"},"inLanguage":"es","potentialAction":[{"@type":"ReadAction","target":["https:\/\/cvinoticias.com\/v3\/fin-de-semana-con-lluvias-y-descenso-de-temperatura-en-misiones\/"]}]},{"@type":"ImageObject","inLanguage":"es","@id":"https:\/\/cvinoticias.com\/v3\/fin-de-semana-con-lluvias-y-descenso-de-temperatura-en-misiones\/#primaryimage","url":"https:\/\/cvinoticias.com\/wp-content\/uploads\/2026\/09\/unnamed-2.webp","contentUrl":"https:\/\/cvinoticias.com\/wp-content\/uploads\/2026\/09\/unnamed-2.webp","width":1360,"height":1020},{"@type":"BreadcrumbList","@id":"https:\/\/cvinoticias.com\/v3\/fin-de-semana-con-lluvias-y-descenso-de-temperatura-en-misiones\/#breadcrumb","itemListElement":[{"@type":"ListItem","position":1,"name":"Portada","item":"https:\/\/cvinoticias.com\/v3\/"},{"@type":"ListItem","position":2,"name":"Fin de semana con lluvias y descenso de temperatura en Misiones"}]},{"@type":"WebSite","@id":"https:\/\/cvinoticias.com\/v3\/#website","url":"https:\/\/cvinoticias.com\/v3\/","name":"CVI NOTICIAS","description":"","publisher":{"@id":"https:\/\/cvinoticias.com\/v3\/#organization"},"alternateName":"CVI","potentialAction":[{"@type":"SearchAction","target":{"@type":"EntryPoint","urlTemplate":"https:\/\/cvinoticias.com\/v3\/?s={search_term_string}"},"query-input":{"@type":"PropertyValueSpecification","valueRequired":true,"valueName":"search_term_string"}}],"inLanguage":"es"},{"@type":"Organization","@id":"https:\/\/cvinoticias.com\/v3\/#organization","name":"CVI NOTICIAS","url":"https:\/\/cvinoticias.com\/v3\/","logo":{"@type":"ImageObject","inLanguage":"es","@id":"https:\/\/cvinoticias.com\/v3\/#\/schema\/logo\/image\/","url":"https:\/\/cvinoticias.com\/wp-content\/uploads\/2023\/04\/cropped-cropped-cropped-cropped-cropped-3-1.png","contentUrl":"https:\/\/cvinoticias.com\/wp-content\/uploads\/2023\/04\/cropped-cropped-cropped-cropped-cropped-3-1.png","width":95,"height":122,"caption":"CVI NOTICIAS"},"image":{"@id":"https:\/\/cvinoticias.com\/v3\/#\/schema\/logo\/image\/"},"sameAs":["https:\/\/www.facebook.com\/cvinoticias","https:\/\/www.instagram.com\/cvinoticias\/","https:\/\/www.youtube.com\/@CVINOTICIAS"]},{"@type":"Person","@id":"https:\/\/cvinoticias.com\/v3\/#\/schema\/person\/2db77e3c6bc03c538495d7b2b8be9b66","name":"f1000024","image":{"@type":"ImageObject","inLanguage":"es","@id":"https:\/\/secure.gravatar.com\/avatar\/d4fe7459cfc51ff5129ce1a732bbef5928568b8092d412ef95611616376bbeed?s=96&d=mm&r=g","url":"https:\/\/secure.gravatar.com\/avatar\/d4fe7459cfc51ff5129ce1a732bbef5928568b8092d412ef95611616376bbeed?s=96&d=mm&r=g","contentUrl":"https:\/\/secure.gravatar.com\/avatar\/d4fe7459cfc51ff5129ce1a732bbef5928568b8092d412ef95611616376bbeed?s=96&d=mm&r=g","caption":"f1000024"},"url":"https:\/\/cvinoticias.com\/v3\/author\/f1000024\/"}]}},"_links":{"self":[{"href":"https:\/\/cvinoticias.com\/v3\/wp-json\/wp\/v2\/posts\/62768","targetHints":{"allow":["GET"]}}],"collection":[{"href":"https:\/\/cvinoticias.com\/v3\/wp-json\/wp\/v2\/posts"}],"about":[{"href":"https:\/\/cvinoticias.com\/v3\/wp-json\/wp\/v2\/types\/post"}],"author":[{"embeddable":true,"href":"https:\/\/cvinoticias.com\/v3\/wp-json\/wp\/v2\/users\/2"}],"replies":[{"embeddable":true,"href":"https:\/\/cvinoticias.com\/v3\/wp-json\/wp\/v2\/comments?post=62768"}],"version-history":[{"count":1,"href":"https:\/\/cvinoticias.com\/v3\/wp-json\/wp\/v2\/posts\/62768\/revisions"}],"predecessor-version":[{"id":62770,"href":"https:\/\/cvinoticias.com\/v3\/wp-json\/wp\/v2\/posts\/62768\/revisions\/62770"}],"wp:featuredmedia":[{"embeddable":true,"href":"https:\/\/cvinoticias.com\/v3\/wp-json\/wp\/v2\/media\/62769"}],"wp:attachment":[{"href":"https:\/\/cvinoticias.com\/v3\/wp-json\/wp\/v2\/media?parent=62768"}],"wp:term":[{"taxonomy":"category","embeddable":true,"href":"https:\/\/cvinoticias.com\/v3\/wp-json\/wp\/v2\/categories?post=62768"},{"taxonomy":"post_tag","embeddable":true,"href":"https:\/\/cvinoticias.com\/v3\/wp-json\/wp\/v2\/tags?post=62768"}],"curies":[{"name":"wp","href":"https:\/\/api.w.org\/{rel}","templated":true}]}}