{"id":62749,"date":"2026-09-02T13:18:41","date_gmt":"2026-09-02T16:18:41","guid":{"rendered":"https:\/\/cvinoticias.com\/v3\/?p=62749"},"modified":"2026-09-03T15:19:19","modified_gmt":"2026-09-03T18:19:19","slug":"tras-una-investigacion-interna-de-la-jefatura-de-policia-dos-suboficiales-fueron-apartados-de-la-fuerza-y-puestos-a-disposicion-de-la-justicia","status":"publish","type":"post","link":"https:\/\/cvinoticias.com\/v3\/tras-una-investigacion-interna-de-la-jefatura-de-policia-dos-suboficiales-fueron-apartados-de-la-fuerza-y-puestos-a-disposicion-de-la-justicia\/","title":{"rendered":"Tras una investigaci\u00f3n interna de la Jefatura de Polic\u00eda, dos suboficiales fueron apartados de la fuerza y puestos a disposici\u00f3n de la Justicia"},"content":{"rendered":"\n<p class=\"wp-block-paragraph\">En el marco de la pol\u00edtica de tolerancia cero ante cualquier conducta que se aparte de la ley y de los deberes de la funci\u00f3n policial, la Jefatura de Polic\u00eda de Misiones dispuso una investigaci\u00f3n interna luego de que la Unidad Regional V detectara e informara presuntas irregularidades que involucrar\u00edan a personal policial en Puerto Iguaz\u00fa. Los hechos investigados habr\u00edan ocurrido en la secci\u00f3n de Resguardo de Detenidos de esa Unidad Regional. A partir de los elementos reunidos por la Direcci\u00f3n de Asuntos Internos y puestos en conocimiento de la Justicia, este mi\u00e9rcoles fueron detenidos dos suboficiales, quienes adem\u00e1s fueron inmediatamente apartados de la instituci\u00f3n.<\/p>\n\n\n\n<h2 class=\"wp-block-heading\">La investigaci\u00f3n<\/h2>\n\n\n\n<p class=\"wp-block-paragraph\">La investigaci\u00f3n se origin\u00f3 a partir de la denuncia formulada por un hombre que se encontraba detenido y que hab\u00eda permanecido alojado en ese sector. En su presentaci\u00f3n manifest\u00f3 que habr\u00eda sufrido malos tratos y expuso una serie de presuntas irregularidades relacionadas con el funcionamiento interno del lugar.<\/p>\n\n\n\n<p class=\"wp-block-paragraph\">Ante lo denunciado, la Jefatura dispuso la apertura de actuaciones con intervenci\u00f3n de la Direcci\u00f3n de Asuntos Internos, que avanz\u00f3 con distintas diligencias destinadas a verificar los hechos y establecer eventuales responsabilidades.<\/p>\n\n\n\n<p class=\"wp-block-paragraph\">En ese marco, se reunieron elementos de inter\u00e9s que fueron puestos en conocimiento del Juzgado de Instrucci\u00f3n N.\u00ba 3 de Puerto Iguaz\u00fa. Paralelamente, la instituci\u00f3n inici\u00f3 las correspondientes actuaciones administrativas respecto del personal involucrado.<\/p>\n\n\n\n<p class=\"wp-block-paragraph\">A partir de las evidencias incorporadas, la Justicia orden\u00f3 allanamientos, secuestros y detenciones dentro de una causa en la que se investigan presuntos hechos de extorsi\u00f3n, exacciones ilegales, cohecho pasivo, apremios ilegales, vejaciones y encubrimiento.<\/p>\n\n\n\n<p class=\"wp-block-paragraph\">As\u00ed, alrededor de las 7 horas de este mi\u00e9rcoles 2 de septiembre, se cumplimentaron las medidas judiciales y fueron detenidos el sargento Rafael A., quien prestaba servicios en la Comisar\u00eda Segunda, y el agente Rodrigo A., perteneciente al Comando Radioel\u00e9ctrico de Iguaz\u00fa. Asimismo, fueron secuestrados los tel\u00e9fonos celulares de ambos para ser incorporados a la investigaci\u00f3n.<\/p>\n\n\n\n<p class=\"wp-block-paragraph\">Los dos suboficiales quedaron detenidos a disposici\u00f3n del magistrado interviniente y fueron apartados de la fuerza por disposici\u00f3n de la Jefatura de Polic\u00eda, mientras contin\u00faan las actuaciones judiciales y administrativas tendientes a determinar el alcance de los hechos investigados y establecer si existir\u00edan otras responsabilidades.<\/p>\n\n\n\n<p class=\"wp-block-paragraph\">La intervenci\u00f3n reafirma el criterio establecido por la Jefatura de Polic\u00eda de investigar con el mismo rigor cualquier irregularidad, incluso cuando pueda involucrar a integrantes de la propia instituci\u00f3n, fortaleciendo los mecanismos de control interno y la pol\u00edtica de tolerancia cero frente a conductas contrarias a la ley.<\/p>\n\n\n\n<p class=\"wp-block-paragraph\"><\/p>\n","protected":false},"excerpt":{"rendered":"<p>En el marco de la pol\u00edtica de tolerancia cero ante cualquier conducta que se aparte de la ley y de los deberes de la funci\u00f3n policial, la Jefatura de Polic\u00eda de Misiones dispuso una investigaci\u00f3n interna luego de que la Unidad Regional V detectara e informara presuntas irregularidades que involucrar\u00edan a personal policial en Puerto [&hellip;]<\/p>\n","protected":false},"author":2,"featured_media":62750,"comment_status":"open","ping_status":"closed","sticky":false,"template":"","format":"standard","meta":{"footnotes":""},"categories":[41],"tags":[4538,313,7122,677,2488],"class_list":["post-62749","post","type-post","status-publish","format-standard","has-post-thumbnail","hentry","category-policiales","tag-fuerza","tag-iguazu","tag-jefatura","tag-policia","tag-suboficiales"],"yoast_head":"<!-- This site is optimized with the Yoast SEO plugin v28.4 - https:\/\/yoast.com\/product\/yoast-seo-wordpress\/ -->\n<title>Dos polic\u00edas fueron apartados y detenidos en Iguaz\u00fa | CVI NOTICIAS<\/title>\n<meta name=\"description\" content=\"Dos suboficiales fueron detenidos y apartados de la Polic\u00eda de Misiones por una causa que investiga presuntas irregularidades.\" \/>\n<meta name=\"robots\" content=\"index, follow, max-snippet:-1, max-image-preview:large, max-video-preview:-1\" \/>\n<link rel=\"canonical\" href=\"https:\/\/cvinoticias.com\/v3\/tras-una-investigacion-interna-de-la-jefatura-de-policia-dos-suboficiales-fueron-apartados-de-la-fuerza-y-puestos-a-disposicion-de-la-justicia\/\" \/>\n<meta property=\"og:locale\" content=\"es_ES\" \/>\n<meta property=\"og:type\" content=\"article\" \/>\n<meta property=\"og:title\" content=\"Dos polic\u00edas fueron apartados y detenidos en Iguaz\u00fa | CVI NOTICIAS\" \/>\n<meta property=\"og:description\" content=\"Dos suboficiales fueron detenidos y apartados de la Polic\u00eda de Misiones por una causa que investiga presuntas irregularidades.\" \/>\n<meta property=\"og:url\" content=\"https:\/\/cvinoticias.com\/v3\/tras-una-investigacion-interna-de-la-jefatura-de-policia-dos-suboficiales-fueron-apartados-de-la-fuerza-y-puestos-a-disposicion-de-la-justicia\/\" \/>\n<meta property=\"og:site_name\" content=\"CVI NOTICIAS\" \/>\n<meta property=\"article:publisher\" content=\"https:\/\/www.facebook.com\/cvinoticias\" \/>\n<meta property=\"article:published_time\" content=\"2026-09-02T16:18:41+00:00\" \/>\n<meta property=\"article:modified_time\" content=\"2026-09-03T18:19:19+00:00\" \/>\n<meta property=\"og:image\" content=\"https:\/\/cvinoticias.com\/wp-content\/uploads\/2026\/09\/b0bc83b7-5494-42b1-823d-30ac420357ff.jpeg\" \/>\n\t<meta property=\"og:image:width\" content=\"1280\" \/>\n\t<meta property=\"og:image:height\" content=\"847\" \/>\n\t<meta property=\"og:image:type\" content=\"image\/jpeg\" \/>\n<meta name=\"author\" content=\"f1000024\" \/>\n<meta name=\"twitter:card\" content=\"summary_large_image\" \/>\n<meta name=\"twitter:label1\" content=\"Escrito por\" \/>\n\t<meta name=\"twitter:data1\" content=\"f1000024\" \/>\n\t<meta name=\"twitter:label2\" content=\"Tiempo de lectura\" \/>\n\t<meta name=\"twitter:data2\" content=\"3 minutos\" \/>\n<script type=\"application\/ld+json\" class=\"yoast-schema-graph\">{\"@context\":\"https:\\\/\\\/schema.org\",\"@graph\":[{\"@type\":\"Article\",\"@id\":\"https:\\\/\\\/cvinoticias.com\\\/v3\\\/tras-una-investigacion-interna-de-la-jefatura-de-policia-dos-suboficiales-fueron-apartados-de-la-fuerza-y-puestos-a-disposicion-de-la-justicia\\\/#article\",\"isPartOf\":{\"@id\":\"https:\\\/\\\/cvinoticias.com\\\/v3\\\/tras-una-investigacion-interna-de-la-jefatura-de-policia-dos-suboficiales-fueron-apartados-de-la-fuerza-y-puestos-a-disposicion-de-la-justicia\\\/\"},\"author\":{\"name\":\"f1000024\",\"@id\":\"https:\\\/\\\/cvinoticias.com\\\/v3\\\/#\\\/schema\\\/person\\\/2db77e3c6bc03c538495d7b2b8be9b66\"},\"headline\":\"Tras una investigaci\u00f3n interna de la Jefatura de Polic\u00eda, dos suboficiales fueron apartados de la fuerza y puestos a disposici\u00f3n de la Justicia\",\"datePublished\":\"2026-09-02T16:18:41+00:00\",\"dateModified\":\"2026-09-03T18:19:19+00:00\",\"mainEntityOfPage\":{\"@id\":\"https:\\\/\\\/cvinoticias.com\\\/v3\\\/tras-una-investigacion-interna-de-la-jefatura-de-policia-dos-suboficiales-fueron-apartados-de-la-fuerza-y-puestos-a-disposicion-de-la-justicia\\\/\"},\"wordCount\":464,\"commentCount\":0,\"publisher\":{\"@id\":\"https:\\\/\\\/cvinoticias.com\\\/v3\\\/#organization\"},\"image\":{\"@id\":\"https:\\\/\\\/cvinoticias.com\\\/v3\\\/tras-una-investigacion-interna-de-la-jefatura-de-policia-dos-suboficiales-fueron-apartados-de-la-fuerza-y-puestos-a-disposicion-de-la-justicia\\\/#primaryimage\"},\"thumbnailUrl\":\"https:\\\/\\\/cvinoticias.com\\\/wp-content\\\/uploads\\\/2026\\\/09\\\/b0bc83b7-5494-42b1-823d-30ac420357ff.jpeg\",\"keywords\":[\"Fuerza\",\"Iguaz\u00fa\",\"Jefatura\",\"Polic\u00eda\",\"Suboficiales\"],\"articleSection\":[\"Policiales\"],\"inLanguage\":\"es\",\"potentialAction\":[{\"@type\":\"CommentAction\",\"name\":\"Comment\",\"target\":[\"https:\\\/\\\/cvinoticias.com\\\/v3\\\/tras-una-investigacion-interna-de-la-jefatura-de-policia-dos-suboficiales-fueron-apartados-de-la-fuerza-y-puestos-a-disposicion-de-la-justicia\\\/#respond\"]}]},{\"@type\":\"WebPage\",\"@id\":\"https:\\\/\\\/cvinoticias.com\\\/v3\\\/tras-una-investigacion-interna-de-la-jefatura-de-policia-dos-suboficiales-fueron-apartados-de-la-fuerza-y-puestos-a-disposicion-de-la-justicia\\\/\",\"url\":\"https:\\\/\\\/cvinoticias.com\\\/v3\\\/tras-una-investigacion-interna-de-la-jefatura-de-policia-dos-suboficiales-fueron-apartados-de-la-fuerza-y-puestos-a-disposicion-de-la-justicia\\\/\",\"name\":\"Dos polic\u00edas fueron apartados y detenidos en Iguaz\u00fa | CVI NOTICIAS\",\"isPartOf\":{\"@id\":\"https:\\\/\\\/cvinoticias.com\\\/v3\\\/#website\"},\"primaryImageOfPage\":{\"@id\":\"https:\\\/\\\/cvinoticias.com\\\/v3\\\/tras-una-investigacion-interna-de-la-jefatura-de-policia-dos-suboficiales-fueron-apartados-de-la-fuerza-y-puestos-a-disposicion-de-la-justicia\\\/#primaryimage\"},\"image\":{\"@id\":\"https:\\\/\\\/cvinoticias.com\\\/v3\\\/tras-una-investigacion-interna-de-la-jefatura-de-policia-dos-suboficiales-fueron-apartados-de-la-fuerza-y-puestos-a-disposicion-de-la-justicia\\\/#primaryimage\"},\"thumbnailUrl\":\"https:\\\/\\\/cvinoticias.com\\\/wp-content\\\/uploads\\\/2026\\\/09\\\/b0bc83b7-5494-42b1-823d-30ac420357ff.jpeg\",\"datePublished\":\"2026-09-02T16:18:41+00:00\",\"dateModified\":\"2026-09-03T18:19:19+00:00\",\"description\":\"Dos suboficiales fueron detenidos y apartados de la Polic\u00eda de Misiones por una causa que investiga presuntas irregularidades.\",\"breadcrumb\":{\"@id\":\"https:\\\/\\\/cvinoticias.com\\\/v3\\\/tras-una-investigacion-interna-de-la-jefatura-de-policia-dos-suboficiales-fueron-apartados-de-la-fuerza-y-puestos-a-disposicion-de-la-justicia\\\/#breadcrumb\"},\"inLanguage\":\"es\",\"potentialAction\":[{\"@type\":\"ReadAction\",\"target\":[\"https:\\\/\\\/cvinoticias.com\\\/v3\\\/tras-una-investigacion-interna-de-la-jefatura-de-policia-dos-suboficiales-fueron-apartados-de-la-fuerza-y-puestos-a-disposicion-de-la-justicia\\\/\"]}]},{\"@type\":\"ImageObject\",\"inLanguage\":\"es\",\"@id\":\"https:\\\/\\\/cvinoticias.com\\\/v3\\\/tras-una-investigacion-interna-de-la-jefatura-de-policia-dos-suboficiales-fueron-apartados-de-la-fuerza-y-puestos-a-disposicion-de-la-justicia\\\/#primaryimage\",\"url\":\"https:\\\/\\\/cvinoticias.com\\\/wp-content\\\/uploads\\\/2026\\\/09\\\/b0bc83b7-5494-42b1-823d-30ac420357ff.jpeg\",\"contentUrl\":\"https:\\\/\\\/cvinoticias.com\\\/wp-content\\\/uploads\\\/2026\\\/09\\\/b0bc83b7-5494-42b1-823d-30ac420357ff.jpeg\",\"width\":1280,\"height\":847},{\"@type\":\"BreadcrumbList\",\"@id\":\"https:\\\/\\\/cvinoticias.com\\\/v3\\\/tras-una-investigacion-interna-de-la-jefatura-de-policia-dos-suboficiales-fueron-apartados-de-la-fuerza-y-puestos-a-disposicion-de-la-justicia\\\/#breadcrumb\",\"itemListElement\":[{\"@type\":\"ListItem\",\"position\":1,\"name\":\"Portada\",\"item\":\"https:\\\/\\\/cvinoticias.com\\\/v3\\\/\"},{\"@type\":\"ListItem\",\"position\":2,\"name\":\"Tras una investigaci\u00f3n interna de la Jefatura de Polic\u00eda, dos suboficiales fueron apartados de la fuerza y puestos a disposici\u00f3n de la Justicia\"}]},{\"@type\":\"WebSite\",\"@id\":\"https:\\\/\\\/cvinoticias.com\\\/v3\\\/#website\",\"url\":\"https:\\\/\\\/cvinoticias.com\\\/v3\\\/\",\"name\":\"CVI NOTICIAS\",\"description\":\"\",\"publisher\":{\"@id\":\"https:\\\/\\\/cvinoticias.com\\\/v3\\\/#organization\"},\"alternateName\":\"CVI\",\"potentialAction\":[{\"@type\":\"SearchAction\",\"target\":{\"@type\":\"EntryPoint\",\"urlTemplate\":\"https:\\\/\\\/cvinoticias.com\\\/v3\\\/?s={search_term_string}\"},\"query-input\":{\"@type\":\"PropertyValueSpecification\",\"valueRequired\":true,\"valueName\":\"search_term_string\"}}],\"inLanguage\":\"es\"},{\"@type\":\"Organization\",\"@id\":\"https:\\\/\\\/cvinoticias.com\\\/v3\\\/#organization\",\"name\":\"CVI NOTICIAS\",\"url\":\"https:\\\/\\\/cvinoticias.com\\\/v3\\\/\",\"logo\":{\"@type\":\"ImageObject\",\"inLanguage\":\"es\",\"@id\":\"https:\\\/\\\/cvinoticias.com\\\/v3\\\/#\\\/schema\\\/logo\\\/image\\\/\",\"url\":\"https:\\\/\\\/cvinoticias.com\\\/wp-content\\\/uploads\\\/2023\\\/04\\\/cropped-cropped-cropped-cropped-cropped-3-1.png\",\"contentUrl\":\"https:\\\/\\\/cvinoticias.com\\\/wp-content\\\/uploads\\\/2023\\\/04\\\/cropped-cropped-cropped-cropped-cropped-3-1.png\",\"width\":95,\"height\":122,\"caption\":\"CVI NOTICIAS\"},\"image\":{\"@id\":\"https:\\\/\\\/cvinoticias.com\\\/v3\\\/#\\\/schema\\\/logo\\\/image\\\/\"},\"sameAs\":[\"https:\\\/\\\/www.facebook.com\\\/cvinoticias\",\"https:\\\/\\\/www.instagram.com\\\/cvinoticias\\\/\",\"https:\\\/\\\/www.youtube.com\\\/@CVINOTICIAS\"]},{\"@type\":\"Person\",\"@id\":\"https:\\\/\\\/cvinoticias.com\\\/v3\\\/#\\\/schema\\\/person\\\/2db77e3c6bc03c538495d7b2b8be9b66\",\"name\":\"f1000024\",\"image\":{\"@type\":\"ImageObject\",\"inLanguage\":\"es\",\"@id\":\"https:\\\/\\\/secure.gravatar.com\\\/avatar\\\/d4fe7459cfc51ff5129ce1a732bbef5928568b8092d412ef95611616376bbeed?s=96&d=mm&r=g\",\"url\":\"https:\\\/\\\/secure.gravatar.com\\\/avatar\\\/d4fe7459cfc51ff5129ce1a732bbef5928568b8092d412ef95611616376bbeed?s=96&d=mm&r=g\",\"contentUrl\":\"https:\\\/\\\/secure.gravatar.com\\\/avatar\\\/d4fe7459cfc51ff5129ce1a732bbef5928568b8092d412ef95611616376bbeed?s=96&d=mm&r=g\",\"caption\":\"f1000024\"},\"url\":\"https:\\\/\\\/cvinoticias.com\\\/v3\\\/author\\\/f1000024\\\/\"}]}<\/script>\n<!-- \/ Yoast SEO plugin. -->","yoast_head_json":{"title":"Dos polic\u00edas fueron apartados y detenidos en Iguaz\u00fa | CVI NOTICIAS","description":"Dos suboficiales fueron detenidos y apartados de la Polic\u00eda de Misiones por una causa que investiga presuntas irregularidades.","robots":{"index":"index","follow":"follow","max-snippet":"max-snippet:-1","max-image-preview":"max-image-preview:large","max-video-preview":"max-video-preview:-1"},"canonical":"https:\/\/cvinoticias.com\/v3\/tras-una-investigacion-interna-de-la-jefatura-de-policia-dos-suboficiales-fueron-apartados-de-la-fuerza-y-puestos-a-disposicion-de-la-justicia\/","og_locale":"es_ES","og_type":"article","og_title":"Dos polic\u00edas fueron apartados y detenidos en Iguaz\u00fa | CVI NOTICIAS","og_description":"Dos suboficiales fueron detenidos y apartados de la Polic\u00eda de Misiones por una causa que investiga presuntas irregularidades.","og_url":"https:\/\/cvinoticias.com\/v3\/tras-una-investigacion-interna-de-la-jefatura-de-policia-dos-suboficiales-fueron-apartados-de-la-fuerza-y-puestos-a-disposicion-de-la-justicia\/","og_site_name":"CVI NOTICIAS","article_publisher":"https:\/\/www.facebook.com\/cvinoticias","article_published_time":"2026-09-02T16:18:41+00:00","article_modified_time":"2026-09-03T18:19:19+00:00","og_image":[{"width":1280,"height":847,"url":"https:\/\/cvinoticias.com\/wp-content\/uploads\/2026\/09\/b0bc83b7-5494-42b1-823d-30ac420357ff.jpeg","type":"image\/jpeg"}],"author":"f1000024","twitter_card":"summary_large_image","twitter_misc":{"Escrito por":"f1000024","Tiempo de lectura":"3 minutos"},"schema":{"@context":"https:\/\/schema.org","@graph":[{"@type":"Article","@id":"https:\/\/cvinoticias.com\/v3\/tras-una-investigacion-interna-de-la-jefatura-de-policia-dos-suboficiales-fueron-apartados-de-la-fuerza-y-puestos-a-disposicion-de-la-justicia\/#article","isPartOf":{"@id":"https:\/\/cvinoticias.com\/v3\/tras-una-investigacion-interna-de-la-jefatura-de-policia-dos-suboficiales-fueron-apartados-de-la-fuerza-y-puestos-a-disposicion-de-la-justicia\/"},"author":{"name":"f1000024","@id":"https:\/\/cvinoticias.com\/v3\/#\/schema\/person\/2db77e3c6bc03c538495d7b2b8be9b66"},"headline":"Tras una investigaci\u00f3n interna de la Jefatura de Polic\u00eda, dos suboficiales fueron apartados de la fuerza y puestos a disposici\u00f3n de la Justicia","datePublished":"2026-09-02T16:18:41+00:00","dateModified":"2026-09-03T18:19:19+00:00","mainEntityOfPage":{"@id":"https:\/\/cvinoticias.com\/v3\/tras-una-investigacion-interna-de-la-jefatura-de-policia-dos-suboficiales-fueron-apartados-de-la-fuerza-y-puestos-a-disposicion-de-la-justicia\/"},"wordCount":464,"commentCount":0,"publisher":{"@id":"https:\/\/cvinoticias.com\/v3\/#organization"},"image":{"@id":"https:\/\/cvinoticias.com\/v3\/tras-una-investigacion-interna-de-la-jefatura-de-policia-dos-suboficiales-fueron-apartados-de-la-fuerza-y-puestos-a-disposicion-de-la-justicia\/#primaryimage"},"thumbnailUrl":"https:\/\/cvinoticias.com\/wp-content\/uploads\/2026\/09\/b0bc83b7-5494-42b1-823d-30ac420357ff.jpeg","keywords":["Fuerza","Iguaz\u00fa","Jefatura","Polic\u00eda","Suboficiales"],"articleSection":["Policiales"],"inLanguage":"es","potentialAction":[{"@type":"CommentAction","name":"Comment","target":["https:\/\/cvinoticias.com\/v3\/tras-una-investigacion-interna-de-la-jefatura-de-policia-dos-suboficiales-fueron-apartados-de-la-fuerza-y-puestos-a-disposicion-de-la-justicia\/#respond"]}]},{"@type":"WebPage","@id":"https:\/\/cvinoticias.com\/v3\/tras-una-investigacion-interna-de-la-jefatura-de-policia-dos-suboficiales-fueron-apartados-de-la-fuerza-y-puestos-a-disposicion-de-la-justicia\/","url":"https:\/\/cvinoticias.com\/v3\/tras-una-investigacion-interna-de-la-jefatura-de-policia-dos-suboficiales-fueron-apartados-de-la-fuerza-y-puestos-a-disposicion-de-la-justicia\/","name":"Dos polic\u00edas fueron apartados y detenidos en Iguaz\u00fa | CVI NOTICIAS","isPartOf":{"@id":"https:\/\/cvinoticias.com\/v3\/#website"},"primaryImageOfPage":{"@id":"https:\/\/cvinoticias.com\/v3\/tras-una-investigacion-interna-de-la-jefatura-de-policia-dos-suboficiales-fueron-apartados-de-la-fuerza-y-puestos-a-disposicion-de-la-justicia\/#primaryimage"},"image":{"@id":"https:\/\/cvinoticias.com\/v3\/tras-una-investigacion-interna-de-la-jefatura-de-policia-dos-suboficiales-fueron-apartados-de-la-fuerza-y-puestos-a-disposicion-de-la-justicia\/#primaryimage"},"thumbnailUrl":"https:\/\/cvinoticias.com\/wp-content\/uploads\/2026\/09\/b0bc83b7-5494-42b1-823d-30ac420357ff.jpeg","datePublished":"2026-09-02T16:18:41+00:00","dateModified":"2026-09-03T18:19:19+00:00","description":"Dos suboficiales fueron detenidos y apartados de la Polic\u00eda de Misiones por una causa que investiga presuntas irregularidades.","breadcrumb":{"@id":"https:\/\/cvinoticias.com\/v3\/tras-una-investigacion-interna-de-la-jefatura-de-policia-dos-suboficiales-fueron-apartados-de-la-fuerza-y-puestos-a-disposicion-de-la-justicia\/#breadcrumb"},"inLanguage":"es","potentialAction":[{"@type":"ReadAction","target":["https:\/\/cvinoticias.com\/v3\/tras-una-investigacion-interna-de-la-jefatura-de-policia-dos-suboficiales-fueron-apartados-de-la-fuerza-y-puestos-a-disposicion-de-la-justicia\/"]}]},{"@type":"ImageObject","inLanguage":"es","@id":"https:\/\/cvinoticias.com\/v3\/tras-una-investigacion-interna-de-la-jefatura-de-policia-dos-suboficiales-fueron-apartados-de-la-fuerza-y-puestos-a-disposicion-de-la-justicia\/#primaryimage","url":"https:\/\/cvinoticias.com\/wp-content\/uploads\/2026\/09\/b0bc83b7-5494-42b1-823d-30ac420357ff.jpeg","contentUrl":"https:\/\/cvinoticias.com\/wp-content\/uploads\/2026\/09\/b0bc83b7-5494-42b1-823d-30ac420357ff.jpeg","width":1280,"height":847},{"@type":"BreadcrumbList","@id":"https:\/\/cvinoticias.com\/v3\/tras-una-investigacion-interna-de-la-jefatura-de-policia-dos-suboficiales-fueron-apartados-de-la-fuerza-y-puestos-a-disposicion-de-la-justicia\/#breadcrumb","itemListElement":[{"@type":"ListItem","position":1,"name":"Portada","item":"https:\/\/cvinoticias.com\/v3\/"},{"@type":"ListItem","position":2,"name":"Tras una investigaci\u00f3n interna de la Jefatura de Polic\u00eda, dos suboficiales fueron apartados de la fuerza y puestos a disposici\u00f3n de la Justicia"}]},{"@type":"WebSite","@id":"https:\/\/cvinoticias.com\/v3\/#website","url":"https:\/\/cvinoticias.com\/v3\/","name":"CVI NOTICIAS","description":"","publisher":{"@id":"https:\/\/cvinoticias.com\/v3\/#organization"},"alternateName":"CVI","potentialAction":[{"@type":"SearchAction","target":{"@type":"EntryPoint","urlTemplate":"https:\/\/cvinoticias.com\/v3\/?s={search_term_string}"},"query-input":{"@type":"PropertyValueSpecification","valueRequired":true,"valueName":"search_term_string"}}],"inLanguage":"es"},{"@type":"Organization","@id":"https:\/\/cvinoticias.com\/v3\/#organization","name":"CVI NOTICIAS","url":"https:\/\/cvinoticias.com\/v3\/","logo":{"@type":"ImageObject","inLanguage":"es","@id":"https:\/\/cvinoticias.com\/v3\/#\/schema\/logo\/image\/","url":"https:\/\/cvinoticias.com\/wp-content\/uploads\/2023\/04\/cropped-cropped-cropped-cropped-cropped-3-1.png","contentUrl":"https:\/\/cvinoticias.com\/wp-content\/uploads\/2023\/04\/cropped-cropped-cropped-cropped-cropped-3-1.png","width":95,"height":122,"caption":"CVI NOTICIAS"},"image":{"@id":"https:\/\/cvinoticias.com\/v3\/#\/schema\/logo\/image\/"},"sameAs":["https:\/\/www.facebook.com\/cvinoticias","https:\/\/www.instagram.com\/cvinoticias\/","https:\/\/www.youtube.com\/@CVINOTICIAS"]},{"@type":"Person","@id":"https:\/\/cvinoticias.com\/v3\/#\/schema\/person\/2db77e3c6bc03c538495d7b2b8be9b66","name":"f1000024","image":{"@type":"ImageObject","inLanguage":"es","@id":"https:\/\/secure.gravatar.com\/avatar\/d4fe7459cfc51ff5129ce1a732bbef5928568b8092d412ef95611616376bbeed?s=96&d=mm&r=g","url":"https:\/\/secure.gravatar.com\/avatar\/d4fe7459cfc51ff5129ce1a732bbef5928568b8092d412ef95611616376bbeed?s=96&d=mm&r=g","contentUrl":"https:\/\/secure.gravatar.com\/avatar\/d4fe7459cfc51ff5129ce1a732bbef5928568b8092d412ef95611616376bbeed?s=96&d=mm&r=g","caption":"f1000024"},"url":"https:\/\/cvinoticias.com\/v3\/author\/f1000024\/"}]}},"_links":{"self":[{"href":"https:\/\/cvinoticias.com\/v3\/wp-json\/wp\/v2\/posts\/62749","targetHints":{"allow":["GET"]}}],"collection":[{"href":"https:\/\/cvinoticias.com\/v3\/wp-json\/wp\/v2\/posts"}],"about":[{"href":"https:\/\/cvinoticias.com\/v3\/wp-json\/wp\/v2\/types\/post"}],"author":[{"embeddable":true,"href":"https:\/\/cvinoticias.com\/v3\/wp-json\/wp\/v2\/users\/2"}],"replies":[{"embeddable":true,"href":"https:\/\/cvinoticias.com\/v3\/wp-json\/wp\/v2\/comments?post=62749"}],"version-history":[{"count":1,"href":"https:\/\/cvinoticias.com\/v3\/wp-json\/wp\/v2\/posts\/62749\/revisions"}],"predecessor-version":[{"id":62751,"href":"https:\/\/cvinoticias.com\/v3\/wp-json\/wp\/v2\/posts\/62749\/revisions\/62751"}],"wp:featuredmedia":[{"embeddable":true,"href":"https:\/\/cvinoticias.com\/v3\/wp-json\/wp\/v2\/media\/62750"}],"wp:attachment":[{"href":"https:\/\/cvinoticias.com\/v3\/wp-json\/wp\/v2\/media?parent=62749"}],"wp:term":[{"taxonomy":"category","embeddable":true,"href":"https:\/\/cvinoticias.com\/v3\/wp-json\/wp\/v2\/categories?post=62749"},{"taxonomy":"post_tag","embeddable":true,"href":"https:\/\/cvinoticias.com\/v3\/wp-json\/wp\/v2\/tags?post=62749"}],"curies":[{"name":"wp","href":"https:\/\/api.w.org\/{rel}","templated":true}]}}