{"id":62721,"date":"2026-09-03T09:13:11","date_gmt":"2026-09-03T12:13:11","guid":{"rendered":"https:\/\/cvinoticias.com\/v3\/?p=62721"},"modified":"2026-09-03T09:13:12","modified_gmt":"2026-09-03T12:13:12","slug":"asi-sera-el-homenaje-que-los-clubes-preparan-para-messi-tras-su-despedida-de-la-seleccion","status":"publish","type":"post","link":"https:\/\/cvinoticias.com\/v3\/asi-sera-el-homenaje-que-los-clubes-preparan-para-messi-tras-su-despedida-de-la-seleccion\/","title":{"rendered":"As\u00ed ser\u00e1 el homenaje que los clubes preparan para Messi tras su despedida de la selecci\u00f3n"},"content":{"rendered":"\n<p class=\"wp-block-paragraph\">El retiro de&nbsp;<strong>Lionel Messi<\/strong>&nbsp;de la Selecci\u00f3n argentina estremeci\u00f3 al pa\u00eds y al mundo. A los treinta y nueve a\u00f1os, el astro rosarino decidi\u00f3 poner fin a m\u00e1s de dos d\u00e9cadas con la camiseta celeste y blanca. La&nbsp;<strong>AFA<\/strong>&nbsp;respondi\u00f3 con un homenaje in\u00e9dito que se desplegar\u00e1 este fin de semana en todas las canchas del f\u00fatbol argentino.<\/p>\n\n\n\n<p class=\"wp-block-paragraph\">Seg\u00fan el&nbsp;<strong>Bolet\u00edn Oficial N\u00b0 6940<\/strong>, en cada encuentro de f\u00fatbol once, futsal y playa se detendr\u00e1 el juego a los diez minutos del primer tiempo para brindar un minuto de aplausos en reconocimiento a la trayectoria de Messi. La medida alcanzar\u00e1 a todas las categor\u00edas, tanto masculinas como femeninas.<\/p>\n\n\n\n<figure class=\"wp-block-image is-resized\"><img decoding=\"async\" data-src=\"https:\/\/www.canal12misiones.com\/wp-content\/uploads\/2026\/09\/image-50.png\" alt=\"\" class=\"wp-image-781421 lazyload\" style=\"aspect-ratio:1.3547237076648841;width:760px;height:auto\" src=\"data:image\/svg+xml;base64,PHN2ZyB3aWR0aD0iMSIgaGVpZ2h0PSIxIiB4bWxucz0iaHR0cDovL3d3dy53My5vcmcvMjAwMC9zdmciPjwvc3ZnPg==\" \/><\/figure>\n\n\n\n<p class=\"wp-block-paragraph\">Adem\u00e1s, los estadios que cuenten con tecnolog\u00eda deber\u00e1n reproducir el video institucional que la AFA public\u00f3 para despedir al capit\u00e1n. \u201cLeo, te habla el escudo de la Selecci\u00f3n. Y quer\u00eda decirte lo mucho que te voy a extra\u00f1ar\u201d, comienza el emotivo mensaje que ya circula en redes y que se ver\u00e1 en las canchas.<\/p>\n\n\n\n<p class=\"wp-block-paragraph\">Desde la&nbsp;<strong>Liga Profesional<\/strong>&nbsp;replicaron la convocatoria e invitaron a los hinchas a participar activamente del homenaje. \u201cTe esperamos en las canchas: \u00a1sumate a este reconocimiento!\u201d, expresaron en un comunicado que busca multiplicar la presencia de p\u00fablico en los estadios.<\/p>\n\n\n\n<h3 class=\"wp-block-heading\">La carta de Messi<\/h3>\n\n\n\n<p class=\"wp-block-paragraph\">El anuncio del retiro lleg\u00f3 este lunes, cuando Messi comparti\u00f3 una carta manuscrita en sus redes sociales. \u201cMe vaci\u00e9, ya no tengo m\u00e1s para dar y aparte vienen chicos muy grandes atr\u00e1s que merecen estar\u201d, escribi\u00f3, dejando en claro que su decisi\u00f3n responde tanto al desgaste personal como al recambio generacional.<\/p>\n\n\n\n<p class=\"wp-block-paragraph\">El video de despedida recuerda que Messi llev\u00f3 con orgullo el escudo y le dio a la Selecci\u00f3n la tercera estrella mundial. \u201cAunque merec\u00edamos alguna m\u00e1s, \u00bfo no?\u201d, agrega la narraci\u00f3n, en un gui\u00f1o a la historia que el rosarino construy\u00f3 con la camiseta argentina.<\/p>\n\n\n\n<p class=\"wp-block-paragraph\">El homenaje de este fin de semana marcar\u00e1 el inicio de una nueva etapa: la Selecci\u00f3n sin Messi. La AFA busca que el reconocimiento sea colectivo, en cada cancha y en cada disciplina, para subrayar la magnitud de un legado que trasciende generaciones.<\/p>\n","protected":false},"excerpt":{"rendered":"<p>El retiro de&nbsp;Lionel Messi&nbsp;de la Selecci\u00f3n argentina estremeci\u00f3 al pa\u00eds y al mundo. A los treinta y nueve a\u00f1os, el astro rosarino decidi\u00f3 poner fin a m\u00e1s de dos d\u00e9cadas con la camiseta celeste y blanca. La&nbsp;AFA&nbsp;respondi\u00f3 con un homenaje in\u00e9dito que se desplegar\u00e1 este fin de semana en todas las canchas del f\u00fatbol argentino. [&hellip;]<\/p>\n","protected":false},"author":2,"featured_media":62723,"comment_status":"open","ping_status":"closed","sticky":false,"template":"","format":"standard","meta":{"footnotes":""},"categories":[24],"tags":[1236,7115,195,2724],"class_list":["post-62721","post","type-post","status-publish","format-standard","has-post-thumbnail","hentry","category-deportes","tag-afa","tag-clubes","tag-homenaje","tag-messi"],"yoast_head":"<!-- This site is optimized with the Yoast SEO plugin v28.4 - https:\/\/yoast.com\/product\/yoast-seo-wordpress\/ -->\n<title>Messi: as\u00ed ser\u00e1 el homenaje tras su adi\u00f3s a la Selecci\u00f3n | CVI NOTICIAS<\/title>\n<meta name=\"description\" content=\"La AFA realizar\u00e1 un homenaje a Messi este fin de semana con un minuto de aplausos a los 10 minutos de cada partido.\" \/>\n<meta name=\"robots\" content=\"index, follow, max-snippet:-1, max-image-preview:large, max-video-preview:-1\" \/>\n<link rel=\"canonical\" href=\"https:\/\/cvinoticias.com\/v3\/asi-sera-el-homenaje-que-los-clubes-preparan-para-messi-tras-su-despedida-de-la-seleccion\/\" \/>\n<meta property=\"og:locale\" content=\"es_ES\" \/>\n<meta property=\"og:type\" content=\"article\" \/>\n<meta property=\"og:title\" content=\"Messi: as\u00ed ser\u00e1 el homenaje tras su adi\u00f3s a la Selecci\u00f3n | CVI NOTICIAS\" \/>\n<meta property=\"og:description\" content=\"La AFA realizar\u00e1 un homenaje a Messi este fin de semana con un minuto de aplausos a los 10 minutos de cada partido.\" \/>\n<meta property=\"og:url\" content=\"https:\/\/cvinoticias.com\/v3\/asi-sera-el-homenaje-que-los-clubes-preparan-para-messi-tras-su-despedida-de-la-seleccion\/\" \/>\n<meta property=\"og:site_name\" content=\"CVI NOTICIAS\" \/>\n<meta property=\"article:publisher\" content=\"https:\/\/www.facebook.com\/cvinoticias\" \/>\n<meta property=\"article:published_time\" content=\"2026-09-03T12:13:11+00:00\" \/>\n<meta property=\"article:modified_time\" content=\"2026-09-03T12:13:12+00:00\" \/>\n<meta property=\"og:image\" content=\"https:\/\/cvinoticias.com\/wp-content\/uploads\/2026\/09\/images-1-1.jpeg\" \/>\n\t<meta property=\"og:image:width\" content=\"414\" \/>\n\t<meta property=\"og:image:height\" content=\"483\" \/>\n\t<meta property=\"og:image:type\" content=\"image\/jpeg\" \/>\n<meta name=\"author\" content=\"f1000024\" \/>\n<meta name=\"twitter:card\" content=\"summary_large_image\" \/>\n<meta name=\"twitter:label1\" content=\"Escrito por\" \/>\n\t<meta name=\"twitter:data1\" content=\"f1000024\" \/>\n\t<meta name=\"twitter:label2\" content=\"Tiempo de lectura\" \/>\n\t<meta name=\"twitter:data2\" content=\"2 minutos\" \/>\n<script type=\"application\/ld+json\" class=\"yoast-schema-graph\">{\"@context\":\"https:\\\/\\\/schema.org\",\"@graph\":[{\"@type\":\"Article\",\"@id\":\"https:\\\/\\\/cvinoticias.com\\\/v3\\\/asi-sera-el-homenaje-que-los-clubes-preparan-para-messi-tras-su-despedida-de-la-seleccion\\\/#article\",\"isPartOf\":{\"@id\":\"https:\\\/\\\/cvinoticias.com\\\/v3\\\/asi-sera-el-homenaje-que-los-clubes-preparan-para-messi-tras-su-despedida-de-la-seleccion\\\/\"},\"author\":{\"name\":\"f1000024\",\"@id\":\"https:\\\/\\\/cvinoticias.com\\\/v3\\\/#\\\/schema\\\/person\\\/2db77e3c6bc03c538495d7b2b8be9b66\"},\"headline\":\"As\u00ed ser\u00e1 el homenaje que los clubes preparan para Messi tras su despedida de la selecci\u00f3n\",\"datePublished\":\"2026-09-03T12:13:11+00:00\",\"dateModified\":\"2026-09-03T12:13:12+00:00\",\"mainEntityOfPage\":{\"@id\":\"https:\\\/\\\/cvinoticias.com\\\/v3\\\/asi-sera-el-homenaje-que-los-clubes-preparan-para-messi-tras-su-despedida-de-la-seleccion\\\/\"},\"wordCount\":397,\"commentCount\":0,\"publisher\":{\"@id\":\"https:\\\/\\\/cvinoticias.com\\\/v3\\\/#organization\"},\"image\":{\"@id\":\"https:\\\/\\\/cvinoticias.com\\\/v3\\\/asi-sera-el-homenaje-que-los-clubes-preparan-para-messi-tras-su-despedida-de-la-seleccion\\\/#primaryimage\"},\"thumbnailUrl\":\"https:\\\/\\\/cvinoticias.com\\\/wp-content\\\/uploads\\\/2026\\\/09\\\/images-1-1.jpeg\",\"keywords\":[\"Afa\",\"clubes\",\"homenaje\",\"Messi\"],\"articleSection\":[\"Deportes\"],\"inLanguage\":\"es\",\"potentialAction\":[{\"@type\":\"CommentAction\",\"name\":\"Comment\",\"target\":[\"https:\\\/\\\/cvinoticias.com\\\/v3\\\/asi-sera-el-homenaje-que-los-clubes-preparan-para-messi-tras-su-despedida-de-la-seleccion\\\/#respond\"]}]},{\"@type\":\"WebPage\",\"@id\":\"https:\\\/\\\/cvinoticias.com\\\/v3\\\/asi-sera-el-homenaje-que-los-clubes-preparan-para-messi-tras-su-despedida-de-la-seleccion\\\/\",\"url\":\"https:\\\/\\\/cvinoticias.com\\\/v3\\\/asi-sera-el-homenaje-que-los-clubes-preparan-para-messi-tras-su-despedida-de-la-seleccion\\\/\",\"name\":\"Messi: as\u00ed ser\u00e1 el homenaje tras su adi\u00f3s a la Selecci\u00f3n | CVI NOTICIAS\",\"isPartOf\":{\"@id\":\"https:\\\/\\\/cvinoticias.com\\\/v3\\\/#website\"},\"primaryImageOfPage\":{\"@id\":\"https:\\\/\\\/cvinoticias.com\\\/v3\\\/asi-sera-el-homenaje-que-los-clubes-preparan-para-messi-tras-su-despedida-de-la-seleccion\\\/#primaryimage\"},\"image\":{\"@id\":\"https:\\\/\\\/cvinoticias.com\\\/v3\\\/asi-sera-el-homenaje-que-los-clubes-preparan-para-messi-tras-su-despedida-de-la-seleccion\\\/#primaryimage\"},\"thumbnailUrl\":\"https:\\\/\\\/cvinoticias.com\\\/wp-content\\\/uploads\\\/2026\\\/09\\\/images-1-1.jpeg\",\"datePublished\":\"2026-09-03T12:13:11+00:00\",\"dateModified\":\"2026-09-03T12:13:12+00:00\",\"description\":\"La AFA realizar\u00e1 un homenaje a Messi este fin de semana con un minuto de aplausos a los 10 minutos de cada partido.\",\"breadcrumb\":{\"@id\":\"https:\\\/\\\/cvinoticias.com\\\/v3\\\/asi-sera-el-homenaje-que-los-clubes-preparan-para-messi-tras-su-despedida-de-la-seleccion\\\/#breadcrumb\"},\"inLanguage\":\"es\",\"potentialAction\":[{\"@type\":\"ReadAction\",\"target\":[\"https:\\\/\\\/cvinoticias.com\\\/v3\\\/asi-sera-el-homenaje-que-los-clubes-preparan-para-messi-tras-su-despedida-de-la-seleccion\\\/\"]}]},{\"@type\":\"ImageObject\",\"inLanguage\":\"es\",\"@id\":\"https:\\\/\\\/cvinoticias.com\\\/v3\\\/asi-sera-el-homenaje-que-los-clubes-preparan-para-messi-tras-su-despedida-de-la-seleccion\\\/#primaryimage\",\"url\":\"https:\\\/\\\/cvinoticias.com\\\/wp-content\\\/uploads\\\/2026\\\/09\\\/images-1-1.jpeg\",\"contentUrl\":\"https:\\\/\\\/cvinoticias.com\\\/wp-content\\\/uploads\\\/2026\\\/09\\\/images-1-1.jpeg\",\"width\":414,\"height\":483},{\"@type\":\"BreadcrumbList\",\"@id\":\"https:\\\/\\\/cvinoticias.com\\\/v3\\\/asi-sera-el-homenaje-que-los-clubes-preparan-para-messi-tras-su-despedida-de-la-seleccion\\\/#breadcrumb\",\"itemListElement\":[{\"@type\":\"ListItem\",\"position\":1,\"name\":\"Portada\",\"item\":\"https:\\\/\\\/cvinoticias.com\\\/v3\\\/\"},{\"@type\":\"ListItem\",\"position\":2,\"name\":\"As\u00ed ser\u00e1 el homenaje que los clubes preparan para Messi tras su despedida de la selecci\u00f3n\"}]},{\"@type\":\"WebSite\",\"@id\":\"https:\\\/\\\/cvinoticias.com\\\/v3\\\/#website\",\"url\":\"https:\\\/\\\/cvinoticias.com\\\/v3\\\/\",\"name\":\"CVI NOTICIAS\",\"description\":\"\",\"publisher\":{\"@id\":\"https:\\\/\\\/cvinoticias.com\\\/v3\\\/#organization\"},\"alternateName\":\"CVI\",\"potentialAction\":[{\"@type\":\"SearchAction\",\"target\":{\"@type\":\"EntryPoint\",\"urlTemplate\":\"https:\\\/\\\/cvinoticias.com\\\/v3\\\/?s={search_term_string}\"},\"query-input\":{\"@type\":\"PropertyValueSpecification\",\"valueRequired\":true,\"valueName\":\"search_term_string\"}}],\"inLanguage\":\"es\"},{\"@type\":\"Organization\",\"@id\":\"https:\\\/\\\/cvinoticias.com\\\/v3\\\/#organization\",\"name\":\"CVI NOTICIAS\",\"url\":\"https:\\\/\\\/cvinoticias.com\\\/v3\\\/\",\"logo\":{\"@type\":\"ImageObject\",\"inLanguage\":\"es\",\"@id\":\"https:\\\/\\\/cvinoticias.com\\\/v3\\\/#\\\/schema\\\/logo\\\/image\\\/\",\"url\":\"https:\\\/\\\/cvinoticias.com\\\/wp-content\\\/uploads\\\/2023\\\/04\\\/cropped-cropped-cropped-cropped-cropped-3-1.png\",\"contentUrl\":\"https:\\\/\\\/cvinoticias.com\\\/wp-content\\\/uploads\\\/2023\\\/04\\\/cropped-cropped-cropped-cropped-cropped-3-1.png\",\"width\":95,\"height\":122,\"caption\":\"CVI NOTICIAS\"},\"image\":{\"@id\":\"https:\\\/\\\/cvinoticias.com\\\/v3\\\/#\\\/schema\\\/logo\\\/image\\\/\"},\"sameAs\":[\"https:\\\/\\\/www.facebook.com\\\/cvinoticias\",\"https:\\\/\\\/www.instagram.com\\\/cvinoticias\\\/\",\"https:\\\/\\\/www.youtube.com\\\/@CVINOTICIAS\"]},{\"@type\":\"Person\",\"@id\":\"https:\\\/\\\/cvinoticias.com\\\/v3\\\/#\\\/schema\\\/person\\\/2db77e3c6bc03c538495d7b2b8be9b66\",\"name\":\"f1000024\",\"image\":{\"@type\":\"ImageObject\",\"inLanguage\":\"es\",\"@id\":\"https:\\\/\\\/secure.gravatar.com\\\/avatar\\\/d4fe7459cfc51ff5129ce1a732bbef5928568b8092d412ef95611616376bbeed?s=96&d=mm&r=g\",\"url\":\"https:\\\/\\\/secure.gravatar.com\\\/avatar\\\/d4fe7459cfc51ff5129ce1a732bbef5928568b8092d412ef95611616376bbeed?s=96&d=mm&r=g\",\"contentUrl\":\"https:\\\/\\\/secure.gravatar.com\\\/avatar\\\/d4fe7459cfc51ff5129ce1a732bbef5928568b8092d412ef95611616376bbeed?s=96&d=mm&r=g\",\"caption\":\"f1000024\"},\"url\":\"https:\\\/\\\/cvinoticias.com\\\/v3\\\/author\\\/f1000024\\\/\"}]}<\/script>\n<!-- \/ Yoast SEO plugin. -->","yoast_head_json":{"title":"Messi: as\u00ed ser\u00e1 el homenaje tras su adi\u00f3s a la Selecci\u00f3n | CVI NOTICIAS","description":"La AFA realizar\u00e1 un homenaje a Messi este fin de semana con un minuto de aplausos a los 10 minutos de cada partido.","robots":{"index":"index","follow":"follow","max-snippet":"max-snippet:-1","max-image-preview":"max-image-preview:large","max-video-preview":"max-video-preview:-1"},"canonical":"https:\/\/cvinoticias.com\/v3\/asi-sera-el-homenaje-que-los-clubes-preparan-para-messi-tras-su-despedida-de-la-seleccion\/","og_locale":"es_ES","og_type":"article","og_title":"Messi: as\u00ed ser\u00e1 el homenaje tras su adi\u00f3s a la Selecci\u00f3n | CVI NOTICIAS","og_description":"La AFA realizar\u00e1 un homenaje a Messi este fin de semana con un minuto de aplausos a los 10 minutos de cada partido.","og_url":"https:\/\/cvinoticias.com\/v3\/asi-sera-el-homenaje-que-los-clubes-preparan-para-messi-tras-su-despedida-de-la-seleccion\/","og_site_name":"CVI NOTICIAS","article_publisher":"https:\/\/www.facebook.com\/cvinoticias","article_published_time":"2026-09-03T12:13:11+00:00","article_modified_time":"2026-09-03T12:13:12+00:00","og_image":[{"width":414,"height":483,"url":"https:\/\/cvinoticias.com\/wp-content\/uploads\/2026\/09\/images-1-1.jpeg","type":"image\/jpeg"}],"author":"f1000024","twitter_card":"summary_large_image","twitter_misc":{"Escrito por":"f1000024","Tiempo de lectura":"2 minutos"},"schema":{"@context":"https:\/\/schema.org","@graph":[{"@type":"Article","@id":"https:\/\/cvinoticias.com\/v3\/asi-sera-el-homenaje-que-los-clubes-preparan-para-messi-tras-su-despedida-de-la-seleccion\/#article","isPartOf":{"@id":"https:\/\/cvinoticias.com\/v3\/asi-sera-el-homenaje-que-los-clubes-preparan-para-messi-tras-su-despedida-de-la-seleccion\/"},"author":{"name":"f1000024","@id":"https:\/\/cvinoticias.com\/v3\/#\/schema\/person\/2db77e3c6bc03c538495d7b2b8be9b66"},"headline":"As\u00ed ser\u00e1 el homenaje que los clubes preparan para Messi tras su despedida de la selecci\u00f3n","datePublished":"2026-09-03T12:13:11+00:00","dateModified":"2026-09-03T12:13:12+00:00","mainEntityOfPage":{"@id":"https:\/\/cvinoticias.com\/v3\/asi-sera-el-homenaje-que-los-clubes-preparan-para-messi-tras-su-despedida-de-la-seleccion\/"},"wordCount":397,"commentCount":0,"publisher":{"@id":"https:\/\/cvinoticias.com\/v3\/#organization"},"image":{"@id":"https:\/\/cvinoticias.com\/v3\/asi-sera-el-homenaje-que-los-clubes-preparan-para-messi-tras-su-despedida-de-la-seleccion\/#primaryimage"},"thumbnailUrl":"https:\/\/cvinoticias.com\/wp-content\/uploads\/2026\/09\/images-1-1.jpeg","keywords":["Afa","clubes","homenaje","Messi"],"articleSection":["Deportes"],"inLanguage":"es","potentialAction":[{"@type":"CommentAction","name":"Comment","target":["https:\/\/cvinoticias.com\/v3\/asi-sera-el-homenaje-que-los-clubes-preparan-para-messi-tras-su-despedida-de-la-seleccion\/#respond"]}]},{"@type":"WebPage","@id":"https:\/\/cvinoticias.com\/v3\/asi-sera-el-homenaje-que-los-clubes-preparan-para-messi-tras-su-despedida-de-la-seleccion\/","url":"https:\/\/cvinoticias.com\/v3\/asi-sera-el-homenaje-que-los-clubes-preparan-para-messi-tras-su-despedida-de-la-seleccion\/","name":"Messi: as\u00ed ser\u00e1 el homenaje tras su adi\u00f3s a la Selecci\u00f3n | CVI NOTICIAS","isPartOf":{"@id":"https:\/\/cvinoticias.com\/v3\/#website"},"primaryImageOfPage":{"@id":"https:\/\/cvinoticias.com\/v3\/asi-sera-el-homenaje-que-los-clubes-preparan-para-messi-tras-su-despedida-de-la-seleccion\/#primaryimage"},"image":{"@id":"https:\/\/cvinoticias.com\/v3\/asi-sera-el-homenaje-que-los-clubes-preparan-para-messi-tras-su-despedida-de-la-seleccion\/#primaryimage"},"thumbnailUrl":"https:\/\/cvinoticias.com\/wp-content\/uploads\/2026\/09\/images-1-1.jpeg","datePublished":"2026-09-03T12:13:11+00:00","dateModified":"2026-09-03T12:13:12+00:00","description":"La AFA realizar\u00e1 un homenaje a Messi este fin de semana con un minuto de aplausos a los 10 minutos de cada partido.","breadcrumb":{"@id":"https:\/\/cvinoticias.com\/v3\/asi-sera-el-homenaje-que-los-clubes-preparan-para-messi-tras-su-despedida-de-la-seleccion\/#breadcrumb"},"inLanguage":"es","potentialAction":[{"@type":"ReadAction","target":["https:\/\/cvinoticias.com\/v3\/asi-sera-el-homenaje-que-los-clubes-preparan-para-messi-tras-su-despedida-de-la-seleccion\/"]}]},{"@type":"ImageObject","inLanguage":"es","@id":"https:\/\/cvinoticias.com\/v3\/asi-sera-el-homenaje-que-los-clubes-preparan-para-messi-tras-su-despedida-de-la-seleccion\/#primaryimage","url":"https:\/\/cvinoticias.com\/wp-content\/uploads\/2026\/09\/images-1-1.jpeg","contentUrl":"https:\/\/cvinoticias.com\/wp-content\/uploads\/2026\/09\/images-1-1.jpeg","width":414,"height":483},{"@type":"BreadcrumbList","@id":"https:\/\/cvinoticias.com\/v3\/asi-sera-el-homenaje-que-los-clubes-preparan-para-messi-tras-su-despedida-de-la-seleccion\/#breadcrumb","itemListElement":[{"@type":"ListItem","position":1,"name":"Portada","item":"https:\/\/cvinoticias.com\/v3\/"},{"@type":"ListItem","position":2,"name":"As\u00ed ser\u00e1 el homenaje que los clubes preparan para Messi tras su despedida de la selecci\u00f3n"}]},{"@type":"WebSite","@id":"https:\/\/cvinoticias.com\/v3\/#website","url":"https:\/\/cvinoticias.com\/v3\/","name":"CVI NOTICIAS","description":"","publisher":{"@id":"https:\/\/cvinoticias.com\/v3\/#organization"},"alternateName":"CVI","potentialAction":[{"@type":"SearchAction","target":{"@type":"EntryPoint","urlTemplate":"https:\/\/cvinoticias.com\/v3\/?s={search_term_string}"},"query-input":{"@type":"PropertyValueSpecification","valueRequired":true,"valueName":"search_term_string"}}],"inLanguage":"es"},{"@type":"Organization","@id":"https:\/\/cvinoticias.com\/v3\/#organization","name":"CVI NOTICIAS","url":"https:\/\/cvinoticias.com\/v3\/","logo":{"@type":"ImageObject","inLanguage":"es","@id":"https:\/\/cvinoticias.com\/v3\/#\/schema\/logo\/image\/","url":"https:\/\/cvinoticias.com\/wp-content\/uploads\/2023\/04\/cropped-cropped-cropped-cropped-cropped-3-1.png","contentUrl":"https:\/\/cvinoticias.com\/wp-content\/uploads\/2023\/04\/cropped-cropped-cropped-cropped-cropped-3-1.png","width":95,"height":122,"caption":"CVI NOTICIAS"},"image":{"@id":"https:\/\/cvinoticias.com\/v3\/#\/schema\/logo\/image\/"},"sameAs":["https:\/\/www.facebook.com\/cvinoticias","https:\/\/www.instagram.com\/cvinoticias\/","https:\/\/www.youtube.com\/@CVINOTICIAS"]},{"@type":"Person","@id":"https:\/\/cvinoticias.com\/v3\/#\/schema\/person\/2db77e3c6bc03c538495d7b2b8be9b66","name":"f1000024","image":{"@type":"ImageObject","inLanguage":"es","@id":"https:\/\/secure.gravatar.com\/avatar\/d4fe7459cfc51ff5129ce1a732bbef5928568b8092d412ef95611616376bbeed?s=96&d=mm&r=g","url":"https:\/\/secure.gravatar.com\/avatar\/d4fe7459cfc51ff5129ce1a732bbef5928568b8092d412ef95611616376bbeed?s=96&d=mm&r=g","contentUrl":"https:\/\/secure.gravatar.com\/avatar\/d4fe7459cfc51ff5129ce1a732bbef5928568b8092d412ef95611616376bbeed?s=96&d=mm&r=g","caption":"f1000024"},"url":"https:\/\/cvinoticias.com\/v3\/author\/f1000024\/"}]}},"_links":{"self":[{"href":"https:\/\/cvinoticias.com\/v3\/wp-json\/wp\/v2\/posts\/62721","targetHints":{"allow":["GET"]}}],"collection":[{"href":"https:\/\/cvinoticias.com\/v3\/wp-json\/wp\/v2\/posts"}],"about":[{"href":"https:\/\/cvinoticias.com\/v3\/wp-json\/wp\/v2\/types\/post"}],"author":[{"embeddable":true,"href":"https:\/\/cvinoticias.com\/v3\/wp-json\/wp\/v2\/users\/2"}],"replies":[{"embeddable":true,"href":"https:\/\/cvinoticias.com\/v3\/wp-json\/wp\/v2\/comments?post=62721"}],"version-history":[{"count":1,"href":"https:\/\/cvinoticias.com\/v3\/wp-json\/wp\/v2\/posts\/62721\/revisions"}],"predecessor-version":[{"id":62724,"href":"https:\/\/cvinoticias.com\/v3\/wp-json\/wp\/v2\/posts\/62721\/revisions\/62724"}],"wp:featuredmedia":[{"embeddable":true,"href":"https:\/\/cvinoticias.com\/v3\/wp-json\/wp\/v2\/media\/62723"}],"wp:attachment":[{"href":"https:\/\/cvinoticias.com\/v3\/wp-json\/wp\/v2\/media?parent=62721"}],"wp:term":[{"taxonomy":"category","embeddable":true,"href":"https:\/\/cvinoticias.com\/v3\/wp-json\/wp\/v2\/categories?post=62721"},{"taxonomy":"post_tag","embeddable":true,"href":"https:\/\/cvinoticias.com\/v3\/wp-json\/wp\/v2\/tags?post=62721"}],"curies":[{"name":"wp","href":"https:\/\/api.w.org\/{rel}","templated":true}]}}