{"id":62714,"date":"2026-09-03T09:04:53","date_gmt":"2026-09-03T12:04:53","guid":{"rendered":"https:\/\/cvinoticias.com\/v3\/?p=62714"},"modified":"2026-09-03T09:05:45","modified_gmt":"2026-09-03T12:05:45","slug":"milei-prepara-su-mensaje-en-cadena-nacional-por-malvinas-que-anunciaria-este-jueves-y-por-que-el-proyecto-petrolero-sea-lion-quedo-en-el-centro","status":"publish","type":"post","link":"https:\/\/cvinoticias.com\/v3\/milei-prepara-su-mensaje-en-cadena-nacional-por-malvinas-que-anunciaria-este-jueves-y-por-que-el-proyecto-petrolero-sea-lion-quedo-en-el-centro\/","title":{"rendered":"Milei prepara su mensaje en cadena nacional por Malvinas: qu\u00e9 anunciar\u00eda este jueves y por qu\u00e9 el proyecto petrolero Sea Lion qued\u00f3 en el centro"},"content":{"rendered":"\n<p class=\"wp-block-paragraph\"><strong><em>Tras las declaraciones de Trump sobre Malvinas, el presidente Javier Milei hablar\u00e1 este jueves a las 21.00 por cadena nacional. Entre las principales versiones sobre lo que dir\u00e1 aparece el env\u00edo al Congreso de un proyecto para sancionar a empresas que participen o brinden apoyo a actividades en las islas sin autorizaci\u00f3n argentina. El trasfondo es el avance de un millonario proyecto petrolero offshore.<\/em><\/strong><\/p>\n\n\n\n<p class=\"wp-block-paragraph\">Javier Milei prepara para este jueves una cadena nacional en la que buscar\u00e1 volver a colocar la cuesti\u00f3n Malvinas en el centro de la agenda pol\u00edtica y diplom\u00e1tica. El mensaje ser\u00e1 emitido a las 21.00 y, aunque el Gobierno todav\u00eda no difundi\u00f3 oficialmente todos sus contenidos, trascendi\u00f3 que el presidente anunciar\u00eda el env\u00edo al Congreso de un proyecto de ley destinado a sancionar a empresas que desarrollen actividades en las islas o colaboren con ellas sin autorizaci\u00f3n de la Argentina.<\/p>\n\n\n\n<p class=\"wp-block-paragraph\">La iniciativa estar\u00eda directamente relacionada con el avance del proyecto petrolero offshore Sea Lion, impulsado por la brit\u00e1nica Rockhopper Exploration y la israel\u00ed Navitas Petroleum en la Cuenca Malvinas Norte, frente al archipi\u00e9lago. El emprendimiento contempla la explotaci\u00f3n de hidrocarburos en un \u00e1rea cuya soberan\u00eda es disputada por la Argentina y el Reino Unido.<\/p>\n\n\n\n<p class=\"wp-block-paragraph\">Seg\u00fan la agencia Noticias Argentinas, el proyecto que Milei presentar\u00eda establecer\u00eda sanciones para compa\u00f1\u00edas argentinas que presten servicios, apoyo log\u00edstico o asistencia a empresas extranjeras que desarrollen actividades en Malvinas sin autorizaci\u00f3n del Estado argentino. La intenci\u00f3n ser\u00eda avanzar sobre la denominada cadena de servicios que puede resultar necesaria para sostener operaciones hidrocarbur\u00edferas en la zona.<\/p>\n\n\n\n<p class=\"wp-block-paragraph\">El Gobierno nacional busca as\u00ed reforzar las herramientas legales frente a la explotaci\u00f3n unilateral de los recursos naturales en el \u00e1rea en disputa. La cuesti\u00f3n adquiri\u00f3 particular relevancia luego de que Rockhopper y Navitas avanzaran con sus planes para Sea Lion, un proyecto que la Argentina rechaza por considerar que se desarrolla sin autorizaci\u00f3n de las autoridades nacionales. La Canciller\u00eda ya hab\u00eda cuestionado el emprendimiento y se\u00f1alado que la explotaci\u00f3n unilateral de recursos naturales en \u00e1reas sujetas a disputa contradice resoluciones de las Naciones Unidas.<\/p>\n\n\n\n<h3 class=\"wp-block-heading\">Componente diplom\u00e1tico<\/h3>\n\n\n\n<p class=\"wp-block-paragraph\">La decisi\u00f3n de Milei de utilizar la cadena nacional tambi\u00e9n tiene un componente diplom\u00e1tico. La Casa Rosada sostiene que en los \u00faltimos d\u00edas se produjeron movimientos internacionales que podr\u00edan abrir una nueva etapa para el reclamo argentino. En particular, el presidente destac\u00f3 las declaraciones de Donald Trump, quien al ser consultado sobre la posici\u00f3n de Estados Unidos frente a la cuesti\u00f3n Malvinas respondi\u00f3 que siempre revisa sus posiciones y que este asunto era \u201capenas una entre muchas\u201d. Washington, sin embargo, no anunci\u00f3 hasta ahora un cambio formal de su hist\u00f3rica postura.<\/p>\n\n\n\n<p class=\"wp-block-paragraph\">Milei interpret\u00f3 esas declaraciones como una se\u00f1al de relevancia y anticip\u00f3 el contenido de su mensaje con una frase que elev\u00f3 las expectativas dentro del Gobierno. \u201cAyer ha pasado algo muy fuerte respecto a la causa m\u00e1s importante y sagrada que tenemos los argentinos\u201d, sostuvo el presidente durante una entrevista, en referencia a las palabras de Trump. Un d\u00eda despu\u00e9s, adem\u00e1s, Milei defendi\u00f3 p\u00fablicamente la decisi\u00f3n de recurrir a la cadena nacional y cuestion\u00f3 a quienes hab\u00edan criticado que utilizara ese mecanismo para hablar de Malvinas. El mandatario insisti\u00f3 en que se trata de una cuesti\u00f3n central para los intereses nacionales y reivindic\u00f3 el car\u00e1cter prioritario que su Gobierno le asigna al reclamo de soberan\u00eda.<\/p>\n\n\n\n<p class=\"wp-block-paragraph\">La cuesti\u00f3n petrolera ser\u00eda, por lo tanto, uno de los puntos a seguir con mayor atenci\u00f3n durante el mensaje. El proyecto Sea Lion volvi\u00f3 a generar tensi\u00f3n porque implica avanzar con la explotaci\u00f3n de hidrocarburos en aguas pr\u00f3ximas a las islas, mientras la Argentina sostiene que cualquier actividad de ese tipo debe contar con su consentimiento mientras permanezca sin resolver la disputa de soberan\u00eda.<\/p>\n\n\n\n<p class=\"wp-block-paragraph\">El planteo argentino tiene adem\u00e1s un respaldo hist\u00f3rico en el \u00e1mbito de Naciones Unidas. La Asamblea General reconoce la existencia de una disputa de soberan\u00eda entre la Argentina y el Reino Unido y ha llamado reiteradamente a ambos pa\u00edses a reanudar negociaciones para alcanzar una soluci\u00f3n pac\u00edfica y definitiva. La resoluci\u00f3n 31\/49, entre otras, forma parte de ese marco internacional.<\/p>\n\n\n\n<p class=\"wp-block-paragraph\">En ese contexto, el mensaje de Milei buscar\u00eda combinar dos planos: por un lado, una reivindicaci\u00f3n pol\u00edtica y diplom\u00e1tica del reclamo argentino de soberan\u00eda y, por otro, una respuesta concreta frente a las actividades econ\u00f3micas que se desarrollan en el \u00e1rea disputada. El eventual proyecto de ley marcar\u00eda un endurecimiento de las herramientas internas contra empresas argentinas que participen directa o indirectamente de esas operaciones.<\/p>\n\n\n\n<p class=\"wp-block-paragraph\">El Gobierno tambi\u00e9n buscar\u00eda remarcar que su estrategia para la recuperaci\u00f3n de las islas continuar\u00e1 por la v\u00eda diplom\u00e1tica, reforzando el reclamo argentino en el escenario internacional, cuestionando la explotaci\u00f3n unilateral de los recursos y estableciendo mayores restricciones para quienes colaboren con esas actividades.<\/p>\n\n\n\n<p class=\"wp-block-paragraph\">La expectativa estar\u00e1 puesta, entonces, en cu\u00e1nto avanzar\u00e1 Milei respecto de lo que ya trascendi\u00f3. Adem\u00e1s del proyecto para sancionar a empresas, el presidente podr\u00eda brindar detalles sobre los supuestos avances diplom\u00e1ticos que el Gobierno viene mencionando y explicar qu\u00e9 papel pretende darle a la cuesti\u00f3n Malvinas dentro de su pol\u00edtica exterior.<\/p>\n\n\n\n<p class=\"wp-block-paragraph\">Fuente: Misiones Online<\/p>\n","protected":false},"excerpt":{"rendered":"<p>Tras las declaraciones de Trump sobre Malvinas, el presidente Javier Milei hablar\u00e1 este jueves a las 21.00 por cadena nacional. Entre las principales versiones sobre lo que dir\u00e1 aparece el env\u00edo al Congreso de un proyecto para sancionar a empresas que participen o brinden apoyo a actividades en las islas sin autorizaci\u00f3n argentina. El trasfondo [&hellip;]<\/p>\n","protected":false},"author":2,"featured_media":62717,"comment_status":"open","ping_status":"closed","sticky":false,"template":"","format":"standard","meta":{"footnotes":""},"categories":[42],"tags":[3091,2835,1774,4668,564,5225],"class_list":["post-62714","post","type-post","status-publish","format-standard","has-post-thumbnail","hentry","category-politica","tag-centro","tag-jueves","tag-malvinas","tag-mensaje","tag-milei","tag-petroleo"],"yoast_head":"<!-- This site is optimized with the Yoast SEO plugin v28.4 - https:\/\/yoast.com\/product\/yoast-seo-wordpress\/ -->\n<title>Milei hablar\u00e1 por cadena nacional por la cuesti\u00f3n Malvinas | CVI NOTICIAS<\/title>\n<meta name=\"description\" content=\"Milei hablar\u00e1 a las 21 por cadena nacional y podr\u00eda anunciar sanciones a empresas vinculadas a actividades en Malvinas.\" \/>\n<meta name=\"robots\" content=\"index, follow, max-snippet:-1, max-image-preview:large, max-video-preview:-1\" \/>\n<link rel=\"canonical\" href=\"https:\/\/cvinoticias.com\/v3\/milei-prepara-su-mensaje-en-cadena-nacional-por-malvinas-que-anunciaria-este-jueves-y-por-que-el-proyecto-petrolero-sea-lion-quedo-en-el-centro\/\" \/>\n<meta property=\"og:locale\" content=\"es_ES\" \/>\n<meta property=\"og:type\" content=\"article\" \/>\n<meta property=\"og:title\" content=\"Milei hablar\u00e1 por cadena nacional por la cuesti\u00f3n Malvinas | CVI NOTICIAS\" \/>\n<meta property=\"og:description\" content=\"Milei hablar\u00e1 a las 21 por cadena nacional y podr\u00eda anunciar sanciones a empresas vinculadas a actividades en Malvinas.\" \/>\n<meta property=\"og:url\" content=\"https:\/\/cvinoticias.com\/v3\/milei-prepara-su-mensaje-en-cadena-nacional-por-malvinas-que-anunciaria-este-jueves-y-por-que-el-proyecto-petrolero-sea-lion-quedo-en-el-centro\/\" \/>\n<meta property=\"og:site_name\" content=\"CVI NOTICIAS\" \/>\n<meta property=\"article:publisher\" content=\"https:\/\/www.facebook.com\/cvinoticias\" \/>\n<meta property=\"article:published_time\" content=\"2026-09-03T12:04:53+00:00\" \/>\n<meta property=\"article:modified_time\" content=\"2026-09-03T12:05:45+00:00\" \/>\n<meta property=\"og:image\" content=\"https:\/\/cvinoticias.com\/wp-content\/uploads\/2026\/09\/milei-malvinas.webp\" \/>\n\t<meta property=\"og:image:width\" content=\"989\" \/>\n\t<meta property=\"og:image:height\" content=\"583\" \/>\n\t<meta property=\"og:image:type\" content=\"image\/webp\" \/>\n<meta name=\"author\" content=\"f1000024\" \/>\n<meta name=\"twitter:card\" content=\"summary_large_image\" \/>\n<meta name=\"twitter:label1\" content=\"Escrito por\" \/>\n\t<meta name=\"twitter:data1\" content=\"f1000024\" \/>\n\t<meta name=\"twitter:label2\" content=\"Tiempo de lectura\" \/>\n\t<meta name=\"twitter:data2\" content=\"4 minutos\" \/>\n<script type=\"application\/ld+json\" class=\"yoast-schema-graph\">{\"@context\":\"https:\\\/\\\/schema.org\",\"@graph\":[{\"@type\":\"Article\",\"@id\":\"https:\\\/\\\/cvinoticias.com\\\/v3\\\/milei-prepara-su-mensaje-en-cadena-nacional-por-malvinas-que-anunciaria-este-jueves-y-por-que-el-proyecto-petrolero-sea-lion-quedo-en-el-centro\\\/#article\",\"isPartOf\":{\"@id\":\"https:\\\/\\\/cvinoticias.com\\\/v3\\\/milei-prepara-su-mensaje-en-cadena-nacional-por-malvinas-que-anunciaria-este-jueves-y-por-que-el-proyecto-petrolero-sea-lion-quedo-en-el-centro\\\/\"},\"author\":{\"name\":\"f1000024\",\"@id\":\"https:\\\/\\\/cvinoticias.com\\\/v3\\\/#\\\/schema\\\/person\\\/2db77e3c6bc03c538495d7b2b8be9b66\"},\"headline\":\"Milei prepara su mensaje en cadena nacional por Malvinas: qu\u00e9 anunciar\u00eda este jueves y por qu\u00e9 el proyecto petrolero Sea Lion qued\u00f3 en el centro\",\"datePublished\":\"2026-09-03T12:04:53+00:00\",\"dateModified\":\"2026-09-03T12:05:45+00:00\",\"mainEntityOfPage\":{\"@id\":\"https:\\\/\\\/cvinoticias.com\\\/v3\\\/milei-prepara-su-mensaje-en-cadena-nacional-por-malvinas-que-anunciaria-este-jueves-y-por-que-el-proyecto-petrolero-sea-lion-quedo-en-el-centro\\\/\"},\"wordCount\":941,\"commentCount\":0,\"publisher\":{\"@id\":\"https:\\\/\\\/cvinoticias.com\\\/v3\\\/#organization\"},\"image\":{\"@id\":\"https:\\\/\\\/cvinoticias.com\\\/v3\\\/milei-prepara-su-mensaje-en-cadena-nacional-por-malvinas-que-anunciaria-este-jueves-y-por-que-el-proyecto-petrolero-sea-lion-quedo-en-el-centro\\\/#primaryimage\"},\"thumbnailUrl\":\"https:\\\/\\\/cvinoticias.com\\\/wp-content\\\/uploads\\\/2026\\\/09\\\/milei-malvinas.webp\",\"keywords\":[\"Centro\",\"jueves\",\"Malvinas\",\"mensaje\",\"Milei\",\"petroleo\"],\"articleSection\":[\"Politica\"],\"inLanguage\":\"es\",\"potentialAction\":[{\"@type\":\"CommentAction\",\"name\":\"Comment\",\"target\":[\"https:\\\/\\\/cvinoticias.com\\\/v3\\\/milei-prepara-su-mensaje-en-cadena-nacional-por-malvinas-que-anunciaria-este-jueves-y-por-que-el-proyecto-petrolero-sea-lion-quedo-en-el-centro\\\/#respond\"]}]},{\"@type\":\"WebPage\",\"@id\":\"https:\\\/\\\/cvinoticias.com\\\/v3\\\/milei-prepara-su-mensaje-en-cadena-nacional-por-malvinas-que-anunciaria-este-jueves-y-por-que-el-proyecto-petrolero-sea-lion-quedo-en-el-centro\\\/\",\"url\":\"https:\\\/\\\/cvinoticias.com\\\/v3\\\/milei-prepara-su-mensaje-en-cadena-nacional-por-malvinas-que-anunciaria-este-jueves-y-por-que-el-proyecto-petrolero-sea-lion-quedo-en-el-centro\\\/\",\"name\":\"Milei hablar\u00e1 por cadena nacional por la cuesti\u00f3n Malvinas | CVI NOTICIAS\",\"isPartOf\":{\"@id\":\"https:\\\/\\\/cvinoticias.com\\\/v3\\\/#website\"},\"primaryImageOfPage\":{\"@id\":\"https:\\\/\\\/cvinoticias.com\\\/v3\\\/milei-prepara-su-mensaje-en-cadena-nacional-por-malvinas-que-anunciaria-este-jueves-y-por-que-el-proyecto-petrolero-sea-lion-quedo-en-el-centro\\\/#primaryimage\"},\"image\":{\"@id\":\"https:\\\/\\\/cvinoticias.com\\\/v3\\\/milei-prepara-su-mensaje-en-cadena-nacional-por-malvinas-que-anunciaria-este-jueves-y-por-que-el-proyecto-petrolero-sea-lion-quedo-en-el-centro\\\/#primaryimage\"},\"thumbnailUrl\":\"https:\\\/\\\/cvinoticias.com\\\/wp-content\\\/uploads\\\/2026\\\/09\\\/milei-malvinas.webp\",\"datePublished\":\"2026-09-03T12:04:53+00:00\",\"dateModified\":\"2026-09-03T12:05:45+00:00\",\"description\":\"Milei hablar\u00e1 a las 21 por cadena nacional y podr\u00eda anunciar sanciones a empresas vinculadas a actividades en Malvinas.\",\"breadcrumb\":{\"@id\":\"https:\\\/\\\/cvinoticias.com\\\/v3\\\/milei-prepara-su-mensaje-en-cadena-nacional-por-malvinas-que-anunciaria-este-jueves-y-por-que-el-proyecto-petrolero-sea-lion-quedo-en-el-centro\\\/#breadcrumb\"},\"inLanguage\":\"es\",\"potentialAction\":[{\"@type\":\"ReadAction\",\"target\":[\"https:\\\/\\\/cvinoticias.com\\\/v3\\\/milei-prepara-su-mensaje-en-cadena-nacional-por-malvinas-que-anunciaria-este-jueves-y-por-que-el-proyecto-petrolero-sea-lion-quedo-en-el-centro\\\/\"]}]},{\"@type\":\"ImageObject\",\"inLanguage\":\"es\",\"@id\":\"https:\\\/\\\/cvinoticias.com\\\/v3\\\/milei-prepara-su-mensaje-en-cadena-nacional-por-malvinas-que-anunciaria-este-jueves-y-por-que-el-proyecto-petrolero-sea-lion-quedo-en-el-centro\\\/#primaryimage\",\"url\":\"https:\\\/\\\/cvinoticias.com\\\/wp-content\\\/uploads\\\/2026\\\/09\\\/milei-malvinas.webp\",\"contentUrl\":\"https:\\\/\\\/cvinoticias.com\\\/wp-content\\\/uploads\\\/2026\\\/09\\\/milei-malvinas.webp\",\"width\":989,\"height\":583},{\"@type\":\"BreadcrumbList\",\"@id\":\"https:\\\/\\\/cvinoticias.com\\\/v3\\\/milei-prepara-su-mensaje-en-cadena-nacional-por-malvinas-que-anunciaria-este-jueves-y-por-que-el-proyecto-petrolero-sea-lion-quedo-en-el-centro\\\/#breadcrumb\",\"itemListElement\":[{\"@type\":\"ListItem\",\"position\":1,\"name\":\"Portada\",\"item\":\"https:\\\/\\\/cvinoticias.com\\\/v3\\\/\"},{\"@type\":\"ListItem\",\"position\":2,\"name\":\"Milei prepara su mensaje en cadena nacional por Malvinas: qu\u00e9 anunciar\u00eda este jueves y por qu\u00e9 el proyecto petrolero Sea Lion qued\u00f3 en el centro\"}]},{\"@type\":\"WebSite\",\"@id\":\"https:\\\/\\\/cvinoticias.com\\\/v3\\\/#website\",\"url\":\"https:\\\/\\\/cvinoticias.com\\\/v3\\\/\",\"name\":\"CVI NOTICIAS\",\"description\":\"\",\"publisher\":{\"@id\":\"https:\\\/\\\/cvinoticias.com\\\/v3\\\/#organization\"},\"alternateName\":\"CVI\",\"potentialAction\":[{\"@type\":\"SearchAction\",\"target\":{\"@type\":\"EntryPoint\",\"urlTemplate\":\"https:\\\/\\\/cvinoticias.com\\\/v3\\\/?s={search_term_string}\"},\"query-input\":{\"@type\":\"PropertyValueSpecification\",\"valueRequired\":true,\"valueName\":\"search_term_string\"}}],\"inLanguage\":\"es\"},{\"@type\":\"Organization\",\"@id\":\"https:\\\/\\\/cvinoticias.com\\\/v3\\\/#organization\",\"name\":\"CVI NOTICIAS\",\"url\":\"https:\\\/\\\/cvinoticias.com\\\/v3\\\/\",\"logo\":{\"@type\":\"ImageObject\",\"inLanguage\":\"es\",\"@id\":\"https:\\\/\\\/cvinoticias.com\\\/v3\\\/#\\\/schema\\\/logo\\\/image\\\/\",\"url\":\"https:\\\/\\\/cvinoticias.com\\\/wp-content\\\/uploads\\\/2023\\\/04\\\/cropped-cropped-cropped-cropped-cropped-3-1.png\",\"contentUrl\":\"https:\\\/\\\/cvinoticias.com\\\/wp-content\\\/uploads\\\/2023\\\/04\\\/cropped-cropped-cropped-cropped-cropped-3-1.png\",\"width\":95,\"height\":122,\"caption\":\"CVI NOTICIAS\"},\"image\":{\"@id\":\"https:\\\/\\\/cvinoticias.com\\\/v3\\\/#\\\/schema\\\/logo\\\/image\\\/\"},\"sameAs\":[\"https:\\\/\\\/www.facebook.com\\\/cvinoticias\",\"https:\\\/\\\/www.instagram.com\\\/cvinoticias\\\/\",\"https:\\\/\\\/www.youtube.com\\\/@CVINOTICIAS\"]},{\"@type\":\"Person\",\"@id\":\"https:\\\/\\\/cvinoticias.com\\\/v3\\\/#\\\/schema\\\/person\\\/2db77e3c6bc03c538495d7b2b8be9b66\",\"name\":\"f1000024\",\"image\":{\"@type\":\"ImageObject\",\"inLanguage\":\"es\",\"@id\":\"https:\\\/\\\/secure.gravatar.com\\\/avatar\\\/d4fe7459cfc51ff5129ce1a732bbef5928568b8092d412ef95611616376bbeed?s=96&d=mm&r=g\",\"url\":\"https:\\\/\\\/secure.gravatar.com\\\/avatar\\\/d4fe7459cfc51ff5129ce1a732bbef5928568b8092d412ef95611616376bbeed?s=96&d=mm&r=g\",\"contentUrl\":\"https:\\\/\\\/secure.gravatar.com\\\/avatar\\\/d4fe7459cfc51ff5129ce1a732bbef5928568b8092d412ef95611616376bbeed?s=96&d=mm&r=g\",\"caption\":\"f1000024\"},\"url\":\"https:\\\/\\\/cvinoticias.com\\\/v3\\\/author\\\/f1000024\\\/\"}]}<\/script>\n<!-- \/ Yoast SEO plugin. -->","yoast_head_json":{"title":"Milei hablar\u00e1 por cadena nacional por la cuesti\u00f3n Malvinas | CVI NOTICIAS","description":"Milei hablar\u00e1 a las 21 por cadena nacional y podr\u00eda anunciar sanciones a empresas vinculadas a actividades en Malvinas.","robots":{"index":"index","follow":"follow","max-snippet":"max-snippet:-1","max-image-preview":"max-image-preview:large","max-video-preview":"max-video-preview:-1"},"canonical":"https:\/\/cvinoticias.com\/v3\/milei-prepara-su-mensaje-en-cadena-nacional-por-malvinas-que-anunciaria-este-jueves-y-por-que-el-proyecto-petrolero-sea-lion-quedo-en-el-centro\/","og_locale":"es_ES","og_type":"article","og_title":"Milei hablar\u00e1 por cadena nacional por la cuesti\u00f3n Malvinas | CVI NOTICIAS","og_description":"Milei hablar\u00e1 a las 21 por cadena nacional y podr\u00eda anunciar sanciones a empresas vinculadas a actividades en Malvinas.","og_url":"https:\/\/cvinoticias.com\/v3\/milei-prepara-su-mensaje-en-cadena-nacional-por-malvinas-que-anunciaria-este-jueves-y-por-que-el-proyecto-petrolero-sea-lion-quedo-en-el-centro\/","og_site_name":"CVI NOTICIAS","article_publisher":"https:\/\/www.facebook.com\/cvinoticias","article_published_time":"2026-09-03T12:04:53+00:00","article_modified_time":"2026-09-03T12:05:45+00:00","og_image":[{"width":989,"height":583,"url":"https:\/\/cvinoticias.com\/wp-content\/uploads\/2026\/09\/milei-malvinas.webp","type":"image\/webp"}],"author":"f1000024","twitter_card":"summary_large_image","twitter_misc":{"Escrito por":"f1000024","Tiempo de lectura":"4 minutos"},"schema":{"@context":"https:\/\/schema.org","@graph":[{"@type":"Article","@id":"https:\/\/cvinoticias.com\/v3\/milei-prepara-su-mensaje-en-cadena-nacional-por-malvinas-que-anunciaria-este-jueves-y-por-que-el-proyecto-petrolero-sea-lion-quedo-en-el-centro\/#article","isPartOf":{"@id":"https:\/\/cvinoticias.com\/v3\/milei-prepara-su-mensaje-en-cadena-nacional-por-malvinas-que-anunciaria-este-jueves-y-por-que-el-proyecto-petrolero-sea-lion-quedo-en-el-centro\/"},"author":{"name":"f1000024","@id":"https:\/\/cvinoticias.com\/v3\/#\/schema\/person\/2db77e3c6bc03c538495d7b2b8be9b66"},"headline":"Milei prepara su mensaje en cadena nacional por Malvinas: qu\u00e9 anunciar\u00eda este jueves y por qu\u00e9 el proyecto petrolero Sea Lion qued\u00f3 en el centro","datePublished":"2026-09-03T12:04:53+00:00","dateModified":"2026-09-03T12:05:45+00:00","mainEntityOfPage":{"@id":"https:\/\/cvinoticias.com\/v3\/milei-prepara-su-mensaje-en-cadena-nacional-por-malvinas-que-anunciaria-este-jueves-y-por-que-el-proyecto-petrolero-sea-lion-quedo-en-el-centro\/"},"wordCount":941,"commentCount":0,"publisher":{"@id":"https:\/\/cvinoticias.com\/v3\/#organization"},"image":{"@id":"https:\/\/cvinoticias.com\/v3\/milei-prepara-su-mensaje-en-cadena-nacional-por-malvinas-que-anunciaria-este-jueves-y-por-que-el-proyecto-petrolero-sea-lion-quedo-en-el-centro\/#primaryimage"},"thumbnailUrl":"https:\/\/cvinoticias.com\/wp-content\/uploads\/2026\/09\/milei-malvinas.webp","keywords":["Centro","jueves","Malvinas","mensaje","Milei","petroleo"],"articleSection":["Politica"],"inLanguage":"es","potentialAction":[{"@type":"CommentAction","name":"Comment","target":["https:\/\/cvinoticias.com\/v3\/milei-prepara-su-mensaje-en-cadena-nacional-por-malvinas-que-anunciaria-este-jueves-y-por-que-el-proyecto-petrolero-sea-lion-quedo-en-el-centro\/#respond"]}]},{"@type":"WebPage","@id":"https:\/\/cvinoticias.com\/v3\/milei-prepara-su-mensaje-en-cadena-nacional-por-malvinas-que-anunciaria-este-jueves-y-por-que-el-proyecto-petrolero-sea-lion-quedo-en-el-centro\/","url":"https:\/\/cvinoticias.com\/v3\/milei-prepara-su-mensaje-en-cadena-nacional-por-malvinas-que-anunciaria-este-jueves-y-por-que-el-proyecto-petrolero-sea-lion-quedo-en-el-centro\/","name":"Milei hablar\u00e1 por cadena nacional por la cuesti\u00f3n Malvinas | CVI NOTICIAS","isPartOf":{"@id":"https:\/\/cvinoticias.com\/v3\/#website"},"primaryImageOfPage":{"@id":"https:\/\/cvinoticias.com\/v3\/milei-prepara-su-mensaje-en-cadena-nacional-por-malvinas-que-anunciaria-este-jueves-y-por-que-el-proyecto-petrolero-sea-lion-quedo-en-el-centro\/#primaryimage"},"image":{"@id":"https:\/\/cvinoticias.com\/v3\/milei-prepara-su-mensaje-en-cadena-nacional-por-malvinas-que-anunciaria-este-jueves-y-por-que-el-proyecto-petrolero-sea-lion-quedo-en-el-centro\/#primaryimage"},"thumbnailUrl":"https:\/\/cvinoticias.com\/wp-content\/uploads\/2026\/09\/milei-malvinas.webp","datePublished":"2026-09-03T12:04:53+00:00","dateModified":"2026-09-03T12:05:45+00:00","description":"Milei hablar\u00e1 a las 21 por cadena nacional y podr\u00eda anunciar sanciones a empresas vinculadas a actividades en Malvinas.","breadcrumb":{"@id":"https:\/\/cvinoticias.com\/v3\/milei-prepara-su-mensaje-en-cadena-nacional-por-malvinas-que-anunciaria-este-jueves-y-por-que-el-proyecto-petrolero-sea-lion-quedo-en-el-centro\/#breadcrumb"},"inLanguage":"es","potentialAction":[{"@type":"ReadAction","target":["https:\/\/cvinoticias.com\/v3\/milei-prepara-su-mensaje-en-cadena-nacional-por-malvinas-que-anunciaria-este-jueves-y-por-que-el-proyecto-petrolero-sea-lion-quedo-en-el-centro\/"]}]},{"@type":"ImageObject","inLanguage":"es","@id":"https:\/\/cvinoticias.com\/v3\/milei-prepara-su-mensaje-en-cadena-nacional-por-malvinas-que-anunciaria-este-jueves-y-por-que-el-proyecto-petrolero-sea-lion-quedo-en-el-centro\/#primaryimage","url":"https:\/\/cvinoticias.com\/wp-content\/uploads\/2026\/09\/milei-malvinas.webp","contentUrl":"https:\/\/cvinoticias.com\/wp-content\/uploads\/2026\/09\/milei-malvinas.webp","width":989,"height":583},{"@type":"BreadcrumbList","@id":"https:\/\/cvinoticias.com\/v3\/milei-prepara-su-mensaje-en-cadena-nacional-por-malvinas-que-anunciaria-este-jueves-y-por-que-el-proyecto-petrolero-sea-lion-quedo-en-el-centro\/#breadcrumb","itemListElement":[{"@type":"ListItem","position":1,"name":"Portada","item":"https:\/\/cvinoticias.com\/v3\/"},{"@type":"ListItem","position":2,"name":"Milei prepara su mensaje en cadena nacional por Malvinas: qu\u00e9 anunciar\u00eda este jueves y por qu\u00e9 el proyecto petrolero Sea Lion qued\u00f3 en el centro"}]},{"@type":"WebSite","@id":"https:\/\/cvinoticias.com\/v3\/#website","url":"https:\/\/cvinoticias.com\/v3\/","name":"CVI NOTICIAS","description":"","publisher":{"@id":"https:\/\/cvinoticias.com\/v3\/#organization"},"alternateName":"CVI","potentialAction":[{"@type":"SearchAction","target":{"@type":"EntryPoint","urlTemplate":"https:\/\/cvinoticias.com\/v3\/?s={search_term_string}"},"query-input":{"@type":"PropertyValueSpecification","valueRequired":true,"valueName":"search_term_string"}}],"inLanguage":"es"},{"@type":"Organization","@id":"https:\/\/cvinoticias.com\/v3\/#organization","name":"CVI NOTICIAS","url":"https:\/\/cvinoticias.com\/v3\/","logo":{"@type":"ImageObject","inLanguage":"es","@id":"https:\/\/cvinoticias.com\/v3\/#\/schema\/logo\/image\/","url":"https:\/\/cvinoticias.com\/wp-content\/uploads\/2023\/04\/cropped-cropped-cropped-cropped-cropped-3-1.png","contentUrl":"https:\/\/cvinoticias.com\/wp-content\/uploads\/2023\/04\/cropped-cropped-cropped-cropped-cropped-3-1.png","width":95,"height":122,"caption":"CVI NOTICIAS"},"image":{"@id":"https:\/\/cvinoticias.com\/v3\/#\/schema\/logo\/image\/"},"sameAs":["https:\/\/www.facebook.com\/cvinoticias","https:\/\/www.instagram.com\/cvinoticias\/","https:\/\/www.youtube.com\/@CVINOTICIAS"]},{"@type":"Person","@id":"https:\/\/cvinoticias.com\/v3\/#\/schema\/person\/2db77e3c6bc03c538495d7b2b8be9b66","name":"f1000024","image":{"@type":"ImageObject","inLanguage":"es","@id":"https:\/\/secure.gravatar.com\/avatar\/d4fe7459cfc51ff5129ce1a732bbef5928568b8092d412ef95611616376bbeed?s=96&d=mm&r=g","url":"https:\/\/secure.gravatar.com\/avatar\/d4fe7459cfc51ff5129ce1a732bbef5928568b8092d412ef95611616376bbeed?s=96&d=mm&r=g","contentUrl":"https:\/\/secure.gravatar.com\/avatar\/d4fe7459cfc51ff5129ce1a732bbef5928568b8092d412ef95611616376bbeed?s=96&d=mm&r=g","caption":"f1000024"},"url":"https:\/\/cvinoticias.com\/v3\/author\/f1000024\/"}]}},"_links":{"self":[{"href":"https:\/\/cvinoticias.com\/v3\/wp-json\/wp\/v2\/posts\/62714","targetHints":{"allow":["GET"]}}],"collection":[{"href":"https:\/\/cvinoticias.com\/v3\/wp-json\/wp\/v2\/posts"}],"about":[{"href":"https:\/\/cvinoticias.com\/v3\/wp-json\/wp\/v2\/types\/post"}],"author":[{"embeddable":true,"href":"https:\/\/cvinoticias.com\/v3\/wp-json\/wp\/v2\/users\/2"}],"replies":[{"embeddable":true,"href":"https:\/\/cvinoticias.com\/v3\/wp-json\/wp\/v2\/comments?post=62714"}],"version-history":[{"count":1,"href":"https:\/\/cvinoticias.com\/v3\/wp-json\/wp\/v2\/posts\/62714\/revisions"}],"predecessor-version":[{"id":62715,"href":"https:\/\/cvinoticias.com\/v3\/wp-json\/wp\/v2\/posts\/62714\/revisions\/62715"}],"wp:featuredmedia":[{"embeddable":true,"href":"https:\/\/cvinoticias.com\/v3\/wp-json\/wp\/v2\/media\/62717"}],"wp:attachment":[{"href":"https:\/\/cvinoticias.com\/v3\/wp-json\/wp\/v2\/media?parent=62714"}],"wp:term":[{"taxonomy":"category","embeddable":true,"href":"https:\/\/cvinoticias.com\/v3\/wp-json\/wp\/v2\/categories?post=62714"},{"taxonomy":"post_tag","embeddable":true,"href":"https:\/\/cvinoticias.com\/v3\/wp-json\/wp\/v2\/tags?post=62714"}],"curies":[{"name":"wp","href":"https:\/\/api.w.org\/{rel}","templated":true}]}}