{"id":62710,"date":"2026-09-03T09:01:38","date_gmt":"2026-09-03T12:01:38","guid":{"rendered":"https:\/\/cvinoticias.com\/v3\/?p=62710"},"modified":"2026-09-03T09:01:39","modified_gmt":"2026-09-03T12:01:39","slug":"mantenimiento-electrico-podria-generar-cortes-en-algunas-localidades-de-misiones","status":"publish","type":"post","link":"https:\/\/cvinoticias.com\/v3\/mantenimiento-electrico-podria-generar-cortes-en-algunas-localidades-de-misiones\/","title":{"rendered":"Mantenimiento el\u00e9ctrico podr\u00eda generar cortes en algunas localidades de Misiones"},"content":{"rendered":"\n<p class=\"wp-block-paragraph\">La empresa <strong>L\u00edneas de Transmisi\u00f3n del Litoral S.A. (LITSA)<\/strong> realizar\u00e1 este domingo 6 de septiembre la segunda etapa del mantenimiento programado en las estaciones transformadoras de <strong>500 kV de San Isidro, en Posadas, y Rinc\u00f3n Santa Mar\u00eda, en Ituzaing\u00f3, Corrientes<\/strong>.<\/p>\n\n\n\n<p class=\"wp-block-paragraph\">Los trabajos hab\u00edan sido previstos para la semana pasada, pero debieron suspenderse debido a las condiciones clim\u00e1ticas. En esta oportunidad, las tareas se desarrollar\u00e1n entre las <strong>6:30 y las 14:00<\/strong>, seg\u00fan inform\u00f3 Energ\u00eda de Misiones.<\/p>\n\n\n\n<h2 class=\"wp-block-heading\">Recambio de seccionadores y pruebas de protecci\u00f3n<\/h2>\n\n\n\n<p class=\"wp-block-paragraph\">El operativo contempla el <strong>recambio de seccionadores y la realizaci\u00f3n de pruebas de protecciones<\/strong> en ambas estaciones transformadoras.<\/p>\n\n\n\n<p class=\"wp-block-paragraph\">Como consecuencia de estas tareas, durante el per\u00edodo indicado <strong>Misiones quedar\u00e1 temporalmente aislada del Sistema Argentino de Interconexi\u00f3n (SADI)<\/strong>.<\/p>\n\n\n\n<p class=\"wp-block-paragraph\">Ante esta situaci\u00f3n, la provincia pondr\u00e1 en funcionamiento distintas fuentes de generaci\u00f3n alternativa con el objetivo de atender la demanda y reducir el impacto sobre el servicio el\u00e9ctrico.<\/p>\n\n\n\n<h2 class=\"wp-block-heading\">C\u00f3mo se abastecer\u00e1 la demanda durante el operativo<\/h2>\n\n\n\n<p class=\"wp-block-paragraph\">Energ\u00eda de Misiones inform\u00f3 que se utilizar\u00e1n recursos disponibles en la provincia y la regi\u00f3n, entre ellos la <strong>Central Hidroel\u00e9ctrica Urugua-\u00ed<\/strong>, centrales t\u00e9rmicas, la interconexi\u00f3n el\u00e9ctrica con Paraguay y los parques solares.<\/p>\n\n\n\n<p class=\"wp-block-paragraph\">La generaci\u00f3n alternativa permitir\u00e1 sostener el suministro mientras se desarrollen las tareas de mantenimiento en las estaciones transformadoras.<\/p>\n\n\n\n<h2 class=\"wp-block-heading\">No descartan cortes rotativos<\/h2>\n\n\n\n<p class=\"wp-block-paragraph\">Desde Energ\u00eda de Misiones advirtieron que <strong>no se descartan eventuales cortes rotativos<\/strong> en caso de que la demanda supere la disponibilidad de energ\u00eda y potencia durante el per\u00edodo de aislamiento.<\/p>\n\n\n\n<p class=\"wp-block-paragraph\">En caso de ser necesarios, la empresa indic\u00f3 que procurar\u00e1 que las interrupciones sean de corta duraci\u00f3n. Adem\u00e1s, esos per\u00edodos podr\u00edan ser aprovechados para realizar tareas de mantenimiento sobre la infraestructura el\u00e9ctrica provincial.<\/p>\n\n\n\n<h3 class=\"wp-block-heading\">Hospitales y sistemas de agua tendr\u00e1n prioridad<\/h3>\n\n\n\n<p class=\"wp-block-paragraph\">Energ\u00eda de Misiones asegur\u00f3 que, ante cualquier eventualidad, se garantizar\u00e1 el suministro el\u00e9ctrico necesario para el funcionamiento de <strong>los sistemas de bombeo de agua potable, hospitales y sanatorios<\/strong>.<\/p>\n\n\n\n<p class=\"wp-block-paragraph\">El operativo forma parte de los trabajos programados sobre la infraestructura de transmisi\u00f3n y busca completar el mantenimiento pendiente en las estaciones de San Isidro y Rinc\u00f3n Santa Mar\u00eda.<\/p>\n\n\n\n<p class=\"wp-block-paragraph\">Desde la empresa provincial solicitaron a los usuarios comprensi\u00f3n ante posibles inconvenientes que puedan registrarse durante la jornada del domingo.<\/p>\n\n\n\n<figure class=\"wp-block-image size-large\"><a href=\"https:\/\/cvinoticias.com\/wp-content\/uploads\/2026\/09\/5be6eeff-c209-40ab-87e8-2cc812aa0115.jpeg\"><img decoding=\"async\" width=\"576\" height=\"1024\" data-src=\"https:\/\/cvinoticias.com\/wp-content\/uploads\/2026\/09\/5be6eeff-c209-40ab-87e8-2cc812aa0115-576x1024.jpeg\" alt=\"\" class=\"wp-image-62712 lazyload\" data-srcset=\"https:\/\/cvinoticias.com\/wp-content\/uploads\/2026\/09\/5be6eeff-c209-40ab-87e8-2cc812aa0115-576x1024.jpeg 576w, https:\/\/cvinoticias.com\/wp-content\/uploads\/2026\/09\/5be6eeff-c209-40ab-87e8-2cc812aa0115-169x300.jpeg 169w, https:\/\/cvinoticias.com\/wp-content\/uploads\/2026\/09\/5be6eeff-c209-40ab-87e8-2cc812aa0115-768x1366.jpeg 768w, https:\/\/cvinoticias.com\/wp-content\/uploads\/2026\/09\/5be6eeff-c209-40ab-87e8-2cc812aa0115-864x1536.jpeg 864w, https:\/\/cvinoticias.com\/wp-content\/uploads\/2026\/09\/5be6eeff-c209-40ab-87e8-2cc812aa0115.jpeg 899w\" data-sizes=\"(max-width: 576px) 100vw, 576px\" src=\"data:image\/svg+xml;base64,PHN2ZyB3aWR0aD0iMSIgaGVpZ2h0PSIxIiB4bWxucz0iaHR0cDovL3d3dy53My5vcmcvMjAwMC9zdmciPjwvc3ZnPg==\" style=\"--smush-placeholder-width: 576px; --smush-placeholder-aspect-ratio: 576\/1024;\" \/><\/a><\/figure>\n","protected":false},"excerpt":{"rendered":"<p>La empresa L\u00edneas de Transmisi\u00f3n del Litoral S.A. (LITSA) realizar\u00e1 este domingo 6 de septiembre la segunda etapa del mantenimiento programado en las estaciones transformadoras de 500 kV de San Isidro, en Posadas, y Rinc\u00f3n Santa Mar\u00eda, en Ituzaing\u00f3, Corrientes. Los trabajos hab\u00edan sido previstos para la semana pasada, pero debieron suspenderse debido a las [&hellip;]<\/p>\n","protected":false},"author":2,"featured_media":62711,"comment_status":"open","ping_status":"closed","sticky":false,"template":"","format":"standard","meta":{"footnotes":""},"categories":[455],"tags":[7111,1355,2066,1401,1261,7110,2856],"class_list":["post-62710","post","type-post","status-publish","format-standard","has-post-thumbnail","hentry","category-misiones","tag-7111","tag-cortes","tag-domingo","tag-emsa","tag-mantenimiento","tag-san-isidro","tag-septiembre"],"yoast_head":"<!-- This site is optimized with the Yoast SEO plugin v28.4 - https:\/\/yoast.com\/product\/yoast-seo-wordpress\/ -->\n<title>Misiones tendr\u00e1 cortes de luz este domingo por mantenimiento | CVI NOTICIAS<\/title>\n<meta name=\"description\" content=\"Misiones quedar\u00e1 aislada del sistema el\u00e9ctrico nacional de 6:30 a 14 por trabajos en las estaciones de San Isidro y Rinc\u00f3n Santa Mar\u00eda.\" \/>\n<meta name=\"robots\" content=\"index, follow, max-snippet:-1, max-image-preview:large, max-video-preview:-1\" \/>\n<link rel=\"canonical\" href=\"https:\/\/cvinoticias.com\/v3\/mantenimiento-electrico-podria-generar-cortes-en-algunas-localidades-de-misiones\/\" \/>\n<meta property=\"og:locale\" content=\"es_ES\" \/>\n<meta property=\"og:type\" content=\"article\" \/>\n<meta property=\"og:title\" content=\"Misiones tendr\u00e1 cortes de luz este domingo por mantenimiento | CVI NOTICIAS\" \/>\n<meta property=\"og:description\" content=\"Misiones quedar\u00e1 aislada del sistema el\u00e9ctrico nacional de 6:30 a 14 por trabajos en las estaciones de San Isidro y Rinc\u00f3n Santa Mar\u00eda.\" \/>\n<meta property=\"og:url\" content=\"https:\/\/cvinoticias.com\/v3\/mantenimiento-electrico-podria-generar-cortes-en-algunas-localidades-de-misiones\/\" \/>\n<meta property=\"og:site_name\" content=\"CVI NOTICIAS\" \/>\n<meta property=\"article:publisher\" content=\"https:\/\/www.facebook.com\/cvinoticias\" \/>\n<meta property=\"article:published_time\" content=\"2026-09-03T12:01:38+00:00\" \/>\n<meta property=\"article:modified_time\" content=\"2026-09-03T12:01:39+00:00\" \/>\n<meta property=\"og:image\" content=\"https:\/\/cvinoticias.com\/wp-content\/uploads\/2026\/09\/images-1.jpeg\" \/>\n\t<meta property=\"og:image:width\" content=\"608\" \/>\n\t<meta property=\"og:image:height\" content=\"342\" \/>\n\t<meta property=\"og:image:type\" content=\"image\/jpeg\" \/>\n<meta name=\"author\" content=\"f1000024\" \/>\n<meta name=\"twitter:card\" content=\"summary_large_image\" \/>\n<meta name=\"twitter:label1\" content=\"Escrito por\" \/>\n\t<meta name=\"twitter:data1\" content=\"f1000024\" \/>\n\t<meta name=\"twitter:label2\" content=\"Tiempo de lectura\" \/>\n\t<meta name=\"twitter:data2\" content=\"3 minutos\" \/>\n<script type=\"application\/ld+json\" class=\"yoast-schema-graph\">{\"@context\":\"https:\\\/\\\/schema.org\",\"@graph\":[{\"@type\":\"Article\",\"@id\":\"https:\\\/\\\/cvinoticias.com\\\/v3\\\/mantenimiento-electrico-podria-generar-cortes-en-algunas-localidades-de-misiones\\\/#article\",\"isPartOf\":{\"@id\":\"https:\\\/\\\/cvinoticias.com\\\/v3\\\/mantenimiento-electrico-podria-generar-cortes-en-algunas-localidades-de-misiones\\\/\"},\"author\":{\"name\":\"f1000024\",\"@id\":\"https:\\\/\\\/cvinoticias.com\\\/v3\\\/#\\\/schema\\\/person\\\/2db77e3c6bc03c538495d7b2b8be9b66\"},\"headline\":\"Mantenimiento el\u00e9ctrico podr\u00eda generar cortes en algunas localidades de Misiones\",\"datePublished\":\"2026-09-03T12:01:38+00:00\",\"dateModified\":\"2026-09-03T12:01:39+00:00\",\"mainEntityOfPage\":{\"@id\":\"https:\\\/\\\/cvinoticias.com\\\/v3\\\/mantenimiento-electrico-podria-generar-cortes-en-algunas-localidades-de-misiones\\\/\"},\"wordCount\":405,\"commentCount\":0,\"publisher\":{\"@id\":\"https:\\\/\\\/cvinoticias.com\\\/v3\\\/#organization\"},\"image\":{\"@id\":\"https:\\\/\\\/cvinoticias.com\\\/v3\\\/mantenimiento-electrico-podria-generar-cortes-en-algunas-localidades-de-misiones\\\/#primaryimage\"},\"thumbnailUrl\":\"https:\\\/\\\/cvinoticias.com\\\/wp-content\\\/uploads\\\/2026\\\/09\\\/images-1.jpeg\",\"keywords\":[\"6\",\"Cortes\",\"domingo\",\"EMSA\",\"Mantenimiento\",\"San Isidro\",\"septiembre\"],\"articleSection\":[\"Misiones\"],\"inLanguage\":\"es\",\"potentialAction\":[{\"@type\":\"CommentAction\",\"name\":\"Comment\",\"target\":[\"https:\\\/\\\/cvinoticias.com\\\/v3\\\/mantenimiento-electrico-podria-generar-cortes-en-algunas-localidades-de-misiones\\\/#respond\"]}]},{\"@type\":\"WebPage\",\"@id\":\"https:\\\/\\\/cvinoticias.com\\\/v3\\\/mantenimiento-electrico-podria-generar-cortes-en-algunas-localidades-de-misiones\\\/\",\"url\":\"https:\\\/\\\/cvinoticias.com\\\/v3\\\/mantenimiento-electrico-podria-generar-cortes-en-algunas-localidades-de-misiones\\\/\",\"name\":\"Misiones tendr\u00e1 cortes de luz este domingo por mantenimiento | CVI NOTICIAS\",\"isPartOf\":{\"@id\":\"https:\\\/\\\/cvinoticias.com\\\/v3\\\/#website\"},\"primaryImageOfPage\":{\"@id\":\"https:\\\/\\\/cvinoticias.com\\\/v3\\\/mantenimiento-electrico-podria-generar-cortes-en-algunas-localidades-de-misiones\\\/#primaryimage\"},\"image\":{\"@id\":\"https:\\\/\\\/cvinoticias.com\\\/v3\\\/mantenimiento-electrico-podria-generar-cortes-en-algunas-localidades-de-misiones\\\/#primaryimage\"},\"thumbnailUrl\":\"https:\\\/\\\/cvinoticias.com\\\/wp-content\\\/uploads\\\/2026\\\/09\\\/images-1.jpeg\",\"datePublished\":\"2026-09-03T12:01:38+00:00\",\"dateModified\":\"2026-09-03T12:01:39+00:00\",\"description\":\"Misiones quedar\u00e1 aislada del sistema el\u00e9ctrico nacional de 6:30 a 14 por trabajos en las estaciones de San Isidro y Rinc\u00f3n Santa Mar\u00eda.\",\"breadcrumb\":{\"@id\":\"https:\\\/\\\/cvinoticias.com\\\/v3\\\/mantenimiento-electrico-podria-generar-cortes-en-algunas-localidades-de-misiones\\\/#breadcrumb\"},\"inLanguage\":\"es\",\"potentialAction\":[{\"@type\":\"ReadAction\",\"target\":[\"https:\\\/\\\/cvinoticias.com\\\/v3\\\/mantenimiento-electrico-podria-generar-cortes-en-algunas-localidades-de-misiones\\\/\"]}]},{\"@type\":\"ImageObject\",\"inLanguage\":\"es\",\"@id\":\"https:\\\/\\\/cvinoticias.com\\\/v3\\\/mantenimiento-electrico-podria-generar-cortes-en-algunas-localidades-de-misiones\\\/#primaryimage\",\"url\":\"https:\\\/\\\/cvinoticias.com\\\/wp-content\\\/uploads\\\/2026\\\/09\\\/images-1.jpeg\",\"contentUrl\":\"https:\\\/\\\/cvinoticias.com\\\/wp-content\\\/uploads\\\/2026\\\/09\\\/images-1.jpeg\",\"width\":608,\"height\":342},{\"@type\":\"BreadcrumbList\",\"@id\":\"https:\\\/\\\/cvinoticias.com\\\/v3\\\/mantenimiento-electrico-podria-generar-cortes-en-algunas-localidades-de-misiones\\\/#breadcrumb\",\"itemListElement\":[{\"@type\":\"ListItem\",\"position\":1,\"name\":\"Portada\",\"item\":\"https:\\\/\\\/cvinoticias.com\\\/v3\\\/\"},{\"@type\":\"ListItem\",\"position\":2,\"name\":\"Mantenimiento el\u00e9ctrico podr\u00eda generar cortes en algunas localidades de Misiones\"}]},{\"@type\":\"WebSite\",\"@id\":\"https:\\\/\\\/cvinoticias.com\\\/v3\\\/#website\",\"url\":\"https:\\\/\\\/cvinoticias.com\\\/v3\\\/\",\"name\":\"CVI NOTICIAS\",\"description\":\"\",\"publisher\":{\"@id\":\"https:\\\/\\\/cvinoticias.com\\\/v3\\\/#organization\"},\"alternateName\":\"CVI\",\"potentialAction\":[{\"@type\":\"SearchAction\",\"target\":{\"@type\":\"EntryPoint\",\"urlTemplate\":\"https:\\\/\\\/cvinoticias.com\\\/v3\\\/?s={search_term_string}\"},\"query-input\":{\"@type\":\"PropertyValueSpecification\",\"valueRequired\":true,\"valueName\":\"search_term_string\"}}],\"inLanguage\":\"es\"},{\"@type\":\"Organization\",\"@id\":\"https:\\\/\\\/cvinoticias.com\\\/v3\\\/#organization\",\"name\":\"CVI NOTICIAS\",\"url\":\"https:\\\/\\\/cvinoticias.com\\\/v3\\\/\",\"logo\":{\"@type\":\"ImageObject\",\"inLanguage\":\"es\",\"@id\":\"https:\\\/\\\/cvinoticias.com\\\/v3\\\/#\\\/schema\\\/logo\\\/image\\\/\",\"url\":\"https:\\\/\\\/cvinoticias.com\\\/wp-content\\\/uploads\\\/2023\\\/04\\\/cropped-cropped-cropped-cropped-cropped-3-1.png\",\"contentUrl\":\"https:\\\/\\\/cvinoticias.com\\\/wp-content\\\/uploads\\\/2023\\\/04\\\/cropped-cropped-cropped-cropped-cropped-3-1.png\",\"width\":95,\"height\":122,\"caption\":\"CVI NOTICIAS\"},\"image\":{\"@id\":\"https:\\\/\\\/cvinoticias.com\\\/v3\\\/#\\\/schema\\\/logo\\\/image\\\/\"},\"sameAs\":[\"https:\\\/\\\/www.facebook.com\\\/cvinoticias\",\"https:\\\/\\\/www.instagram.com\\\/cvinoticias\\\/\",\"https:\\\/\\\/www.youtube.com\\\/@CVINOTICIAS\"]},{\"@type\":\"Person\",\"@id\":\"https:\\\/\\\/cvinoticias.com\\\/v3\\\/#\\\/schema\\\/person\\\/2db77e3c6bc03c538495d7b2b8be9b66\",\"name\":\"f1000024\",\"image\":{\"@type\":\"ImageObject\",\"inLanguage\":\"es\",\"@id\":\"https:\\\/\\\/secure.gravatar.com\\\/avatar\\\/d4fe7459cfc51ff5129ce1a732bbef5928568b8092d412ef95611616376bbeed?s=96&d=mm&r=g\",\"url\":\"https:\\\/\\\/secure.gravatar.com\\\/avatar\\\/d4fe7459cfc51ff5129ce1a732bbef5928568b8092d412ef95611616376bbeed?s=96&d=mm&r=g\",\"contentUrl\":\"https:\\\/\\\/secure.gravatar.com\\\/avatar\\\/d4fe7459cfc51ff5129ce1a732bbef5928568b8092d412ef95611616376bbeed?s=96&d=mm&r=g\",\"caption\":\"f1000024\"},\"url\":\"https:\\\/\\\/cvinoticias.com\\\/v3\\\/author\\\/f1000024\\\/\"}]}<\/script>\n<!-- \/ Yoast SEO plugin. -->","yoast_head_json":{"title":"Misiones tendr\u00e1 cortes de luz este domingo por mantenimiento | CVI NOTICIAS","description":"Misiones quedar\u00e1 aislada del sistema el\u00e9ctrico nacional de 6:30 a 14 por trabajos en las estaciones de San Isidro y Rinc\u00f3n Santa Mar\u00eda.","robots":{"index":"index","follow":"follow","max-snippet":"max-snippet:-1","max-image-preview":"max-image-preview:large","max-video-preview":"max-video-preview:-1"},"canonical":"https:\/\/cvinoticias.com\/v3\/mantenimiento-electrico-podria-generar-cortes-en-algunas-localidades-de-misiones\/","og_locale":"es_ES","og_type":"article","og_title":"Misiones tendr\u00e1 cortes de luz este domingo por mantenimiento | CVI NOTICIAS","og_description":"Misiones quedar\u00e1 aislada del sistema el\u00e9ctrico nacional de 6:30 a 14 por trabajos en las estaciones de San Isidro y Rinc\u00f3n Santa Mar\u00eda.","og_url":"https:\/\/cvinoticias.com\/v3\/mantenimiento-electrico-podria-generar-cortes-en-algunas-localidades-de-misiones\/","og_site_name":"CVI NOTICIAS","article_publisher":"https:\/\/www.facebook.com\/cvinoticias","article_published_time":"2026-09-03T12:01:38+00:00","article_modified_time":"2026-09-03T12:01:39+00:00","og_image":[{"width":608,"height":342,"url":"https:\/\/cvinoticias.com\/wp-content\/uploads\/2026\/09\/images-1.jpeg","type":"image\/jpeg"}],"author":"f1000024","twitter_card":"summary_large_image","twitter_misc":{"Escrito por":"f1000024","Tiempo de lectura":"3 minutos"},"schema":{"@context":"https:\/\/schema.org","@graph":[{"@type":"Article","@id":"https:\/\/cvinoticias.com\/v3\/mantenimiento-electrico-podria-generar-cortes-en-algunas-localidades-de-misiones\/#article","isPartOf":{"@id":"https:\/\/cvinoticias.com\/v3\/mantenimiento-electrico-podria-generar-cortes-en-algunas-localidades-de-misiones\/"},"author":{"name":"f1000024","@id":"https:\/\/cvinoticias.com\/v3\/#\/schema\/person\/2db77e3c6bc03c538495d7b2b8be9b66"},"headline":"Mantenimiento el\u00e9ctrico podr\u00eda generar cortes en algunas localidades de Misiones","datePublished":"2026-09-03T12:01:38+00:00","dateModified":"2026-09-03T12:01:39+00:00","mainEntityOfPage":{"@id":"https:\/\/cvinoticias.com\/v3\/mantenimiento-electrico-podria-generar-cortes-en-algunas-localidades-de-misiones\/"},"wordCount":405,"commentCount":0,"publisher":{"@id":"https:\/\/cvinoticias.com\/v3\/#organization"},"image":{"@id":"https:\/\/cvinoticias.com\/v3\/mantenimiento-electrico-podria-generar-cortes-en-algunas-localidades-de-misiones\/#primaryimage"},"thumbnailUrl":"https:\/\/cvinoticias.com\/wp-content\/uploads\/2026\/09\/images-1.jpeg","keywords":["6","Cortes","domingo","EMSA","Mantenimiento","San Isidro","septiembre"],"articleSection":["Misiones"],"inLanguage":"es","potentialAction":[{"@type":"CommentAction","name":"Comment","target":["https:\/\/cvinoticias.com\/v3\/mantenimiento-electrico-podria-generar-cortes-en-algunas-localidades-de-misiones\/#respond"]}]},{"@type":"WebPage","@id":"https:\/\/cvinoticias.com\/v3\/mantenimiento-electrico-podria-generar-cortes-en-algunas-localidades-de-misiones\/","url":"https:\/\/cvinoticias.com\/v3\/mantenimiento-electrico-podria-generar-cortes-en-algunas-localidades-de-misiones\/","name":"Misiones tendr\u00e1 cortes de luz este domingo por mantenimiento | CVI NOTICIAS","isPartOf":{"@id":"https:\/\/cvinoticias.com\/v3\/#website"},"primaryImageOfPage":{"@id":"https:\/\/cvinoticias.com\/v3\/mantenimiento-electrico-podria-generar-cortes-en-algunas-localidades-de-misiones\/#primaryimage"},"image":{"@id":"https:\/\/cvinoticias.com\/v3\/mantenimiento-electrico-podria-generar-cortes-en-algunas-localidades-de-misiones\/#primaryimage"},"thumbnailUrl":"https:\/\/cvinoticias.com\/wp-content\/uploads\/2026\/09\/images-1.jpeg","datePublished":"2026-09-03T12:01:38+00:00","dateModified":"2026-09-03T12:01:39+00:00","description":"Misiones quedar\u00e1 aislada del sistema el\u00e9ctrico nacional de 6:30 a 14 por trabajos en las estaciones de San Isidro y Rinc\u00f3n Santa Mar\u00eda.","breadcrumb":{"@id":"https:\/\/cvinoticias.com\/v3\/mantenimiento-electrico-podria-generar-cortes-en-algunas-localidades-de-misiones\/#breadcrumb"},"inLanguage":"es","potentialAction":[{"@type":"ReadAction","target":["https:\/\/cvinoticias.com\/v3\/mantenimiento-electrico-podria-generar-cortes-en-algunas-localidades-de-misiones\/"]}]},{"@type":"ImageObject","inLanguage":"es","@id":"https:\/\/cvinoticias.com\/v3\/mantenimiento-electrico-podria-generar-cortes-en-algunas-localidades-de-misiones\/#primaryimage","url":"https:\/\/cvinoticias.com\/wp-content\/uploads\/2026\/09\/images-1.jpeg","contentUrl":"https:\/\/cvinoticias.com\/wp-content\/uploads\/2026\/09\/images-1.jpeg","width":608,"height":342},{"@type":"BreadcrumbList","@id":"https:\/\/cvinoticias.com\/v3\/mantenimiento-electrico-podria-generar-cortes-en-algunas-localidades-de-misiones\/#breadcrumb","itemListElement":[{"@type":"ListItem","position":1,"name":"Portada","item":"https:\/\/cvinoticias.com\/v3\/"},{"@type":"ListItem","position":2,"name":"Mantenimiento el\u00e9ctrico podr\u00eda generar cortes en algunas localidades de Misiones"}]},{"@type":"WebSite","@id":"https:\/\/cvinoticias.com\/v3\/#website","url":"https:\/\/cvinoticias.com\/v3\/","name":"CVI NOTICIAS","description":"","publisher":{"@id":"https:\/\/cvinoticias.com\/v3\/#organization"},"alternateName":"CVI","potentialAction":[{"@type":"SearchAction","target":{"@type":"EntryPoint","urlTemplate":"https:\/\/cvinoticias.com\/v3\/?s={search_term_string}"},"query-input":{"@type":"PropertyValueSpecification","valueRequired":true,"valueName":"search_term_string"}}],"inLanguage":"es"},{"@type":"Organization","@id":"https:\/\/cvinoticias.com\/v3\/#organization","name":"CVI NOTICIAS","url":"https:\/\/cvinoticias.com\/v3\/","logo":{"@type":"ImageObject","inLanguage":"es","@id":"https:\/\/cvinoticias.com\/v3\/#\/schema\/logo\/image\/","url":"https:\/\/cvinoticias.com\/wp-content\/uploads\/2023\/04\/cropped-cropped-cropped-cropped-cropped-3-1.png","contentUrl":"https:\/\/cvinoticias.com\/wp-content\/uploads\/2023\/04\/cropped-cropped-cropped-cropped-cropped-3-1.png","width":95,"height":122,"caption":"CVI NOTICIAS"},"image":{"@id":"https:\/\/cvinoticias.com\/v3\/#\/schema\/logo\/image\/"},"sameAs":["https:\/\/www.facebook.com\/cvinoticias","https:\/\/www.instagram.com\/cvinoticias\/","https:\/\/www.youtube.com\/@CVINOTICIAS"]},{"@type":"Person","@id":"https:\/\/cvinoticias.com\/v3\/#\/schema\/person\/2db77e3c6bc03c538495d7b2b8be9b66","name":"f1000024","image":{"@type":"ImageObject","inLanguage":"es","@id":"https:\/\/secure.gravatar.com\/avatar\/d4fe7459cfc51ff5129ce1a732bbef5928568b8092d412ef95611616376bbeed?s=96&d=mm&r=g","url":"https:\/\/secure.gravatar.com\/avatar\/d4fe7459cfc51ff5129ce1a732bbef5928568b8092d412ef95611616376bbeed?s=96&d=mm&r=g","contentUrl":"https:\/\/secure.gravatar.com\/avatar\/d4fe7459cfc51ff5129ce1a732bbef5928568b8092d412ef95611616376bbeed?s=96&d=mm&r=g","caption":"f1000024"},"url":"https:\/\/cvinoticias.com\/v3\/author\/f1000024\/"}]}},"_links":{"self":[{"href":"https:\/\/cvinoticias.com\/v3\/wp-json\/wp\/v2\/posts\/62710","targetHints":{"allow":["GET"]}}],"collection":[{"href":"https:\/\/cvinoticias.com\/v3\/wp-json\/wp\/v2\/posts"}],"about":[{"href":"https:\/\/cvinoticias.com\/v3\/wp-json\/wp\/v2\/types\/post"}],"author":[{"embeddable":true,"href":"https:\/\/cvinoticias.com\/v3\/wp-json\/wp\/v2\/users\/2"}],"replies":[{"embeddable":true,"href":"https:\/\/cvinoticias.com\/v3\/wp-json\/wp\/v2\/comments?post=62710"}],"version-history":[{"count":1,"href":"https:\/\/cvinoticias.com\/v3\/wp-json\/wp\/v2\/posts\/62710\/revisions"}],"predecessor-version":[{"id":62713,"href":"https:\/\/cvinoticias.com\/v3\/wp-json\/wp\/v2\/posts\/62710\/revisions\/62713"}],"wp:featuredmedia":[{"embeddable":true,"href":"https:\/\/cvinoticias.com\/v3\/wp-json\/wp\/v2\/media\/62711"}],"wp:attachment":[{"href":"https:\/\/cvinoticias.com\/v3\/wp-json\/wp\/v2\/media?parent=62710"}],"wp:term":[{"taxonomy":"category","embeddable":true,"href":"https:\/\/cvinoticias.com\/v3\/wp-json\/wp\/v2\/categories?post=62710"},{"taxonomy":"post_tag","embeddable":true,"href":"https:\/\/cvinoticias.com\/v3\/wp-json\/wp\/v2\/tags?post=62710"}],"curies":[{"name":"wp","href":"https:\/\/api.w.org\/{rel}","templated":true}]}}