{"id":62707,"date":"2026-09-03T08:56:16","date_gmt":"2026-09-03T11:56:16","guid":{"rendered":"https:\/\/cvinoticias.com\/v3\/?p=62707"},"modified":"2026-09-03T08:56:17","modified_gmt":"2026-09-03T11:56:17","slug":"con-el-tradicional-desfile-de-colectividades-comienza-la-fiesta-nacional-del-inmigrante","status":"publish","type":"post","link":"https:\/\/cvinoticias.com\/v3\/con-el-tradicional-desfile-de-colectividades-comienza-la-fiesta-nacional-del-inmigrante\/","title":{"rendered":"Con el tradicional desfile de colectividades, comienza la Fiesta Nacional del Inmigrante"},"content":{"rendered":"\n<p class=\"wp-block-paragraph\">Este jueves comienza en Ober\u00e1 la&nbsp;<strong>46.\u00aa Fiesta Nacional del Inmigrante<\/strong>, la celebraci\u00f3n sociocultural m\u00e1s importante de Misiones. Durante once d\u00edas, en el Parque de las Naciones, representantes de 16 colectividades de inmigrantes, adem\u00e1s de los argentinos, ofrecer\u00e1n su gastronom\u00eda, danzas, m\u00fasica y cultura.<\/p>\n\n\n\n<p class=\"wp-block-paragraph\">El evento&nbsp;<strong>iniciar\u00e1 a las 14:30&nbsp;<\/strong>con el tradicional desfile de colectividades desde el centro de la ciudad hasta el Parque de las Naciones.<\/p>\n\n\n\n<p class=\"wp-block-paragraph\">Las delegaciones recorrer\u00e1n, con sus trajes t\u00edpicos, las calles de la ciudad hasta llegar al Parque, en una de las postales m\u00e1s representativas de la Fiesta y una expresi\u00f3n de la diversidad cultural que caracteriza a Ober\u00e1, Capital Nacional del Inmigrante.<\/p>\n\n\n\n<p class=\"wp-block-paragraph\">A las 18:00 se concretar\u00e1 la apertura oficial en el acceso al Parque de las Naciones por calle Ucrania. Autoridades, entre ellos el gobernador&nbsp;<strong>Hugo Passalacqua&nbsp;<\/strong>y el intendente&nbsp;<strong>Pablo Hassan<\/strong>; la presidenta de la Federaci\u00f3n de Colectividades, Prof. Marta Wieremey; representantes de las Colectividades y p\u00fablico en general, compartir\u00e1n el encendido de la Llama Votiva, el corte de cintas y el acto inaugural. Luego, recorrer\u00e1n la exposici\u00f3n y las casas t\u00edpicas.<\/p>\n\n\n\n<p class=\"wp-block-paragraph\">Durante la jornada inaugural, con entrada libre y gratuita, actuar\u00e1n los ballets de danzas suizas \u201cAngelitos Alpinos\u201d, italiana \u201cNuova Vita\u201d, checa \u201cLipa\u201d, \u00e1rabe \u201cTacalid Aarab\u201d, polaca \u201cZpit Nasza Mala Polska\u201d, n\u00f3rdica \u201cDen Nordiska Dansgruppen\u201d y ucraniana \u201cBarvinok\u201d. Tambi\u00e9n se presentar\u00e1n Raihani de Freitas y Grupo, y Martu Escalada.<\/p>\n\n\n\n<h2 class=\"wp-block-heading\">Once jornadas de encuentro cultural<\/h2>\n\n\n\n<p class=\"wp-block-paragraph\">El desfile de colectividades de hoy ser\u00e1 el inicio de once jornadas festivas, donde vecinos y visitantes podr\u00e1n recorrer las casas t\u00edpicas, disfrutar de la gastronom\u00eda de las colectividades, la Feria del Inmigrante, la Feria Comercial y Empresarial, la Feria Provincial de Artesan\u00edas y una amplia programaci\u00f3n de espect\u00e1culos culturales y musicales.<\/p>\n\n\n\n<p class=\"wp-block-paragraph\">Adem\u00e1s de los 4500 bailarines y delegaciones invitadas de distintos puntos del pa\u00eds y del exterior, la cartelera art\u00edstica incluye propuestas para distintos p\u00fablicos. Estar\u00e1n artistas como Jairo, Turf, Los Continuados y la banda brasile\u00f1a Corpo e Alma, adem\u00e1s de Haus junto a DJ Treekoo, Cande Gariso, Augus Maders, Raihani de Freitas, Marco Escalada, Cristian y La Ruta, Pilar Paredes, Sonido Ancestral, La Corte del Se\u00f1or Manga, Soul Under, Monje Alegre Quinteto, Banda Mix, Meraki, Sabandijas y Matu, entre otros.<\/p>\n\n\n\n<p class=\"wp-block-paragraph\">Uno de los momentos centrales ser\u00e1 la Noche de las Colectividades, el mi\u00e9rcoles 9, con la presentaci\u00f3n de los representantes culturales y la elecci\u00f3n de la Reina Nacional del Inmigrante.<\/p>\n\n\n\n<p class=\"wp-block-paragraph\">La ciudad de Ober\u00e1 es desde hoy el lugar de encuentro y fraternidad de diversidad de culturas y uno de los puntos tur\u00edsticos m\u00e1s ic\u00f3nicos de Misiones y el pa\u00eds.<\/p>\n\n\n\n<p class=\"wp-block-paragraph\">Fuente: Canal 12 Misiones<\/p>\n","protected":false},"excerpt":{"rendered":"<p>Este jueves comienza en Ober\u00e1 la&nbsp;46.\u00aa Fiesta Nacional del Inmigrante, la celebraci\u00f3n sociocultural m\u00e1s importante de Misiones. Durante once d\u00edas, en el Parque de las Naciones, representantes de 16 colectividades de inmigrantes, adem\u00e1s de los argentinos, ofrecer\u00e1n su gastronom\u00eda, danzas, m\u00fasica y cultura. El evento&nbsp;iniciar\u00e1 a las 14:30&nbsp;con el tradicional desfile de colectividades desde el [&hellip;]<\/p>\n","protected":false},"author":2,"featured_media":62708,"comment_status":"open","ping_status":"closed","sticky":false,"template":"","format":"standard","meta":{"footnotes":""},"categories":[27,455],"tags":[3986,3068,1859,3542,71],"class_list":["post-62707","post","type-post","status-publish","format-standard","has-post-thumbnail","hentry","category-cultura","category-misiones","tag-colectividades","tag-desfile","tag-fiesta","tag-inmigrante","tag-nacional"],"yoast_head":"<!-- This site is optimized with the Yoast SEO plugin v28.4 - https:\/\/yoast.com\/product\/yoast-seo-wordpress\/ -->\n<title>Comienza la Fiesta Nacional del Inmigrante en Ober\u00e1 | CVI NOTICIAS<\/title>\n<meta name=\"description\" content=\"Ober\u00e1 inicia la 46.\u00aa Fiesta Nacional del Inmigrante con el tradicional desfile de colectividades y once jornadas culturales.\" \/>\n<meta name=\"robots\" content=\"index, follow, max-snippet:-1, max-image-preview:large, max-video-preview:-1\" \/>\n<link rel=\"canonical\" href=\"https:\/\/cvinoticias.com\/v3\/con-el-tradicional-desfile-de-colectividades-comienza-la-fiesta-nacional-del-inmigrante\/\" \/>\n<meta property=\"og:locale\" content=\"es_ES\" \/>\n<meta property=\"og:type\" content=\"article\" \/>\n<meta property=\"og:title\" content=\"Comienza la Fiesta Nacional del Inmigrante en Ober\u00e1 | CVI NOTICIAS\" \/>\n<meta property=\"og:description\" content=\"Ober\u00e1 inicia la 46.\u00aa Fiesta Nacional del Inmigrante con el tradicional desfile de colectividades y once jornadas culturales.\" \/>\n<meta property=\"og:url\" content=\"https:\/\/cvinoticias.com\/v3\/con-el-tradicional-desfile-de-colectividades-comienza-la-fiesta-nacional-del-inmigrante\/\" \/>\n<meta property=\"og:site_name\" content=\"CVI NOTICIAS\" \/>\n<meta property=\"article:publisher\" content=\"https:\/\/www.facebook.com\/cvinoticias\" \/>\n<meta property=\"article:published_time\" content=\"2026-09-03T11:56:16+00:00\" \/>\n<meta property=\"article:modified_time\" content=\"2026-09-03T11:56:17+00:00\" \/>\n<meta property=\"og:image\" content=\"https:\/\/cvinoticias.com\/wp-content\/uploads\/2026\/09\/images-1.webp\" \/>\n\t<meta property=\"og:image:width\" content=\"721\" \/>\n\t<meta property=\"og:image:height\" content=\"426\" \/>\n\t<meta property=\"og:image:type\" content=\"image\/webp\" \/>\n<meta name=\"author\" content=\"f1000024\" \/>\n<meta name=\"twitter:card\" content=\"summary_large_image\" \/>\n<meta name=\"twitter:label1\" content=\"Escrito por\" \/>\n\t<meta name=\"twitter:data1\" content=\"f1000024\" \/>\n\t<meta name=\"twitter:label2\" content=\"Tiempo de lectura\" \/>\n\t<meta name=\"twitter:data2\" content=\"3 minutos\" \/>\n<script type=\"application\/ld+json\" class=\"yoast-schema-graph\">{\"@context\":\"https:\\\/\\\/schema.org\",\"@graph\":[{\"@type\":\"Article\",\"@id\":\"https:\\\/\\\/cvinoticias.com\\\/v3\\\/con-el-tradicional-desfile-de-colectividades-comienza-la-fiesta-nacional-del-inmigrante\\\/#article\",\"isPartOf\":{\"@id\":\"https:\\\/\\\/cvinoticias.com\\\/v3\\\/con-el-tradicional-desfile-de-colectividades-comienza-la-fiesta-nacional-del-inmigrante\\\/\"},\"author\":{\"name\":\"f1000024\",\"@id\":\"https:\\\/\\\/cvinoticias.com\\\/v3\\\/#\\\/schema\\\/person\\\/2db77e3c6bc03c538495d7b2b8be9b66\"},\"headline\":\"Con el tradicional desfile de colectividades, comienza la Fiesta Nacional del Inmigrante\",\"datePublished\":\"2026-09-03T11:56:16+00:00\",\"dateModified\":\"2026-09-03T11:56:17+00:00\",\"mainEntityOfPage\":{\"@id\":\"https:\\\/\\\/cvinoticias.com\\\/v3\\\/con-el-tradicional-desfile-de-colectividades-comienza-la-fiesta-nacional-del-inmigrante\\\/\"},\"wordCount\":483,\"commentCount\":0,\"publisher\":{\"@id\":\"https:\\\/\\\/cvinoticias.com\\\/v3\\\/#organization\"},\"image\":{\"@id\":\"https:\\\/\\\/cvinoticias.com\\\/v3\\\/con-el-tradicional-desfile-de-colectividades-comienza-la-fiesta-nacional-del-inmigrante\\\/#primaryimage\"},\"thumbnailUrl\":\"https:\\\/\\\/cvinoticias.com\\\/wp-content\\\/uploads\\\/2026\\\/09\\\/images-1.webp\",\"keywords\":[\"Colectividades\",\"desfile\",\"Fiesta\",\"Inmigrante\",\"nacional\"],\"articleSection\":[\"Cultura\",\"Misiones\"],\"inLanguage\":\"es\",\"potentialAction\":[{\"@type\":\"CommentAction\",\"name\":\"Comment\",\"target\":[\"https:\\\/\\\/cvinoticias.com\\\/v3\\\/con-el-tradicional-desfile-de-colectividades-comienza-la-fiesta-nacional-del-inmigrante\\\/#respond\"]}]},{\"@type\":\"WebPage\",\"@id\":\"https:\\\/\\\/cvinoticias.com\\\/v3\\\/con-el-tradicional-desfile-de-colectividades-comienza-la-fiesta-nacional-del-inmigrante\\\/\",\"url\":\"https:\\\/\\\/cvinoticias.com\\\/v3\\\/con-el-tradicional-desfile-de-colectividades-comienza-la-fiesta-nacional-del-inmigrante\\\/\",\"name\":\"Comienza la Fiesta Nacional del Inmigrante en Ober\u00e1 | CVI NOTICIAS\",\"isPartOf\":{\"@id\":\"https:\\\/\\\/cvinoticias.com\\\/v3\\\/#website\"},\"primaryImageOfPage\":{\"@id\":\"https:\\\/\\\/cvinoticias.com\\\/v3\\\/con-el-tradicional-desfile-de-colectividades-comienza-la-fiesta-nacional-del-inmigrante\\\/#primaryimage\"},\"image\":{\"@id\":\"https:\\\/\\\/cvinoticias.com\\\/v3\\\/con-el-tradicional-desfile-de-colectividades-comienza-la-fiesta-nacional-del-inmigrante\\\/#primaryimage\"},\"thumbnailUrl\":\"https:\\\/\\\/cvinoticias.com\\\/wp-content\\\/uploads\\\/2026\\\/09\\\/images-1.webp\",\"datePublished\":\"2026-09-03T11:56:16+00:00\",\"dateModified\":\"2026-09-03T11:56:17+00:00\",\"description\":\"Ober\u00e1 inicia la 46.\u00aa Fiesta Nacional del Inmigrante con el tradicional desfile de colectividades y once jornadas culturales.\",\"breadcrumb\":{\"@id\":\"https:\\\/\\\/cvinoticias.com\\\/v3\\\/con-el-tradicional-desfile-de-colectividades-comienza-la-fiesta-nacional-del-inmigrante\\\/#breadcrumb\"},\"inLanguage\":\"es\",\"potentialAction\":[{\"@type\":\"ReadAction\",\"target\":[\"https:\\\/\\\/cvinoticias.com\\\/v3\\\/con-el-tradicional-desfile-de-colectividades-comienza-la-fiesta-nacional-del-inmigrante\\\/\"]}]},{\"@type\":\"ImageObject\",\"inLanguage\":\"es\",\"@id\":\"https:\\\/\\\/cvinoticias.com\\\/v3\\\/con-el-tradicional-desfile-de-colectividades-comienza-la-fiesta-nacional-del-inmigrante\\\/#primaryimage\",\"url\":\"https:\\\/\\\/cvinoticias.com\\\/wp-content\\\/uploads\\\/2026\\\/09\\\/images-1.webp\",\"contentUrl\":\"https:\\\/\\\/cvinoticias.com\\\/wp-content\\\/uploads\\\/2026\\\/09\\\/images-1.webp\",\"width\":721,\"height\":426},{\"@type\":\"BreadcrumbList\",\"@id\":\"https:\\\/\\\/cvinoticias.com\\\/v3\\\/con-el-tradicional-desfile-de-colectividades-comienza-la-fiesta-nacional-del-inmigrante\\\/#breadcrumb\",\"itemListElement\":[{\"@type\":\"ListItem\",\"position\":1,\"name\":\"Portada\",\"item\":\"https:\\\/\\\/cvinoticias.com\\\/v3\\\/\"},{\"@type\":\"ListItem\",\"position\":2,\"name\":\"Con el tradicional desfile de colectividades, comienza la Fiesta Nacional del Inmigrante\"}]},{\"@type\":\"WebSite\",\"@id\":\"https:\\\/\\\/cvinoticias.com\\\/v3\\\/#website\",\"url\":\"https:\\\/\\\/cvinoticias.com\\\/v3\\\/\",\"name\":\"CVI NOTICIAS\",\"description\":\"\",\"publisher\":{\"@id\":\"https:\\\/\\\/cvinoticias.com\\\/v3\\\/#organization\"},\"alternateName\":\"CVI\",\"potentialAction\":[{\"@type\":\"SearchAction\",\"target\":{\"@type\":\"EntryPoint\",\"urlTemplate\":\"https:\\\/\\\/cvinoticias.com\\\/v3\\\/?s={search_term_string}\"},\"query-input\":{\"@type\":\"PropertyValueSpecification\",\"valueRequired\":true,\"valueName\":\"search_term_string\"}}],\"inLanguage\":\"es\"},{\"@type\":\"Organization\",\"@id\":\"https:\\\/\\\/cvinoticias.com\\\/v3\\\/#organization\",\"name\":\"CVI NOTICIAS\",\"url\":\"https:\\\/\\\/cvinoticias.com\\\/v3\\\/\",\"logo\":{\"@type\":\"ImageObject\",\"inLanguage\":\"es\",\"@id\":\"https:\\\/\\\/cvinoticias.com\\\/v3\\\/#\\\/schema\\\/logo\\\/image\\\/\",\"url\":\"https:\\\/\\\/cvinoticias.com\\\/wp-content\\\/uploads\\\/2023\\\/04\\\/cropped-cropped-cropped-cropped-cropped-3-1.png\",\"contentUrl\":\"https:\\\/\\\/cvinoticias.com\\\/wp-content\\\/uploads\\\/2023\\\/04\\\/cropped-cropped-cropped-cropped-cropped-3-1.png\",\"width\":95,\"height\":122,\"caption\":\"CVI NOTICIAS\"},\"image\":{\"@id\":\"https:\\\/\\\/cvinoticias.com\\\/v3\\\/#\\\/schema\\\/logo\\\/image\\\/\"},\"sameAs\":[\"https:\\\/\\\/www.facebook.com\\\/cvinoticias\",\"https:\\\/\\\/www.instagram.com\\\/cvinoticias\\\/\",\"https:\\\/\\\/www.youtube.com\\\/@CVINOTICIAS\"]},{\"@type\":\"Person\",\"@id\":\"https:\\\/\\\/cvinoticias.com\\\/v3\\\/#\\\/schema\\\/person\\\/2db77e3c6bc03c538495d7b2b8be9b66\",\"name\":\"f1000024\",\"image\":{\"@type\":\"ImageObject\",\"inLanguage\":\"es\",\"@id\":\"https:\\\/\\\/secure.gravatar.com\\\/avatar\\\/d4fe7459cfc51ff5129ce1a732bbef5928568b8092d412ef95611616376bbeed?s=96&d=mm&r=g\",\"url\":\"https:\\\/\\\/secure.gravatar.com\\\/avatar\\\/d4fe7459cfc51ff5129ce1a732bbef5928568b8092d412ef95611616376bbeed?s=96&d=mm&r=g\",\"contentUrl\":\"https:\\\/\\\/secure.gravatar.com\\\/avatar\\\/d4fe7459cfc51ff5129ce1a732bbef5928568b8092d412ef95611616376bbeed?s=96&d=mm&r=g\",\"caption\":\"f1000024\"},\"url\":\"https:\\\/\\\/cvinoticias.com\\\/v3\\\/author\\\/f1000024\\\/\"}]}<\/script>\n<!-- \/ Yoast SEO plugin. -->","yoast_head_json":{"title":"Comienza la Fiesta Nacional del Inmigrante en Ober\u00e1 | CVI NOTICIAS","description":"Ober\u00e1 inicia la 46.\u00aa Fiesta Nacional del Inmigrante con el tradicional desfile de colectividades y once jornadas culturales.","robots":{"index":"index","follow":"follow","max-snippet":"max-snippet:-1","max-image-preview":"max-image-preview:large","max-video-preview":"max-video-preview:-1"},"canonical":"https:\/\/cvinoticias.com\/v3\/con-el-tradicional-desfile-de-colectividades-comienza-la-fiesta-nacional-del-inmigrante\/","og_locale":"es_ES","og_type":"article","og_title":"Comienza la Fiesta Nacional del Inmigrante en Ober\u00e1 | CVI NOTICIAS","og_description":"Ober\u00e1 inicia la 46.\u00aa Fiesta Nacional del Inmigrante con el tradicional desfile de colectividades y once jornadas culturales.","og_url":"https:\/\/cvinoticias.com\/v3\/con-el-tradicional-desfile-de-colectividades-comienza-la-fiesta-nacional-del-inmigrante\/","og_site_name":"CVI NOTICIAS","article_publisher":"https:\/\/www.facebook.com\/cvinoticias","article_published_time":"2026-09-03T11:56:16+00:00","article_modified_time":"2026-09-03T11:56:17+00:00","og_image":[{"width":721,"height":426,"url":"https:\/\/cvinoticias.com\/wp-content\/uploads\/2026\/09\/images-1.webp","type":"image\/webp"}],"author":"f1000024","twitter_card":"summary_large_image","twitter_misc":{"Escrito por":"f1000024","Tiempo de lectura":"3 minutos"},"schema":{"@context":"https:\/\/schema.org","@graph":[{"@type":"Article","@id":"https:\/\/cvinoticias.com\/v3\/con-el-tradicional-desfile-de-colectividades-comienza-la-fiesta-nacional-del-inmigrante\/#article","isPartOf":{"@id":"https:\/\/cvinoticias.com\/v3\/con-el-tradicional-desfile-de-colectividades-comienza-la-fiesta-nacional-del-inmigrante\/"},"author":{"name":"f1000024","@id":"https:\/\/cvinoticias.com\/v3\/#\/schema\/person\/2db77e3c6bc03c538495d7b2b8be9b66"},"headline":"Con el tradicional desfile de colectividades, comienza la Fiesta Nacional del Inmigrante","datePublished":"2026-09-03T11:56:16+00:00","dateModified":"2026-09-03T11:56:17+00:00","mainEntityOfPage":{"@id":"https:\/\/cvinoticias.com\/v3\/con-el-tradicional-desfile-de-colectividades-comienza-la-fiesta-nacional-del-inmigrante\/"},"wordCount":483,"commentCount":0,"publisher":{"@id":"https:\/\/cvinoticias.com\/v3\/#organization"},"image":{"@id":"https:\/\/cvinoticias.com\/v3\/con-el-tradicional-desfile-de-colectividades-comienza-la-fiesta-nacional-del-inmigrante\/#primaryimage"},"thumbnailUrl":"https:\/\/cvinoticias.com\/wp-content\/uploads\/2026\/09\/images-1.webp","keywords":["Colectividades","desfile","Fiesta","Inmigrante","nacional"],"articleSection":["Cultura","Misiones"],"inLanguage":"es","potentialAction":[{"@type":"CommentAction","name":"Comment","target":["https:\/\/cvinoticias.com\/v3\/con-el-tradicional-desfile-de-colectividades-comienza-la-fiesta-nacional-del-inmigrante\/#respond"]}]},{"@type":"WebPage","@id":"https:\/\/cvinoticias.com\/v3\/con-el-tradicional-desfile-de-colectividades-comienza-la-fiesta-nacional-del-inmigrante\/","url":"https:\/\/cvinoticias.com\/v3\/con-el-tradicional-desfile-de-colectividades-comienza-la-fiesta-nacional-del-inmigrante\/","name":"Comienza la Fiesta Nacional del Inmigrante en Ober\u00e1 | CVI NOTICIAS","isPartOf":{"@id":"https:\/\/cvinoticias.com\/v3\/#website"},"primaryImageOfPage":{"@id":"https:\/\/cvinoticias.com\/v3\/con-el-tradicional-desfile-de-colectividades-comienza-la-fiesta-nacional-del-inmigrante\/#primaryimage"},"image":{"@id":"https:\/\/cvinoticias.com\/v3\/con-el-tradicional-desfile-de-colectividades-comienza-la-fiesta-nacional-del-inmigrante\/#primaryimage"},"thumbnailUrl":"https:\/\/cvinoticias.com\/wp-content\/uploads\/2026\/09\/images-1.webp","datePublished":"2026-09-03T11:56:16+00:00","dateModified":"2026-09-03T11:56:17+00:00","description":"Ober\u00e1 inicia la 46.\u00aa Fiesta Nacional del Inmigrante con el tradicional desfile de colectividades y once jornadas culturales.","breadcrumb":{"@id":"https:\/\/cvinoticias.com\/v3\/con-el-tradicional-desfile-de-colectividades-comienza-la-fiesta-nacional-del-inmigrante\/#breadcrumb"},"inLanguage":"es","potentialAction":[{"@type":"ReadAction","target":["https:\/\/cvinoticias.com\/v3\/con-el-tradicional-desfile-de-colectividades-comienza-la-fiesta-nacional-del-inmigrante\/"]}]},{"@type":"ImageObject","inLanguage":"es","@id":"https:\/\/cvinoticias.com\/v3\/con-el-tradicional-desfile-de-colectividades-comienza-la-fiesta-nacional-del-inmigrante\/#primaryimage","url":"https:\/\/cvinoticias.com\/wp-content\/uploads\/2026\/09\/images-1.webp","contentUrl":"https:\/\/cvinoticias.com\/wp-content\/uploads\/2026\/09\/images-1.webp","width":721,"height":426},{"@type":"BreadcrumbList","@id":"https:\/\/cvinoticias.com\/v3\/con-el-tradicional-desfile-de-colectividades-comienza-la-fiesta-nacional-del-inmigrante\/#breadcrumb","itemListElement":[{"@type":"ListItem","position":1,"name":"Portada","item":"https:\/\/cvinoticias.com\/v3\/"},{"@type":"ListItem","position":2,"name":"Con el tradicional desfile de colectividades, comienza la Fiesta Nacional del Inmigrante"}]},{"@type":"WebSite","@id":"https:\/\/cvinoticias.com\/v3\/#website","url":"https:\/\/cvinoticias.com\/v3\/","name":"CVI NOTICIAS","description":"","publisher":{"@id":"https:\/\/cvinoticias.com\/v3\/#organization"},"alternateName":"CVI","potentialAction":[{"@type":"SearchAction","target":{"@type":"EntryPoint","urlTemplate":"https:\/\/cvinoticias.com\/v3\/?s={search_term_string}"},"query-input":{"@type":"PropertyValueSpecification","valueRequired":true,"valueName":"search_term_string"}}],"inLanguage":"es"},{"@type":"Organization","@id":"https:\/\/cvinoticias.com\/v3\/#organization","name":"CVI NOTICIAS","url":"https:\/\/cvinoticias.com\/v3\/","logo":{"@type":"ImageObject","inLanguage":"es","@id":"https:\/\/cvinoticias.com\/v3\/#\/schema\/logo\/image\/","url":"https:\/\/cvinoticias.com\/wp-content\/uploads\/2023\/04\/cropped-cropped-cropped-cropped-cropped-3-1.png","contentUrl":"https:\/\/cvinoticias.com\/wp-content\/uploads\/2023\/04\/cropped-cropped-cropped-cropped-cropped-3-1.png","width":95,"height":122,"caption":"CVI NOTICIAS"},"image":{"@id":"https:\/\/cvinoticias.com\/v3\/#\/schema\/logo\/image\/"},"sameAs":["https:\/\/www.facebook.com\/cvinoticias","https:\/\/www.instagram.com\/cvinoticias\/","https:\/\/www.youtube.com\/@CVINOTICIAS"]},{"@type":"Person","@id":"https:\/\/cvinoticias.com\/v3\/#\/schema\/person\/2db77e3c6bc03c538495d7b2b8be9b66","name":"f1000024","image":{"@type":"ImageObject","inLanguage":"es","@id":"https:\/\/secure.gravatar.com\/avatar\/d4fe7459cfc51ff5129ce1a732bbef5928568b8092d412ef95611616376bbeed?s=96&d=mm&r=g","url":"https:\/\/secure.gravatar.com\/avatar\/d4fe7459cfc51ff5129ce1a732bbef5928568b8092d412ef95611616376bbeed?s=96&d=mm&r=g","contentUrl":"https:\/\/secure.gravatar.com\/avatar\/d4fe7459cfc51ff5129ce1a732bbef5928568b8092d412ef95611616376bbeed?s=96&d=mm&r=g","caption":"f1000024"},"url":"https:\/\/cvinoticias.com\/v3\/author\/f1000024\/"}]}},"_links":{"self":[{"href":"https:\/\/cvinoticias.com\/v3\/wp-json\/wp\/v2\/posts\/62707","targetHints":{"allow":["GET"]}}],"collection":[{"href":"https:\/\/cvinoticias.com\/v3\/wp-json\/wp\/v2\/posts"}],"about":[{"href":"https:\/\/cvinoticias.com\/v3\/wp-json\/wp\/v2\/types\/post"}],"author":[{"embeddable":true,"href":"https:\/\/cvinoticias.com\/v3\/wp-json\/wp\/v2\/users\/2"}],"replies":[{"embeddable":true,"href":"https:\/\/cvinoticias.com\/v3\/wp-json\/wp\/v2\/comments?post=62707"}],"version-history":[{"count":1,"href":"https:\/\/cvinoticias.com\/v3\/wp-json\/wp\/v2\/posts\/62707\/revisions"}],"predecessor-version":[{"id":62709,"href":"https:\/\/cvinoticias.com\/v3\/wp-json\/wp\/v2\/posts\/62707\/revisions\/62709"}],"wp:featuredmedia":[{"embeddable":true,"href":"https:\/\/cvinoticias.com\/v3\/wp-json\/wp\/v2\/media\/62708"}],"wp:attachment":[{"href":"https:\/\/cvinoticias.com\/v3\/wp-json\/wp\/v2\/media?parent=62707"}],"wp:term":[{"taxonomy":"category","embeddable":true,"href":"https:\/\/cvinoticias.com\/v3\/wp-json\/wp\/v2\/categories?post=62707"},{"taxonomy":"post_tag","embeddable":true,"href":"https:\/\/cvinoticias.com\/v3\/wp-json\/wp\/v2\/tags?post=62707"}],"curies":[{"name":"wp","href":"https:\/\/api.w.org\/{rel}","templated":true}]}}