{"id":62704,"date":"2026-09-03T08:33:02","date_gmt":"2026-09-03T11:33:02","guid":{"rendered":"https:\/\/cvinoticias.com\/v3\/?p=62704"},"modified":"2026-09-03T08:33:13","modified_gmt":"2026-09-03T11:33:13","slug":"puerto-iguazu-secuestraron-vainas-y-un-proyectil-en-el-lugar-donde-investigan-el-tiroteo-vinculado-a-la-muerte-de-un-hombre-en-paraguay","status":"publish","type":"post","link":"https:\/\/cvinoticias.com\/v3\/puerto-iguazu-secuestraron-vainas-y-un-proyectil-en-el-lugar-donde-investigan-el-tiroteo-vinculado-a-la-muerte-de-un-hombre-en-paraguay\/","title":{"rendered":"Puerto Iguaz\u00fa: secuestraron vainas y un proyectil en el lugar donde investigan el tiroteo vinculado a la muerte de un hombre en Paraguay"},"content":{"rendered":"\n<p class=\"wp-block-paragraph\">Investigadores y peritos de la Polic\u00eda de Misiones allanaron este mi\u00e9rcoles un inmueble del barrio Santa Rosa de Puerto Iguaz\u00fa, donde el martes se hab\u00eda registrado un episodio con disparos que es investigado por su posible conexi\u00f3n con la posterior muerte de Carlos Daniel Arr\u00faa Adorno, de 23 a\u00f1os, ocurrida aproximadamente una hora despu\u00e9s en territorio paraguayo.<\/p>\n\n\n\n<p class=\"wp-block-paragraph\">El procedimiento fue realizado por orden del Juzgado de Instrucci\u00f3n N.\u00ba 3 de Puerto Iguaz\u00fa y cont\u00f3 con la intervenci\u00f3n de efectivos de la Divisi\u00f3n Investigaciones de la Unidad Regional V, Cibercrimen y Polic\u00eda Cient\u00edfica.<\/p>\n\n\n\n<p class=\"wp-block-paragraph\">Durante el allanamiento fueron secuestrados un DVR correspondiente al sistema de c\u00e1maras de seguridad, dos vainas servidas calibre 9 mil\u00edmetros, un proyectil deformado, fragmentos de plomo, una prenda de vestir y otros elementos que ser\u00e1n sometidos a pericias.<\/p>\n\n\n\n<p class=\"wp-block-paragraph\">Adem\u00e1s, los especialistas efectuaron una inspecci\u00f3n ocular, confeccionaron un croquis del inmueble y tomaron muestras de las manos de tres hombres que se encontraban en el lugar, con el objetivo de determinar mediante estudios periciales la eventual presencia de residuos compatibles con disparos de arma de fuego.<\/p>\n\n\n\n<p class=\"wp-block-paragraph\">Las tareas tambi\u00e9n se extendieron al trillo que comunica el sector con la costa argentina del r\u00edo Paran\u00e1, donde fueron relevados otros elementos de inter\u00e9s para la causa. Durante el procedimiento no se hallaron ni secuestraron armas de fuego.<\/p>\n\n\n\n<p class=\"wp-block-paragraph\">La investigaci\u00f3n busca establecer si Arr\u00faa Adorno, quien fue hallado muerto con una herida de arma de fuego en el sector paraguayo de Tres Fronteras, estuvo involucrado en el episodio registrado previamente en Puerto Iguaz\u00fa y determinar las circunstancias en las que result\u00f3 herido.<\/p>\n\n\n\n<p class=\"wp-block-paragraph\">Para ello, la Unidad Regional V contin\u00faa con el an\u00e1lisis de las evidencias y el intercambio de informaci\u00f3n con la Polic\u00eda Nacional del Paraguay, mientras se aguardan los resultados de las pericias sobre los elementos secuestrados.<\/p>\n\n\n\n<p class=\"wp-block-paragraph\"><\/p>\n","protected":false},"excerpt":{"rendered":"<p>Investigadores y peritos de la Polic\u00eda de Misiones allanaron este mi\u00e9rcoles un inmueble del barrio Santa Rosa de Puerto Iguaz\u00fa, donde el martes se hab\u00eda registrado un episodio con disparos que es investigado por su posible conexi\u00f3n con la posterior muerte de Carlos Daniel Arr\u00faa Adorno, de 23 a\u00f1os, ocurrida aproximadamente una hora despu\u00e9s en [&hellip;]<\/p>\n","protected":false},"author":2,"featured_media":62705,"comment_status":"open","ping_status":"closed","sticky":false,"template":"","format":"standard","meta":{"footnotes":""},"categories":[41],"tags":[313,171,7109,6421,5557,7108],"class_list":["post-62704","post","type-post","status-publish","format-standard","has-post-thumbnail","hentry","category-policiales","tag-iguazu","tag-muerte","tag-proyectil","tag-secuestran","tag-tiroteo","tag-vainas"],"yoast_head":"<!-- This site is optimized with the Yoast SEO plugin v28.4 - https:\/\/yoast.com\/product\/yoast-seo-wordpress\/ -->\n<title>Allanaron una vivienda tras un tiroteo en Puerto Iguaz\u00fa | CVI NOTICIAS<\/title>\n<meta name=\"description\" content=\"Secuestraron vainas, un proyectil y otros elementos durante un allanamiento por un tiroteo vinculado a una muerte en Paraguay.\" \/>\n<meta name=\"robots\" content=\"index, follow, max-snippet:-1, max-image-preview:large, max-video-preview:-1\" \/>\n<link rel=\"canonical\" href=\"https:\/\/cvinoticias.com\/v3\/puerto-iguazu-secuestraron-vainas-y-un-proyectil-en-el-lugar-donde-investigan-el-tiroteo-vinculado-a-la-muerte-de-un-hombre-en-paraguay\/\" \/>\n<meta property=\"og:locale\" content=\"es_ES\" \/>\n<meta property=\"og:type\" content=\"article\" \/>\n<meta property=\"og:title\" content=\"Allanaron una vivienda tras un tiroteo en Puerto Iguaz\u00fa | CVI NOTICIAS\" \/>\n<meta property=\"og:description\" content=\"Secuestraron vainas, un proyectil y otros elementos durante un allanamiento por un tiroteo vinculado a una muerte en Paraguay.\" \/>\n<meta property=\"og:url\" content=\"https:\/\/cvinoticias.com\/v3\/puerto-iguazu-secuestraron-vainas-y-un-proyectil-en-el-lugar-donde-investigan-el-tiroteo-vinculado-a-la-muerte-de-un-hombre-en-paraguay\/\" \/>\n<meta property=\"og:site_name\" content=\"CVI NOTICIAS\" \/>\n<meta property=\"article:publisher\" content=\"https:\/\/www.facebook.com\/cvinoticias\" \/>\n<meta property=\"article:published_time\" content=\"2026-09-03T11:33:02+00:00\" \/>\n<meta property=\"article:modified_time\" content=\"2026-09-03T11:33:13+00:00\" \/>\n<meta property=\"og:image\" content=\"https:\/\/cvinoticias.com\/wp-content\/uploads\/2026\/09\/792411070_1595970761875318_6026772472848353516_n.jpeg\" \/>\n\t<meta property=\"og:image:width\" content=\"1536\" \/>\n\t<meta property=\"og:image:height\" content=\"2048\" \/>\n\t<meta property=\"og:image:type\" content=\"image\/jpeg\" \/>\n<meta name=\"author\" content=\"f1000024\" \/>\n<meta name=\"twitter:card\" content=\"summary_large_image\" \/>\n<meta name=\"twitter:label1\" content=\"Escrito por\" \/>\n\t<meta name=\"twitter:data1\" content=\"f1000024\" \/>\n\t<meta name=\"twitter:label2\" content=\"Tiempo de lectura\" \/>\n\t<meta name=\"twitter:data2\" content=\"2 minutos\" \/>\n<script type=\"application\/ld+json\" class=\"yoast-schema-graph\">{\"@context\":\"https:\\\/\\\/schema.org\",\"@graph\":[{\"@type\":\"Article\",\"@id\":\"https:\\\/\\\/cvinoticias.com\\\/v3\\\/puerto-iguazu-secuestraron-vainas-y-un-proyectil-en-el-lugar-donde-investigan-el-tiroteo-vinculado-a-la-muerte-de-un-hombre-en-paraguay\\\/#article\",\"isPartOf\":{\"@id\":\"https:\\\/\\\/cvinoticias.com\\\/v3\\\/puerto-iguazu-secuestraron-vainas-y-un-proyectil-en-el-lugar-donde-investigan-el-tiroteo-vinculado-a-la-muerte-de-un-hombre-en-paraguay\\\/\"},\"author\":{\"name\":\"f1000024\",\"@id\":\"https:\\\/\\\/cvinoticias.com\\\/v3\\\/#\\\/schema\\\/person\\\/2db77e3c6bc03c538495d7b2b8be9b66\"},\"headline\":\"Puerto Iguaz\u00fa: secuestraron vainas y un proyectil en el lugar donde investigan el tiroteo vinculado a la muerte de un hombre en Paraguay\",\"datePublished\":\"2026-09-03T11:33:02+00:00\",\"dateModified\":\"2026-09-03T11:33:13+00:00\",\"mainEntityOfPage\":{\"@id\":\"https:\\\/\\\/cvinoticias.com\\\/v3\\\/puerto-iguazu-secuestraron-vainas-y-un-proyectil-en-el-lugar-donde-investigan-el-tiroteo-vinculado-a-la-muerte-de-un-hombre-en-paraguay\\\/\"},\"wordCount\":342,\"commentCount\":0,\"publisher\":{\"@id\":\"https:\\\/\\\/cvinoticias.com\\\/v3\\\/#organization\"},\"image\":{\"@id\":\"https:\\\/\\\/cvinoticias.com\\\/v3\\\/puerto-iguazu-secuestraron-vainas-y-un-proyectil-en-el-lugar-donde-investigan-el-tiroteo-vinculado-a-la-muerte-de-un-hombre-en-paraguay\\\/#primaryimage\"},\"thumbnailUrl\":\"https:\\\/\\\/cvinoticias.com\\\/wp-content\\\/uploads\\\/2026\\\/09\\\/792411070_1595970761875318_6026772472848353516_n.jpeg\",\"keywords\":[\"Iguaz\u00fa\",\"muerte\",\"proyectil\",\"secuestran\",\"tiroteo\",\"vainas\"],\"articleSection\":[\"Policiales\"],\"inLanguage\":\"es\",\"potentialAction\":[{\"@type\":\"CommentAction\",\"name\":\"Comment\",\"target\":[\"https:\\\/\\\/cvinoticias.com\\\/v3\\\/puerto-iguazu-secuestraron-vainas-y-un-proyectil-en-el-lugar-donde-investigan-el-tiroteo-vinculado-a-la-muerte-de-un-hombre-en-paraguay\\\/#respond\"]}]},{\"@type\":\"WebPage\",\"@id\":\"https:\\\/\\\/cvinoticias.com\\\/v3\\\/puerto-iguazu-secuestraron-vainas-y-un-proyectil-en-el-lugar-donde-investigan-el-tiroteo-vinculado-a-la-muerte-de-un-hombre-en-paraguay\\\/\",\"url\":\"https:\\\/\\\/cvinoticias.com\\\/v3\\\/puerto-iguazu-secuestraron-vainas-y-un-proyectil-en-el-lugar-donde-investigan-el-tiroteo-vinculado-a-la-muerte-de-un-hombre-en-paraguay\\\/\",\"name\":\"Allanaron una vivienda tras un tiroteo en Puerto Iguaz\u00fa | CVI NOTICIAS\",\"isPartOf\":{\"@id\":\"https:\\\/\\\/cvinoticias.com\\\/v3\\\/#website\"},\"primaryImageOfPage\":{\"@id\":\"https:\\\/\\\/cvinoticias.com\\\/v3\\\/puerto-iguazu-secuestraron-vainas-y-un-proyectil-en-el-lugar-donde-investigan-el-tiroteo-vinculado-a-la-muerte-de-un-hombre-en-paraguay\\\/#primaryimage\"},\"image\":{\"@id\":\"https:\\\/\\\/cvinoticias.com\\\/v3\\\/puerto-iguazu-secuestraron-vainas-y-un-proyectil-en-el-lugar-donde-investigan-el-tiroteo-vinculado-a-la-muerte-de-un-hombre-en-paraguay\\\/#primaryimage\"},\"thumbnailUrl\":\"https:\\\/\\\/cvinoticias.com\\\/wp-content\\\/uploads\\\/2026\\\/09\\\/792411070_1595970761875318_6026772472848353516_n.jpeg\",\"datePublished\":\"2026-09-03T11:33:02+00:00\",\"dateModified\":\"2026-09-03T11:33:13+00:00\",\"description\":\"Secuestraron vainas, un proyectil y otros elementos durante un allanamiento por un tiroteo vinculado a una muerte en Paraguay.\",\"breadcrumb\":{\"@id\":\"https:\\\/\\\/cvinoticias.com\\\/v3\\\/puerto-iguazu-secuestraron-vainas-y-un-proyectil-en-el-lugar-donde-investigan-el-tiroteo-vinculado-a-la-muerte-de-un-hombre-en-paraguay\\\/#breadcrumb\"},\"inLanguage\":\"es\",\"potentialAction\":[{\"@type\":\"ReadAction\",\"target\":[\"https:\\\/\\\/cvinoticias.com\\\/v3\\\/puerto-iguazu-secuestraron-vainas-y-un-proyectil-en-el-lugar-donde-investigan-el-tiroteo-vinculado-a-la-muerte-de-un-hombre-en-paraguay\\\/\"]}]},{\"@type\":\"ImageObject\",\"inLanguage\":\"es\",\"@id\":\"https:\\\/\\\/cvinoticias.com\\\/v3\\\/puerto-iguazu-secuestraron-vainas-y-un-proyectil-en-el-lugar-donde-investigan-el-tiroteo-vinculado-a-la-muerte-de-un-hombre-en-paraguay\\\/#primaryimage\",\"url\":\"https:\\\/\\\/cvinoticias.com\\\/wp-content\\\/uploads\\\/2026\\\/09\\\/792411070_1595970761875318_6026772472848353516_n.jpeg\",\"contentUrl\":\"https:\\\/\\\/cvinoticias.com\\\/wp-content\\\/uploads\\\/2026\\\/09\\\/792411070_1595970761875318_6026772472848353516_n.jpeg\",\"width\":1536,\"height\":2048},{\"@type\":\"BreadcrumbList\",\"@id\":\"https:\\\/\\\/cvinoticias.com\\\/v3\\\/puerto-iguazu-secuestraron-vainas-y-un-proyectil-en-el-lugar-donde-investigan-el-tiroteo-vinculado-a-la-muerte-de-un-hombre-en-paraguay\\\/#breadcrumb\",\"itemListElement\":[{\"@type\":\"ListItem\",\"position\":1,\"name\":\"Portada\",\"item\":\"https:\\\/\\\/cvinoticias.com\\\/v3\\\/\"},{\"@type\":\"ListItem\",\"position\":2,\"name\":\"Puerto Iguaz\u00fa: secuestraron vainas y un proyectil en el lugar donde investigan el tiroteo vinculado a la muerte de un hombre en Paraguay\"}]},{\"@type\":\"WebSite\",\"@id\":\"https:\\\/\\\/cvinoticias.com\\\/v3\\\/#website\",\"url\":\"https:\\\/\\\/cvinoticias.com\\\/v3\\\/\",\"name\":\"CVI NOTICIAS\",\"description\":\"\",\"publisher\":{\"@id\":\"https:\\\/\\\/cvinoticias.com\\\/v3\\\/#organization\"},\"alternateName\":\"CVI\",\"potentialAction\":[{\"@type\":\"SearchAction\",\"target\":{\"@type\":\"EntryPoint\",\"urlTemplate\":\"https:\\\/\\\/cvinoticias.com\\\/v3\\\/?s={search_term_string}\"},\"query-input\":{\"@type\":\"PropertyValueSpecification\",\"valueRequired\":true,\"valueName\":\"search_term_string\"}}],\"inLanguage\":\"es\"},{\"@type\":\"Organization\",\"@id\":\"https:\\\/\\\/cvinoticias.com\\\/v3\\\/#organization\",\"name\":\"CVI NOTICIAS\",\"url\":\"https:\\\/\\\/cvinoticias.com\\\/v3\\\/\",\"logo\":{\"@type\":\"ImageObject\",\"inLanguage\":\"es\",\"@id\":\"https:\\\/\\\/cvinoticias.com\\\/v3\\\/#\\\/schema\\\/logo\\\/image\\\/\",\"url\":\"https:\\\/\\\/cvinoticias.com\\\/wp-content\\\/uploads\\\/2023\\\/04\\\/cropped-cropped-cropped-cropped-cropped-3-1.png\",\"contentUrl\":\"https:\\\/\\\/cvinoticias.com\\\/wp-content\\\/uploads\\\/2023\\\/04\\\/cropped-cropped-cropped-cropped-cropped-3-1.png\",\"width\":95,\"height\":122,\"caption\":\"CVI NOTICIAS\"},\"image\":{\"@id\":\"https:\\\/\\\/cvinoticias.com\\\/v3\\\/#\\\/schema\\\/logo\\\/image\\\/\"},\"sameAs\":[\"https:\\\/\\\/www.facebook.com\\\/cvinoticias\",\"https:\\\/\\\/www.instagram.com\\\/cvinoticias\\\/\",\"https:\\\/\\\/www.youtube.com\\\/@CVINOTICIAS\"]},{\"@type\":\"Person\",\"@id\":\"https:\\\/\\\/cvinoticias.com\\\/v3\\\/#\\\/schema\\\/person\\\/2db77e3c6bc03c538495d7b2b8be9b66\",\"name\":\"f1000024\",\"image\":{\"@type\":\"ImageObject\",\"inLanguage\":\"es\",\"@id\":\"https:\\\/\\\/secure.gravatar.com\\\/avatar\\\/d4fe7459cfc51ff5129ce1a732bbef5928568b8092d412ef95611616376bbeed?s=96&d=mm&r=g\",\"url\":\"https:\\\/\\\/secure.gravatar.com\\\/avatar\\\/d4fe7459cfc51ff5129ce1a732bbef5928568b8092d412ef95611616376bbeed?s=96&d=mm&r=g\",\"contentUrl\":\"https:\\\/\\\/secure.gravatar.com\\\/avatar\\\/d4fe7459cfc51ff5129ce1a732bbef5928568b8092d412ef95611616376bbeed?s=96&d=mm&r=g\",\"caption\":\"f1000024\"},\"url\":\"https:\\\/\\\/cvinoticias.com\\\/v3\\\/author\\\/f1000024\\\/\"}]}<\/script>\n<!-- \/ Yoast SEO plugin. -->","yoast_head_json":{"title":"Allanaron una vivienda tras un tiroteo en Puerto Iguaz\u00fa | CVI NOTICIAS","description":"Secuestraron vainas, un proyectil y otros elementos durante un allanamiento por un tiroteo vinculado a una muerte en Paraguay.","robots":{"index":"index","follow":"follow","max-snippet":"max-snippet:-1","max-image-preview":"max-image-preview:large","max-video-preview":"max-video-preview:-1"},"canonical":"https:\/\/cvinoticias.com\/v3\/puerto-iguazu-secuestraron-vainas-y-un-proyectil-en-el-lugar-donde-investigan-el-tiroteo-vinculado-a-la-muerte-de-un-hombre-en-paraguay\/","og_locale":"es_ES","og_type":"article","og_title":"Allanaron una vivienda tras un tiroteo en Puerto Iguaz\u00fa | CVI NOTICIAS","og_description":"Secuestraron vainas, un proyectil y otros elementos durante un allanamiento por un tiroteo vinculado a una muerte en Paraguay.","og_url":"https:\/\/cvinoticias.com\/v3\/puerto-iguazu-secuestraron-vainas-y-un-proyectil-en-el-lugar-donde-investigan-el-tiroteo-vinculado-a-la-muerte-de-un-hombre-en-paraguay\/","og_site_name":"CVI NOTICIAS","article_publisher":"https:\/\/www.facebook.com\/cvinoticias","article_published_time":"2026-09-03T11:33:02+00:00","article_modified_time":"2026-09-03T11:33:13+00:00","og_image":[{"width":1536,"height":2048,"url":"https:\/\/cvinoticias.com\/wp-content\/uploads\/2026\/09\/792411070_1595970761875318_6026772472848353516_n.jpeg","type":"image\/jpeg"}],"author":"f1000024","twitter_card":"summary_large_image","twitter_misc":{"Escrito por":"f1000024","Tiempo de lectura":"2 minutos"},"schema":{"@context":"https:\/\/schema.org","@graph":[{"@type":"Article","@id":"https:\/\/cvinoticias.com\/v3\/puerto-iguazu-secuestraron-vainas-y-un-proyectil-en-el-lugar-donde-investigan-el-tiroteo-vinculado-a-la-muerte-de-un-hombre-en-paraguay\/#article","isPartOf":{"@id":"https:\/\/cvinoticias.com\/v3\/puerto-iguazu-secuestraron-vainas-y-un-proyectil-en-el-lugar-donde-investigan-el-tiroteo-vinculado-a-la-muerte-de-un-hombre-en-paraguay\/"},"author":{"name":"f1000024","@id":"https:\/\/cvinoticias.com\/v3\/#\/schema\/person\/2db77e3c6bc03c538495d7b2b8be9b66"},"headline":"Puerto Iguaz\u00fa: secuestraron vainas y un proyectil en el lugar donde investigan el tiroteo vinculado a la muerte de un hombre en Paraguay","datePublished":"2026-09-03T11:33:02+00:00","dateModified":"2026-09-03T11:33:13+00:00","mainEntityOfPage":{"@id":"https:\/\/cvinoticias.com\/v3\/puerto-iguazu-secuestraron-vainas-y-un-proyectil-en-el-lugar-donde-investigan-el-tiroteo-vinculado-a-la-muerte-de-un-hombre-en-paraguay\/"},"wordCount":342,"commentCount":0,"publisher":{"@id":"https:\/\/cvinoticias.com\/v3\/#organization"},"image":{"@id":"https:\/\/cvinoticias.com\/v3\/puerto-iguazu-secuestraron-vainas-y-un-proyectil-en-el-lugar-donde-investigan-el-tiroteo-vinculado-a-la-muerte-de-un-hombre-en-paraguay\/#primaryimage"},"thumbnailUrl":"https:\/\/cvinoticias.com\/wp-content\/uploads\/2026\/09\/792411070_1595970761875318_6026772472848353516_n.jpeg","keywords":["Iguaz\u00fa","muerte","proyectil","secuestran","tiroteo","vainas"],"articleSection":["Policiales"],"inLanguage":"es","potentialAction":[{"@type":"CommentAction","name":"Comment","target":["https:\/\/cvinoticias.com\/v3\/puerto-iguazu-secuestraron-vainas-y-un-proyectil-en-el-lugar-donde-investigan-el-tiroteo-vinculado-a-la-muerte-de-un-hombre-en-paraguay\/#respond"]}]},{"@type":"WebPage","@id":"https:\/\/cvinoticias.com\/v3\/puerto-iguazu-secuestraron-vainas-y-un-proyectil-en-el-lugar-donde-investigan-el-tiroteo-vinculado-a-la-muerte-de-un-hombre-en-paraguay\/","url":"https:\/\/cvinoticias.com\/v3\/puerto-iguazu-secuestraron-vainas-y-un-proyectil-en-el-lugar-donde-investigan-el-tiroteo-vinculado-a-la-muerte-de-un-hombre-en-paraguay\/","name":"Allanaron una vivienda tras un tiroteo en Puerto Iguaz\u00fa | CVI NOTICIAS","isPartOf":{"@id":"https:\/\/cvinoticias.com\/v3\/#website"},"primaryImageOfPage":{"@id":"https:\/\/cvinoticias.com\/v3\/puerto-iguazu-secuestraron-vainas-y-un-proyectil-en-el-lugar-donde-investigan-el-tiroteo-vinculado-a-la-muerte-de-un-hombre-en-paraguay\/#primaryimage"},"image":{"@id":"https:\/\/cvinoticias.com\/v3\/puerto-iguazu-secuestraron-vainas-y-un-proyectil-en-el-lugar-donde-investigan-el-tiroteo-vinculado-a-la-muerte-de-un-hombre-en-paraguay\/#primaryimage"},"thumbnailUrl":"https:\/\/cvinoticias.com\/wp-content\/uploads\/2026\/09\/792411070_1595970761875318_6026772472848353516_n.jpeg","datePublished":"2026-09-03T11:33:02+00:00","dateModified":"2026-09-03T11:33:13+00:00","description":"Secuestraron vainas, un proyectil y otros elementos durante un allanamiento por un tiroteo vinculado a una muerte en Paraguay.","breadcrumb":{"@id":"https:\/\/cvinoticias.com\/v3\/puerto-iguazu-secuestraron-vainas-y-un-proyectil-en-el-lugar-donde-investigan-el-tiroteo-vinculado-a-la-muerte-de-un-hombre-en-paraguay\/#breadcrumb"},"inLanguage":"es","potentialAction":[{"@type":"ReadAction","target":["https:\/\/cvinoticias.com\/v3\/puerto-iguazu-secuestraron-vainas-y-un-proyectil-en-el-lugar-donde-investigan-el-tiroteo-vinculado-a-la-muerte-de-un-hombre-en-paraguay\/"]}]},{"@type":"ImageObject","inLanguage":"es","@id":"https:\/\/cvinoticias.com\/v3\/puerto-iguazu-secuestraron-vainas-y-un-proyectil-en-el-lugar-donde-investigan-el-tiroteo-vinculado-a-la-muerte-de-un-hombre-en-paraguay\/#primaryimage","url":"https:\/\/cvinoticias.com\/wp-content\/uploads\/2026\/09\/792411070_1595970761875318_6026772472848353516_n.jpeg","contentUrl":"https:\/\/cvinoticias.com\/wp-content\/uploads\/2026\/09\/792411070_1595970761875318_6026772472848353516_n.jpeg","width":1536,"height":2048},{"@type":"BreadcrumbList","@id":"https:\/\/cvinoticias.com\/v3\/puerto-iguazu-secuestraron-vainas-y-un-proyectil-en-el-lugar-donde-investigan-el-tiroteo-vinculado-a-la-muerte-de-un-hombre-en-paraguay\/#breadcrumb","itemListElement":[{"@type":"ListItem","position":1,"name":"Portada","item":"https:\/\/cvinoticias.com\/v3\/"},{"@type":"ListItem","position":2,"name":"Puerto Iguaz\u00fa: secuestraron vainas y un proyectil en el lugar donde investigan el tiroteo vinculado a la muerte de un hombre en Paraguay"}]},{"@type":"WebSite","@id":"https:\/\/cvinoticias.com\/v3\/#website","url":"https:\/\/cvinoticias.com\/v3\/","name":"CVI NOTICIAS","description":"","publisher":{"@id":"https:\/\/cvinoticias.com\/v3\/#organization"},"alternateName":"CVI","potentialAction":[{"@type":"SearchAction","target":{"@type":"EntryPoint","urlTemplate":"https:\/\/cvinoticias.com\/v3\/?s={search_term_string}"},"query-input":{"@type":"PropertyValueSpecification","valueRequired":true,"valueName":"search_term_string"}}],"inLanguage":"es"},{"@type":"Organization","@id":"https:\/\/cvinoticias.com\/v3\/#organization","name":"CVI NOTICIAS","url":"https:\/\/cvinoticias.com\/v3\/","logo":{"@type":"ImageObject","inLanguage":"es","@id":"https:\/\/cvinoticias.com\/v3\/#\/schema\/logo\/image\/","url":"https:\/\/cvinoticias.com\/wp-content\/uploads\/2023\/04\/cropped-cropped-cropped-cropped-cropped-3-1.png","contentUrl":"https:\/\/cvinoticias.com\/wp-content\/uploads\/2023\/04\/cropped-cropped-cropped-cropped-cropped-3-1.png","width":95,"height":122,"caption":"CVI NOTICIAS"},"image":{"@id":"https:\/\/cvinoticias.com\/v3\/#\/schema\/logo\/image\/"},"sameAs":["https:\/\/www.facebook.com\/cvinoticias","https:\/\/www.instagram.com\/cvinoticias\/","https:\/\/www.youtube.com\/@CVINOTICIAS"]},{"@type":"Person","@id":"https:\/\/cvinoticias.com\/v3\/#\/schema\/person\/2db77e3c6bc03c538495d7b2b8be9b66","name":"f1000024","image":{"@type":"ImageObject","inLanguage":"es","@id":"https:\/\/secure.gravatar.com\/avatar\/d4fe7459cfc51ff5129ce1a732bbef5928568b8092d412ef95611616376bbeed?s=96&d=mm&r=g","url":"https:\/\/secure.gravatar.com\/avatar\/d4fe7459cfc51ff5129ce1a732bbef5928568b8092d412ef95611616376bbeed?s=96&d=mm&r=g","contentUrl":"https:\/\/secure.gravatar.com\/avatar\/d4fe7459cfc51ff5129ce1a732bbef5928568b8092d412ef95611616376bbeed?s=96&d=mm&r=g","caption":"f1000024"},"url":"https:\/\/cvinoticias.com\/v3\/author\/f1000024\/"}]}},"_links":{"self":[{"href":"https:\/\/cvinoticias.com\/v3\/wp-json\/wp\/v2\/posts\/62704","targetHints":{"allow":["GET"]}}],"collection":[{"href":"https:\/\/cvinoticias.com\/v3\/wp-json\/wp\/v2\/posts"}],"about":[{"href":"https:\/\/cvinoticias.com\/v3\/wp-json\/wp\/v2\/types\/post"}],"author":[{"embeddable":true,"href":"https:\/\/cvinoticias.com\/v3\/wp-json\/wp\/v2\/users\/2"}],"replies":[{"embeddable":true,"href":"https:\/\/cvinoticias.com\/v3\/wp-json\/wp\/v2\/comments?post=62704"}],"version-history":[{"count":1,"href":"https:\/\/cvinoticias.com\/v3\/wp-json\/wp\/v2\/posts\/62704\/revisions"}],"predecessor-version":[{"id":62706,"href":"https:\/\/cvinoticias.com\/v3\/wp-json\/wp\/v2\/posts\/62704\/revisions\/62706"}],"wp:featuredmedia":[{"embeddable":true,"href":"https:\/\/cvinoticias.com\/v3\/wp-json\/wp\/v2\/media\/62705"}],"wp:attachment":[{"href":"https:\/\/cvinoticias.com\/v3\/wp-json\/wp\/v2\/media?parent=62704"}],"wp:term":[{"taxonomy":"category","embeddable":true,"href":"https:\/\/cvinoticias.com\/v3\/wp-json\/wp\/v2\/categories?post=62704"},{"taxonomy":"post_tag","embeddable":true,"href":"https:\/\/cvinoticias.com\/v3\/wp-json\/wp\/v2\/tags?post=62704"}],"curies":[{"name":"wp","href":"https:\/\/api.w.org\/{rel}","templated":true}]}}