{"id":62701,"date":"2026-09-03T08:19:21","date_gmt":"2026-09-03T11:19:21","guid":{"rendered":"https:\/\/cvinoticias.com\/v3\/?p=62701"},"modified":"2026-09-03T08:19:22","modified_gmt":"2026-09-03T11:19:22","slug":"dia-del-ferretero-por-que-se-celebra-cada-3-de-septiembre","status":"publish","type":"post","link":"https:\/\/cvinoticias.com\/v3\/dia-del-ferretero-por-que-se-celebra-cada-3-de-septiembre\/","title":{"rendered":"D\u00eda del Ferretero: por qu\u00e9 se celebra cada 3 de septiembre"},"content":{"rendered":"\n<p class=\"wp-block-paragraph\">Cada <strong>3 de septiembre<\/strong>, Argentina celebra el <strong>D\u00eda del Ferretero<\/strong>, una fecha que reconoce a los trabajadores de un rubro estrechamente ligado a la vida cotidiana, la construcci\u00f3n, el mantenimiento y las reparaciones.<\/p>\n\n\n\n<p class=\"wp-block-paragraph\">La efem\u00e9ride tiene un origen hist\u00f3rico concreto: recuerda la creaci\u00f3n de la primera organizaci\u00f3n que nucle\u00f3 al sector ferretero argentino a comienzos del siglo XX. <\/p>\n\n\n\n<h2 class=\"wp-block-heading\">\u00bfPor qu\u00e9 se celebra el 3 de septiembre?<\/h2>\n\n\n\n<p class=\"wp-block-paragraph\">La elecci\u00f3n de la fecha se debe a que el <strong>3 de septiembre de 1905<\/strong> fue fundada la <strong>Asociaci\u00f3n de Ferreter\u00edas, Pinturer\u00edas y Bazares de la Rep\u00fablica Argentina<\/strong>, instituci\u00f3n que con el paso de los a\u00f1os se convertir\u00eda en la actual <strong>C\u00e1mara de Ferreter\u00edas y Afines de la Rep\u00fablica Argentina (CAFARA)<\/strong>. <\/p>\n\n\n\n<p class=\"wp-block-paragraph\">La organizaci\u00f3n surgi\u00f3 a partir de la iniciativa de comerciantes del sector que buscaban unir esfuerzos para defender intereses comunes, establecer v\u00ednculos con otros sectores comerciales y mejorar el funcionamiento de la actividad ferretera.<\/p>\n\n\n\n<p class=\"wp-block-paragraph\">De esta manera, aquella fecha fundacional qued\u00f3 vinculada con el reconocimiento de quienes desarrollan este oficio y, desde <strong>1943<\/strong>, el 3 de septiembre es celebrado en Argentina como el D\u00eda del Ferretero. <\/p>\n\n\n\n<h2 class=\"wp-block-heading\">Los primeros pasos de la actividad organizada<\/h2>\n\n\n\n<p class=\"wp-block-paragraph\">A comienzos del siglo XX, las ferreter\u00edas ya ten\u00edan un papel importante dentro de la actividad comercial argentina. Estos negocios abastec\u00edan a hogares, trabajadores y empresas con herramientas, materiales y distintos elementos necesarios para la construcci\u00f3n y el mantenimiento.<\/p>\n\n\n\n<p class=\"wp-block-paragraph\">La creaci\u00f3n de la asociaci\u00f3n en 1905 permiti\u00f3 que los comerciantes del rubro contaran con un espacio com\u00fan para plantear sus necesidades y fortalecer la actividad.<\/p>\n\n\n\n<p class=\"wp-block-paragraph\">Con el crecimiento de la organizaci\u00f3n tambi\u00e9n se fueron incorporando nuevas herramientas de comunicaci\u00f3n y representaci\u00f3n. Entre 1905 y 1910 comenz\u00f3 a gestarse la <strong>Revista Ferreteros<\/strong>, destinada a brindar informaci\u00f3n al sector. <\/p>\n\n\n\n<h2 class=\"wp-block-heading\">Una instituci\u00f3n con m\u00e1s de un siglo de historia<\/h2>\n\n\n\n<p class=\"wp-block-paragraph\">La entidad que naci\u00f3 como Asociaci\u00f3n de Ferreter\u00edas, Pinturer\u00edas y Bazares de la Rep\u00fablica Argentina atraves\u00f3 diferentes etapas a lo largo de su historia.<\/p>\n\n\n\n<p class=\"wp-block-paragraph\">En <strong>1933<\/strong> adquiri\u00f3 su primera sede en la Ciudad de Buenos Aires y, posteriormente, ampli\u00f3 su presencia y v\u00ednculos hacia distintas ciudades del pa\u00eds. <\/p>\n\n\n\n<p class=\"wp-block-paragraph\">En <strong>1997<\/strong>, la instituci\u00f3n adopt\u00f3 formalmente el nombre de <strong>C\u00e1mara de Ferreter\u00edas y Afines de la Rep\u00fablica Argentina (CAFARA)<\/strong>, reflejando una actividad que con el tiempo hab\u00eda incorporado nuevos rubros y productos. <\/p>\n\n\n\n<h2 class=\"wp-block-heading\">Mucho m\u00e1s que vender herramientas<\/h2>\n\n\n\n<p class=\"wp-block-paragraph\">Con el paso de las d\u00e9cadas, el trabajo del ferretero fue adquiriendo una caracter\u00edstica que todav\u00eda se mantiene en los comercios de barrio: el asesoramiento.<\/p>\n\n\n\n<p class=\"wp-block-paragraph\">Quien llega a una ferreter\u00eda muchas veces sabe qu\u00e9 necesita solucionar, pero no necesariamente conoce el nombre de la herramienta, la medida de una pieza o el producto adecuado para realizar una reparaci\u00f3n.<\/p>\n\n\n\n<p class=\"wp-block-paragraph\">Por eso, el conocimiento t\u00e9cnico y la experiencia del ferretero se convirtieron en una parte importante del servicio. Herramientas, productos el\u00e9ctricos, art\u00edculos de plomer\u00eda, pinturas, elementos de mantenimiento y materiales para construcci\u00f3n forman parte de una actividad que requiere capacitaci\u00f3n y actualizaci\u00f3n permanente.<\/p>\n\n\n\n<h2 class=\"wp-block-heading\">El v\u00ednculo con los barrios y la comunidad<\/h2>\n\n\n\n<p class=\"wp-block-paragraph\">Las ferreter\u00edas tambi\u00e9n ocupan un lugar particular dentro de la vida comercial de los barrios argentinos. En muchos casos, son comercios de cercan\u00eda a los que los vecinos recurren ante una reparaci\u00f3n urgente o para conseguir una herramienta espec\u00edfica.<\/p>\n\n\n\n<p class=\"wp-block-paragraph\">Ese v\u00ednculo cotidiano convirti\u00f3 al ferretero en una figura reconocida por su capacidad para ofrecer soluciones pr\u00e1cticas y orientar a clientes con distintos niveles de conocimiento.<\/p>\n\n\n\n<p class=\"wp-block-paragraph\">La propia CAFARA destaca que el sector est\u00e1 integrado por empresas, comercios y familias que a lo largo de generaciones fueron formando parte de la actividad ferretera argentina. <\/p>\n\n\n\n<h2 class=\"wp-block-heading\">Una profesi\u00f3n que se adapta a los nuevos tiempos<\/h2>\n\n\n\n<p class=\"wp-block-paragraph\">Aunque las herramientas y los productos cambiaron con los avances tecnol\u00f3gicos, el oficio mantiene una caracter\u00edstica central: conocer los productos y entender las necesidades del cliente.<\/p>\n\n\n\n<p class=\"wp-block-paragraph\">La actividad tambi\u00e9n incorpor\u00f3 nuevas formas de comercializaci\u00f3n, capacitaci\u00f3n y herramientas digitales, mientras las ferreter\u00edas contin\u00faan atendiendo tanto a particulares como a trabajadores de distintos oficios y empresas.<\/p>\n\n\n\n<p class=\"wp-block-paragraph\">En este contexto, el <strong>D\u00eda del Ferretero<\/strong> representa una oportunidad para reconocer una actividad que lleva m\u00e1s de un siglo organizada en Argentina y que contin\u00faa teniendo un papel cotidiano en la construcci\u00f3n, reparaci\u00f3n y mantenimiento de hogares, comercios e industrias. <\/p>\n\n\n\n<p class=\"wp-block-paragraph\"><\/p>\n","protected":false},"excerpt":{"rendered":"<p>Cada 3 de septiembre, Argentina celebra el D\u00eda del Ferretero, una fecha que reconoce a los trabajadores de un rubro estrechamente ligado a la vida cotidiana, la construcci\u00f3n, el mantenimiento y las reparaciones. La efem\u00e9ride tiene un origen hist\u00f3rico concreto: recuerda la creaci\u00f3n de la primera organizaci\u00f3n que nucle\u00f3 al sector ferretero argentino a comienzos [&hellip;]<\/p>\n","protected":false},"author":2,"featured_media":62702,"comment_status":"open","ping_status":"closed","sticky":false,"template":"","format":"standard","meta":{"footnotes":""},"categories":[442],"tags":[276,554,7107],"class_list":["post-62701","post","type-post","status-publish","format-standard","has-post-thumbnail","hentry","category-efemerides-2","tag-argentina","tag-dia","tag-ferretero"],"yoast_head":"<!-- This site is optimized with the Yoast SEO plugin v28.4 - https:\/\/yoast.com\/product\/yoast-seo-wordpress\/ -->\n<title>D\u00eda del Ferretero: por qu\u00e9 se celebra el 3 de septiembre | CVI NOTICIAS<\/title>\n<meta name=\"description\" content=\"Cada 3 de septiembre se celebra el D\u00eda del Ferretero en Argentina, una fecha que reconoce la historia y el trabajo del sector.\" \/>\n<meta name=\"robots\" content=\"index, follow, max-snippet:-1, max-image-preview:large, max-video-preview:-1\" \/>\n<link rel=\"canonical\" href=\"https:\/\/cvinoticias.com\/v3\/dia-del-ferretero-por-que-se-celebra-cada-3-de-septiembre\/\" \/>\n<meta property=\"og:locale\" content=\"es_ES\" \/>\n<meta property=\"og:type\" content=\"article\" \/>\n<meta property=\"og:title\" content=\"D\u00eda del Ferretero: por qu\u00e9 se celebra el 3 de septiembre | CVI NOTICIAS\" \/>\n<meta property=\"og:description\" content=\"Cada 3 de septiembre se celebra el D\u00eda del Ferretero en Argentina, una fecha que reconoce la historia y el trabajo del sector.\" \/>\n<meta property=\"og:url\" content=\"https:\/\/cvinoticias.com\/v3\/dia-del-ferretero-por-que-se-celebra-cada-3-de-septiembre\/\" \/>\n<meta property=\"og:site_name\" content=\"CVI NOTICIAS\" \/>\n<meta property=\"article:publisher\" content=\"https:\/\/www.facebook.com\/cvinoticias\" \/>\n<meta property=\"article:published_time\" content=\"2026-09-03T11:19:21+00:00\" \/>\n<meta property=\"article:modified_time\" content=\"2026-09-03T11:19:22+00:00\" \/>\n<meta property=\"og:image\" content=\"https:\/\/cvinoticias.com\/wp-content\/uploads\/2026\/09\/ferretero-ferreteria.webp\" \/>\n\t<meta property=\"og:image:width\" content=\"610\" \/>\n\t<meta property=\"og:image:height\" content=\"457\" \/>\n\t<meta property=\"og:image:type\" content=\"image\/webp\" \/>\n<meta name=\"author\" content=\"f1000024\" \/>\n<meta name=\"twitter:card\" content=\"summary_large_image\" \/>\n<meta name=\"twitter:label1\" content=\"Escrito por\" \/>\n\t<meta name=\"twitter:data1\" content=\"f1000024\" \/>\n\t<meta name=\"twitter:label2\" content=\"Tiempo de lectura\" \/>\n\t<meta name=\"twitter:data2\" content=\"4 minutos\" \/>\n<script type=\"application\/ld+json\" class=\"yoast-schema-graph\">{\"@context\":\"https:\\\/\\\/schema.org\",\"@graph\":[{\"@type\":\"Article\",\"@id\":\"https:\\\/\\\/cvinoticias.com\\\/v3\\\/dia-del-ferretero-por-que-se-celebra-cada-3-de-septiembre\\\/#article\",\"isPartOf\":{\"@id\":\"https:\\\/\\\/cvinoticias.com\\\/v3\\\/dia-del-ferretero-por-que-se-celebra-cada-3-de-septiembre\\\/\"},\"author\":{\"name\":\"f1000024\",\"@id\":\"https:\\\/\\\/cvinoticias.com\\\/v3\\\/#\\\/schema\\\/person\\\/2db77e3c6bc03c538495d7b2b8be9b66\"},\"headline\":\"D\u00eda del Ferretero: por qu\u00e9 se celebra cada 3 de septiembre\",\"datePublished\":\"2026-09-03T11:19:21+00:00\",\"dateModified\":\"2026-09-03T11:19:22+00:00\",\"mainEntityOfPage\":{\"@id\":\"https:\\\/\\\/cvinoticias.com\\\/v3\\\/dia-del-ferretero-por-que-se-celebra-cada-3-de-septiembre\\\/\"},\"wordCount\":766,\"commentCount\":0,\"publisher\":{\"@id\":\"https:\\\/\\\/cvinoticias.com\\\/v3\\\/#organization\"},\"image\":{\"@id\":\"https:\\\/\\\/cvinoticias.com\\\/v3\\\/dia-del-ferretero-por-que-se-celebra-cada-3-de-septiembre\\\/#primaryimage\"},\"thumbnailUrl\":\"https:\\\/\\\/cvinoticias.com\\\/wp-content\\\/uploads\\\/2026\\\/09\\\/ferretero-ferreteria.webp\",\"keywords\":[\"Argentina\",\"D\u00eda\",\"ferretero\"],\"articleSection\":[\"EFEMERIDES\"],\"inLanguage\":\"es\",\"potentialAction\":[{\"@type\":\"CommentAction\",\"name\":\"Comment\",\"target\":[\"https:\\\/\\\/cvinoticias.com\\\/v3\\\/dia-del-ferretero-por-que-se-celebra-cada-3-de-septiembre\\\/#respond\"]}]},{\"@type\":\"WebPage\",\"@id\":\"https:\\\/\\\/cvinoticias.com\\\/v3\\\/dia-del-ferretero-por-que-se-celebra-cada-3-de-septiembre\\\/\",\"url\":\"https:\\\/\\\/cvinoticias.com\\\/v3\\\/dia-del-ferretero-por-que-se-celebra-cada-3-de-septiembre\\\/\",\"name\":\"D\u00eda del Ferretero: por qu\u00e9 se celebra el 3 de septiembre | CVI NOTICIAS\",\"isPartOf\":{\"@id\":\"https:\\\/\\\/cvinoticias.com\\\/v3\\\/#website\"},\"primaryImageOfPage\":{\"@id\":\"https:\\\/\\\/cvinoticias.com\\\/v3\\\/dia-del-ferretero-por-que-se-celebra-cada-3-de-septiembre\\\/#primaryimage\"},\"image\":{\"@id\":\"https:\\\/\\\/cvinoticias.com\\\/v3\\\/dia-del-ferretero-por-que-se-celebra-cada-3-de-septiembre\\\/#primaryimage\"},\"thumbnailUrl\":\"https:\\\/\\\/cvinoticias.com\\\/wp-content\\\/uploads\\\/2026\\\/09\\\/ferretero-ferreteria.webp\",\"datePublished\":\"2026-09-03T11:19:21+00:00\",\"dateModified\":\"2026-09-03T11:19:22+00:00\",\"description\":\"Cada 3 de septiembre se celebra el D\u00eda del Ferretero en Argentina, una fecha que reconoce la historia y el trabajo del sector.\",\"breadcrumb\":{\"@id\":\"https:\\\/\\\/cvinoticias.com\\\/v3\\\/dia-del-ferretero-por-que-se-celebra-cada-3-de-septiembre\\\/#breadcrumb\"},\"inLanguage\":\"es\",\"potentialAction\":[{\"@type\":\"ReadAction\",\"target\":[\"https:\\\/\\\/cvinoticias.com\\\/v3\\\/dia-del-ferretero-por-que-se-celebra-cada-3-de-septiembre\\\/\"]}]},{\"@type\":\"ImageObject\",\"inLanguage\":\"es\",\"@id\":\"https:\\\/\\\/cvinoticias.com\\\/v3\\\/dia-del-ferretero-por-que-se-celebra-cada-3-de-septiembre\\\/#primaryimage\",\"url\":\"https:\\\/\\\/cvinoticias.com\\\/wp-content\\\/uploads\\\/2026\\\/09\\\/ferretero-ferreteria.webp\",\"contentUrl\":\"https:\\\/\\\/cvinoticias.com\\\/wp-content\\\/uploads\\\/2026\\\/09\\\/ferretero-ferreteria.webp\",\"width\":610,\"height\":457},{\"@type\":\"BreadcrumbList\",\"@id\":\"https:\\\/\\\/cvinoticias.com\\\/v3\\\/dia-del-ferretero-por-que-se-celebra-cada-3-de-septiembre\\\/#breadcrumb\",\"itemListElement\":[{\"@type\":\"ListItem\",\"position\":1,\"name\":\"Portada\",\"item\":\"https:\\\/\\\/cvinoticias.com\\\/v3\\\/\"},{\"@type\":\"ListItem\",\"position\":2,\"name\":\"D\u00eda del Ferretero: por qu\u00e9 se celebra cada 3 de septiembre\"}]},{\"@type\":\"WebSite\",\"@id\":\"https:\\\/\\\/cvinoticias.com\\\/v3\\\/#website\",\"url\":\"https:\\\/\\\/cvinoticias.com\\\/v3\\\/\",\"name\":\"CVI NOTICIAS\",\"description\":\"\",\"publisher\":{\"@id\":\"https:\\\/\\\/cvinoticias.com\\\/v3\\\/#organization\"},\"alternateName\":\"CVI\",\"potentialAction\":[{\"@type\":\"SearchAction\",\"target\":{\"@type\":\"EntryPoint\",\"urlTemplate\":\"https:\\\/\\\/cvinoticias.com\\\/v3\\\/?s={search_term_string}\"},\"query-input\":{\"@type\":\"PropertyValueSpecification\",\"valueRequired\":true,\"valueName\":\"search_term_string\"}}],\"inLanguage\":\"es\"},{\"@type\":\"Organization\",\"@id\":\"https:\\\/\\\/cvinoticias.com\\\/v3\\\/#organization\",\"name\":\"CVI NOTICIAS\",\"url\":\"https:\\\/\\\/cvinoticias.com\\\/v3\\\/\",\"logo\":{\"@type\":\"ImageObject\",\"inLanguage\":\"es\",\"@id\":\"https:\\\/\\\/cvinoticias.com\\\/v3\\\/#\\\/schema\\\/logo\\\/image\\\/\",\"url\":\"https:\\\/\\\/cvinoticias.com\\\/wp-content\\\/uploads\\\/2023\\\/04\\\/cropped-cropped-cropped-cropped-cropped-3-1.png\",\"contentUrl\":\"https:\\\/\\\/cvinoticias.com\\\/wp-content\\\/uploads\\\/2023\\\/04\\\/cropped-cropped-cropped-cropped-cropped-3-1.png\",\"width\":95,\"height\":122,\"caption\":\"CVI NOTICIAS\"},\"image\":{\"@id\":\"https:\\\/\\\/cvinoticias.com\\\/v3\\\/#\\\/schema\\\/logo\\\/image\\\/\"},\"sameAs\":[\"https:\\\/\\\/www.facebook.com\\\/cvinoticias\",\"https:\\\/\\\/www.instagram.com\\\/cvinoticias\\\/\",\"https:\\\/\\\/www.youtube.com\\\/@CVINOTICIAS\"]},{\"@type\":\"Person\",\"@id\":\"https:\\\/\\\/cvinoticias.com\\\/v3\\\/#\\\/schema\\\/person\\\/2db77e3c6bc03c538495d7b2b8be9b66\",\"name\":\"f1000024\",\"image\":{\"@type\":\"ImageObject\",\"inLanguage\":\"es\",\"@id\":\"https:\\\/\\\/secure.gravatar.com\\\/avatar\\\/d4fe7459cfc51ff5129ce1a732bbef5928568b8092d412ef95611616376bbeed?s=96&d=mm&r=g\",\"url\":\"https:\\\/\\\/secure.gravatar.com\\\/avatar\\\/d4fe7459cfc51ff5129ce1a732bbef5928568b8092d412ef95611616376bbeed?s=96&d=mm&r=g\",\"contentUrl\":\"https:\\\/\\\/secure.gravatar.com\\\/avatar\\\/d4fe7459cfc51ff5129ce1a732bbef5928568b8092d412ef95611616376bbeed?s=96&d=mm&r=g\",\"caption\":\"f1000024\"},\"url\":\"https:\\\/\\\/cvinoticias.com\\\/v3\\\/author\\\/f1000024\\\/\"}]}<\/script>\n<!-- \/ Yoast SEO plugin. -->","yoast_head_json":{"title":"D\u00eda del Ferretero: por qu\u00e9 se celebra el 3 de septiembre | CVI NOTICIAS","description":"Cada 3 de septiembre se celebra el D\u00eda del Ferretero en Argentina, una fecha que reconoce la historia y el trabajo del sector.","robots":{"index":"index","follow":"follow","max-snippet":"max-snippet:-1","max-image-preview":"max-image-preview:large","max-video-preview":"max-video-preview:-1"},"canonical":"https:\/\/cvinoticias.com\/v3\/dia-del-ferretero-por-que-se-celebra-cada-3-de-septiembre\/","og_locale":"es_ES","og_type":"article","og_title":"D\u00eda del Ferretero: por qu\u00e9 se celebra el 3 de septiembre | CVI NOTICIAS","og_description":"Cada 3 de septiembre se celebra el D\u00eda del Ferretero en Argentina, una fecha que reconoce la historia y el trabajo del sector.","og_url":"https:\/\/cvinoticias.com\/v3\/dia-del-ferretero-por-que-se-celebra-cada-3-de-septiembre\/","og_site_name":"CVI NOTICIAS","article_publisher":"https:\/\/www.facebook.com\/cvinoticias","article_published_time":"2026-09-03T11:19:21+00:00","article_modified_time":"2026-09-03T11:19:22+00:00","og_image":[{"width":610,"height":457,"url":"https:\/\/cvinoticias.com\/wp-content\/uploads\/2026\/09\/ferretero-ferreteria.webp","type":"image\/webp"}],"author":"f1000024","twitter_card":"summary_large_image","twitter_misc":{"Escrito por":"f1000024","Tiempo de lectura":"4 minutos"},"schema":{"@context":"https:\/\/schema.org","@graph":[{"@type":"Article","@id":"https:\/\/cvinoticias.com\/v3\/dia-del-ferretero-por-que-se-celebra-cada-3-de-septiembre\/#article","isPartOf":{"@id":"https:\/\/cvinoticias.com\/v3\/dia-del-ferretero-por-que-se-celebra-cada-3-de-septiembre\/"},"author":{"name":"f1000024","@id":"https:\/\/cvinoticias.com\/v3\/#\/schema\/person\/2db77e3c6bc03c538495d7b2b8be9b66"},"headline":"D\u00eda del Ferretero: por qu\u00e9 se celebra cada 3 de septiembre","datePublished":"2026-09-03T11:19:21+00:00","dateModified":"2026-09-03T11:19:22+00:00","mainEntityOfPage":{"@id":"https:\/\/cvinoticias.com\/v3\/dia-del-ferretero-por-que-se-celebra-cada-3-de-septiembre\/"},"wordCount":766,"commentCount":0,"publisher":{"@id":"https:\/\/cvinoticias.com\/v3\/#organization"},"image":{"@id":"https:\/\/cvinoticias.com\/v3\/dia-del-ferretero-por-que-se-celebra-cada-3-de-septiembre\/#primaryimage"},"thumbnailUrl":"https:\/\/cvinoticias.com\/wp-content\/uploads\/2026\/09\/ferretero-ferreteria.webp","keywords":["Argentina","D\u00eda","ferretero"],"articleSection":["EFEMERIDES"],"inLanguage":"es","potentialAction":[{"@type":"CommentAction","name":"Comment","target":["https:\/\/cvinoticias.com\/v3\/dia-del-ferretero-por-que-se-celebra-cada-3-de-septiembre\/#respond"]}]},{"@type":"WebPage","@id":"https:\/\/cvinoticias.com\/v3\/dia-del-ferretero-por-que-se-celebra-cada-3-de-septiembre\/","url":"https:\/\/cvinoticias.com\/v3\/dia-del-ferretero-por-que-se-celebra-cada-3-de-septiembre\/","name":"D\u00eda del Ferretero: por qu\u00e9 se celebra el 3 de septiembre | CVI NOTICIAS","isPartOf":{"@id":"https:\/\/cvinoticias.com\/v3\/#website"},"primaryImageOfPage":{"@id":"https:\/\/cvinoticias.com\/v3\/dia-del-ferretero-por-que-se-celebra-cada-3-de-septiembre\/#primaryimage"},"image":{"@id":"https:\/\/cvinoticias.com\/v3\/dia-del-ferretero-por-que-se-celebra-cada-3-de-septiembre\/#primaryimage"},"thumbnailUrl":"https:\/\/cvinoticias.com\/wp-content\/uploads\/2026\/09\/ferretero-ferreteria.webp","datePublished":"2026-09-03T11:19:21+00:00","dateModified":"2026-09-03T11:19:22+00:00","description":"Cada 3 de septiembre se celebra el D\u00eda del Ferretero en Argentina, una fecha que reconoce la historia y el trabajo del sector.","breadcrumb":{"@id":"https:\/\/cvinoticias.com\/v3\/dia-del-ferretero-por-que-se-celebra-cada-3-de-septiembre\/#breadcrumb"},"inLanguage":"es","potentialAction":[{"@type":"ReadAction","target":["https:\/\/cvinoticias.com\/v3\/dia-del-ferretero-por-que-se-celebra-cada-3-de-septiembre\/"]}]},{"@type":"ImageObject","inLanguage":"es","@id":"https:\/\/cvinoticias.com\/v3\/dia-del-ferretero-por-que-se-celebra-cada-3-de-septiembre\/#primaryimage","url":"https:\/\/cvinoticias.com\/wp-content\/uploads\/2026\/09\/ferretero-ferreteria.webp","contentUrl":"https:\/\/cvinoticias.com\/wp-content\/uploads\/2026\/09\/ferretero-ferreteria.webp","width":610,"height":457},{"@type":"BreadcrumbList","@id":"https:\/\/cvinoticias.com\/v3\/dia-del-ferretero-por-que-se-celebra-cada-3-de-septiembre\/#breadcrumb","itemListElement":[{"@type":"ListItem","position":1,"name":"Portada","item":"https:\/\/cvinoticias.com\/v3\/"},{"@type":"ListItem","position":2,"name":"D\u00eda del Ferretero: por qu\u00e9 se celebra cada 3 de septiembre"}]},{"@type":"WebSite","@id":"https:\/\/cvinoticias.com\/v3\/#website","url":"https:\/\/cvinoticias.com\/v3\/","name":"CVI NOTICIAS","description":"","publisher":{"@id":"https:\/\/cvinoticias.com\/v3\/#organization"},"alternateName":"CVI","potentialAction":[{"@type":"SearchAction","target":{"@type":"EntryPoint","urlTemplate":"https:\/\/cvinoticias.com\/v3\/?s={search_term_string}"},"query-input":{"@type":"PropertyValueSpecification","valueRequired":true,"valueName":"search_term_string"}}],"inLanguage":"es"},{"@type":"Organization","@id":"https:\/\/cvinoticias.com\/v3\/#organization","name":"CVI NOTICIAS","url":"https:\/\/cvinoticias.com\/v3\/","logo":{"@type":"ImageObject","inLanguage":"es","@id":"https:\/\/cvinoticias.com\/v3\/#\/schema\/logo\/image\/","url":"https:\/\/cvinoticias.com\/wp-content\/uploads\/2023\/04\/cropped-cropped-cropped-cropped-cropped-3-1.png","contentUrl":"https:\/\/cvinoticias.com\/wp-content\/uploads\/2023\/04\/cropped-cropped-cropped-cropped-cropped-3-1.png","width":95,"height":122,"caption":"CVI NOTICIAS"},"image":{"@id":"https:\/\/cvinoticias.com\/v3\/#\/schema\/logo\/image\/"},"sameAs":["https:\/\/www.facebook.com\/cvinoticias","https:\/\/www.instagram.com\/cvinoticias\/","https:\/\/www.youtube.com\/@CVINOTICIAS"]},{"@type":"Person","@id":"https:\/\/cvinoticias.com\/v3\/#\/schema\/person\/2db77e3c6bc03c538495d7b2b8be9b66","name":"f1000024","image":{"@type":"ImageObject","inLanguage":"es","@id":"https:\/\/secure.gravatar.com\/avatar\/d4fe7459cfc51ff5129ce1a732bbef5928568b8092d412ef95611616376bbeed?s=96&d=mm&r=g","url":"https:\/\/secure.gravatar.com\/avatar\/d4fe7459cfc51ff5129ce1a732bbef5928568b8092d412ef95611616376bbeed?s=96&d=mm&r=g","contentUrl":"https:\/\/secure.gravatar.com\/avatar\/d4fe7459cfc51ff5129ce1a732bbef5928568b8092d412ef95611616376bbeed?s=96&d=mm&r=g","caption":"f1000024"},"url":"https:\/\/cvinoticias.com\/v3\/author\/f1000024\/"}]}},"_links":{"self":[{"href":"https:\/\/cvinoticias.com\/v3\/wp-json\/wp\/v2\/posts\/62701","targetHints":{"allow":["GET"]}}],"collection":[{"href":"https:\/\/cvinoticias.com\/v3\/wp-json\/wp\/v2\/posts"}],"about":[{"href":"https:\/\/cvinoticias.com\/v3\/wp-json\/wp\/v2\/types\/post"}],"author":[{"embeddable":true,"href":"https:\/\/cvinoticias.com\/v3\/wp-json\/wp\/v2\/users\/2"}],"replies":[{"embeddable":true,"href":"https:\/\/cvinoticias.com\/v3\/wp-json\/wp\/v2\/comments?post=62701"}],"version-history":[{"count":1,"href":"https:\/\/cvinoticias.com\/v3\/wp-json\/wp\/v2\/posts\/62701\/revisions"}],"predecessor-version":[{"id":62703,"href":"https:\/\/cvinoticias.com\/v3\/wp-json\/wp\/v2\/posts\/62701\/revisions\/62703"}],"wp:featuredmedia":[{"embeddable":true,"href":"https:\/\/cvinoticias.com\/v3\/wp-json\/wp\/v2\/media\/62702"}],"wp:attachment":[{"href":"https:\/\/cvinoticias.com\/v3\/wp-json\/wp\/v2\/media?parent=62701"}],"wp:term":[{"taxonomy":"category","embeddable":true,"href":"https:\/\/cvinoticias.com\/v3\/wp-json\/wp\/v2\/categories?post=62701"},{"taxonomy":"post_tag","embeddable":true,"href":"https:\/\/cvinoticias.com\/v3\/wp-json\/wp\/v2\/tags?post=62701"}],"curies":[{"name":"wp","href":"https:\/\/api.w.org\/{rel}","templated":true}]}}