{"id":62698,"date":"2026-09-03T08:14:28","date_gmt":"2026-09-03T11:14:28","guid":{"rendered":"https:\/\/cvinoticias.com\/v3\/?p=62698"},"modified":"2026-09-03T08:14:29","modified_gmt":"2026-09-03T11:14:29","slug":"dia-mundial-de-la-higiene-por-que-se-conmemora-cada-3-de-septiembre","status":"publish","type":"post","link":"https:\/\/cvinoticias.com\/v3\/dia-mundial-de-la-higiene-por-que-se-conmemora-cada-3-de-septiembre\/","title":{"rendered":"D\u00eda Mundial de la Higiene: por qu\u00e9 se conmemora cada 3 de septiembre"},"content":{"rendered":"\n<p class=\"wp-block-paragraph\">Cada 3 de septiembre se conmemora el <strong>D\u00eda Mundial de la Higiene<\/strong>, una fecha destinada a generar conciencia sobre la importancia de los h\u00e1bitos de higiene como una herramienta fundamental para prevenir enfermedades y cuidar la salud individual y colectiva.<\/p>\n\n\n\n<p class=\"wp-block-paragraph\">La jornada busca recordar que la higiene no se limita al aseo personal. Tambi\u00e9n comprende la limpieza de los hogares y espacios comunes, la correcta manipulaci\u00f3n de los alimentos, el lavado de manos, el manejo adecuado de los residuos y el acceso a agua segura y saneamiento.<\/p>\n\n\n\n<h2 class=\"wp-block-heading\">\u00bfPor qu\u00e9 se celebra el D\u00eda Mundial de la Higiene?<\/h2>\n\n\n\n<p class=\"wp-block-paragraph\">La efem\u00e9ride tiene como principal objetivo promover pr\u00e1cticas cotidianas que ayuden a reducir la transmisi\u00f3n de microorganismos capaces de provocar distintas enfermedades.<\/p>\n\n\n\n<p class=\"wp-block-paragraph\">Entre las afecciones que pueden prevenirse mediante buenos h\u00e1bitos de higiene se encuentran las enfermedades diarreicas, algunas infecciones respiratorias, hepatitis, infecciones de la piel y otras enfermedades vinculadas con la contaminaci\u00f3n de alimentos, agua o superficies.<\/p>\n\n\n\n<p class=\"wp-block-paragraph\">Desde organismos sanitarios y educativos se destaca que acciones sencillas, como lavarse correctamente las manos con agua y jab\u00f3n, mantener limpios los espacios y manipular los alimentos de manera segura, pueden tener un impacto importante en la salud p\u00fablica.<\/p>\n\n\n\n<h2 class=\"wp-block-heading\">El origen de la higiene como herramienta de salud p\u00fablica<\/h2>\n\n\n\n<p class=\"wp-block-paragraph\">La importancia de la higiene comenz\u00f3 a tomar una dimensi\u00f3n cient\u00edfica especialmente durante el siglo XIX, cuando distintos investigadores y profesionales de la medicina empezaron a relacionar la limpieza, las infecciones y las condiciones sanitarias con la mortalidad.<\/p>\n\n\n\n<p class=\"wp-block-paragraph\">Uno de los antecedentes m\u00e1s conocidos es el del m\u00e9dico h\u00fangaro <strong>Ignaz Semmelweis<\/strong>, quien en la d\u00e9cada de 1840 observ\u00f3 que la mortalidad por fiebre puerperal en determinadas salas de maternidad pod\u00eda disminuir de manera considerable cuando los m\u00e9dicos se lavaban las manos antes de atender a las pacientes.<\/p>\n\n\n\n<p class=\"wp-block-paragraph\">Aunque sus conclusiones encontraron una fuerte resistencia en aquella \u00e9poca, sus observaciones se convirtieron posteriormente en un antecedente fundamental para el desarrollo de las pr\u00e1cticas de asepsia y control de infecciones.<\/p>\n\n\n\n<p class=\"wp-block-paragraph\">Durante las d\u00e9cadas siguientes, los avances de la microbiolog\u00eda y los trabajos de cient\u00edficos como <strong>Louis Pasteur<\/strong> permitieron comprender mejor el papel de los microorganismos en la transmisi\u00f3n de enfermedades. De esta manera, la higiene comenz\u00f3 a ocupar un lugar cada vez m\u00e1s importante dentro de las pol\u00edticas de salud p\u00fablica.<\/p>\n\n\n\n<h2 class=\"wp-block-heading\">De los hospitales a la vida cotidiana<\/h2>\n\n\n\n<p class=\"wp-block-paragraph\">Con el avance de la medicina y la salud p\u00fablica, las medidas de higiene dejaron de estar vinculadas exclusivamente con los hospitales y comenzaron a incorporarse en la vida cotidiana.<\/p>\n\n\n\n<p class=\"wp-block-paragraph\">El acceso al agua potable, los sistemas de saneamiento, la correcta eliminaci\u00f3n de residuos, la higiene de los alimentos y la limpieza de los espacios p\u00fablicos se transformaron progresivamente en elementos fundamentales para mejorar las condiciones de vida de las comunidades.<\/p>\n\n\n\n<p class=\"wp-block-paragraph\">La creaci\u00f3n de organismos internacionales de salud tambi\u00e9n permiti\u00f3 coordinar pol\u00edticas destinadas a prevenir enfermedades a escala global. La <strong>Organizaci\u00f3n Mundial de la Salud (OMS)<\/strong>, cuya Constituci\u00f3n entr\u00f3 en vigor en 1948, tuvo desde sus comienzos entre sus principales objetivos la protecci\u00f3n y promoci\u00f3n de la salud p\u00fablica.<\/p>\n\n\n\n<h2 class=\"wp-block-heading\">El lavado de manos, una medida sencilla y fundamental<\/h2>\n\n\n\n<p class=\"wp-block-paragraph\">Entre todos los h\u00e1bitos relacionados con la higiene, el lavado de manos ocupa un lugar central debido a su capacidad para reducir la propagaci\u00f3n de microorganismos.<\/p>\n\n\n\n<p class=\"wp-block-paragraph\">Se recomienda realizarlo con agua y jab\u00f3n, especialmente antes de preparar o consumir alimentos, despu\u00e9s de utilizar el ba\u00f1o, al regresar de lugares p\u00fablicos y luego de toser, estornudar o entrar en contacto con superficies potencialmente contaminadas.<\/p>\n\n\n\n<p class=\"wp-block-paragraph\">La importancia de esta pr\u00e1ctica qued\u00f3 especialmente instalada en la sociedad durante la pandemia de COVID-19, cuando el lavado frecuente de manos y otras medidas de higiene pasaron a formar parte de las principales recomendaciones sanitarias.<\/p>\n\n\n\n<h2 class=\"wp-block-heading\">No debe confundirse con el D\u00eda Mundial de la Higiene de las Manos<\/h2>\n\n\n\n<p class=\"wp-block-paragraph\">Si bien ambas fechas est\u00e1n relacionadas, no se trata de la misma efem\u00e9ride.<\/p>\n\n\n\n<p class=\"wp-block-paragraph\">El <strong>D\u00eda Mundial de la Higiene<\/strong>, que se recuerda cada 3 de septiembre, aborda la higiene desde una perspectiva amplia, incluyendo los h\u00e1bitos personales, la limpieza de los hogares, los alimentos y el ambiente.<\/p>\n\n\n\n<p class=\"wp-block-paragraph\">En cambio, el <strong>D\u00eda Mundial de la Higiene de las Manos<\/strong> se celebra cada 5 de mayo y fue impulsado por la OMS en 2009 como parte de su campa\u00f1a mundial para mejorar la higiene de manos, especialmente en los establecimientos de salud y como medida para prevenir infecciones asociadas a la atenci\u00f3n sanitaria.<\/p>\n\n\n\n<h2 class=\"wp-block-heading\">Una cuesti\u00f3n de salud individual y colectiva<\/h2>\n\n\n\n<p class=\"wp-block-paragraph\">La higiene tambi\u00e9n tiene una dimensi\u00f3n social. Mantener condiciones adecuadas de limpieza y saneamiento no depende \u00fanicamente de las decisiones individuales, sino tambi\u00e9n de la disponibilidad de agua segura, infraestructura sanitaria y condiciones ambientales adecuadas.<\/p>\n\n\n\n<p class=\"wp-block-paragraph\">Por ese motivo, el D\u00eda Mundial de la Higiene representa una oportunidad para recordar que la prevenci\u00f3n de enfermedades comienza muchas veces con acciones simples, pero tambi\u00e9n requiere pol\u00edticas p\u00fablicas que garanticen condiciones sanitarias adecuadas para toda la poblaci\u00f3n.<\/p>\n\n\n\n<p class=\"wp-block-paragraph\">A m\u00e1s de un siglo de los primeros grandes avances de la higiene moderna, la efem\u00e9ride mantiene vigente un mensaje central: <strong>la prevenci\u00f3n tambi\u00e9n comienza con los h\u00e1bitos cotidianos<\/strong>.<\/p>\n\n\n\n<p class=\"wp-block-paragraph\"><\/p>\n","protected":false},"excerpt":{"rendered":"<p>Cada 3 de septiembre se conmemora el D\u00eda Mundial de la Higiene, una fecha destinada a generar conciencia sobre la importancia de los h\u00e1bitos de higiene como una herramienta fundamental para prevenir enfermedades y cuidar la salud individual y colectiva. La jornada busca recordar que la higiene no se limita al aseo personal. Tambi\u00e9n comprende [&hellip;]<\/p>\n","protected":false},"author":2,"featured_media":62699,"comment_status":"open","ping_status":"closed","sticky":false,"template":"","format":"standard","meta":{"footnotes":""},"categories":[442],"tags":[554,4396,3206],"class_list":["post-62698","post","type-post","status-publish","format-standard","has-post-thumbnail","hentry","category-efemerides-2","tag-dia","tag-higiene","tag-mundial"],"yoast_head":"<!-- This site is optimized with the Yoast SEO plugin v28.4 - https:\/\/yoast.com\/product\/yoast-seo-wordpress\/ -->\n<title>D\u00eda Mundial de la Higiene: por qu\u00e9 se conmemora | CVI NOTICIAS<\/title>\n<meta name=\"description\" content=\"Cada 3 de septiembre se conmemora el D\u00eda Mundial de la Higiene para promover h\u00e1bitos que previenen enfermedades.\" \/>\n<meta name=\"robots\" content=\"index, follow, max-snippet:-1, max-image-preview:large, max-video-preview:-1\" \/>\n<link rel=\"canonical\" href=\"https:\/\/cvinoticias.com\/v3\/dia-mundial-de-la-higiene-por-que-se-conmemora-cada-3-de-septiembre\/\" \/>\n<meta property=\"og:locale\" content=\"es_ES\" \/>\n<meta property=\"og:type\" content=\"article\" \/>\n<meta property=\"og:title\" content=\"D\u00eda Mundial de la Higiene: por qu\u00e9 se conmemora | CVI NOTICIAS\" \/>\n<meta property=\"og:description\" content=\"Cada 3 de septiembre se conmemora el D\u00eda Mundial de la Higiene para promover h\u00e1bitos que previenen enfermedades.\" \/>\n<meta property=\"og:url\" content=\"https:\/\/cvinoticias.com\/v3\/dia-mundial-de-la-higiene-por-que-se-conmemora-cada-3-de-septiembre\/\" \/>\n<meta property=\"og:site_name\" content=\"CVI NOTICIAS\" \/>\n<meta property=\"article:publisher\" content=\"https:\/\/www.facebook.com\/cvinoticias\" \/>\n<meta property=\"article:published_time\" content=\"2026-09-03T11:14:28+00:00\" \/>\n<meta property=\"article:modified_time\" content=\"2026-09-03T11:14:29+00:00\" \/>\n<meta property=\"og:image\" content=\"https:\/\/cvinoticias.com\/wp-content\/uploads\/2026\/09\/lavado-de-manos.jpg\" \/>\n\t<meta property=\"og:image:width\" content=\"1920\" \/>\n\t<meta property=\"og:image:height\" content=\"1105\" \/>\n\t<meta property=\"og:image:type\" content=\"image\/jpeg\" \/>\n<meta name=\"author\" content=\"f1000024\" \/>\n<meta name=\"twitter:card\" content=\"summary_large_image\" \/>\n<meta name=\"twitter:label1\" content=\"Escrito por\" \/>\n\t<meta name=\"twitter:data1\" content=\"f1000024\" \/>\n\t<meta name=\"twitter:label2\" content=\"Tiempo de lectura\" \/>\n\t<meta name=\"twitter:data2\" content=\"5 minutos\" \/>\n<script type=\"application\/ld+json\" class=\"yoast-schema-graph\">{\"@context\":\"https:\\\/\\\/schema.org\",\"@graph\":[{\"@type\":\"Article\",\"@id\":\"https:\\\/\\\/cvinoticias.com\\\/v3\\\/dia-mundial-de-la-higiene-por-que-se-conmemora-cada-3-de-septiembre\\\/#article\",\"isPartOf\":{\"@id\":\"https:\\\/\\\/cvinoticias.com\\\/v3\\\/dia-mundial-de-la-higiene-por-que-se-conmemora-cada-3-de-septiembre\\\/\"},\"author\":{\"name\":\"f1000024\",\"@id\":\"https:\\\/\\\/cvinoticias.com\\\/v3\\\/#\\\/schema\\\/person\\\/2db77e3c6bc03c538495d7b2b8be9b66\"},\"headline\":\"D\u00eda Mundial de la Higiene: por qu\u00e9 se conmemora cada 3 de septiembre\",\"datePublished\":\"2026-09-03T11:14:28+00:00\",\"dateModified\":\"2026-09-03T11:14:29+00:00\",\"mainEntityOfPage\":{\"@id\":\"https:\\\/\\\/cvinoticias.com\\\/v3\\\/dia-mundial-de-la-higiene-por-que-se-conmemora-cada-3-de-septiembre\\\/\"},\"wordCount\":908,\"commentCount\":0,\"publisher\":{\"@id\":\"https:\\\/\\\/cvinoticias.com\\\/v3\\\/#organization\"},\"image\":{\"@id\":\"https:\\\/\\\/cvinoticias.com\\\/v3\\\/dia-mundial-de-la-higiene-por-que-se-conmemora-cada-3-de-septiembre\\\/#primaryimage\"},\"thumbnailUrl\":\"https:\\\/\\\/cvinoticias.com\\\/wp-content\\\/uploads\\\/2026\\\/09\\\/lavado-de-manos.jpg\",\"keywords\":[\"D\u00eda\",\"Higiene\",\"Mundial\"],\"articleSection\":[\"EFEMERIDES\"],\"inLanguage\":\"es\",\"potentialAction\":[{\"@type\":\"CommentAction\",\"name\":\"Comment\",\"target\":[\"https:\\\/\\\/cvinoticias.com\\\/v3\\\/dia-mundial-de-la-higiene-por-que-se-conmemora-cada-3-de-septiembre\\\/#respond\"]}]},{\"@type\":\"WebPage\",\"@id\":\"https:\\\/\\\/cvinoticias.com\\\/v3\\\/dia-mundial-de-la-higiene-por-que-se-conmemora-cada-3-de-septiembre\\\/\",\"url\":\"https:\\\/\\\/cvinoticias.com\\\/v3\\\/dia-mundial-de-la-higiene-por-que-se-conmemora-cada-3-de-septiembre\\\/\",\"name\":\"D\u00eda Mundial de la Higiene: por qu\u00e9 se conmemora | CVI NOTICIAS\",\"isPartOf\":{\"@id\":\"https:\\\/\\\/cvinoticias.com\\\/v3\\\/#website\"},\"primaryImageOfPage\":{\"@id\":\"https:\\\/\\\/cvinoticias.com\\\/v3\\\/dia-mundial-de-la-higiene-por-que-se-conmemora-cada-3-de-septiembre\\\/#primaryimage\"},\"image\":{\"@id\":\"https:\\\/\\\/cvinoticias.com\\\/v3\\\/dia-mundial-de-la-higiene-por-que-se-conmemora-cada-3-de-septiembre\\\/#primaryimage\"},\"thumbnailUrl\":\"https:\\\/\\\/cvinoticias.com\\\/wp-content\\\/uploads\\\/2026\\\/09\\\/lavado-de-manos.jpg\",\"datePublished\":\"2026-09-03T11:14:28+00:00\",\"dateModified\":\"2026-09-03T11:14:29+00:00\",\"description\":\"Cada 3 de septiembre se conmemora el D\u00eda Mundial de la Higiene para promover h\u00e1bitos que previenen enfermedades.\",\"breadcrumb\":{\"@id\":\"https:\\\/\\\/cvinoticias.com\\\/v3\\\/dia-mundial-de-la-higiene-por-que-se-conmemora-cada-3-de-septiembre\\\/#breadcrumb\"},\"inLanguage\":\"es\",\"potentialAction\":[{\"@type\":\"ReadAction\",\"target\":[\"https:\\\/\\\/cvinoticias.com\\\/v3\\\/dia-mundial-de-la-higiene-por-que-se-conmemora-cada-3-de-septiembre\\\/\"]}]},{\"@type\":\"ImageObject\",\"inLanguage\":\"es\",\"@id\":\"https:\\\/\\\/cvinoticias.com\\\/v3\\\/dia-mundial-de-la-higiene-por-que-se-conmemora-cada-3-de-septiembre\\\/#primaryimage\",\"url\":\"https:\\\/\\\/cvinoticias.com\\\/wp-content\\\/uploads\\\/2026\\\/09\\\/lavado-de-manos.jpg\",\"contentUrl\":\"https:\\\/\\\/cvinoticias.com\\\/wp-content\\\/uploads\\\/2026\\\/09\\\/lavado-de-manos.jpg\",\"width\":1920,\"height\":1105},{\"@type\":\"BreadcrumbList\",\"@id\":\"https:\\\/\\\/cvinoticias.com\\\/v3\\\/dia-mundial-de-la-higiene-por-que-se-conmemora-cada-3-de-septiembre\\\/#breadcrumb\",\"itemListElement\":[{\"@type\":\"ListItem\",\"position\":1,\"name\":\"Portada\",\"item\":\"https:\\\/\\\/cvinoticias.com\\\/v3\\\/\"},{\"@type\":\"ListItem\",\"position\":2,\"name\":\"D\u00eda Mundial de la Higiene: por qu\u00e9 se conmemora cada 3 de septiembre\"}]},{\"@type\":\"WebSite\",\"@id\":\"https:\\\/\\\/cvinoticias.com\\\/v3\\\/#website\",\"url\":\"https:\\\/\\\/cvinoticias.com\\\/v3\\\/\",\"name\":\"CVI NOTICIAS\",\"description\":\"\",\"publisher\":{\"@id\":\"https:\\\/\\\/cvinoticias.com\\\/v3\\\/#organization\"},\"alternateName\":\"CVI\",\"potentialAction\":[{\"@type\":\"SearchAction\",\"target\":{\"@type\":\"EntryPoint\",\"urlTemplate\":\"https:\\\/\\\/cvinoticias.com\\\/v3\\\/?s={search_term_string}\"},\"query-input\":{\"@type\":\"PropertyValueSpecification\",\"valueRequired\":true,\"valueName\":\"search_term_string\"}}],\"inLanguage\":\"es\"},{\"@type\":\"Organization\",\"@id\":\"https:\\\/\\\/cvinoticias.com\\\/v3\\\/#organization\",\"name\":\"CVI NOTICIAS\",\"url\":\"https:\\\/\\\/cvinoticias.com\\\/v3\\\/\",\"logo\":{\"@type\":\"ImageObject\",\"inLanguage\":\"es\",\"@id\":\"https:\\\/\\\/cvinoticias.com\\\/v3\\\/#\\\/schema\\\/logo\\\/image\\\/\",\"url\":\"https:\\\/\\\/cvinoticias.com\\\/wp-content\\\/uploads\\\/2023\\\/04\\\/cropped-cropped-cropped-cropped-cropped-3-1.png\",\"contentUrl\":\"https:\\\/\\\/cvinoticias.com\\\/wp-content\\\/uploads\\\/2023\\\/04\\\/cropped-cropped-cropped-cropped-cropped-3-1.png\",\"width\":95,\"height\":122,\"caption\":\"CVI NOTICIAS\"},\"image\":{\"@id\":\"https:\\\/\\\/cvinoticias.com\\\/v3\\\/#\\\/schema\\\/logo\\\/image\\\/\"},\"sameAs\":[\"https:\\\/\\\/www.facebook.com\\\/cvinoticias\",\"https:\\\/\\\/www.instagram.com\\\/cvinoticias\\\/\",\"https:\\\/\\\/www.youtube.com\\\/@CVINOTICIAS\"]},{\"@type\":\"Person\",\"@id\":\"https:\\\/\\\/cvinoticias.com\\\/v3\\\/#\\\/schema\\\/person\\\/2db77e3c6bc03c538495d7b2b8be9b66\",\"name\":\"f1000024\",\"image\":{\"@type\":\"ImageObject\",\"inLanguage\":\"es\",\"@id\":\"https:\\\/\\\/secure.gravatar.com\\\/avatar\\\/d4fe7459cfc51ff5129ce1a732bbef5928568b8092d412ef95611616376bbeed?s=96&d=mm&r=g\",\"url\":\"https:\\\/\\\/secure.gravatar.com\\\/avatar\\\/d4fe7459cfc51ff5129ce1a732bbef5928568b8092d412ef95611616376bbeed?s=96&d=mm&r=g\",\"contentUrl\":\"https:\\\/\\\/secure.gravatar.com\\\/avatar\\\/d4fe7459cfc51ff5129ce1a732bbef5928568b8092d412ef95611616376bbeed?s=96&d=mm&r=g\",\"caption\":\"f1000024\"},\"url\":\"https:\\\/\\\/cvinoticias.com\\\/v3\\\/author\\\/f1000024\\\/\"}]}<\/script>\n<!-- \/ Yoast SEO plugin. -->","yoast_head_json":{"title":"D\u00eda Mundial de la Higiene: por qu\u00e9 se conmemora | CVI NOTICIAS","description":"Cada 3 de septiembre se conmemora el D\u00eda Mundial de la Higiene para promover h\u00e1bitos que previenen enfermedades.","robots":{"index":"index","follow":"follow","max-snippet":"max-snippet:-1","max-image-preview":"max-image-preview:large","max-video-preview":"max-video-preview:-1"},"canonical":"https:\/\/cvinoticias.com\/v3\/dia-mundial-de-la-higiene-por-que-se-conmemora-cada-3-de-septiembre\/","og_locale":"es_ES","og_type":"article","og_title":"D\u00eda Mundial de la Higiene: por qu\u00e9 se conmemora | CVI NOTICIAS","og_description":"Cada 3 de septiembre se conmemora el D\u00eda Mundial de la Higiene para promover h\u00e1bitos que previenen enfermedades.","og_url":"https:\/\/cvinoticias.com\/v3\/dia-mundial-de-la-higiene-por-que-se-conmemora-cada-3-de-septiembre\/","og_site_name":"CVI NOTICIAS","article_publisher":"https:\/\/www.facebook.com\/cvinoticias","article_published_time":"2026-09-03T11:14:28+00:00","article_modified_time":"2026-09-03T11:14:29+00:00","og_image":[{"width":1920,"height":1105,"url":"https:\/\/cvinoticias.com\/wp-content\/uploads\/2026\/09\/lavado-de-manos.jpg","type":"image\/jpeg"}],"author":"f1000024","twitter_card":"summary_large_image","twitter_misc":{"Escrito por":"f1000024","Tiempo de lectura":"5 minutos"},"schema":{"@context":"https:\/\/schema.org","@graph":[{"@type":"Article","@id":"https:\/\/cvinoticias.com\/v3\/dia-mundial-de-la-higiene-por-que-se-conmemora-cada-3-de-septiembre\/#article","isPartOf":{"@id":"https:\/\/cvinoticias.com\/v3\/dia-mundial-de-la-higiene-por-que-se-conmemora-cada-3-de-septiembre\/"},"author":{"name":"f1000024","@id":"https:\/\/cvinoticias.com\/v3\/#\/schema\/person\/2db77e3c6bc03c538495d7b2b8be9b66"},"headline":"D\u00eda Mundial de la Higiene: por qu\u00e9 se conmemora cada 3 de septiembre","datePublished":"2026-09-03T11:14:28+00:00","dateModified":"2026-09-03T11:14:29+00:00","mainEntityOfPage":{"@id":"https:\/\/cvinoticias.com\/v3\/dia-mundial-de-la-higiene-por-que-se-conmemora-cada-3-de-septiembre\/"},"wordCount":908,"commentCount":0,"publisher":{"@id":"https:\/\/cvinoticias.com\/v3\/#organization"},"image":{"@id":"https:\/\/cvinoticias.com\/v3\/dia-mundial-de-la-higiene-por-que-se-conmemora-cada-3-de-septiembre\/#primaryimage"},"thumbnailUrl":"https:\/\/cvinoticias.com\/wp-content\/uploads\/2026\/09\/lavado-de-manos.jpg","keywords":["D\u00eda","Higiene","Mundial"],"articleSection":["EFEMERIDES"],"inLanguage":"es","potentialAction":[{"@type":"CommentAction","name":"Comment","target":["https:\/\/cvinoticias.com\/v3\/dia-mundial-de-la-higiene-por-que-se-conmemora-cada-3-de-septiembre\/#respond"]}]},{"@type":"WebPage","@id":"https:\/\/cvinoticias.com\/v3\/dia-mundial-de-la-higiene-por-que-se-conmemora-cada-3-de-septiembre\/","url":"https:\/\/cvinoticias.com\/v3\/dia-mundial-de-la-higiene-por-que-se-conmemora-cada-3-de-septiembre\/","name":"D\u00eda Mundial de la Higiene: por qu\u00e9 se conmemora | CVI NOTICIAS","isPartOf":{"@id":"https:\/\/cvinoticias.com\/v3\/#website"},"primaryImageOfPage":{"@id":"https:\/\/cvinoticias.com\/v3\/dia-mundial-de-la-higiene-por-que-se-conmemora-cada-3-de-septiembre\/#primaryimage"},"image":{"@id":"https:\/\/cvinoticias.com\/v3\/dia-mundial-de-la-higiene-por-que-se-conmemora-cada-3-de-septiembre\/#primaryimage"},"thumbnailUrl":"https:\/\/cvinoticias.com\/wp-content\/uploads\/2026\/09\/lavado-de-manos.jpg","datePublished":"2026-09-03T11:14:28+00:00","dateModified":"2026-09-03T11:14:29+00:00","description":"Cada 3 de septiembre se conmemora el D\u00eda Mundial de la Higiene para promover h\u00e1bitos que previenen enfermedades.","breadcrumb":{"@id":"https:\/\/cvinoticias.com\/v3\/dia-mundial-de-la-higiene-por-que-se-conmemora-cada-3-de-septiembre\/#breadcrumb"},"inLanguage":"es","potentialAction":[{"@type":"ReadAction","target":["https:\/\/cvinoticias.com\/v3\/dia-mundial-de-la-higiene-por-que-se-conmemora-cada-3-de-septiembre\/"]}]},{"@type":"ImageObject","inLanguage":"es","@id":"https:\/\/cvinoticias.com\/v3\/dia-mundial-de-la-higiene-por-que-se-conmemora-cada-3-de-septiembre\/#primaryimage","url":"https:\/\/cvinoticias.com\/wp-content\/uploads\/2026\/09\/lavado-de-manos.jpg","contentUrl":"https:\/\/cvinoticias.com\/wp-content\/uploads\/2026\/09\/lavado-de-manos.jpg","width":1920,"height":1105},{"@type":"BreadcrumbList","@id":"https:\/\/cvinoticias.com\/v3\/dia-mundial-de-la-higiene-por-que-se-conmemora-cada-3-de-septiembre\/#breadcrumb","itemListElement":[{"@type":"ListItem","position":1,"name":"Portada","item":"https:\/\/cvinoticias.com\/v3\/"},{"@type":"ListItem","position":2,"name":"D\u00eda Mundial de la Higiene: por qu\u00e9 se conmemora cada 3 de septiembre"}]},{"@type":"WebSite","@id":"https:\/\/cvinoticias.com\/v3\/#website","url":"https:\/\/cvinoticias.com\/v3\/","name":"CVI NOTICIAS","description":"","publisher":{"@id":"https:\/\/cvinoticias.com\/v3\/#organization"},"alternateName":"CVI","potentialAction":[{"@type":"SearchAction","target":{"@type":"EntryPoint","urlTemplate":"https:\/\/cvinoticias.com\/v3\/?s={search_term_string}"},"query-input":{"@type":"PropertyValueSpecification","valueRequired":true,"valueName":"search_term_string"}}],"inLanguage":"es"},{"@type":"Organization","@id":"https:\/\/cvinoticias.com\/v3\/#organization","name":"CVI NOTICIAS","url":"https:\/\/cvinoticias.com\/v3\/","logo":{"@type":"ImageObject","inLanguage":"es","@id":"https:\/\/cvinoticias.com\/v3\/#\/schema\/logo\/image\/","url":"https:\/\/cvinoticias.com\/wp-content\/uploads\/2023\/04\/cropped-cropped-cropped-cropped-cropped-3-1.png","contentUrl":"https:\/\/cvinoticias.com\/wp-content\/uploads\/2023\/04\/cropped-cropped-cropped-cropped-cropped-3-1.png","width":95,"height":122,"caption":"CVI NOTICIAS"},"image":{"@id":"https:\/\/cvinoticias.com\/v3\/#\/schema\/logo\/image\/"},"sameAs":["https:\/\/www.facebook.com\/cvinoticias","https:\/\/www.instagram.com\/cvinoticias\/","https:\/\/www.youtube.com\/@CVINOTICIAS"]},{"@type":"Person","@id":"https:\/\/cvinoticias.com\/v3\/#\/schema\/person\/2db77e3c6bc03c538495d7b2b8be9b66","name":"f1000024","image":{"@type":"ImageObject","inLanguage":"es","@id":"https:\/\/secure.gravatar.com\/avatar\/d4fe7459cfc51ff5129ce1a732bbef5928568b8092d412ef95611616376bbeed?s=96&d=mm&r=g","url":"https:\/\/secure.gravatar.com\/avatar\/d4fe7459cfc51ff5129ce1a732bbef5928568b8092d412ef95611616376bbeed?s=96&d=mm&r=g","contentUrl":"https:\/\/secure.gravatar.com\/avatar\/d4fe7459cfc51ff5129ce1a732bbef5928568b8092d412ef95611616376bbeed?s=96&d=mm&r=g","caption":"f1000024"},"url":"https:\/\/cvinoticias.com\/v3\/author\/f1000024\/"}]}},"_links":{"self":[{"href":"https:\/\/cvinoticias.com\/v3\/wp-json\/wp\/v2\/posts\/62698","targetHints":{"allow":["GET"]}}],"collection":[{"href":"https:\/\/cvinoticias.com\/v3\/wp-json\/wp\/v2\/posts"}],"about":[{"href":"https:\/\/cvinoticias.com\/v3\/wp-json\/wp\/v2\/types\/post"}],"author":[{"embeddable":true,"href":"https:\/\/cvinoticias.com\/v3\/wp-json\/wp\/v2\/users\/2"}],"replies":[{"embeddable":true,"href":"https:\/\/cvinoticias.com\/v3\/wp-json\/wp\/v2\/comments?post=62698"}],"version-history":[{"count":1,"href":"https:\/\/cvinoticias.com\/v3\/wp-json\/wp\/v2\/posts\/62698\/revisions"}],"predecessor-version":[{"id":62700,"href":"https:\/\/cvinoticias.com\/v3\/wp-json\/wp\/v2\/posts\/62698\/revisions\/62700"}],"wp:featuredmedia":[{"embeddable":true,"href":"https:\/\/cvinoticias.com\/v3\/wp-json\/wp\/v2\/media\/62699"}],"wp:attachment":[{"href":"https:\/\/cvinoticias.com\/v3\/wp-json\/wp\/v2\/media?parent=62698"}],"wp:term":[{"taxonomy":"category","embeddable":true,"href":"https:\/\/cvinoticias.com\/v3\/wp-json\/wp\/v2\/categories?post=62698"},{"taxonomy":"post_tag","embeddable":true,"href":"https:\/\/cvinoticias.com\/v3\/wp-json\/wp\/v2\/tags?post=62698"}],"curies":[{"name":"wp","href":"https:\/\/api.w.org\/{rel}","templated":true}]}}