{"id":62692,"date":"2026-09-02T09:27:01","date_gmt":"2026-09-02T12:27:01","guid":{"rendered":"https:\/\/cvinoticias.com\/v3\/?p=62692"},"modified":"2026-09-02T09:27:03","modified_gmt":"2026-09-02T12:27:03","slug":"productores-y-tareferos-llevan-a-diputados-la-ley-de-emergencia-yerbatera","status":"publish","type":"post","link":"https:\/\/cvinoticias.com\/v3\/productores-y-tareferos-llevan-a-diputados-la-ley-de-emergencia-yerbatera\/","title":{"rendered":"Productores y tareferos llevan a Diputados la Ley de Emergencia Yerbatera"},"content":{"rendered":"\n<p class=\"wp-block-paragraph\">Productores y tareferos de distintos puntos de Misiones presentar\u00e1n ma\u00f1ana, mi\u00e9rcoles 2 de septiembre, el proyecto denominado \u201cLey de Emergencia para la Continuidad de la Producci\u00f3n Primaria Yerbatera\u201d ante la C\u00e1mara de Diputados, en Posadas.<\/p>\n\n\n\n<p class=\"wp-block-paragraph\">Los trabajadores de la yerba mate ser\u00e1n recibidos por la diputada Arabela Soler a las 10 horas en el Poder Legislativo, oportunidad en la que se formalizar\u00e1 el ingreso de la propuesta al Parlamento misionero.<\/p>\n\n\n\n<h2 class=\"wp-block-heading\">La Iniciativa<\/h2>\n\n\n\n<p class=\"wp-block-paragraph\">La iniciativa es impulsada por los propios productores y fue elaborada por su asesor jur\u00eddico, el abogado Federico Padolsky. Fue socializada en la reuni\u00f3n que mantuvieron con el gobernador Hugo Passalacqua el 30 de julio pasado, de quien recibieron respaldo.<\/p>\n\n\n\n<p class=\"wp-block-paragraph\">El documento surge como una respuesta institucional ante la grave crisis que atraviesa la principal econom\u00eda regional de la provincia. Su fundamentaci\u00f3n t\u00e9cnica, jur\u00eddica y econ\u00f3mica detalla el impacto negativo del DNU 70\/23 del Gobierno nacional, el cual quit\u00f3 al Instituto Nacional de la Yerba Mate (INYM) la facultad de regular los precios de la materia prima.<\/p>\n\n\n\n<p class=\"wp-block-paragraph\">Frente al debilitamiento del organismo nacional, el texto advierte que Misiones conserva las competencias constitucionales para promover la producci\u00f3n, el desarrollo regional, la protecci\u00f3n del trabajo rural y la defensa del inter\u00e9s p\u00fablico.<\/p>\n\n\n\n<p class=\"wp-block-paragraph\">Los ejes del proyecto: control, sanciones y rentabilidad<\/p>\n\n\n\n<p class=\"wp-block-paragraph\">La normativa propuesta faculta al Ejecutivo provincial a fijar un precio m\u00ednimo obligatorio para la hoja verde que cubra los costos de producci\u00f3n eficiente, las cargas laborales, previsionales y fiscales, garantizando, adem\u00e1s, un margen de ganancia para los productores.<\/p>\n\n\n\n<p class=\"wp-block-paragraph\">\u201cNo se trata de fijar un precio \u00fanico ni de impedir la libre negociaci\u00f3n por encima del m\u00ednimo establecido, sino de asegurar un piso jur\u00eddico indispensable para evitar la desaparici\u00f3n de miles de explotaciones familiares\u201d, detalla el escrito.<\/p>\n\n\n\n<p class=\"wp-block-paragraph\">Para garantizar su cumplimiento, la ley incorpora herramientas de fiscalizaci\u00f3n, regularizaci\u00f3n de operaciones y sanciones administrativas. Todo lo recaudado por multas se destinar\u00e1 exclusivamente al fortalecimiento de los controles y a la asistencia t\u00e9cnica del sector.<\/p>\n\n\n\n<p class=\"wp-block-paragraph\">Fuente: Economis<\/p>\n","protected":false},"excerpt":{"rendered":"<p>Productores y tareferos de distintos puntos de Misiones presentar\u00e1n ma\u00f1ana, mi\u00e9rcoles 2 de septiembre, el proyecto denominado \u201cLey de Emergencia para la Continuidad de la Producci\u00f3n Primaria Yerbatera\u201d ante la C\u00e1mara de Diputados, en Posadas. Los trabajadores de la yerba mate ser\u00e1n recibidos por la diputada Arabela Soler a las 10 horas en el Poder [&hellip;]<\/p>\n","protected":false},"author":2,"featured_media":62693,"comment_status":"open","ping_status":"closed","sticky":false,"template":"","format":"standard","meta":{"footnotes":""},"categories":[32],"tags":[141,3531,108,1007,4973],"class_list":["post-62692","post","type-post","status-publish","format-standard","has-post-thumbnail","hentry","category-economia","tag-diputados","tag-emergencia","tag-ley","tag-productores","tag-yerbatera"],"yoast_head":"<!-- This site is optimized with the Yoast SEO plugin v28.4 - https:\/\/yoast.com\/product\/yoast-seo-wordpress\/ -->\n<title>Productores llevan a Diputados la Ley de Emergencia Yerbatera | CVI NOTICIAS<\/title>\n<meta name=\"description\" content=\"Productores y tareferos presentar\u00e1n en Diputados un proyecto para afrontar la crisis yerbatera y garantizar un precio m\u00ednimo.\" \/>\n<meta name=\"robots\" content=\"index, follow, max-snippet:-1, max-image-preview:large, max-video-preview:-1\" \/>\n<link rel=\"canonical\" href=\"https:\/\/cvinoticias.com\/v3\/productores-y-tareferos-llevan-a-diputados-la-ley-de-emergencia-yerbatera\/\" \/>\n<meta property=\"og:locale\" content=\"es_ES\" \/>\n<meta property=\"og:type\" content=\"article\" \/>\n<meta property=\"og:title\" content=\"Productores llevan a Diputados la Ley de Emergencia Yerbatera | CVI NOTICIAS\" \/>\n<meta property=\"og:description\" content=\"Productores y tareferos presentar\u00e1n en Diputados un proyecto para afrontar la crisis yerbatera y garantizar un precio m\u00ednimo.\" \/>\n<meta property=\"og:url\" content=\"https:\/\/cvinoticias.com\/v3\/productores-y-tareferos-llevan-a-diputados-la-ley-de-emergencia-yerbatera\/\" \/>\n<meta property=\"og:site_name\" content=\"CVI NOTICIAS\" \/>\n<meta property=\"article:publisher\" content=\"https:\/\/www.facebook.com\/cvinoticias\" \/>\n<meta property=\"article:published_time\" content=\"2026-09-02T12:27:01+00:00\" \/>\n<meta property=\"article:modified_time\" content=\"2026-09-02T12:27:03+00:00\" \/>\n<meta property=\"og:image\" content=\"https:\/\/cvinoticias.com\/wp-content\/uploads\/2026\/09\/camara-2.webp\" \/>\n\t<meta property=\"og:image:width\" content=\"960\" \/>\n\t<meta property=\"og:image:height\" content=\"543\" \/>\n\t<meta property=\"og:image:type\" content=\"image\/webp\" \/>\n<meta name=\"author\" content=\"f1000024\" \/>\n<meta name=\"twitter:card\" content=\"summary_large_image\" \/>\n<meta name=\"twitter:label1\" content=\"Escrito por\" \/>\n\t<meta name=\"twitter:data1\" content=\"f1000024\" \/>\n\t<meta name=\"twitter:label2\" content=\"Tiempo de lectura\" \/>\n\t<meta name=\"twitter:data2\" content=\"2 minutos\" \/>\n<script type=\"application\/ld+json\" class=\"yoast-schema-graph\">{\"@context\":\"https:\\\/\\\/schema.org\",\"@graph\":[{\"@type\":\"Article\",\"@id\":\"https:\\\/\\\/cvinoticias.com\\\/v3\\\/productores-y-tareferos-llevan-a-diputados-la-ley-de-emergencia-yerbatera\\\/#article\",\"isPartOf\":{\"@id\":\"https:\\\/\\\/cvinoticias.com\\\/v3\\\/productores-y-tareferos-llevan-a-diputados-la-ley-de-emergencia-yerbatera\\\/\"},\"author\":{\"name\":\"f1000024\",\"@id\":\"https:\\\/\\\/cvinoticias.com\\\/v3\\\/#\\\/schema\\\/person\\\/2db77e3c6bc03c538495d7b2b8be9b66\"},\"headline\":\"Productores y tareferos llevan a Diputados la Ley de Emergencia Yerbatera\",\"datePublished\":\"2026-09-02T12:27:01+00:00\",\"dateModified\":\"2026-09-02T12:27:03+00:00\",\"mainEntityOfPage\":{\"@id\":\"https:\\\/\\\/cvinoticias.com\\\/v3\\\/productores-y-tareferos-llevan-a-diputados-la-ley-de-emergencia-yerbatera\\\/\"},\"wordCount\":359,\"commentCount\":0,\"publisher\":{\"@id\":\"https:\\\/\\\/cvinoticias.com\\\/v3\\\/#organization\"},\"image\":{\"@id\":\"https:\\\/\\\/cvinoticias.com\\\/v3\\\/productores-y-tareferos-llevan-a-diputados-la-ley-de-emergencia-yerbatera\\\/#primaryimage\"},\"thumbnailUrl\":\"https:\\\/\\\/cvinoticias.com\\\/wp-content\\\/uploads\\\/2026\\\/09\\\/camara-2.webp\",\"keywords\":[\"diputados\",\"emergencia\",\"ley\",\"Productores\",\"yerbatera\"],\"articleSection\":[\"Econom\u00eda\"],\"inLanguage\":\"es\",\"potentialAction\":[{\"@type\":\"CommentAction\",\"name\":\"Comment\",\"target\":[\"https:\\\/\\\/cvinoticias.com\\\/v3\\\/productores-y-tareferos-llevan-a-diputados-la-ley-de-emergencia-yerbatera\\\/#respond\"]}]},{\"@type\":\"WebPage\",\"@id\":\"https:\\\/\\\/cvinoticias.com\\\/v3\\\/productores-y-tareferos-llevan-a-diputados-la-ley-de-emergencia-yerbatera\\\/\",\"url\":\"https:\\\/\\\/cvinoticias.com\\\/v3\\\/productores-y-tareferos-llevan-a-diputados-la-ley-de-emergencia-yerbatera\\\/\",\"name\":\"Productores llevan a Diputados la Ley de Emergencia Yerbatera | CVI NOTICIAS\",\"isPartOf\":{\"@id\":\"https:\\\/\\\/cvinoticias.com\\\/v3\\\/#website\"},\"primaryImageOfPage\":{\"@id\":\"https:\\\/\\\/cvinoticias.com\\\/v3\\\/productores-y-tareferos-llevan-a-diputados-la-ley-de-emergencia-yerbatera\\\/#primaryimage\"},\"image\":{\"@id\":\"https:\\\/\\\/cvinoticias.com\\\/v3\\\/productores-y-tareferos-llevan-a-diputados-la-ley-de-emergencia-yerbatera\\\/#primaryimage\"},\"thumbnailUrl\":\"https:\\\/\\\/cvinoticias.com\\\/wp-content\\\/uploads\\\/2026\\\/09\\\/camara-2.webp\",\"datePublished\":\"2026-09-02T12:27:01+00:00\",\"dateModified\":\"2026-09-02T12:27:03+00:00\",\"description\":\"Productores y tareferos presentar\u00e1n en Diputados un proyecto para afrontar la crisis yerbatera y garantizar un precio m\u00ednimo.\",\"breadcrumb\":{\"@id\":\"https:\\\/\\\/cvinoticias.com\\\/v3\\\/productores-y-tareferos-llevan-a-diputados-la-ley-de-emergencia-yerbatera\\\/#breadcrumb\"},\"inLanguage\":\"es\",\"potentialAction\":[{\"@type\":\"ReadAction\",\"target\":[\"https:\\\/\\\/cvinoticias.com\\\/v3\\\/productores-y-tareferos-llevan-a-diputados-la-ley-de-emergencia-yerbatera\\\/\"]}]},{\"@type\":\"ImageObject\",\"inLanguage\":\"es\",\"@id\":\"https:\\\/\\\/cvinoticias.com\\\/v3\\\/productores-y-tareferos-llevan-a-diputados-la-ley-de-emergencia-yerbatera\\\/#primaryimage\",\"url\":\"https:\\\/\\\/cvinoticias.com\\\/wp-content\\\/uploads\\\/2026\\\/09\\\/camara-2.webp\",\"contentUrl\":\"https:\\\/\\\/cvinoticias.com\\\/wp-content\\\/uploads\\\/2026\\\/09\\\/camara-2.webp\",\"width\":960,\"height\":543},{\"@type\":\"BreadcrumbList\",\"@id\":\"https:\\\/\\\/cvinoticias.com\\\/v3\\\/productores-y-tareferos-llevan-a-diputados-la-ley-de-emergencia-yerbatera\\\/#breadcrumb\",\"itemListElement\":[{\"@type\":\"ListItem\",\"position\":1,\"name\":\"Portada\",\"item\":\"https:\\\/\\\/cvinoticias.com\\\/v3\\\/\"},{\"@type\":\"ListItem\",\"position\":2,\"name\":\"Productores y tareferos llevan a Diputados la Ley de Emergencia Yerbatera\"}]},{\"@type\":\"WebSite\",\"@id\":\"https:\\\/\\\/cvinoticias.com\\\/v3\\\/#website\",\"url\":\"https:\\\/\\\/cvinoticias.com\\\/v3\\\/\",\"name\":\"CVI NOTICIAS\",\"description\":\"\",\"publisher\":{\"@id\":\"https:\\\/\\\/cvinoticias.com\\\/v3\\\/#organization\"},\"alternateName\":\"CVI\",\"potentialAction\":[{\"@type\":\"SearchAction\",\"target\":{\"@type\":\"EntryPoint\",\"urlTemplate\":\"https:\\\/\\\/cvinoticias.com\\\/v3\\\/?s={search_term_string}\"},\"query-input\":{\"@type\":\"PropertyValueSpecification\",\"valueRequired\":true,\"valueName\":\"search_term_string\"}}],\"inLanguage\":\"es\"},{\"@type\":\"Organization\",\"@id\":\"https:\\\/\\\/cvinoticias.com\\\/v3\\\/#organization\",\"name\":\"CVI NOTICIAS\",\"url\":\"https:\\\/\\\/cvinoticias.com\\\/v3\\\/\",\"logo\":{\"@type\":\"ImageObject\",\"inLanguage\":\"es\",\"@id\":\"https:\\\/\\\/cvinoticias.com\\\/v3\\\/#\\\/schema\\\/logo\\\/image\\\/\",\"url\":\"https:\\\/\\\/cvinoticias.com\\\/wp-content\\\/uploads\\\/2023\\\/04\\\/cropped-cropped-cropped-cropped-cropped-3-1.png\",\"contentUrl\":\"https:\\\/\\\/cvinoticias.com\\\/wp-content\\\/uploads\\\/2023\\\/04\\\/cropped-cropped-cropped-cropped-cropped-3-1.png\",\"width\":95,\"height\":122,\"caption\":\"CVI NOTICIAS\"},\"image\":{\"@id\":\"https:\\\/\\\/cvinoticias.com\\\/v3\\\/#\\\/schema\\\/logo\\\/image\\\/\"},\"sameAs\":[\"https:\\\/\\\/www.facebook.com\\\/cvinoticias\",\"https:\\\/\\\/www.instagram.com\\\/cvinoticias\\\/\",\"https:\\\/\\\/www.youtube.com\\\/@CVINOTICIAS\"]},{\"@type\":\"Person\",\"@id\":\"https:\\\/\\\/cvinoticias.com\\\/v3\\\/#\\\/schema\\\/person\\\/2db77e3c6bc03c538495d7b2b8be9b66\",\"name\":\"f1000024\",\"image\":{\"@type\":\"ImageObject\",\"inLanguage\":\"es\",\"@id\":\"https:\\\/\\\/secure.gravatar.com\\\/avatar\\\/d4fe7459cfc51ff5129ce1a732bbef5928568b8092d412ef95611616376bbeed?s=96&d=mm&r=g\",\"url\":\"https:\\\/\\\/secure.gravatar.com\\\/avatar\\\/d4fe7459cfc51ff5129ce1a732bbef5928568b8092d412ef95611616376bbeed?s=96&d=mm&r=g\",\"contentUrl\":\"https:\\\/\\\/secure.gravatar.com\\\/avatar\\\/d4fe7459cfc51ff5129ce1a732bbef5928568b8092d412ef95611616376bbeed?s=96&d=mm&r=g\",\"caption\":\"f1000024\"},\"url\":\"https:\\\/\\\/cvinoticias.com\\\/v3\\\/author\\\/f1000024\\\/\"}]}<\/script>\n<!-- \/ Yoast SEO plugin. -->","yoast_head_json":{"title":"Productores llevan a Diputados la Ley de Emergencia Yerbatera | CVI NOTICIAS","description":"Productores y tareferos presentar\u00e1n en Diputados un proyecto para afrontar la crisis yerbatera y garantizar un precio m\u00ednimo.","robots":{"index":"index","follow":"follow","max-snippet":"max-snippet:-1","max-image-preview":"max-image-preview:large","max-video-preview":"max-video-preview:-1"},"canonical":"https:\/\/cvinoticias.com\/v3\/productores-y-tareferos-llevan-a-diputados-la-ley-de-emergencia-yerbatera\/","og_locale":"es_ES","og_type":"article","og_title":"Productores llevan a Diputados la Ley de Emergencia Yerbatera | CVI NOTICIAS","og_description":"Productores y tareferos presentar\u00e1n en Diputados un proyecto para afrontar la crisis yerbatera y garantizar un precio m\u00ednimo.","og_url":"https:\/\/cvinoticias.com\/v3\/productores-y-tareferos-llevan-a-diputados-la-ley-de-emergencia-yerbatera\/","og_site_name":"CVI NOTICIAS","article_publisher":"https:\/\/www.facebook.com\/cvinoticias","article_published_time":"2026-09-02T12:27:01+00:00","article_modified_time":"2026-09-02T12:27:03+00:00","og_image":[{"width":960,"height":543,"url":"https:\/\/cvinoticias.com\/wp-content\/uploads\/2026\/09\/camara-2.webp","type":"image\/webp"}],"author":"f1000024","twitter_card":"summary_large_image","twitter_misc":{"Escrito por":"f1000024","Tiempo de lectura":"2 minutos"},"schema":{"@context":"https:\/\/schema.org","@graph":[{"@type":"Article","@id":"https:\/\/cvinoticias.com\/v3\/productores-y-tareferos-llevan-a-diputados-la-ley-de-emergencia-yerbatera\/#article","isPartOf":{"@id":"https:\/\/cvinoticias.com\/v3\/productores-y-tareferos-llevan-a-diputados-la-ley-de-emergencia-yerbatera\/"},"author":{"name":"f1000024","@id":"https:\/\/cvinoticias.com\/v3\/#\/schema\/person\/2db77e3c6bc03c538495d7b2b8be9b66"},"headline":"Productores y tareferos llevan a Diputados la Ley de Emergencia Yerbatera","datePublished":"2026-09-02T12:27:01+00:00","dateModified":"2026-09-02T12:27:03+00:00","mainEntityOfPage":{"@id":"https:\/\/cvinoticias.com\/v3\/productores-y-tareferos-llevan-a-diputados-la-ley-de-emergencia-yerbatera\/"},"wordCount":359,"commentCount":0,"publisher":{"@id":"https:\/\/cvinoticias.com\/v3\/#organization"},"image":{"@id":"https:\/\/cvinoticias.com\/v3\/productores-y-tareferos-llevan-a-diputados-la-ley-de-emergencia-yerbatera\/#primaryimage"},"thumbnailUrl":"https:\/\/cvinoticias.com\/wp-content\/uploads\/2026\/09\/camara-2.webp","keywords":["diputados","emergencia","ley","Productores","yerbatera"],"articleSection":["Econom\u00eda"],"inLanguage":"es","potentialAction":[{"@type":"CommentAction","name":"Comment","target":["https:\/\/cvinoticias.com\/v3\/productores-y-tareferos-llevan-a-diputados-la-ley-de-emergencia-yerbatera\/#respond"]}]},{"@type":"WebPage","@id":"https:\/\/cvinoticias.com\/v3\/productores-y-tareferos-llevan-a-diputados-la-ley-de-emergencia-yerbatera\/","url":"https:\/\/cvinoticias.com\/v3\/productores-y-tareferos-llevan-a-diputados-la-ley-de-emergencia-yerbatera\/","name":"Productores llevan a Diputados la Ley de Emergencia Yerbatera | CVI NOTICIAS","isPartOf":{"@id":"https:\/\/cvinoticias.com\/v3\/#website"},"primaryImageOfPage":{"@id":"https:\/\/cvinoticias.com\/v3\/productores-y-tareferos-llevan-a-diputados-la-ley-de-emergencia-yerbatera\/#primaryimage"},"image":{"@id":"https:\/\/cvinoticias.com\/v3\/productores-y-tareferos-llevan-a-diputados-la-ley-de-emergencia-yerbatera\/#primaryimage"},"thumbnailUrl":"https:\/\/cvinoticias.com\/wp-content\/uploads\/2026\/09\/camara-2.webp","datePublished":"2026-09-02T12:27:01+00:00","dateModified":"2026-09-02T12:27:03+00:00","description":"Productores y tareferos presentar\u00e1n en Diputados un proyecto para afrontar la crisis yerbatera y garantizar un precio m\u00ednimo.","breadcrumb":{"@id":"https:\/\/cvinoticias.com\/v3\/productores-y-tareferos-llevan-a-diputados-la-ley-de-emergencia-yerbatera\/#breadcrumb"},"inLanguage":"es","potentialAction":[{"@type":"ReadAction","target":["https:\/\/cvinoticias.com\/v3\/productores-y-tareferos-llevan-a-diputados-la-ley-de-emergencia-yerbatera\/"]}]},{"@type":"ImageObject","inLanguage":"es","@id":"https:\/\/cvinoticias.com\/v3\/productores-y-tareferos-llevan-a-diputados-la-ley-de-emergencia-yerbatera\/#primaryimage","url":"https:\/\/cvinoticias.com\/wp-content\/uploads\/2026\/09\/camara-2.webp","contentUrl":"https:\/\/cvinoticias.com\/wp-content\/uploads\/2026\/09\/camara-2.webp","width":960,"height":543},{"@type":"BreadcrumbList","@id":"https:\/\/cvinoticias.com\/v3\/productores-y-tareferos-llevan-a-diputados-la-ley-de-emergencia-yerbatera\/#breadcrumb","itemListElement":[{"@type":"ListItem","position":1,"name":"Portada","item":"https:\/\/cvinoticias.com\/v3\/"},{"@type":"ListItem","position":2,"name":"Productores y tareferos llevan a Diputados la Ley de Emergencia Yerbatera"}]},{"@type":"WebSite","@id":"https:\/\/cvinoticias.com\/v3\/#website","url":"https:\/\/cvinoticias.com\/v3\/","name":"CVI NOTICIAS","description":"","publisher":{"@id":"https:\/\/cvinoticias.com\/v3\/#organization"},"alternateName":"CVI","potentialAction":[{"@type":"SearchAction","target":{"@type":"EntryPoint","urlTemplate":"https:\/\/cvinoticias.com\/v3\/?s={search_term_string}"},"query-input":{"@type":"PropertyValueSpecification","valueRequired":true,"valueName":"search_term_string"}}],"inLanguage":"es"},{"@type":"Organization","@id":"https:\/\/cvinoticias.com\/v3\/#organization","name":"CVI NOTICIAS","url":"https:\/\/cvinoticias.com\/v3\/","logo":{"@type":"ImageObject","inLanguage":"es","@id":"https:\/\/cvinoticias.com\/v3\/#\/schema\/logo\/image\/","url":"https:\/\/cvinoticias.com\/wp-content\/uploads\/2023\/04\/cropped-cropped-cropped-cropped-cropped-3-1.png","contentUrl":"https:\/\/cvinoticias.com\/wp-content\/uploads\/2023\/04\/cropped-cropped-cropped-cropped-cropped-3-1.png","width":95,"height":122,"caption":"CVI NOTICIAS"},"image":{"@id":"https:\/\/cvinoticias.com\/v3\/#\/schema\/logo\/image\/"},"sameAs":["https:\/\/www.facebook.com\/cvinoticias","https:\/\/www.instagram.com\/cvinoticias\/","https:\/\/www.youtube.com\/@CVINOTICIAS"]},{"@type":"Person","@id":"https:\/\/cvinoticias.com\/v3\/#\/schema\/person\/2db77e3c6bc03c538495d7b2b8be9b66","name":"f1000024","image":{"@type":"ImageObject","inLanguage":"es","@id":"https:\/\/secure.gravatar.com\/avatar\/d4fe7459cfc51ff5129ce1a732bbef5928568b8092d412ef95611616376bbeed?s=96&d=mm&r=g","url":"https:\/\/secure.gravatar.com\/avatar\/d4fe7459cfc51ff5129ce1a732bbef5928568b8092d412ef95611616376bbeed?s=96&d=mm&r=g","contentUrl":"https:\/\/secure.gravatar.com\/avatar\/d4fe7459cfc51ff5129ce1a732bbef5928568b8092d412ef95611616376bbeed?s=96&d=mm&r=g","caption":"f1000024"},"url":"https:\/\/cvinoticias.com\/v3\/author\/f1000024\/"}]}},"_links":{"self":[{"href":"https:\/\/cvinoticias.com\/v3\/wp-json\/wp\/v2\/posts\/62692","targetHints":{"allow":["GET"]}}],"collection":[{"href":"https:\/\/cvinoticias.com\/v3\/wp-json\/wp\/v2\/posts"}],"about":[{"href":"https:\/\/cvinoticias.com\/v3\/wp-json\/wp\/v2\/types\/post"}],"author":[{"embeddable":true,"href":"https:\/\/cvinoticias.com\/v3\/wp-json\/wp\/v2\/users\/2"}],"replies":[{"embeddable":true,"href":"https:\/\/cvinoticias.com\/v3\/wp-json\/wp\/v2\/comments?post=62692"}],"version-history":[{"count":1,"href":"https:\/\/cvinoticias.com\/v3\/wp-json\/wp\/v2\/posts\/62692\/revisions"}],"predecessor-version":[{"id":62694,"href":"https:\/\/cvinoticias.com\/v3\/wp-json\/wp\/v2\/posts\/62692\/revisions\/62694"}],"wp:featuredmedia":[{"embeddable":true,"href":"https:\/\/cvinoticias.com\/v3\/wp-json\/wp\/v2\/media\/62693"}],"wp:attachment":[{"href":"https:\/\/cvinoticias.com\/v3\/wp-json\/wp\/v2\/media?parent=62692"}],"wp:term":[{"taxonomy":"category","embeddable":true,"href":"https:\/\/cvinoticias.com\/v3\/wp-json\/wp\/v2\/categories?post=62692"},{"taxonomy":"post_tag","embeddable":true,"href":"https:\/\/cvinoticias.com\/v3\/wp-json\/wp\/v2\/tags?post=62692"}],"curies":[{"name":"wp","href":"https:\/\/api.w.org\/{rel}","templated":true}]}}