{"id":62685,"date":"2026-09-02T09:20:26","date_gmt":"2026-09-02T12:20:26","guid":{"rendered":"https:\/\/cvinoticias.com\/v3\/?p=62685"},"modified":"2026-09-02T09:20:28","modified_gmt":"2026-09-02T12:20:28","slug":"milei-llegara-a-puerto-iguazu-para-cerrar-una-convencion-empresarial-sin-agenda-de-gestion-prevista-con-passalacqua","status":"publish","type":"post","link":"https:\/\/cvinoticias.com\/v3\/milei-llegara-a-puerto-iguazu-para-cerrar-una-convencion-empresarial-sin-agenda-de-gestion-prevista-con-passalacqua\/","title":{"rendered":"Milei llegar\u00e1 a Puerto Iguaz\u00fa para cerrar una convenci\u00f3n empresarial, sin agenda de gesti\u00f3n prevista con Passalacqua"},"content":{"rendered":"\n<p class=\"wp-block-paragraph\">El presidente&nbsp;<strong>Javier Milei<\/strong>&nbsp;llegar\u00e1 este viernes&nbsp;<strong>cuatro de septiembre a Misiones<\/strong>, en su primera visita a la provincia desde que asumi\u00f3 la presidencia de la Naci\u00f3n. El mandatario viajar\u00e1 a Puerto Iguaz\u00fa para participar de la&nbsp;<strong>47\u00aa Convenci\u00f3n Anual del Instituto Argentino de Ejecutivos de Finanzas (Iaef)<\/strong>&nbsp;y estar\u00e1 a cargo del discurso de cierre del encuentro.<\/p>\n\n\n\n<p class=\"wp-block-paragraph\">La agenda presidencial tendr\u00e1 como eje exclusivo la actividad organizada por el Iaef, que re\u00fane a referentes del sector p\u00fablico y privado. De acuerdo con la agenda conocida,&nbsp;<strong>no est\u00e1n previstos anuncios de nuevas obras ni medidas espec\u00edficas para el entramado productivo misionero<\/strong>&nbsp;durante la visita, al igual que ninguna reuni\u00f3n con el gobernador&nbsp;<strong>Hugo Passalacqua.&nbsp;<\/strong><\/p>\n\n\n\n<p class=\"wp-block-paragraph\">Tampoco figura una reuni\u00f3n formal entre Milei y los gobernadores que participar\u00e1n del encuentro. Entre los mandatarios que estar\u00e1n en Iguaz\u00fa se encuentra el gobernador de Corrientes,&nbsp;<strong>Juan Pablo Vald\u00e9s<\/strong>, quien confirm\u00f3 su participaci\u00f3n y descart\u00f3 un encuentro privado con Milei: \u201cEn principio, no hay prevista una reuni\u00f3n con \u00e9l\u201d.&nbsp;<\/p>\n\n\n\n<p class=\"wp-block-paragraph\">Vald\u00e9s integrar\u00e1, adem\u00e1s, un panel sobre competitividad junto a sus pares&nbsp;<strong>Alfredo Cornejo, Ra\u00fal Jalil y Passalacqua<\/strong>.<\/p>\n\n\n\n<p class=\"wp-block-paragraph\">El gobernador correntino se\u00f1al\u00f3 que tambi\u00e9n abordar\u00e1 junto a otros mandatarios del Norte Grande el proyecto de&nbsp;<strong>ley de zonas fr\u00edas<\/strong>, que contempla tarifas energ\u00e9ticas diferenciadas. En paralelo, la convenci\u00f3n comenzar\u00e1 el jueves 3 con exposiciones del vicepresidente del Banco Central,&nbsp;<strong>Vladimir Werning<\/strong>, y del ministro de Desregulaci\u00f3n,&nbsp;<strong>Federico Sturzenegger<\/strong>.<\/p>\n","protected":false},"excerpt":{"rendered":"<p>El presidente&nbsp;Javier Milei&nbsp;llegar\u00e1 este viernes&nbsp;cuatro de septiembre a Misiones, en su primera visita a la provincia desde que asumi\u00f3 la presidencia de la Naci\u00f3n. El mandatario viajar\u00e1 a Puerto Iguaz\u00fa para participar de la&nbsp;47\u00aa Convenci\u00f3n Anual del Instituto Argentino de Ejecutivos de Finanzas (Iaef)&nbsp;y estar\u00e1 a cargo del discurso de cierre del encuentro. La agenda [&hellip;]<\/p>\n","protected":false},"author":2,"featured_media":62686,"comment_status":"open","ping_status":"closed","sticky":false,"template":"","format":"standard","meta":{"footnotes":""},"categories":[42],"tags":[1505,2696,313,564,1421],"class_list":["post-62685","post","type-post","status-publish","format-standard","has-post-thumbnail","hentry","category-politica","tag-agenda","tag-gestion","tag-iguazu","tag-milei","tag-viernes"],"yoast_head":"<!-- This site is optimized with the Yoast SEO plugin v28.4 - https:\/\/yoast.com\/product\/yoast-seo-wordpress\/ -->\n<title>Milei llegar\u00e1 a Puerto Iguaz\u00fa este viernes 4 de septiembre | CVI NOTICIAS<\/title>\n<meta name=\"description\" content=\"Milei visitar\u00e1 Puerto Iguaz\u00fa este viernes para cerrar una convenci\u00f3n empresarial, sin reuniones previstas con Passalacqua.\" \/>\n<meta name=\"robots\" content=\"index, follow, max-snippet:-1, max-image-preview:large, max-video-preview:-1\" \/>\n<link rel=\"canonical\" href=\"https:\/\/cvinoticias.com\/v3\/milei-llegara-a-puerto-iguazu-para-cerrar-una-convencion-empresarial-sin-agenda-de-gestion-prevista-con-passalacqua\/\" \/>\n<meta property=\"og:locale\" content=\"es_ES\" \/>\n<meta property=\"og:type\" content=\"article\" \/>\n<meta property=\"og:title\" content=\"Milei llegar\u00e1 a Puerto Iguaz\u00fa este viernes 4 de septiembre | CVI NOTICIAS\" \/>\n<meta property=\"og:description\" content=\"Milei visitar\u00e1 Puerto Iguaz\u00fa este viernes para cerrar una convenci\u00f3n empresarial, sin reuniones previstas con Passalacqua.\" \/>\n<meta property=\"og:url\" content=\"https:\/\/cvinoticias.com\/v3\/milei-llegara-a-puerto-iguazu-para-cerrar-una-convencion-empresarial-sin-agenda-de-gestion-prevista-con-passalacqua\/\" \/>\n<meta property=\"og:site_name\" content=\"CVI NOTICIAS\" \/>\n<meta property=\"article:publisher\" content=\"https:\/\/www.facebook.com\/cvinoticias\" \/>\n<meta property=\"article:published_time\" content=\"2026-09-02T12:20:26+00:00\" \/>\n<meta property=\"article:modified_time\" content=\"2026-09-02T12:20:28+00:00\" \/>\n<meta property=\"og:image\" content=\"https:\/\/cvinoticias.com\/wp-content\/uploads\/2026\/09\/milei-misiones.webp\" \/>\n\t<meta property=\"og:image:width\" content=\"1006\" \/>\n\t<meta property=\"og:image:height\" content=\"675\" \/>\n\t<meta property=\"og:image:type\" content=\"image\/webp\" \/>\n<meta name=\"author\" content=\"f1000024\" \/>\n<meta name=\"twitter:card\" content=\"summary_large_image\" \/>\n<meta name=\"twitter:label1\" content=\"Escrito por\" \/>\n\t<meta name=\"twitter:data1\" content=\"f1000024\" \/>\n\t<meta name=\"twitter:label2\" content=\"Tiempo de lectura\" \/>\n\t<meta name=\"twitter:data2\" content=\"2 minutos\" \/>\n<script type=\"application\/ld+json\" class=\"yoast-schema-graph\">{\"@context\":\"https:\\\/\\\/schema.org\",\"@graph\":[{\"@type\":\"Article\",\"@id\":\"https:\\\/\\\/cvinoticias.com\\\/v3\\\/milei-llegara-a-puerto-iguazu-para-cerrar-una-convencion-empresarial-sin-agenda-de-gestion-prevista-con-passalacqua\\\/#article\",\"isPartOf\":{\"@id\":\"https:\\\/\\\/cvinoticias.com\\\/v3\\\/milei-llegara-a-puerto-iguazu-para-cerrar-una-convencion-empresarial-sin-agenda-de-gestion-prevista-con-passalacqua\\\/\"},\"author\":{\"name\":\"f1000024\",\"@id\":\"https:\\\/\\\/cvinoticias.com\\\/v3\\\/#\\\/schema\\\/person\\\/2db77e3c6bc03c538495d7b2b8be9b66\"},\"headline\":\"Milei llegar\u00e1 a Puerto Iguaz\u00fa para cerrar una convenci\u00f3n empresarial, sin agenda de gesti\u00f3n prevista con Passalacqua\",\"datePublished\":\"2026-09-02T12:20:26+00:00\",\"dateModified\":\"2026-09-02T12:20:28+00:00\",\"mainEntityOfPage\":{\"@id\":\"https:\\\/\\\/cvinoticias.com\\\/v3\\\/milei-llegara-a-puerto-iguazu-para-cerrar-una-convencion-empresarial-sin-agenda-de-gestion-prevista-con-passalacqua\\\/\"},\"wordCount\":285,\"commentCount\":0,\"publisher\":{\"@id\":\"https:\\\/\\\/cvinoticias.com\\\/v3\\\/#organization\"},\"image\":{\"@id\":\"https:\\\/\\\/cvinoticias.com\\\/v3\\\/milei-llegara-a-puerto-iguazu-para-cerrar-una-convencion-empresarial-sin-agenda-de-gestion-prevista-con-passalacqua\\\/#primaryimage\"},\"thumbnailUrl\":\"https:\\\/\\\/cvinoticias.com\\\/wp-content\\\/uploads\\\/2026\\\/09\\\/milei-misiones.webp\",\"keywords\":[\"Agenda\",\"gesti\u00f3n\",\"Iguaz\u00fa\",\"Milei\",\"Viernes\"],\"articleSection\":[\"Politica\"],\"inLanguage\":\"es\",\"potentialAction\":[{\"@type\":\"CommentAction\",\"name\":\"Comment\",\"target\":[\"https:\\\/\\\/cvinoticias.com\\\/v3\\\/milei-llegara-a-puerto-iguazu-para-cerrar-una-convencion-empresarial-sin-agenda-de-gestion-prevista-con-passalacqua\\\/#respond\"]}]},{\"@type\":\"WebPage\",\"@id\":\"https:\\\/\\\/cvinoticias.com\\\/v3\\\/milei-llegara-a-puerto-iguazu-para-cerrar-una-convencion-empresarial-sin-agenda-de-gestion-prevista-con-passalacqua\\\/\",\"url\":\"https:\\\/\\\/cvinoticias.com\\\/v3\\\/milei-llegara-a-puerto-iguazu-para-cerrar-una-convencion-empresarial-sin-agenda-de-gestion-prevista-con-passalacqua\\\/\",\"name\":\"Milei llegar\u00e1 a Puerto Iguaz\u00fa este viernes 4 de septiembre | CVI NOTICIAS\",\"isPartOf\":{\"@id\":\"https:\\\/\\\/cvinoticias.com\\\/v3\\\/#website\"},\"primaryImageOfPage\":{\"@id\":\"https:\\\/\\\/cvinoticias.com\\\/v3\\\/milei-llegara-a-puerto-iguazu-para-cerrar-una-convencion-empresarial-sin-agenda-de-gestion-prevista-con-passalacqua\\\/#primaryimage\"},\"image\":{\"@id\":\"https:\\\/\\\/cvinoticias.com\\\/v3\\\/milei-llegara-a-puerto-iguazu-para-cerrar-una-convencion-empresarial-sin-agenda-de-gestion-prevista-con-passalacqua\\\/#primaryimage\"},\"thumbnailUrl\":\"https:\\\/\\\/cvinoticias.com\\\/wp-content\\\/uploads\\\/2026\\\/09\\\/milei-misiones.webp\",\"datePublished\":\"2026-09-02T12:20:26+00:00\",\"dateModified\":\"2026-09-02T12:20:28+00:00\",\"description\":\"Milei visitar\u00e1 Puerto Iguaz\u00fa este viernes para cerrar una convenci\u00f3n empresarial, sin reuniones previstas con Passalacqua.\",\"breadcrumb\":{\"@id\":\"https:\\\/\\\/cvinoticias.com\\\/v3\\\/milei-llegara-a-puerto-iguazu-para-cerrar-una-convencion-empresarial-sin-agenda-de-gestion-prevista-con-passalacqua\\\/#breadcrumb\"},\"inLanguage\":\"es\",\"potentialAction\":[{\"@type\":\"ReadAction\",\"target\":[\"https:\\\/\\\/cvinoticias.com\\\/v3\\\/milei-llegara-a-puerto-iguazu-para-cerrar-una-convencion-empresarial-sin-agenda-de-gestion-prevista-con-passalacqua\\\/\"]}]},{\"@type\":\"ImageObject\",\"inLanguage\":\"es\",\"@id\":\"https:\\\/\\\/cvinoticias.com\\\/v3\\\/milei-llegara-a-puerto-iguazu-para-cerrar-una-convencion-empresarial-sin-agenda-de-gestion-prevista-con-passalacqua\\\/#primaryimage\",\"url\":\"https:\\\/\\\/cvinoticias.com\\\/wp-content\\\/uploads\\\/2026\\\/09\\\/milei-misiones.webp\",\"contentUrl\":\"https:\\\/\\\/cvinoticias.com\\\/wp-content\\\/uploads\\\/2026\\\/09\\\/milei-misiones.webp\",\"width\":1006,\"height\":675},{\"@type\":\"BreadcrumbList\",\"@id\":\"https:\\\/\\\/cvinoticias.com\\\/v3\\\/milei-llegara-a-puerto-iguazu-para-cerrar-una-convencion-empresarial-sin-agenda-de-gestion-prevista-con-passalacqua\\\/#breadcrumb\",\"itemListElement\":[{\"@type\":\"ListItem\",\"position\":1,\"name\":\"Portada\",\"item\":\"https:\\\/\\\/cvinoticias.com\\\/v3\\\/\"},{\"@type\":\"ListItem\",\"position\":2,\"name\":\"Milei llegar\u00e1 a Puerto Iguaz\u00fa para cerrar una convenci\u00f3n empresarial, sin agenda de gesti\u00f3n prevista con Passalacqua\"}]},{\"@type\":\"WebSite\",\"@id\":\"https:\\\/\\\/cvinoticias.com\\\/v3\\\/#website\",\"url\":\"https:\\\/\\\/cvinoticias.com\\\/v3\\\/\",\"name\":\"CVI NOTICIAS\",\"description\":\"\",\"publisher\":{\"@id\":\"https:\\\/\\\/cvinoticias.com\\\/v3\\\/#organization\"},\"alternateName\":\"CVI\",\"potentialAction\":[{\"@type\":\"SearchAction\",\"target\":{\"@type\":\"EntryPoint\",\"urlTemplate\":\"https:\\\/\\\/cvinoticias.com\\\/v3\\\/?s={search_term_string}\"},\"query-input\":{\"@type\":\"PropertyValueSpecification\",\"valueRequired\":true,\"valueName\":\"search_term_string\"}}],\"inLanguage\":\"es\"},{\"@type\":\"Organization\",\"@id\":\"https:\\\/\\\/cvinoticias.com\\\/v3\\\/#organization\",\"name\":\"CVI NOTICIAS\",\"url\":\"https:\\\/\\\/cvinoticias.com\\\/v3\\\/\",\"logo\":{\"@type\":\"ImageObject\",\"inLanguage\":\"es\",\"@id\":\"https:\\\/\\\/cvinoticias.com\\\/v3\\\/#\\\/schema\\\/logo\\\/image\\\/\",\"url\":\"https:\\\/\\\/cvinoticias.com\\\/wp-content\\\/uploads\\\/2023\\\/04\\\/cropped-cropped-cropped-cropped-cropped-3-1.png\",\"contentUrl\":\"https:\\\/\\\/cvinoticias.com\\\/wp-content\\\/uploads\\\/2023\\\/04\\\/cropped-cropped-cropped-cropped-cropped-3-1.png\",\"width\":95,\"height\":122,\"caption\":\"CVI NOTICIAS\"},\"image\":{\"@id\":\"https:\\\/\\\/cvinoticias.com\\\/v3\\\/#\\\/schema\\\/logo\\\/image\\\/\"},\"sameAs\":[\"https:\\\/\\\/www.facebook.com\\\/cvinoticias\",\"https:\\\/\\\/www.instagram.com\\\/cvinoticias\\\/\",\"https:\\\/\\\/www.youtube.com\\\/@CVINOTICIAS\"]},{\"@type\":\"Person\",\"@id\":\"https:\\\/\\\/cvinoticias.com\\\/v3\\\/#\\\/schema\\\/person\\\/2db77e3c6bc03c538495d7b2b8be9b66\",\"name\":\"f1000024\",\"image\":{\"@type\":\"ImageObject\",\"inLanguage\":\"es\",\"@id\":\"https:\\\/\\\/secure.gravatar.com\\\/avatar\\\/d4fe7459cfc51ff5129ce1a732bbef5928568b8092d412ef95611616376bbeed?s=96&d=mm&r=g\",\"url\":\"https:\\\/\\\/secure.gravatar.com\\\/avatar\\\/d4fe7459cfc51ff5129ce1a732bbef5928568b8092d412ef95611616376bbeed?s=96&d=mm&r=g\",\"contentUrl\":\"https:\\\/\\\/secure.gravatar.com\\\/avatar\\\/d4fe7459cfc51ff5129ce1a732bbef5928568b8092d412ef95611616376bbeed?s=96&d=mm&r=g\",\"caption\":\"f1000024\"},\"url\":\"https:\\\/\\\/cvinoticias.com\\\/v3\\\/author\\\/f1000024\\\/\"}]}<\/script>\n<!-- \/ Yoast SEO plugin. -->","yoast_head_json":{"title":"Milei llegar\u00e1 a Puerto Iguaz\u00fa este viernes 4 de septiembre | CVI NOTICIAS","description":"Milei visitar\u00e1 Puerto Iguaz\u00fa este viernes para cerrar una convenci\u00f3n empresarial, sin reuniones previstas con Passalacqua.","robots":{"index":"index","follow":"follow","max-snippet":"max-snippet:-1","max-image-preview":"max-image-preview:large","max-video-preview":"max-video-preview:-1"},"canonical":"https:\/\/cvinoticias.com\/v3\/milei-llegara-a-puerto-iguazu-para-cerrar-una-convencion-empresarial-sin-agenda-de-gestion-prevista-con-passalacqua\/","og_locale":"es_ES","og_type":"article","og_title":"Milei llegar\u00e1 a Puerto Iguaz\u00fa este viernes 4 de septiembre | CVI NOTICIAS","og_description":"Milei visitar\u00e1 Puerto Iguaz\u00fa este viernes para cerrar una convenci\u00f3n empresarial, sin reuniones previstas con Passalacqua.","og_url":"https:\/\/cvinoticias.com\/v3\/milei-llegara-a-puerto-iguazu-para-cerrar-una-convencion-empresarial-sin-agenda-de-gestion-prevista-con-passalacqua\/","og_site_name":"CVI NOTICIAS","article_publisher":"https:\/\/www.facebook.com\/cvinoticias","article_published_time":"2026-09-02T12:20:26+00:00","article_modified_time":"2026-09-02T12:20:28+00:00","og_image":[{"width":1006,"height":675,"url":"https:\/\/cvinoticias.com\/wp-content\/uploads\/2026\/09\/milei-misiones.webp","type":"image\/webp"}],"author":"f1000024","twitter_card":"summary_large_image","twitter_misc":{"Escrito por":"f1000024","Tiempo de lectura":"2 minutos"},"schema":{"@context":"https:\/\/schema.org","@graph":[{"@type":"Article","@id":"https:\/\/cvinoticias.com\/v3\/milei-llegara-a-puerto-iguazu-para-cerrar-una-convencion-empresarial-sin-agenda-de-gestion-prevista-con-passalacqua\/#article","isPartOf":{"@id":"https:\/\/cvinoticias.com\/v3\/milei-llegara-a-puerto-iguazu-para-cerrar-una-convencion-empresarial-sin-agenda-de-gestion-prevista-con-passalacqua\/"},"author":{"name":"f1000024","@id":"https:\/\/cvinoticias.com\/v3\/#\/schema\/person\/2db77e3c6bc03c538495d7b2b8be9b66"},"headline":"Milei llegar\u00e1 a Puerto Iguaz\u00fa para cerrar una convenci\u00f3n empresarial, sin agenda de gesti\u00f3n prevista con Passalacqua","datePublished":"2026-09-02T12:20:26+00:00","dateModified":"2026-09-02T12:20:28+00:00","mainEntityOfPage":{"@id":"https:\/\/cvinoticias.com\/v3\/milei-llegara-a-puerto-iguazu-para-cerrar-una-convencion-empresarial-sin-agenda-de-gestion-prevista-con-passalacqua\/"},"wordCount":285,"commentCount":0,"publisher":{"@id":"https:\/\/cvinoticias.com\/v3\/#organization"},"image":{"@id":"https:\/\/cvinoticias.com\/v3\/milei-llegara-a-puerto-iguazu-para-cerrar-una-convencion-empresarial-sin-agenda-de-gestion-prevista-con-passalacqua\/#primaryimage"},"thumbnailUrl":"https:\/\/cvinoticias.com\/wp-content\/uploads\/2026\/09\/milei-misiones.webp","keywords":["Agenda","gesti\u00f3n","Iguaz\u00fa","Milei","Viernes"],"articleSection":["Politica"],"inLanguage":"es","potentialAction":[{"@type":"CommentAction","name":"Comment","target":["https:\/\/cvinoticias.com\/v3\/milei-llegara-a-puerto-iguazu-para-cerrar-una-convencion-empresarial-sin-agenda-de-gestion-prevista-con-passalacqua\/#respond"]}]},{"@type":"WebPage","@id":"https:\/\/cvinoticias.com\/v3\/milei-llegara-a-puerto-iguazu-para-cerrar-una-convencion-empresarial-sin-agenda-de-gestion-prevista-con-passalacqua\/","url":"https:\/\/cvinoticias.com\/v3\/milei-llegara-a-puerto-iguazu-para-cerrar-una-convencion-empresarial-sin-agenda-de-gestion-prevista-con-passalacqua\/","name":"Milei llegar\u00e1 a Puerto Iguaz\u00fa este viernes 4 de septiembre | CVI NOTICIAS","isPartOf":{"@id":"https:\/\/cvinoticias.com\/v3\/#website"},"primaryImageOfPage":{"@id":"https:\/\/cvinoticias.com\/v3\/milei-llegara-a-puerto-iguazu-para-cerrar-una-convencion-empresarial-sin-agenda-de-gestion-prevista-con-passalacqua\/#primaryimage"},"image":{"@id":"https:\/\/cvinoticias.com\/v3\/milei-llegara-a-puerto-iguazu-para-cerrar-una-convencion-empresarial-sin-agenda-de-gestion-prevista-con-passalacqua\/#primaryimage"},"thumbnailUrl":"https:\/\/cvinoticias.com\/wp-content\/uploads\/2026\/09\/milei-misiones.webp","datePublished":"2026-09-02T12:20:26+00:00","dateModified":"2026-09-02T12:20:28+00:00","description":"Milei visitar\u00e1 Puerto Iguaz\u00fa este viernes para cerrar una convenci\u00f3n empresarial, sin reuniones previstas con Passalacqua.","breadcrumb":{"@id":"https:\/\/cvinoticias.com\/v3\/milei-llegara-a-puerto-iguazu-para-cerrar-una-convencion-empresarial-sin-agenda-de-gestion-prevista-con-passalacqua\/#breadcrumb"},"inLanguage":"es","potentialAction":[{"@type":"ReadAction","target":["https:\/\/cvinoticias.com\/v3\/milei-llegara-a-puerto-iguazu-para-cerrar-una-convencion-empresarial-sin-agenda-de-gestion-prevista-con-passalacqua\/"]}]},{"@type":"ImageObject","inLanguage":"es","@id":"https:\/\/cvinoticias.com\/v3\/milei-llegara-a-puerto-iguazu-para-cerrar-una-convencion-empresarial-sin-agenda-de-gestion-prevista-con-passalacqua\/#primaryimage","url":"https:\/\/cvinoticias.com\/wp-content\/uploads\/2026\/09\/milei-misiones.webp","contentUrl":"https:\/\/cvinoticias.com\/wp-content\/uploads\/2026\/09\/milei-misiones.webp","width":1006,"height":675},{"@type":"BreadcrumbList","@id":"https:\/\/cvinoticias.com\/v3\/milei-llegara-a-puerto-iguazu-para-cerrar-una-convencion-empresarial-sin-agenda-de-gestion-prevista-con-passalacqua\/#breadcrumb","itemListElement":[{"@type":"ListItem","position":1,"name":"Portada","item":"https:\/\/cvinoticias.com\/v3\/"},{"@type":"ListItem","position":2,"name":"Milei llegar\u00e1 a Puerto Iguaz\u00fa para cerrar una convenci\u00f3n empresarial, sin agenda de gesti\u00f3n prevista con Passalacqua"}]},{"@type":"WebSite","@id":"https:\/\/cvinoticias.com\/v3\/#website","url":"https:\/\/cvinoticias.com\/v3\/","name":"CVI NOTICIAS","description":"","publisher":{"@id":"https:\/\/cvinoticias.com\/v3\/#organization"},"alternateName":"CVI","potentialAction":[{"@type":"SearchAction","target":{"@type":"EntryPoint","urlTemplate":"https:\/\/cvinoticias.com\/v3\/?s={search_term_string}"},"query-input":{"@type":"PropertyValueSpecification","valueRequired":true,"valueName":"search_term_string"}}],"inLanguage":"es"},{"@type":"Organization","@id":"https:\/\/cvinoticias.com\/v3\/#organization","name":"CVI NOTICIAS","url":"https:\/\/cvinoticias.com\/v3\/","logo":{"@type":"ImageObject","inLanguage":"es","@id":"https:\/\/cvinoticias.com\/v3\/#\/schema\/logo\/image\/","url":"https:\/\/cvinoticias.com\/wp-content\/uploads\/2023\/04\/cropped-cropped-cropped-cropped-cropped-3-1.png","contentUrl":"https:\/\/cvinoticias.com\/wp-content\/uploads\/2023\/04\/cropped-cropped-cropped-cropped-cropped-3-1.png","width":95,"height":122,"caption":"CVI NOTICIAS"},"image":{"@id":"https:\/\/cvinoticias.com\/v3\/#\/schema\/logo\/image\/"},"sameAs":["https:\/\/www.facebook.com\/cvinoticias","https:\/\/www.instagram.com\/cvinoticias\/","https:\/\/www.youtube.com\/@CVINOTICIAS"]},{"@type":"Person","@id":"https:\/\/cvinoticias.com\/v3\/#\/schema\/person\/2db77e3c6bc03c538495d7b2b8be9b66","name":"f1000024","image":{"@type":"ImageObject","inLanguage":"es","@id":"https:\/\/secure.gravatar.com\/avatar\/d4fe7459cfc51ff5129ce1a732bbef5928568b8092d412ef95611616376bbeed?s=96&d=mm&r=g","url":"https:\/\/secure.gravatar.com\/avatar\/d4fe7459cfc51ff5129ce1a732bbef5928568b8092d412ef95611616376bbeed?s=96&d=mm&r=g","contentUrl":"https:\/\/secure.gravatar.com\/avatar\/d4fe7459cfc51ff5129ce1a732bbef5928568b8092d412ef95611616376bbeed?s=96&d=mm&r=g","caption":"f1000024"},"url":"https:\/\/cvinoticias.com\/v3\/author\/f1000024\/"}]}},"_links":{"self":[{"href":"https:\/\/cvinoticias.com\/v3\/wp-json\/wp\/v2\/posts\/62685","targetHints":{"allow":["GET"]}}],"collection":[{"href":"https:\/\/cvinoticias.com\/v3\/wp-json\/wp\/v2\/posts"}],"about":[{"href":"https:\/\/cvinoticias.com\/v3\/wp-json\/wp\/v2\/types\/post"}],"author":[{"embeddable":true,"href":"https:\/\/cvinoticias.com\/v3\/wp-json\/wp\/v2\/users\/2"}],"replies":[{"embeddable":true,"href":"https:\/\/cvinoticias.com\/v3\/wp-json\/wp\/v2\/comments?post=62685"}],"version-history":[{"count":1,"href":"https:\/\/cvinoticias.com\/v3\/wp-json\/wp\/v2\/posts\/62685\/revisions"}],"predecessor-version":[{"id":62687,"href":"https:\/\/cvinoticias.com\/v3\/wp-json\/wp\/v2\/posts\/62685\/revisions\/62687"}],"wp:featuredmedia":[{"embeddable":true,"href":"https:\/\/cvinoticias.com\/v3\/wp-json\/wp\/v2\/media\/62686"}],"wp:attachment":[{"href":"https:\/\/cvinoticias.com\/v3\/wp-json\/wp\/v2\/media?parent=62685"}],"wp:term":[{"taxonomy":"category","embeddable":true,"href":"https:\/\/cvinoticias.com\/v3\/wp-json\/wp\/v2\/categories?post=62685"},{"taxonomy":"post_tag","embeddable":true,"href":"https:\/\/cvinoticias.com\/v3\/wp-json\/wp\/v2\/tags?post=62685"}],"curies":[{"name":"wp","href":"https:\/\/api.w.org\/{rel}","templated":true}]}}