{"id":62682,"date":"2026-09-02T09:17:39","date_gmt":"2026-09-02T12:17:39","guid":{"rendered":"https:\/\/cvinoticias.com\/v3\/?p=62682"},"modified":"2026-09-02T09:17:40","modified_gmt":"2026-09-02T12:17:40","slug":"allanamiento-en-garupa-detuvieron-a-un-hombre-investigado-por-grooming","status":"publish","type":"post","link":"https:\/\/cvinoticias.com\/v3\/allanamiento-en-garupa-detuvieron-a-un-hombre-investigado-por-grooming\/","title":{"rendered":"Allanamiento en Garup\u00e1: detuvieron a un hombre investigado por grooming"},"content":{"rendered":"\n<p class=\"wp-block-paragraph\">Una investigaci\u00f3n por un presunto caso de grooming culmin\u00f3 este martes con un allanamiento en el barrio Norte de Garup\u00e1 y la detenci\u00f3n de&nbsp;<strong>Marcelo Orlando B.<\/strong>, de 32 a\u00f1os, quien trabaja en una empresa constructora de Posadas. El procedimiento se activ\u00f3 a partir de la denuncia presentada por la madre de una adolescente.<\/p>\n\n\n\n<figure class=\"wp-block-image is-resized\"><img decoding=\"async\" data-src=\"https:\/\/www.canal12misiones.com\/wp-content\/uploads\/2026\/09\/WhatsApp-Image-2026-09-01-at-20.36.37kkk.jpg\" alt=\"\" class=\"wp-image-780956 lazyload\" style=\"aspect-ratio:1.3394109396914446;width:955px;height:auto\" src=\"data:image\/svg+xml;base64,PHN2ZyB3aWR0aD0iMSIgaGVpZ2h0PSIxIiB4bWxucz0iaHR0cDovL3d3dy53My5vcmcvMjAwMC9zdmciPjwvc3ZnPg==\" \/><\/figure>\n\n\n\n<p class=\"wp-block-paragraph\">La medida fue solicitada por la Fiscal\u00eda de Instrucci\u00f3n Especializada en Ciberdelitos y ejecutada por orden de la jueza de Instrucci\u00f3n N.\u00ba 1,&nbsp;<strong>Carla Alejandra Freitag<\/strong>, tras una serie de tareas investigativas desplegadas para el esclarecimiento del hecho.<\/p>\n\n\n\n<p class=\"wp-block-paragraph\">El operativo estuvo coordinado por personal de la Secretar\u00eda de Apoyo para Investigaciones Complejas (Saic) del Ministerio P\u00fablico de la Provincia de Misiones, con la colaboraci\u00f3n de la Divisi\u00f3n Delitos Sexuales de la Polic\u00eda de Misiones y la comisar\u00eda jurisdiccional.<\/p>\n\n\n\n<p class=\"wp-block-paragraph\">Durante la intervenci\u00f3n, los peritos utilizaron herramientas forenses de alta tecnolog\u00eda para el abordaje de dispositivos y evidencia digital, lo que permiti\u00f3 identificar y verificar elementos de valor para la causa.<\/p>\n\n\n\n<p class=\"wp-block-paragraph\">Como resultado de la medida, el sospechoso qued\u00f3 alojado a disposici\u00f3n de la Justicia. Adem\u00e1s, las fuerzas secuestraron un tel\u00e9fono celular que fue remitido a la Saic para la extracci\u00f3n de datos y las pericias correspondientes.<\/p>\n\n\n\n<p class=\"wp-block-paragraph\">La causa avanza bajo las directivas de las autoridades judiciales intervinientes, manteni\u00e9ndose en estricta reserva la identidad de la v\u00edctima para resguardar su integridad.<\/p>\n\n\n\n<p class=\"wp-block-paragraph\">Fuente: Canal 12 Misiones<\/p>\n","protected":false},"excerpt":{"rendered":"<p>Una investigaci\u00f3n por un presunto caso de grooming culmin\u00f3 este martes con un allanamiento en el barrio Norte de Garup\u00e1 y la detenci\u00f3n de&nbsp;Marcelo Orlando B., de 32 a\u00f1os, quien trabaja en una empresa constructora de Posadas. El procedimiento se activ\u00f3 a partir de la denuncia presentada por la madre de una adolescente. La medida [&hellip;]<\/p>\n","protected":false},"author":2,"featured_media":62683,"comment_status":"open","ping_status":"closed","sticky":false,"template":"","format":"standard","meta":{"footnotes":""},"categories":[41],"tags":[1286,530,2315,7105,1824,1105],"class_list":["post-62682","post","type-post","status-publish","format-standard","has-post-thumbnail","hentry","category-policiales","tag-allanamiento","tag-detenido","tag-garupa","tag-gooming","tag-investigacion","tag-operativo"],"yoast_head":"<!-- This site is optimized with the Yoast SEO plugin v28.4 - https:\/\/yoast.com\/product\/yoast-seo-wordpress\/ -->\n<title>Allanamiento en Garup\u00e1: detuvieron a un hombre por grooming | CVI NOTICIAS<\/title>\n<meta name=\"description\" content=\"Un hombre de 32 a\u00f1os fue detenido en Garup\u00e1 durante un allanamiento por una investigaci\u00f3n relacionada con un presunto caso de grooming.\" \/>\n<meta name=\"robots\" content=\"index, follow, max-snippet:-1, max-image-preview:large, max-video-preview:-1\" \/>\n<link rel=\"canonical\" href=\"https:\/\/cvinoticias.com\/v3\/allanamiento-en-garupa-detuvieron-a-un-hombre-investigado-por-grooming\/\" \/>\n<meta property=\"og:locale\" content=\"es_ES\" \/>\n<meta property=\"og:type\" content=\"article\" \/>\n<meta property=\"og:title\" content=\"Allanamiento en Garup\u00e1: detuvieron a un hombre por grooming | CVI NOTICIAS\" \/>\n<meta property=\"og:description\" content=\"Un hombre de 32 a\u00f1os fue detenido en Garup\u00e1 durante un allanamiento por una investigaci\u00f3n relacionada con un presunto caso de grooming.\" \/>\n<meta property=\"og:url\" content=\"https:\/\/cvinoticias.com\/v3\/allanamiento-en-garupa-detuvieron-a-un-hombre-investigado-por-grooming\/\" \/>\n<meta property=\"og:site_name\" content=\"CVI NOTICIAS\" \/>\n<meta property=\"article:publisher\" content=\"https:\/\/www.facebook.com\/cvinoticias\" \/>\n<meta property=\"article:published_time\" content=\"2026-09-02T12:17:39+00:00\" \/>\n<meta property=\"article:modified_time\" content=\"2026-09-02T12:17:40+00:00\" \/>\n<meta property=\"og:image\" content=\"https:\/\/cvinoticias.com\/wp-content\/uploads\/2026\/09\/WhatsApp-Image-2026-09-01-at-20.07.48hfghhgh-1.webp\" \/>\n\t<meta property=\"og:image:width\" content=\"1079\" \/>\n\t<meta property=\"og:image:height\" content=\"730\" \/>\n\t<meta property=\"og:image:type\" content=\"image\/webp\" \/>\n<meta name=\"author\" content=\"f1000024\" \/>\n<meta name=\"twitter:card\" content=\"summary_large_image\" \/>\n<meta name=\"twitter:label1\" content=\"Escrito por\" \/>\n\t<meta name=\"twitter:data1\" content=\"f1000024\" \/>\n\t<meta name=\"twitter:label2\" content=\"Tiempo de lectura\" \/>\n\t<meta name=\"twitter:data2\" content=\"2 minutos\" \/>\n<script type=\"application\/ld+json\" class=\"yoast-schema-graph\">{\"@context\":\"https:\\\/\\\/schema.org\",\"@graph\":[{\"@type\":\"Article\",\"@id\":\"https:\\\/\\\/cvinoticias.com\\\/v3\\\/allanamiento-en-garupa-detuvieron-a-un-hombre-investigado-por-grooming\\\/#article\",\"isPartOf\":{\"@id\":\"https:\\\/\\\/cvinoticias.com\\\/v3\\\/allanamiento-en-garupa-detuvieron-a-un-hombre-investigado-por-grooming\\\/\"},\"author\":{\"name\":\"f1000024\",\"@id\":\"https:\\\/\\\/cvinoticias.com\\\/v3\\\/#\\\/schema\\\/person\\\/2db77e3c6bc03c538495d7b2b8be9b66\"},\"headline\":\"Allanamiento en Garup\u00e1: detuvieron a un hombre investigado por grooming\",\"datePublished\":\"2026-09-02T12:17:39+00:00\",\"dateModified\":\"2026-09-02T12:17:40+00:00\",\"mainEntityOfPage\":{\"@id\":\"https:\\\/\\\/cvinoticias.com\\\/v3\\\/allanamiento-en-garupa-detuvieron-a-un-hombre-investigado-por-grooming\\\/\"},\"wordCount\":256,\"commentCount\":0,\"publisher\":{\"@id\":\"https:\\\/\\\/cvinoticias.com\\\/v3\\\/#organization\"},\"image\":{\"@id\":\"https:\\\/\\\/cvinoticias.com\\\/v3\\\/allanamiento-en-garupa-detuvieron-a-un-hombre-investigado-por-grooming\\\/#primaryimage\"},\"thumbnailUrl\":\"https:\\\/\\\/cvinoticias.com\\\/wp-content\\\/uploads\\\/2026\\\/09\\\/WhatsApp-Image-2026-09-01-at-20.07.48hfghhgh-1.webp\",\"keywords\":[\"Allanamiento\",\"Detenido\",\"Garup\u00e1\",\"Gooming\",\"Investigaci\u00f3n\",\"Operativo\"],\"articleSection\":[\"Policiales\"],\"inLanguage\":\"es\",\"potentialAction\":[{\"@type\":\"CommentAction\",\"name\":\"Comment\",\"target\":[\"https:\\\/\\\/cvinoticias.com\\\/v3\\\/allanamiento-en-garupa-detuvieron-a-un-hombre-investigado-por-grooming\\\/#respond\"]}]},{\"@type\":\"WebPage\",\"@id\":\"https:\\\/\\\/cvinoticias.com\\\/v3\\\/allanamiento-en-garupa-detuvieron-a-un-hombre-investigado-por-grooming\\\/\",\"url\":\"https:\\\/\\\/cvinoticias.com\\\/v3\\\/allanamiento-en-garupa-detuvieron-a-un-hombre-investigado-por-grooming\\\/\",\"name\":\"Allanamiento en Garup\u00e1: detuvieron a un hombre por grooming | CVI NOTICIAS\",\"isPartOf\":{\"@id\":\"https:\\\/\\\/cvinoticias.com\\\/v3\\\/#website\"},\"primaryImageOfPage\":{\"@id\":\"https:\\\/\\\/cvinoticias.com\\\/v3\\\/allanamiento-en-garupa-detuvieron-a-un-hombre-investigado-por-grooming\\\/#primaryimage\"},\"image\":{\"@id\":\"https:\\\/\\\/cvinoticias.com\\\/v3\\\/allanamiento-en-garupa-detuvieron-a-un-hombre-investigado-por-grooming\\\/#primaryimage\"},\"thumbnailUrl\":\"https:\\\/\\\/cvinoticias.com\\\/wp-content\\\/uploads\\\/2026\\\/09\\\/WhatsApp-Image-2026-09-01-at-20.07.48hfghhgh-1.webp\",\"datePublished\":\"2026-09-02T12:17:39+00:00\",\"dateModified\":\"2026-09-02T12:17:40+00:00\",\"description\":\"Un hombre de 32 a\u00f1os fue detenido en Garup\u00e1 durante un allanamiento por una investigaci\u00f3n relacionada con un presunto caso de grooming.\",\"breadcrumb\":{\"@id\":\"https:\\\/\\\/cvinoticias.com\\\/v3\\\/allanamiento-en-garupa-detuvieron-a-un-hombre-investigado-por-grooming\\\/#breadcrumb\"},\"inLanguage\":\"es\",\"potentialAction\":[{\"@type\":\"ReadAction\",\"target\":[\"https:\\\/\\\/cvinoticias.com\\\/v3\\\/allanamiento-en-garupa-detuvieron-a-un-hombre-investigado-por-grooming\\\/\"]}]},{\"@type\":\"ImageObject\",\"inLanguage\":\"es\",\"@id\":\"https:\\\/\\\/cvinoticias.com\\\/v3\\\/allanamiento-en-garupa-detuvieron-a-un-hombre-investigado-por-grooming\\\/#primaryimage\",\"url\":\"https:\\\/\\\/cvinoticias.com\\\/wp-content\\\/uploads\\\/2026\\\/09\\\/WhatsApp-Image-2026-09-01-at-20.07.48hfghhgh-1.webp\",\"contentUrl\":\"https:\\\/\\\/cvinoticias.com\\\/wp-content\\\/uploads\\\/2026\\\/09\\\/WhatsApp-Image-2026-09-01-at-20.07.48hfghhgh-1.webp\",\"width\":1079,\"height\":730},{\"@type\":\"BreadcrumbList\",\"@id\":\"https:\\\/\\\/cvinoticias.com\\\/v3\\\/allanamiento-en-garupa-detuvieron-a-un-hombre-investigado-por-grooming\\\/#breadcrumb\",\"itemListElement\":[{\"@type\":\"ListItem\",\"position\":1,\"name\":\"Portada\",\"item\":\"https:\\\/\\\/cvinoticias.com\\\/v3\\\/\"},{\"@type\":\"ListItem\",\"position\":2,\"name\":\"Allanamiento en Garup\u00e1: detuvieron a un hombre investigado por grooming\"}]},{\"@type\":\"WebSite\",\"@id\":\"https:\\\/\\\/cvinoticias.com\\\/v3\\\/#website\",\"url\":\"https:\\\/\\\/cvinoticias.com\\\/v3\\\/\",\"name\":\"CVI NOTICIAS\",\"description\":\"\",\"publisher\":{\"@id\":\"https:\\\/\\\/cvinoticias.com\\\/v3\\\/#organization\"},\"alternateName\":\"CVI\",\"potentialAction\":[{\"@type\":\"SearchAction\",\"target\":{\"@type\":\"EntryPoint\",\"urlTemplate\":\"https:\\\/\\\/cvinoticias.com\\\/v3\\\/?s={search_term_string}\"},\"query-input\":{\"@type\":\"PropertyValueSpecification\",\"valueRequired\":true,\"valueName\":\"search_term_string\"}}],\"inLanguage\":\"es\"},{\"@type\":\"Organization\",\"@id\":\"https:\\\/\\\/cvinoticias.com\\\/v3\\\/#organization\",\"name\":\"CVI NOTICIAS\",\"url\":\"https:\\\/\\\/cvinoticias.com\\\/v3\\\/\",\"logo\":{\"@type\":\"ImageObject\",\"inLanguage\":\"es\",\"@id\":\"https:\\\/\\\/cvinoticias.com\\\/v3\\\/#\\\/schema\\\/logo\\\/image\\\/\",\"url\":\"https:\\\/\\\/cvinoticias.com\\\/wp-content\\\/uploads\\\/2023\\\/04\\\/cropped-cropped-cropped-cropped-cropped-3-1.png\",\"contentUrl\":\"https:\\\/\\\/cvinoticias.com\\\/wp-content\\\/uploads\\\/2023\\\/04\\\/cropped-cropped-cropped-cropped-cropped-3-1.png\",\"width\":95,\"height\":122,\"caption\":\"CVI NOTICIAS\"},\"image\":{\"@id\":\"https:\\\/\\\/cvinoticias.com\\\/v3\\\/#\\\/schema\\\/logo\\\/image\\\/\"},\"sameAs\":[\"https:\\\/\\\/www.facebook.com\\\/cvinoticias\",\"https:\\\/\\\/www.instagram.com\\\/cvinoticias\\\/\",\"https:\\\/\\\/www.youtube.com\\\/@CVINOTICIAS\"]},{\"@type\":\"Person\",\"@id\":\"https:\\\/\\\/cvinoticias.com\\\/v3\\\/#\\\/schema\\\/person\\\/2db77e3c6bc03c538495d7b2b8be9b66\",\"name\":\"f1000024\",\"image\":{\"@type\":\"ImageObject\",\"inLanguage\":\"es\",\"@id\":\"https:\\\/\\\/secure.gravatar.com\\\/avatar\\\/d4fe7459cfc51ff5129ce1a732bbef5928568b8092d412ef95611616376bbeed?s=96&d=mm&r=g\",\"url\":\"https:\\\/\\\/secure.gravatar.com\\\/avatar\\\/d4fe7459cfc51ff5129ce1a732bbef5928568b8092d412ef95611616376bbeed?s=96&d=mm&r=g\",\"contentUrl\":\"https:\\\/\\\/secure.gravatar.com\\\/avatar\\\/d4fe7459cfc51ff5129ce1a732bbef5928568b8092d412ef95611616376bbeed?s=96&d=mm&r=g\",\"caption\":\"f1000024\"},\"url\":\"https:\\\/\\\/cvinoticias.com\\\/v3\\\/author\\\/f1000024\\\/\"}]}<\/script>\n<!-- \/ Yoast SEO plugin. -->","yoast_head_json":{"title":"Allanamiento en Garup\u00e1: detuvieron a un hombre por grooming | CVI NOTICIAS","description":"Un hombre de 32 a\u00f1os fue detenido en Garup\u00e1 durante un allanamiento por una investigaci\u00f3n relacionada con un presunto caso de grooming.","robots":{"index":"index","follow":"follow","max-snippet":"max-snippet:-1","max-image-preview":"max-image-preview:large","max-video-preview":"max-video-preview:-1"},"canonical":"https:\/\/cvinoticias.com\/v3\/allanamiento-en-garupa-detuvieron-a-un-hombre-investigado-por-grooming\/","og_locale":"es_ES","og_type":"article","og_title":"Allanamiento en Garup\u00e1: detuvieron a un hombre por grooming | CVI NOTICIAS","og_description":"Un hombre de 32 a\u00f1os fue detenido en Garup\u00e1 durante un allanamiento por una investigaci\u00f3n relacionada con un presunto caso de grooming.","og_url":"https:\/\/cvinoticias.com\/v3\/allanamiento-en-garupa-detuvieron-a-un-hombre-investigado-por-grooming\/","og_site_name":"CVI NOTICIAS","article_publisher":"https:\/\/www.facebook.com\/cvinoticias","article_published_time":"2026-09-02T12:17:39+00:00","article_modified_time":"2026-09-02T12:17:40+00:00","og_image":[{"width":1079,"height":730,"url":"https:\/\/cvinoticias.com\/wp-content\/uploads\/2026\/09\/WhatsApp-Image-2026-09-01-at-20.07.48hfghhgh-1.webp","type":"image\/webp"}],"author":"f1000024","twitter_card":"summary_large_image","twitter_misc":{"Escrito por":"f1000024","Tiempo de lectura":"2 minutos"},"schema":{"@context":"https:\/\/schema.org","@graph":[{"@type":"Article","@id":"https:\/\/cvinoticias.com\/v3\/allanamiento-en-garupa-detuvieron-a-un-hombre-investigado-por-grooming\/#article","isPartOf":{"@id":"https:\/\/cvinoticias.com\/v3\/allanamiento-en-garupa-detuvieron-a-un-hombre-investigado-por-grooming\/"},"author":{"name":"f1000024","@id":"https:\/\/cvinoticias.com\/v3\/#\/schema\/person\/2db77e3c6bc03c538495d7b2b8be9b66"},"headline":"Allanamiento en Garup\u00e1: detuvieron a un hombre investigado por grooming","datePublished":"2026-09-02T12:17:39+00:00","dateModified":"2026-09-02T12:17:40+00:00","mainEntityOfPage":{"@id":"https:\/\/cvinoticias.com\/v3\/allanamiento-en-garupa-detuvieron-a-un-hombre-investigado-por-grooming\/"},"wordCount":256,"commentCount":0,"publisher":{"@id":"https:\/\/cvinoticias.com\/v3\/#organization"},"image":{"@id":"https:\/\/cvinoticias.com\/v3\/allanamiento-en-garupa-detuvieron-a-un-hombre-investigado-por-grooming\/#primaryimage"},"thumbnailUrl":"https:\/\/cvinoticias.com\/wp-content\/uploads\/2026\/09\/WhatsApp-Image-2026-09-01-at-20.07.48hfghhgh-1.webp","keywords":["Allanamiento","Detenido","Garup\u00e1","Gooming","Investigaci\u00f3n","Operativo"],"articleSection":["Policiales"],"inLanguage":"es","potentialAction":[{"@type":"CommentAction","name":"Comment","target":["https:\/\/cvinoticias.com\/v3\/allanamiento-en-garupa-detuvieron-a-un-hombre-investigado-por-grooming\/#respond"]}]},{"@type":"WebPage","@id":"https:\/\/cvinoticias.com\/v3\/allanamiento-en-garupa-detuvieron-a-un-hombre-investigado-por-grooming\/","url":"https:\/\/cvinoticias.com\/v3\/allanamiento-en-garupa-detuvieron-a-un-hombre-investigado-por-grooming\/","name":"Allanamiento en Garup\u00e1: detuvieron a un hombre por grooming | CVI NOTICIAS","isPartOf":{"@id":"https:\/\/cvinoticias.com\/v3\/#website"},"primaryImageOfPage":{"@id":"https:\/\/cvinoticias.com\/v3\/allanamiento-en-garupa-detuvieron-a-un-hombre-investigado-por-grooming\/#primaryimage"},"image":{"@id":"https:\/\/cvinoticias.com\/v3\/allanamiento-en-garupa-detuvieron-a-un-hombre-investigado-por-grooming\/#primaryimage"},"thumbnailUrl":"https:\/\/cvinoticias.com\/wp-content\/uploads\/2026\/09\/WhatsApp-Image-2026-09-01-at-20.07.48hfghhgh-1.webp","datePublished":"2026-09-02T12:17:39+00:00","dateModified":"2026-09-02T12:17:40+00:00","description":"Un hombre de 32 a\u00f1os fue detenido en Garup\u00e1 durante un allanamiento por una investigaci\u00f3n relacionada con un presunto caso de grooming.","breadcrumb":{"@id":"https:\/\/cvinoticias.com\/v3\/allanamiento-en-garupa-detuvieron-a-un-hombre-investigado-por-grooming\/#breadcrumb"},"inLanguage":"es","potentialAction":[{"@type":"ReadAction","target":["https:\/\/cvinoticias.com\/v3\/allanamiento-en-garupa-detuvieron-a-un-hombre-investigado-por-grooming\/"]}]},{"@type":"ImageObject","inLanguage":"es","@id":"https:\/\/cvinoticias.com\/v3\/allanamiento-en-garupa-detuvieron-a-un-hombre-investigado-por-grooming\/#primaryimage","url":"https:\/\/cvinoticias.com\/wp-content\/uploads\/2026\/09\/WhatsApp-Image-2026-09-01-at-20.07.48hfghhgh-1.webp","contentUrl":"https:\/\/cvinoticias.com\/wp-content\/uploads\/2026\/09\/WhatsApp-Image-2026-09-01-at-20.07.48hfghhgh-1.webp","width":1079,"height":730},{"@type":"BreadcrumbList","@id":"https:\/\/cvinoticias.com\/v3\/allanamiento-en-garupa-detuvieron-a-un-hombre-investigado-por-grooming\/#breadcrumb","itemListElement":[{"@type":"ListItem","position":1,"name":"Portada","item":"https:\/\/cvinoticias.com\/v3\/"},{"@type":"ListItem","position":2,"name":"Allanamiento en Garup\u00e1: detuvieron a un hombre investigado por grooming"}]},{"@type":"WebSite","@id":"https:\/\/cvinoticias.com\/v3\/#website","url":"https:\/\/cvinoticias.com\/v3\/","name":"CVI NOTICIAS","description":"","publisher":{"@id":"https:\/\/cvinoticias.com\/v3\/#organization"},"alternateName":"CVI","potentialAction":[{"@type":"SearchAction","target":{"@type":"EntryPoint","urlTemplate":"https:\/\/cvinoticias.com\/v3\/?s={search_term_string}"},"query-input":{"@type":"PropertyValueSpecification","valueRequired":true,"valueName":"search_term_string"}}],"inLanguage":"es"},{"@type":"Organization","@id":"https:\/\/cvinoticias.com\/v3\/#organization","name":"CVI NOTICIAS","url":"https:\/\/cvinoticias.com\/v3\/","logo":{"@type":"ImageObject","inLanguage":"es","@id":"https:\/\/cvinoticias.com\/v3\/#\/schema\/logo\/image\/","url":"https:\/\/cvinoticias.com\/wp-content\/uploads\/2023\/04\/cropped-cropped-cropped-cropped-cropped-3-1.png","contentUrl":"https:\/\/cvinoticias.com\/wp-content\/uploads\/2023\/04\/cropped-cropped-cropped-cropped-cropped-3-1.png","width":95,"height":122,"caption":"CVI NOTICIAS"},"image":{"@id":"https:\/\/cvinoticias.com\/v3\/#\/schema\/logo\/image\/"},"sameAs":["https:\/\/www.facebook.com\/cvinoticias","https:\/\/www.instagram.com\/cvinoticias\/","https:\/\/www.youtube.com\/@CVINOTICIAS"]},{"@type":"Person","@id":"https:\/\/cvinoticias.com\/v3\/#\/schema\/person\/2db77e3c6bc03c538495d7b2b8be9b66","name":"f1000024","image":{"@type":"ImageObject","inLanguage":"es","@id":"https:\/\/secure.gravatar.com\/avatar\/d4fe7459cfc51ff5129ce1a732bbef5928568b8092d412ef95611616376bbeed?s=96&d=mm&r=g","url":"https:\/\/secure.gravatar.com\/avatar\/d4fe7459cfc51ff5129ce1a732bbef5928568b8092d412ef95611616376bbeed?s=96&d=mm&r=g","contentUrl":"https:\/\/secure.gravatar.com\/avatar\/d4fe7459cfc51ff5129ce1a732bbef5928568b8092d412ef95611616376bbeed?s=96&d=mm&r=g","caption":"f1000024"},"url":"https:\/\/cvinoticias.com\/v3\/author\/f1000024\/"}]}},"_links":{"self":[{"href":"https:\/\/cvinoticias.com\/v3\/wp-json\/wp\/v2\/posts\/62682","targetHints":{"allow":["GET"]}}],"collection":[{"href":"https:\/\/cvinoticias.com\/v3\/wp-json\/wp\/v2\/posts"}],"about":[{"href":"https:\/\/cvinoticias.com\/v3\/wp-json\/wp\/v2\/types\/post"}],"author":[{"embeddable":true,"href":"https:\/\/cvinoticias.com\/v3\/wp-json\/wp\/v2\/users\/2"}],"replies":[{"embeddable":true,"href":"https:\/\/cvinoticias.com\/v3\/wp-json\/wp\/v2\/comments?post=62682"}],"version-history":[{"count":1,"href":"https:\/\/cvinoticias.com\/v3\/wp-json\/wp\/v2\/posts\/62682\/revisions"}],"predecessor-version":[{"id":62684,"href":"https:\/\/cvinoticias.com\/v3\/wp-json\/wp\/v2\/posts\/62682\/revisions\/62684"}],"wp:featuredmedia":[{"embeddable":true,"href":"https:\/\/cvinoticias.com\/v3\/wp-json\/wp\/v2\/media\/62683"}],"wp:attachment":[{"href":"https:\/\/cvinoticias.com\/v3\/wp-json\/wp\/v2\/media?parent=62682"}],"wp:term":[{"taxonomy":"category","embeddable":true,"href":"https:\/\/cvinoticias.com\/v3\/wp-json\/wp\/v2\/categories?post=62682"},{"taxonomy":"post_tag","embeddable":true,"href":"https:\/\/cvinoticias.com\/v3\/wp-json\/wp\/v2\/tags?post=62682"}],"curies":[{"name":"wp","href":"https:\/\/api.w.org\/{rel}","templated":true}]}}