{"id":6268,"date":"2021-06-24T14:40:41","date_gmt":"2021-06-24T14:40:41","guid":{"rendered":"https:\/\/cvinoticias.com\/v3\/?p=6268"},"modified":"2021-06-24T14:40:41","modified_gmt":"2021-06-24T14:40:41","slug":"abrieron-las-preinscripciones-para-cadetes-de-gendarmeria-nacional","status":"publish","type":"post","link":"https:\/\/cvinoticias.com\/v3\/abrieron-las-preinscripciones-para-cadetes-de-gendarmeria-nacional\/","title":{"rendered":"Abrieron las preinscripciones para cadetes de Gendarmer\u00eda Nacional"},"content":{"rendered":"\n<p><strong><em>La Gendarmer\u00eda Nacional anunci\u00f3 que comenz\u00f3 la pre-inscripci\u00f3n para aquellos interesados en postularse a puestos de cadetes. Desde la Fuerza indicaron que el proceso ser\u00e1 exclusivamente online y los postulantes podr\u00e1n subir sus datos a la plataforma virtual hasta el 2 de julio inclusive.<\/em><\/strong><\/p>\n\n\n\n<p>El potencial ingresante deber\u00e1 contar con un correo electr\u00f3nico habilitado ya que ser\u00e1 el \u00fanico medio por el que se recibir\u00e1 informaci\u00f3n sobre la postulaci\u00f3n. Gendarmer\u00eda aclar\u00f3 que la pre-inscripci\u00f3n no requiere la presentaci\u00f3n presencial de documentos, sino que deben cargarse en el sitio dispuesto.<\/p>\n\n\n\n<p><\/p>\n","protected":false},"excerpt":{"rendered":"<p>La Gendarmer\u00eda Nacional anunci\u00f3 que comenz\u00f3 la pre-inscripci\u00f3n para aquellos interesados en postularse a puestos de cadetes. Desde la Fuerza indicaron que el proceso ser\u00e1 exclusivamente online y los postulantes podr\u00e1n subir sus datos a la plataforma virtual hasta el 2 de julio inclusive. El potencial ingresante deber\u00e1 contar con un correo electr\u00f3nico habilitado ya [&hellip;]<\/p>\n","protected":false},"author":2,"featured_media":6269,"comment_status":"open","ping_status":"open","sticky":false,"template":"","format":"standard","meta":{"footnotes":""},"categories":[35],"tags":[],"class_list":["post-6268","post","type-post","status-publish","format-standard","has-post-thumbnail","hentry","category-informacion-general"],"yoast_head":"<!-- This site is optimized with the Yoast SEO plugin v27.4 - https:\/\/yoast.com\/product\/yoast-seo-wordpress\/ -->\n<title>Abrieron las preinscripciones para cadetes de Gendarmer\u00eda Nacional | CVI NOTICIAS<\/title>\n<meta name=\"robots\" content=\"index, follow, max-snippet:-1, max-image-preview:large, max-video-preview:-1\" \/>\n<link rel=\"canonical\" href=\"https:\/\/cvinoticias.com\/v3\/abrieron-las-preinscripciones-para-cadetes-de-gendarmeria-nacional\/\" \/>\n<meta property=\"og:locale\" content=\"es_ES\" \/>\n<meta property=\"og:type\" content=\"article\" \/>\n<meta property=\"og:title\" content=\"Abrieron las preinscripciones para cadetes de Gendarmer\u00eda Nacional | CVI NOTICIAS\" \/>\n<meta property=\"og:description\" content=\"La Gendarmer\u00eda Nacional anunci\u00f3 que comenz\u00f3 la pre-inscripci\u00f3n para aquellos interesados en postularse a puestos de cadetes. Desde la Fuerza indicaron que el proceso ser\u00e1 exclusivamente online y los postulantes podr\u00e1n subir sus datos a la plataforma virtual hasta el 2 de julio inclusive. El potencial ingresante deber\u00e1 contar con un correo electr\u00f3nico habilitado ya [&hellip;]\" \/>\n<meta property=\"og:url\" content=\"https:\/\/cvinoticias.com\/v3\/abrieron-las-preinscripciones-para-cadetes-de-gendarmeria-nacional\/\" \/>\n<meta property=\"og:site_name\" content=\"CVI NOTICIAS\" \/>\n<meta property=\"article:publisher\" content=\"https:\/\/www.facebook.com\/cvinoticias\" \/>\n<meta property=\"article:published_time\" content=\"2021-06-24T14:40:41+00:00\" \/>\n<meta property=\"og:image\" content=\"https:\/\/cvinoticias.com\/wp-content\/uploads\/2021\/06\/Gendarmeria-Nacional-1.jpg\" \/>\n\t<meta property=\"og:image:width\" content=\"870\" \/>\n\t<meta property=\"og:image:height\" content=\"490\" \/>\n\t<meta property=\"og:image:type\" content=\"image\/jpeg\" \/>\n<meta name=\"author\" content=\"f1000024\" \/>\n<meta name=\"twitter:card\" content=\"summary_large_image\" \/>\n<meta name=\"twitter:label1\" content=\"Escrito por\" \/>\n\t<meta name=\"twitter:data1\" content=\"f1000024\" \/>\n<script type=\"application\/ld+json\" class=\"yoast-schema-graph\">{\"@context\":\"https:\\\/\\\/schema.org\",\"@graph\":[{\"@type\":\"Article\",\"@id\":\"https:\\\/\\\/cvinoticias.com\\\/v3\\\/abrieron-las-preinscripciones-para-cadetes-de-gendarmeria-nacional\\\/#article\",\"isPartOf\":{\"@id\":\"https:\\\/\\\/cvinoticias.com\\\/v3\\\/abrieron-las-preinscripciones-para-cadetes-de-gendarmeria-nacional\\\/\"},\"author\":{\"name\":\"f1000024\",\"@id\":\"https:\\\/\\\/cvinoticias.com\\\/v3\\\/#\\\/schema\\\/person\\\/2db77e3c6bc03c538495d7b2b8be9b66\"},\"headline\":\"Abrieron las preinscripciones para cadetes de Gendarmer\u00eda Nacional\",\"datePublished\":\"2021-06-24T14:40:41+00:00\",\"mainEntityOfPage\":{\"@id\":\"https:\\\/\\\/cvinoticias.com\\\/v3\\\/abrieron-las-preinscripciones-para-cadetes-de-gendarmeria-nacional\\\/\"},\"wordCount\":106,\"commentCount\":4,\"publisher\":{\"@id\":\"https:\\\/\\\/cvinoticias.com\\\/v3\\\/#organization\"},\"image\":{\"@id\":\"https:\\\/\\\/cvinoticias.com\\\/v3\\\/abrieron-las-preinscripciones-para-cadetes-de-gendarmeria-nacional\\\/#primaryimage\"},\"thumbnailUrl\":\"https:\\\/\\\/cvinoticias.com\\\/wp-content\\\/uploads\\\/2021\\\/06\\\/Gendarmeria-Nacional-1.jpg\",\"articleSection\":[\"Informaci\u00f3n General\"],\"inLanguage\":\"es\",\"potentialAction\":[{\"@type\":\"CommentAction\",\"name\":\"Comment\",\"target\":[\"https:\\\/\\\/cvinoticias.com\\\/v3\\\/abrieron-las-preinscripciones-para-cadetes-de-gendarmeria-nacional\\\/#respond\"]}]},{\"@type\":\"WebPage\",\"@id\":\"https:\\\/\\\/cvinoticias.com\\\/v3\\\/abrieron-las-preinscripciones-para-cadetes-de-gendarmeria-nacional\\\/\",\"url\":\"https:\\\/\\\/cvinoticias.com\\\/v3\\\/abrieron-las-preinscripciones-para-cadetes-de-gendarmeria-nacional\\\/\",\"name\":\"Abrieron las preinscripciones para cadetes de Gendarmer\u00eda Nacional | CVI NOTICIAS\",\"isPartOf\":{\"@id\":\"https:\\\/\\\/cvinoticias.com\\\/v3\\\/#website\"},\"primaryImageOfPage\":{\"@id\":\"https:\\\/\\\/cvinoticias.com\\\/v3\\\/abrieron-las-preinscripciones-para-cadetes-de-gendarmeria-nacional\\\/#primaryimage\"},\"image\":{\"@id\":\"https:\\\/\\\/cvinoticias.com\\\/v3\\\/abrieron-las-preinscripciones-para-cadetes-de-gendarmeria-nacional\\\/#primaryimage\"},\"thumbnailUrl\":\"https:\\\/\\\/cvinoticias.com\\\/wp-content\\\/uploads\\\/2021\\\/06\\\/Gendarmeria-Nacional-1.jpg\",\"datePublished\":\"2021-06-24T14:40:41+00:00\",\"breadcrumb\":{\"@id\":\"https:\\\/\\\/cvinoticias.com\\\/v3\\\/abrieron-las-preinscripciones-para-cadetes-de-gendarmeria-nacional\\\/#breadcrumb\"},\"inLanguage\":\"es\",\"potentialAction\":[{\"@type\":\"ReadAction\",\"target\":[\"https:\\\/\\\/cvinoticias.com\\\/v3\\\/abrieron-las-preinscripciones-para-cadetes-de-gendarmeria-nacional\\\/\"]}]},{\"@type\":\"ImageObject\",\"inLanguage\":\"es\",\"@id\":\"https:\\\/\\\/cvinoticias.com\\\/v3\\\/abrieron-las-preinscripciones-para-cadetes-de-gendarmeria-nacional\\\/#primaryimage\",\"url\":\"https:\\\/\\\/cvinoticias.com\\\/wp-content\\\/uploads\\\/2021\\\/06\\\/Gendarmeria-Nacional-1.jpg\",\"contentUrl\":\"https:\\\/\\\/cvinoticias.com\\\/wp-content\\\/uploads\\\/2021\\\/06\\\/Gendarmeria-Nacional-1.jpg\",\"width\":870,\"height\":490},{\"@type\":\"BreadcrumbList\",\"@id\":\"https:\\\/\\\/cvinoticias.com\\\/v3\\\/abrieron-las-preinscripciones-para-cadetes-de-gendarmeria-nacional\\\/#breadcrumb\",\"itemListElement\":[{\"@type\":\"ListItem\",\"position\":1,\"name\":\"Portada\",\"item\":\"https:\\\/\\\/cvinoticias.com\\\/v3\\\/\"},{\"@type\":\"ListItem\",\"position\":2,\"name\":\"Abrieron las preinscripciones para cadetes de Gendarmer\u00eda Nacional\"}]},{\"@type\":\"WebSite\",\"@id\":\"https:\\\/\\\/cvinoticias.com\\\/v3\\\/#website\",\"url\":\"https:\\\/\\\/cvinoticias.com\\\/v3\\\/\",\"name\":\"CVI NOTICIAS\",\"description\":\"\",\"publisher\":{\"@id\":\"https:\\\/\\\/cvinoticias.com\\\/v3\\\/#organization\"},\"alternateName\":\"CVI\",\"potentialAction\":[{\"@type\":\"SearchAction\",\"target\":{\"@type\":\"EntryPoint\",\"urlTemplate\":\"https:\\\/\\\/cvinoticias.com\\\/v3\\\/?s={search_term_string}\"},\"query-input\":{\"@type\":\"PropertyValueSpecification\",\"valueRequired\":true,\"valueName\":\"search_term_string\"}}],\"inLanguage\":\"es\"},{\"@type\":\"Organization\",\"@id\":\"https:\\\/\\\/cvinoticias.com\\\/v3\\\/#organization\",\"name\":\"CVI NOTICIAS\",\"url\":\"https:\\\/\\\/cvinoticias.com\\\/v3\\\/\",\"logo\":{\"@type\":\"ImageObject\",\"inLanguage\":\"es\",\"@id\":\"https:\\\/\\\/cvinoticias.com\\\/v3\\\/#\\\/schema\\\/logo\\\/image\\\/\",\"url\":\"https:\\\/\\\/cvinoticias.com\\\/wp-content\\\/uploads\\\/2023\\\/04\\\/cropped-cropped-cropped-cropped-cropped-3-1.png\",\"contentUrl\":\"https:\\\/\\\/cvinoticias.com\\\/wp-content\\\/uploads\\\/2023\\\/04\\\/cropped-cropped-cropped-cropped-cropped-3-1.png\",\"width\":95,\"height\":122,\"caption\":\"CVI NOTICIAS\"},\"image\":{\"@id\":\"https:\\\/\\\/cvinoticias.com\\\/v3\\\/#\\\/schema\\\/logo\\\/image\\\/\"},\"sameAs\":[\"https:\\\/\\\/www.facebook.com\\\/cvinoticias\",\"https:\\\/\\\/www.instagram.com\\\/cvinoticias\\\/\",\"https:\\\/\\\/www.youtube.com\\\/@CVINOTICIAS\"]},{\"@type\":\"Person\",\"@id\":\"https:\\\/\\\/cvinoticias.com\\\/v3\\\/#\\\/schema\\\/person\\\/2db77e3c6bc03c538495d7b2b8be9b66\",\"name\":\"f1000024\",\"image\":{\"@type\":\"ImageObject\",\"inLanguage\":\"es\",\"@id\":\"https:\\\/\\\/secure.gravatar.com\\\/avatar\\\/d4fe7459cfc51ff5129ce1a732bbef5928568b8092d412ef95611616376bbeed?s=96&d=mm&r=g\",\"url\":\"https:\\\/\\\/secure.gravatar.com\\\/avatar\\\/d4fe7459cfc51ff5129ce1a732bbef5928568b8092d412ef95611616376bbeed?s=96&d=mm&r=g\",\"contentUrl\":\"https:\\\/\\\/secure.gravatar.com\\\/avatar\\\/d4fe7459cfc51ff5129ce1a732bbef5928568b8092d412ef95611616376bbeed?s=96&d=mm&r=g\",\"caption\":\"f1000024\"},\"url\":\"https:\\\/\\\/cvinoticias.com\\\/v3\\\/author\\\/f1000024\\\/\"}]}<\/script>\n<!-- \/ Yoast SEO plugin. -->","yoast_head_json":{"title":"Abrieron las preinscripciones para cadetes de Gendarmer\u00eda Nacional | CVI NOTICIAS","robots":{"index":"index","follow":"follow","max-snippet":"max-snippet:-1","max-image-preview":"max-image-preview:large","max-video-preview":"max-video-preview:-1"},"canonical":"https:\/\/cvinoticias.com\/v3\/abrieron-las-preinscripciones-para-cadetes-de-gendarmeria-nacional\/","og_locale":"es_ES","og_type":"article","og_title":"Abrieron las preinscripciones para cadetes de Gendarmer\u00eda Nacional | CVI NOTICIAS","og_description":"La Gendarmer\u00eda Nacional anunci\u00f3 que comenz\u00f3 la pre-inscripci\u00f3n para aquellos interesados en postularse a puestos de cadetes. Desde la Fuerza indicaron que el proceso ser\u00e1 exclusivamente online y los postulantes podr\u00e1n subir sus datos a la plataforma virtual hasta el 2 de julio inclusive. El potencial ingresante deber\u00e1 contar con un correo electr\u00f3nico habilitado ya [&hellip;]","og_url":"https:\/\/cvinoticias.com\/v3\/abrieron-las-preinscripciones-para-cadetes-de-gendarmeria-nacional\/","og_site_name":"CVI NOTICIAS","article_publisher":"https:\/\/www.facebook.com\/cvinoticias","article_published_time":"2021-06-24T14:40:41+00:00","og_image":[{"width":870,"height":490,"url":"https:\/\/cvinoticias.com\/wp-content\/uploads\/2021\/06\/Gendarmeria-Nacional-1.jpg","type":"image\/jpeg"}],"author":"f1000024","twitter_card":"summary_large_image","twitter_misc":{"Escrito por":"f1000024"},"schema":{"@context":"https:\/\/schema.org","@graph":[{"@type":"Article","@id":"https:\/\/cvinoticias.com\/v3\/abrieron-las-preinscripciones-para-cadetes-de-gendarmeria-nacional\/#article","isPartOf":{"@id":"https:\/\/cvinoticias.com\/v3\/abrieron-las-preinscripciones-para-cadetes-de-gendarmeria-nacional\/"},"author":{"name":"f1000024","@id":"https:\/\/cvinoticias.com\/v3\/#\/schema\/person\/2db77e3c6bc03c538495d7b2b8be9b66"},"headline":"Abrieron las preinscripciones para cadetes de Gendarmer\u00eda Nacional","datePublished":"2021-06-24T14:40:41+00:00","mainEntityOfPage":{"@id":"https:\/\/cvinoticias.com\/v3\/abrieron-las-preinscripciones-para-cadetes-de-gendarmeria-nacional\/"},"wordCount":106,"commentCount":4,"publisher":{"@id":"https:\/\/cvinoticias.com\/v3\/#organization"},"image":{"@id":"https:\/\/cvinoticias.com\/v3\/abrieron-las-preinscripciones-para-cadetes-de-gendarmeria-nacional\/#primaryimage"},"thumbnailUrl":"https:\/\/cvinoticias.com\/wp-content\/uploads\/2021\/06\/Gendarmeria-Nacional-1.jpg","articleSection":["Informaci\u00f3n General"],"inLanguage":"es","potentialAction":[{"@type":"CommentAction","name":"Comment","target":["https:\/\/cvinoticias.com\/v3\/abrieron-las-preinscripciones-para-cadetes-de-gendarmeria-nacional\/#respond"]}]},{"@type":"WebPage","@id":"https:\/\/cvinoticias.com\/v3\/abrieron-las-preinscripciones-para-cadetes-de-gendarmeria-nacional\/","url":"https:\/\/cvinoticias.com\/v3\/abrieron-las-preinscripciones-para-cadetes-de-gendarmeria-nacional\/","name":"Abrieron las preinscripciones para cadetes de Gendarmer\u00eda Nacional | CVI NOTICIAS","isPartOf":{"@id":"https:\/\/cvinoticias.com\/v3\/#website"},"primaryImageOfPage":{"@id":"https:\/\/cvinoticias.com\/v3\/abrieron-las-preinscripciones-para-cadetes-de-gendarmeria-nacional\/#primaryimage"},"image":{"@id":"https:\/\/cvinoticias.com\/v3\/abrieron-las-preinscripciones-para-cadetes-de-gendarmeria-nacional\/#primaryimage"},"thumbnailUrl":"https:\/\/cvinoticias.com\/wp-content\/uploads\/2021\/06\/Gendarmeria-Nacional-1.jpg","datePublished":"2021-06-24T14:40:41+00:00","breadcrumb":{"@id":"https:\/\/cvinoticias.com\/v3\/abrieron-las-preinscripciones-para-cadetes-de-gendarmeria-nacional\/#breadcrumb"},"inLanguage":"es","potentialAction":[{"@type":"ReadAction","target":["https:\/\/cvinoticias.com\/v3\/abrieron-las-preinscripciones-para-cadetes-de-gendarmeria-nacional\/"]}]},{"@type":"ImageObject","inLanguage":"es","@id":"https:\/\/cvinoticias.com\/v3\/abrieron-las-preinscripciones-para-cadetes-de-gendarmeria-nacional\/#primaryimage","url":"https:\/\/cvinoticias.com\/wp-content\/uploads\/2021\/06\/Gendarmeria-Nacional-1.jpg","contentUrl":"https:\/\/cvinoticias.com\/wp-content\/uploads\/2021\/06\/Gendarmeria-Nacional-1.jpg","width":870,"height":490},{"@type":"BreadcrumbList","@id":"https:\/\/cvinoticias.com\/v3\/abrieron-las-preinscripciones-para-cadetes-de-gendarmeria-nacional\/#breadcrumb","itemListElement":[{"@type":"ListItem","position":1,"name":"Portada","item":"https:\/\/cvinoticias.com\/v3\/"},{"@type":"ListItem","position":2,"name":"Abrieron las preinscripciones para cadetes de Gendarmer\u00eda Nacional"}]},{"@type":"WebSite","@id":"https:\/\/cvinoticias.com\/v3\/#website","url":"https:\/\/cvinoticias.com\/v3\/","name":"CVI NOTICIAS","description":"","publisher":{"@id":"https:\/\/cvinoticias.com\/v3\/#organization"},"alternateName":"CVI","potentialAction":[{"@type":"SearchAction","target":{"@type":"EntryPoint","urlTemplate":"https:\/\/cvinoticias.com\/v3\/?s={search_term_string}"},"query-input":{"@type":"PropertyValueSpecification","valueRequired":true,"valueName":"search_term_string"}}],"inLanguage":"es"},{"@type":"Organization","@id":"https:\/\/cvinoticias.com\/v3\/#organization","name":"CVI NOTICIAS","url":"https:\/\/cvinoticias.com\/v3\/","logo":{"@type":"ImageObject","inLanguage":"es","@id":"https:\/\/cvinoticias.com\/v3\/#\/schema\/logo\/image\/","url":"https:\/\/cvinoticias.com\/wp-content\/uploads\/2023\/04\/cropped-cropped-cropped-cropped-cropped-3-1.png","contentUrl":"https:\/\/cvinoticias.com\/wp-content\/uploads\/2023\/04\/cropped-cropped-cropped-cropped-cropped-3-1.png","width":95,"height":122,"caption":"CVI NOTICIAS"},"image":{"@id":"https:\/\/cvinoticias.com\/v3\/#\/schema\/logo\/image\/"},"sameAs":["https:\/\/www.facebook.com\/cvinoticias","https:\/\/www.instagram.com\/cvinoticias\/","https:\/\/www.youtube.com\/@CVINOTICIAS"]},{"@type":"Person","@id":"https:\/\/cvinoticias.com\/v3\/#\/schema\/person\/2db77e3c6bc03c538495d7b2b8be9b66","name":"f1000024","image":{"@type":"ImageObject","inLanguage":"es","@id":"https:\/\/secure.gravatar.com\/avatar\/d4fe7459cfc51ff5129ce1a732bbef5928568b8092d412ef95611616376bbeed?s=96&d=mm&r=g","url":"https:\/\/secure.gravatar.com\/avatar\/d4fe7459cfc51ff5129ce1a732bbef5928568b8092d412ef95611616376bbeed?s=96&d=mm&r=g","contentUrl":"https:\/\/secure.gravatar.com\/avatar\/d4fe7459cfc51ff5129ce1a732bbef5928568b8092d412ef95611616376bbeed?s=96&d=mm&r=g","caption":"f1000024"},"url":"https:\/\/cvinoticias.com\/v3\/author\/f1000024\/"}]}},"_links":{"self":[{"href":"https:\/\/cvinoticias.com\/v3\/wp-json\/wp\/v2\/posts\/6268","targetHints":{"allow":["GET"]}}],"collection":[{"href":"https:\/\/cvinoticias.com\/v3\/wp-json\/wp\/v2\/posts"}],"about":[{"href":"https:\/\/cvinoticias.com\/v3\/wp-json\/wp\/v2\/types\/post"}],"author":[{"embeddable":true,"href":"https:\/\/cvinoticias.com\/v3\/wp-json\/wp\/v2\/users\/2"}],"replies":[{"embeddable":true,"href":"https:\/\/cvinoticias.com\/v3\/wp-json\/wp\/v2\/comments?post=6268"}],"version-history":[{"count":1,"href":"https:\/\/cvinoticias.com\/v3\/wp-json\/wp\/v2\/posts\/6268\/revisions"}],"predecessor-version":[{"id":6270,"href":"https:\/\/cvinoticias.com\/v3\/wp-json\/wp\/v2\/posts\/6268\/revisions\/6270"}],"wp:featuredmedia":[{"embeddable":true,"href":"https:\/\/cvinoticias.com\/v3\/wp-json\/wp\/v2\/media\/6269"}],"wp:attachment":[{"href":"https:\/\/cvinoticias.com\/v3\/wp-json\/wp\/v2\/media?parent=6268"}],"wp:term":[{"taxonomy":"category","embeddable":true,"href":"https:\/\/cvinoticias.com\/v3\/wp-json\/wp\/v2\/categories?post=6268"},{"taxonomy":"post_tag","embeddable":true,"href":"https:\/\/cvinoticias.com\/v3\/wp-json\/wp\/v2\/tags?post=6268"}],"curies":[{"name":"wp","href":"https:\/\/api.w.org\/{rel}","templated":true}]}}