{"id":62679,"date":"2026-09-02T09:12:09","date_gmt":"2026-09-02T12:12:09","guid":{"rendered":"https:\/\/cvinoticias.com\/v3\/?p=62679"},"modified":"2026-09-02T09:12:10","modified_gmt":"2026-09-02T12:12:10","slug":"emboscada-mortal-en-el-parana-matan-a-balazos-a-pasero-paraguayo-en-puerto-iguazu","status":"publish","type":"post","link":"https:\/\/cvinoticias.com\/v3\/emboscada-mortal-en-el-parana-matan-a-balazos-a-pasero-paraguayo-en-puerto-iguazu\/","title":{"rendered":"Emboscada mortal en el Paran\u00e1: matan a balazos a pasero paraguayo en Puerto Iguaz\u00fa"},"content":{"rendered":"\n<p class=\"wp-block-paragraph\">Un pasero paraguayo muri\u00f3 tras ser v\u00edctima de una emboscada a balazos en aguas del r\u00edo Paran\u00e1, en la zona de Puerto Iguaz\u00fa, Argentina. Se reporta que lleg\u00f3 sin signos de vida a un sanatorio privado.<\/p>\n\n\n\n<p class=\"wp-block-paragraph\">La v\u00edctima fue identificada como\u00a0<strong>Carlos Daniel Arr\u00faa Adorno\u00a0<\/strong>(23), quien, seg\u00fan los primeros datos, cruz\u00f3 este martes, aproximadamente a las 16:00, desde la zona de Tres Fronteras de Presidente Franco,\u00a0<strong>con destino al puerto Karumb\u00e9, en territorio de la ciudad de Puerto Iguaz\u00fa.<\/strong><\/p>\n\n\n\n<p class=\"wp-block-paragraph\">Arr\u00faa Adorno se encontraba acompa\u00f1ado por su hermano,&nbsp;<strong>Diego Armando Arr\u00faa Adorno<\/strong>, y otro hombre cuya identidad se desconoce, transportando mercader\u00edas. De acuerdo con las informaciones preliminares, al llegar a la costa argentina, los tres habr\u00edan sido emboscados por desconocidos que abrieron fuego contra ellos.<\/p>\n\n\n\n<p class=\"wp-block-paragraph\">A ra\u00edz del ataque, Carlos Daniel result\u00f3&nbsp;<strong>gravemente herido<\/strong>. Sus acompa\u00f1antes lo trasladaron de urgencia en una lancha hasta la costa paraguaya. Posteriormente, fue llevado en un veh\u00edculo particular al sanatorio San Camilo, de Presidente Franco, donde los m\u00e9dicos constataron que lleg\u00f3 sin vida.<\/p>\n\n\n\n<figure class=\"wp-block-image\"><img decoding=\"async\" data-src=\"https:\/\/www.abc.com.py\/resizer\/v2\/6BKULLBBRREDJCYNPI6CVO3BQU.jpeg?auth=0ee5c143d3376fabcccb03497a0954a08e0c5f1810786862756852c0ed06c989&amp;width=770&amp;smart=true\" alt=\"\" src=\"data:image\/svg+xml;base64,PHN2ZyB3aWR0aD0iMSIgaGVpZ2h0PSIxIiB4bWxucz0iaHR0cDovL3d3dy53My5vcmcvMjAwMC9zdmciPjwvc3ZnPg==\" class=\"lazyload\" \/><figcaption class=\"wp-element-caption\">Momento en que el joven era trasladado en lancha hacia la costa paraguaya del r\u00edo Paran\u00e1.<\/figcaption><\/figure>\n\n\n\n<h2 class=\"wp-block-heading\">Ya hab\u00eda sido v\u00edctima de violento asalto<\/h2>\n\n\n\n<p class=\"wp-block-paragraph\">Carlos Daniel Arr\u00faa Adorno tambi\u00e9n hab\u00eda sido v\u00edctima de un&nbsp;<strong>violento asalto<\/strong>&nbsp;ocurrido el a\u00f1o pasado en su vivienda del barrio San Dami\u00e1n, en Presidente Franco.<\/p>\n\n\n\n<p class=\"wp-block-paragraph\">En aquella ocasi\u00f3n, siete delincuentes irrumpieron en la propiedad\u00a0con armas de fuego y redujeron a los trabajadores que se encontraban en el lugar.<\/p>\n\n\n\n<p class=\"wp-block-paragraph\">Durante el atraco fueron robadas&nbsp;<strong>19 cajas de cigarrillos<\/strong>, cuatro tel\u00e9fonos celulares nuevos, vasos t\u00e9rmicos, una computadora port\u00e1til y perfumes \u00e1rabes, adem\u00e1s de otras mercader\u00edas pertenecientes a terceros.<\/p>\n\n\n\n<p class=\"wp-block-paragraph\">Fuente: ABC py<\/p>\n","protected":false},"excerpt":{"rendered":"<p>Un pasero paraguayo muri\u00f3 tras ser v\u00edctima de una emboscada a balazos en aguas del r\u00edo Paran\u00e1, en la zona de Puerto Iguaz\u00fa, Argentina. Se reporta que lleg\u00f3 sin signos de vida a un sanatorio privado. La v\u00edctima fue identificada como\u00a0Carlos Daniel Arr\u00faa Adorno\u00a0(23), quien, seg\u00fan los primeros datos, cruz\u00f3 este martes, aproximadamente a las [&hellip;]<\/p>\n","protected":false},"author":2,"featured_media":62680,"comment_status":"open","ping_status":"closed","sticky":false,"template":"","format":"standard","meta":{"footnotes":""},"categories":[41,49],"tags":[7103,313,6000,2913,7104],"class_list":["post-62679","post","type-post","status-publish","format-standard","has-post-thumbnail","hentry","category-policiales","category-triple-frontera","tag-balazos","tag-iguazu","tag-paraguayo","tag-parana","tag-pasero"],"yoast_head":"<!-- This site is optimized with the Yoast SEO plugin v28.4 - https:\/\/yoast.com\/product\/yoast-seo-wordpress\/ -->\n<title>Matan a balazos a un pasero paraguayo en Puerto Iguaz\u00fa | CVI NOTICIAS<\/title>\n<meta name=\"description\" content=\"Un pasero paraguayo de 23 a\u00f1os muri\u00f3 tras ser atacado a balazos en aguas del r\u00edo Paran\u00e1, en Puerto Iguaz\u00fa.\" \/>\n<meta name=\"robots\" content=\"index, follow, max-snippet:-1, max-image-preview:large, max-video-preview:-1\" \/>\n<link rel=\"canonical\" href=\"https:\/\/cvinoticias.com\/v3\/emboscada-mortal-en-el-parana-matan-a-balazos-a-pasero-paraguayo-en-puerto-iguazu\/\" \/>\n<meta property=\"og:locale\" content=\"es_ES\" \/>\n<meta property=\"og:type\" content=\"article\" \/>\n<meta property=\"og:title\" content=\"Matan a balazos a un pasero paraguayo en Puerto Iguaz\u00fa | CVI NOTICIAS\" \/>\n<meta property=\"og:description\" content=\"Un pasero paraguayo de 23 a\u00f1os muri\u00f3 tras ser atacado a balazos en aguas del r\u00edo Paran\u00e1, en Puerto Iguaz\u00fa.\" \/>\n<meta property=\"og:url\" content=\"https:\/\/cvinoticias.com\/v3\/emboscada-mortal-en-el-parana-matan-a-balazos-a-pasero-paraguayo-en-puerto-iguazu\/\" \/>\n<meta property=\"og:site_name\" content=\"CVI NOTICIAS\" \/>\n<meta property=\"article:publisher\" content=\"https:\/\/www.facebook.com\/cvinoticias\" \/>\n<meta property=\"article:published_time\" content=\"2026-09-02T12:12:09+00:00\" \/>\n<meta property=\"article:modified_time\" content=\"2026-09-02T12:12:10+00:00\" \/>\n<meta property=\"og:image\" content=\"https:\/\/cvinoticias.com\/wp-content\/uploads\/2026\/09\/fallecio-pasero-paraguayo-en-puerto-iguazu.png\" \/>\n\t<meta property=\"og:image:width\" content=\"849\" \/>\n\t<meta property=\"og:image:height\" content=\"586\" \/>\n\t<meta property=\"og:image:type\" content=\"image\/png\" \/>\n<meta name=\"author\" content=\"f1000024\" \/>\n<meta name=\"twitter:card\" content=\"summary_large_image\" \/>\n<meta name=\"twitter:label1\" content=\"Escrito por\" \/>\n\t<meta name=\"twitter:data1\" content=\"f1000024\" \/>\n\t<meta name=\"twitter:label2\" content=\"Tiempo de lectura\" \/>\n\t<meta name=\"twitter:data2\" content=\"2 minutos\" \/>\n<script type=\"application\/ld+json\" class=\"yoast-schema-graph\">{\"@context\":\"https:\\\/\\\/schema.org\",\"@graph\":[{\"@type\":\"Article\",\"@id\":\"https:\\\/\\\/cvinoticias.com\\\/v3\\\/emboscada-mortal-en-el-parana-matan-a-balazos-a-pasero-paraguayo-en-puerto-iguazu\\\/#article\",\"isPartOf\":{\"@id\":\"https:\\\/\\\/cvinoticias.com\\\/v3\\\/emboscada-mortal-en-el-parana-matan-a-balazos-a-pasero-paraguayo-en-puerto-iguazu\\\/\"},\"author\":{\"name\":\"f1000024\",\"@id\":\"https:\\\/\\\/cvinoticias.com\\\/v3\\\/#\\\/schema\\\/person\\\/2db77e3c6bc03c538495d7b2b8be9b66\"},\"headline\":\"Emboscada mortal en el Paran\u00e1: matan a balazos a pasero paraguayo en Puerto Iguaz\u00fa\",\"datePublished\":\"2026-09-02T12:12:09+00:00\",\"dateModified\":\"2026-09-02T12:12:10+00:00\",\"mainEntityOfPage\":{\"@id\":\"https:\\\/\\\/cvinoticias.com\\\/v3\\\/emboscada-mortal-en-el-parana-matan-a-balazos-a-pasero-paraguayo-en-puerto-iguazu\\\/\"},\"wordCount\":318,\"commentCount\":0,\"publisher\":{\"@id\":\"https:\\\/\\\/cvinoticias.com\\\/v3\\\/#organization\"},\"image\":{\"@id\":\"https:\\\/\\\/cvinoticias.com\\\/v3\\\/emboscada-mortal-en-el-parana-matan-a-balazos-a-pasero-paraguayo-en-puerto-iguazu\\\/#primaryimage\"},\"thumbnailUrl\":\"https:\\\/\\\/cvinoticias.com\\\/wp-content\\\/uploads\\\/2026\\\/09\\\/fallecio-pasero-paraguayo-en-puerto-iguazu.png\",\"keywords\":[\"balazos\",\"Iguaz\u00fa\",\"Paraguayo\",\"Paran\u00e1\",\"pasero\"],\"articleSection\":[\"Policiales\",\"Triple Frontera\"],\"inLanguage\":\"es\",\"potentialAction\":[{\"@type\":\"CommentAction\",\"name\":\"Comment\",\"target\":[\"https:\\\/\\\/cvinoticias.com\\\/v3\\\/emboscada-mortal-en-el-parana-matan-a-balazos-a-pasero-paraguayo-en-puerto-iguazu\\\/#respond\"]}]},{\"@type\":\"WebPage\",\"@id\":\"https:\\\/\\\/cvinoticias.com\\\/v3\\\/emboscada-mortal-en-el-parana-matan-a-balazos-a-pasero-paraguayo-en-puerto-iguazu\\\/\",\"url\":\"https:\\\/\\\/cvinoticias.com\\\/v3\\\/emboscada-mortal-en-el-parana-matan-a-balazos-a-pasero-paraguayo-en-puerto-iguazu\\\/\",\"name\":\"Matan a balazos a un pasero paraguayo en Puerto Iguaz\u00fa | CVI NOTICIAS\",\"isPartOf\":{\"@id\":\"https:\\\/\\\/cvinoticias.com\\\/v3\\\/#website\"},\"primaryImageOfPage\":{\"@id\":\"https:\\\/\\\/cvinoticias.com\\\/v3\\\/emboscada-mortal-en-el-parana-matan-a-balazos-a-pasero-paraguayo-en-puerto-iguazu\\\/#primaryimage\"},\"image\":{\"@id\":\"https:\\\/\\\/cvinoticias.com\\\/v3\\\/emboscada-mortal-en-el-parana-matan-a-balazos-a-pasero-paraguayo-en-puerto-iguazu\\\/#primaryimage\"},\"thumbnailUrl\":\"https:\\\/\\\/cvinoticias.com\\\/wp-content\\\/uploads\\\/2026\\\/09\\\/fallecio-pasero-paraguayo-en-puerto-iguazu.png\",\"datePublished\":\"2026-09-02T12:12:09+00:00\",\"dateModified\":\"2026-09-02T12:12:10+00:00\",\"description\":\"Un pasero paraguayo de 23 a\u00f1os muri\u00f3 tras ser atacado a balazos en aguas del r\u00edo Paran\u00e1, en Puerto Iguaz\u00fa.\",\"breadcrumb\":{\"@id\":\"https:\\\/\\\/cvinoticias.com\\\/v3\\\/emboscada-mortal-en-el-parana-matan-a-balazos-a-pasero-paraguayo-en-puerto-iguazu\\\/#breadcrumb\"},\"inLanguage\":\"es\",\"potentialAction\":[{\"@type\":\"ReadAction\",\"target\":[\"https:\\\/\\\/cvinoticias.com\\\/v3\\\/emboscada-mortal-en-el-parana-matan-a-balazos-a-pasero-paraguayo-en-puerto-iguazu\\\/\"]}]},{\"@type\":\"ImageObject\",\"inLanguage\":\"es\",\"@id\":\"https:\\\/\\\/cvinoticias.com\\\/v3\\\/emboscada-mortal-en-el-parana-matan-a-balazos-a-pasero-paraguayo-en-puerto-iguazu\\\/#primaryimage\",\"url\":\"https:\\\/\\\/cvinoticias.com\\\/wp-content\\\/uploads\\\/2026\\\/09\\\/fallecio-pasero-paraguayo-en-puerto-iguazu.png\",\"contentUrl\":\"https:\\\/\\\/cvinoticias.com\\\/wp-content\\\/uploads\\\/2026\\\/09\\\/fallecio-pasero-paraguayo-en-puerto-iguazu.png\",\"width\":849,\"height\":586},{\"@type\":\"BreadcrumbList\",\"@id\":\"https:\\\/\\\/cvinoticias.com\\\/v3\\\/emboscada-mortal-en-el-parana-matan-a-balazos-a-pasero-paraguayo-en-puerto-iguazu\\\/#breadcrumb\",\"itemListElement\":[{\"@type\":\"ListItem\",\"position\":1,\"name\":\"Portada\",\"item\":\"https:\\\/\\\/cvinoticias.com\\\/v3\\\/\"},{\"@type\":\"ListItem\",\"position\":2,\"name\":\"Emboscada mortal en el Paran\u00e1: matan a balazos a pasero paraguayo en Puerto Iguaz\u00fa\"}]},{\"@type\":\"WebSite\",\"@id\":\"https:\\\/\\\/cvinoticias.com\\\/v3\\\/#website\",\"url\":\"https:\\\/\\\/cvinoticias.com\\\/v3\\\/\",\"name\":\"CVI NOTICIAS\",\"description\":\"\",\"publisher\":{\"@id\":\"https:\\\/\\\/cvinoticias.com\\\/v3\\\/#organization\"},\"alternateName\":\"CVI\",\"potentialAction\":[{\"@type\":\"SearchAction\",\"target\":{\"@type\":\"EntryPoint\",\"urlTemplate\":\"https:\\\/\\\/cvinoticias.com\\\/v3\\\/?s={search_term_string}\"},\"query-input\":{\"@type\":\"PropertyValueSpecification\",\"valueRequired\":true,\"valueName\":\"search_term_string\"}}],\"inLanguage\":\"es\"},{\"@type\":\"Organization\",\"@id\":\"https:\\\/\\\/cvinoticias.com\\\/v3\\\/#organization\",\"name\":\"CVI NOTICIAS\",\"url\":\"https:\\\/\\\/cvinoticias.com\\\/v3\\\/\",\"logo\":{\"@type\":\"ImageObject\",\"inLanguage\":\"es\",\"@id\":\"https:\\\/\\\/cvinoticias.com\\\/v3\\\/#\\\/schema\\\/logo\\\/image\\\/\",\"url\":\"https:\\\/\\\/cvinoticias.com\\\/wp-content\\\/uploads\\\/2023\\\/04\\\/cropped-cropped-cropped-cropped-cropped-3-1.png\",\"contentUrl\":\"https:\\\/\\\/cvinoticias.com\\\/wp-content\\\/uploads\\\/2023\\\/04\\\/cropped-cropped-cropped-cropped-cropped-3-1.png\",\"width\":95,\"height\":122,\"caption\":\"CVI NOTICIAS\"},\"image\":{\"@id\":\"https:\\\/\\\/cvinoticias.com\\\/v3\\\/#\\\/schema\\\/logo\\\/image\\\/\"},\"sameAs\":[\"https:\\\/\\\/www.facebook.com\\\/cvinoticias\",\"https:\\\/\\\/www.instagram.com\\\/cvinoticias\\\/\",\"https:\\\/\\\/www.youtube.com\\\/@CVINOTICIAS\"]},{\"@type\":\"Person\",\"@id\":\"https:\\\/\\\/cvinoticias.com\\\/v3\\\/#\\\/schema\\\/person\\\/2db77e3c6bc03c538495d7b2b8be9b66\",\"name\":\"f1000024\",\"image\":{\"@type\":\"ImageObject\",\"inLanguage\":\"es\",\"@id\":\"https:\\\/\\\/secure.gravatar.com\\\/avatar\\\/d4fe7459cfc51ff5129ce1a732bbef5928568b8092d412ef95611616376bbeed?s=96&d=mm&r=g\",\"url\":\"https:\\\/\\\/secure.gravatar.com\\\/avatar\\\/d4fe7459cfc51ff5129ce1a732bbef5928568b8092d412ef95611616376bbeed?s=96&d=mm&r=g\",\"contentUrl\":\"https:\\\/\\\/secure.gravatar.com\\\/avatar\\\/d4fe7459cfc51ff5129ce1a732bbef5928568b8092d412ef95611616376bbeed?s=96&d=mm&r=g\",\"caption\":\"f1000024\"},\"url\":\"https:\\\/\\\/cvinoticias.com\\\/v3\\\/author\\\/f1000024\\\/\"}]}<\/script>\n<!-- \/ Yoast SEO plugin. -->","yoast_head_json":{"title":"Matan a balazos a un pasero paraguayo en Puerto Iguaz\u00fa | CVI NOTICIAS","description":"Un pasero paraguayo de 23 a\u00f1os muri\u00f3 tras ser atacado a balazos en aguas del r\u00edo Paran\u00e1, en Puerto Iguaz\u00fa.","robots":{"index":"index","follow":"follow","max-snippet":"max-snippet:-1","max-image-preview":"max-image-preview:large","max-video-preview":"max-video-preview:-1"},"canonical":"https:\/\/cvinoticias.com\/v3\/emboscada-mortal-en-el-parana-matan-a-balazos-a-pasero-paraguayo-en-puerto-iguazu\/","og_locale":"es_ES","og_type":"article","og_title":"Matan a balazos a un pasero paraguayo en Puerto Iguaz\u00fa | CVI NOTICIAS","og_description":"Un pasero paraguayo de 23 a\u00f1os muri\u00f3 tras ser atacado a balazos en aguas del r\u00edo Paran\u00e1, en Puerto Iguaz\u00fa.","og_url":"https:\/\/cvinoticias.com\/v3\/emboscada-mortal-en-el-parana-matan-a-balazos-a-pasero-paraguayo-en-puerto-iguazu\/","og_site_name":"CVI NOTICIAS","article_publisher":"https:\/\/www.facebook.com\/cvinoticias","article_published_time":"2026-09-02T12:12:09+00:00","article_modified_time":"2026-09-02T12:12:10+00:00","og_image":[{"width":849,"height":586,"url":"https:\/\/cvinoticias.com\/wp-content\/uploads\/2026\/09\/fallecio-pasero-paraguayo-en-puerto-iguazu.png","type":"image\/png"}],"author":"f1000024","twitter_card":"summary_large_image","twitter_misc":{"Escrito por":"f1000024","Tiempo de lectura":"2 minutos"},"schema":{"@context":"https:\/\/schema.org","@graph":[{"@type":"Article","@id":"https:\/\/cvinoticias.com\/v3\/emboscada-mortal-en-el-parana-matan-a-balazos-a-pasero-paraguayo-en-puerto-iguazu\/#article","isPartOf":{"@id":"https:\/\/cvinoticias.com\/v3\/emboscada-mortal-en-el-parana-matan-a-balazos-a-pasero-paraguayo-en-puerto-iguazu\/"},"author":{"name":"f1000024","@id":"https:\/\/cvinoticias.com\/v3\/#\/schema\/person\/2db77e3c6bc03c538495d7b2b8be9b66"},"headline":"Emboscada mortal en el Paran\u00e1: matan a balazos a pasero paraguayo en Puerto Iguaz\u00fa","datePublished":"2026-09-02T12:12:09+00:00","dateModified":"2026-09-02T12:12:10+00:00","mainEntityOfPage":{"@id":"https:\/\/cvinoticias.com\/v3\/emboscada-mortal-en-el-parana-matan-a-balazos-a-pasero-paraguayo-en-puerto-iguazu\/"},"wordCount":318,"commentCount":0,"publisher":{"@id":"https:\/\/cvinoticias.com\/v3\/#organization"},"image":{"@id":"https:\/\/cvinoticias.com\/v3\/emboscada-mortal-en-el-parana-matan-a-balazos-a-pasero-paraguayo-en-puerto-iguazu\/#primaryimage"},"thumbnailUrl":"https:\/\/cvinoticias.com\/wp-content\/uploads\/2026\/09\/fallecio-pasero-paraguayo-en-puerto-iguazu.png","keywords":["balazos","Iguaz\u00fa","Paraguayo","Paran\u00e1","pasero"],"articleSection":["Policiales","Triple Frontera"],"inLanguage":"es","potentialAction":[{"@type":"CommentAction","name":"Comment","target":["https:\/\/cvinoticias.com\/v3\/emboscada-mortal-en-el-parana-matan-a-balazos-a-pasero-paraguayo-en-puerto-iguazu\/#respond"]}]},{"@type":"WebPage","@id":"https:\/\/cvinoticias.com\/v3\/emboscada-mortal-en-el-parana-matan-a-balazos-a-pasero-paraguayo-en-puerto-iguazu\/","url":"https:\/\/cvinoticias.com\/v3\/emboscada-mortal-en-el-parana-matan-a-balazos-a-pasero-paraguayo-en-puerto-iguazu\/","name":"Matan a balazos a un pasero paraguayo en Puerto Iguaz\u00fa | CVI NOTICIAS","isPartOf":{"@id":"https:\/\/cvinoticias.com\/v3\/#website"},"primaryImageOfPage":{"@id":"https:\/\/cvinoticias.com\/v3\/emboscada-mortal-en-el-parana-matan-a-balazos-a-pasero-paraguayo-en-puerto-iguazu\/#primaryimage"},"image":{"@id":"https:\/\/cvinoticias.com\/v3\/emboscada-mortal-en-el-parana-matan-a-balazos-a-pasero-paraguayo-en-puerto-iguazu\/#primaryimage"},"thumbnailUrl":"https:\/\/cvinoticias.com\/wp-content\/uploads\/2026\/09\/fallecio-pasero-paraguayo-en-puerto-iguazu.png","datePublished":"2026-09-02T12:12:09+00:00","dateModified":"2026-09-02T12:12:10+00:00","description":"Un pasero paraguayo de 23 a\u00f1os muri\u00f3 tras ser atacado a balazos en aguas del r\u00edo Paran\u00e1, en Puerto Iguaz\u00fa.","breadcrumb":{"@id":"https:\/\/cvinoticias.com\/v3\/emboscada-mortal-en-el-parana-matan-a-balazos-a-pasero-paraguayo-en-puerto-iguazu\/#breadcrumb"},"inLanguage":"es","potentialAction":[{"@type":"ReadAction","target":["https:\/\/cvinoticias.com\/v3\/emboscada-mortal-en-el-parana-matan-a-balazos-a-pasero-paraguayo-en-puerto-iguazu\/"]}]},{"@type":"ImageObject","inLanguage":"es","@id":"https:\/\/cvinoticias.com\/v3\/emboscada-mortal-en-el-parana-matan-a-balazos-a-pasero-paraguayo-en-puerto-iguazu\/#primaryimage","url":"https:\/\/cvinoticias.com\/wp-content\/uploads\/2026\/09\/fallecio-pasero-paraguayo-en-puerto-iguazu.png","contentUrl":"https:\/\/cvinoticias.com\/wp-content\/uploads\/2026\/09\/fallecio-pasero-paraguayo-en-puerto-iguazu.png","width":849,"height":586},{"@type":"BreadcrumbList","@id":"https:\/\/cvinoticias.com\/v3\/emboscada-mortal-en-el-parana-matan-a-balazos-a-pasero-paraguayo-en-puerto-iguazu\/#breadcrumb","itemListElement":[{"@type":"ListItem","position":1,"name":"Portada","item":"https:\/\/cvinoticias.com\/v3\/"},{"@type":"ListItem","position":2,"name":"Emboscada mortal en el Paran\u00e1: matan a balazos a pasero paraguayo en Puerto Iguaz\u00fa"}]},{"@type":"WebSite","@id":"https:\/\/cvinoticias.com\/v3\/#website","url":"https:\/\/cvinoticias.com\/v3\/","name":"CVI NOTICIAS","description":"","publisher":{"@id":"https:\/\/cvinoticias.com\/v3\/#organization"},"alternateName":"CVI","potentialAction":[{"@type":"SearchAction","target":{"@type":"EntryPoint","urlTemplate":"https:\/\/cvinoticias.com\/v3\/?s={search_term_string}"},"query-input":{"@type":"PropertyValueSpecification","valueRequired":true,"valueName":"search_term_string"}}],"inLanguage":"es"},{"@type":"Organization","@id":"https:\/\/cvinoticias.com\/v3\/#organization","name":"CVI NOTICIAS","url":"https:\/\/cvinoticias.com\/v3\/","logo":{"@type":"ImageObject","inLanguage":"es","@id":"https:\/\/cvinoticias.com\/v3\/#\/schema\/logo\/image\/","url":"https:\/\/cvinoticias.com\/wp-content\/uploads\/2023\/04\/cropped-cropped-cropped-cropped-cropped-3-1.png","contentUrl":"https:\/\/cvinoticias.com\/wp-content\/uploads\/2023\/04\/cropped-cropped-cropped-cropped-cropped-3-1.png","width":95,"height":122,"caption":"CVI NOTICIAS"},"image":{"@id":"https:\/\/cvinoticias.com\/v3\/#\/schema\/logo\/image\/"},"sameAs":["https:\/\/www.facebook.com\/cvinoticias","https:\/\/www.instagram.com\/cvinoticias\/","https:\/\/www.youtube.com\/@CVINOTICIAS"]},{"@type":"Person","@id":"https:\/\/cvinoticias.com\/v3\/#\/schema\/person\/2db77e3c6bc03c538495d7b2b8be9b66","name":"f1000024","image":{"@type":"ImageObject","inLanguage":"es","@id":"https:\/\/secure.gravatar.com\/avatar\/d4fe7459cfc51ff5129ce1a732bbef5928568b8092d412ef95611616376bbeed?s=96&d=mm&r=g","url":"https:\/\/secure.gravatar.com\/avatar\/d4fe7459cfc51ff5129ce1a732bbef5928568b8092d412ef95611616376bbeed?s=96&d=mm&r=g","contentUrl":"https:\/\/secure.gravatar.com\/avatar\/d4fe7459cfc51ff5129ce1a732bbef5928568b8092d412ef95611616376bbeed?s=96&d=mm&r=g","caption":"f1000024"},"url":"https:\/\/cvinoticias.com\/v3\/author\/f1000024\/"}]}},"_links":{"self":[{"href":"https:\/\/cvinoticias.com\/v3\/wp-json\/wp\/v2\/posts\/62679","targetHints":{"allow":["GET"]}}],"collection":[{"href":"https:\/\/cvinoticias.com\/v3\/wp-json\/wp\/v2\/posts"}],"about":[{"href":"https:\/\/cvinoticias.com\/v3\/wp-json\/wp\/v2\/types\/post"}],"author":[{"embeddable":true,"href":"https:\/\/cvinoticias.com\/v3\/wp-json\/wp\/v2\/users\/2"}],"replies":[{"embeddable":true,"href":"https:\/\/cvinoticias.com\/v3\/wp-json\/wp\/v2\/comments?post=62679"}],"version-history":[{"count":1,"href":"https:\/\/cvinoticias.com\/v3\/wp-json\/wp\/v2\/posts\/62679\/revisions"}],"predecessor-version":[{"id":62681,"href":"https:\/\/cvinoticias.com\/v3\/wp-json\/wp\/v2\/posts\/62679\/revisions\/62681"}],"wp:featuredmedia":[{"embeddable":true,"href":"https:\/\/cvinoticias.com\/v3\/wp-json\/wp\/v2\/media\/62680"}],"wp:attachment":[{"href":"https:\/\/cvinoticias.com\/v3\/wp-json\/wp\/v2\/media?parent=62679"}],"wp:term":[{"taxonomy":"category","embeddable":true,"href":"https:\/\/cvinoticias.com\/v3\/wp-json\/wp\/v2\/categories?post=62679"},{"taxonomy":"post_tag","embeddable":true,"href":"https:\/\/cvinoticias.com\/v3\/wp-json\/wp\/v2\/tags?post=62679"}],"curies":[{"name":"wp","href":"https:\/\/api.w.org\/{rel}","templated":true}]}}