{"id":62676,"date":"2026-09-02T08:54:29","date_gmt":"2026-09-02T11:54:29","guid":{"rendered":"https:\/\/cvinoticias.com\/v3\/?p=62676"},"modified":"2026-09-02T08:54:30","modified_gmt":"2026-09-02T11:54:30","slug":"en-la-cumbre-por-la-paz-passalacqua-llamo-a-fortalecer-el-compromiso-comunitario-la-politica-es-servicio","status":"publish","type":"post","link":"https:\/\/cvinoticias.com\/v3\/en-la-cumbre-por-la-paz-passalacqua-llamo-a-fortalecer-el-compromiso-comunitario-la-politica-es-servicio\/","title":{"rendered":"En la Cumbre por la Paz, Passalacqua llam\u00f3 a fortalecer el compromiso comunitario: \u201cLa pol\u00edtica es servicio\u201d"},"content":{"rendered":"\n<p class=\"wp-block-paragraph\">El gobernador\u00a0<strong>Hugo Passalacqua<\/strong>\u00a0se reuni\u00f3 con representantes y referentes del\u00a0<strong>Consejo de Pastores de Misiones<\/strong>\u00a0en la sede central de la Iglesia Evang\u00e9lica del Centro, en el marco de la\u00a0<strong>Cumbre Trinacional por la Paz y la Reconciliaci\u00f3n<\/strong>. Durante el encuentro, el mandatario destac\u00f3 la tarea de la comunidad evang\u00e9lica y remarc\u00f3 el valor del servicio, la solidaridad y los v\u00ednculos comunitarios<\/p>\n\n\n\n<p class=\"wp-block-paragraph\">Passalacqua valor\u00f3 la presencia conjunta de los referentes religiosos y los convoc\u00f3 a sostener su compromiso con la sociedad. \u201cLos felicito por el simple hecho de juntarse. Como pastores, deben saber que la sociedad los est\u00e1 mirando y que nos est\u00e1 mirando\u201d, afirm\u00f3, y advirti\u00f3 sobre las dificultades sociales que genera la p\u00e9rdida de v\u00ednculos comunitarios.<\/p>\n\n\n\n<p class=\"wp-block-paragraph\">En esa l\u00ednea, el gobernador consider\u00f3 fundamental la participaci\u00f3n de las iglesias en el acompa\u00f1amiento de la comunidad: \u201cLos brazos del gobernador son flacos para un mill\u00f3n y medio de personas que somos los misioneros. Si no est\u00e1n ustedes como referentes de la fe, estamos en dificultades\u201d.<\/p>\n\n\n\n<p class=\"wp-block-paragraph\">Tambi\u00e9n vincul\u00f3 su experiencia en educaci\u00f3n con la formaci\u00f3n de valores y el ejercicio de la funci\u00f3n p\u00fablica. \u201cEducar no se limita a ense\u00f1ar la tabla del cuatro, sino que implica transmitir valores como la solidaridad, la amabilidad, la empat\u00eda y el cumplimiento de los mandatos b\u00edblicos. La pol\u00edtica, en esencia, es un acto de servicio\u201d, expres\u00f3.<\/p>\n\n\n\n<p class=\"wp-block-paragraph\">Passalacqua resalt\u00f3 adem\u00e1s la importancia de compartir y fortalecer los lazos entre quienes participan de la vida comunitaria. \u201cCuando compartimos, como en este encuentro, los panes se multiplican y los peces abundan. Si mantenemos un esp\u00edritu elevado, alimentado por la fe y por el compromiso social, entonces todo es posible\u201d, manifest\u00f3.<\/p>\n\n\n\n<figure class=\"wp-block-image is-resized\"><img decoding=\"async\" data-src=\"https:\/\/www.canal12misiones.com\/wp-content\/uploads\/2026\/09\/Passalacqua-pastores-1-1024x683.jpeg\" alt=\"\" class=\"wp-image-780737 lazyload\" style=\"--smush-placeholder-width: 1024px; --smush-placeholder-aspect-ratio: 1024\/683;aspect-ratio:1.499267935578331;width:1024px;height:auto\" src=\"data:image\/svg+xml;base64,PHN2ZyB3aWR0aD0iMSIgaGVpZ2h0PSIxIiB4bWxucz0iaHR0cDovL3d3dy53My5vcmcvMjAwMC9zdmciPjwvc3ZnPg==\" \/><figcaption class=\"wp-element-caption\">Passalacqua valor\u00f3 el rol de las comunidades de fe en el \u00e1mbito comunitario<\/figcaption><\/figure>\n\n\n\n<h3 class=\"wp-block-heading\">Iglesias y Gobierno fortalecen el di\u00e1logo comunitario<\/h3>\n\n\n\n<p class=\"wp-block-paragraph\">El presidente del&nbsp;<strong>Consejo de Pastores de Misiones, Guillermo Barbosa<\/strong>, agradeci\u00f3 al gobernador por la reuni\u00f3n y valor\u00f3 el acompa\u00f1amiento del Gobierno provincial a la comunidad evang\u00e9lica. Consider\u00f3 que la jornada represent\u00f3 \u201cun d\u00eda hist\u00f3rico\u201d por la posibilidad de reunir a una parte representativa de la pastoral.<\/p>\n\n\n\n<p class=\"wp-block-paragraph\">Barbosa destac\u00f3 adem\u00e1s el v\u00ednculo con Passalacqua y sostuvo que el pueblo cristiano evang\u00e9lico de Misiones acompa\u00f1a su gesti\u00f3n con oraciones. \u201cLa palabra nos ense\u00f1a a orar y bendecir a los funcionarios que est\u00e1n en eminencia, y estar en cercan\u00eda con el gobernador es una bendici\u00f3n\u201d, se\u00f1al\u00f3.<\/p>\n\n\n\n<figure class=\"wp-block-image is-resized\"><img decoding=\"async\" data-src=\"https:\/\/www.canal12misiones.com\/wp-content\/uploads\/2026\/09\/Passalacqua-pastores-6-1024x683.jpeg\" alt=\"\" class=\"wp-image-780743 lazyload\" style=\"--smush-placeholder-width: 1024px; --smush-placeholder-aspect-ratio: 1024\/683;aspect-ratio:1.499267935578331;width:1024px;height:auto\" src=\"data:image\/svg+xml;base64,PHN2ZyB3aWR0aD0iMSIgaGVpZ2h0PSIxIiB4bWxucz0iaHR0cDovL3d3dy53My5vcmcvMjAwMC9zdmciPjwvc3ZnPg==\" \/><\/figure>\n\n\n\n<p class=\"wp-block-paragraph\">El referente religioso explic\u00f3 que el encuentro forma parte de&nbsp;<strong>Parlamento y Fe<\/strong>, un movimiento creado en 2008 que desarrolla actividades en m\u00e1s de 70 pa\u00edses y que re\u00fane a representantes de Argentina, Brasil, Paraguay y Uruguay. La jornada permiti\u00f3 consolidar un espacio de di\u00e1logo entre las iglesias y el Estado.<\/p>\n\n\n\n<p class=\"wp-block-paragraph\">En el encuentro tambi\u00e9n participaron el ministro coordinador de Gabinete,&nbsp;<strong>Carlos Sartori<\/strong>; el ministro de Acci\u00f3n Cooperativa, Mutual, Comercio e Integraci\u00f3n,&nbsp;<strong>Mat\u00edas Vilchez<\/strong>; el ministro de Prevenci\u00f3n de Adicciones y Control de Drogas,&nbsp;<strong>Roberto Padilla<\/strong>; el diputado provincial&nbsp;<strong>Horacio Mart\u00ednez<\/strong>&nbsp;y el intendente de San Jos\u00e9,&nbsp;<strong>Jorge Gabriel Tenaschuk<\/strong>.<\/p>\n\n\n\n<h3 class=\"wp-block-heading\">Una cumbre con eje en paz e integraci\u00f3n regional<\/h3>\n\n\n\n<p class=\"wp-block-paragraph\">La reuni\u00f3n con el gobernador se desarroll\u00f3 dentro de la&nbsp;<strong>Cumbre Trinacional por la Paz y la Reconciliaci\u00f3n<\/strong>, que convoc\u00f3 a pastores, legisladores y funcionarios de Argentina, Brasil y Paraguay. Las principales actividades tuvieron lugar en el&nbsp;<strong>Auditorio Tierra Sin Mal<\/strong>, en el cuarto tramo de la Costanera de Posadas, por iniciativa de Parlamento y Fe.<\/p>\n\n\n\n<figure class=\"wp-block-image is-resized\"><img decoding=\"async\" data-src=\"https:\/\/www.canal12misiones.com\/wp-content\/uploads\/2026\/09\/Passalacqua-pastores-2-1024x683.jpeg\" alt=\"\" class=\"wp-image-780738 lazyload\" style=\"--smush-placeholder-width: 1024px; --smush-placeholder-aspect-ratio: 1024\/683;aspect-ratio:1.499267935578331;width:1024px;height:auto\" src=\"data:image\/svg+xml;base64,PHN2ZyB3aWR0aD0iMSIgaGVpZ2h0PSIxIiB4bWxucz0iaHR0cDovL3d3dy53My5vcmcvMjAwMC9zdmciPjwvc3ZnPg==\" \/><\/figure>\n\n\n\n<p class=\"wp-block-paragraph\">La agenda abord\u00f3 la paz, la reconciliaci\u00f3n, la integraci\u00f3n regional, el compromiso social, la formaci\u00f3n ciudadana, el desplazamiento y la migraci\u00f3n, el cuidado ambiental, la libertad religiosa y la situaci\u00f3n de las mujeres en contextos de vulnerabilidad. Tambi\u00e9n incluy\u00f3 temas vinculados con el desarrollo econ\u00f3mico, la cooperaci\u00f3n internacional, la seguridad urbana, los derechos humanos, las adicciones y la participaci\u00f3n juvenil.<\/p>\n\n\n\n<p class=\"wp-block-paragraph\">El programa incorpor\u00f3 adem\u00e1s debates sobre gesti\u00f3n p\u00fablica, construcci\u00f3n de normas basadas en valores, desarrollo e integraci\u00f3n regional y la situaci\u00f3n de la Triple Frontera. Con este marco, el encuentro busc\u00f3 consolidar espacios de di\u00e1logo y entendimiento entre sectores pol\u00edticos, religiosos y sociales de la regi\u00f3n.<\/p>\n\n\n\n<p class=\"wp-block-paragraph\">En ese contexto, Passalacqua agradeci\u00f3 el trabajo de los pastores y reforz\u00f3 su llamado a sostener el compromiso con los dem\u00e1s. \u201cS\u00e9 las obras que hacen, s\u00e9 el tiempo que le ponen, la garra y las ganas en la construcci\u00f3n de un ser misionero solidario, de compartir\u201d, expres\u00f3, y record\u00f3 el mandato del Evangelio de San Juan: \u201c\u00c1mense los unos a los otros\u201d.<\/p>\n\n\n\n<p class=\"wp-block-paragraph\">La jornada cerr\u00f3 con un mensaje centrado en la necesidad de fortalecer los v\u00ednculos entre las instituciones y la comunidad. El encuentro reuni\u00f3 a referentes de distintos sectores alrededor del di\u00e1logo, la fe y el compromiso social como ejes de una agenda compartida.<\/p>\n\n\n\n<p class=\"wp-block-paragraph\">Fuente: Canal 12 Misiones<\/p>\n","protected":false},"excerpt":{"rendered":"<p>El gobernador\u00a0Hugo Passalacqua\u00a0se reuni\u00f3 con representantes y referentes del\u00a0Consejo de Pastores de Misiones\u00a0en la sede central de la Iglesia Evang\u00e9lica del Centro, en el marco de la\u00a0Cumbre Trinacional por la Paz y la Reconciliaci\u00f3n. Durante el encuentro, el mandatario destac\u00f3 la tarea de la comunidad evang\u00e9lica y remarc\u00f3 el valor del servicio, la solidaridad y [&hellip;]<\/p>\n","protected":false},"author":2,"featured_media":62677,"comment_status":"open","ping_status":"closed","sticky":false,"template":"","format":"standard","meta":{"footnotes":""},"categories":[42,49],"tags":[1309,2632,1431,2291,3146],"class_list":["post-62676","post","type-post","status-publish","format-standard","has-post-thumbnail","hentry","category-politica","category-triple-frontera","tag-compromiso","tag-cumbre","tag-passalacqua","tag-paz","tag-trinacional"],"yoast_head":"<!-- This site is optimized with the Yoast SEO plugin v28.4 - https:\/\/yoast.com\/product\/yoast-seo-wordpress\/ -->\n<title>Passalacqua se reuni\u00f3 con pastores en una cumbre por la paz | CVI NOTICIAS<\/title>\n<meta name=\"description\" content=\"Passalacqua se reuni\u00f3 con pastores de Misiones en una cumbre trinacional centrada en la paz, la fe y el compromiso social.\" \/>\n<meta name=\"robots\" content=\"index, follow, max-snippet:-1, max-image-preview:large, max-video-preview:-1\" \/>\n<link rel=\"canonical\" href=\"https:\/\/cvinoticias.com\/v3\/en-la-cumbre-por-la-paz-passalacqua-llamo-a-fortalecer-el-compromiso-comunitario-la-politica-es-servicio\/\" \/>\n<meta property=\"og:locale\" content=\"es_ES\" \/>\n<meta property=\"og:type\" content=\"article\" \/>\n<meta property=\"og:title\" content=\"Passalacqua se reuni\u00f3 con pastores en una cumbre por la paz | CVI NOTICIAS\" \/>\n<meta property=\"og:description\" content=\"Passalacqua se reuni\u00f3 con pastores de Misiones en una cumbre trinacional centrada en la paz, la fe y el compromiso social.\" \/>\n<meta property=\"og:url\" content=\"https:\/\/cvinoticias.com\/v3\/en-la-cumbre-por-la-paz-passalacqua-llamo-a-fortalecer-el-compromiso-comunitario-la-politica-es-servicio\/\" \/>\n<meta property=\"og:site_name\" content=\"CVI NOTICIAS\" \/>\n<meta property=\"article:publisher\" content=\"https:\/\/www.facebook.com\/cvinoticias\" \/>\n<meta property=\"article:published_time\" content=\"2026-09-02T11:54:29+00:00\" \/>\n<meta property=\"article:modified_time\" content=\"2026-09-02T11:54:30+00:00\" \/>\n<meta property=\"og:image\" content=\"https:\/\/cvinoticias.com\/wp-content\/uploads\/2026\/09\/Passalacqua-pastores-5.webp\" \/>\n\t<meta property=\"og:image:width\" content=\"1089\" \/>\n\t<meta property=\"og:image:height\" content=\"730\" \/>\n\t<meta property=\"og:image:type\" content=\"image\/webp\" \/>\n<meta name=\"author\" content=\"f1000024\" \/>\n<meta name=\"twitter:card\" content=\"summary_large_image\" \/>\n<meta name=\"twitter:label1\" content=\"Escrito por\" \/>\n\t<meta name=\"twitter:data1\" content=\"f1000024\" \/>\n\t<meta name=\"twitter:label2\" content=\"Tiempo de lectura\" \/>\n\t<meta name=\"twitter:data2\" content=\"5 minutos\" \/>\n<script type=\"application\/ld+json\" class=\"yoast-schema-graph\">{\"@context\":\"https:\\\/\\\/schema.org\",\"@graph\":[{\"@type\":\"Article\",\"@id\":\"https:\\\/\\\/cvinoticias.com\\\/v3\\\/en-la-cumbre-por-la-paz-passalacqua-llamo-a-fortalecer-el-compromiso-comunitario-la-politica-es-servicio\\\/#article\",\"isPartOf\":{\"@id\":\"https:\\\/\\\/cvinoticias.com\\\/v3\\\/en-la-cumbre-por-la-paz-passalacqua-llamo-a-fortalecer-el-compromiso-comunitario-la-politica-es-servicio\\\/\"},\"author\":{\"name\":\"f1000024\",\"@id\":\"https:\\\/\\\/cvinoticias.com\\\/v3\\\/#\\\/schema\\\/person\\\/2db77e3c6bc03c538495d7b2b8be9b66\"},\"headline\":\"En la Cumbre por la Paz, Passalacqua llam\u00f3 a fortalecer el compromiso comunitario: \u201cLa pol\u00edtica es servicio\u201d\",\"datePublished\":\"2026-09-02T11:54:29+00:00\",\"dateModified\":\"2026-09-02T11:54:30+00:00\",\"mainEntityOfPage\":{\"@id\":\"https:\\\/\\\/cvinoticias.com\\\/v3\\\/en-la-cumbre-por-la-paz-passalacqua-llamo-a-fortalecer-el-compromiso-comunitario-la-politica-es-servicio\\\/\"},\"wordCount\":867,\"commentCount\":0,\"publisher\":{\"@id\":\"https:\\\/\\\/cvinoticias.com\\\/v3\\\/#organization\"},\"image\":{\"@id\":\"https:\\\/\\\/cvinoticias.com\\\/v3\\\/en-la-cumbre-por-la-paz-passalacqua-llamo-a-fortalecer-el-compromiso-comunitario-la-politica-es-servicio\\\/#primaryimage\"},\"thumbnailUrl\":\"https:\\\/\\\/cvinoticias.com\\\/wp-content\\\/uploads\\\/2026\\\/09\\\/Passalacqua-pastores-5.webp\",\"keywords\":[\"Compromiso\",\"cumbre\",\"Passalacqua\",\"paz\",\"trinacional\"],\"articleSection\":[\"Politica\",\"Triple Frontera\"],\"inLanguage\":\"es\",\"potentialAction\":[{\"@type\":\"CommentAction\",\"name\":\"Comment\",\"target\":[\"https:\\\/\\\/cvinoticias.com\\\/v3\\\/en-la-cumbre-por-la-paz-passalacqua-llamo-a-fortalecer-el-compromiso-comunitario-la-politica-es-servicio\\\/#respond\"]}]},{\"@type\":\"WebPage\",\"@id\":\"https:\\\/\\\/cvinoticias.com\\\/v3\\\/en-la-cumbre-por-la-paz-passalacqua-llamo-a-fortalecer-el-compromiso-comunitario-la-politica-es-servicio\\\/\",\"url\":\"https:\\\/\\\/cvinoticias.com\\\/v3\\\/en-la-cumbre-por-la-paz-passalacqua-llamo-a-fortalecer-el-compromiso-comunitario-la-politica-es-servicio\\\/\",\"name\":\"Passalacqua se reuni\u00f3 con pastores en una cumbre por la paz | CVI NOTICIAS\",\"isPartOf\":{\"@id\":\"https:\\\/\\\/cvinoticias.com\\\/v3\\\/#website\"},\"primaryImageOfPage\":{\"@id\":\"https:\\\/\\\/cvinoticias.com\\\/v3\\\/en-la-cumbre-por-la-paz-passalacqua-llamo-a-fortalecer-el-compromiso-comunitario-la-politica-es-servicio\\\/#primaryimage\"},\"image\":{\"@id\":\"https:\\\/\\\/cvinoticias.com\\\/v3\\\/en-la-cumbre-por-la-paz-passalacqua-llamo-a-fortalecer-el-compromiso-comunitario-la-politica-es-servicio\\\/#primaryimage\"},\"thumbnailUrl\":\"https:\\\/\\\/cvinoticias.com\\\/wp-content\\\/uploads\\\/2026\\\/09\\\/Passalacqua-pastores-5.webp\",\"datePublished\":\"2026-09-02T11:54:29+00:00\",\"dateModified\":\"2026-09-02T11:54:30+00:00\",\"description\":\"Passalacqua se reuni\u00f3 con pastores de Misiones en una cumbre trinacional centrada en la paz, la fe y el compromiso social.\",\"breadcrumb\":{\"@id\":\"https:\\\/\\\/cvinoticias.com\\\/v3\\\/en-la-cumbre-por-la-paz-passalacqua-llamo-a-fortalecer-el-compromiso-comunitario-la-politica-es-servicio\\\/#breadcrumb\"},\"inLanguage\":\"es\",\"potentialAction\":[{\"@type\":\"ReadAction\",\"target\":[\"https:\\\/\\\/cvinoticias.com\\\/v3\\\/en-la-cumbre-por-la-paz-passalacqua-llamo-a-fortalecer-el-compromiso-comunitario-la-politica-es-servicio\\\/\"]}]},{\"@type\":\"ImageObject\",\"inLanguage\":\"es\",\"@id\":\"https:\\\/\\\/cvinoticias.com\\\/v3\\\/en-la-cumbre-por-la-paz-passalacqua-llamo-a-fortalecer-el-compromiso-comunitario-la-politica-es-servicio\\\/#primaryimage\",\"url\":\"https:\\\/\\\/cvinoticias.com\\\/wp-content\\\/uploads\\\/2026\\\/09\\\/Passalacqua-pastores-5.webp\",\"contentUrl\":\"https:\\\/\\\/cvinoticias.com\\\/wp-content\\\/uploads\\\/2026\\\/09\\\/Passalacqua-pastores-5.webp\",\"width\":1089,\"height\":730},{\"@type\":\"BreadcrumbList\",\"@id\":\"https:\\\/\\\/cvinoticias.com\\\/v3\\\/en-la-cumbre-por-la-paz-passalacqua-llamo-a-fortalecer-el-compromiso-comunitario-la-politica-es-servicio\\\/#breadcrumb\",\"itemListElement\":[{\"@type\":\"ListItem\",\"position\":1,\"name\":\"Portada\",\"item\":\"https:\\\/\\\/cvinoticias.com\\\/v3\\\/\"},{\"@type\":\"ListItem\",\"position\":2,\"name\":\"En la Cumbre por la Paz, Passalacqua llam\u00f3 a fortalecer el compromiso comunitario: \u201cLa pol\u00edtica es servicio\u201d\"}]},{\"@type\":\"WebSite\",\"@id\":\"https:\\\/\\\/cvinoticias.com\\\/v3\\\/#website\",\"url\":\"https:\\\/\\\/cvinoticias.com\\\/v3\\\/\",\"name\":\"CVI NOTICIAS\",\"description\":\"\",\"publisher\":{\"@id\":\"https:\\\/\\\/cvinoticias.com\\\/v3\\\/#organization\"},\"alternateName\":\"CVI\",\"potentialAction\":[{\"@type\":\"SearchAction\",\"target\":{\"@type\":\"EntryPoint\",\"urlTemplate\":\"https:\\\/\\\/cvinoticias.com\\\/v3\\\/?s={search_term_string}\"},\"query-input\":{\"@type\":\"PropertyValueSpecification\",\"valueRequired\":true,\"valueName\":\"search_term_string\"}}],\"inLanguage\":\"es\"},{\"@type\":\"Organization\",\"@id\":\"https:\\\/\\\/cvinoticias.com\\\/v3\\\/#organization\",\"name\":\"CVI NOTICIAS\",\"url\":\"https:\\\/\\\/cvinoticias.com\\\/v3\\\/\",\"logo\":{\"@type\":\"ImageObject\",\"inLanguage\":\"es\",\"@id\":\"https:\\\/\\\/cvinoticias.com\\\/v3\\\/#\\\/schema\\\/logo\\\/image\\\/\",\"url\":\"https:\\\/\\\/cvinoticias.com\\\/wp-content\\\/uploads\\\/2023\\\/04\\\/cropped-cropped-cropped-cropped-cropped-3-1.png\",\"contentUrl\":\"https:\\\/\\\/cvinoticias.com\\\/wp-content\\\/uploads\\\/2023\\\/04\\\/cropped-cropped-cropped-cropped-cropped-3-1.png\",\"width\":95,\"height\":122,\"caption\":\"CVI NOTICIAS\"},\"image\":{\"@id\":\"https:\\\/\\\/cvinoticias.com\\\/v3\\\/#\\\/schema\\\/logo\\\/image\\\/\"},\"sameAs\":[\"https:\\\/\\\/www.facebook.com\\\/cvinoticias\",\"https:\\\/\\\/www.instagram.com\\\/cvinoticias\\\/\",\"https:\\\/\\\/www.youtube.com\\\/@CVINOTICIAS\"]},{\"@type\":\"Person\",\"@id\":\"https:\\\/\\\/cvinoticias.com\\\/v3\\\/#\\\/schema\\\/person\\\/2db77e3c6bc03c538495d7b2b8be9b66\",\"name\":\"f1000024\",\"image\":{\"@type\":\"ImageObject\",\"inLanguage\":\"es\",\"@id\":\"https:\\\/\\\/secure.gravatar.com\\\/avatar\\\/d4fe7459cfc51ff5129ce1a732bbef5928568b8092d412ef95611616376bbeed?s=96&d=mm&r=g\",\"url\":\"https:\\\/\\\/secure.gravatar.com\\\/avatar\\\/d4fe7459cfc51ff5129ce1a732bbef5928568b8092d412ef95611616376bbeed?s=96&d=mm&r=g\",\"contentUrl\":\"https:\\\/\\\/secure.gravatar.com\\\/avatar\\\/d4fe7459cfc51ff5129ce1a732bbef5928568b8092d412ef95611616376bbeed?s=96&d=mm&r=g\",\"caption\":\"f1000024\"},\"url\":\"https:\\\/\\\/cvinoticias.com\\\/v3\\\/author\\\/f1000024\\\/\"}]}<\/script>\n<!-- \/ Yoast SEO plugin. -->","yoast_head_json":{"title":"Passalacqua se reuni\u00f3 con pastores en una cumbre por la paz | CVI NOTICIAS","description":"Passalacqua se reuni\u00f3 con pastores de Misiones en una cumbre trinacional centrada en la paz, la fe y el compromiso social.","robots":{"index":"index","follow":"follow","max-snippet":"max-snippet:-1","max-image-preview":"max-image-preview:large","max-video-preview":"max-video-preview:-1"},"canonical":"https:\/\/cvinoticias.com\/v3\/en-la-cumbre-por-la-paz-passalacqua-llamo-a-fortalecer-el-compromiso-comunitario-la-politica-es-servicio\/","og_locale":"es_ES","og_type":"article","og_title":"Passalacqua se reuni\u00f3 con pastores en una cumbre por la paz | CVI NOTICIAS","og_description":"Passalacqua se reuni\u00f3 con pastores de Misiones en una cumbre trinacional centrada en la paz, la fe y el compromiso social.","og_url":"https:\/\/cvinoticias.com\/v3\/en-la-cumbre-por-la-paz-passalacqua-llamo-a-fortalecer-el-compromiso-comunitario-la-politica-es-servicio\/","og_site_name":"CVI NOTICIAS","article_publisher":"https:\/\/www.facebook.com\/cvinoticias","article_published_time":"2026-09-02T11:54:29+00:00","article_modified_time":"2026-09-02T11:54:30+00:00","og_image":[{"width":1089,"height":730,"url":"https:\/\/cvinoticias.com\/wp-content\/uploads\/2026\/09\/Passalacqua-pastores-5.webp","type":"image\/webp"}],"author":"f1000024","twitter_card":"summary_large_image","twitter_misc":{"Escrito por":"f1000024","Tiempo de lectura":"5 minutos"},"schema":{"@context":"https:\/\/schema.org","@graph":[{"@type":"Article","@id":"https:\/\/cvinoticias.com\/v3\/en-la-cumbre-por-la-paz-passalacqua-llamo-a-fortalecer-el-compromiso-comunitario-la-politica-es-servicio\/#article","isPartOf":{"@id":"https:\/\/cvinoticias.com\/v3\/en-la-cumbre-por-la-paz-passalacqua-llamo-a-fortalecer-el-compromiso-comunitario-la-politica-es-servicio\/"},"author":{"name":"f1000024","@id":"https:\/\/cvinoticias.com\/v3\/#\/schema\/person\/2db77e3c6bc03c538495d7b2b8be9b66"},"headline":"En la Cumbre por la Paz, Passalacqua llam\u00f3 a fortalecer el compromiso comunitario: \u201cLa pol\u00edtica es servicio\u201d","datePublished":"2026-09-02T11:54:29+00:00","dateModified":"2026-09-02T11:54:30+00:00","mainEntityOfPage":{"@id":"https:\/\/cvinoticias.com\/v3\/en-la-cumbre-por-la-paz-passalacqua-llamo-a-fortalecer-el-compromiso-comunitario-la-politica-es-servicio\/"},"wordCount":867,"commentCount":0,"publisher":{"@id":"https:\/\/cvinoticias.com\/v3\/#organization"},"image":{"@id":"https:\/\/cvinoticias.com\/v3\/en-la-cumbre-por-la-paz-passalacqua-llamo-a-fortalecer-el-compromiso-comunitario-la-politica-es-servicio\/#primaryimage"},"thumbnailUrl":"https:\/\/cvinoticias.com\/wp-content\/uploads\/2026\/09\/Passalacqua-pastores-5.webp","keywords":["Compromiso","cumbre","Passalacqua","paz","trinacional"],"articleSection":["Politica","Triple Frontera"],"inLanguage":"es","potentialAction":[{"@type":"CommentAction","name":"Comment","target":["https:\/\/cvinoticias.com\/v3\/en-la-cumbre-por-la-paz-passalacqua-llamo-a-fortalecer-el-compromiso-comunitario-la-politica-es-servicio\/#respond"]}]},{"@type":"WebPage","@id":"https:\/\/cvinoticias.com\/v3\/en-la-cumbre-por-la-paz-passalacqua-llamo-a-fortalecer-el-compromiso-comunitario-la-politica-es-servicio\/","url":"https:\/\/cvinoticias.com\/v3\/en-la-cumbre-por-la-paz-passalacqua-llamo-a-fortalecer-el-compromiso-comunitario-la-politica-es-servicio\/","name":"Passalacqua se reuni\u00f3 con pastores en una cumbre por la paz | CVI NOTICIAS","isPartOf":{"@id":"https:\/\/cvinoticias.com\/v3\/#website"},"primaryImageOfPage":{"@id":"https:\/\/cvinoticias.com\/v3\/en-la-cumbre-por-la-paz-passalacqua-llamo-a-fortalecer-el-compromiso-comunitario-la-politica-es-servicio\/#primaryimage"},"image":{"@id":"https:\/\/cvinoticias.com\/v3\/en-la-cumbre-por-la-paz-passalacqua-llamo-a-fortalecer-el-compromiso-comunitario-la-politica-es-servicio\/#primaryimage"},"thumbnailUrl":"https:\/\/cvinoticias.com\/wp-content\/uploads\/2026\/09\/Passalacqua-pastores-5.webp","datePublished":"2026-09-02T11:54:29+00:00","dateModified":"2026-09-02T11:54:30+00:00","description":"Passalacqua se reuni\u00f3 con pastores de Misiones en una cumbre trinacional centrada en la paz, la fe y el compromiso social.","breadcrumb":{"@id":"https:\/\/cvinoticias.com\/v3\/en-la-cumbre-por-la-paz-passalacqua-llamo-a-fortalecer-el-compromiso-comunitario-la-politica-es-servicio\/#breadcrumb"},"inLanguage":"es","potentialAction":[{"@type":"ReadAction","target":["https:\/\/cvinoticias.com\/v3\/en-la-cumbre-por-la-paz-passalacqua-llamo-a-fortalecer-el-compromiso-comunitario-la-politica-es-servicio\/"]}]},{"@type":"ImageObject","inLanguage":"es","@id":"https:\/\/cvinoticias.com\/v3\/en-la-cumbre-por-la-paz-passalacqua-llamo-a-fortalecer-el-compromiso-comunitario-la-politica-es-servicio\/#primaryimage","url":"https:\/\/cvinoticias.com\/wp-content\/uploads\/2026\/09\/Passalacqua-pastores-5.webp","contentUrl":"https:\/\/cvinoticias.com\/wp-content\/uploads\/2026\/09\/Passalacqua-pastores-5.webp","width":1089,"height":730},{"@type":"BreadcrumbList","@id":"https:\/\/cvinoticias.com\/v3\/en-la-cumbre-por-la-paz-passalacqua-llamo-a-fortalecer-el-compromiso-comunitario-la-politica-es-servicio\/#breadcrumb","itemListElement":[{"@type":"ListItem","position":1,"name":"Portada","item":"https:\/\/cvinoticias.com\/v3\/"},{"@type":"ListItem","position":2,"name":"En la Cumbre por la Paz, Passalacqua llam\u00f3 a fortalecer el compromiso comunitario: \u201cLa pol\u00edtica es servicio\u201d"}]},{"@type":"WebSite","@id":"https:\/\/cvinoticias.com\/v3\/#website","url":"https:\/\/cvinoticias.com\/v3\/","name":"CVI NOTICIAS","description":"","publisher":{"@id":"https:\/\/cvinoticias.com\/v3\/#organization"},"alternateName":"CVI","potentialAction":[{"@type":"SearchAction","target":{"@type":"EntryPoint","urlTemplate":"https:\/\/cvinoticias.com\/v3\/?s={search_term_string}"},"query-input":{"@type":"PropertyValueSpecification","valueRequired":true,"valueName":"search_term_string"}}],"inLanguage":"es"},{"@type":"Organization","@id":"https:\/\/cvinoticias.com\/v3\/#organization","name":"CVI NOTICIAS","url":"https:\/\/cvinoticias.com\/v3\/","logo":{"@type":"ImageObject","inLanguage":"es","@id":"https:\/\/cvinoticias.com\/v3\/#\/schema\/logo\/image\/","url":"https:\/\/cvinoticias.com\/wp-content\/uploads\/2023\/04\/cropped-cropped-cropped-cropped-cropped-3-1.png","contentUrl":"https:\/\/cvinoticias.com\/wp-content\/uploads\/2023\/04\/cropped-cropped-cropped-cropped-cropped-3-1.png","width":95,"height":122,"caption":"CVI NOTICIAS"},"image":{"@id":"https:\/\/cvinoticias.com\/v3\/#\/schema\/logo\/image\/"},"sameAs":["https:\/\/www.facebook.com\/cvinoticias","https:\/\/www.instagram.com\/cvinoticias\/","https:\/\/www.youtube.com\/@CVINOTICIAS"]},{"@type":"Person","@id":"https:\/\/cvinoticias.com\/v3\/#\/schema\/person\/2db77e3c6bc03c538495d7b2b8be9b66","name":"f1000024","image":{"@type":"ImageObject","inLanguage":"es","@id":"https:\/\/secure.gravatar.com\/avatar\/d4fe7459cfc51ff5129ce1a732bbef5928568b8092d412ef95611616376bbeed?s=96&d=mm&r=g","url":"https:\/\/secure.gravatar.com\/avatar\/d4fe7459cfc51ff5129ce1a732bbef5928568b8092d412ef95611616376bbeed?s=96&d=mm&r=g","contentUrl":"https:\/\/secure.gravatar.com\/avatar\/d4fe7459cfc51ff5129ce1a732bbef5928568b8092d412ef95611616376bbeed?s=96&d=mm&r=g","caption":"f1000024"},"url":"https:\/\/cvinoticias.com\/v3\/author\/f1000024\/"}]}},"_links":{"self":[{"href":"https:\/\/cvinoticias.com\/v3\/wp-json\/wp\/v2\/posts\/62676","targetHints":{"allow":["GET"]}}],"collection":[{"href":"https:\/\/cvinoticias.com\/v3\/wp-json\/wp\/v2\/posts"}],"about":[{"href":"https:\/\/cvinoticias.com\/v3\/wp-json\/wp\/v2\/types\/post"}],"author":[{"embeddable":true,"href":"https:\/\/cvinoticias.com\/v3\/wp-json\/wp\/v2\/users\/2"}],"replies":[{"embeddable":true,"href":"https:\/\/cvinoticias.com\/v3\/wp-json\/wp\/v2\/comments?post=62676"}],"version-history":[{"count":1,"href":"https:\/\/cvinoticias.com\/v3\/wp-json\/wp\/v2\/posts\/62676\/revisions"}],"predecessor-version":[{"id":62678,"href":"https:\/\/cvinoticias.com\/v3\/wp-json\/wp\/v2\/posts\/62676\/revisions\/62678"}],"wp:featuredmedia":[{"embeddable":true,"href":"https:\/\/cvinoticias.com\/v3\/wp-json\/wp\/v2\/media\/62677"}],"wp:attachment":[{"href":"https:\/\/cvinoticias.com\/v3\/wp-json\/wp\/v2\/media?parent=62676"}],"wp:term":[{"taxonomy":"category","embeddable":true,"href":"https:\/\/cvinoticias.com\/v3\/wp-json\/wp\/v2\/categories?post=62676"},{"taxonomy":"post_tag","embeddable":true,"href":"https:\/\/cvinoticias.com\/v3\/wp-json\/wp\/v2\/tags?post=62676"}],"curies":[{"name":"wp","href":"https:\/\/api.w.org\/{rel}","templated":true}]}}