{"id":62656,"date":"2026-09-01T09:38:38","date_gmt":"2026-09-01T12:38:38","guid":{"rendered":"https:\/\/cvinoticias.com\/v3\/?p=62656"},"modified":"2026-09-01T09:38:40","modified_gmt":"2026-09-01T12:38:40","slug":"passalacqua-recibio-a-representantes-de-una-universidad-de-china-para-fortalecer-vinculos-academicos","status":"publish","type":"post","link":"https:\/\/cvinoticias.com\/v3\/passalacqua-recibio-a-representantes-de-una-universidad-de-china-para-fortalecer-vinculos-academicos\/","title":{"rendered":"Passalacqua recibi\u00f3 a representantes de una universidad de China para fortalecer v\u00ednculos acad\u00e9micos"},"content":{"rendered":"\n<p class=\"wp-block-paragraph\">El gobernador de Misiones, <strong>Hugo Passalacqua<\/strong>, recibi\u00f3 este lunes en Casa de Gobierno a una delegaci\u00f3n de la <strong>Universidad de Hebei<\/strong>, de China, que se encuentra en la provincia para realizar una visita exploratoria y conocer de cerca el sistema educativo misionero.<\/p>\n\n\n\n<p class=\"wp-block-paragraph\">El encuentro forma parte de una agenda institucional destinada a <strong>identificar oportunidades de cooperaci\u00f3n acad\u00e9mica<\/strong> entre Misiones y la provincia china de Hebei. Entre las posibilidades analizadas aparecen futuros intercambios de docentes y estudiantes, adem\u00e1s de otras iniciativas de vinculaci\u00f3n educativa y cultural.<\/p>\n\n\n\n<h3 class=\"wp-block-heading\">Una primera aproximaci\u00f3n para evaluar acuerdos<\/h3>\n\n\n\n<p class=\"wp-block-paragraph\">La delegaci\u00f3n china realiza su primera visita a la Argentina y eligi\u00f3 Misiones como uno de los puntos de partida para conocer las caracter\u00edsticas del sistema educativo provincial.<\/p>\n\n\n\n<p class=\"wp-block-paragraph\">Durante su estad\u00eda, los representantes de la Universidad de Hebei tienen previsto mantener reuniones con autoridades provinciales, referentes de la <strong>Universidad Nacional de Misiones (UNaM)<\/strong>, escuelas t\u00e9cnicas y distintos actores vinculados con la educaci\u00f3n.<\/p>\n\n\n\n<p class=\"wp-block-paragraph\">A partir de esta recorrida, la instituci\u00f3n elaborar\u00e1 un informe destinado a identificar \u00e1reas de inter\u00e9s com\u00fan y evaluar posibles proyectos de cooperaci\u00f3n.<\/p>\n\n\n\n<p class=\"wp-block-paragraph\">Durante la reuni\u00f3n, Passalacqua destac\u00f3 la importancia de realizar previamente un relevamiento antes de avanzar en acuerdos concretos. El gobernador tambi\u00e9n puso a disposici\u00f3n las capacidades institucionales de Misiones y record\u00f3 su v\u00ednculo con el \u00e1mbito acad\u00e9mico de la UNaM y con China, donde vivi\u00f3 durante ocho meses.<\/p>\n\n\n\n<h3 class=\"wp-block-heading\">La Universidad de Hebei busca oportunidades de intercambio<\/h3>\n\n\n\n<p class=\"wp-block-paragraph\">Yan Yi, director del \u00e1rea de Educaci\u00f3n Internacional e Intercambio de la Universidad de Hebei, explic\u00f3 que el objetivo principal de la visita es conocer el \u00e1mbito acad\u00e9mico de Misiones y analizar posibilidades de trabajo conjunto.<\/p>\n\n\n\n<p class=\"wp-block-paragraph\">La instituci\u00f3n busca especialmente generar oportunidades para <strong>intercambios de estudiantes y docentes<\/strong>, adem\u00e1s de conocer las necesidades y caracter\u00edsticas de la educaci\u00f3n provincial.<\/p>\n\n\n\n<p class=\"wp-block-paragraph\">La agenda tambi\u00e9n contempla encuentros con el <strong>Ministerio de Industria<\/strong>, autoridades universitarias, escuelas t\u00e9cnicas y referentes de distintos sectores educativos. El prop\u00f3sito es relevar las problem\u00e1ticas existentes y determinar en qu\u00e9 \u00e1reas podr\u00edan realizarse aportes desde ambas instituciones.<\/p>\n\n\n\n<h3 class=\"wp-block-heading\">Una universidad con m\u00e1s de 40 mil estudiantes<\/h3>\n\n\n\n<p class=\"wp-block-paragraph\">La <strong>Universidad de Hebei<\/strong> fue fundada en 1921 y tiene su sede en la ciudad de Baoding, ubicada aproximadamente a 150 kil\u00f3metros de Beijing.<\/p>\n\n\n\n<p class=\"wp-block-paragraph\">La instituci\u00f3n cuenta actualmente con <strong>m\u00e1s de 40 mil estudiantes<\/strong>, alrededor de 85 carreras de grado, m\u00e1s de 100 programas de maestr\u00eda y 25 doctorados.<\/p>\n\n\n\n<p class=\"wp-block-paragraph\">Su oferta acad\u00e9mica abarca disciplinas como medicina, matem\u00e1tica, f\u00edsica, qu\u00edmica, educaci\u00f3n, historia y ciencias sociales, entre otras \u00e1reas.<\/p>\n\n\n\n<p class=\"wp-block-paragraph\">A trav\u00e9s de su \u00e1rea de Educaci\u00f3n Internacional e Intercambio, la universidad mantiene v\u00ednculos con estudiantes de distintos pa\u00edses. Actualmente cuenta con unos <strong>500 estudiantes internacionales provenientes de alrededor de 50 pa\u00edses<\/strong>.<\/p>\n\n\n\n<p class=\"wp-block-paragraph\">Seg\u00fan explicaron los representantes durante el encuentro, hasta el momento no cuenta con estudiantes argentinos, por lo que la visita a Misiones representa una primera instancia para analizar futuros intercambios.<\/p>\n\n\n\n<h3 class=\"wp-block-heading\">Cooperaci\u00f3n acad\u00e9mica y v\u00ednculo cultural<\/h3>\n\n\n\n<p class=\"wp-block-paragraph\">Adem\u00e1s de los aspectos educativos, el encuentro tuvo un componente cultural. Los representantes de la Universidad de Hebei entregaron al gobernador una reproducci\u00f3n de un mapa hist\u00f3rico vinculado con los intercambios entre China y Occidente.<\/p>\n\n\n\n<p class=\"wp-block-paragraph\">El presente fue acompa\u00f1ado por una explicaci\u00f3n sobre su origen y las particularidades de su representaci\u00f3n, como parte de la intenci\u00f3n de fortalecer tambi\u00e9n los v\u00ednculos culturales entre ambas comunidades.<\/p>\n\n\n\n<p class=\"wp-block-paragraph\">De la reuni\u00f3n participaron, entre otros, el ministro de Turismo, <strong>Jos\u00e9 Mar\u00eda Arr\u00faa<\/strong>, representantes de la Universidad de Hebei, integrantes de organizaciones vinculadas con la cooperaci\u00f3n internacional y referentes del sector productivo y educativo.<\/p>\n\n\n\n<h3 class=\"wp-block-heading\">La visita continuar\u00e1 con reuniones en Misiones<\/h3>\n\n\n\n<p class=\"wp-block-paragraph\">La delegaci\u00f3n continuar\u00e1 durante los pr\u00f3ximos d\u00edas con su agenda en distintos \u00e1mbitos institucionales y educativos de la provincia.<\/p>\n\n\n\n<p class=\"wp-block-paragraph\">Una vez finalizada la recorrida, los representantes de la Universidad de Hebei prev\u00e9n elevar un informe a la instituci\u00f3n para determinar <strong>\u00e1reas concretas de inter\u00e9s com\u00fan<\/strong> y evaluar la posibilidad de avanzar en proyectos de cooperaci\u00f3n, intercambio acad\u00e9mico y vinculaci\u00f3n cultural con Misiones.<\/p>\n\n\n\n<p class=\"wp-block-paragraph\">La iniciativa abre as\u00ed una primera instancia de acercamiento entre el sistema educativo misionero y una instituci\u00f3n universitaria china con m\u00e1s de un siglo de trayectoria.<\/p>\n\n\n\n<p class=\"wp-block-paragraph\"><\/p>\n","protected":false},"excerpt":{"rendered":"<p>El gobernador de Misiones, Hugo Passalacqua, recibi\u00f3 este lunes en Casa de Gobierno a una delegaci\u00f3n de la Universidad de Hebei, de China, que se encuentra en la provincia para realizar una visita exploratoria y conocer de cerca el sistema educativo misionero. El encuentro forma parte de una agenda institucional destinada a identificar oportunidades de [&hellip;]<\/p>\n","protected":false},"author":2,"featured_media":62657,"comment_status":"open","ping_status":"closed","sticky":false,"template":"","format":"standard","meta":{"footnotes":""},"categories":[493,455],"tags":[7099,1872,4238,1431,2216,7098],"class_list":["post-62656","post","type-post","status-publish","format-standard","has-post-thumbnail","hentry","category-educacion-2","category-misiones","tag-academicos","tag-china","tag-fortalecer","tag-passalacqua","tag-universidad","tag-vinculos"],"yoast_head":"<!-- This site is optimized with the Yoast SEO plugin v28.4 - https:\/\/yoast.com\/product\/yoast-seo-wordpress\/ -->\n<title>Misiones fortalece v\u00ednculos acad\u00e9micos con China | CVI NOTICIAS<\/title>\n<meta name=\"description\" content=\"Passalacqua recibi\u00f3 a representantes de la Universidad de Hebei para impulsar intercambios acad\u00e9micos con Misiones.\" \/>\n<meta name=\"robots\" content=\"index, follow, max-snippet:-1, max-image-preview:large, max-video-preview:-1\" \/>\n<link rel=\"canonical\" href=\"https:\/\/cvinoticias.com\/v3\/passalacqua-recibio-a-representantes-de-una-universidad-de-china-para-fortalecer-vinculos-academicos\/\" \/>\n<meta property=\"og:locale\" content=\"es_ES\" \/>\n<meta property=\"og:type\" content=\"article\" \/>\n<meta property=\"og:title\" content=\"Misiones fortalece v\u00ednculos acad\u00e9micos con China | CVI NOTICIAS\" \/>\n<meta property=\"og:description\" content=\"Passalacqua recibi\u00f3 a representantes de la Universidad de Hebei para impulsar intercambios acad\u00e9micos con Misiones.\" \/>\n<meta property=\"og:url\" content=\"https:\/\/cvinoticias.com\/v3\/passalacqua-recibio-a-representantes-de-una-universidad-de-china-para-fortalecer-vinculos-academicos\/\" \/>\n<meta property=\"og:site_name\" content=\"CVI NOTICIAS\" \/>\n<meta property=\"article:publisher\" content=\"https:\/\/www.facebook.com\/cvinoticias\" \/>\n<meta property=\"article:published_time\" content=\"2026-09-01T12:38:38+00:00\" \/>\n<meta property=\"article:modified_time\" content=\"2026-09-01T12:38:40+00:00\" \/>\n<meta property=\"og:image\" content=\"https:\/\/cvinoticias.com\/wp-content\/uploads\/2026\/09\/b4d3f442-cf39-4b51-bbe1-2a7730f47970-scaled.jpeg\" \/>\n\t<meta property=\"og:image:width\" content=\"2560\" \/>\n\t<meta property=\"og:image:height\" content=\"1707\" \/>\n\t<meta property=\"og:image:type\" content=\"image\/jpeg\" \/>\n<meta name=\"author\" content=\"f1000024\" \/>\n<meta name=\"twitter:card\" content=\"summary_large_image\" \/>\n<meta name=\"twitter:label1\" content=\"Escrito por\" \/>\n\t<meta name=\"twitter:data1\" content=\"f1000024\" \/>\n\t<meta name=\"twitter:label2\" content=\"Tiempo de lectura\" \/>\n\t<meta name=\"twitter:data2\" content=\"4 minutos\" \/>\n<script type=\"application\/ld+json\" class=\"yoast-schema-graph\">{\"@context\":\"https:\\\/\\\/schema.org\",\"@graph\":[{\"@type\":\"Article\",\"@id\":\"https:\\\/\\\/cvinoticias.com\\\/v3\\\/passalacqua-recibio-a-representantes-de-una-universidad-de-china-para-fortalecer-vinculos-academicos\\\/#article\",\"isPartOf\":{\"@id\":\"https:\\\/\\\/cvinoticias.com\\\/v3\\\/passalacqua-recibio-a-representantes-de-una-universidad-de-china-para-fortalecer-vinculos-academicos\\\/\"},\"author\":{\"name\":\"f1000024\",\"@id\":\"https:\\\/\\\/cvinoticias.com\\\/v3\\\/#\\\/schema\\\/person\\\/2db77e3c6bc03c538495d7b2b8be9b66\"},\"headline\":\"Passalacqua recibi\u00f3 a representantes de una universidad de China para fortalecer v\u00ednculos acad\u00e9micos\",\"datePublished\":\"2026-09-01T12:38:38+00:00\",\"dateModified\":\"2026-09-01T12:38:40+00:00\",\"mainEntityOfPage\":{\"@id\":\"https:\\\/\\\/cvinoticias.com\\\/v3\\\/passalacqua-recibio-a-representantes-de-una-universidad-de-china-para-fortalecer-vinculos-academicos\\\/\"},\"wordCount\":747,\"commentCount\":0,\"publisher\":{\"@id\":\"https:\\\/\\\/cvinoticias.com\\\/v3\\\/#organization\"},\"image\":{\"@id\":\"https:\\\/\\\/cvinoticias.com\\\/v3\\\/passalacqua-recibio-a-representantes-de-una-universidad-de-china-para-fortalecer-vinculos-academicos\\\/#primaryimage\"},\"thumbnailUrl\":\"https:\\\/\\\/cvinoticias.com\\\/wp-content\\\/uploads\\\/2026\\\/09\\\/b4d3f442-cf39-4b51-bbe1-2a7730f47970-scaled.jpeg\",\"keywords\":[\"acad\u00e9micos\",\"China\",\"fortalecer\",\"Passalacqua\",\"Universidad\",\"v\u00ednculos\"],\"articleSection\":[\"Educaci\u00f3n\",\"Misiones\"],\"inLanguage\":\"es\",\"potentialAction\":[{\"@type\":\"CommentAction\",\"name\":\"Comment\",\"target\":[\"https:\\\/\\\/cvinoticias.com\\\/v3\\\/passalacqua-recibio-a-representantes-de-una-universidad-de-china-para-fortalecer-vinculos-academicos\\\/#respond\"]}]},{\"@type\":\"WebPage\",\"@id\":\"https:\\\/\\\/cvinoticias.com\\\/v3\\\/passalacqua-recibio-a-representantes-de-una-universidad-de-china-para-fortalecer-vinculos-academicos\\\/\",\"url\":\"https:\\\/\\\/cvinoticias.com\\\/v3\\\/passalacqua-recibio-a-representantes-de-una-universidad-de-china-para-fortalecer-vinculos-academicos\\\/\",\"name\":\"Misiones fortalece v\u00ednculos acad\u00e9micos con China | CVI NOTICIAS\",\"isPartOf\":{\"@id\":\"https:\\\/\\\/cvinoticias.com\\\/v3\\\/#website\"},\"primaryImageOfPage\":{\"@id\":\"https:\\\/\\\/cvinoticias.com\\\/v3\\\/passalacqua-recibio-a-representantes-de-una-universidad-de-china-para-fortalecer-vinculos-academicos\\\/#primaryimage\"},\"image\":{\"@id\":\"https:\\\/\\\/cvinoticias.com\\\/v3\\\/passalacqua-recibio-a-representantes-de-una-universidad-de-china-para-fortalecer-vinculos-academicos\\\/#primaryimage\"},\"thumbnailUrl\":\"https:\\\/\\\/cvinoticias.com\\\/wp-content\\\/uploads\\\/2026\\\/09\\\/b4d3f442-cf39-4b51-bbe1-2a7730f47970-scaled.jpeg\",\"datePublished\":\"2026-09-01T12:38:38+00:00\",\"dateModified\":\"2026-09-01T12:38:40+00:00\",\"description\":\"Passalacqua recibi\u00f3 a representantes de la Universidad de Hebei para impulsar intercambios acad\u00e9micos con Misiones.\",\"breadcrumb\":{\"@id\":\"https:\\\/\\\/cvinoticias.com\\\/v3\\\/passalacqua-recibio-a-representantes-de-una-universidad-de-china-para-fortalecer-vinculos-academicos\\\/#breadcrumb\"},\"inLanguage\":\"es\",\"potentialAction\":[{\"@type\":\"ReadAction\",\"target\":[\"https:\\\/\\\/cvinoticias.com\\\/v3\\\/passalacqua-recibio-a-representantes-de-una-universidad-de-china-para-fortalecer-vinculos-academicos\\\/\"]}]},{\"@type\":\"ImageObject\",\"inLanguage\":\"es\",\"@id\":\"https:\\\/\\\/cvinoticias.com\\\/v3\\\/passalacqua-recibio-a-representantes-de-una-universidad-de-china-para-fortalecer-vinculos-academicos\\\/#primaryimage\",\"url\":\"https:\\\/\\\/cvinoticias.com\\\/wp-content\\\/uploads\\\/2026\\\/09\\\/b4d3f442-cf39-4b51-bbe1-2a7730f47970-scaled.jpeg\",\"contentUrl\":\"https:\\\/\\\/cvinoticias.com\\\/wp-content\\\/uploads\\\/2026\\\/09\\\/b4d3f442-cf39-4b51-bbe1-2a7730f47970-scaled.jpeg\",\"width\":2560,\"height\":1707},{\"@type\":\"BreadcrumbList\",\"@id\":\"https:\\\/\\\/cvinoticias.com\\\/v3\\\/passalacqua-recibio-a-representantes-de-una-universidad-de-china-para-fortalecer-vinculos-academicos\\\/#breadcrumb\",\"itemListElement\":[{\"@type\":\"ListItem\",\"position\":1,\"name\":\"Portada\",\"item\":\"https:\\\/\\\/cvinoticias.com\\\/v3\\\/\"},{\"@type\":\"ListItem\",\"position\":2,\"name\":\"Passalacqua recibi\u00f3 a representantes de una universidad de China para fortalecer v\u00ednculos acad\u00e9micos\"}]},{\"@type\":\"WebSite\",\"@id\":\"https:\\\/\\\/cvinoticias.com\\\/v3\\\/#website\",\"url\":\"https:\\\/\\\/cvinoticias.com\\\/v3\\\/\",\"name\":\"CVI NOTICIAS\",\"description\":\"\",\"publisher\":{\"@id\":\"https:\\\/\\\/cvinoticias.com\\\/v3\\\/#organization\"},\"alternateName\":\"CVI\",\"potentialAction\":[{\"@type\":\"SearchAction\",\"target\":{\"@type\":\"EntryPoint\",\"urlTemplate\":\"https:\\\/\\\/cvinoticias.com\\\/v3\\\/?s={search_term_string}\"},\"query-input\":{\"@type\":\"PropertyValueSpecification\",\"valueRequired\":true,\"valueName\":\"search_term_string\"}}],\"inLanguage\":\"es\"},{\"@type\":\"Organization\",\"@id\":\"https:\\\/\\\/cvinoticias.com\\\/v3\\\/#organization\",\"name\":\"CVI NOTICIAS\",\"url\":\"https:\\\/\\\/cvinoticias.com\\\/v3\\\/\",\"logo\":{\"@type\":\"ImageObject\",\"inLanguage\":\"es\",\"@id\":\"https:\\\/\\\/cvinoticias.com\\\/v3\\\/#\\\/schema\\\/logo\\\/image\\\/\",\"url\":\"https:\\\/\\\/cvinoticias.com\\\/wp-content\\\/uploads\\\/2023\\\/04\\\/cropped-cropped-cropped-cropped-cropped-3-1.png\",\"contentUrl\":\"https:\\\/\\\/cvinoticias.com\\\/wp-content\\\/uploads\\\/2023\\\/04\\\/cropped-cropped-cropped-cropped-cropped-3-1.png\",\"width\":95,\"height\":122,\"caption\":\"CVI NOTICIAS\"},\"image\":{\"@id\":\"https:\\\/\\\/cvinoticias.com\\\/v3\\\/#\\\/schema\\\/logo\\\/image\\\/\"},\"sameAs\":[\"https:\\\/\\\/www.facebook.com\\\/cvinoticias\",\"https:\\\/\\\/www.instagram.com\\\/cvinoticias\\\/\",\"https:\\\/\\\/www.youtube.com\\\/@CVINOTICIAS\"]},{\"@type\":\"Person\",\"@id\":\"https:\\\/\\\/cvinoticias.com\\\/v3\\\/#\\\/schema\\\/person\\\/2db77e3c6bc03c538495d7b2b8be9b66\",\"name\":\"f1000024\",\"image\":{\"@type\":\"ImageObject\",\"inLanguage\":\"es\",\"@id\":\"https:\\\/\\\/secure.gravatar.com\\\/avatar\\\/d4fe7459cfc51ff5129ce1a732bbef5928568b8092d412ef95611616376bbeed?s=96&d=mm&r=g\",\"url\":\"https:\\\/\\\/secure.gravatar.com\\\/avatar\\\/d4fe7459cfc51ff5129ce1a732bbef5928568b8092d412ef95611616376bbeed?s=96&d=mm&r=g\",\"contentUrl\":\"https:\\\/\\\/secure.gravatar.com\\\/avatar\\\/d4fe7459cfc51ff5129ce1a732bbef5928568b8092d412ef95611616376bbeed?s=96&d=mm&r=g\",\"caption\":\"f1000024\"},\"url\":\"https:\\\/\\\/cvinoticias.com\\\/v3\\\/author\\\/f1000024\\\/\"}]}<\/script>\n<!-- \/ Yoast SEO plugin. -->","yoast_head_json":{"title":"Misiones fortalece v\u00ednculos acad\u00e9micos con China | CVI NOTICIAS","description":"Passalacqua recibi\u00f3 a representantes de la Universidad de Hebei para impulsar intercambios acad\u00e9micos con Misiones.","robots":{"index":"index","follow":"follow","max-snippet":"max-snippet:-1","max-image-preview":"max-image-preview:large","max-video-preview":"max-video-preview:-1"},"canonical":"https:\/\/cvinoticias.com\/v3\/passalacqua-recibio-a-representantes-de-una-universidad-de-china-para-fortalecer-vinculos-academicos\/","og_locale":"es_ES","og_type":"article","og_title":"Misiones fortalece v\u00ednculos acad\u00e9micos con China | CVI NOTICIAS","og_description":"Passalacqua recibi\u00f3 a representantes de la Universidad de Hebei para impulsar intercambios acad\u00e9micos con Misiones.","og_url":"https:\/\/cvinoticias.com\/v3\/passalacqua-recibio-a-representantes-de-una-universidad-de-china-para-fortalecer-vinculos-academicos\/","og_site_name":"CVI NOTICIAS","article_publisher":"https:\/\/www.facebook.com\/cvinoticias","article_published_time":"2026-09-01T12:38:38+00:00","article_modified_time":"2026-09-01T12:38:40+00:00","og_image":[{"width":2560,"height":1707,"url":"https:\/\/cvinoticias.com\/wp-content\/uploads\/2026\/09\/b4d3f442-cf39-4b51-bbe1-2a7730f47970-scaled.jpeg","type":"image\/jpeg"}],"author":"f1000024","twitter_card":"summary_large_image","twitter_misc":{"Escrito por":"f1000024","Tiempo de lectura":"4 minutos"},"schema":{"@context":"https:\/\/schema.org","@graph":[{"@type":"Article","@id":"https:\/\/cvinoticias.com\/v3\/passalacqua-recibio-a-representantes-de-una-universidad-de-china-para-fortalecer-vinculos-academicos\/#article","isPartOf":{"@id":"https:\/\/cvinoticias.com\/v3\/passalacqua-recibio-a-representantes-de-una-universidad-de-china-para-fortalecer-vinculos-academicos\/"},"author":{"name":"f1000024","@id":"https:\/\/cvinoticias.com\/v3\/#\/schema\/person\/2db77e3c6bc03c538495d7b2b8be9b66"},"headline":"Passalacqua recibi\u00f3 a representantes de una universidad de China para fortalecer v\u00ednculos acad\u00e9micos","datePublished":"2026-09-01T12:38:38+00:00","dateModified":"2026-09-01T12:38:40+00:00","mainEntityOfPage":{"@id":"https:\/\/cvinoticias.com\/v3\/passalacqua-recibio-a-representantes-de-una-universidad-de-china-para-fortalecer-vinculos-academicos\/"},"wordCount":747,"commentCount":0,"publisher":{"@id":"https:\/\/cvinoticias.com\/v3\/#organization"},"image":{"@id":"https:\/\/cvinoticias.com\/v3\/passalacqua-recibio-a-representantes-de-una-universidad-de-china-para-fortalecer-vinculos-academicos\/#primaryimage"},"thumbnailUrl":"https:\/\/cvinoticias.com\/wp-content\/uploads\/2026\/09\/b4d3f442-cf39-4b51-bbe1-2a7730f47970-scaled.jpeg","keywords":["acad\u00e9micos","China","fortalecer","Passalacqua","Universidad","v\u00ednculos"],"articleSection":["Educaci\u00f3n","Misiones"],"inLanguage":"es","potentialAction":[{"@type":"CommentAction","name":"Comment","target":["https:\/\/cvinoticias.com\/v3\/passalacqua-recibio-a-representantes-de-una-universidad-de-china-para-fortalecer-vinculos-academicos\/#respond"]}]},{"@type":"WebPage","@id":"https:\/\/cvinoticias.com\/v3\/passalacqua-recibio-a-representantes-de-una-universidad-de-china-para-fortalecer-vinculos-academicos\/","url":"https:\/\/cvinoticias.com\/v3\/passalacqua-recibio-a-representantes-de-una-universidad-de-china-para-fortalecer-vinculos-academicos\/","name":"Misiones fortalece v\u00ednculos acad\u00e9micos con China | CVI NOTICIAS","isPartOf":{"@id":"https:\/\/cvinoticias.com\/v3\/#website"},"primaryImageOfPage":{"@id":"https:\/\/cvinoticias.com\/v3\/passalacqua-recibio-a-representantes-de-una-universidad-de-china-para-fortalecer-vinculos-academicos\/#primaryimage"},"image":{"@id":"https:\/\/cvinoticias.com\/v3\/passalacqua-recibio-a-representantes-de-una-universidad-de-china-para-fortalecer-vinculos-academicos\/#primaryimage"},"thumbnailUrl":"https:\/\/cvinoticias.com\/wp-content\/uploads\/2026\/09\/b4d3f442-cf39-4b51-bbe1-2a7730f47970-scaled.jpeg","datePublished":"2026-09-01T12:38:38+00:00","dateModified":"2026-09-01T12:38:40+00:00","description":"Passalacqua recibi\u00f3 a representantes de la Universidad de Hebei para impulsar intercambios acad\u00e9micos con Misiones.","breadcrumb":{"@id":"https:\/\/cvinoticias.com\/v3\/passalacqua-recibio-a-representantes-de-una-universidad-de-china-para-fortalecer-vinculos-academicos\/#breadcrumb"},"inLanguage":"es","potentialAction":[{"@type":"ReadAction","target":["https:\/\/cvinoticias.com\/v3\/passalacqua-recibio-a-representantes-de-una-universidad-de-china-para-fortalecer-vinculos-academicos\/"]}]},{"@type":"ImageObject","inLanguage":"es","@id":"https:\/\/cvinoticias.com\/v3\/passalacqua-recibio-a-representantes-de-una-universidad-de-china-para-fortalecer-vinculos-academicos\/#primaryimage","url":"https:\/\/cvinoticias.com\/wp-content\/uploads\/2026\/09\/b4d3f442-cf39-4b51-bbe1-2a7730f47970-scaled.jpeg","contentUrl":"https:\/\/cvinoticias.com\/wp-content\/uploads\/2026\/09\/b4d3f442-cf39-4b51-bbe1-2a7730f47970-scaled.jpeg","width":2560,"height":1707},{"@type":"BreadcrumbList","@id":"https:\/\/cvinoticias.com\/v3\/passalacqua-recibio-a-representantes-de-una-universidad-de-china-para-fortalecer-vinculos-academicos\/#breadcrumb","itemListElement":[{"@type":"ListItem","position":1,"name":"Portada","item":"https:\/\/cvinoticias.com\/v3\/"},{"@type":"ListItem","position":2,"name":"Passalacqua recibi\u00f3 a representantes de una universidad de China para fortalecer v\u00ednculos acad\u00e9micos"}]},{"@type":"WebSite","@id":"https:\/\/cvinoticias.com\/v3\/#website","url":"https:\/\/cvinoticias.com\/v3\/","name":"CVI NOTICIAS","description":"","publisher":{"@id":"https:\/\/cvinoticias.com\/v3\/#organization"},"alternateName":"CVI","potentialAction":[{"@type":"SearchAction","target":{"@type":"EntryPoint","urlTemplate":"https:\/\/cvinoticias.com\/v3\/?s={search_term_string}"},"query-input":{"@type":"PropertyValueSpecification","valueRequired":true,"valueName":"search_term_string"}}],"inLanguage":"es"},{"@type":"Organization","@id":"https:\/\/cvinoticias.com\/v3\/#organization","name":"CVI NOTICIAS","url":"https:\/\/cvinoticias.com\/v3\/","logo":{"@type":"ImageObject","inLanguage":"es","@id":"https:\/\/cvinoticias.com\/v3\/#\/schema\/logo\/image\/","url":"https:\/\/cvinoticias.com\/wp-content\/uploads\/2023\/04\/cropped-cropped-cropped-cropped-cropped-3-1.png","contentUrl":"https:\/\/cvinoticias.com\/wp-content\/uploads\/2023\/04\/cropped-cropped-cropped-cropped-cropped-3-1.png","width":95,"height":122,"caption":"CVI NOTICIAS"},"image":{"@id":"https:\/\/cvinoticias.com\/v3\/#\/schema\/logo\/image\/"},"sameAs":["https:\/\/www.facebook.com\/cvinoticias","https:\/\/www.instagram.com\/cvinoticias\/","https:\/\/www.youtube.com\/@CVINOTICIAS"]},{"@type":"Person","@id":"https:\/\/cvinoticias.com\/v3\/#\/schema\/person\/2db77e3c6bc03c538495d7b2b8be9b66","name":"f1000024","image":{"@type":"ImageObject","inLanguage":"es","@id":"https:\/\/secure.gravatar.com\/avatar\/d4fe7459cfc51ff5129ce1a732bbef5928568b8092d412ef95611616376bbeed?s=96&d=mm&r=g","url":"https:\/\/secure.gravatar.com\/avatar\/d4fe7459cfc51ff5129ce1a732bbef5928568b8092d412ef95611616376bbeed?s=96&d=mm&r=g","contentUrl":"https:\/\/secure.gravatar.com\/avatar\/d4fe7459cfc51ff5129ce1a732bbef5928568b8092d412ef95611616376bbeed?s=96&d=mm&r=g","caption":"f1000024"},"url":"https:\/\/cvinoticias.com\/v3\/author\/f1000024\/"}]}},"_links":{"self":[{"href":"https:\/\/cvinoticias.com\/v3\/wp-json\/wp\/v2\/posts\/62656","targetHints":{"allow":["GET"]}}],"collection":[{"href":"https:\/\/cvinoticias.com\/v3\/wp-json\/wp\/v2\/posts"}],"about":[{"href":"https:\/\/cvinoticias.com\/v3\/wp-json\/wp\/v2\/types\/post"}],"author":[{"embeddable":true,"href":"https:\/\/cvinoticias.com\/v3\/wp-json\/wp\/v2\/users\/2"}],"replies":[{"embeddable":true,"href":"https:\/\/cvinoticias.com\/v3\/wp-json\/wp\/v2\/comments?post=62656"}],"version-history":[{"count":1,"href":"https:\/\/cvinoticias.com\/v3\/wp-json\/wp\/v2\/posts\/62656\/revisions"}],"predecessor-version":[{"id":62658,"href":"https:\/\/cvinoticias.com\/v3\/wp-json\/wp\/v2\/posts\/62656\/revisions\/62658"}],"wp:featuredmedia":[{"embeddable":true,"href":"https:\/\/cvinoticias.com\/v3\/wp-json\/wp\/v2\/media\/62657"}],"wp:attachment":[{"href":"https:\/\/cvinoticias.com\/v3\/wp-json\/wp\/v2\/media?parent=62656"}],"wp:term":[{"taxonomy":"category","embeddable":true,"href":"https:\/\/cvinoticias.com\/v3\/wp-json\/wp\/v2\/categories?post=62656"},{"taxonomy":"post_tag","embeddable":true,"href":"https:\/\/cvinoticias.com\/v3\/wp-json\/wp\/v2\/tags?post=62656"}],"curies":[{"name":"wp","href":"https:\/\/api.w.org\/{rel}","templated":true}]}}