{"id":62653,"date":"2026-09-01T09:33:51","date_gmt":"2026-09-01T12:33:51","guid":{"rendered":"https:\/\/cvinoticias.com\/v3\/?p=62653"},"modified":"2026-09-01T09:33:53","modified_gmt":"2026-09-01T12:33:53","slug":"arrua-celebro-el-turista-un-millon-en-cataratas-pero-advirtio-por-la-caida-del-consumo-y-las-estadias-mas-cortas","status":"publish","type":"post","link":"https:\/\/cvinoticias.com\/v3\/arrua-celebro-el-turista-un-millon-en-cataratas-pero-advirtio-por-la-caida-del-consumo-y-las-estadias-mas-cortas\/","title":{"rendered":"Arr\u00faa celebr\u00f3 el turista un mill\u00f3n en Cataratas, pero advirti\u00f3 por la ca\u00edda del consumo y las estad\u00edas m\u00e1s cortas"},"content":{"rendered":"\n<p class=\"wp-block-paragraph\">El ministro de Turismo de Misiones, Jos\u00e9 Mar\u00eda Arr\u00faa, celebr\u00f3 la llegada del visitante un mill\u00f3n de 2026 al Parque Nacional Iguaz\u00fa, pero advirti\u00f3 que el volumen de ingresos no alcanza por s\u00ed solo para medir el desempe\u00f1o econ\u00f3mico de la actividad. En ese sentido, alert\u00f3 sobre la reducci\u00f3n del consumo, el acortamiento de las estad\u00edas y el menor rendimiento que enfrentan numerosos prestadores.<\/p>\n\n\n\n<p class=\"wp-block-paragraph\">\u201cQuiero saludar a la familia Peralta Destefano, de Mar del Plata, que eligi\u00f3 Misiones y se convirti\u00f3 en el visitante un mill\u00f3n del Parque Nacional Iguaz\u00fa\u201d, expres\u00f3 Arr\u00faa. La familia lleg\u00f3 en autom\u00f3vil para conocer por primera vez las Cataratas y fue recibida por representantes de las empresas concesionarias, guardaparques y trabajadores del \u00e1rea protegida.<\/p>\n\n\n\n<p class=\"wp-block-paragraph\">El mill\u00f3n de ingresos se alcanz\u00f3 el s\u00e1bado 29 de agosto, una semana m\u00e1s tarde que en 2025, aunque con considerable anticipaci\u00f3n respecto de 2024. Para el funcionario, el acontecimiento representa una oportunidad para promocionar Misiones, pero tambi\u00e9n obliga a observar variables que permitan conocer el impacto real del turismo sobre la econom\u00eda provincial.<\/p>\n\n\n\n<p class=\"wp-block-paragraph\">\u201cCelebramos su llegada porque es una oportunidad para mostrar nuestra provincia, pero tenemos que mirar m\u00e1s all\u00e1 de las cifras\u201d, sostuvo el ministro.<\/p>\n\n\n\n<h2 class=\"wp-block-heading\"><strong>Menos consumo y estad\u00edas m\u00e1s breves<\/strong><\/h2>\n\n\n\n<p class=\"wp-block-paragraph\">Arr\u00faa ubic\u00f3 el desempe\u00f1o tur\u00edstico dentro del contexto econ\u00f3mico nacional y asegur\u00f3 que el sector atraviesa un escenario complejo. Seg\u00fan explic\u00f3, la p\u00e9rdida de capacidad de consumo modifica la manera de viajar y repercute sobre todos los integrantes de la cadena tur\u00edstica.<\/p>\n\n\n\n<p class=\"wp-block-paragraph\">\u201cEl turismo no escapa a las pol\u00edticas nacionales. Sufre sus consecuencias y se encuentra atravesando un escenario muy complejo: menor consumo, estad\u00edas m\u00e1s cortas y menor rendimiento econ\u00f3mico para muchos prestadores\u201d, se\u00f1al\u00f3.<\/p>\n\n\n\n<p class=\"wp-block-paragraph\">El ministro remarc\u00f3 que la disminuci\u00f3n de los d\u00edas de permanencia en un destino no afecta \u00fanicamente a los hoteles. Tambi\u00e9n reduce la demanda de restaurantes, excursiones, transporte, comercios y diferentes servicios vinculados con la experiencia del visitante.<\/p>\n\n\n\n<p class=\"wp-block-paragraph\">\u201cCuando una persona modifica su forma de viajar, tambi\u00e9n cambia el movimiento econ\u00f3mico del destino. Reduce sus d\u00edas de estad\u00eda, consume menos alojamiento, gastronom\u00eda, excursiones y otros servicios. Y eso impacta directamente en cada uno de los eslabones de la cadena productiva\u201d, explic\u00f3.<\/p>\n\n\n\n<p class=\"wp-block-paragraph\">Frente a este escenario, Arr\u00faa plante\u00f3 la necesidad de adoptar una mirada integral sobre los resultados tur\u00edsticos. Adem\u00e1s de contabilizar el n\u00famero de personas que ingresan a los atractivos, consider\u00f3 necesario medir cu\u00e1nto tiempo permanecen en Misiones y cu\u00e1l es el gasto que realizan durante su estad\u00eda.<\/p>\n\n\n\n<p class=\"wp-block-paragraph\">\u201cNecesitamos mirar de manera integral: cu\u00e1ntas personas llegan, s\u00ed, pero cu\u00e1nto tiempo se quedan y cu\u00e1nto gastan\u201d, afirm\u00f3.<\/p>\n\n\n\n<p class=\"wp-block-paragraph\">El funcionario sostuvo que la Provincia deber\u00e1 continuar promoviendo pol\u00edticas p\u00fablicas destinadas a movilizar el consumo, acompa\u00f1ar a las empresas y proteger la capacidad del turismo para generar empleo e ingresos.<\/p>\n\n\n\n<p class=\"wp-block-paragraph\">\u201cDebemos seguir trabajando y sosteniendo pol\u00edticas p\u00fablicas que impulsen el consumo, fortalezcan a los prestadores y potencien el turismo como verdadero motor econ\u00f3mico\u201d, concluy\u00f3 Arr\u00faa.<\/p>\n\n\n\n<p class=\"wp-block-paragraph\">Fuente: Economis<\/p>\n","protected":false},"excerpt":{"rendered":"<p>El ministro de Turismo de Misiones, Jos\u00e9 Mar\u00eda Arr\u00faa, celebr\u00f3 la llegada del visitante un mill\u00f3n de 2026 al Parque Nacional Iguaz\u00fa, pero advirti\u00f3 que el volumen de ingresos no alcanza por s\u00ed solo para medir el desempe\u00f1o econ\u00f3mico de la actividad. En ese sentido, alert\u00f3 sobre la reducci\u00f3n del consumo, el acortamiento de las [&hellip;]<\/p>\n","protected":false},"author":2,"featured_media":62654,"comment_status":"open","ping_status":"closed","sticky":false,"template":"","format":"standard","meta":{"footnotes":""},"categories":[32,50],"tags":[4680,74,357,3284,1503,1866],"class_list":["post-62653","post","type-post","status-publish","format-standard","has-post-thumbnail","hentry","category-economia","category-turismo","tag-arrua","tag-cataratas","tag-consumo","tag-millon","tag-ministro","tag-turista"],"yoast_head":"<!-- This site is optimized with the Yoast SEO plugin v28.4 - https:\/\/yoast.com\/product\/yoast-seo-wordpress\/ -->\n<title>Arr\u00faa advirti\u00f3 por la ca\u00edda del consumo tur\u00edstico en Misiones | CVI NOTICIAS<\/title>\n<meta name=\"description\" content=\"Jos\u00e9 Mar\u00eda Arr\u00faa celebr\u00f3 el turista un mill\u00f3n en Cataratas, pero advirti\u00f3 por el menor consumo y las estad\u00edas m\u00e1s cortas.\" \/>\n<meta name=\"robots\" content=\"index, follow, max-snippet:-1, max-image-preview:large, max-video-preview:-1\" \/>\n<link rel=\"canonical\" href=\"https:\/\/cvinoticias.com\/v3\/arrua-celebro-el-turista-un-millon-en-cataratas-pero-advirtio-por-la-caida-del-consumo-y-las-estadias-mas-cortas\/\" \/>\n<meta property=\"og:locale\" content=\"es_ES\" \/>\n<meta property=\"og:type\" content=\"article\" \/>\n<meta property=\"og:title\" content=\"Arr\u00faa advirti\u00f3 por la ca\u00edda del consumo tur\u00edstico en Misiones | CVI NOTICIAS\" \/>\n<meta property=\"og:description\" content=\"Jos\u00e9 Mar\u00eda Arr\u00faa celebr\u00f3 el turista un mill\u00f3n en Cataratas, pero advirti\u00f3 por el menor consumo y las estad\u00edas m\u00e1s cortas.\" \/>\n<meta property=\"og:url\" content=\"https:\/\/cvinoticias.com\/v3\/arrua-celebro-el-turista-un-millon-en-cataratas-pero-advirtio-por-la-caida-del-consumo-y-las-estadias-mas-cortas\/\" \/>\n<meta property=\"og:site_name\" content=\"CVI NOTICIAS\" \/>\n<meta property=\"article:publisher\" content=\"https:\/\/www.facebook.com\/cvinoticias\" \/>\n<meta property=\"article:published_time\" content=\"2026-09-01T12:33:51+00:00\" \/>\n<meta property=\"article:modified_time\" content=\"2026-09-01T12:33:53+00:00\" \/>\n<meta property=\"og:image\" content=\"https:\/\/cvinoticias.com\/wp-content\/uploads\/2026\/09\/TURISTA-UN-MILLON-IGUAZU-2026.webp\" \/>\n\t<meta property=\"og:image:width\" content=\"1136\" \/>\n\t<meta property=\"og:image:height\" content=\"675\" \/>\n\t<meta property=\"og:image:type\" content=\"image\/webp\" \/>\n<meta name=\"author\" content=\"f1000024\" \/>\n<meta name=\"twitter:card\" content=\"summary_large_image\" \/>\n<meta name=\"twitter:label1\" content=\"Escrito por\" \/>\n\t<meta name=\"twitter:data1\" content=\"f1000024\" \/>\n\t<meta name=\"twitter:label2\" content=\"Tiempo de lectura\" \/>\n\t<meta name=\"twitter:data2\" content=\"3 minutos\" \/>\n<script type=\"application\/ld+json\" class=\"yoast-schema-graph\">{\"@context\":\"https:\\\/\\\/schema.org\",\"@graph\":[{\"@type\":\"Article\",\"@id\":\"https:\\\/\\\/cvinoticias.com\\\/v3\\\/arrua-celebro-el-turista-un-millon-en-cataratas-pero-advirtio-por-la-caida-del-consumo-y-las-estadias-mas-cortas\\\/#article\",\"isPartOf\":{\"@id\":\"https:\\\/\\\/cvinoticias.com\\\/v3\\\/arrua-celebro-el-turista-un-millon-en-cataratas-pero-advirtio-por-la-caida-del-consumo-y-las-estadias-mas-cortas\\\/\"},\"author\":{\"name\":\"f1000024\",\"@id\":\"https:\\\/\\\/cvinoticias.com\\\/v3\\\/#\\\/schema\\\/person\\\/2db77e3c6bc03c538495d7b2b8be9b66\"},\"headline\":\"Arr\u00faa celebr\u00f3 el turista un mill\u00f3n en Cataratas, pero advirti\u00f3 por la ca\u00edda del consumo y las estad\u00edas m\u00e1s cortas\",\"datePublished\":\"2026-09-01T12:33:51+00:00\",\"dateModified\":\"2026-09-01T12:33:53+00:00\",\"mainEntityOfPage\":{\"@id\":\"https:\\\/\\\/cvinoticias.com\\\/v3\\\/arrua-celebro-el-turista-un-millon-en-cataratas-pero-advirtio-por-la-caida-del-consumo-y-las-estadias-mas-cortas\\\/\"},\"wordCount\":557,\"commentCount\":0,\"publisher\":{\"@id\":\"https:\\\/\\\/cvinoticias.com\\\/v3\\\/#organization\"},\"image\":{\"@id\":\"https:\\\/\\\/cvinoticias.com\\\/v3\\\/arrua-celebro-el-turista-un-millon-en-cataratas-pero-advirtio-por-la-caida-del-consumo-y-las-estadias-mas-cortas\\\/#primaryimage\"},\"thumbnailUrl\":\"https:\\\/\\\/cvinoticias.com\\\/wp-content\\\/uploads\\\/2026\\\/09\\\/TURISTA-UN-MILLON-IGUAZU-2026.webp\",\"keywords\":[\"Arr\u00faa\",\"cataratas\",\"Consumo\",\"mill\u00f3n\",\"Ministro\",\"Turista\"],\"articleSection\":[\"Econom\u00eda\",\"Turismo\"],\"inLanguage\":\"es\",\"potentialAction\":[{\"@type\":\"CommentAction\",\"name\":\"Comment\",\"target\":[\"https:\\\/\\\/cvinoticias.com\\\/v3\\\/arrua-celebro-el-turista-un-millon-en-cataratas-pero-advirtio-por-la-caida-del-consumo-y-las-estadias-mas-cortas\\\/#respond\"]}]},{\"@type\":\"WebPage\",\"@id\":\"https:\\\/\\\/cvinoticias.com\\\/v3\\\/arrua-celebro-el-turista-un-millon-en-cataratas-pero-advirtio-por-la-caida-del-consumo-y-las-estadias-mas-cortas\\\/\",\"url\":\"https:\\\/\\\/cvinoticias.com\\\/v3\\\/arrua-celebro-el-turista-un-millon-en-cataratas-pero-advirtio-por-la-caida-del-consumo-y-las-estadias-mas-cortas\\\/\",\"name\":\"Arr\u00faa advirti\u00f3 por la ca\u00edda del consumo tur\u00edstico en Misiones | CVI NOTICIAS\",\"isPartOf\":{\"@id\":\"https:\\\/\\\/cvinoticias.com\\\/v3\\\/#website\"},\"primaryImageOfPage\":{\"@id\":\"https:\\\/\\\/cvinoticias.com\\\/v3\\\/arrua-celebro-el-turista-un-millon-en-cataratas-pero-advirtio-por-la-caida-del-consumo-y-las-estadias-mas-cortas\\\/#primaryimage\"},\"image\":{\"@id\":\"https:\\\/\\\/cvinoticias.com\\\/v3\\\/arrua-celebro-el-turista-un-millon-en-cataratas-pero-advirtio-por-la-caida-del-consumo-y-las-estadias-mas-cortas\\\/#primaryimage\"},\"thumbnailUrl\":\"https:\\\/\\\/cvinoticias.com\\\/wp-content\\\/uploads\\\/2026\\\/09\\\/TURISTA-UN-MILLON-IGUAZU-2026.webp\",\"datePublished\":\"2026-09-01T12:33:51+00:00\",\"dateModified\":\"2026-09-01T12:33:53+00:00\",\"description\":\"Jos\u00e9 Mar\u00eda Arr\u00faa celebr\u00f3 el turista un mill\u00f3n en Cataratas, pero advirti\u00f3 por el menor consumo y las estad\u00edas m\u00e1s cortas.\",\"breadcrumb\":{\"@id\":\"https:\\\/\\\/cvinoticias.com\\\/v3\\\/arrua-celebro-el-turista-un-millon-en-cataratas-pero-advirtio-por-la-caida-del-consumo-y-las-estadias-mas-cortas\\\/#breadcrumb\"},\"inLanguage\":\"es\",\"potentialAction\":[{\"@type\":\"ReadAction\",\"target\":[\"https:\\\/\\\/cvinoticias.com\\\/v3\\\/arrua-celebro-el-turista-un-millon-en-cataratas-pero-advirtio-por-la-caida-del-consumo-y-las-estadias-mas-cortas\\\/\"]}]},{\"@type\":\"ImageObject\",\"inLanguage\":\"es\",\"@id\":\"https:\\\/\\\/cvinoticias.com\\\/v3\\\/arrua-celebro-el-turista-un-millon-en-cataratas-pero-advirtio-por-la-caida-del-consumo-y-las-estadias-mas-cortas\\\/#primaryimage\",\"url\":\"https:\\\/\\\/cvinoticias.com\\\/wp-content\\\/uploads\\\/2026\\\/09\\\/TURISTA-UN-MILLON-IGUAZU-2026.webp\",\"contentUrl\":\"https:\\\/\\\/cvinoticias.com\\\/wp-content\\\/uploads\\\/2026\\\/09\\\/TURISTA-UN-MILLON-IGUAZU-2026.webp\",\"width\":1136,\"height\":675},{\"@type\":\"BreadcrumbList\",\"@id\":\"https:\\\/\\\/cvinoticias.com\\\/v3\\\/arrua-celebro-el-turista-un-millon-en-cataratas-pero-advirtio-por-la-caida-del-consumo-y-las-estadias-mas-cortas\\\/#breadcrumb\",\"itemListElement\":[{\"@type\":\"ListItem\",\"position\":1,\"name\":\"Portada\",\"item\":\"https:\\\/\\\/cvinoticias.com\\\/v3\\\/\"},{\"@type\":\"ListItem\",\"position\":2,\"name\":\"Arr\u00faa celebr\u00f3 el turista un mill\u00f3n en Cataratas, pero advirti\u00f3 por la ca\u00edda del consumo y las estad\u00edas m\u00e1s cortas\"}]},{\"@type\":\"WebSite\",\"@id\":\"https:\\\/\\\/cvinoticias.com\\\/v3\\\/#website\",\"url\":\"https:\\\/\\\/cvinoticias.com\\\/v3\\\/\",\"name\":\"CVI NOTICIAS\",\"description\":\"\",\"publisher\":{\"@id\":\"https:\\\/\\\/cvinoticias.com\\\/v3\\\/#organization\"},\"alternateName\":\"CVI\",\"potentialAction\":[{\"@type\":\"SearchAction\",\"target\":{\"@type\":\"EntryPoint\",\"urlTemplate\":\"https:\\\/\\\/cvinoticias.com\\\/v3\\\/?s={search_term_string}\"},\"query-input\":{\"@type\":\"PropertyValueSpecification\",\"valueRequired\":true,\"valueName\":\"search_term_string\"}}],\"inLanguage\":\"es\"},{\"@type\":\"Organization\",\"@id\":\"https:\\\/\\\/cvinoticias.com\\\/v3\\\/#organization\",\"name\":\"CVI NOTICIAS\",\"url\":\"https:\\\/\\\/cvinoticias.com\\\/v3\\\/\",\"logo\":{\"@type\":\"ImageObject\",\"inLanguage\":\"es\",\"@id\":\"https:\\\/\\\/cvinoticias.com\\\/v3\\\/#\\\/schema\\\/logo\\\/image\\\/\",\"url\":\"https:\\\/\\\/cvinoticias.com\\\/wp-content\\\/uploads\\\/2023\\\/04\\\/cropped-cropped-cropped-cropped-cropped-3-1.png\",\"contentUrl\":\"https:\\\/\\\/cvinoticias.com\\\/wp-content\\\/uploads\\\/2023\\\/04\\\/cropped-cropped-cropped-cropped-cropped-3-1.png\",\"width\":95,\"height\":122,\"caption\":\"CVI NOTICIAS\"},\"image\":{\"@id\":\"https:\\\/\\\/cvinoticias.com\\\/v3\\\/#\\\/schema\\\/logo\\\/image\\\/\"},\"sameAs\":[\"https:\\\/\\\/www.facebook.com\\\/cvinoticias\",\"https:\\\/\\\/www.instagram.com\\\/cvinoticias\\\/\",\"https:\\\/\\\/www.youtube.com\\\/@CVINOTICIAS\"]},{\"@type\":\"Person\",\"@id\":\"https:\\\/\\\/cvinoticias.com\\\/v3\\\/#\\\/schema\\\/person\\\/2db77e3c6bc03c538495d7b2b8be9b66\",\"name\":\"f1000024\",\"image\":{\"@type\":\"ImageObject\",\"inLanguage\":\"es\",\"@id\":\"https:\\\/\\\/secure.gravatar.com\\\/avatar\\\/d4fe7459cfc51ff5129ce1a732bbef5928568b8092d412ef95611616376bbeed?s=96&d=mm&r=g\",\"url\":\"https:\\\/\\\/secure.gravatar.com\\\/avatar\\\/d4fe7459cfc51ff5129ce1a732bbef5928568b8092d412ef95611616376bbeed?s=96&d=mm&r=g\",\"contentUrl\":\"https:\\\/\\\/secure.gravatar.com\\\/avatar\\\/d4fe7459cfc51ff5129ce1a732bbef5928568b8092d412ef95611616376bbeed?s=96&d=mm&r=g\",\"caption\":\"f1000024\"},\"url\":\"https:\\\/\\\/cvinoticias.com\\\/v3\\\/author\\\/f1000024\\\/\"}]}<\/script>\n<!-- \/ Yoast SEO plugin. -->","yoast_head_json":{"title":"Arr\u00faa advirti\u00f3 por la ca\u00edda del consumo tur\u00edstico en Misiones | CVI NOTICIAS","description":"Jos\u00e9 Mar\u00eda Arr\u00faa celebr\u00f3 el turista un mill\u00f3n en Cataratas, pero advirti\u00f3 por el menor consumo y las estad\u00edas m\u00e1s cortas.","robots":{"index":"index","follow":"follow","max-snippet":"max-snippet:-1","max-image-preview":"max-image-preview:large","max-video-preview":"max-video-preview:-1"},"canonical":"https:\/\/cvinoticias.com\/v3\/arrua-celebro-el-turista-un-millon-en-cataratas-pero-advirtio-por-la-caida-del-consumo-y-las-estadias-mas-cortas\/","og_locale":"es_ES","og_type":"article","og_title":"Arr\u00faa advirti\u00f3 por la ca\u00edda del consumo tur\u00edstico en Misiones | CVI NOTICIAS","og_description":"Jos\u00e9 Mar\u00eda Arr\u00faa celebr\u00f3 el turista un mill\u00f3n en Cataratas, pero advirti\u00f3 por el menor consumo y las estad\u00edas m\u00e1s cortas.","og_url":"https:\/\/cvinoticias.com\/v3\/arrua-celebro-el-turista-un-millon-en-cataratas-pero-advirtio-por-la-caida-del-consumo-y-las-estadias-mas-cortas\/","og_site_name":"CVI NOTICIAS","article_publisher":"https:\/\/www.facebook.com\/cvinoticias","article_published_time":"2026-09-01T12:33:51+00:00","article_modified_time":"2026-09-01T12:33:53+00:00","og_image":[{"width":1136,"height":675,"url":"https:\/\/cvinoticias.com\/wp-content\/uploads\/2026\/09\/TURISTA-UN-MILLON-IGUAZU-2026.webp","type":"image\/webp"}],"author":"f1000024","twitter_card":"summary_large_image","twitter_misc":{"Escrito por":"f1000024","Tiempo de lectura":"3 minutos"},"schema":{"@context":"https:\/\/schema.org","@graph":[{"@type":"Article","@id":"https:\/\/cvinoticias.com\/v3\/arrua-celebro-el-turista-un-millon-en-cataratas-pero-advirtio-por-la-caida-del-consumo-y-las-estadias-mas-cortas\/#article","isPartOf":{"@id":"https:\/\/cvinoticias.com\/v3\/arrua-celebro-el-turista-un-millon-en-cataratas-pero-advirtio-por-la-caida-del-consumo-y-las-estadias-mas-cortas\/"},"author":{"name":"f1000024","@id":"https:\/\/cvinoticias.com\/v3\/#\/schema\/person\/2db77e3c6bc03c538495d7b2b8be9b66"},"headline":"Arr\u00faa celebr\u00f3 el turista un mill\u00f3n en Cataratas, pero advirti\u00f3 por la ca\u00edda del consumo y las estad\u00edas m\u00e1s cortas","datePublished":"2026-09-01T12:33:51+00:00","dateModified":"2026-09-01T12:33:53+00:00","mainEntityOfPage":{"@id":"https:\/\/cvinoticias.com\/v3\/arrua-celebro-el-turista-un-millon-en-cataratas-pero-advirtio-por-la-caida-del-consumo-y-las-estadias-mas-cortas\/"},"wordCount":557,"commentCount":0,"publisher":{"@id":"https:\/\/cvinoticias.com\/v3\/#organization"},"image":{"@id":"https:\/\/cvinoticias.com\/v3\/arrua-celebro-el-turista-un-millon-en-cataratas-pero-advirtio-por-la-caida-del-consumo-y-las-estadias-mas-cortas\/#primaryimage"},"thumbnailUrl":"https:\/\/cvinoticias.com\/wp-content\/uploads\/2026\/09\/TURISTA-UN-MILLON-IGUAZU-2026.webp","keywords":["Arr\u00faa","cataratas","Consumo","mill\u00f3n","Ministro","Turista"],"articleSection":["Econom\u00eda","Turismo"],"inLanguage":"es","potentialAction":[{"@type":"CommentAction","name":"Comment","target":["https:\/\/cvinoticias.com\/v3\/arrua-celebro-el-turista-un-millon-en-cataratas-pero-advirtio-por-la-caida-del-consumo-y-las-estadias-mas-cortas\/#respond"]}]},{"@type":"WebPage","@id":"https:\/\/cvinoticias.com\/v3\/arrua-celebro-el-turista-un-millon-en-cataratas-pero-advirtio-por-la-caida-del-consumo-y-las-estadias-mas-cortas\/","url":"https:\/\/cvinoticias.com\/v3\/arrua-celebro-el-turista-un-millon-en-cataratas-pero-advirtio-por-la-caida-del-consumo-y-las-estadias-mas-cortas\/","name":"Arr\u00faa advirti\u00f3 por la ca\u00edda del consumo tur\u00edstico en Misiones | CVI NOTICIAS","isPartOf":{"@id":"https:\/\/cvinoticias.com\/v3\/#website"},"primaryImageOfPage":{"@id":"https:\/\/cvinoticias.com\/v3\/arrua-celebro-el-turista-un-millon-en-cataratas-pero-advirtio-por-la-caida-del-consumo-y-las-estadias-mas-cortas\/#primaryimage"},"image":{"@id":"https:\/\/cvinoticias.com\/v3\/arrua-celebro-el-turista-un-millon-en-cataratas-pero-advirtio-por-la-caida-del-consumo-y-las-estadias-mas-cortas\/#primaryimage"},"thumbnailUrl":"https:\/\/cvinoticias.com\/wp-content\/uploads\/2026\/09\/TURISTA-UN-MILLON-IGUAZU-2026.webp","datePublished":"2026-09-01T12:33:51+00:00","dateModified":"2026-09-01T12:33:53+00:00","description":"Jos\u00e9 Mar\u00eda Arr\u00faa celebr\u00f3 el turista un mill\u00f3n en Cataratas, pero advirti\u00f3 por el menor consumo y las estad\u00edas m\u00e1s cortas.","breadcrumb":{"@id":"https:\/\/cvinoticias.com\/v3\/arrua-celebro-el-turista-un-millon-en-cataratas-pero-advirtio-por-la-caida-del-consumo-y-las-estadias-mas-cortas\/#breadcrumb"},"inLanguage":"es","potentialAction":[{"@type":"ReadAction","target":["https:\/\/cvinoticias.com\/v3\/arrua-celebro-el-turista-un-millon-en-cataratas-pero-advirtio-por-la-caida-del-consumo-y-las-estadias-mas-cortas\/"]}]},{"@type":"ImageObject","inLanguage":"es","@id":"https:\/\/cvinoticias.com\/v3\/arrua-celebro-el-turista-un-millon-en-cataratas-pero-advirtio-por-la-caida-del-consumo-y-las-estadias-mas-cortas\/#primaryimage","url":"https:\/\/cvinoticias.com\/wp-content\/uploads\/2026\/09\/TURISTA-UN-MILLON-IGUAZU-2026.webp","contentUrl":"https:\/\/cvinoticias.com\/wp-content\/uploads\/2026\/09\/TURISTA-UN-MILLON-IGUAZU-2026.webp","width":1136,"height":675},{"@type":"BreadcrumbList","@id":"https:\/\/cvinoticias.com\/v3\/arrua-celebro-el-turista-un-millon-en-cataratas-pero-advirtio-por-la-caida-del-consumo-y-las-estadias-mas-cortas\/#breadcrumb","itemListElement":[{"@type":"ListItem","position":1,"name":"Portada","item":"https:\/\/cvinoticias.com\/v3\/"},{"@type":"ListItem","position":2,"name":"Arr\u00faa celebr\u00f3 el turista un mill\u00f3n en Cataratas, pero advirti\u00f3 por la ca\u00edda del consumo y las estad\u00edas m\u00e1s cortas"}]},{"@type":"WebSite","@id":"https:\/\/cvinoticias.com\/v3\/#website","url":"https:\/\/cvinoticias.com\/v3\/","name":"CVI NOTICIAS","description":"","publisher":{"@id":"https:\/\/cvinoticias.com\/v3\/#organization"},"alternateName":"CVI","potentialAction":[{"@type":"SearchAction","target":{"@type":"EntryPoint","urlTemplate":"https:\/\/cvinoticias.com\/v3\/?s={search_term_string}"},"query-input":{"@type":"PropertyValueSpecification","valueRequired":true,"valueName":"search_term_string"}}],"inLanguage":"es"},{"@type":"Organization","@id":"https:\/\/cvinoticias.com\/v3\/#organization","name":"CVI NOTICIAS","url":"https:\/\/cvinoticias.com\/v3\/","logo":{"@type":"ImageObject","inLanguage":"es","@id":"https:\/\/cvinoticias.com\/v3\/#\/schema\/logo\/image\/","url":"https:\/\/cvinoticias.com\/wp-content\/uploads\/2023\/04\/cropped-cropped-cropped-cropped-cropped-3-1.png","contentUrl":"https:\/\/cvinoticias.com\/wp-content\/uploads\/2023\/04\/cropped-cropped-cropped-cropped-cropped-3-1.png","width":95,"height":122,"caption":"CVI NOTICIAS"},"image":{"@id":"https:\/\/cvinoticias.com\/v3\/#\/schema\/logo\/image\/"},"sameAs":["https:\/\/www.facebook.com\/cvinoticias","https:\/\/www.instagram.com\/cvinoticias\/","https:\/\/www.youtube.com\/@CVINOTICIAS"]},{"@type":"Person","@id":"https:\/\/cvinoticias.com\/v3\/#\/schema\/person\/2db77e3c6bc03c538495d7b2b8be9b66","name":"f1000024","image":{"@type":"ImageObject","inLanguage":"es","@id":"https:\/\/secure.gravatar.com\/avatar\/d4fe7459cfc51ff5129ce1a732bbef5928568b8092d412ef95611616376bbeed?s=96&d=mm&r=g","url":"https:\/\/secure.gravatar.com\/avatar\/d4fe7459cfc51ff5129ce1a732bbef5928568b8092d412ef95611616376bbeed?s=96&d=mm&r=g","contentUrl":"https:\/\/secure.gravatar.com\/avatar\/d4fe7459cfc51ff5129ce1a732bbef5928568b8092d412ef95611616376bbeed?s=96&d=mm&r=g","caption":"f1000024"},"url":"https:\/\/cvinoticias.com\/v3\/author\/f1000024\/"}]}},"_links":{"self":[{"href":"https:\/\/cvinoticias.com\/v3\/wp-json\/wp\/v2\/posts\/62653","targetHints":{"allow":["GET"]}}],"collection":[{"href":"https:\/\/cvinoticias.com\/v3\/wp-json\/wp\/v2\/posts"}],"about":[{"href":"https:\/\/cvinoticias.com\/v3\/wp-json\/wp\/v2\/types\/post"}],"author":[{"embeddable":true,"href":"https:\/\/cvinoticias.com\/v3\/wp-json\/wp\/v2\/users\/2"}],"replies":[{"embeddable":true,"href":"https:\/\/cvinoticias.com\/v3\/wp-json\/wp\/v2\/comments?post=62653"}],"version-history":[{"count":1,"href":"https:\/\/cvinoticias.com\/v3\/wp-json\/wp\/v2\/posts\/62653\/revisions"}],"predecessor-version":[{"id":62655,"href":"https:\/\/cvinoticias.com\/v3\/wp-json\/wp\/v2\/posts\/62653\/revisions\/62655"}],"wp:featuredmedia":[{"embeddable":true,"href":"https:\/\/cvinoticias.com\/v3\/wp-json\/wp\/v2\/media\/62654"}],"wp:attachment":[{"href":"https:\/\/cvinoticias.com\/v3\/wp-json\/wp\/v2\/media?parent=62653"}],"wp:term":[{"taxonomy":"category","embeddable":true,"href":"https:\/\/cvinoticias.com\/v3\/wp-json\/wp\/v2\/categories?post=62653"},{"taxonomy":"post_tag","embeddable":true,"href":"https:\/\/cvinoticias.com\/v3\/wp-json\/wp\/v2\/tags?post=62653"}],"curies":[{"name":"wp","href":"https:\/\/api.w.org\/{rel}","templated":true}]}}