{"id":6265,"date":"2021-06-24T13:42:12","date_gmt":"2021-06-24T13:42:12","guid":{"rendered":"https:\/\/cvinoticias.com\/v3\/?p=6265"},"modified":"2021-06-24T13:42:12","modified_gmt":"2021-06-24T13:42:12","slug":"prorrogan-el-vencimiento-del-monotributo-hasta-mediados-de-julio","status":"publish","type":"post","link":"https:\/\/cvinoticias.com\/v3\/prorrogan-el-vencimiento-del-monotributo-hasta-mediados-de-julio\/","title":{"rendered":"Prorrogan el vencimiento del monotributo hasta mediados de julio"},"content":{"rendered":"\n<p><strong><em>El objetivo de esta decisi\u00f3n tiene como eje garantizar que los contribuyentes puedan pagar sus obligaciones con los valores previstos en la iniciativa que se debate en el parlamento.<\/em><\/strong><\/p>\n\n\n\n<p>El Gobierno nacional defini\u00f3 la pr\u00f3rroga del vencimiento del r\u00e9gimen de monotributo, que operaba este viernes, en principio hasta mediados de julio pr\u00f3ximo, durante la reuni\u00f3n de gabinete econ\u00f3mico, informaron fuentes oficiales.<\/p>\n\n\n\n<p>A partir de esta decisi\u00f3n, la Administraci\u00f3n Federal de Ingresos P\u00fablicos (AFIP) indic\u00f3 a las entidades bancarias y las tarjetas de cr\u00e9dito que no realicen los d\u00e9bitos autom\u00e1ticos de las cuentas de quienes pagan el monotributo a trav\u00e9s de esta modalidad.<\/p>\n\n\n\n<p>Adem\u00e1s, durante la reuni\u00f3n se analizaron los alcances del proyecto de ley de monotributo que est\u00e1 en discusi\u00f3n en el Congreso.<\/p>\n\n\n\n<p>La pr\u00f3rroga en el vencimiento se tom\u00f3 con el objetivo de garantizar que los contribuyentes puedan pagar sus obligaciones con los valores previstos en la iniciativa que se debate en el parlameno, precisaron las fuentes.<\/p>\n\n\n\n<p>La reuni\u00f3n realizada en el Sal\u00f3n de los Cient\u00edficos de la Casa Rosada fue encabezada por el jefe de Gabinete, Santiago Cafiero; y participaron los ministros de Econom\u00eda, Mart\u00edn Guzm\u00e1n; de Desarrollo Productivo, Mat\u00edas Kulfas; y de Trabajo, Claudio Moroni.<\/p>\n\n\n\n<p>Tambi\u00e9n lo hicieron el presidente del Banco Central, Miguel Pesce; la titular de la AFIP, Mercedes Marc\u00f3 del Pont; la vicejefa de Gabinete, Cecilia Todesca Bocco; el secretario de Hacienda, Ra\u00fal Rigo; y la jefa de Gabinete del Ministerio de Econom\u00eda, Melina Mallamace.<\/p>\n\n\n\n<p><strong>Debate sobre producci\u00f3n de carne<\/strong><br>En el encuentro, se analiz\u00f3 el anuncio respecto al plan de producci\u00f3n de carnes, y en ese sentido Kulfas expres\u00f3: \u00abEstamos trabajando para tener este viernes una primera reuni\u00f3n vinculada al plan ganadero\u00bb.<\/p>\n\n\n\n<p>El ministro de Desarrollo Productivo explic\u00f3 que el objetivo \u00abes ponerlo en marcha para buscar una salida virtuosa que, en el corto plazo, garantice que haya carne a precios razonables en la mesa de los argentinos, pero que tambi\u00e9n permita un trabajo de mediano plazo para ampliar la producci\u00f3n y garantizar, conjuntamente, un buen abastecimiento del mercado interno y las exportaciones\u00bb.<\/p>\n\n\n\n<p>Seg\u00fan Kulfas, \u00abse busca un esquema de racionalidad para poder desarrollar un sector que viene estancado desde hace d\u00e9cadas\u00bb.<\/p>\n\n\n\n<p>\u00abHace un siglo produc\u00edamos dos millones de toneladas y hoy producimos tres. Hay un tema de largo plazo a resolver, queremos llegar a los cinco millones de toneladas y eso va a llevar un tiempo. Hay que pensar en previsibilidad para todos los sectores, pero la primera previsibilidad debe ser para los hogares argentinos\u00bb, apunt\u00f3 el funcionario.<\/p>\n\n\n\n<p><strong>Debate sobre las l\u00edneas de cr\u00e9dito<\/strong><br>En la reuni\u00f3n tambi\u00e9n se destac\u00f3 la importancia de las dos nuevas l\u00edneas de cr\u00e9dito blando con foco en las peque\u00f1as y medianas empresas que el gobierno lanzar\u00e1 en los pr\u00f3ximos d\u00edas y estar\u00e1n destinadas a los fabricantes de alimentos frescos y a proyectos de sustentabilidad ambiental.<\/p>\n\n\n\n<p>De este modo, habr\u00e1 activas 19 l\u00edneas de fomento, con un financiamiento que superar\u00e1 los 77.000 millones de pesos y tasas que rondar\u00e1n entre el 18 y 25 por ciento, algunas de ellas con bonificaciones totales de tasa por hasta 12 meses, como las dedicadas a los sectores que han sido afectados en forma cr\u00edtica por la pandemia, entre ellas, turismo, cultura y gastronom\u00eda, anunciaron las fuentes.<\/p>\n\n\n\n<p>Estos instrumentos de financiamiento para la producci\u00f3n fueron dise\u00f1ados tomando en cuenta la heterogeneidad que todav\u00eda se observa en el proceso de reactivaci\u00f3n de los sectores.<\/p>\n\n\n\n<p>Las l\u00edneas puestas en marcha permiten atender a los sectores que todav\u00eda observan una retracci\u00f3n en su actividad como, tambi\u00e9n, para aquellos que han logrado recuperarse y necesitan financiaci\u00f3n para ampliar la producci\u00f3n y generar m\u00e1s empleo, completaron los voceros.<\/p>\n\n\n\n<p>En lo que refiere al Programa de Recuperaci\u00f3n Productiva 2 (Repro II), las empresas y trabajadores independientes de sectores cr\u00edticos podr\u00e1n inscribirse desde el 25 de junio y hasta el 1 de julio para el pago de los salarios complementarios correspondientes a este mes.<\/p>\n\n\n\n<p><\/p>\n\n\n\n<p>Fuente: T\u00e9lam.<\/p>\n","protected":false},"excerpt":{"rendered":"<p>El objetivo de esta decisi\u00f3n tiene como eje garantizar que los contribuyentes puedan pagar sus obligaciones con los valores previstos en la iniciativa que se debate en el parlamento. El Gobierno nacional defini\u00f3 la pr\u00f3rroga del vencimiento del r\u00e9gimen de monotributo, que operaba este viernes, en principio hasta mediados de julio pr\u00f3ximo, durante la reuni\u00f3n [&hellip;]<\/p>\n","protected":false},"author":2,"featured_media":6266,"comment_status":"open","ping_status":"open","sticky":false,"template":"","format":"standard","meta":{"footnotes":""},"categories":[35],"tags":[],"class_list":["post-6265","post","type-post","status-publish","format-standard","has-post-thumbnail","hentry","category-informacion-general"],"yoast_head":"<!-- This site is optimized with the Yoast SEO plugin v27.4 - https:\/\/yoast.com\/product\/yoast-seo-wordpress\/ -->\n<title>Prorrogan el vencimiento del monotributo hasta mediados de julio | CVI NOTICIAS<\/title>\n<meta name=\"robots\" content=\"index, follow, max-snippet:-1, max-image-preview:large, max-video-preview:-1\" \/>\n<link rel=\"canonical\" href=\"https:\/\/cvinoticias.com\/v3\/prorrogan-el-vencimiento-del-monotributo-hasta-mediados-de-julio\/\" \/>\n<meta property=\"og:locale\" content=\"es_ES\" \/>\n<meta property=\"og:type\" content=\"article\" \/>\n<meta property=\"og:title\" content=\"Prorrogan el vencimiento del monotributo hasta mediados de julio | CVI NOTICIAS\" \/>\n<meta property=\"og:description\" content=\"El objetivo de esta decisi\u00f3n tiene como eje garantizar que los contribuyentes puedan pagar sus obligaciones con los valores previstos en la iniciativa que se debate en el parlamento. El Gobierno nacional defini\u00f3 la pr\u00f3rroga del vencimiento del r\u00e9gimen de monotributo, que operaba este viernes, en principio hasta mediados de julio pr\u00f3ximo, durante la reuni\u00f3n [&hellip;]\" \/>\n<meta property=\"og:url\" content=\"https:\/\/cvinoticias.com\/v3\/prorrogan-el-vencimiento-del-monotributo-hasta-mediados-de-julio\/\" \/>\n<meta property=\"og:site_name\" content=\"CVI NOTICIAS\" \/>\n<meta property=\"article:publisher\" content=\"https:\/\/www.facebook.com\/cvinoticias\" \/>\n<meta property=\"article:published_time\" content=\"2021-06-24T13:42:12+00:00\" \/>\n<meta property=\"og:image\" content=\"https:\/\/cvinoticias.com\/wp-content\/uploads\/2021\/06\/monotributo-1200x675-2.jpg\" \/>\n\t<meta property=\"og:image:width\" content=\"1200\" \/>\n\t<meta property=\"og:image:height\" content=\"675\" \/>\n\t<meta property=\"og:image:type\" content=\"image\/jpeg\" \/>\n<meta name=\"author\" content=\"f1000024\" \/>\n<meta name=\"twitter:card\" content=\"summary_large_image\" \/>\n<meta name=\"twitter:label1\" content=\"Escrito por\" \/>\n\t<meta name=\"twitter:data1\" content=\"f1000024\" \/>\n\t<meta name=\"twitter:label2\" content=\"Tiempo de lectura\" \/>\n\t<meta name=\"twitter:data2\" content=\"4 minutos\" \/>\n<script type=\"application\/ld+json\" class=\"yoast-schema-graph\">{\"@context\":\"https:\\\/\\\/schema.org\",\"@graph\":[{\"@type\":\"Article\",\"@id\":\"https:\\\/\\\/cvinoticias.com\\\/v3\\\/prorrogan-el-vencimiento-del-monotributo-hasta-mediados-de-julio\\\/#article\",\"isPartOf\":{\"@id\":\"https:\\\/\\\/cvinoticias.com\\\/v3\\\/prorrogan-el-vencimiento-del-monotributo-hasta-mediados-de-julio\\\/\"},\"author\":{\"name\":\"f1000024\",\"@id\":\"https:\\\/\\\/cvinoticias.com\\\/v3\\\/#\\\/schema\\\/person\\\/2db77e3c6bc03c538495d7b2b8be9b66\"},\"headline\":\"Prorrogan el vencimiento del monotributo hasta mediados de julio\",\"datePublished\":\"2021-06-24T13:42:12+00:00\",\"mainEntityOfPage\":{\"@id\":\"https:\\\/\\\/cvinoticias.com\\\/v3\\\/prorrogan-el-vencimiento-del-monotributo-hasta-mediados-de-julio\\\/\"},\"wordCount\":713,\"commentCount\":0,\"publisher\":{\"@id\":\"https:\\\/\\\/cvinoticias.com\\\/v3\\\/#organization\"},\"image\":{\"@id\":\"https:\\\/\\\/cvinoticias.com\\\/v3\\\/prorrogan-el-vencimiento-del-monotributo-hasta-mediados-de-julio\\\/#primaryimage\"},\"thumbnailUrl\":\"https:\\\/\\\/cvinoticias.com\\\/wp-content\\\/uploads\\\/2021\\\/06\\\/monotributo-1200x675-2.jpg\",\"articleSection\":[\"Informaci\u00f3n General\"],\"inLanguage\":\"es\",\"potentialAction\":[{\"@type\":\"CommentAction\",\"name\":\"Comment\",\"target\":[\"https:\\\/\\\/cvinoticias.com\\\/v3\\\/prorrogan-el-vencimiento-del-monotributo-hasta-mediados-de-julio\\\/#respond\"]}]},{\"@type\":\"WebPage\",\"@id\":\"https:\\\/\\\/cvinoticias.com\\\/v3\\\/prorrogan-el-vencimiento-del-monotributo-hasta-mediados-de-julio\\\/\",\"url\":\"https:\\\/\\\/cvinoticias.com\\\/v3\\\/prorrogan-el-vencimiento-del-monotributo-hasta-mediados-de-julio\\\/\",\"name\":\"Prorrogan el vencimiento del monotributo hasta mediados de julio | CVI NOTICIAS\",\"isPartOf\":{\"@id\":\"https:\\\/\\\/cvinoticias.com\\\/v3\\\/#website\"},\"primaryImageOfPage\":{\"@id\":\"https:\\\/\\\/cvinoticias.com\\\/v3\\\/prorrogan-el-vencimiento-del-monotributo-hasta-mediados-de-julio\\\/#primaryimage\"},\"image\":{\"@id\":\"https:\\\/\\\/cvinoticias.com\\\/v3\\\/prorrogan-el-vencimiento-del-monotributo-hasta-mediados-de-julio\\\/#primaryimage\"},\"thumbnailUrl\":\"https:\\\/\\\/cvinoticias.com\\\/wp-content\\\/uploads\\\/2021\\\/06\\\/monotributo-1200x675-2.jpg\",\"datePublished\":\"2021-06-24T13:42:12+00:00\",\"breadcrumb\":{\"@id\":\"https:\\\/\\\/cvinoticias.com\\\/v3\\\/prorrogan-el-vencimiento-del-monotributo-hasta-mediados-de-julio\\\/#breadcrumb\"},\"inLanguage\":\"es\",\"potentialAction\":[{\"@type\":\"ReadAction\",\"target\":[\"https:\\\/\\\/cvinoticias.com\\\/v3\\\/prorrogan-el-vencimiento-del-monotributo-hasta-mediados-de-julio\\\/\"]}]},{\"@type\":\"ImageObject\",\"inLanguage\":\"es\",\"@id\":\"https:\\\/\\\/cvinoticias.com\\\/v3\\\/prorrogan-el-vencimiento-del-monotributo-hasta-mediados-de-julio\\\/#primaryimage\",\"url\":\"https:\\\/\\\/cvinoticias.com\\\/wp-content\\\/uploads\\\/2021\\\/06\\\/monotributo-1200x675-2.jpg\",\"contentUrl\":\"https:\\\/\\\/cvinoticias.com\\\/wp-content\\\/uploads\\\/2021\\\/06\\\/monotributo-1200x675-2.jpg\",\"width\":1200,\"height\":675},{\"@type\":\"BreadcrumbList\",\"@id\":\"https:\\\/\\\/cvinoticias.com\\\/v3\\\/prorrogan-el-vencimiento-del-monotributo-hasta-mediados-de-julio\\\/#breadcrumb\",\"itemListElement\":[{\"@type\":\"ListItem\",\"position\":1,\"name\":\"Portada\",\"item\":\"https:\\\/\\\/cvinoticias.com\\\/v3\\\/\"},{\"@type\":\"ListItem\",\"position\":2,\"name\":\"Prorrogan el vencimiento del monotributo hasta mediados de julio\"}]},{\"@type\":\"WebSite\",\"@id\":\"https:\\\/\\\/cvinoticias.com\\\/v3\\\/#website\",\"url\":\"https:\\\/\\\/cvinoticias.com\\\/v3\\\/\",\"name\":\"CVI NOTICIAS\",\"description\":\"\",\"publisher\":{\"@id\":\"https:\\\/\\\/cvinoticias.com\\\/v3\\\/#organization\"},\"alternateName\":\"CVI\",\"potentialAction\":[{\"@type\":\"SearchAction\",\"target\":{\"@type\":\"EntryPoint\",\"urlTemplate\":\"https:\\\/\\\/cvinoticias.com\\\/v3\\\/?s={search_term_string}\"},\"query-input\":{\"@type\":\"PropertyValueSpecification\",\"valueRequired\":true,\"valueName\":\"search_term_string\"}}],\"inLanguage\":\"es\"},{\"@type\":\"Organization\",\"@id\":\"https:\\\/\\\/cvinoticias.com\\\/v3\\\/#organization\",\"name\":\"CVI NOTICIAS\",\"url\":\"https:\\\/\\\/cvinoticias.com\\\/v3\\\/\",\"logo\":{\"@type\":\"ImageObject\",\"inLanguage\":\"es\",\"@id\":\"https:\\\/\\\/cvinoticias.com\\\/v3\\\/#\\\/schema\\\/logo\\\/image\\\/\",\"url\":\"https:\\\/\\\/cvinoticias.com\\\/wp-content\\\/uploads\\\/2023\\\/04\\\/cropped-cropped-cropped-cropped-cropped-3-1.png\",\"contentUrl\":\"https:\\\/\\\/cvinoticias.com\\\/wp-content\\\/uploads\\\/2023\\\/04\\\/cropped-cropped-cropped-cropped-cropped-3-1.png\",\"width\":95,\"height\":122,\"caption\":\"CVI NOTICIAS\"},\"image\":{\"@id\":\"https:\\\/\\\/cvinoticias.com\\\/v3\\\/#\\\/schema\\\/logo\\\/image\\\/\"},\"sameAs\":[\"https:\\\/\\\/www.facebook.com\\\/cvinoticias\",\"https:\\\/\\\/www.instagram.com\\\/cvinoticias\\\/\",\"https:\\\/\\\/www.youtube.com\\\/@CVINOTICIAS\"]},{\"@type\":\"Person\",\"@id\":\"https:\\\/\\\/cvinoticias.com\\\/v3\\\/#\\\/schema\\\/person\\\/2db77e3c6bc03c538495d7b2b8be9b66\",\"name\":\"f1000024\",\"image\":{\"@type\":\"ImageObject\",\"inLanguage\":\"es\",\"@id\":\"https:\\\/\\\/secure.gravatar.com\\\/avatar\\\/d4fe7459cfc51ff5129ce1a732bbef5928568b8092d412ef95611616376bbeed?s=96&d=mm&r=g\",\"url\":\"https:\\\/\\\/secure.gravatar.com\\\/avatar\\\/d4fe7459cfc51ff5129ce1a732bbef5928568b8092d412ef95611616376bbeed?s=96&d=mm&r=g\",\"contentUrl\":\"https:\\\/\\\/secure.gravatar.com\\\/avatar\\\/d4fe7459cfc51ff5129ce1a732bbef5928568b8092d412ef95611616376bbeed?s=96&d=mm&r=g\",\"caption\":\"f1000024\"},\"url\":\"https:\\\/\\\/cvinoticias.com\\\/v3\\\/author\\\/f1000024\\\/\"}]}<\/script>\n<!-- \/ Yoast SEO plugin. -->","yoast_head_json":{"title":"Prorrogan el vencimiento del monotributo hasta mediados de julio | CVI NOTICIAS","robots":{"index":"index","follow":"follow","max-snippet":"max-snippet:-1","max-image-preview":"max-image-preview:large","max-video-preview":"max-video-preview:-1"},"canonical":"https:\/\/cvinoticias.com\/v3\/prorrogan-el-vencimiento-del-monotributo-hasta-mediados-de-julio\/","og_locale":"es_ES","og_type":"article","og_title":"Prorrogan el vencimiento del monotributo hasta mediados de julio | CVI NOTICIAS","og_description":"El objetivo de esta decisi\u00f3n tiene como eje garantizar que los contribuyentes puedan pagar sus obligaciones con los valores previstos en la iniciativa que se debate en el parlamento. El Gobierno nacional defini\u00f3 la pr\u00f3rroga del vencimiento del r\u00e9gimen de monotributo, que operaba este viernes, en principio hasta mediados de julio pr\u00f3ximo, durante la reuni\u00f3n [&hellip;]","og_url":"https:\/\/cvinoticias.com\/v3\/prorrogan-el-vencimiento-del-monotributo-hasta-mediados-de-julio\/","og_site_name":"CVI NOTICIAS","article_publisher":"https:\/\/www.facebook.com\/cvinoticias","article_published_time":"2021-06-24T13:42:12+00:00","og_image":[{"width":1200,"height":675,"url":"https:\/\/cvinoticias.com\/wp-content\/uploads\/2021\/06\/monotributo-1200x675-2.jpg","type":"image\/jpeg"}],"author":"f1000024","twitter_card":"summary_large_image","twitter_misc":{"Escrito por":"f1000024","Tiempo de lectura":"4 minutos"},"schema":{"@context":"https:\/\/schema.org","@graph":[{"@type":"Article","@id":"https:\/\/cvinoticias.com\/v3\/prorrogan-el-vencimiento-del-monotributo-hasta-mediados-de-julio\/#article","isPartOf":{"@id":"https:\/\/cvinoticias.com\/v3\/prorrogan-el-vencimiento-del-monotributo-hasta-mediados-de-julio\/"},"author":{"name":"f1000024","@id":"https:\/\/cvinoticias.com\/v3\/#\/schema\/person\/2db77e3c6bc03c538495d7b2b8be9b66"},"headline":"Prorrogan el vencimiento del monotributo hasta mediados de julio","datePublished":"2021-06-24T13:42:12+00:00","mainEntityOfPage":{"@id":"https:\/\/cvinoticias.com\/v3\/prorrogan-el-vencimiento-del-monotributo-hasta-mediados-de-julio\/"},"wordCount":713,"commentCount":0,"publisher":{"@id":"https:\/\/cvinoticias.com\/v3\/#organization"},"image":{"@id":"https:\/\/cvinoticias.com\/v3\/prorrogan-el-vencimiento-del-monotributo-hasta-mediados-de-julio\/#primaryimage"},"thumbnailUrl":"https:\/\/cvinoticias.com\/wp-content\/uploads\/2021\/06\/monotributo-1200x675-2.jpg","articleSection":["Informaci\u00f3n General"],"inLanguage":"es","potentialAction":[{"@type":"CommentAction","name":"Comment","target":["https:\/\/cvinoticias.com\/v3\/prorrogan-el-vencimiento-del-monotributo-hasta-mediados-de-julio\/#respond"]}]},{"@type":"WebPage","@id":"https:\/\/cvinoticias.com\/v3\/prorrogan-el-vencimiento-del-monotributo-hasta-mediados-de-julio\/","url":"https:\/\/cvinoticias.com\/v3\/prorrogan-el-vencimiento-del-monotributo-hasta-mediados-de-julio\/","name":"Prorrogan el vencimiento del monotributo hasta mediados de julio | CVI NOTICIAS","isPartOf":{"@id":"https:\/\/cvinoticias.com\/v3\/#website"},"primaryImageOfPage":{"@id":"https:\/\/cvinoticias.com\/v3\/prorrogan-el-vencimiento-del-monotributo-hasta-mediados-de-julio\/#primaryimage"},"image":{"@id":"https:\/\/cvinoticias.com\/v3\/prorrogan-el-vencimiento-del-monotributo-hasta-mediados-de-julio\/#primaryimage"},"thumbnailUrl":"https:\/\/cvinoticias.com\/wp-content\/uploads\/2021\/06\/monotributo-1200x675-2.jpg","datePublished":"2021-06-24T13:42:12+00:00","breadcrumb":{"@id":"https:\/\/cvinoticias.com\/v3\/prorrogan-el-vencimiento-del-monotributo-hasta-mediados-de-julio\/#breadcrumb"},"inLanguage":"es","potentialAction":[{"@type":"ReadAction","target":["https:\/\/cvinoticias.com\/v3\/prorrogan-el-vencimiento-del-monotributo-hasta-mediados-de-julio\/"]}]},{"@type":"ImageObject","inLanguage":"es","@id":"https:\/\/cvinoticias.com\/v3\/prorrogan-el-vencimiento-del-monotributo-hasta-mediados-de-julio\/#primaryimage","url":"https:\/\/cvinoticias.com\/wp-content\/uploads\/2021\/06\/monotributo-1200x675-2.jpg","contentUrl":"https:\/\/cvinoticias.com\/wp-content\/uploads\/2021\/06\/monotributo-1200x675-2.jpg","width":1200,"height":675},{"@type":"BreadcrumbList","@id":"https:\/\/cvinoticias.com\/v3\/prorrogan-el-vencimiento-del-monotributo-hasta-mediados-de-julio\/#breadcrumb","itemListElement":[{"@type":"ListItem","position":1,"name":"Portada","item":"https:\/\/cvinoticias.com\/v3\/"},{"@type":"ListItem","position":2,"name":"Prorrogan el vencimiento del monotributo hasta mediados de julio"}]},{"@type":"WebSite","@id":"https:\/\/cvinoticias.com\/v3\/#website","url":"https:\/\/cvinoticias.com\/v3\/","name":"CVI NOTICIAS","description":"","publisher":{"@id":"https:\/\/cvinoticias.com\/v3\/#organization"},"alternateName":"CVI","potentialAction":[{"@type":"SearchAction","target":{"@type":"EntryPoint","urlTemplate":"https:\/\/cvinoticias.com\/v3\/?s={search_term_string}"},"query-input":{"@type":"PropertyValueSpecification","valueRequired":true,"valueName":"search_term_string"}}],"inLanguage":"es"},{"@type":"Organization","@id":"https:\/\/cvinoticias.com\/v3\/#organization","name":"CVI NOTICIAS","url":"https:\/\/cvinoticias.com\/v3\/","logo":{"@type":"ImageObject","inLanguage":"es","@id":"https:\/\/cvinoticias.com\/v3\/#\/schema\/logo\/image\/","url":"https:\/\/cvinoticias.com\/wp-content\/uploads\/2023\/04\/cropped-cropped-cropped-cropped-cropped-3-1.png","contentUrl":"https:\/\/cvinoticias.com\/wp-content\/uploads\/2023\/04\/cropped-cropped-cropped-cropped-cropped-3-1.png","width":95,"height":122,"caption":"CVI NOTICIAS"},"image":{"@id":"https:\/\/cvinoticias.com\/v3\/#\/schema\/logo\/image\/"},"sameAs":["https:\/\/www.facebook.com\/cvinoticias","https:\/\/www.instagram.com\/cvinoticias\/","https:\/\/www.youtube.com\/@CVINOTICIAS"]},{"@type":"Person","@id":"https:\/\/cvinoticias.com\/v3\/#\/schema\/person\/2db77e3c6bc03c538495d7b2b8be9b66","name":"f1000024","image":{"@type":"ImageObject","inLanguage":"es","@id":"https:\/\/secure.gravatar.com\/avatar\/d4fe7459cfc51ff5129ce1a732bbef5928568b8092d412ef95611616376bbeed?s=96&d=mm&r=g","url":"https:\/\/secure.gravatar.com\/avatar\/d4fe7459cfc51ff5129ce1a732bbef5928568b8092d412ef95611616376bbeed?s=96&d=mm&r=g","contentUrl":"https:\/\/secure.gravatar.com\/avatar\/d4fe7459cfc51ff5129ce1a732bbef5928568b8092d412ef95611616376bbeed?s=96&d=mm&r=g","caption":"f1000024"},"url":"https:\/\/cvinoticias.com\/v3\/author\/f1000024\/"}]}},"_links":{"self":[{"href":"https:\/\/cvinoticias.com\/v3\/wp-json\/wp\/v2\/posts\/6265","targetHints":{"allow":["GET"]}}],"collection":[{"href":"https:\/\/cvinoticias.com\/v3\/wp-json\/wp\/v2\/posts"}],"about":[{"href":"https:\/\/cvinoticias.com\/v3\/wp-json\/wp\/v2\/types\/post"}],"author":[{"embeddable":true,"href":"https:\/\/cvinoticias.com\/v3\/wp-json\/wp\/v2\/users\/2"}],"replies":[{"embeddable":true,"href":"https:\/\/cvinoticias.com\/v3\/wp-json\/wp\/v2\/comments?post=6265"}],"version-history":[{"count":1,"href":"https:\/\/cvinoticias.com\/v3\/wp-json\/wp\/v2\/posts\/6265\/revisions"}],"predecessor-version":[{"id":6267,"href":"https:\/\/cvinoticias.com\/v3\/wp-json\/wp\/v2\/posts\/6265\/revisions\/6267"}],"wp:featuredmedia":[{"embeddable":true,"href":"https:\/\/cvinoticias.com\/v3\/wp-json\/wp\/v2\/media\/6266"}],"wp:attachment":[{"href":"https:\/\/cvinoticias.com\/v3\/wp-json\/wp\/v2\/media?parent=6265"}],"wp:term":[{"taxonomy":"category","embeddable":true,"href":"https:\/\/cvinoticias.com\/v3\/wp-json\/wp\/v2\/categories?post=6265"},{"taxonomy":"post_tag","embeddable":true,"href":"https:\/\/cvinoticias.com\/v3\/wp-json\/wp\/v2\/tags?post=6265"}],"curies":[{"name":"wp","href":"https:\/\/api.w.org\/{rel}","templated":true}]}}