{"id":62649,"date":"2026-09-01T09:30:14","date_gmt":"2026-09-01T12:30:14","guid":{"rendered":"https:\/\/cvinoticias.com\/v3\/?p=62649"},"modified":"2026-09-01T09:30:15","modified_gmt":"2026-09-01T12:30:15","slug":"el-gobierno-de-misiones-traslado-el-asueto-por-el-dia-del-empleado-publico-al-7-de-septiembre","status":"publish","type":"post","link":"https:\/\/cvinoticias.com\/v3\/el-gobierno-de-misiones-traslado-el-asueto-por-el-dia-del-empleado-publico-al-7-de-septiembre\/","title":{"rendered":"El Gobierno de Misiones traslad\u00f3 el asueto por el D\u00eda del Empleado P\u00fablico al 7 de septiembre"},"content":{"rendered":"\n<p class=\"wp-block-paragraph\">El Gobierno de Misiones traslad\u00f3 al lunes 7 de septiembre el asueto administrativo correspondiente al D\u00eda del Empleado P\u00fablico, que estaba establecido de manera permanente para el 6 de septiembre de cada a\u00f1o.<\/p>\n\n\n\n<p class=\"wp-block-paragraph\">La medida fue oficializada mediante el Decreto N.\u00ba 1660, firmado el 28 de agosto de 2026, a trav\u00e9s del cual se dispuso modificar excepcionalmente la fecha del asueto correspondiente a este a\u00f1o.<\/p>\n\n\n\n<p class=\"wp-block-paragraph\">De acuerdo con los fundamentos del decreto, la decisi\u00f3n tiene como objetivo facilitar las reuniones de camarader\u00eda que se realizan con motivo de la celebraci\u00f3n del D\u00eda del Empleado P\u00fablico.<\/p>\n\n\n\n<p class=\"wp-block-paragraph\">El asueto alcanza a los agentes de la Administraci\u00f3n P\u00fablica Provincial, conforme a lo establecido en el art\u00edculo primero del decreto, que dispone el traslado del beneficio originalmente fijado por el Decreto N.\u00ba 1836\/93.<\/p>\n\n\n\n<p class=\"wp-block-paragraph\"><strong>Qui\u00e9nes quedan exceptuados<\/strong><br>La normativa tambi\u00e9n establece que no todos los trabajadores provinciales estar\u00e1n alcanzados por la medida. Quedan exceptuados aquellos agentes que, por disposici\u00f3n de normas legales vigentes, ya cuentan con un beneficio similar debido a la naturaleza espec\u00edfica de las funciones que desempe\u00f1an.<\/p>\n\n\n\n<p class=\"wp-block-paragraph\">De esta manera, los trabajadores comprendidos en esta excepci\u00f3n deber\u00e1n ajustarse a las disposiciones particulares que regulan sus actividades y los beneficios correspondientes. El decreto fue refrendado por el ministro de Coordinaci\u00f3n General de Gabinete y establece adem\u00e1s su registro, comunicaci\u00f3n y publicaci\u00f3n oficial.<\/p>\n\n\n\n<p class=\"wp-block-paragraph\">Con la modificaci\u00f3n dispuesta por el Ejecutivo provincial, el asueto por el D\u00eda del Empleado P\u00fablico se har\u00e1 efectivo este a\u00f1o el lunes 7 de septiembre para los agentes alcanzados por la medida.<\/p>\n\n\n\n<p class=\"wp-block-paragraph\">Fuente: El Territorio<\/p>\n","protected":false},"excerpt":{"rendered":"<p>El Gobierno de Misiones traslad\u00f3 al lunes 7 de septiembre el asueto administrativo correspondiente al D\u00eda del Empleado P\u00fablico, que estaba establecido de manera permanente para el 6 de septiembre de cada a\u00f1o. La medida fue oficializada mediante el Decreto N.\u00ba 1660, firmado el 28 de agosto de 2026, a trav\u00e9s del cual se dispuso [&hellip;]<\/p>\n","protected":false},"author":2,"featured_media":62650,"comment_status":"open","ping_status":"closed","sticky":false,"template":"","format":"standard","meta":{"footnotes":""},"categories":[455],"tags":[7097,257,554,3984,331,1470],"class_list":["post-62649","post","type-post","status-publish","format-standard","has-post-thumbnail","hentry","category-misiones","tag-7-septiembre","tag-asueto","tag-dia","tag-empleado","tag-gobierno","tag-publico"],"yoast_head":"<!-- This site is optimized with the Yoast SEO plugin v28.4 - https:\/\/yoast.com\/product\/yoast-seo-wordpress\/ -->\n<title>Misiones traslad\u00f3 el asueto por el D\u00eda del Empleado P\u00fablico | CVI NOTICIAS<\/title>\n<meta name=\"description\" content=\"El Gobierno de Misiones traslad\u00f3 al lunes 7 de septiembre el asueto administrativo por el D\u00eda del Empleado P\u00fablico.\" \/>\n<meta name=\"robots\" content=\"index, follow, max-snippet:-1, max-image-preview:large, max-video-preview:-1\" \/>\n<link rel=\"canonical\" href=\"https:\/\/cvinoticias.com\/v3\/el-gobierno-de-misiones-traslado-el-asueto-por-el-dia-del-empleado-publico-al-7-de-septiembre\/\" \/>\n<meta property=\"og:locale\" content=\"es_ES\" \/>\n<meta property=\"og:type\" content=\"article\" \/>\n<meta property=\"og:title\" content=\"Misiones traslad\u00f3 el asueto por el D\u00eda del Empleado P\u00fablico | CVI NOTICIAS\" \/>\n<meta property=\"og:description\" content=\"El Gobierno de Misiones traslad\u00f3 al lunes 7 de septiembre el asueto administrativo por el D\u00eda del Empleado P\u00fablico.\" \/>\n<meta property=\"og:url\" content=\"https:\/\/cvinoticias.com\/v3\/el-gobierno-de-misiones-traslado-el-asueto-por-el-dia-del-empleado-publico-al-7-de-septiembre\/\" \/>\n<meta property=\"og:site_name\" content=\"CVI NOTICIAS\" \/>\n<meta property=\"article:publisher\" content=\"https:\/\/www.facebook.com\/cvinoticias\" \/>\n<meta property=\"article:published_time\" content=\"2026-09-01T12:30:14+00:00\" \/>\n<meta property=\"article:modified_time\" content=\"2026-09-01T12:30:15+00:00\" \/>\n<meta property=\"og:image\" content=\"https:\/\/cvinoticias.com\/wp-content\/uploads\/2026\/09\/md.webp\" \/>\n\t<meta property=\"og:image:width\" content=\"992\" \/>\n\t<meta property=\"og:image:height\" content=\"655\" \/>\n\t<meta property=\"og:image:type\" content=\"image\/webp\" \/>\n<meta name=\"author\" content=\"f1000024\" \/>\n<meta name=\"twitter:card\" content=\"summary_large_image\" \/>\n<meta name=\"twitter:label1\" content=\"Escrito por\" \/>\n\t<meta name=\"twitter:data1\" content=\"f1000024\" \/>\n\t<meta name=\"twitter:label2\" content=\"Tiempo de lectura\" \/>\n\t<meta name=\"twitter:data2\" content=\"2 minutos\" \/>\n<script type=\"application\/ld+json\" class=\"yoast-schema-graph\">{\"@context\":\"https:\\\/\\\/schema.org\",\"@graph\":[{\"@type\":\"Article\",\"@id\":\"https:\\\/\\\/cvinoticias.com\\\/v3\\\/el-gobierno-de-misiones-traslado-el-asueto-por-el-dia-del-empleado-publico-al-7-de-septiembre\\\/#article\",\"isPartOf\":{\"@id\":\"https:\\\/\\\/cvinoticias.com\\\/v3\\\/el-gobierno-de-misiones-traslado-el-asueto-por-el-dia-del-empleado-publico-al-7-de-septiembre\\\/\"},\"author\":{\"name\":\"f1000024\",\"@id\":\"https:\\\/\\\/cvinoticias.com\\\/v3\\\/#\\\/schema\\\/person\\\/2db77e3c6bc03c538495d7b2b8be9b66\"},\"headline\":\"El Gobierno de Misiones traslad\u00f3 el asueto por el D\u00eda del Empleado P\u00fablico al 7 de septiembre\",\"datePublished\":\"2026-09-01T12:30:14+00:00\",\"dateModified\":\"2026-09-01T12:30:15+00:00\",\"mainEntityOfPage\":{\"@id\":\"https:\\\/\\\/cvinoticias.com\\\/v3\\\/el-gobierno-de-misiones-traslado-el-asueto-por-el-dia-del-empleado-publico-al-7-de-septiembre\\\/\"},\"wordCount\":294,\"commentCount\":0,\"publisher\":{\"@id\":\"https:\\\/\\\/cvinoticias.com\\\/v3\\\/#organization\"},\"image\":{\"@id\":\"https:\\\/\\\/cvinoticias.com\\\/v3\\\/el-gobierno-de-misiones-traslado-el-asueto-por-el-dia-del-empleado-publico-al-7-de-septiembre\\\/#primaryimage\"},\"thumbnailUrl\":\"https:\\\/\\\/cvinoticias.com\\\/wp-content\\\/uploads\\\/2026\\\/09\\\/md.webp\",\"keywords\":[\"7 Septiembre\",\"Asueto\",\"D\u00eda\",\"Empleado\",\"Gobierno\",\"P\u00fablico\"],\"articleSection\":[\"Misiones\"],\"inLanguage\":\"es\",\"potentialAction\":[{\"@type\":\"CommentAction\",\"name\":\"Comment\",\"target\":[\"https:\\\/\\\/cvinoticias.com\\\/v3\\\/el-gobierno-de-misiones-traslado-el-asueto-por-el-dia-del-empleado-publico-al-7-de-septiembre\\\/#respond\"]}]},{\"@type\":\"WebPage\",\"@id\":\"https:\\\/\\\/cvinoticias.com\\\/v3\\\/el-gobierno-de-misiones-traslado-el-asueto-por-el-dia-del-empleado-publico-al-7-de-septiembre\\\/\",\"url\":\"https:\\\/\\\/cvinoticias.com\\\/v3\\\/el-gobierno-de-misiones-traslado-el-asueto-por-el-dia-del-empleado-publico-al-7-de-septiembre\\\/\",\"name\":\"Misiones traslad\u00f3 el asueto por el D\u00eda del Empleado P\u00fablico | CVI NOTICIAS\",\"isPartOf\":{\"@id\":\"https:\\\/\\\/cvinoticias.com\\\/v3\\\/#website\"},\"primaryImageOfPage\":{\"@id\":\"https:\\\/\\\/cvinoticias.com\\\/v3\\\/el-gobierno-de-misiones-traslado-el-asueto-por-el-dia-del-empleado-publico-al-7-de-septiembre\\\/#primaryimage\"},\"image\":{\"@id\":\"https:\\\/\\\/cvinoticias.com\\\/v3\\\/el-gobierno-de-misiones-traslado-el-asueto-por-el-dia-del-empleado-publico-al-7-de-septiembre\\\/#primaryimage\"},\"thumbnailUrl\":\"https:\\\/\\\/cvinoticias.com\\\/wp-content\\\/uploads\\\/2026\\\/09\\\/md.webp\",\"datePublished\":\"2026-09-01T12:30:14+00:00\",\"dateModified\":\"2026-09-01T12:30:15+00:00\",\"description\":\"El Gobierno de Misiones traslad\u00f3 al lunes 7 de septiembre el asueto administrativo por el D\u00eda del Empleado P\u00fablico.\",\"breadcrumb\":{\"@id\":\"https:\\\/\\\/cvinoticias.com\\\/v3\\\/el-gobierno-de-misiones-traslado-el-asueto-por-el-dia-del-empleado-publico-al-7-de-septiembre\\\/#breadcrumb\"},\"inLanguage\":\"es\",\"potentialAction\":[{\"@type\":\"ReadAction\",\"target\":[\"https:\\\/\\\/cvinoticias.com\\\/v3\\\/el-gobierno-de-misiones-traslado-el-asueto-por-el-dia-del-empleado-publico-al-7-de-septiembre\\\/\"]}]},{\"@type\":\"ImageObject\",\"inLanguage\":\"es\",\"@id\":\"https:\\\/\\\/cvinoticias.com\\\/v3\\\/el-gobierno-de-misiones-traslado-el-asueto-por-el-dia-del-empleado-publico-al-7-de-septiembre\\\/#primaryimage\",\"url\":\"https:\\\/\\\/cvinoticias.com\\\/wp-content\\\/uploads\\\/2026\\\/09\\\/md.webp\",\"contentUrl\":\"https:\\\/\\\/cvinoticias.com\\\/wp-content\\\/uploads\\\/2026\\\/09\\\/md.webp\",\"width\":992,\"height\":655},{\"@type\":\"BreadcrumbList\",\"@id\":\"https:\\\/\\\/cvinoticias.com\\\/v3\\\/el-gobierno-de-misiones-traslado-el-asueto-por-el-dia-del-empleado-publico-al-7-de-septiembre\\\/#breadcrumb\",\"itemListElement\":[{\"@type\":\"ListItem\",\"position\":1,\"name\":\"Portada\",\"item\":\"https:\\\/\\\/cvinoticias.com\\\/v3\\\/\"},{\"@type\":\"ListItem\",\"position\":2,\"name\":\"El Gobierno de Misiones traslad\u00f3 el asueto por el D\u00eda del Empleado P\u00fablico al 7 de septiembre\"}]},{\"@type\":\"WebSite\",\"@id\":\"https:\\\/\\\/cvinoticias.com\\\/v3\\\/#website\",\"url\":\"https:\\\/\\\/cvinoticias.com\\\/v3\\\/\",\"name\":\"CVI NOTICIAS\",\"description\":\"\",\"publisher\":{\"@id\":\"https:\\\/\\\/cvinoticias.com\\\/v3\\\/#organization\"},\"alternateName\":\"CVI\",\"potentialAction\":[{\"@type\":\"SearchAction\",\"target\":{\"@type\":\"EntryPoint\",\"urlTemplate\":\"https:\\\/\\\/cvinoticias.com\\\/v3\\\/?s={search_term_string}\"},\"query-input\":{\"@type\":\"PropertyValueSpecification\",\"valueRequired\":true,\"valueName\":\"search_term_string\"}}],\"inLanguage\":\"es\"},{\"@type\":\"Organization\",\"@id\":\"https:\\\/\\\/cvinoticias.com\\\/v3\\\/#organization\",\"name\":\"CVI NOTICIAS\",\"url\":\"https:\\\/\\\/cvinoticias.com\\\/v3\\\/\",\"logo\":{\"@type\":\"ImageObject\",\"inLanguage\":\"es\",\"@id\":\"https:\\\/\\\/cvinoticias.com\\\/v3\\\/#\\\/schema\\\/logo\\\/image\\\/\",\"url\":\"https:\\\/\\\/cvinoticias.com\\\/wp-content\\\/uploads\\\/2023\\\/04\\\/cropped-cropped-cropped-cropped-cropped-3-1.png\",\"contentUrl\":\"https:\\\/\\\/cvinoticias.com\\\/wp-content\\\/uploads\\\/2023\\\/04\\\/cropped-cropped-cropped-cropped-cropped-3-1.png\",\"width\":95,\"height\":122,\"caption\":\"CVI NOTICIAS\"},\"image\":{\"@id\":\"https:\\\/\\\/cvinoticias.com\\\/v3\\\/#\\\/schema\\\/logo\\\/image\\\/\"},\"sameAs\":[\"https:\\\/\\\/www.facebook.com\\\/cvinoticias\",\"https:\\\/\\\/www.instagram.com\\\/cvinoticias\\\/\",\"https:\\\/\\\/www.youtube.com\\\/@CVINOTICIAS\"]},{\"@type\":\"Person\",\"@id\":\"https:\\\/\\\/cvinoticias.com\\\/v3\\\/#\\\/schema\\\/person\\\/2db77e3c6bc03c538495d7b2b8be9b66\",\"name\":\"f1000024\",\"image\":{\"@type\":\"ImageObject\",\"inLanguage\":\"es\",\"@id\":\"https:\\\/\\\/secure.gravatar.com\\\/avatar\\\/d4fe7459cfc51ff5129ce1a732bbef5928568b8092d412ef95611616376bbeed?s=96&d=mm&r=g\",\"url\":\"https:\\\/\\\/secure.gravatar.com\\\/avatar\\\/d4fe7459cfc51ff5129ce1a732bbef5928568b8092d412ef95611616376bbeed?s=96&d=mm&r=g\",\"contentUrl\":\"https:\\\/\\\/secure.gravatar.com\\\/avatar\\\/d4fe7459cfc51ff5129ce1a732bbef5928568b8092d412ef95611616376bbeed?s=96&d=mm&r=g\",\"caption\":\"f1000024\"},\"url\":\"https:\\\/\\\/cvinoticias.com\\\/v3\\\/author\\\/f1000024\\\/\"}]}<\/script>\n<!-- \/ Yoast SEO plugin. -->","yoast_head_json":{"title":"Misiones traslad\u00f3 el asueto por el D\u00eda del Empleado P\u00fablico | CVI NOTICIAS","description":"El Gobierno de Misiones traslad\u00f3 al lunes 7 de septiembre el asueto administrativo por el D\u00eda del Empleado P\u00fablico.","robots":{"index":"index","follow":"follow","max-snippet":"max-snippet:-1","max-image-preview":"max-image-preview:large","max-video-preview":"max-video-preview:-1"},"canonical":"https:\/\/cvinoticias.com\/v3\/el-gobierno-de-misiones-traslado-el-asueto-por-el-dia-del-empleado-publico-al-7-de-septiembre\/","og_locale":"es_ES","og_type":"article","og_title":"Misiones traslad\u00f3 el asueto por el D\u00eda del Empleado P\u00fablico | CVI NOTICIAS","og_description":"El Gobierno de Misiones traslad\u00f3 al lunes 7 de septiembre el asueto administrativo por el D\u00eda del Empleado P\u00fablico.","og_url":"https:\/\/cvinoticias.com\/v3\/el-gobierno-de-misiones-traslado-el-asueto-por-el-dia-del-empleado-publico-al-7-de-septiembre\/","og_site_name":"CVI NOTICIAS","article_publisher":"https:\/\/www.facebook.com\/cvinoticias","article_published_time":"2026-09-01T12:30:14+00:00","article_modified_time":"2026-09-01T12:30:15+00:00","og_image":[{"width":992,"height":655,"url":"https:\/\/cvinoticias.com\/wp-content\/uploads\/2026\/09\/md.webp","type":"image\/webp"}],"author":"f1000024","twitter_card":"summary_large_image","twitter_misc":{"Escrito por":"f1000024","Tiempo de lectura":"2 minutos"},"schema":{"@context":"https:\/\/schema.org","@graph":[{"@type":"Article","@id":"https:\/\/cvinoticias.com\/v3\/el-gobierno-de-misiones-traslado-el-asueto-por-el-dia-del-empleado-publico-al-7-de-septiembre\/#article","isPartOf":{"@id":"https:\/\/cvinoticias.com\/v3\/el-gobierno-de-misiones-traslado-el-asueto-por-el-dia-del-empleado-publico-al-7-de-septiembre\/"},"author":{"name":"f1000024","@id":"https:\/\/cvinoticias.com\/v3\/#\/schema\/person\/2db77e3c6bc03c538495d7b2b8be9b66"},"headline":"El Gobierno de Misiones traslad\u00f3 el asueto por el D\u00eda del Empleado P\u00fablico al 7 de septiembre","datePublished":"2026-09-01T12:30:14+00:00","dateModified":"2026-09-01T12:30:15+00:00","mainEntityOfPage":{"@id":"https:\/\/cvinoticias.com\/v3\/el-gobierno-de-misiones-traslado-el-asueto-por-el-dia-del-empleado-publico-al-7-de-septiembre\/"},"wordCount":294,"commentCount":0,"publisher":{"@id":"https:\/\/cvinoticias.com\/v3\/#organization"},"image":{"@id":"https:\/\/cvinoticias.com\/v3\/el-gobierno-de-misiones-traslado-el-asueto-por-el-dia-del-empleado-publico-al-7-de-septiembre\/#primaryimage"},"thumbnailUrl":"https:\/\/cvinoticias.com\/wp-content\/uploads\/2026\/09\/md.webp","keywords":["7 Septiembre","Asueto","D\u00eda","Empleado","Gobierno","P\u00fablico"],"articleSection":["Misiones"],"inLanguage":"es","potentialAction":[{"@type":"CommentAction","name":"Comment","target":["https:\/\/cvinoticias.com\/v3\/el-gobierno-de-misiones-traslado-el-asueto-por-el-dia-del-empleado-publico-al-7-de-septiembre\/#respond"]}]},{"@type":"WebPage","@id":"https:\/\/cvinoticias.com\/v3\/el-gobierno-de-misiones-traslado-el-asueto-por-el-dia-del-empleado-publico-al-7-de-septiembre\/","url":"https:\/\/cvinoticias.com\/v3\/el-gobierno-de-misiones-traslado-el-asueto-por-el-dia-del-empleado-publico-al-7-de-septiembre\/","name":"Misiones traslad\u00f3 el asueto por el D\u00eda del Empleado P\u00fablico | CVI NOTICIAS","isPartOf":{"@id":"https:\/\/cvinoticias.com\/v3\/#website"},"primaryImageOfPage":{"@id":"https:\/\/cvinoticias.com\/v3\/el-gobierno-de-misiones-traslado-el-asueto-por-el-dia-del-empleado-publico-al-7-de-septiembre\/#primaryimage"},"image":{"@id":"https:\/\/cvinoticias.com\/v3\/el-gobierno-de-misiones-traslado-el-asueto-por-el-dia-del-empleado-publico-al-7-de-septiembre\/#primaryimage"},"thumbnailUrl":"https:\/\/cvinoticias.com\/wp-content\/uploads\/2026\/09\/md.webp","datePublished":"2026-09-01T12:30:14+00:00","dateModified":"2026-09-01T12:30:15+00:00","description":"El Gobierno de Misiones traslad\u00f3 al lunes 7 de septiembre el asueto administrativo por el D\u00eda del Empleado P\u00fablico.","breadcrumb":{"@id":"https:\/\/cvinoticias.com\/v3\/el-gobierno-de-misiones-traslado-el-asueto-por-el-dia-del-empleado-publico-al-7-de-septiembre\/#breadcrumb"},"inLanguage":"es","potentialAction":[{"@type":"ReadAction","target":["https:\/\/cvinoticias.com\/v3\/el-gobierno-de-misiones-traslado-el-asueto-por-el-dia-del-empleado-publico-al-7-de-septiembre\/"]}]},{"@type":"ImageObject","inLanguage":"es","@id":"https:\/\/cvinoticias.com\/v3\/el-gobierno-de-misiones-traslado-el-asueto-por-el-dia-del-empleado-publico-al-7-de-septiembre\/#primaryimage","url":"https:\/\/cvinoticias.com\/wp-content\/uploads\/2026\/09\/md.webp","contentUrl":"https:\/\/cvinoticias.com\/wp-content\/uploads\/2026\/09\/md.webp","width":992,"height":655},{"@type":"BreadcrumbList","@id":"https:\/\/cvinoticias.com\/v3\/el-gobierno-de-misiones-traslado-el-asueto-por-el-dia-del-empleado-publico-al-7-de-septiembre\/#breadcrumb","itemListElement":[{"@type":"ListItem","position":1,"name":"Portada","item":"https:\/\/cvinoticias.com\/v3\/"},{"@type":"ListItem","position":2,"name":"El Gobierno de Misiones traslad\u00f3 el asueto por el D\u00eda del Empleado P\u00fablico al 7 de septiembre"}]},{"@type":"WebSite","@id":"https:\/\/cvinoticias.com\/v3\/#website","url":"https:\/\/cvinoticias.com\/v3\/","name":"CVI NOTICIAS","description":"","publisher":{"@id":"https:\/\/cvinoticias.com\/v3\/#organization"},"alternateName":"CVI","potentialAction":[{"@type":"SearchAction","target":{"@type":"EntryPoint","urlTemplate":"https:\/\/cvinoticias.com\/v3\/?s={search_term_string}"},"query-input":{"@type":"PropertyValueSpecification","valueRequired":true,"valueName":"search_term_string"}}],"inLanguage":"es"},{"@type":"Organization","@id":"https:\/\/cvinoticias.com\/v3\/#organization","name":"CVI NOTICIAS","url":"https:\/\/cvinoticias.com\/v3\/","logo":{"@type":"ImageObject","inLanguage":"es","@id":"https:\/\/cvinoticias.com\/v3\/#\/schema\/logo\/image\/","url":"https:\/\/cvinoticias.com\/wp-content\/uploads\/2023\/04\/cropped-cropped-cropped-cropped-cropped-3-1.png","contentUrl":"https:\/\/cvinoticias.com\/wp-content\/uploads\/2023\/04\/cropped-cropped-cropped-cropped-cropped-3-1.png","width":95,"height":122,"caption":"CVI NOTICIAS"},"image":{"@id":"https:\/\/cvinoticias.com\/v3\/#\/schema\/logo\/image\/"},"sameAs":["https:\/\/www.facebook.com\/cvinoticias","https:\/\/www.instagram.com\/cvinoticias\/","https:\/\/www.youtube.com\/@CVINOTICIAS"]},{"@type":"Person","@id":"https:\/\/cvinoticias.com\/v3\/#\/schema\/person\/2db77e3c6bc03c538495d7b2b8be9b66","name":"f1000024","image":{"@type":"ImageObject","inLanguage":"es","@id":"https:\/\/secure.gravatar.com\/avatar\/d4fe7459cfc51ff5129ce1a732bbef5928568b8092d412ef95611616376bbeed?s=96&d=mm&r=g","url":"https:\/\/secure.gravatar.com\/avatar\/d4fe7459cfc51ff5129ce1a732bbef5928568b8092d412ef95611616376bbeed?s=96&d=mm&r=g","contentUrl":"https:\/\/secure.gravatar.com\/avatar\/d4fe7459cfc51ff5129ce1a732bbef5928568b8092d412ef95611616376bbeed?s=96&d=mm&r=g","caption":"f1000024"},"url":"https:\/\/cvinoticias.com\/v3\/author\/f1000024\/"}]}},"_links":{"self":[{"href":"https:\/\/cvinoticias.com\/v3\/wp-json\/wp\/v2\/posts\/62649","targetHints":{"allow":["GET"]}}],"collection":[{"href":"https:\/\/cvinoticias.com\/v3\/wp-json\/wp\/v2\/posts"}],"about":[{"href":"https:\/\/cvinoticias.com\/v3\/wp-json\/wp\/v2\/types\/post"}],"author":[{"embeddable":true,"href":"https:\/\/cvinoticias.com\/v3\/wp-json\/wp\/v2\/users\/2"}],"replies":[{"embeddable":true,"href":"https:\/\/cvinoticias.com\/v3\/wp-json\/wp\/v2\/comments?post=62649"}],"version-history":[{"count":1,"href":"https:\/\/cvinoticias.com\/v3\/wp-json\/wp\/v2\/posts\/62649\/revisions"}],"predecessor-version":[{"id":62651,"href":"https:\/\/cvinoticias.com\/v3\/wp-json\/wp\/v2\/posts\/62649\/revisions\/62651"}],"wp:featuredmedia":[{"embeddable":true,"href":"https:\/\/cvinoticias.com\/v3\/wp-json\/wp\/v2\/media\/62650"}],"wp:attachment":[{"href":"https:\/\/cvinoticias.com\/v3\/wp-json\/wp\/v2\/media?parent=62649"}],"wp:term":[{"taxonomy":"category","embeddable":true,"href":"https:\/\/cvinoticias.com\/v3\/wp-json\/wp\/v2\/categories?post=62649"},{"taxonomy":"post_tag","embeddable":true,"href":"https:\/\/cvinoticias.com\/v3\/wp-json\/wp\/v2\/tags?post=62649"}],"curies":[{"name":"wp","href":"https:\/\/api.w.org\/{rel}","templated":true}]}}