{"id":62642,"date":"2026-09-01T09:19:08","date_gmt":"2026-09-01T12:19:08","guid":{"rendered":"https:\/\/cvinoticias.com\/v3\/?p=62642"},"modified":"2026-09-01T09:19:10","modified_gmt":"2026-09-01T12:19:10","slug":"presupuesto-2027-misiones-apuesta-a-la-presencia-territorial-y-la-continuidad-de-obras-ante-la-falta-de-fondos-nacionales","status":"publish","type":"post","link":"https:\/\/cvinoticias.com\/v3\/presupuesto-2027-misiones-apuesta-a-la-presencia-territorial-y-la-continuidad-de-obras-ante-la-falta-de-fondos-nacionales\/","title":{"rendered":"Presupuesto 2027: Misiones apuesta a la presencia territorial y la continuidad de obras ante la falta de fondos nacionales"},"content":{"rendered":"\n<p class=\"wp-block-paragraph\">La Comisi\u00f3n de Presupuesto de la C\u00e1mara de Representantes de Misiones llev\u00f3 adelante este lunes una nueva jornada de an\u00e1lisis del proyecto de Presupuesto General de la Administraci\u00f3n P\u00fablica Provincial para el ejercicio 2027. A lo largo de la jornada, funcionarios de distintas \u00e1reas del Gobierno provincial expusieron las partidas previstas y detallaron las pol\u00edticas que buscar\u00e1n sostener y profundizar durante el pr\u00f3ximo a\u00f1o.<\/p>\n\n\n\n<p class=\"wp-block-paragraph\">El escenario planteado por los funcionarios estuvo atravesado por un mismo diagn\u00f3stico: la reducci\u00f3n de las transferencias y programas nacionales obliga a la Provincia a sostener con recursos propios buena parte de las pol\u00edticas que anteriormente contaban con financiamiento federal.<\/p>\n\n\n\n<p class=\"wp-block-paragraph\">En ese contexto, las exposiciones estuvieron marcadas por la austeridad, la priorizaci\u00f3n del gasto y la continuidad de programas vinculados con el desarrollo social, la seguridad, la cultura, los servicios esenciales y el acompa\u00f1amiento a los municipios.<\/p>\n\n\n\n<h3 class=\"wp-block-heading\"><strong>Desarrollo Social: un presupuesto de $96 mil millones y prioridad en la asistencia<\/strong><\/h3>\n\n\n\n<p class=\"wp-block-paragraph\">Uno de los principales ejes de la jornada fue la exposici\u00f3n del ministro de Desarrollo Social, la Mujer y la Juventud, Fernando Meza, quien present\u00f3 una partida proyectada de&nbsp;<strong>$96.000 millones para 2027<\/strong>, un incremento del 36% respecto del presupuesto vigente.<\/p>\n\n\n\n<p class=\"wp-block-paragraph\">El funcionario puso el foco en el impacto que tuvo el retiro de fondos nacionales sobre distintos programas y obras. Seg\u00fan explic\u00f3, hace aproximadamente dos a\u00f1os y medio la Naci\u00f3n dej\u00f3 de realizar transferencias que para Misiones resultaban prioritarias.<\/p>\n\n\n\n<figure class=\"wp-block-image is-resized\"><img decoding=\"async\" data-src=\"https:\/\/www.canal12misiones.com\/wp-content\/uploads\/2026\/08\/PSX_20260831_084713-1024x683.jpg\" alt=\"\" class=\"wp-image-780166 lazyload\" style=\"--smush-placeholder-width: 1024px; --smush-placeholder-aspect-ratio: 1024\/683;aspect-ratio:1.499267935578331;width:1024px;height:auto\" src=\"data:image\/svg+xml;base64,PHN2ZyB3aWR0aD0iMSIgaGVpZ2h0PSIxIiB4bWxucz0iaHR0cDovL3d3dy53My5vcmcvMjAwMC9zdmciPjwvc3ZnPg==\" \/><figcaption class=\"wp-element-caption\">Ministro de Desarrollo Social, Fernando Meza. Fotograf\u00eda \u00a9Marcos Ota\u00f1o.<\/figcaption><\/figure>\n\n\n\n<p class=\"wp-block-paragraph\">Entre las consecuencias mencion\u00f3 la paralizaci\u00f3n de&nbsp;<strong>Espacios de Primera Infancia (EPI)<\/strong>&nbsp;en municipios como Puerto Rico y Montecarlo. Se trata de espacios destinados a la atenci\u00f3n de ni\u00f1os de entre 45 d\u00edas y cuatro a\u00f1os, antes de su ingreso al sistema educativo.<\/p>\n\n\n\n<p class=\"wp-block-paragraph\">Ante esta situaci\u00f3n, Meza se\u00f1al\u00f3 que la Provincia busca readecuar partidas para poder finalizar esas obras y, al mismo tiempo, sostener el&nbsp;<strong>99% de los programas activos con financiamiento provincial<\/strong>.<\/p>\n\n\n\n<p class=\"wp-block-paragraph\">Uno de los nuevos ejes estar\u00e1 vinculado con el sector yerbatero. Desde septiembre, en conjunto con el Ministerio de Trabajo, se desplegar\u00e1 una cobertura especial destinada a aproximadamente&nbsp;<strong>14.000 familias tareferas<\/strong>, con asistencia alimentaria y servicios de salud durante la interzafra.<\/p>\n\n\n\n<p class=\"wp-block-paragraph\">La demanda tambi\u00e9n se refleja en los comedores y merenderos. En Posadas, mediante cocinas centralizadas y descentralizadas, el Estado provincial garantiza raciones diarias a casi&nbsp;<strong>12.000 familias<\/strong>, mientras que otras 600 familias reciben asistencia a trav\u00e9s del programa destinado a personas cel\u00edacas.<\/p>\n\n\n\n<p class=\"wp-block-paragraph\">Meza tambi\u00e9n inform\u00f3 que la Provincia tiene identificadas a&nbsp;<strong>79 personas en situaci\u00f3n de calle<\/strong>, principalmente en Posadas y Ober\u00e1. Para ellas se realizan operativos nocturnos con viandas calientes, abrigo e indumentaria.<\/p>\n\n\n\n<p class=\"wp-block-paragraph\">A esto se sum\u00f3 el trabajo del Comit\u00e9 de Emergencia ante los fen\u00f3menos clim\u00e1ticos vinculados con El Ni\u00f1o. Durante el \u00faltimo fin de semana, los operativos alcanzaron a&nbsp;<strong>m\u00e1s de 120 familias en 20 municipios<\/strong>.<\/p>\n\n\n\n<h3 class=\"wp-block-heading\"><strong>Sartori defendi\u00f3 un presupuesto austero y con fuerte orientaci\u00f3n social<\/strong><\/h3>\n\n\n\n<p class=\"wp-block-paragraph\">Otro de los funcionarios que expuso fue el ministro de Coordinaci\u00f3n General de Gabinete, Carlos \u201cKako\u201d Sartori, quien destac\u00f3 el criterio de austeridad aplicado en la elaboraci\u00f3n del Presupuesto 2027.<\/p>\n\n\n\n<p class=\"wp-block-paragraph\">Sartori se\u00f1al\u00f3 que su \u00e1rea tendr\u00e1 una&nbsp;<strong>retracci\u00f3n presupuestaria del 16%<\/strong>, aunque sostuvo que esto no implica reducir la presencia territorial del Gobierno provincial.<\/p>\n\n\n\n<figure class=\"wp-block-image is-resized\"><img decoding=\"async\" data-src=\"https:\/\/www.canal12misiones.com\/wp-content\/uploads\/2026\/08\/PSX_20260831_102505-1024x683.jpg\" alt=\"\" class=\"wp-image-780168 lazyload\" style=\"--smush-placeholder-width: 1024px; --smush-placeholder-aspect-ratio: 1024\/683;aspect-ratio:1.499267935578331;width:1024px;height:auto\" src=\"data:image\/svg+xml;base64,PHN2ZyB3aWR0aD0iMSIgaGVpZ2h0PSIxIiB4bWxucz0iaHR0cDovL3d3dy53My5vcmcvMjAwMC9zdmciPjwvc3ZnPg==\" \/><figcaption class=\"wp-element-caption\">Ministro Coordinador de Gabinete, Carlos Sartori. Fotograf\u00eda \u00a9Marcos Ota\u00f1o.<\/figcaption><\/figure>\n\n\n\n<p class=\"wp-block-paragraph\">\u201cEsto no quita responsabilidad, sino que representa mayor compromiso\u201d, plante\u00f3, al explicar que se continuar\u00e1 trabajando junto con los intendentes para articular respuestas en cada localidad.<\/p>\n\n\n\n<p class=\"wp-block-paragraph\">El ministro tambi\u00e9n destac\u00f3 la importancia del trabajo territorial y del relevamiento de las necesidades de los&nbsp;<strong>79 municipios<\/strong>. Seg\u00fan explic\u00f3, la Subsecretar\u00eda de Planificaci\u00f3n y Monitoreo recorre las localidades junto con los equipos t\u00e9cnicos municipales para recopilar informaci\u00f3n y establecer prioridades.<\/p>\n\n\n\n<p class=\"wp-block-paragraph\">En esa l\u00ednea, adelant\u00f3 la pr\u00f3xima puesta en funcionamiento de un&nbsp;<strong>tablero de control<\/strong>, que permitir\u00e1 centralizar informaci\u00f3n actualizada sobre obras y acciones de los distintos organismos provinciales.<\/p>\n\n\n\n<p class=\"wp-block-paragraph\">Sartori sostuvo adem\u00e1s que una de las principales caracter\u00edsticas del Presupuesto 2027 es el peso de las pol\u00edticas sociales. Remarc\u00f3 que cerca del&nbsp;<strong>63% de los recursos estar\u00e1n destinados al desarrollo social<\/strong>, incluyendo educaci\u00f3n, acompa\u00f1amiento a las familias, cercan\u00eda territorial y herramientas para peque\u00f1os emprendimientos.<\/p>\n\n\n\n<p class=\"wp-block-paragraph\">Tambi\u00e9n destac\u00f3 el rol de los programas Ahora como instrumentos destinados a sostener el consumo y acompa\u00f1ar a los comerciantes misioneros.<\/p>\n\n\n\n<p class=\"wp-block-paragraph\">Consultado por la reciente designaci\u00f3n del nuevo titular de Arquitectura y la posibilidad de nuevos cambios en el gabinete, Sartori calific\u00f3 el proceso como parte de una estrategia de renovaci\u00f3n impulsada por el gobernador Hugo Passalacqua. Ante la consulta concreta sobre si podr\u00edan producirse m\u00e1s modificaciones, respondi\u00f3:&nbsp;<strong>\u201cPuede ser\u201d<\/strong>.<\/p>\n\n\n\n<h3 class=\"wp-block-heading\"><strong>Gobierno: seguridad, tecnolog\u00eda y m\u00e1s t\u00edtulos de propiedad<\/strong><\/h3>\n\n\n\n<p class=\"wp-block-paragraph\">El subsecretario de Gobierno, Daniel Behler, expuso en representaci\u00f3n del ministro de Gobierno, Marcelo P\u00e9rez, y present\u00f3 una proyecci\u00f3n presupuestaria de&nbsp;<strong>$385.000 millones para 2027<\/strong>.<\/p>\n\n\n\n<p class=\"wp-block-paragraph\">La cifra representa un incremento cercano al&nbsp;<strong>11,5%<\/strong>&nbsp;frente a los $345.000 millones correspondientes al ejercicio actual.<\/p>\n\n\n\n<p class=\"wp-block-paragraph\">Una parte central de los recursos estar\u00e1 destinada a seguridad. Entre el&nbsp;<strong>67% y el 70% del presupuesto del Ministerio de Gobierno<\/strong>&nbsp;ser\u00e1 absorbido por la Polic\u00eda de Misiones y el Servicio Penitenciario Provincial.<\/p>\n\n\n\n<figure class=\"wp-block-image is-resized\"><img decoding=\"async\" data-src=\"https:\/\/www.canal12misiones.com\/wp-content\/uploads\/2026\/08\/PSX_20260831_081733-1024x683.jpg\" alt=\"\" class=\"wp-image-780170 lazyload\" style=\"--smush-placeholder-width: 1024px; --smush-placeholder-aspect-ratio: 1024\/683;aspect-ratio:1.499267935578331;width:1024px;height:auto\" src=\"data:image\/svg+xml;base64,PHN2ZyB3aWR0aD0iMSIgaGVpZ2h0PSIxIiB4bWxucz0iaHR0cDovL3d3dy53My5vcmcvMjAwMC9zdmciPjwvc3ZnPg==\" \/><figcaption class=\"wp-element-caption\">Subsecretario de Gobierno, Daniel Behler. Fotograf\u00eda \u00a9Marcos Ota\u00f1o.<\/figcaption><\/figure>\n\n\n\n<p class=\"wp-block-paragraph\">En un contexto de restricciones presupuestarias, Behler explic\u00f3 que la incorporaci\u00f3n de nuevos cadetes y las pautas salariales estar\u00e1n sujetas a la disponibilidad efectiva de recursos.<\/p>\n\n\n\n<p class=\"wp-block-paragraph\">Tambi\u00e9n reconoci\u00f3 que durante los \u00faltimos a\u00f1os no se concretaron grandes compras de patrulleros debido a los costos, por lo que se prioriz\u00f3 el mantenimiento de la flota existente.<\/p>\n\n\n\n<p class=\"wp-block-paragraph\">La tecnolog\u00eda aparece como una de las principales herramientas para reforzar la seguridad. Actualmente, Misiones cuenta con&nbsp;<strong>m\u00e1s de 5.000 c\u00e1maras de videovigilancia<\/strong>: unas 2.500 distribuidas en Posadas, Garup\u00e1 y Candelaria, y otras 2.500 en distintos municipios.<\/p>\n\n\n\n<p class=\"wp-block-paragraph\">A esto se suma el uso de drones y la planificaci\u00f3n de nuevas c\u00e1maras para 2027.<\/p>\n\n\n\n<p class=\"wp-block-paragraph\">El jefe de la Polic\u00eda de Misiones, Sandro Mart\u00ednez, confirm\u00f3 adem\u00e1s que se buscar\u00e1 fortalecer el programa de&nbsp;<strong>alarmas vecinales<\/strong>. En Posadas ya se instalaron tres experiencias piloto que atraviesan una etapa de ajustes t\u00e9cnicos.<\/p>\n\n\n\n<p class=\"wp-block-paragraph\">Otro de los puntos destacados fue la regularizaci\u00f3n dominial. Behler se\u00f1al\u00f3 que el programa&nbsp;<strong>Mi T\u00edtulo<\/strong>&nbsp;permiti\u00f3 incrementar el promedio anual de entregas, que pas\u00f3 de entre 500 y 600 t\u00edtulos a unos&nbsp;<strong>700 u 800 t\u00edtulos dominiales<\/strong>.<\/p>\n\n\n\n<p class=\"wp-block-paragraph\">A eso se suman alrededor de&nbsp;<strong>1.000 permisos de ocupaci\u00f3n<\/strong>, con una respuesta cercana a los 2.000 instrumentos legales por a\u00f1o para familias misioneras.<\/p>\n\n\n\n<p class=\"wp-block-paragraph\">Mart\u00ednez tambi\u00e9n inform\u00f3 sobre el despliegue realizado luego de las \u00faltimas tormentas y confirm\u00f3 que los 15 comandos regionales y Defensa Civil intervinieron para asistir a las personas afectadas.<\/p>\n\n\n\n<h3 class=\"wp-block-heading\"><strong>Eprac: asistencia a m\u00e1s de 50 mil personas y pedido para reducir el IVA al agua<\/strong><\/h3>\n\n\n\n<p class=\"wp-block-paragraph\">La titular del Ente Provincial Regulador de Aguas y Cloacas (Eprac), Soledad Bal\u00e1n, present\u00f3 una partida para 2027 con un incremento del&nbsp;<strong>27,96%<\/strong>.<\/p>\n\n\n\n<p class=\"wp-block-paragraph\">Seg\u00fan explic\u00f3, la mayor parte estar\u00e1 destinada a personal afectado a la atenci\u00f3n de usuarios, tareas t\u00e9cnicas e inspecciones, adem\u00e1s de combustible para sostener la presencia territorial del organismo.<\/p>\n\n\n\n<p class=\"wp-block-paragraph\">Durante el a\u00f1o, el Eprac recibi\u00f3 unos&nbsp;<strong>4.300 reclamos<\/strong>, principalmente vinculados con refacturaciones, cambios de medidores y dificultades temporales para afrontar el pago del servicio.<\/p>\n\n\n\n<figure class=\"wp-block-image is-resized\"><img decoding=\"async\" data-src=\"https:\/\/www.canal12misiones.com\/wp-content\/uploads\/2026\/08\/PSX_20260831_095248-1024x683.jpg\" alt=\"\" class=\"wp-image-780171 lazyload\" style=\"--smush-placeholder-width: 1024px; --smush-placeholder-aspect-ratio: 1024\/683;aspect-ratio:1.499267935578331;width:1024px;height:auto\" src=\"data:image\/svg+xml;base64,PHN2ZyB3aWR0aD0iMSIgaGVpZ2h0PSIxIiB4bWxucz0iaHR0cDovL3d3dy53My5vcmcvMjAwMC9zdmciPjwvc3ZnPg==\" \/><figcaption class=\"wp-element-caption\">Presidente del Eprac, Soledad Bal\u00e1n. Fotograf\u00eda \u00a9Marcos Ota\u00f1o.<\/figcaption><\/figure>\n\n\n\n<p class=\"wp-block-paragraph\">Tambi\u00e9n se contabilizaron m\u00e1s de&nbsp;<strong>2.000 subsidios<\/strong>, unas 490 inspecciones domiciliarias y exenciones de pago destinadas a familias vulnerables.<\/p>\n\n\n\n<p class=\"wp-block-paragraph\">Bal\u00e1n aprovech\u00f3 su exposici\u00f3n para plantear la necesidad de discutir una reducci\u00f3n de la carga impositiva sobre el agua potable. En ese sentido, se\u00f1al\u00f3 que acercaron a los diputados nacionales un proyecto para reducir el IVA al&nbsp;<strong>10,5% o eliminarlo completamente<\/strong>.<\/p>\n\n\n\n<p class=\"wp-block-paragraph\">La funcionaria tambi\u00e9n cuestion\u00f3 el desfinanciamiento de obras de infraestructura y sostuvo que, frente a la ausencia de programas nacionales, la Provincia mantiene la asistencia mediante camiones cisterna y la instalaci\u00f3n de macromedidores.<\/p>\n\n\n\n<p class=\"wp-block-paragraph\">Actualmente, el Eprac tiene presencia en&nbsp;<strong>62 barrios y alcanza a m\u00e1s de 50.000 personas<\/strong>.<\/p>\n\n\n\n<h3 class=\"wp-block-heading\"><strong>Parque del Conocimiento: $11.848 millones para sostener la producci\u00f3n cultural y cient\u00edfica<\/strong><\/h3>\n\n\n\n<p class=\"wp-block-paragraph\">La presidenta del Parque del Conocimiento, Claudia Gauto, present\u00f3 una partida de&nbsp;<strong>$11.848.954.000 para 2027<\/strong>, lo que implica un incremento del 43% respecto del presupuesto en ejecuci\u00f3n.<\/p>\n\n\n\n<p class=\"wp-block-paragraph\">El objetivo ser\u00e1 sostener la estructura y programaci\u00f3n actual, que incluye los teatros de Prosa y L\u00edrico, la Biblioteca P\u00fablica de las Misiones, el Observatorio Astron\u00f3mico, el Centro de Convenciones y el IMAX.<\/p>\n\n\n\n<figure class=\"wp-block-image is-resized\"><img decoding=\"async\" data-src=\"https:\/\/www.canal12misiones.com\/wp-content\/uploads\/2026\/08\/PSX_20260831_110929-1024x683.jpg\" alt=\"\" class=\"wp-image-780172 lazyload\" style=\"--smush-placeholder-width: 1024px; --smush-placeholder-aspect-ratio: 1024\/683;aspect-ratio:1.499267935578331;width:1024px;height:auto\" src=\"data:image\/svg+xml;base64,PHN2ZyB3aWR0aD0iMSIgaGVpZ2h0PSIxIiB4bWxucz0iaHR0cDovL3d3dy53My5vcmcvMjAwMC9zdmciPjwvc3ZnPg==\" \/><figcaption class=\"wp-element-caption\">Titular del Parque del Conocimiento, Claudia Gauto. Fotograf\u00eda \u00a9Marcos Ota\u00f1o.<\/figcaption><\/figure>\n\n\n\n<p class=\"wp-block-paragraph\">Gauto destac\u00f3 que durante este a\u00f1o los elencos propios realizaron&nbsp;<strong>m\u00e1s de 50 producciones<\/strong>, con una asistencia superior a&nbsp;<strong>30.000 espectadores<\/strong>.<\/p>\n\n\n\n<p class=\"wp-block-paragraph\">Tambi\u00e9n puso en valor el trabajo de la Biblioteca P\u00fablica de las Misiones, que cuenta con subsedes en contextos de encierro de Puerto Rico, Posadas y el penal de mujeres, adem\u00e1s de una sede en Buenos Aires.<\/p>\n\n\n\n<p class=\"wp-block-paragraph\">En relaci\u00f3n con el IMAX del Conocimiento, record\u00f3 que recibi\u00f3 el IMAX Excellence Awards de Am\u00e9rica y remarc\u00f3 su car\u00e1cter de sala de gesti\u00f3n estatal.<\/p>\n\n\n\n<p class=\"wp-block-paragraph\">La titular del Parque sostuvo que el organismo se financia con recursos de Rentas Generales de la Provincia y afirm\u00f3 que durante los \u00faltimos diez a\u00f1os no recibi\u00f3 fondos de la Naci\u00f3n.<\/p>\n\n\n\n<p class=\"wp-block-paragraph\">Respecto de la planta de trabajadores, se\u00f1al\u00f3 que est\u00e1 contemplada dentro de la partida y que no se prev\u00e9 un ajuste general, aunque aclar\u00f3 que en algunas \u00e1reas ya se produjeron rescisiones contractuales.<\/p>\n\n\n\n<h3 class=\"wp-block-heading\"><strong>Cultura proyecta un Bono de Cultura y m\u00e1s festivales para 2027<\/strong><\/h3>\n\n\n\n<p class=\"wp-block-paragraph\">El secretario de Cultura, Jos\u00e9 \u201cJoselo\u201d Schuap, anticip\u00f3 que la cartera tendr\u00e1 un incremento presupuestario del&nbsp;<strong>15,5%<\/strong>&nbsp;durante 2027.<\/p>\n\n\n\n<p class=\"wp-block-paragraph\">Entre los principales proyectos aparece la creaci\u00f3n de un&nbsp;<strong>Bono de Cultura<\/strong>, inspirado en el esquema del Deporbono, con el objetivo de brindar una herramienta de financiamiento para los colectivos art\u00edsticos de la provincia.<\/p>\n\n\n\n<p class=\"wp-block-paragraph\">Schuap explic\u00f3 que trasladar a un contingente de unos 50 artistas puede representar un costo superior a los $10 millones, por lo que buscan generar mecanismos que permitan a los grupos culturales sostener sus actividades.<\/p>\n\n\n\n<figure class=\"wp-block-image is-resized\"><img decoding=\"async\" data-src=\"https:\/\/www.canal12misiones.com\/wp-content\/uploads\/2026\/08\/PSX_20260831_091048-1024x682.jpg\" alt=\"\" class=\"wp-image-780174 lazyload\" style=\"--smush-placeholder-width: 1024px; --smush-placeholder-aspect-ratio: 1024\/682;aspect-ratio:1.501466275659824;width:1024px;height:auto\" src=\"data:image\/svg+xml;base64,PHN2ZyB3aWR0aD0iMSIgaGVpZ2h0PSIxIiB4bWxucz0iaHR0cDovL3d3dy53My5vcmcvMjAwMC9zdmciPjwvc3ZnPg==\" \/><figcaption class=\"wp-element-caption\">Ministro de Cultura, Joselo Schuap. Fotograf\u00eda \u00a9Marcos Ota\u00f1o.<\/figcaption><\/figure>\n\n\n\n<p class=\"wp-block-paragraph\">Adem\u00e1s, adelant\u00f3 que se buscar\u00e1 fortalecer los festivales provinciales y que se desarrollar\u00e1 una agenda especial por el&nbsp;<strong>centenario del nacimiento de Ram\u00f3n Ayala<\/strong>, que se conmemorar\u00e1 en 2027.<\/p>\n\n\n\n<p class=\"wp-block-paragraph\">El secretario defendi\u00f3 el efecto econ\u00f3mico de la actividad cultural y sostuvo que los recursos destinados al sector no deben ser considerados \u00fanicamente como gasto, sino como una inversi\u00f3n capaz de multiplicarse en las econom\u00edas locales.<\/p>\n\n\n\n<p class=\"wp-block-paragraph\">En ese sentido, anunci\u00f3 que se realizar\u00e1 junto con la Facultad de Humanidades y Ciencias Sociales de la UNaM un estudio sobre el impacto econ\u00f3mico de la Fiesta Nacional del Inmigrante en Ober\u00e1.<\/p>\n\n\n\n<p class=\"wp-block-paragraph\">Tambi\u00e9n confirm\u00f3 el acompa\u00f1amiento a los colectivos culturales y a organismos como el Instituto Provincial del Teatro Independiente, el Instituto Provincial de Danzas y el Instituto Provincial de Artes Audiovisuales.<\/p>\n\n\n\n<h3 class=\"wp-block-heading\"><strong>La Vieja Estaci\u00f3n de Trenes tendr\u00e1 un nuevo perfil cultural<\/strong><\/h3>\n\n\n\n<p class=\"wp-block-paragraph\">Durante su exposici\u00f3n, Schuap tambi\u00e9n se refiri\u00f3 a las tareas que se realizan en la&nbsp;<strong>Vieja Estaci\u00f3n de Trenes de Posadas<\/strong>, ubicada en el cuarto tramo de la Costanera.<\/p>\n\n\n\n<p class=\"wp-block-paragraph\">El funcionario explic\u00f3 que se trabaja en la adecuaci\u00f3n del edificio para transformarlo en un centro cultural y destac\u00f3 el respaldo del gobernador Hugo Passalacqua para recuperar el espacio y devolverlo al \u00e1mbito cultural.<\/p>\n\n\n\n<p class=\"wp-block-paragraph\">La planificaci\u00f3n contempla una agenda de actividades que se desarrollar\u00e1 durante los pr\u00f3ximos meses.<\/p>\n\n\n\n<h3 class=\"wp-block-heading\"><strong>Una jornada atravesada por la ca\u00edda de recursos nacionales<\/strong><\/h3>\n\n\n\n<p class=\"wp-block-paragraph\">En conjunto, las exposiciones de este lunes mostraron un Presupuesto 2027 dise\u00f1ado bajo un criterio de priorizaci\u00f3n del gasto y con una fuerte dependencia de los recursos provinciales para sostener programas que anteriormente contaban, en distintos casos, con financiamiento nacional.<\/p>\n\n\n\n<p class=\"wp-block-paragraph\">Desarrollo Social puso el foco en la asistencia a familias, tareferos, comedores y sectores vulnerables. Gobierno prioriz\u00f3 seguridad, tecnolog\u00eda y regularizaci\u00f3n dominial. El Eprac plante\u00f3 la necesidad de garantizar el acceso al agua y reducir la carga impositiva. Cultura y el Parque del Conocimiento, en tanto, buscar\u00e1n mantener la producci\u00f3n art\u00edstica, cient\u00edfica y educativa.<\/p>\n\n\n\n<p class=\"wp-block-paragraph\">El eje com\u00fan fue la continuidad de las pol\u00edticas p\u00fablicas en un contexto de&nbsp;<strong>recesi\u00f3n y menor disponibilidad de recursos<\/strong>, con una estrategia basada en la administraci\u00f3n austera y la presencia territorial.<\/p>\n\n\n\n<h3 class=\"wp-block-heading\"><strong>El an\u00e1lisis continuar\u00e1 este martes<\/strong><\/h3>\n\n\n\n<p class=\"wp-block-paragraph\">El tratamiento del proyecto de Presupuesto Provincial 2027 tendr\u00e1 continuidad este&nbsp;<strong>martes 1 de septiembre<\/strong>&nbsp;en la Comisi\u00f3n de Presupuesto de la C\u00e1mara de Representantes.<\/p>\n\n\n\n<p class=\"wp-block-paragraph\">A las&nbsp;<strong>10:30<\/strong>, ser\u00e1 el turno del ministro de Ecolog\u00eda,&nbsp;<strong>Mart\u00edn Recam\u00e1n<\/strong>, quien presentar\u00e1 los lineamientos y recursos previstos para su \u00e1rea.<\/p>\n\n\n\n<p class=\"wp-block-paragraph\">Posteriormente, a las&nbsp;<strong>10:50<\/strong>, expondr\u00e1 la ministra de Derechos Humanos,&nbsp;<strong>Karina Aguirre<\/strong>.<\/p>\n\n\n\n<p class=\"wp-block-paragraph\">De esta manera, la Legislatura continuar\u00e1 con el cronograma de an\u00e1lisis del proyecto que establece las previsiones de ingresos y gastos de la Provincia para el pr\u00f3ximo ejercicio.<\/p>\n\n\n\n<p class=\"wp-block-paragraph\">Fuente: Canal 12 Misiones<\/p>\n","protected":false},"excerpt":{"rendered":"<p>La Comisi\u00f3n de Presupuesto de la C\u00e1mara de Representantes de Misiones llev\u00f3 adelante este lunes una nueva jornada de an\u00e1lisis del proyecto de Presupuesto General de la Administraci\u00f3n P\u00fablica Provincial para el ejercicio 2027. A lo largo de la jornada, funcionarios de distintas \u00e1reas del Gobierno provincial expusieron las partidas previstas y detallaron las pol\u00edticas [&hellip;]<\/p>\n","protected":false},"author":2,"featured_media":62644,"comment_status":"open","ping_status":"closed","sticky":false,"template":"","format":"standard","meta":{"footnotes":""},"categories":[32,455],"tags":[5842,2755,1664,3387,501],"class_list":["post-62642","post","type-post","status-publish","format-standard","has-post-thumbnail","hentry","category-economia","category-misiones","tag-5842","tag-fondos","tag-obras","tag-presupuesto","tag-proyecto"],"yoast_head":"<!-- This site is optimized with the Yoast SEO plugin v28.4 - https:\/\/yoast.com\/product\/yoast-seo-wordpress\/ -->\n<title>Presupuesto 2027: Misiones prioriza obras y asistencia social | CVI NOTICIAS<\/title>\n<meta name=\"description\" content=\"Misiones analiza el Presupuesto 2027 con foco en obras, asistencia social, seguridad y servicios ante la baja de fondos nacionales.\" \/>\n<meta name=\"robots\" content=\"index, follow, max-snippet:-1, max-image-preview:large, max-video-preview:-1\" \/>\n<link rel=\"canonical\" href=\"https:\/\/cvinoticias.com\/v3\/presupuesto-2027-misiones-apuesta-a-la-presencia-territorial-y-la-continuidad-de-obras-ante-la-falta-de-fondos-nacionales\/\" \/>\n<meta property=\"og:locale\" content=\"es_ES\" \/>\n<meta property=\"og:type\" content=\"article\" \/>\n<meta property=\"og:title\" content=\"Presupuesto 2027: Misiones prioriza obras y asistencia social | CVI NOTICIAS\" \/>\n<meta property=\"og:description\" content=\"Misiones analiza el Presupuesto 2027 con foco en obras, asistencia social, seguridad y servicios ante la baja de fondos nacionales.\" \/>\n<meta property=\"og:url\" content=\"https:\/\/cvinoticias.com\/v3\/presupuesto-2027-misiones-apuesta-a-la-presencia-territorial-y-la-continuidad-de-obras-ante-la-falta-de-fondos-nacionales\/\" \/>\n<meta property=\"og:site_name\" content=\"CVI NOTICIAS\" \/>\n<meta property=\"article:publisher\" content=\"https:\/\/www.facebook.com\/cvinoticias\" \/>\n<meta property=\"article:published_time\" content=\"2026-09-01T12:19:08+00:00\" \/>\n<meta property=\"article:modified_time\" content=\"2026-09-01T12:19:10+00:00\" \/>\n<meta property=\"og:image\" content=\"https:\/\/cvinoticias.com\/wp-content\/uploads\/2026\/09\/PSX_20260831_082004-1.webp\" \/>\n\t<meta property=\"og:image:width\" content=\"1089\" \/>\n\t<meta property=\"og:image:height\" content=\"730\" \/>\n\t<meta property=\"og:image:type\" content=\"image\/webp\" \/>\n<meta name=\"author\" content=\"f1000024\" \/>\n<meta name=\"twitter:card\" content=\"summary_large_image\" \/>\n<meta name=\"twitter:label1\" content=\"Escrito por\" \/>\n\t<meta name=\"twitter:data1\" content=\"f1000024\" \/>\n\t<meta name=\"twitter:label2\" content=\"Tiempo de lectura\" \/>\n\t<meta name=\"twitter:data2\" content=\"11 minutos\" \/>\n<script type=\"application\/ld+json\" class=\"yoast-schema-graph\">{\"@context\":\"https:\\\/\\\/schema.org\",\"@graph\":[{\"@type\":\"Article\",\"@id\":\"https:\\\/\\\/cvinoticias.com\\\/v3\\\/presupuesto-2027-misiones-apuesta-a-la-presencia-territorial-y-la-continuidad-de-obras-ante-la-falta-de-fondos-nacionales\\\/#article\",\"isPartOf\":{\"@id\":\"https:\\\/\\\/cvinoticias.com\\\/v3\\\/presupuesto-2027-misiones-apuesta-a-la-presencia-territorial-y-la-continuidad-de-obras-ante-la-falta-de-fondos-nacionales\\\/\"},\"author\":{\"name\":\"f1000024\",\"@id\":\"https:\\\/\\\/cvinoticias.com\\\/v3\\\/#\\\/schema\\\/person\\\/2db77e3c6bc03c538495d7b2b8be9b66\"},\"headline\":\"Presupuesto 2027: Misiones apuesta a la presencia territorial y la continuidad de obras ante la falta de fondos nacionales\",\"datePublished\":\"2026-09-01T12:19:08+00:00\",\"dateModified\":\"2026-09-01T12:19:10+00:00\",\"mainEntityOfPage\":{\"@id\":\"https:\\\/\\\/cvinoticias.com\\\/v3\\\/presupuesto-2027-misiones-apuesta-a-la-presencia-territorial-y-la-continuidad-de-obras-ante-la-falta-de-fondos-nacionales\\\/\"},\"wordCount\":2247,\"commentCount\":0,\"publisher\":{\"@id\":\"https:\\\/\\\/cvinoticias.com\\\/v3\\\/#organization\"},\"image\":{\"@id\":\"https:\\\/\\\/cvinoticias.com\\\/v3\\\/presupuesto-2027-misiones-apuesta-a-la-presencia-territorial-y-la-continuidad-de-obras-ante-la-falta-de-fondos-nacionales\\\/#primaryimage\"},\"thumbnailUrl\":\"https:\\\/\\\/cvinoticias.com\\\/wp-content\\\/uploads\\\/2026\\\/09\\\/PSX_20260831_082004-1.webp\",\"keywords\":[\"2027\",\"fondos\",\"Obras\",\"Presupuesto\",\"Proyecto\"],\"articleSection\":[\"Econom\u00eda\",\"Misiones\"],\"inLanguage\":\"es\",\"potentialAction\":[{\"@type\":\"CommentAction\",\"name\":\"Comment\",\"target\":[\"https:\\\/\\\/cvinoticias.com\\\/v3\\\/presupuesto-2027-misiones-apuesta-a-la-presencia-territorial-y-la-continuidad-de-obras-ante-la-falta-de-fondos-nacionales\\\/#respond\"]}]},{\"@type\":\"WebPage\",\"@id\":\"https:\\\/\\\/cvinoticias.com\\\/v3\\\/presupuesto-2027-misiones-apuesta-a-la-presencia-territorial-y-la-continuidad-de-obras-ante-la-falta-de-fondos-nacionales\\\/\",\"url\":\"https:\\\/\\\/cvinoticias.com\\\/v3\\\/presupuesto-2027-misiones-apuesta-a-la-presencia-territorial-y-la-continuidad-de-obras-ante-la-falta-de-fondos-nacionales\\\/\",\"name\":\"Presupuesto 2027: Misiones prioriza obras y asistencia social | CVI NOTICIAS\",\"isPartOf\":{\"@id\":\"https:\\\/\\\/cvinoticias.com\\\/v3\\\/#website\"},\"primaryImageOfPage\":{\"@id\":\"https:\\\/\\\/cvinoticias.com\\\/v3\\\/presupuesto-2027-misiones-apuesta-a-la-presencia-territorial-y-la-continuidad-de-obras-ante-la-falta-de-fondos-nacionales\\\/#primaryimage\"},\"image\":{\"@id\":\"https:\\\/\\\/cvinoticias.com\\\/v3\\\/presupuesto-2027-misiones-apuesta-a-la-presencia-territorial-y-la-continuidad-de-obras-ante-la-falta-de-fondos-nacionales\\\/#primaryimage\"},\"thumbnailUrl\":\"https:\\\/\\\/cvinoticias.com\\\/wp-content\\\/uploads\\\/2026\\\/09\\\/PSX_20260831_082004-1.webp\",\"datePublished\":\"2026-09-01T12:19:08+00:00\",\"dateModified\":\"2026-09-01T12:19:10+00:00\",\"description\":\"Misiones analiza el Presupuesto 2027 con foco en obras, asistencia social, seguridad y servicios ante la baja de fondos nacionales.\",\"breadcrumb\":{\"@id\":\"https:\\\/\\\/cvinoticias.com\\\/v3\\\/presupuesto-2027-misiones-apuesta-a-la-presencia-territorial-y-la-continuidad-de-obras-ante-la-falta-de-fondos-nacionales\\\/#breadcrumb\"},\"inLanguage\":\"es\",\"potentialAction\":[{\"@type\":\"ReadAction\",\"target\":[\"https:\\\/\\\/cvinoticias.com\\\/v3\\\/presupuesto-2027-misiones-apuesta-a-la-presencia-territorial-y-la-continuidad-de-obras-ante-la-falta-de-fondos-nacionales\\\/\"]}]},{\"@type\":\"ImageObject\",\"inLanguage\":\"es\",\"@id\":\"https:\\\/\\\/cvinoticias.com\\\/v3\\\/presupuesto-2027-misiones-apuesta-a-la-presencia-territorial-y-la-continuidad-de-obras-ante-la-falta-de-fondos-nacionales\\\/#primaryimage\",\"url\":\"https:\\\/\\\/cvinoticias.com\\\/wp-content\\\/uploads\\\/2026\\\/09\\\/PSX_20260831_082004-1.webp\",\"contentUrl\":\"https:\\\/\\\/cvinoticias.com\\\/wp-content\\\/uploads\\\/2026\\\/09\\\/PSX_20260831_082004-1.webp\",\"width\":1089,\"height\":730},{\"@type\":\"BreadcrumbList\",\"@id\":\"https:\\\/\\\/cvinoticias.com\\\/v3\\\/presupuesto-2027-misiones-apuesta-a-la-presencia-territorial-y-la-continuidad-de-obras-ante-la-falta-de-fondos-nacionales\\\/#breadcrumb\",\"itemListElement\":[{\"@type\":\"ListItem\",\"position\":1,\"name\":\"Portada\",\"item\":\"https:\\\/\\\/cvinoticias.com\\\/v3\\\/\"},{\"@type\":\"ListItem\",\"position\":2,\"name\":\"Presupuesto 2027: Misiones apuesta a la presencia territorial y la continuidad de obras ante la falta de fondos nacionales\"}]},{\"@type\":\"WebSite\",\"@id\":\"https:\\\/\\\/cvinoticias.com\\\/v3\\\/#website\",\"url\":\"https:\\\/\\\/cvinoticias.com\\\/v3\\\/\",\"name\":\"CVI NOTICIAS\",\"description\":\"\",\"publisher\":{\"@id\":\"https:\\\/\\\/cvinoticias.com\\\/v3\\\/#organization\"},\"alternateName\":\"CVI\",\"potentialAction\":[{\"@type\":\"SearchAction\",\"target\":{\"@type\":\"EntryPoint\",\"urlTemplate\":\"https:\\\/\\\/cvinoticias.com\\\/v3\\\/?s={search_term_string}\"},\"query-input\":{\"@type\":\"PropertyValueSpecification\",\"valueRequired\":true,\"valueName\":\"search_term_string\"}}],\"inLanguage\":\"es\"},{\"@type\":\"Organization\",\"@id\":\"https:\\\/\\\/cvinoticias.com\\\/v3\\\/#organization\",\"name\":\"CVI NOTICIAS\",\"url\":\"https:\\\/\\\/cvinoticias.com\\\/v3\\\/\",\"logo\":{\"@type\":\"ImageObject\",\"inLanguage\":\"es\",\"@id\":\"https:\\\/\\\/cvinoticias.com\\\/v3\\\/#\\\/schema\\\/logo\\\/image\\\/\",\"url\":\"https:\\\/\\\/cvinoticias.com\\\/wp-content\\\/uploads\\\/2023\\\/04\\\/cropped-cropped-cropped-cropped-cropped-3-1.png\",\"contentUrl\":\"https:\\\/\\\/cvinoticias.com\\\/wp-content\\\/uploads\\\/2023\\\/04\\\/cropped-cropped-cropped-cropped-cropped-3-1.png\",\"width\":95,\"height\":122,\"caption\":\"CVI NOTICIAS\"},\"image\":{\"@id\":\"https:\\\/\\\/cvinoticias.com\\\/v3\\\/#\\\/schema\\\/logo\\\/image\\\/\"},\"sameAs\":[\"https:\\\/\\\/www.facebook.com\\\/cvinoticias\",\"https:\\\/\\\/www.instagram.com\\\/cvinoticias\\\/\",\"https:\\\/\\\/www.youtube.com\\\/@CVINOTICIAS\"]},{\"@type\":\"Person\",\"@id\":\"https:\\\/\\\/cvinoticias.com\\\/v3\\\/#\\\/schema\\\/person\\\/2db77e3c6bc03c538495d7b2b8be9b66\",\"name\":\"f1000024\",\"image\":{\"@type\":\"ImageObject\",\"inLanguage\":\"es\",\"@id\":\"https:\\\/\\\/secure.gravatar.com\\\/avatar\\\/d4fe7459cfc51ff5129ce1a732bbef5928568b8092d412ef95611616376bbeed?s=96&d=mm&r=g\",\"url\":\"https:\\\/\\\/secure.gravatar.com\\\/avatar\\\/d4fe7459cfc51ff5129ce1a732bbef5928568b8092d412ef95611616376bbeed?s=96&d=mm&r=g\",\"contentUrl\":\"https:\\\/\\\/secure.gravatar.com\\\/avatar\\\/d4fe7459cfc51ff5129ce1a732bbef5928568b8092d412ef95611616376bbeed?s=96&d=mm&r=g\",\"caption\":\"f1000024\"},\"url\":\"https:\\\/\\\/cvinoticias.com\\\/v3\\\/author\\\/f1000024\\\/\"}]}<\/script>\n<!-- \/ Yoast SEO plugin. -->","yoast_head_json":{"title":"Presupuesto 2027: Misiones prioriza obras y asistencia social | CVI NOTICIAS","description":"Misiones analiza el Presupuesto 2027 con foco en obras, asistencia social, seguridad y servicios ante la baja de fondos nacionales.","robots":{"index":"index","follow":"follow","max-snippet":"max-snippet:-1","max-image-preview":"max-image-preview:large","max-video-preview":"max-video-preview:-1"},"canonical":"https:\/\/cvinoticias.com\/v3\/presupuesto-2027-misiones-apuesta-a-la-presencia-territorial-y-la-continuidad-de-obras-ante-la-falta-de-fondos-nacionales\/","og_locale":"es_ES","og_type":"article","og_title":"Presupuesto 2027: Misiones prioriza obras y asistencia social | CVI NOTICIAS","og_description":"Misiones analiza el Presupuesto 2027 con foco en obras, asistencia social, seguridad y servicios ante la baja de fondos nacionales.","og_url":"https:\/\/cvinoticias.com\/v3\/presupuesto-2027-misiones-apuesta-a-la-presencia-territorial-y-la-continuidad-de-obras-ante-la-falta-de-fondos-nacionales\/","og_site_name":"CVI NOTICIAS","article_publisher":"https:\/\/www.facebook.com\/cvinoticias","article_published_time":"2026-09-01T12:19:08+00:00","article_modified_time":"2026-09-01T12:19:10+00:00","og_image":[{"width":1089,"height":730,"url":"https:\/\/cvinoticias.com\/wp-content\/uploads\/2026\/09\/PSX_20260831_082004-1.webp","type":"image\/webp"}],"author":"f1000024","twitter_card":"summary_large_image","twitter_misc":{"Escrito por":"f1000024","Tiempo de lectura":"11 minutos"},"schema":{"@context":"https:\/\/schema.org","@graph":[{"@type":"Article","@id":"https:\/\/cvinoticias.com\/v3\/presupuesto-2027-misiones-apuesta-a-la-presencia-territorial-y-la-continuidad-de-obras-ante-la-falta-de-fondos-nacionales\/#article","isPartOf":{"@id":"https:\/\/cvinoticias.com\/v3\/presupuesto-2027-misiones-apuesta-a-la-presencia-territorial-y-la-continuidad-de-obras-ante-la-falta-de-fondos-nacionales\/"},"author":{"name":"f1000024","@id":"https:\/\/cvinoticias.com\/v3\/#\/schema\/person\/2db77e3c6bc03c538495d7b2b8be9b66"},"headline":"Presupuesto 2027: Misiones apuesta a la presencia territorial y la continuidad de obras ante la falta de fondos nacionales","datePublished":"2026-09-01T12:19:08+00:00","dateModified":"2026-09-01T12:19:10+00:00","mainEntityOfPage":{"@id":"https:\/\/cvinoticias.com\/v3\/presupuesto-2027-misiones-apuesta-a-la-presencia-territorial-y-la-continuidad-de-obras-ante-la-falta-de-fondos-nacionales\/"},"wordCount":2247,"commentCount":0,"publisher":{"@id":"https:\/\/cvinoticias.com\/v3\/#organization"},"image":{"@id":"https:\/\/cvinoticias.com\/v3\/presupuesto-2027-misiones-apuesta-a-la-presencia-territorial-y-la-continuidad-de-obras-ante-la-falta-de-fondos-nacionales\/#primaryimage"},"thumbnailUrl":"https:\/\/cvinoticias.com\/wp-content\/uploads\/2026\/09\/PSX_20260831_082004-1.webp","keywords":["2027","fondos","Obras","Presupuesto","Proyecto"],"articleSection":["Econom\u00eda","Misiones"],"inLanguage":"es","potentialAction":[{"@type":"CommentAction","name":"Comment","target":["https:\/\/cvinoticias.com\/v3\/presupuesto-2027-misiones-apuesta-a-la-presencia-territorial-y-la-continuidad-de-obras-ante-la-falta-de-fondos-nacionales\/#respond"]}]},{"@type":"WebPage","@id":"https:\/\/cvinoticias.com\/v3\/presupuesto-2027-misiones-apuesta-a-la-presencia-territorial-y-la-continuidad-de-obras-ante-la-falta-de-fondos-nacionales\/","url":"https:\/\/cvinoticias.com\/v3\/presupuesto-2027-misiones-apuesta-a-la-presencia-territorial-y-la-continuidad-de-obras-ante-la-falta-de-fondos-nacionales\/","name":"Presupuesto 2027: Misiones prioriza obras y asistencia social | CVI NOTICIAS","isPartOf":{"@id":"https:\/\/cvinoticias.com\/v3\/#website"},"primaryImageOfPage":{"@id":"https:\/\/cvinoticias.com\/v3\/presupuesto-2027-misiones-apuesta-a-la-presencia-territorial-y-la-continuidad-de-obras-ante-la-falta-de-fondos-nacionales\/#primaryimage"},"image":{"@id":"https:\/\/cvinoticias.com\/v3\/presupuesto-2027-misiones-apuesta-a-la-presencia-territorial-y-la-continuidad-de-obras-ante-la-falta-de-fondos-nacionales\/#primaryimage"},"thumbnailUrl":"https:\/\/cvinoticias.com\/wp-content\/uploads\/2026\/09\/PSX_20260831_082004-1.webp","datePublished":"2026-09-01T12:19:08+00:00","dateModified":"2026-09-01T12:19:10+00:00","description":"Misiones analiza el Presupuesto 2027 con foco en obras, asistencia social, seguridad y servicios ante la baja de fondos nacionales.","breadcrumb":{"@id":"https:\/\/cvinoticias.com\/v3\/presupuesto-2027-misiones-apuesta-a-la-presencia-territorial-y-la-continuidad-de-obras-ante-la-falta-de-fondos-nacionales\/#breadcrumb"},"inLanguage":"es","potentialAction":[{"@type":"ReadAction","target":["https:\/\/cvinoticias.com\/v3\/presupuesto-2027-misiones-apuesta-a-la-presencia-territorial-y-la-continuidad-de-obras-ante-la-falta-de-fondos-nacionales\/"]}]},{"@type":"ImageObject","inLanguage":"es","@id":"https:\/\/cvinoticias.com\/v3\/presupuesto-2027-misiones-apuesta-a-la-presencia-territorial-y-la-continuidad-de-obras-ante-la-falta-de-fondos-nacionales\/#primaryimage","url":"https:\/\/cvinoticias.com\/wp-content\/uploads\/2026\/09\/PSX_20260831_082004-1.webp","contentUrl":"https:\/\/cvinoticias.com\/wp-content\/uploads\/2026\/09\/PSX_20260831_082004-1.webp","width":1089,"height":730},{"@type":"BreadcrumbList","@id":"https:\/\/cvinoticias.com\/v3\/presupuesto-2027-misiones-apuesta-a-la-presencia-territorial-y-la-continuidad-de-obras-ante-la-falta-de-fondos-nacionales\/#breadcrumb","itemListElement":[{"@type":"ListItem","position":1,"name":"Portada","item":"https:\/\/cvinoticias.com\/v3\/"},{"@type":"ListItem","position":2,"name":"Presupuesto 2027: Misiones apuesta a la presencia territorial y la continuidad de obras ante la falta de fondos nacionales"}]},{"@type":"WebSite","@id":"https:\/\/cvinoticias.com\/v3\/#website","url":"https:\/\/cvinoticias.com\/v3\/","name":"CVI NOTICIAS","description":"","publisher":{"@id":"https:\/\/cvinoticias.com\/v3\/#organization"},"alternateName":"CVI","potentialAction":[{"@type":"SearchAction","target":{"@type":"EntryPoint","urlTemplate":"https:\/\/cvinoticias.com\/v3\/?s={search_term_string}"},"query-input":{"@type":"PropertyValueSpecification","valueRequired":true,"valueName":"search_term_string"}}],"inLanguage":"es"},{"@type":"Organization","@id":"https:\/\/cvinoticias.com\/v3\/#organization","name":"CVI NOTICIAS","url":"https:\/\/cvinoticias.com\/v3\/","logo":{"@type":"ImageObject","inLanguage":"es","@id":"https:\/\/cvinoticias.com\/v3\/#\/schema\/logo\/image\/","url":"https:\/\/cvinoticias.com\/wp-content\/uploads\/2023\/04\/cropped-cropped-cropped-cropped-cropped-3-1.png","contentUrl":"https:\/\/cvinoticias.com\/wp-content\/uploads\/2023\/04\/cropped-cropped-cropped-cropped-cropped-3-1.png","width":95,"height":122,"caption":"CVI NOTICIAS"},"image":{"@id":"https:\/\/cvinoticias.com\/v3\/#\/schema\/logo\/image\/"},"sameAs":["https:\/\/www.facebook.com\/cvinoticias","https:\/\/www.instagram.com\/cvinoticias\/","https:\/\/www.youtube.com\/@CVINOTICIAS"]},{"@type":"Person","@id":"https:\/\/cvinoticias.com\/v3\/#\/schema\/person\/2db77e3c6bc03c538495d7b2b8be9b66","name":"f1000024","image":{"@type":"ImageObject","inLanguage":"es","@id":"https:\/\/secure.gravatar.com\/avatar\/d4fe7459cfc51ff5129ce1a732bbef5928568b8092d412ef95611616376bbeed?s=96&d=mm&r=g","url":"https:\/\/secure.gravatar.com\/avatar\/d4fe7459cfc51ff5129ce1a732bbef5928568b8092d412ef95611616376bbeed?s=96&d=mm&r=g","contentUrl":"https:\/\/secure.gravatar.com\/avatar\/d4fe7459cfc51ff5129ce1a732bbef5928568b8092d412ef95611616376bbeed?s=96&d=mm&r=g","caption":"f1000024"},"url":"https:\/\/cvinoticias.com\/v3\/author\/f1000024\/"}]}},"_links":{"self":[{"href":"https:\/\/cvinoticias.com\/v3\/wp-json\/wp\/v2\/posts\/62642","targetHints":{"allow":["GET"]}}],"collection":[{"href":"https:\/\/cvinoticias.com\/v3\/wp-json\/wp\/v2\/posts"}],"about":[{"href":"https:\/\/cvinoticias.com\/v3\/wp-json\/wp\/v2\/types\/post"}],"author":[{"embeddable":true,"href":"https:\/\/cvinoticias.com\/v3\/wp-json\/wp\/v2\/users\/2"}],"replies":[{"embeddable":true,"href":"https:\/\/cvinoticias.com\/v3\/wp-json\/wp\/v2\/comments?post=62642"}],"version-history":[{"count":1,"href":"https:\/\/cvinoticias.com\/v3\/wp-json\/wp\/v2\/posts\/62642\/revisions"}],"predecessor-version":[{"id":62645,"href":"https:\/\/cvinoticias.com\/v3\/wp-json\/wp\/v2\/posts\/62642\/revisions\/62645"}],"wp:featuredmedia":[{"embeddable":true,"href":"https:\/\/cvinoticias.com\/v3\/wp-json\/wp\/v2\/media\/62644"}],"wp:attachment":[{"href":"https:\/\/cvinoticias.com\/v3\/wp-json\/wp\/v2\/media?parent=62642"}],"wp:term":[{"taxonomy":"category","embeddable":true,"href":"https:\/\/cvinoticias.com\/v3\/wp-json\/wp\/v2\/categories?post=62642"},{"taxonomy":"post_tag","embeddable":true,"href":"https:\/\/cvinoticias.com\/v3\/wp-json\/wp\/v2\/tags?post=62642"}],"curies":[{"name":"wp","href":"https:\/\/api.w.org\/{rel}","templated":true}]}}