{"id":62640,"date":"2026-09-01T09:14:04","date_gmt":"2026-09-01T12:14:04","guid":{"rendered":"https:\/\/cvinoticias.com\/v3\/?p=62640"},"modified":"2026-09-01T09:14:05","modified_gmt":"2026-09-01T12:14:05","slug":"cerraron-el-acceso-al-parque-provincial-mocona-por-la-crecida-del-arroyo-yaboti","status":"publish","type":"post","link":"https:\/\/cvinoticias.com\/v3\/cerraron-el-acceso-al-parque-provincial-mocona-por-la-crecida-del-arroyo-yaboti\/","title":{"rendered":"Cerraron el acceso al Parque Provincial Mocon\u00e1 por la crecida del arroyo Yabot\u00ed"},"content":{"rendered":"\n<p class=\"wp-block-paragraph\">La Polic\u00eda de Misiones inform\u00f3 que el acceso al Parque Provincial Mocon\u00e1 permanece cerrado desde las 7 de este martes debido a la crecida del arroyo Yabot\u00ed, cuyo caudal impide el ingreso seguro al \u00e1rea protegida.<\/p>\n\n\n\n<p class=\"wp-block-paragraph\">La medida fue informada esta ma\u00f1ana desde El Soberbio, luego de constatarse la crecida del curso de agua como consecuencia de las condiciones meteorol\u00f3gicas registradas en la zona.<\/p>\n\n\n\n<p class=\"wp-block-paragraph\">Por razones de seguridad, el ingreso al parque permanecer\u00e1 cerrado mientras persistan estas condiciones, a la espera de la evoluci\u00f3n del nivel del arroyo y de nuevas evaluaciones que permitan determinar la reapertura del acceso.<\/p>\n\n\n\n<p class=\"wp-block-paragraph\">Fuente: Canal 12 Misiones<\/p>\n","protected":false},"excerpt":{"rendered":"<p>La Polic\u00eda de Misiones inform\u00f3 que el acceso al Parque Provincial Mocon\u00e1 permanece cerrado desde las 7 de este martes debido a la crecida del arroyo Yabot\u00ed, cuyo caudal impide el ingreso seguro al \u00e1rea protegida. La medida fue informada esta ma\u00f1ana desde El Soberbio, luego de constatarse la crecida del curso de agua como [&hellip;]<\/p>\n","protected":false},"author":2,"featured_media":62641,"comment_status":"open","ping_status":"closed","sticky":false,"template":"","format":"standard","meta":{"footnotes":""},"categories":[50],"tags":[3603,3892,2718],"class_list":["post-62640","post","type-post","status-publish","format-standard","has-post-thumbnail","hentry","category-turismo","tag-cerraron","tag-mocona","tag-parque-provincial"],"yoast_head":"<!-- This site is optimized with the Yoast SEO plugin v28.4 - https:\/\/yoast.com\/product\/yoast-seo-wordpress\/ -->\n<title>Cerraron el acceso al Parque Mocon\u00e1 por la crecida del Yabot\u00ed | CVI NOTICIAS<\/title>\n<meta name=\"description\" content=\"El acceso al Parque Mocon\u00e1 fue cerrado por la crecida del arroyo Yabot\u00ed debido a las condiciones meteorol\u00f3gicas.\" \/>\n<meta name=\"robots\" content=\"index, follow, max-snippet:-1, max-image-preview:large, max-video-preview:-1\" \/>\n<link rel=\"canonical\" href=\"https:\/\/cvinoticias.com\/v3\/cerraron-el-acceso-al-parque-provincial-mocona-por-la-crecida-del-arroyo-yaboti\/\" \/>\n<meta property=\"og:locale\" content=\"es_ES\" \/>\n<meta property=\"og:type\" content=\"article\" \/>\n<meta property=\"og:title\" content=\"Cerraron el acceso al Parque Mocon\u00e1 por la crecida del Yabot\u00ed | CVI NOTICIAS\" \/>\n<meta property=\"og:description\" content=\"El acceso al Parque Mocon\u00e1 fue cerrado por la crecida del arroyo Yabot\u00ed debido a las condiciones meteorol\u00f3gicas.\" \/>\n<meta property=\"og:url\" content=\"https:\/\/cvinoticias.com\/v3\/cerraron-el-acceso-al-parque-provincial-mocona-por-la-crecida-del-arroyo-yaboti\/\" \/>\n<meta property=\"og:site_name\" content=\"CVI NOTICIAS\" \/>\n<meta property=\"article:publisher\" content=\"https:\/\/www.facebook.com\/cvinoticias\" \/>\n<meta property=\"article:published_time\" content=\"2026-09-01T12:14:04+00:00\" \/>\n<meta property=\"article:modified_time\" content=\"2026-09-01T12:14:05+00:00\" \/>\n<meta property=\"og:image\" content=\"https:\/\/cvinoticias.com\/wp-content\/uploads\/2026\/09\/WhatsApp-Image-2026-09-01-at-07.37.16lll.webp\" \/>\n\t<meta property=\"og:image:width\" content=\"899\" \/>\n\t<meta property=\"og:image:height\" content=\"661\" \/>\n\t<meta property=\"og:image:type\" content=\"image\/webp\" \/>\n<meta name=\"author\" content=\"f1000024\" \/>\n<meta name=\"twitter:card\" content=\"summary_large_image\" \/>\n<meta name=\"twitter:label1\" content=\"Escrito por\" \/>\n\t<meta name=\"twitter:data1\" content=\"f1000024\" \/>\n\t<meta name=\"twitter:label2\" content=\"Tiempo de lectura\" \/>\n\t<meta name=\"twitter:data2\" content=\"1 minuto\" \/>\n<script type=\"application\/ld+json\" class=\"yoast-schema-graph\">{\"@context\":\"https:\\\/\\\/schema.org\",\"@graph\":[{\"@type\":\"Article\",\"@id\":\"https:\\\/\\\/cvinoticias.com\\\/v3\\\/cerraron-el-acceso-al-parque-provincial-mocona-por-la-crecida-del-arroyo-yaboti\\\/#article\",\"isPartOf\":{\"@id\":\"https:\\\/\\\/cvinoticias.com\\\/v3\\\/cerraron-el-acceso-al-parque-provincial-mocona-por-la-crecida-del-arroyo-yaboti\\\/\"},\"author\":{\"name\":\"f1000024\",\"@id\":\"https:\\\/\\\/cvinoticias.com\\\/v3\\\/#\\\/schema\\\/person\\\/2db77e3c6bc03c538495d7b2b8be9b66\"},\"headline\":\"Cerraron el acceso al Parque Provincial Mocon\u00e1 por la crecida del arroyo Yabot\u00ed\",\"datePublished\":\"2026-09-01T12:14:04+00:00\",\"dateModified\":\"2026-09-01T12:14:05+00:00\",\"mainEntityOfPage\":{\"@id\":\"https:\\\/\\\/cvinoticias.com\\\/v3\\\/cerraron-el-acceso-al-parque-provincial-mocona-por-la-crecida-del-arroyo-yaboti\\\/\"},\"wordCount\":118,\"commentCount\":0,\"publisher\":{\"@id\":\"https:\\\/\\\/cvinoticias.com\\\/v3\\\/#organization\"},\"image\":{\"@id\":\"https:\\\/\\\/cvinoticias.com\\\/v3\\\/cerraron-el-acceso-al-parque-provincial-mocona-por-la-crecida-del-arroyo-yaboti\\\/#primaryimage\"},\"thumbnailUrl\":\"https:\\\/\\\/cvinoticias.com\\\/wp-content\\\/uploads\\\/2026\\\/09\\\/WhatsApp-Image-2026-09-01-at-07.37.16lll.webp\",\"keywords\":[\"Cerraron\",\"Mocon\u00e1\",\"Parque Provincial\"],\"articleSection\":[\"Turismo\"],\"inLanguage\":\"es\",\"potentialAction\":[{\"@type\":\"CommentAction\",\"name\":\"Comment\",\"target\":[\"https:\\\/\\\/cvinoticias.com\\\/v3\\\/cerraron-el-acceso-al-parque-provincial-mocona-por-la-crecida-del-arroyo-yaboti\\\/#respond\"]}]},{\"@type\":\"WebPage\",\"@id\":\"https:\\\/\\\/cvinoticias.com\\\/v3\\\/cerraron-el-acceso-al-parque-provincial-mocona-por-la-crecida-del-arroyo-yaboti\\\/\",\"url\":\"https:\\\/\\\/cvinoticias.com\\\/v3\\\/cerraron-el-acceso-al-parque-provincial-mocona-por-la-crecida-del-arroyo-yaboti\\\/\",\"name\":\"Cerraron el acceso al Parque Mocon\u00e1 por la crecida del Yabot\u00ed | CVI NOTICIAS\",\"isPartOf\":{\"@id\":\"https:\\\/\\\/cvinoticias.com\\\/v3\\\/#website\"},\"primaryImageOfPage\":{\"@id\":\"https:\\\/\\\/cvinoticias.com\\\/v3\\\/cerraron-el-acceso-al-parque-provincial-mocona-por-la-crecida-del-arroyo-yaboti\\\/#primaryimage\"},\"image\":{\"@id\":\"https:\\\/\\\/cvinoticias.com\\\/v3\\\/cerraron-el-acceso-al-parque-provincial-mocona-por-la-crecida-del-arroyo-yaboti\\\/#primaryimage\"},\"thumbnailUrl\":\"https:\\\/\\\/cvinoticias.com\\\/wp-content\\\/uploads\\\/2026\\\/09\\\/WhatsApp-Image-2026-09-01-at-07.37.16lll.webp\",\"datePublished\":\"2026-09-01T12:14:04+00:00\",\"dateModified\":\"2026-09-01T12:14:05+00:00\",\"description\":\"El acceso al Parque Mocon\u00e1 fue cerrado por la crecida del arroyo Yabot\u00ed debido a las condiciones meteorol\u00f3gicas.\",\"breadcrumb\":{\"@id\":\"https:\\\/\\\/cvinoticias.com\\\/v3\\\/cerraron-el-acceso-al-parque-provincial-mocona-por-la-crecida-del-arroyo-yaboti\\\/#breadcrumb\"},\"inLanguage\":\"es\",\"potentialAction\":[{\"@type\":\"ReadAction\",\"target\":[\"https:\\\/\\\/cvinoticias.com\\\/v3\\\/cerraron-el-acceso-al-parque-provincial-mocona-por-la-crecida-del-arroyo-yaboti\\\/\"]}]},{\"@type\":\"ImageObject\",\"inLanguage\":\"es\",\"@id\":\"https:\\\/\\\/cvinoticias.com\\\/v3\\\/cerraron-el-acceso-al-parque-provincial-mocona-por-la-crecida-del-arroyo-yaboti\\\/#primaryimage\",\"url\":\"https:\\\/\\\/cvinoticias.com\\\/wp-content\\\/uploads\\\/2026\\\/09\\\/WhatsApp-Image-2026-09-01-at-07.37.16lll.webp\",\"contentUrl\":\"https:\\\/\\\/cvinoticias.com\\\/wp-content\\\/uploads\\\/2026\\\/09\\\/WhatsApp-Image-2026-09-01-at-07.37.16lll.webp\",\"width\":899,\"height\":661},{\"@type\":\"BreadcrumbList\",\"@id\":\"https:\\\/\\\/cvinoticias.com\\\/v3\\\/cerraron-el-acceso-al-parque-provincial-mocona-por-la-crecida-del-arroyo-yaboti\\\/#breadcrumb\",\"itemListElement\":[{\"@type\":\"ListItem\",\"position\":1,\"name\":\"Portada\",\"item\":\"https:\\\/\\\/cvinoticias.com\\\/v3\\\/\"},{\"@type\":\"ListItem\",\"position\":2,\"name\":\"Cerraron el acceso al Parque Provincial Mocon\u00e1 por la crecida del arroyo Yabot\u00ed\"}]},{\"@type\":\"WebSite\",\"@id\":\"https:\\\/\\\/cvinoticias.com\\\/v3\\\/#website\",\"url\":\"https:\\\/\\\/cvinoticias.com\\\/v3\\\/\",\"name\":\"CVI NOTICIAS\",\"description\":\"\",\"publisher\":{\"@id\":\"https:\\\/\\\/cvinoticias.com\\\/v3\\\/#organization\"},\"alternateName\":\"CVI\",\"potentialAction\":[{\"@type\":\"SearchAction\",\"target\":{\"@type\":\"EntryPoint\",\"urlTemplate\":\"https:\\\/\\\/cvinoticias.com\\\/v3\\\/?s={search_term_string}\"},\"query-input\":{\"@type\":\"PropertyValueSpecification\",\"valueRequired\":true,\"valueName\":\"search_term_string\"}}],\"inLanguage\":\"es\"},{\"@type\":\"Organization\",\"@id\":\"https:\\\/\\\/cvinoticias.com\\\/v3\\\/#organization\",\"name\":\"CVI NOTICIAS\",\"url\":\"https:\\\/\\\/cvinoticias.com\\\/v3\\\/\",\"logo\":{\"@type\":\"ImageObject\",\"inLanguage\":\"es\",\"@id\":\"https:\\\/\\\/cvinoticias.com\\\/v3\\\/#\\\/schema\\\/logo\\\/image\\\/\",\"url\":\"https:\\\/\\\/cvinoticias.com\\\/wp-content\\\/uploads\\\/2023\\\/04\\\/cropped-cropped-cropped-cropped-cropped-3-1.png\",\"contentUrl\":\"https:\\\/\\\/cvinoticias.com\\\/wp-content\\\/uploads\\\/2023\\\/04\\\/cropped-cropped-cropped-cropped-cropped-3-1.png\",\"width\":95,\"height\":122,\"caption\":\"CVI NOTICIAS\"},\"image\":{\"@id\":\"https:\\\/\\\/cvinoticias.com\\\/v3\\\/#\\\/schema\\\/logo\\\/image\\\/\"},\"sameAs\":[\"https:\\\/\\\/www.facebook.com\\\/cvinoticias\",\"https:\\\/\\\/www.instagram.com\\\/cvinoticias\\\/\",\"https:\\\/\\\/www.youtube.com\\\/@CVINOTICIAS\"]},{\"@type\":\"Person\",\"@id\":\"https:\\\/\\\/cvinoticias.com\\\/v3\\\/#\\\/schema\\\/person\\\/2db77e3c6bc03c538495d7b2b8be9b66\",\"name\":\"f1000024\",\"image\":{\"@type\":\"ImageObject\",\"inLanguage\":\"es\",\"@id\":\"https:\\\/\\\/secure.gravatar.com\\\/avatar\\\/d4fe7459cfc51ff5129ce1a732bbef5928568b8092d412ef95611616376bbeed?s=96&d=mm&r=g\",\"url\":\"https:\\\/\\\/secure.gravatar.com\\\/avatar\\\/d4fe7459cfc51ff5129ce1a732bbef5928568b8092d412ef95611616376bbeed?s=96&d=mm&r=g\",\"contentUrl\":\"https:\\\/\\\/secure.gravatar.com\\\/avatar\\\/d4fe7459cfc51ff5129ce1a732bbef5928568b8092d412ef95611616376bbeed?s=96&d=mm&r=g\",\"caption\":\"f1000024\"},\"url\":\"https:\\\/\\\/cvinoticias.com\\\/v3\\\/author\\\/f1000024\\\/\"}]}<\/script>\n<!-- \/ Yoast SEO plugin. -->","yoast_head_json":{"title":"Cerraron el acceso al Parque Mocon\u00e1 por la crecida del Yabot\u00ed | CVI NOTICIAS","description":"El acceso al Parque Mocon\u00e1 fue cerrado por la crecida del arroyo Yabot\u00ed debido a las condiciones meteorol\u00f3gicas.","robots":{"index":"index","follow":"follow","max-snippet":"max-snippet:-1","max-image-preview":"max-image-preview:large","max-video-preview":"max-video-preview:-1"},"canonical":"https:\/\/cvinoticias.com\/v3\/cerraron-el-acceso-al-parque-provincial-mocona-por-la-crecida-del-arroyo-yaboti\/","og_locale":"es_ES","og_type":"article","og_title":"Cerraron el acceso al Parque Mocon\u00e1 por la crecida del Yabot\u00ed | CVI NOTICIAS","og_description":"El acceso al Parque Mocon\u00e1 fue cerrado por la crecida del arroyo Yabot\u00ed debido a las condiciones meteorol\u00f3gicas.","og_url":"https:\/\/cvinoticias.com\/v3\/cerraron-el-acceso-al-parque-provincial-mocona-por-la-crecida-del-arroyo-yaboti\/","og_site_name":"CVI NOTICIAS","article_publisher":"https:\/\/www.facebook.com\/cvinoticias","article_published_time":"2026-09-01T12:14:04+00:00","article_modified_time":"2026-09-01T12:14:05+00:00","og_image":[{"width":899,"height":661,"url":"https:\/\/cvinoticias.com\/wp-content\/uploads\/2026\/09\/WhatsApp-Image-2026-09-01-at-07.37.16lll.webp","type":"image\/webp"}],"author":"f1000024","twitter_card":"summary_large_image","twitter_misc":{"Escrito por":"f1000024","Tiempo de lectura":"1 minuto"},"schema":{"@context":"https:\/\/schema.org","@graph":[{"@type":"Article","@id":"https:\/\/cvinoticias.com\/v3\/cerraron-el-acceso-al-parque-provincial-mocona-por-la-crecida-del-arroyo-yaboti\/#article","isPartOf":{"@id":"https:\/\/cvinoticias.com\/v3\/cerraron-el-acceso-al-parque-provincial-mocona-por-la-crecida-del-arroyo-yaboti\/"},"author":{"name":"f1000024","@id":"https:\/\/cvinoticias.com\/v3\/#\/schema\/person\/2db77e3c6bc03c538495d7b2b8be9b66"},"headline":"Cerraron el acceso al Parque Provincial Mocon\u00e1 por la crecida del arroyo Yabot\u00ed","datePublished":"2026-09-01T12:14:04+00:00","dateModified":"2026-09-01T12:14:05+00:00","mainEntityOfPage":{"@id":"https:\/\/cvinoticias.com\/v3\/cerraron-el-acceso-al-parque-provincial-mocona-por-la-crecida-del-arroyo-yaboti\/"},"wordCount":118,"commentCount":0,"publisher":{"@id":"https:\/\/cvinoticias.com\/v3\/#organization"},"image":{"@id":"https:\/\/cvinoticias.com\/v3\/cerraron-el-acceso-al-parque-provincial-mocona-por-la-crecida-del-arroyo-yaboti\/#primaryimage"},"thumbnailUrl":"https:\/\/cvinoticias.com\/wp-content\/uploads\/2026\/09\/WhatsApp-Image-2026-09-01-at-07.37.16lll.webp","keywords":["Cerraron","Mocon\u00e1","Parque Provincial"],"articleSection":["Turismo"],"inLanguage":"es","potentialAction":[{"@type":"CommentAction","name":"Comment","target":["https:\/\/cvinoticias.com\/v3\/cerraron-el-acceso-al-parque-provincial-mocona-por-la-crecida-del-arroyo-yaboti\/#respond"]}]},{"@type":"WebPage","@id":"https:\/\/cvinoticias.com\/v3\/cerraron-el-acceso-al-parque-provincial-mocona-por-la-crecida-del-arroyo-yaboti\/","url":"https:\/\/cvinoticias.com\/v3\/cerraron-el-acceso-al-parque-provincial-mocona-por-la-crecida-del-arroyo-yaboti\/","name":"Cerraron el acceso al Parque Mocon\u00e1 por la crecida del Yabot\u00ed | CVI NOTICIAS","isPartOf":{"@id":"https:\/\/cvinoticias.com\/v3\/#website"},"primaryImageOfPage":{"@id":"https:\/\/cvinoticias.com\/v3\/cerraron-el-acceso-al-parque-provincial-mocona-por-la-crecida-del-arroyo-yaboti\/#primaryimage"},"image":{"@id":"https:\/\/cvinoticias.com\/v3\/cerraron-el-acceso-al-parque-provincial-mocona-por-la-crecida-del-arroyo-yaboti\/#primaryimage"},"thumbnailUrl":"https:\/\/cvinoticias.com\/wp-content\/uploads\/2026\/09\/WhatsApp-Image-2026-09-01-at-07.37.16lll.webp","datePublished":"2026-09-01T12:14:04+00:00","dateModified":"2026-09-01T12:14:05+00:00","description":"El acceso al Parque Mocon\u00e1 fue cerrado por la crecida del arroyo Yabot\u00ed debido a las condiciones meteorol\u00f3gicas.","breadcrumb":{"@id":"https:\/\/cvinoticias.com\/v3\/cerraron-el-acceso-al-parque-provincial-mocona-por-la-crecida-del-arroyo-yaboti\/#breadcrumb"},"inLanguage":"es","potentialAction":[{"@type":"ReadAction","target":["https:\/\/cvinoticias.com\/v3\/cerraron-el-acceso-al-parque-provincial-mocona-por-la-crecida-del-arroyo-yaboti\/"]}]},{"@type":"ImageObject","inLanguage":"es","@id":"https:\/\/cvinoticias.com\/v3\/cerraron-el-acceso-al-parque-provincial-mocona-por-la-crecida-del-arroyo-yaboti\/#primaryimage","url":"https:\/\/cvinoticias.com\/wp-content\/uploads\/2026\/09\/WhatsApp-Image-2026-09-01-at-07.37.16lll.webp","contentUrl":"https:\/\/cvinoticias.com\/wp-content\/uploads\/2026\/09\/WhatsApp-Image-2026-09-01-at-07.37.16lll.webp","width":899,"height":661},{"@type":"BreadcrumbList","@id":"https:\/\/cvinoticias.com\/v3\/cerraron-el-acceso-al-parque-provincial-mocona-por-la-crecida-del-arroyo-yaboti\/#breadcrumb","itemListElement":[{"@type":"ListItem","position":1,"name":"Portada","item":"https:\/\/cvinoticias.com\/v3\/"},{"@type":"ListItem","position":2,"name":"Cerraron el acceso al Parque Provincial Mocon\u00e1 por la crecida del arroyo Yabot\u00ed"}]},{"@type":"WebSite","@id":"https:\/\/cvinoticias.com\/v3\/#website","url":"https:\/\/cvinoticias.com\/v3\/","name":"CVI NOTICIAS","description":"","publisher":{"@id":"https:\/\/cvinoticias.com\/v3\/#organization"},"alternateName":"CVI","potentialAction":[{"@type":"SearchAction","target":{"@type":"EntryPoint","urlTemplate":"https:\/\/cvinoticias.com\/v3\/?s={search_term_string}"},"query-input":{"@type":"PropertyValueSpecification","valueRequired":true,"valueName":"search_term_string"}}],"inLanguage":"es"},{"@type":"Organization","@id":"https:\/\/cvinoticias.com\/v3\/#organization","name":"CVI NOTICIAS","url":"https:\/\/cvinoticias.com\/v3\/","logo":{"@type":"ImageObject","inLanguage":"es","@id":"https:\/\/cvinoticias.com\/v3\/#\/schema\/logo\/image\/","url":"https:\/\/cvinoticias.com\/wp-content\/uploads\/2023\/04\/cropped-cropped-cropped-cropped-cropped-3-1.png","contentUrl":"https:\/\/cvinoticias.com\/wp-content\/uploads\/2023\/04\/cropped-cropped-cropped-cropped-cropped-3-1.png","width":95,"height":122,"caption":"CVI NOTICIAS"},"image":{"@id":"https:\/\/cvinoticias.com\/v3\/#\/schema\/logo\/image\/"},"sameAs":["https:\/\/www.facebook.com\/cvinoticias","https:\/\/www.instagram.com\/cvinoticias\/","https:\/\/www.youtube.com\/@CVINOTICIAS"]},{"@type":"Person","@id":"https:\/\/cvinoticias.com\/v3\/#\/schema\/person\/2db77e3c6bc03c538495d7b2b8be9b66","name":"f1000024","image":{"@type":"ImageObject","inLanguage":"es","@id":"https:\/\/secure.gravatar.com\/avatar\/d4fe7459cfc51ff5129ce1a732bbef5928568b8092d412ef95611616376bbeed?s=96&d=mm&r=g","url":"https:\/\/secure.gravatar.com\/avatar\/d4fe7459cfc51ff5129ce1a732bbef5928568b8092d412ef95611616376bbeed?s=96&d=mm&r=g","contentUrl":"https:\/\/secure.gravatar.com\/avatar\/d4fe7459cfc51ff5129ce1a732bbef5928568b8092d412ef95611616376bbeed?s=96&d=mm&r=g","caption":"f1000024"},"url":"https:\/\/cvinoticias.com\/v3\/author\/f1000024\/"}]}},"_links":{"self":[{"href":"https:\/\/cvinoticias.com\/v3\/wp-json\/wp\/v2\/posts\/62640","targetHints":{"allow":["GET"]}}],"collection":[{"href":"https:\/\/cvinoticias.com\/v3\/wp-json\/wp\/v2\/posts"}],"about":[{"href":"https:\/\/cvinoticias.com\/v3\/wp-json\/wp\/v2\/types\/post"}],"author":[{"embeddable":true,"href":"https:\/\/cvinoticias.com\/v3\/wp-json\/wp\/v2\/users\/2"}],"replies":[{"embeddable":true,"href":"https:\/\/cvinoticias.com\/v3\/wp-json\/wp\/v2\/comments?post=62640"}],"version-history":[{"count":1,"href":"https:\/\/cvinoticias.com\/v3\/wp-json\/wp\/v2\/posts\/62640\/revisions"}],"predecessor-version":[{"id":62643,"href":"https:\/\/cvinoticias.com\/v3\/wp-json\/wp\/v2\/posts\/62640\/revisions\/62643"}],"wp:featuredmedia":[{"embeddable":true,"href":"https:\/\/cvinoticias.com\/v3\/wp-json\/wp\/v2\/media\/62641"}],"wp:attachment":[{"href":"https:\/\/cvinoticias.com\/v3\/wp-json\/wp\/v2\/media?parent=62640"}],"wp:term":[{"taxonomy":"category","embeddable":true,"href":"https:\/\/cvinoticias.com\/v3\/wp-json\/wp\/v2\/categories?post=62640"},{"taxonomy":"post_tag","embeddable":true,"href":"https:\/\/cvinoticias.com\/v3\/wp-json\/wp\/v2\/tags?post=62640"}],"curies":[{"name":"wp","href":"https:\/\/api.w.org\/{rel}","templated":true}]}}