{"id":62637,"date":"2026-09-01T09:10:30","date_gmt":"2026-09-01T12:10:30","guid":{"rendered":"https:\/\/cvinoticias.com\/v3\/?p=62637"},"modified":"2026-09-01T09:10:31","modified_gmt":"2026-09-01T12:10:31","slug":"la-provincia-asistio-a-mas-de-200-familias-mientras-continuan-los-operativos-para-restablecer-servicios-tras-el-temporal","status":"publish","type":"post","link":"https:\/\/cvinoticias.com\/v3\/la-provincia-asistio-a-mas-de-200-familias-mientras-continuan-los-operativos-para-restablecer-servicios-tras-el-temporal\/","title":{"rendered":"La Provincia asisti\u00f3 a m\u00e1s de 200 familias mientras contin\u00faan los operativos para restablecer servicios tras el temporal"},"content":{"rendered":"\n<p class=\"wp-block-paragraph\">M\u00e1s de&nbsp;<strong>200 familias de Misiones ya recibieron asistencia<\/strong>&nbsp;entre el s\u00e1bado y este lunes como consecuencia de los fuertes temporales que afectaron distintos puntos de la provincia. El operativo provincial, coordinado entre la&nbsp;<strong>Polic\u00eda de Misiones, la Subsecretar\u00eda de Protecci\u00f3n Civil y los municipios<\/strong>, contin\u00faa activo para relevar nuevos da\u00f1os y atender las necesidades de las familias damnificadas.<\/p>\n\n\n\n<p class=\"wp-block-paragraph\">El fen\u00f3meno provoc\u00f3&nbsp;<strong>voladuras y roturas de techos, ca\u00edda de \u00e1rboles y postes, da\u00f1os en tendidos el\u00e9ctricos, viviendas, comercios, caminos e infraestructura productiva<\/strong>. Las localidades m\u00e1s afectadas hasta el momento incluyen Posadas, 25 de Mayo, El Soberbio, Loreto, Gobernador Roca, Piray y Santo Pip\u00f3.<\/p>\n\n\n\n<p class=\"wp-block-paragraph\">Durante la ma\u00f1ana de este lunes, adem\u00e1s, las condiciones meteorol\u00f3gicas volvieron a complicarse con&nbsp;<strong>lluvias intensas, fuertes r\u00e1fagas y ca\u00edda de granizo<\/strong>&nbsp;en distintos sectores. Por eso, las patrullas y equipos de asistencia ampliaron las recorridas hacia barrios, colonias, chacras, caminos vecinales y \u00e1reas productivas.<\/p>\n\n\n\n<h3 class=\"wp-block-heading\"><strong>M\u00e1s de 200 familias asistidas<\/strong><\/h3>\n\n\n\n<p class=\"wp-block-paragraph\">El subsecretario de Protecci\u00f3n Civil, Enrique \u201cKike\u201d Parra, explic\u00f3 que el trabajo comenz\u00f3 durante el fin de semana y se ampli\u00f3 este lunes ante la aparici\u00f3n de nuevos damnificados.<\/p>\n\n\n\n<p class=\"wp-block-paragraph\">\u201cEl s\u00e1bado, entre Posadas, 25 de Mayo, El Soberbio y Loreto, asistimos aproximadamente a 110 familias, con los intendentes y los municipios de cada localidad\u201d, se\u00f1al\u00f3 en di\u00e1logo con Canal12misiones.com.<\/p>\n\n\n\n<p class=\"wp-block-paragraph\">A esa cifra se sumaron&nbsp;<strong>otras 80 familias aproximadamente durante este lunes<\/strong>, por lo que el registro provincial ya alcanza a unas 200 familias asistidas.<\/p>\n\n\n\n<p class=\"wp-block-paragraph\">La ayuda incluy\u00f3&nbsp;<strong>chapas, colchones, maderas, frazadas, pl\u00e1stico negro y m\u00f3dulos alimentarios<\/strong>, con el objetivo de atender tanto las reparaciones iniciales como las necesidades b\u00e1sicas de quienes sufrieron da\u00f1os en sus viviendas.<\/p>\n\n\n\n<p class=\"wp-block-paragraph\">Sin embargo, la cifra todav\u00eda puede aumentar. Desde Protecci\u00f3n Civil aclararon que el registro provincial no contempla necesariamente a todas las familias damnificadas, debido a que algunos municipios resolvieron la asistencia directamente a nivel local y esos casos todav\u00eda no fueron incorporados al relevamiento provincial.<\/p>\n\n\n\n<h3 class=\"wp-block-heading\"><strong>Al menos 31 viviendas afectadas entre Gobernador Roca y Santo Pip\u00f3<\/strong><\/h3>\n\n\n\n<p class=\"wp-block-paragraph\">La Polic\u00eda de Misiones mantiene un despliegue territorial para determinar el impacto del temporal. Las primeras recorridas se concentraron en&nbsp;<strong>El Soberbio, Gobernador Roca, Corpus y Santo Pip\u00f3<\/strong>, y luego se extendieron hacia colonias, chacras y zonas productivas.<\/p>\n\n\n\n<p class=\"wp-block-paragraph\">En&nbsp;<strong>Gobernador Roca<\/strong>&nbsp;fueron constatadas seis viviendas con da\u00f1os en sus techos, principalmente en las colonias&nbsp;<strong>Roca Chica, Yerut\u00ed y Yacutinga<\/strong>. Tambi\u00e9n se registraron \u00e1rboles y postes derribados y destrozos en distintos invernaderos.<\/p>\n\n\n\n<p class=\"wp-block-paragraph\">En&nbsp;<strong>Santo Pip\u00f3<\/strong>, en tanto, el relevamiento alcanz\u00f3 a aproximadamente&nbsp;<strong>25 viviendas<\/strong>&nbsp;ubicadas en el barrio Apep\u00fa, paraje El Cerro, paraje El Puerto y otros sectores urbanos y rurales. All\u00ed se produjeron voladuras de chapas, ingreso de agua y p\u00e9rdidas materiales. Tambi\u00e9n sufri\u00f3 da\u00f1os el techo de un merendero barrial.<\/p>\n\n\n\n<p class=\"wp-block-paragraph\">De esta manera, entre ambas localidades se contabilizaron&nbsp;<strong>al menos 31 viviendas afectadas<\/strong>, aunque los equipos contin\u00faan recorriendo otros sectores para determinar la magnitud total de los da\u00f1os.<\/p>\n\n\n\n<p class=\"wp-block-paragraph\">El temporal tambi\u00e9n gener\u00f3 inconvenientes en las rutas. Sobre la&nbsp;<strong>Ruta Provincial 6, entre Corpus y Gobernador Roca<\/strong>, la ca\u00edda de ramas lleg\u00f3 a obstruir temporalmente la calzada. Los efectivos trabajaron en el lugar y retiraron los obst\u00e1culos para restablecer la circulaci\u00f3n.<\/p>\n\n\n\n<h3 class=\"wp-block-heading\"><strong>El Soberbio, entre las zonas m\u00e1s afectadas<\/strong><\/h3>\n\n\n\n<p class=\"wp-block-paragraph\"><strong>El Soberbio<\/strong>&nbsp;volvi\u00f3 a registrar importantes da\u00f1os durante la jornada de este lunes. La Polic\u00eda actualiz\u00f3 el relevamiento en distintos sectores del \u00e1rea urbana y constat\u00f3 desprendimientos y voladuras de techos, adem\u00e1s de da\u00f1os en carteler\u00eda y tendidos el\u00e9ctricos.<\/p>\n\n\n\n<p class=\"wp-block-paragraph\">Sobre la avenida San Mart\u00edn,&nbsp;<strong>dos comercios resultaron afectados<\/strong>, al igual que una verduler\u00eda y una panader\u00eda. Tambi\u00e9n se registraron postes del tendido el\u00e9ctrico ca\u00eddos y otros destrozos en diferentes puntos de la localidad.<\/p>\n\n\n\n<p class=\"wp-block-paragraph\">El gimnasio&nbsp;<strong>A\u00e9reo GIM<\/strong>, ubicado sobre calle Juan Domingo Per\u00f3n, sufri\u00f3 el desprendimiento del techo y la rotura de una vidriera. Adem\u00e1s, dos viviendas situadas sobre las calles 9 de Julio y Chivilcoy registraron da\u00f1os en sus techos.<\/p>\n\n\n\n<p class=\"wp-block-paragraph\">La fuerza del viento tambi\u00e9n provoc\u00f3 la ca\u00edda de \u00e1rboles sobre la calle S\u00e1enz Pe\u00f1a y en la cancha municipal ubicada sobre calle Libertad. En la plaza Belgrano se encontraron ramas y carteler\u00eda derribadas.<\/p>\n\n\n\n<p class=\"wp-block-paragraph\">Seg\u00fan explic\u00f3 Parra, el tipo de da\u00f1o estuvo relacionado con las caracter\u00edsticas que tuvo cada episodio. Mientras que durante la tormenta del s\u00e1bado&nbsp;<strong>el granizo provoc\u00f3 principalmente roturas de techos<\/strong>, durante este lunes las fuertes r\u00e1fagas generaron especialmente&nbsp;<strong>voladuras de techos en El Soberbio<\/strong>.<\/p>\n\n\n\n<p class=\"wp-block-paragraph\">\u201cLa mayor\u00eda de los da\u00f1os fueron ca\u00edda de \u00e1rboles, de tendido el\u00e9ctrico, que es un trabajo de los bomberos voluntarios de la Polic\u00eda, la empresa de Energ\u00eda de Misiones, y lo que afect\u00f3 especialmente a cada familia fueron rupturas de techos\u201d, explic\u00f3.<\/p>\n\n\n\n<h3 class=\"wp-block-heading\"><strong>Energ\u00eda de Misiones reforz\u00f3 las cuadrillas<\/strong><\/h3>\n\n\n\n<p class=\"wp-block-paragraph\">A la par de los relevamientos y la asistencia social,&nbsp;<strong>Energ\u00eda de Misiones reforz\u00f3 su operativo t\u00e9cnico<\/strong>&nbsp;para atender los da\u00f1os provocados sobre la infraestructura el\u00e9ctrica.<\/p>\n\n\n\n<p class=\"wp-block-paragraph\">El presidente de la empresa estatal, Julio C\u00e9sar Barreto, dispuso el refuerzo de cuadrillas con personal t\u00e9cnico y maquinaria en una de las zonas m\u00e1s afectadas por el frente de tormentas de este lunes.<\/p>\n\n\n\n<p class=\"wp-block-paragraph\">Los trabajos abarcan principalmente&nbsp;<strong>Gobernador Roca, Santo Pip\u00f3 y Corpus<\/strong>, donde el temporal provoc\u00f3 ca\u00edda de \u00e1rboles y postes, voladuras de techos y da\u00f1os sobre l\u00edneas de media y baja tensi\u00f3n.<\/p>\n\n\n\n<p class=\"wp-block-paragraph\">Las primeras intervenciones estuvieron orientadas a&nbsp;<strong>eliminar situaciones de riesgo para la poblaci\u00f3n<\/strong>, antes de avanzar con las reparaciones necesarias para recuperar el suministro.<\/p>\n\n\n\n<p class=\"wp-block-paragraph\">Uno de los sectores m\u00e1s afectados se encuentra sobre la&nbsp;<strong>Ruta Provincial 6, entre Gobernador Roca y Roca Chica<\/strong>, donde la l\u00ednea de 13,2 kV qued\u00f3 cortada en varios puntos.<\/p>\n\n\n\n<p class=\"wp-block-paragraph\">La situaci\u00f3n dej\u00f3 sin servicio a&nbsp;<strong>Roca Chica, Colonia Yerut\u00ed, Colonia Yacutinga, Santa Rosa y Cerro Romero<\/strong>, adem\u00e1s de otras zonas rurales cercanas.<\/p>\n\n\n\n<p class=\"wp-block-paragraph\">En&nbsp;<strong>Santo Pip\u00f3<\/strong>, el barrio Gendarmer\u00eda presenta una de las principales afectaciones. La l\u00ednea de 13,2 kV que atraviesa el sector registra al menos&nbsp;<strong>tres postes ca\u00eddos<\/strong>, mientras que otros ocho postes correspondientes a l\u00edneas de baja tensi\u00f3n tambi\u00e9n resultaron afectados.<\/p>\n\n\n\n<p class=\"wp-block-paragraph\">En El Soberbio, donde la tormenta tambi\u00e9n provoc\u00f3 da\u00f1os sobre \u00e1rboles, postes, techos y estructuras publicitarias, Energ\u00eda de Misiones trabaja en la&nbsp;<strong>reposici\u00f3n de infraestructura de baja tensi\u00f3n<\/strong>, mientras contin\u00faan las reparaciones en las \u00e1reas rurales.<\/p>\n\n\n\n<p class=\"wp-block-paragraph\">La empresa estatal coordina las tareas con los intendentes, las fuerzas de seguridad y los dem\u00e1s organismos que participan del operativo.<\/p>\n\n\n\n<h3 class=\"wp-block-heading\"><strong>Un operativo que contin\u00faa en todo el territorio<\/strong><\/h3>\n\n\n\n<p class=\"wp-block-paragraph\">El gobernador&nbsp;<strong>Hugo Passalacqua<\/strong>&nbsp;convoc\u00f3 a primera hora del lunes a los sectores involucrados para coordinar la atenci\u00f3n de la emergencia y mantiene el seguimiento de las tareas que se desarrollan en las zonas afectadas.<\/p>\n\n\n\n<p class=\"wp-block-paragraph\">La respuesta se articula entre los municipios, Protecci\u00f3n Civil, la Polic\u00eda, Energ\u00eda de Misiones, bomberos voluntarios y otros organismos provinciales.<\/p>\n\n\n\n<p class=\"wp-block-paragraph\">Parra record\u00f3 que el sistema de respuesta contempla distintos niveles de intervenci\u00f3n y que los municipios constituyen el primer eslab\u00f3n frente a una emergencia meteorol\u00f3gica.<\/p>\n\n\n\n<p class=\"wp-block-paragraph\">\u201cEs importante destacar que nosotros tenemos la Ley de Sistema Nacional de Gesti\u00f3n de Riesgos (Sinagir), que tiene un protocolo en el cual marca que cuando hay una emergencia meteorol\u00f3gica en un municipio, el intendente y su equipo local es el primer respondiente. Si se ve superado, le pide ayuda a la provincia\u201d, explic\u00f3.<\/p>\n\n\n\n<p class=\"wp-block-paragraph\">De acuerdo con el reporte disponible hasta el momento,&nbsp;<strong>no se registraron personas lesionadas ni familias evacuadas<\/strong>&nbsp;en los municipios inspeccionados.<\/p>\n\n\n\n<p class=\"wp-block-paragraph\">No obstante, los operativos continuar\u00e1n durante las pr\u00f3ximas horas. Las patrullas y equipos t\u00e9cnicos seguir\u00e1n recorriendo los sectores que todav\u00eda no pudieron ser relevados, mientras se actualiza el mapa provincial de da\u00f1os y se organizan nuevas entregas de asistencia.<\/p>\n\n\n\n<p class=\"wp-block-paragraph\">El objetivo inmediato es\u00a0<strong>atender a las familias afectadas, despejar caminos, eliminar riesgos sobre el tendido el\u00e9ctrico y avanzar con la restituci\u00f3n de los servicios<\/strong>, mientras contin\u00faa el monitoreo de las condiciones meteorol\u00f3gicas en todo Misiones.<\/p>\n\n\n\n<p class=\"wp-block-paragraph\">Fuente: Canal 12 Misiones<\/p>\n","protected":false},"excerpt":{"rendered":"<p>M\u00e1s de&nbsp;200 familias de Misiones ya recibieron asistencia&nbsp;entre el s\u00e1bado y este lunes como consecuencia de los fuertes temporales que afectaron distintos puntos de la provincia. El operativo provincial, coordinado entre la&nbsp;Polic\u00eda de Misiones, la Subsecretar\u00eda de Protecci\u00f3n Civil y los municipios, contin\u00faa activo para relevar nuevos da\u00f1os y atender las necesidades de las familias [&hellip;]<\/p>\n","protected":false},"author":2,"featured_media":62638,"comment_status":"open","ping_status":"closed","sticky":false,"template":"","format":"standard","meta":{"footnotes":""},"categories":[455],"tags":[7096,2854,1809,2305],"class_list":["post-62637","post","type-post","status-publish","format-standard","has-post-thumbnail","hentry","category-misiones","tag-7096","tag-familias","tag-operativos","tag-temporal"],"yoast_head":"<!-- This site is optimized with the Yoast SEO plugin v28.4 - https:\/\/yoast.com\/product\/yoast-seo-wordpress\/ -->\n<title>Temporal en Misiones: m\u00e1s de 200 familias fueron asistidas | CVI NOTICIAS<\/title>\n<meta name=\"description\" content=\"M\u00e1s de 200 familias recibieron asistencia tras los temporales que afectaron a distintas localidades de Misiones.\" \/>\n<meta name=\"robots\" content=\"index, follow, max-snippet:-1, max-image-preview:large, max-video-preview:-1\" \/>\n<link rel=\"canonical\" href=\"https:\/\/cvinoticias.com\/v3\/la-provincia-asistio-a-mas-de-200-familias-mientras-continuan-los-operativos-para-restablecer-servicios-tras-el-temporal\/\" \/>\n<meta property=\"og:locale\" content=\"es_ES\" \/>\n<meta property=\"og:type\" content=\"article\" \/>\n<meta property=\"og:title\" content=\"Temporal en Misiones: m\u00e1s de 200 familias fueron asistidas | CVI NOTICIAS\" \/>\n<meta property=\"og:description\" content=\"M\u00e1s de 200 familias recibieron asistencia tras los temporales que afectaron a distintas localidades de Misiones.\" \/>\n<meta property=\"og:url\" content=\"https:\/\/cvinoticias.com\/v3\/la-provincia-asistio-a-mas-de-200-familias-mientras-continuan-los-operativos-para-restablecer-servicios-tras-el-temporal\/\" \/>\n<meta property=\"og:site_name\" content=\"CVI NOTICIAS\" \/>\n<meta property=\"article:publisher\" content=\"https:\/\/www.facebook.com\/cvinoticias\" \/>\n<meta property=\"article:published_time\" content=\"2026-09-01T12:10:30+00:00\" \/>\n<meta property=\"article:modified_time\" content=\"2026-09-01T12:10:31+00:00\" \/>\n<meta property=\"og:image\" content=\"https:\/\/cvinoticias.com\/wp-content\/uploads\/2026\/09\/WhatsApp-Image-2026-08-31-at-12.28.44-1-e1788220959771.webp\" \/>\n\t<meta property=\"og:image:width\" content=\"1089\" \/>\n\t<meta property=\"og:image:height\" content=\"730\" \/>\n\t<meta property=\"og:image:type\" content=\"image\/webp\" \/>\n<meta name=\"author\" content=\"f1000024\" \/>\n<meta name=\"twitter:card\" content=\"summary_large_image\" \/>\n<meta name=\"twitter:label1\" content=\"Escrito por\" \/>\n\t<meta name=\"twitter:data1\" content=\"f1000024\" \/>\n\t<meta name=\"twitter:label2\" content=\"Tiempo de lectura\" \/>\n\t<meta name=\"twitter:data2\" content=\"7 minutos\" \/>\n<script type=\"application\/ld+json\" class=\"yoast-schema-graph\">{\"@context\":\"https:\\\/\\\/schema.org\",\"@graph\":[{\"@type\":\"Article\",\"@id\":\"https:\\\/\\\/cvinoticias.com\\\/v3\\\/la-provincia-asistio-a-mas-de-200-familias-mientras-continuan-los-operativos-para-restablecer-servicios-tras-el-temporal\\\/#article\",\"isPartOf\":{\"@id\":\"https:\\\/\\\/cvinoticias.com\\\/v3\\\/la-provincia-asistio-a-mas-de-200-familias-mientras-continuan-los-operativos-para-restablecer-servicios-tras-el-temporal\\\/\"},\"author\":{\"name\":\"f1000024\",\"@id\":\"https:\\\/\\\/cvinoticias.com\\\/v3\\\/#\\\/schema\\\/person\\\/2db77e3c6bc03c538495d7b2b8be9b66\"},\"headline\":\"La Provincia asisti\u00f3 a m\u00e1s de 200 familias mientras contin\u00faan los operativos para restablecer servicios tras el temporal\",\"datePublished\":\"2026-09-01T12:10:30+00:00\",\"dateModified\":\"2026-09-01T12:10:31+00:00\",\"mainEntityOfPage\":{\"@id\":\"https:\\\/\\\/cvinoticias.com\\\/v3\\\/la-provincia-asistio-a-mas-de-200-familias-mientras-continuan-los-operativos-para-restablecer-servicios-tras-el-temporal\\\/\"},\"wordCount\":1433,\"commentCount\":0,\"publisher\":{\"@id\":\"https:\\\/\\\/cvinoticias.com\\\/v3\\\/#organization\"},\"image\":{\"@id\":\"https:\\\/\\\/cvinoticias.com\\\/v3\\\/la-provincia-asistio-a-mas-de-200-familias-mientras-continuan-los-operativos-para-restablecer-servicios-tras-el-temporal\\\/#primaryimage\"},\"thumbnailUrl\":\"https:\\\/\\\/cvinoticias.com\\\/wp-content\\\/uploads\\\/2026\\\/09\\\/WhatsApp-Image-2026-08-31-at-12.28.44-1-e1788220959771.webp\",\"keywords\":[\"200\",\"familias\",\"Operativos\",\"Temporal\"],\"articleSection\":[\"Misiones\"],\"inLanguage\":\"es\",\"potentialAction\":[{\"@type\":\"CommentAction\",\"name\":\"Comment\",\"target\":[\"https:\\\/\\\/cvinoticias.com\\\/v3\\\/la-provincia-asistio-a-mas-de-200-familias-mientras-continuan-los-operativos-para-restablecer-servicios-tras-el-temporal\\\/#respond\"]}]},{\"@type\":\"WebPage\",\"@id\":\"https:\\\/\\\/cvinoticias.com\\\/v3\\\/la-provincia-asistio-a-mas-de-200-familias-mientras-continuan-los-operativos-para-restablecer-servicios-tras-el-temporal\\\/\",\"url\":\"https:\\\/\\\/cvinoticias.com\\\/v3\\\/la-provincia-asistio-a-mas-de-200-familias-mientras-continuan-los-operativos-para-restablecer-servicios-tras-el-temporal\\\/\",\"name\":\"Temporal en Misiones: m\u00e1s de 200 familias fueron asistidas | CVI NOTICIAS\",\"isPartOf\":{\"@id\":\"https:\\\/\\\/cvinoticias.com\\\/v3\\\/#website\"},\"primaryImageOfPage\":{\"@id\":\"https:\\\/\\\/cvinoticias.com\\\/v3\\\/la-provincia-asistio-a-mas-de-200-familias-mientras-continuan-los-operativos-para-restablecer-servicios-tras-el-temporal\\\/#primaryimage\"},\"image\":{\"@id\":\"https:\\\/\\\/cvinoticias.com\\\/v3\\\/la-provincia-asistio-a-mas-de-200-familias-mientras-continuan-los-operativos-para-restablecer-servicios-tras-el-temporal\\\/#primaryimage\"},\"thumbnailUrl\":\"https:\\\/\\\/cvinoticias.com\\\/wp-content\\\/uploads\\\/2026\\\/09\\\/WhatsApp-Image-2026-08-31-at-12.28.44-1-e1788220959771.webp\",\"datePublished\":\"2026-09-01T12:10:30+00:00\",\"dateModified\":\"2026-09-01T12:10:31+00:00\",\"description\":\"M\u00e1s de 200 familias recibieron asistencia tras los temporales que afectaron a distintas localidades de Misiones.\",\"breadcrumb\":{\"@id\":\"https:\\\/\\\/cvinoticias.com\\\/v3\\\/la-provincia-asistio-a-mas-de-200-familias-mientras-continuan-los-operativos-para-restablecer-servicios-tras-el-temporal\\\/#breadcrumb\"},\"inLanguage\":\"es\",\"potentialAction\":[{\"@type\":\"ReadAction\",\"target\":[\"https:\\\/\\\/cvinoticias.com\\\/v3\\\/la-provincia-asistio-a-mas-de-200-familias-mientras-continuan-los-operativos-para-restablecer-servicios-tras-el-temporal\\\/\"]}]},{\"@type\":\"ImageObject\",\"inLanguage\":\"es\",\"@id\":\"https:\\\/\\\/cvinoticias.com\\\/v3\\\/la-provincia-asistio-a-mas-de-200-familias-mientras-continuan-los-operativos-para-restablecer-servicios-tras-el-temporal\\\/#primaryimage\",\"url\":\"https:\\\/\\\/cvinoticias.com\\\/wp-content\\\/uploads\\\/2026\\\/09\\\/WhatsApp-Image-2026-08-31-at-12.28.44-1-e1788220959771.webp\",\"contentUrl\":\"https:\\\/\\\/cvinoticias.com\\\/wp-content\\\/uploads\\\/2026\\\/09\\\/WhatsApp-Image-2026-08-31-at-12.28.44-1-e1788220959771.webp\",\"width\":1089,\"height\":730},{\"@type\":\"BreadcrumbList\",\"@id\":\"https:\\\/\\\/cvinoticias.com\\\/v3\\\/la-provincia-asistio-a-mas-de-200-familias-mientras-continuan-los-operativos-para-restablecer-servicios-tras-el-temporal\\\/#breadcrumb\",\"itemListElement\":[{\"@type\":\"ListItem\",\"position\":1,\"name\":\"Portada\",\"item\":\"https:\\\/\\\/cvinoticias.com\\\/v3\\\/\"},{\"@type\":\"ListItem\",\"position\":2,\"name\":\"La Provincia asisti\u00f3 a m\u00e1s de 200 familias mientras contin\u00faan los operativos para restablecer servicios tras el temporal\"}]},{\"@type\":\"WebSite\",\"@id\":\"https:\\\/\\\/cvinoticias.com\\\/v3\\\/#website\",\"url\":\"https:\\\/\\\/cvinoticias.com\\\/v3\\\/\",\"name\":\"CVI NOTICIAS\",\"description\":\"\",\"publisher\":{\"@id\":\"https:\\\/\\\/cvinoticias.com\\\/v3\\\/#organization\"},\"alternateName\":\"CVI\",\"potentialAction\":[{\"@type\":\"SearchAction\",\"target\":{\"@type\":\"EntryPoint\",\"urlTemplate\":\"https:\\\/\\\/cvinoticias.com\\\/v3\\\/?s={search_term_string}\"},\"query-input\":{\"@type\":\"PropertyValueSpecification\",\"valueRequired\":true,\"valueName\":\"search_term_string\"}}],\"inLanguage\":\"es\"},{\"@type\":\"Organization\",\"@id\":\"https:\\\/\\\/cvinoticias.com\\\/v3\\\/#organization\",\"name\":\"CVI NOTICIAS\",\"url\":\"https:\\\/\\\/cvinoticias.com\\\/v3\\\/\",\"logo\":{\"@type\":\"ImageObject\",\"inLanguage\":\"es\",\"@id\":\"https:\\\/\\\/cvinoticias.com\\\/v3\\\/#\\\/schema\\\/logo\\\/image\\\/\",\"url\":\"https:\\\/\\\/cvinoticias.com\\\/wp-content\\\/uploads\\\/2023\\\/04\\\/cropped-cropped-cropped-cropped-cropped-3-1.png\",\"contentUrl\":\"https:\\\/\\\/cvinoticias.com\\\/wp-content\\\/uploads\\\/2023\\\/04\\\/cropped-cropped-cropped-cropped-cropped-3-1.png\",\"width\":95,\"height\":122,\"caption\":\"CVI NOTICIAS\"},\"image\":{\"@id\":\"https:\\\/\\\/cvinoticias.com\\\/v3\\\/#\\\/schema\\\/logo\\\/image\\\/\"},\"sameAs\":[\"https:\\\/\\\/www.facebook.com\\\/cvinoticias\",\"https:\\\/\\\/www.instagram.com\\\/cvinoticias\\\/\",\"https:\\\/\\\/www.youtube.com\\\/@CVINOTICIAS\"]},{\"@type\":\"Person\",\"@id\":\"https:\\\/\\\/cvinoticias.com\\\/v3\\\/#\\\/schema\\\/person\\\/2db77e3c6bc03c538495d7b2b8be9b66\",\"name\":\"f1000024\",\"image\":{\"@type\":\"ImageObject\",\"inLanguage\":\"es\",\"@id\":\"https:\\\/\\\/secure.gravatar.com\\\/avatar\\\/d4fe7459cfc51ff5129ce1a732bbef5928568b8092d412ef95611616376bbeed?s=96&d=mm&r=g\",\"url\":\"https:\\\/\\\/secure.gravatar.com\\\/avatar\\\/d4fe7459cfc51ff5129ce1a732bbef5928568b8092d412ef95611616376bbeed?s=96&d=mm&r=g\",\"contentUrl\":\"https:\\\/\\\/secure.gravatar.com\\\/avatar\\\/d4fe7459cfc51ff5129ce1a732bbef5928568b8092d412ef95611616376bbeed?s=96&d=mm&r=g\",\"caption\":\"f1000024\"},\"url\":\"https:\\\/\\\/cvinoticias.com\\\/v3\\\/author\\\/f1000024\\\/\"}]}<\/script>\n<!-- \/ Yoast SEO plugin. -->","yoast_head_json":{"title":"Temporal en Misiones: m\u00e1s de 200 familias fueron asistidas | CVI NOTICIAS","description":"M\u00e1s de 200 familias recibieron asistencia tras los temporales que afectaron a distintas localidades de Misiones.","robots":{"index":"index","follow":"follow","max-snippet":"max-snippet:-1","max-image-preview":"max-image-preview:large","max-video-preview":"max-video-preview:-1"},"canonical":"https:\/\/cvinoticias.com\/v3\/la-provincia-asistio-a-mas-de-200-familias-mientras-continuan-los-operativos-para-restablecer-servicios-tras-el-temporal\/","og_locale":"es_ES","og_type":"article","og_title":"Temporal en Misiones: m\u00e1s de 200 familias fueron asistidas | CVI NOTICIAS","og_description":"M\u00e1s de 200 familias recibieron asistencia tras los temporales que afectaron a distintas localidades de Misiones.","og_url":"https:\/\/cvinoticias.com\/v3\/la-provincia-asistio-a-mas-de-200-familias-mientras-continuan-los-operativos-para-restablecer-servicios-tras-el-temporal\/","og_site_name":"CVI NOTICIAS","article_publisher":"https:\/\/www.facebook.com\/cvinoticias","article_published_time":"2026-09-01T12:10:30+00:00","article_modified_time":"2026-09-01T12:10:31+00:00","og_image":[{"width":1089,"height":730,"url":"https:\/\/cvinoticias.com\/wp-content\/uploads\/2026\/09\/WhatsApp-Image-2026-08-31-at-12.28.44-1-e1788220959771.webp","type":"image\/webp"}],"author":"f1000024","twitter_card":"summary_large_image","twitter_misc":{"Escrito por":"f1000024","Tiempo de lectura":"7 minutos"},"schema":{"@context":"https:\/\/schema.org","@graph":[{"@type":"Article","@id":"https:\/\/cvinoticias.com\/v3\/la-provincia-asistio-a-mas-de-200-familias-mientras-continuan-los-operativos-para-restablecer-servicios-tras-el-temporal\/#article","isPartOf":{"@id":"https:\/\/cvinoticias.com\/v3\/la-provincia-asistio-a-mas-de-200-familias-mientras-continuan-los-operativos-para-restablecer-servicios-tras-el-temporal\/"},"author":{"name":"f1000024","@id":"https:\/\/cvinoticias.com\/v3\/#\/schema\/person\/2db77e3c6bc03c538495d7b2b8be9b66"},"headline":"La Provincia asisti\u00f3 a m\u00e1s de 200 familias mientras contin\u00faan los operativos para restablecer servicios tras el temporal","datePublished":"2026-09-01T12:10:30+00:00","dateModified":"2026-09-01T12:10:31+00:00","mainEntityOfPage":{"@id":"https:\/\/cvinoticias.com\/v3\/la-provincia-asistio-a-mas-de-200-familias-mientras-continuan-los-operativos-para-restablecer-servicios-tras-el-temporal\/"},"wordCount":1433,"commentCount":0,"publisher":{"@id":"https:\/\/cvinoticias.com\/v3\/#organization"},"image":{"@id":"https:\/\/cvinoticias.com\/v3\/la-provincia-asistio-a-mas-de-200-familias-mientras-continuan-los-operativos-para-restablecer-servicios-tras-el-temporal\/#primaryimage"},"thumbnailUrl":"https:\/\/cvinoticias.com\/wp-content\/uploads\/2026\/09\/WhatsApp-Image-2026-08-31-at-12.28.44-1-e1788220959771.webp","keywords":["200","familias","Operativos","Temporal"],"articleSection":["Misiones"],"inLanguage":"es","potentialAction":[{"@type":"CommentAction","name":"Comment","target":["https:\/\/cvinoticias.com\/v3\/la-provincia-asistio-a-mas-de-200-familias-mientras-continuan-los-operativos-para-restablecer-servicios-tras-el-temporal\/#respond"]}]},{"@type":"WebPage","@id":"https:\/\/cvinoticias.com\/v3\/la-provincia-asistio-a-mas-de-200-familias-mientras-continuan-los-operativos-para-restablecer-servicios-tras-el-temporal\/","url":"https:\/\/cvinoticias.com\/v3\/la-provincia-asistio-a-mas-de-200-familias-mientras-continuan-los-operativos-para-restablecer-servicios-tras-el-temporal\/","name":"Temporal en Misiones: m\u00e1s de 200 familias fueron asistidas | CVI NOTICIAS","isPartOf":{"@id":"https:\/\/cvinoticias.com\/v3\/#website"},"primaryImageOfPage":{"@id":"https:\/\/cvinoticias.com\/v3\/la-provincia-asistio-a-mas-de-200-familias-mientras-continuan-los-operativos-para-restablecer-servicios-tras-el-temporal\/#primaryimage"},"image":{"@id":"https:\/\/cvinoticias.com\/v3\/la-provincia-asistio-a-mas-de-200-familias-mientras-continuan-los-operativos-para-restablecer-servicios-tras-el-temporal\/#primaryimage"},"thumbnailUrl":"https:\/\/cvinoticias.com\/wp-content\/uploads\/2026\/09\/WhatsApp-Image-2026-08-31-at-12.28.44-1-e1788220959771.webp","datePublished":"2026-09-01T12:10:30+00:00","dateModified":"2026-09-01T12:10:31+00:00","description":"M\u00e1s de 200 familias recibieron asistencia tras los temporales que afectaron a distintas localidades de Misiones.","breadcrumb":{"@id":"https:\/\/cvinoticias.com\/v3\/la-provincia-asistio-a-mas-de-200-familias-mientras-continuan-los-operativos-para-restablecer-servicios-tras-el-temporal\/#breadcrumb"},"inLanguage":"es","potentialAction":[{"@type":"ReadAction","target":["https:\/\/cvinoticias.com\/v3\/la-provincia-asistio-a-mas-de-200-familias-mientras-continuan-los-operativos-para-restablecer-servicios-tras-el-temporal\/"]}]},{"@type":"ImageObject","inLanguage":"es","@id":"https:\/\/cvinoticias.com\/v3\/la-provincia-asistio-a-mas-de-200-familias-mientras-continuan-los-operativos-para-restablecer-servicios-tras-el-temporal\/#primaryimage","url":"https:\/\/cvinoticias.com\/wp-content\/uploads\/2026\/09\/WhatsApp-Image-2026-08-31-at-12.28.44-1-e1788220959771.webp","contentUrl":"https:\/\/cvinoticias.com\/wp-content\/uploads\/2026\/09\/WhatsApp-Image-2026-08-31-at-12.28.44-1-e1788220959771.webp","width":1089,"height":730},{"@type":"BreadcrumbList","@id":"https:\/\/cvinoticias.com\/v3\/la-provincia-asistio-a-mas-de-200-familias-mientras-continuan-los-operativos-para-restablecer-servicios-tras-el-temporal\/#breadcrumb","itemListElement":[{"@type":"ListItem","position":1,"name":"Portada","item":"https:\/\/cvinoticias.com\/v3\/"},{"@type":"ListItem","position":2,"name":"La Provincia asisti\u00f3 a m\u00e1s de 200 familias mientras contin\u00faan los operativos para restablecer servicios tras el temporal"}]},{"@type":"WebSite","@id":"https:\/\/cvinoticias.com\/v3\/#website","url":"https:\/\/cvinoticias.com\/v3\/","name":"CVI NOTICIAS","description":"","publisher":{"@id":"https:\/\/cvinoticias.com\/v3\/#organization"},"alternateName":"CVI","potentialAction":[{"@type":"SearchAction","target":{"@type":"EntryPoint","urlTemplate":"https:\/\/cvinoticias.com\/v3\/?s={search_term_string}"},"query-input":{"@type":"PropertyValueSpecification","valueRequired":true,"valueName":"search_term_string"}}],"inLanguage":"es"},{"@type":"Organization","@id":"https:\/\/cvinoticias.com\/v3\/#organization","name":"CVI NOTICIAS","url":"https:\/\/cvinoticias.com\/v3\/","logo":{"@type":"ImageObject","inLanguage":"es","@id":"https:\/\/cvinoticias.com\/v3\/#\/schema\/logo\/image\/","url":"https:\/\/cvinoticias.com\/wp-content\/uploads\/2023\/04\/cropped-cropped-cropped-cropped-cropped-3-1.png","contentUrl":"https:\/\/cvinoticias.com\/wp-content\/uploads\/2023\/04\/cropped-cropped-cropped-cropped-cropped-3-1.png","width":95,"height":122,"caption":"CVI NOTICIAS"},"image":{"@id":"https:\/\/cvinoticias.com\/v3\/#\/schema\/logo\/image\/"},"sameAs":["https:\/\/www.facebook.com\/cvinoticias","https:\/\/www.instagram.com\/cvinoticias\/","https:\/\/www.youtube.com\/@CVINOTICIAS"]},{"@type":"Person","@id":"https:\/\/cvinoticias.com\/v3\/#\/schema\/person\/2db77e3c6bc03c538495d7b2b8be9b66","name":"f1000024","image":{"@type":"ImageObject","inLanguage":"es","@id":"https:\/\/secure.gravatar.com\/avatar\/d4fe7459cfc51ff5129ce1a732bbef5928568b8092d412ef95611616376bbeed?s=96&d=mm&r=g","url":"https:\/\/secure.gravatar.com\/avatar\/d4fe7459cfc51ff5129ce1a732bbef5928568b8092d412ef95611616376bbeed?s=96&d=mm&r=g","contentUrl":"https:\/\/secure.gravatar.com\/avatar\/d4fe7459cfc51ff5129ce1a732bbef5928568b8092d412ef95611616376bbeed?s=96&d=mm&r=g","caption":"f1000024"},"url":"https:\/\/cvinoticias.com\/v3\/author\/f1000024\/"}]}},"_links":{"self":[{"href":"https:\/\/cvinoticias.com\/v3\/wp-json\/wp\/v2\/posts\/62637","targetHints":{"allow":["GET"]}}],"collection":[{"href":"https:\/\/cvinoticias.com\/v3\/wp-json\/wp\/v2\/posts"}],"about":[{"href":"https:\/\/cvinoticias.com\/v3\/wp-json\/wp\/v2\/types\/post"}],"author":[{"embeddable":true,"href":"https:\/\/cvinoticias.com\/v3\/wp-json\/wp\/v2\/users\/2"}],"replies":[{"embeddable":true,"href":"https:\/\/cvinoticias.com\/v3\/wp-json\/wp\/v2\/comments?post=62637"}],"version-history":[{"count":1,"href":"https:\/\/cvinoticias.com\/v3\/wp-json\/wp\/v2\/posts\/62637\/revisions"}],"predecessor-version":[{"id":62639,"href":"https:\/\/cvinoticias.com\/v3\/wp-json\/wp\/v2\/posts\/62637\/revisions\/62639"}],"wp:featuredmedia":[{"embeddable":true,"href":"https:\/\/cvinoticias.com\/v3\/wp-json\/wp\/v2\/media\/62638"}],"wp:attachment":[{"href":"https:\/\/cvinoticias.com\/v3\/wp-json\/wp\/v2\/media?parent=62637"}],"wp:term":[{"taxonomy":"category","embeddable":true,"href":"https:\/\/cvinoticias.com\/v3\/wp-json\/wp\/v2\/categories?post=62637"},{"taxonomy":"post_tag","embeddable":true,"href":"https:\/\/cvinoticias.com\/v3\/wp-json\/wp\/v2\/tags?post=62637"}],"curies":[{"name":"wp","href":"https:\/\/api.w.org\/{rel}","templated":true}]}}