{"id":62628,"date":"2026-09-01T08:59:47","date_gmt":"2026-09-01T11:59:47","guid":{"rendered":"https:\/\/cvinoticias.com\/v3\/?p=62628"},"modified":"2026-09-01T08:59:49","modified_gmt":"2026-09-01T11:59:49","slug":"dia-del-periodista-agropecuario-por-que-se-conmemora-cada-1-de-septiembre","status":"publish","type":"post","link":"https:\/\/cvinoticias.com\/v3\/dia-del-periodista-agropecuario-por-que-se-conmemora-cada-1-de-septiembre\/","title":{"rendered":"D\u00eda del Periodista Agropecuario: por qu\u00e9 se conmemora cada 1\u00b0 de septiembre"},"content":{"rendered":"\n<p class=\"wp-block-paragraph\">Cada <strong>1\u00b0 de septiembre<\/strong>, Argentina conmemora el <strong>D\u00eda del Periodista Agropecuario<\/strong>, una fecha que reconoce a los profesionales dedicados a informar sobre la actividad rural, la producci\u00f3n, la econom\u00eda agropecuaria y la realidad de las comunidades vinculadas al campo.<\/p>\n\n\n\n<p class=\"wp-block-paragraph\">La elecci\u00f3n de la fecha tiene un origen hist\u00f3rico que se remonta a los primeros a\u00f1os del periodismo en el R\u00edo de la Plata y est\u00e1 relacionada con la figura de <strong>Juan Hip\u00f3lito Vieytes<\/strong>, considerado uno de los pioneros del periodismo especializado en temas agropecuarios. <\/p>\n\n\n\n<h2 class=\"wp-block-heading\">El origen de la fecha<\/h2>\n\n\n\n<p class=\"wp-block-paragraph\">El <strong>1\u00b0 de septiembre de 1802<\/strong>, Vieytes public\u00f3 el primer n\u00famero del <strong>Semanario de Agricultura, Industria y Comercio<\/strong>, una publicaci\u00f3n que dedic\u00f3 buena parte de sus contenidos a la agricultura, la producci\u00f3n y las actividades econ\u00f3micas de la \u00e9poca. Por este motivo, aquel acontecimiento es considerado un antecedente fundamental del periodismo agropecuario argentino. <\/p>\n\n\n\n<p class=\"wp-block-paragraph\">La publicaci\u00f3n apareci\u00f3 en una \u00e9poca en la que todav\u00eda no exist\u00eda la Argentina como Estado independiente. El territorio formaba parte del <strong>Virreinato del R\u00edo de la Plata<\/strong>, y las ideas de la Ilustraci\u00f3n comenzaban a impulsar debates sobre la educaci\u00f3n, la producci\u00f3n y el desarrollo econ\u00f3mico.<\/p>\n\n\n\n<p class=\"wp-block-paragraph\">En ese contexto, Vieytes entend\u00eda que la difusi\u00f3n de conocimientos vinculados con la agricultura pod\u00eda contribuir al crecimiento de la sociedad. El semanario buscaba acercar informaci\u00f3n y conocimientos \u00fatiles para mejorar las pr\u00e1cticas productivas y promover el desarrollo econ\u00f3mico. <\/p>\n\n\n\n<h2 class=\"wp-block-heading\">Hip\u00f3lito Vieytes y el periodismo agropecuario<\/h2>\n\n\n\n<p class=\"wp-block-paragraph\">La figura de Vieytes qued\u00f3 asociada al nacimiento de esta especializaci\u00f3n period\u00edstica porque su publicaci\u00f3n abord\u00f3 de manera sistem\u00e1tica cuestiones relacionadas con el campo y la producci\u00f3n.<\/p>\n\n\n\n<p class=\"wp-block-paragraph\">Su mirada estaba atravesada por las ideas econ\u00f3micas de la \u00e9poca y por la convicci\u00f3n de que el desarrollo de la agricultura pod\u00eda tener un impacto directo sobre la prosperidad de los pueblos. Esa concepci\u00f3n qued\u00f3 reflejada en los contenidos del semanario y posteriormente se convirti\u00f3 en uno de los antecedentes hist\u00f3ricos del periodismo rural argentino. (<a href=\"https:\/\/www.abopa.org.ar\/noticias\/hoy-festejamos-el-dia-del-periodista-agropecuario\/?utm_source=chatgpt.com\">Abopa<\/a>)<\/p>\n\n\n\n<p class=\"wp-block-paragraph\">El <strong>Semanario de Agricultura, Industria y Comercio<\/strong> continu\u00f3 public\u00e1ndose durante varios a\u00f1os y dej\u00f3 de aparecer en <strong>1807<\/strong>, pero su aparici\u00f3n marc\u00f3 un antecedente para las publicaciones especializadas que posteriormente acompa\u00f1aron la evoluci\u00f3n del sector agropecuario. <\/p>\n\n\n\n<h2 class=\"wp-block-heading\">Una especializaci\u00f3n que acompa\u00f1\u00f3 al campo argentino<\/h2>\n\n\n\n<p class=\"wp-block-paragraph\">Con el paso del tiempo, el periodismo agropecuario se consolid\u00f3 como una especializaci\u00f3n destinada a cubrir una actividad central para la econom\u00eda y la vida social del pa\u00eds.<\/p>\n\n\n\n<p class=\"wp-block-paragraph\">Los periodistas dedicados a este sector informan sobre <strong>producci\u00f3n agr\u00edcola y ganadera, mercados, clima, tecnolog\u00eda, pol\u00edticas agropecuarias, innovaci\u00f3n, comercio y las problem\u00e1ticas de las comunidades rurales<\/strong>. Su trabajo tambi\u00e9n permite acercar la realidad del campo a quienes viven en las ciudades. <\/p>\n\n\n\n<p class=\"wp-block-paragraph\">La fecha fue instaurada como jornada de reconocimiento en <strong>1989 por el C\u00edrculo Argentino de Periodistas Agrarios<\/strong>, tomando como referencia aquel primer n\u00famero del semanario de Vieytes.<\/p>\n\n\n\n<p class=\"wp-block-paragraph\"><\/p>\n","protected":false},"excerpt":{"rendered":"<p>Cada 1\u00b0 de septiembre, Argentina conmemora el D\u00eda del Periodista Agropecuario, una fecha que reconoce a los profesionales dedicados a informar sobre la actividad rural, la producci\u00f3n, la econom\u00eda agropecuaria y la realidad de las comunidades vinculadas al campo. La elecci\u00f3n de la fecha tiene un origen hist\u00f3rico que se remonta a los primeros a\u00f1os [&hellip;]<\/p>\n","protected":false},"author":2,"featured_media":62632,"comment_status":"open","ping_status":"closed","sticky":false,"template":"","format":"standard","meta":{"footnotes":""},"categories":[442],"tags":[7093,276,554,1181],"class_list":["post-62628","post","type-post","status-publish","format-standard","has-post-thumbnail","hentry","category-efemerides-2","tag-agropecuario","tag-argentina","tag-dia","tag-periodista"],"yoast_head":"<!-- This site is optimized with the Yoast SEO plugin v28.4 - https:\/\/yoast.com\/product\/yoast-seo-wordpress\/ -->\n<title>D\u00eda del Periodista Agropecuario: \u00bfpor qu\u00e9 se celebra el 1\u00b0 de septiembre? | CVI NOTICIAS<\/title>\n<meta name=\"description\" content=\"Conoc\u00e9 por qu\u00e9 el 1\u00b0 de septiembre se celebra el D\u00eda del Periodista Agropecuario y su origen hist\u00f3rico en Argentina.\" \/>\n<meta name=\"robots\" content=\"index, follow, max-snippet:-1, max-image-preview:large, max-video-preview:-1\" \/>\n<link rel=\"canonical\" href=\"https:\/\/cvinoticias.com\/v3\/dia-del-periodista-agropecuario-por-que-se-conmemora-cada-1-de-septiembre\/\" \/>\n<meta property=\"og:locale\" content=\"es_ES\" \/>\n<meta property=\"og:type\" content=\"article\" \/>\n<meta property=\"og:title\" content=\"D\u00eda del Periodista Agropecuario: \u00bfpor qu\u00e9 se celebra el 1\u00b0 de septiembre? | CVI NOTICIAS\" \/>\n<meta property=\"og:description\" content=\"Conoc\u00e9 por qu\u00e9 el 1\u00b0 de septiembre se celebra el D\u00eda del Periodista Agropecuario y su origen hist\u00f3rico en Argentina.\" \/>\n<meta property=\"og:url\" content=\"https:\/\/cvinoticias.com\/v3\/dia-del-periodista-agropecuario-por-que-se-conmemora-cada-1-de-septiembre\/\" \/>\n<meta property=\"og:site_name\" content=\"CVI NOTICIAS\" \/>\n<meta property=\"article:publisher\" content=\"https:\/\/www.facebook.com\/cvinoticias\" \/>\n<meta property=\"article:published_time\" content=\"2026-09-01T11:59:47+00:00\" \/>\n<meta property=\"article:modified_time\" content=\"2026-09-01T11:59:49+00:00\" \/>\n<meta property=\"og:image\" content=\"https:\/\/cvinoticias.com\/wp-content\/uploads\/2026\/09\/Norberto-Melone-2-Bichos-de-campo-scaled-1.jpg\" \/>\n\t<meta property=\"og:image:width\" content=\"2560\" \/>\n\t<meta property=\"og:image:height\" content=\"1701\" \/>\n\t<meta property=\"og:image:type\" content=\"image\/jpeg\" \/>\n<meta name=\"author\" content=\"f1000024\" \/>\n<meta name=\"twitter:card\" content=\"summary_large_image\" \/>\n<meta name=\"twitter:label1\" content=\"Escrito por\" \/>\n\t<meta name=\"twitter:data1\" content=\"f1000024\" \/>\n\t<meta name=\"twitter:label2\" content=\"Tiempo de lectura\" \/>\n\t<meta name=\"twitter:data2\" content=\"3 minutos\" \/>\n<script type=\"application\/ld+json\" class=\"yoast-schema-graph\">{\"@context\":\"https:\\\/\\\/schema.org\",\"@graph\":[{\"@type\":\"Article\",\"@id\":\"https:\\\/\\\/cvinoticias.com\\\/v3\\\/dia-del-periodista-agropecuario-por-que-se-conmemora-cada-1-de-septiembre\\\/#article\",\"isPartOf\":{\"@id\":\"https:\\\/\\\/cvinoticias.com\\\/v3\\\/dia-del-periodista-agropecuario-por-que-se-conmemora-cada-1-de-septiembre\\\/\"},\"author\":{\"name\":\"f1000024\",\"@id\":\"https:\\\/\\\/cvinoticias.com\\\/v3\\\/#\\\/schema\\\/person\\\/2db77e3c6bc03c538495d7b2b8be9b66\"},\"headline\":\"D\u00eda del Periodista Agropecuario: por qu\u00e9 se conmemora cada 1\u00b0 de septiembre\",\"datePublished\":\"2026-09-01T11:59:47+00:00\",\"dateModified\":\"2026-09-01T11:59:49+00:00\",\"mainEntityOfPage\":{\"@id\":\"https:\\\/\\\/cvinoticias.com\\\/v3\\\/dia-del-periodista-agropecuario-por-que-se-conmemora-cada-1-de-septiembre\\\/\"},\"wordCount\":519,\"commentCount\":0,\"publisher\":{\"@id\":\"https:\\\/\\\/cvinoticias.com\\\/v3\\\/#organization\"},\"image\":{\"@id\":\"https:\\\/\\\/cvinoticias.com\\\/v3\\\/dia-del-periodista-agropecuario-por-que-se-conmemora-cada-1-de-septiembre\\\/#primaryimage\"},\"thumbnailUrl\":\"https:\\\/\\\/cvinoticias.com\\\/wp-content\\\/uploads\\\/2026\\\/09\\\/Norberto-Melone-2-Bichos-de-campo-scaled-1.jpg\",\"keywords\":[\"agropecuario\",\"Argentina\",\"D\u00eda\",\"Periodista\"],\"articleSection\":[\"EFEMERIDES\"],\"inLanguage\":\"es\",\"potentialAction\":[{\"@type\":\"CommentAction\",\"name\":\"Comment\",\"target\":[\"https:\\\/\\\/cvinoticias.com\\\/v3\\\/dia-del-periodista-agropecuario-por-que-se-conmemora-cada-1-de-septiembre\\\/#respond\"]}]},{\"@type\":\"WebPage\",\"@id\":\"https:\\\/\\\/cvinoticias.com\\\/v3\\\/dia-del-periodista-agropecuario-por-que-se-conmemora-cada-1-de-septiembre\\\/\",\"url\":\"https:\\\/\\\/cvinoticias.com\\\/v3\\\/dia-del-periodista-agropecuario-por-que-se-conmemora-cada-1-de-septiembre\\\/\",\"name\":\"D\u00eda del Periodista Agropecuario: \u00bfpor qu\u00e9 se celebra el 1\u00b0 de septiembre? | CVI NOTICIAS\",\"isPartOf\":{\"@id\":\"https:\\\/\\\/cvinoticias.com\\\/v3\\\/#website\"},\"primaryImageOfPage\":{\"@id\":\"https:\\\/\\\/cvinoticias.com\\\/v3\\\/dia-del-periodista-agropecuario-por-que-se-conmemora-cada-1-de-septiembre\\\/#primaryimage\"},\"image\":{\"@id\":\"https:\\\/\\\/cvinoticias.com\\\/v3\\\/dia-del-periodista-agropecuario-por-que-se-conmemora-cada-1-de-septiembre\\\/#primaryimage\"},\"thumbnailUrl\":\"https:\\\/\\\/cvinoticias.com\\\/wp-content\\\/uploads\\\/2026\\\/09\\\/Norberto-Melone-2-Bichos-de-campo-scaled-1.jpg\",\"datePublished\":\"2026-09-01T11:59:47+00:00\",\"dateModified\":\"2026-09-01T11:59:49+00:00\",\"description\":\"Conoc\u00e9 por qu\u00e9 el 1\u00b0 de septiembre se celebra el D\u00eda del Periodista Agropecuario y su origen hist\u00f3rico en Argentina.\",\"breadcrumb\":{\"@id\":\"https:\\\/\\\/cvinoticias.com\\\/v3\\\/dia-del-periodista-agropecuario-por-que-se-conmemora-cada-1-de-septiembre\\\/#breadcrumb\"},\"inLanguage\":\"es\",\"potentialAction\":[{\"@type\":\"ReadAction\",\"target\":[\"https:\\\/\\\/cvinoticias.com\\\/v3\\\/dia-del-periodista-agropecuario-por-que-se-conmemora-cada-1-de-septiembre\\\/\"]}]},{\"@type\":\"ImageObject\",\"inLanguage\":\"es\",\"@id\":\"https:\\\/\\\/cvinoticias.com\\\/v3\\\/dia-del-periodista-agropecuario-por-que-se-conmemora-cada-1-de-septiembre\\\/#primaryimage\",\"url\":\"https:\\\/\\\/cvinoticias.com\\\/wp-content\\\/uploads\\\/2026\\\/09\\\/Norberto-Melone-2-Bichos-de-campo-scaled-1.jpg\",\"contentUrl\":\"https:\\\/\\\/cvinoticias.com\\\/wp-content\\\/uploads\\\/2026\\\/09\\\/Norberto-Melone-2-Bichos-de-campo-scaled-1.jpg\",\"width\":2560,\"height\":1701},{\"@type\":\"BreadcrumbList\",\"@id\":\"https:\\\/\\\/cvinoticias.com\\\/v3\\\/dia-del-periodista-agropecuario-por-que-se-conmemora-cada-1-de-septiembre\\\/#breadcrumb\",\"itemListElement\":[{\"@type\":\"ListItem\",\"position\":1,\"name\":\"Portada\",\"item\":\"https:\\\/\\\/cvinoticias.com\\\/v3\\\/\"},{\"@type\":\"ListItem\",\"position\":2,\"name\":\"D\u00eda del Periodista Agropecuario: por qu\u00e9 se conmemora cada 1\u00b0 de septiembre\"}]},{\"@type\":\"WebSite\",\"@id\":\"https:\\\/\\\/cvinoticias.com\\\/v3\\\/#website\",\"url\":\"https:\\\/\\\/cvinoticias.com\\\/v3\\\/\",\"name\":\"CVI NOTICIAS\",\"description\":\"\",\"publisher\":{\"@id\":\"https:\\\/\\\/cvinoticias.com\\\/v3\\\/#organization\"},\"alternateName\":\"CVI\",\"potentialAction\":[{\"@type\":\"SearchAction\",\"target\":{\"@type\":\"EntryPoint\",\"urlTemplate\":\"https:\\\/\\\/cvinoticias.com\\\/v3\\\/?s={search_term_string}\"},\"query-input\":{\"@type\":\"PropertyValueSpecification\",\"valueRequired\":true,\"valueName\":\"search_term_string\"}}],\"inLanguage\":\"es\"},{\"@type\":\"Organization\",\"@id\":\"https:\\\/\\\/cvinoticias.com\\\/v3\\\/#organization\",\"name\":\"CVI NOTICIAS\",\"url\":\"https:\\\/\\\/cvinoticias.com\\\/v3\\\/\",\"logo\":{\"@type\":\"ImageObject\",\"inLanguage\":\"es\",\"@id\":\"https:\\\/\\\/cvinoticias.com\\\/v3\\\/#\\\/schema\\\/logo\\\/image\\\/\",\"url\":\"https:\\\/\\\/cvinoticias.com\\\/wp-content\\\/uploads\\\/2023\\\/04\\\/cropped-cropped-cropped-cropped-cropped-3-1.png\",\"contentUrl\":\"https:\\\/\\\/cvinoticias.com\\\/wp-content\\\/uploads\\\/2023\\\/04\\\/cropped-cropped-cropped-cropped-cropped-3-1.png\",\"width\":95,\"height\":122,\"caption\":\"CVI NOTICIAS\"},\"image\":{\"@id\":\"https:\\\/\\\/cvinoticias.com\\\/v3\\\/#\\\/schema\\\/logo\\\/image\\\/\"},\"sameAs\":[\"https:\\\/\\\/www.facebook.com\\\/cvinoticias\",\"https:\\\/\\\/www.instagram.com\\\/cvinoticias\\\/\",\"https:\\\/\\\/www.youtube.com\\\/@CVINOTICIAS\"]},{\"@type\":\"Person\",\"@id\":\"https:\\\/\\\/cvinoticias.com\\\/v3\\\/#\\\/schema\\\/person\\\/2db77e3c6bc03c538495d7b2b8be9b66\",\"name\":\"f1000024\",\"image\":{\"@type\":\"ImageObject\",\"inLanguage\":\"es\",\"@id\":\"https:\\\/\\\/secure.gravatar.com\\\/avatar\\\/d4fe7459cfc51ff5129ce1a732bbef5928568b8092d412ef95611616376bbeed?s=96&d=mm&r=g\",\"url\":\"https:\\\/\\\/secure.gravatar.com\\\/avatar\\\/d4fe7459cfc51ff5129ce1a732bbef5928568b8092d412ef95611616376bbeed?s=96&d=mm&r=g\",\"contentUrl\":\"https:\\\/\\\/secure.gravatar.com\\\/avatar\\\/d4fe7459cfc51ff5129ce1a732bbef5928568b8092d412ef95611616376bbeed?s=96&d=mm&r=g\",\"caption\":\"f1000024\"},\"url\":\"https:\\\/\\\/cvinoticias.com\\\/v3\\\/author\\\/f1000024\\\/\"}]}<\/script>\n<!-- \/ Yoast SEO plugin. -->","yoast_head_json":{"title":"D\u00eda del Periodista Agropecuario: \u00bfpor qu\u00e9 se celebra el 1\u00b0 de septiembre? | CVI NOTICIAS","description":"Conoc\u00e9 por qu\u00e9 el 1\u00b0 de septiembre se celebra el D\u00eda del Periodista Agropecuario y su origen hist\u00f3rico en Argentina.","robots":{"index":"index","follow":"follow","max-snippet":"max-snippet:-1","max-image-preview":"max-image-preview:large","max-video-preview":"max-video-preview:-1"},"canonical":"https:\/\/cvinoticias.com\/v3\/dia-del-periodista-agropecuario-por-que-se-conmemora-cada-1-de-septiembre\/","og_locale":"es_ES","og_type":"article","og_title":"D\u00eda del Periodista Agropecuario: \u00bfpor qu\u00e9 se celebra el 1\u00b0 de septiembre? | CVI NOTICIAS","og_description":"Conoc\u00e9 por qu\u00e9 el 1\u00b0 de septiembre se celebra el D\u00eda del Periodista Agropecuario y su origen hist\u00f3rico en Argentina.","og_url":"https:\/\/cvinoticias.com\/v3\/dia-del-periodista-agropecuario-por-que-se-conmemora-cada-1-de-septiembre\/","og_site_name":"CVI NOTICIAS","article_publisher":"https:\/\/www.facebook.com\/cvinoticias","article_published_time":"2026-09-01T11:59:47+00:00","article_modified_time":"2026-09-01T11:59:49+00:00","og_image":[{"width":2560,"height":1701,"url":"https:\/\/cvinoticias.com\/wp-content\/uploads\/2026\/09\/Norberto-Melone-2-Bichos-de-campo-scaled-1.jpg","type":"image\/jpeg"}],"author":"f1000024","twitter_card":"summary_large_image","twitter_misc":{"Escrito por":"f1000024","Tiempo de lectura":"3 minutos"},"schema":{"@context":"https:\/\/schema.org","@graph":[{"@type":"Article","@id":"https:\/\/cvinoticias.com\/v3\/dia-del-periodista-agropecuario-por-que-se-conmemora-cada-1-de-septiembre\/#article","isPartOf":{"@id":"https:\/\/cvinoticias.com\/v3\/dia-del-periodista-agropecuario-por-que-se-conmemora-cada-1-de-septiembre\/"},"author":{"name":"f1000024","@id":"https:\/\/cvinoticias.com\/v3\/#\/schema\/person\/2db77e3c6bc03c538495d7b2b8be9b66"},"headline":"D\u00eda del Periodista Agropecuario: por qu\u00e9 se conmemora cada 1\u00b0 de septiembre","datePublished":"2026-09-01T11:59:47+00:00","dateModified":"2026-09-01T11:59:49+00:00","mainEntityOfPage":{"@id":"https:\/\/cvinoticias.com\/v3\/dia-del-periodista-agropecuario-por-que-se-conmemora-cada-1-de-septiembre\/"},"wordCount":519,"commentCount":0,"publisher":{"@id":"https:\/\/cvinoticias.com\/v3\/#organization"},"image":{"@id":"https:\/\/cvinoticias.com\/v3\/dia-del-periodista-agropecuario-por-que-se-conmemora-cada-1-de-septiembre\/#primaryimage"},"thumbnailUrl":"https:\/\/cvinoticias.com\/wp-content\/uploads\/2026\/09\/Norberto-Melone-2-Bichos-de-campo-scaled-1.jpg","keywords":["agropecuario","Argentina","D\u00eda","Periodista"],"articleSection":["EFEMERIDES"],"inLanguage":"es","potentialAction":[{"@type":"CommentAction","name":"Comment","target":["https:\/\/cvinoticias.com\/v3\/dia-del-periodista-agropecuario-por-que-se-conmemora-cada-1-de-septiembre\/#respond"]}]},{"@type":"WebPage","@id":"https:\/\/cvinoticias.com\/v3\/dia-del-periodista-agropecuario-por-que-se-conmemora-cada-1-de-septiembre\/","url":"https:\/\/cvinoticias.com\/v3\/dia-del-periodista-agropecuario-por-que-se-conmemora-cada-1-de-septiembre\/","name":"D\u00eda del Periodista Agropecuario: \u00bfpor qu\u00e9 se celebra el 1\u00b0 de septiembre? | CVI NOTICIAS","isPartOf":{"@id":"https:\/\/cvinoticias.com\/v3\/#website"},"primaryImageOfPage":{"@id":"https:\/\/cvinoticias.com\/v3\/dia-del-periodista-agropecuario-por-que-se-conmemora-cada-1-de-septiembre\/#primaryimage"},"image":{"@id":"https:\/\/cvinoticias.com\/v3\/dia-del-periodista-agropecuario-por-que-se-conmemora-cada-1-de-septiembre\/#primaryimage"},"thumbnailUrl":"https:\/\/cvinoticias.com\/wp-content\/uploads\/2026\/09\/Norberto-Melone-2-Bichos-de-campo-scaled-1.jpg","datePublished":"2026-09-01T11:59:47+00:00","dateModified":"2026-09-01T11:59:49+00:00","description":"Conoc\u00e9 por qu\u00e9 el 1\u00b0 de septiembre se celebra el D\u00eda del Periodista Agropecuario y su origen hist\u00f3rico en Argentina.","breadcrumb":{"@id":"https:\/\/cvinoticias.com\/v3\/dia-del-periodista-agropecuario-por-que-se-conmemora-cada-1-de-septiembre\/#breadcrumb"},"inLanguage":"es","potentialAction":[{"@type":"ReadAction","target":["https:\/\/cvinoticias.com\/v3\/dia-del-periodista-agropecuario-por-que-se-conmemora-cada-1-de-septiembre\/"]}]},{"@type":"ImageObject","inLanguage":"es","@id":"https:\/\/cvinoticias.com\/v3\/dia-del-periodista-agropecuario-por-que-se-conmemora-cada-1-de-septiembre\/#primaryimage","url":"https:\/\/cvinoticias.com\/wp-content\/uploads\/2026\/09\/Norberto-Melone-2-Bichos-de-campo-scaled-1.jpg","contentUrl":"https:\/\/cvinoticias.com\/wp-content\/uploads\/2026\/09\/Norberto-Melone-2-Bichos-de-campo-scaled-1.jpg","width":2560,"height":1701},{"@type":"BreadcrumbList","@id":"https:\/\/cvinoticias.com\/v3\/dia-del-periodista-agropecuario-por-que-se-conmemora-cada-1-de-septiembre\/#breadcrumb","itemListElement":[{"@type":"ListItem","position":1,"name":"Portada","item":"https:\/\/cvinoticias.com\/v3\/"},{"@type":"ListItem","position":2,"name":"D\u00eda del Periodista Agropecuario: por qu\u00e9 se conmemora cada 1\u00b0 de septiembre"}]},{"@type":"WebSite","@id":"https:\/\/cvinoticias.com\/v3\/#website","url":"https:\/\/cvinoticias.com\/v3\/","name":"CVI NOTICIAS","description":"","publisher":{"@id":"https:\/\/cvinoticias.com\/v3\/#organization"},"alternateName":"CVI","potentialAction":[{"@type":"SearchAction","target":{"@type":"EntryPoint","urlTemplate":"https:\/\/cvinoticias.com\/v3\/?s={search_term_string}"},"query-input":{"@type":"PropertyValueSpecification","valueRequired":true,"valueName":"search_term_string"}}],"inLanguage":"es"},{"@type":"Organization","@id":"https:\/\/cvinoticias.com\/v3\/#organization","name":"CVI NOTICIAS","url":"https:\/\/cvinoticias.com\/v3\/","logo":{"@type":"ImageObject","inLanguage":"es","@id":"https:\/\/cvinoticias.com\/v3\/#\/schema\/logo\/image\/","url":"https:\/\/cvinoticias.com\/wp-content\/uploads\/2023\/04\/cropped-cropped-cropped-cropped-cropped-3-1.png","contentUrl":"https:\/\/cvinoticias.com\/wp-content\/uploads\/2023\/04\/cropped-cropped-cropped-cropped-cropped-3-1.png","width":95,"height":122,"caption":"CVI NOTICIAS"},"image":{"@id":"https:\/\/cvinoticias.com\/v3\/#\/schema\/logo\/image\/"},"sameAs":["https:\/\/www.facebook.com\/cvinoticias","https:\/\/www.instagram.com\/cvinoticias\/","https:\/\/www.youtube.com\/@CVINOTICIAS"]},{"@type":"Person","@id":"https:\/\/cvinoticias.com\/v3\/#\/schema\/person\/2db77e3c6bc03c538495d7b2b8be9b66","name":"f1000024","image":{"@type":"ImageObject","inLanguage":"es","@id":"https:\/\/secure.gravatar.com\/avatar\/d4fe7459cfc51ff5129ce1a732bbef5928568b8092d412ef95611616376bbeed?s=96&d=mm&r=g","url":"https:\/\/secure.gravatar.com\/avatar\/d4fe7459cfc51ff5129ce1a732bbef5928568b8092d412ef95611616376bbeed?s=96&d=mm&r=g","contentUrl":"https:\/\/secure.gravatar.com\/avatar\/d4fe7459cfc51ff5129ce1a732bbef5928568b8092d412ef95611616376bbeed?s=96&d=mm&r=g","caption":"f1000024"},"url":"https:\/\/cvinoticias.com\/v3\/author\/f1000024\/"}]}},"_links":{"self":[{"href":"https:\/\/cvinoticias.com\/v3\/wp-json\/wp\/v2\/posts\/62628","targetHints":{"allow":["GET"]}}],"collection":[{"href":"https:\/\/cvinoticias.com\/v3\/wp-json\/wp\/v2\/posts"}],"about":[{"href":"https:\/\/cvinoticias.com\/v3\/wp-json\/wp\/v2\/types\/post"}],"author":[{"embeddable":true,"href":"https:\/\/cvinoticias.com\/v3\/wp-json\/wp\/v2\/users\/2"}],"replies":[{"embeddable":true,"href":"https:\/\/cvinoticias.com\/v3\/wp-json\/wp\/v2\/comments?post=62628"}],"version-history":[{"count":1,"href":"https:\/\/cvinoticias.com\/v3\/wp-json\/wp\/v2\/posts\/62628\/revisions"}],"predecessor-version":[{"id":62633,"href":"https:\/\/cvinoticias.com\/v3\/wp-json\/wp\/v2\/posts\/62628\/revisions\/62633"}],"wp:featuredmedia":[{"embeddable":true,"href":"https:\/\/cvinoticias.com\/v3\/wp-json\/wp\/v2\/media\/62632"}],"wp:attachment":[{"href":"https:\/\/cvinoticias.com\/v3\/wp-json\/wp\/v2\/media?parent=62628"}],"wp:term":[{"taxonomy":"category","embeddable":true,"href":"https:\/\/cvinoticias.com\/v3\/wp-json\/wp\/v2\/categories?post=62628"},{"taxonomy":"post_tag","embeddable":true,"href":"https:\/\/cvinoticias.com\/v3\/wp-json\/wp\/v2\/tags?post=62628"}],"curies":[{"name":"wp","href":"https:\/\/api.w.org\/{rel}","templated":true}]}}