{"id":62625,"date":"2026-09-01T08:49:59","date_gmt":"2026-09-01T11:49:59","guid":{"rendered":"https:\/\/cvinoticias.com\/v3\/?p=62625"},"modified":"2026-09-01T08:50:01","modified_gmt":"2026-09-01T11:50:01","slug":"dia-de-la-cocinera-y-el-cocinero-el-origen-de-una-fecha-que-reconoce-una-tarea-esencial","status":"publish","type":"post","link":"https:\/\/cvinoticias.com\/v3\/dia-de-la-cocinera-y-el-cocinero-el-origen-de-una-fecha-que-reconoce-una-tarea-esencial\/","title":{"rendered":"D\u00eda de la Cocinera y el Cocinero: el origen de una fecha que reconoce una tarea esencial"},"content":{"rendered":"\n<p class=\"wp-block-paragraph\">Cada 1\u00b0 de septiembre se conmemora el D\u00eda de la Cocinera y el Cocinero, una fecha que busca poner en valor el trabajo de quienes se desempe\u00f1an en las cocinas, especialmente de aquellos que sostienen diariamente los comedores escolares y cumplen una funci\u00f3n fundamental en la alimentaci\u00f3n de ni\u00f1os y adolescentes.<\/p>\n\n\n\n<p class=\"wp-block-paragraph\">Aunque la celebraci\u00f3n suele presentarse como una efem\u00e9ride nacional, su origen formal se encuentra en la provincia de Entre R\u00edos. All\u00ed, el Gobierno provincial estableci\u00f3 mediante el Decreto N.\u00ba 5251, firmado en 2008, que el 1\u00b0 de septiembre ser\u00eda el D\u00eda de la Cocinera, con el objetivo de reconocer y revalorizar la tarea del personal de cocina de los comedores escolares.<\/p>\n\n\n\n<h2 class=\"wp-block-heading\">El contexto detr\u00e1s de la fecha<\/h2>\n\n\n\n<p class=\"wp-block-paragraph\">La elecci\u00f3n de esta jornada estuvo vinculada a una realidad laboral que durante a\u00f1os atraves\u00f3 a las trabajadoras de los comedores escolares entrerrianos. Antes de su reconocimiento como empleadas p\u00fablicas, muchas cocineras desarrollaban sus tareas vinculadas a las cooperadoras escolares y, en algunos casos, eran consideradas colaboradoras o madres de alumnos, sin formar parte formalmente de la estructura estatal.<\/p>\n\n\n\n<p class=\"wp-block-paragraph\">La incorporaci\u00f3n y reconocimiento del sector represent\u00f3, de esta manera, un cambio importante en materia laboral. El decreto estableci\u00f3 adem\u00e1s que la jornada fuera no laborable para las cocineras titulares y suplentes de la provincia.<\/p>\n\n\n\n<h2 class=\"wp-block-heading\">Una tarea que va m\u00e1s all\u00e1 de preparar alimentos<\/h2>\n\n\n\n<p class=\"wp-block-paragraph\">El reconocimiento tiene como eje una actividad que cumple un papel que trasciende la cocina. En los establecimientos educativos, quienes trabajan en los comedores participan diariamente de una tarea vinculada directamente con el acceso a la alimentaci\u00f3n y con la contenci\u00f3n de ni\u00f1os y adolescentes.<\/p>\n\n\n\n<p class=\"wp-block-paragraph\">Por ese motivo, la fecha tambi\u00e9n permite poner sobre la mesa la importancia de garantizar condiciones laborales adecuadas para quienes sostienen estos servicios y reconocer el aporte que realizan dentro de las comunidades educativas.<\/p>\n\n\n\n<h2 class=\"wp-block-heading\">Una efem\u00e9ride vinculada a los derechos laborales<\/h2>\n\n\n\n<p class=\"wp-block-paragraph\">Con el paso de los a\u00f1os, el 1\u00b0 de septiembre se incorpor\u00f3 al calendario de efem\u00e9rides utilizado en distintos puntos del pa\u00eds para homenajear a cocineras y cocineros. Sin embargo, el origen normativo de la fecha corresponde espec\u00edficamente a Entre R\u00edos y est\u00e1 ligado al reconocimiento del personal de cocina de los comedores escolares.<\/p>\n\n\n\n<p class=\"wp-block-paragraph\">As\u00ed, cada 1\u00b0 de septiembre la jornada sirve para destacar una labor que combina responsabilidad, esfuerzo y compromiso, y que en los comedores escolares tiene adem\u00e1s una dimensi\u00f3n social fundamental: garantizar que miles de chicos puedan acceder todos los d\u00edas a un plato de comida.<\/p>\n\n\n\n<p class=\"wp-block-paragraph\"><\/p>\n","protected":false},"excerpt":{"rendered":"<p>Cada 1\u00b0 de septiembre se conmemora el D\u00eda de la Cocinera y el Cocinero, una fecha que busca poner en valor el trabajo de quienes se desempe\u00f1an en las cocinas, especialmente de aquellos que sostienen diariamente los comedores escolares y cumplen una funci\u00f3n fundamental en la alimentaci\u00f3n de ni\u00f1os y adolescentes. Aunque la celebraci\u00f3n suele [&hellip;]<\/p>\n","protected":false},"author":2,"featured_media":62626,"comment_status":"open","ping_status":"closed","sticky":false,"template":"","format":"standard","meta":{"footnotes":""},"categories":[442],"tags":[276,7091,5807,554],"class_list":["post-62625","post","type-post","status-publish","format-standard","has-post-thumbnail","hentry","category-efemerides-2","tag-argentina","tag-cocinera","tag-cocinero","tag-dia"],"yoast_head":"<!-- This site is optimized with the Yoast SEO plugin v28.4 - https:\/\/yoast.com\/product\/yoast-seo-wordpress\/ -->\n<title>D\u00eda de la Cocinera y el Cocinero: origen y significado | CVI NOTICIAS<\/title>\n<meta name=\"description\" content=\"Conoc\u00e9 el origen del D\u00eda de la Cocinera y el Cocinero y por qu\u00e9 se conmemora cada 1\u00b0 de septiembre.\" \/>\n<meta name=\"robots\" content=\"index, follow, max-snippet:-1, max-image-preview:large, max-video-preview:-1\" \/>\n<link rel=\"canonical\" href=\"https:\/\/cvinoticias.com\/v3\/dia-de-la-cocinera-y-el-cocinero-el-origen-de-una-fecha-que-reconoce-una-tarea-esencial\/\" \/>\n<meta property=\"og:locale\" content=\"es_ES\" \/>\n<meta property=\"og:type\" content=\"article\" \/>\n<meta property=\"og:title\" content=\"D\u00eda de la Cocinera y el Cocinero: origen y significado | CVI NOTICIAS\" \/>\n<meta property=\"og:description\" content=\"Conoc\u00e9 el origen del D\u00eda de la Cocinera y el Cocinero y por qu\u00e9 se conmemora cada 1\u00b0 de septiembre.\" \/>\n<meta property=\"og:url\" content=\"https:\/\/cvinoticias.com\/v3\/dia-de-la-cocinera-y-el-cocinero-el-origen-de-una-fecha-que-reconoce-una-tarea-esencial\/\" \/>\n<meta property=\"og:site_name\" content=\"CVI NOTICIAS\" \/>\n<meta property=\"article:publisher\" content=\"https:\/\/www.facebook.com\/cvinoticias\" \/>\n<meta property=\"article:published_time\" content=\"2026-09-01T11:49:59+00:00\" \/>\n<meta property=\"article:modified_time\" content=\"2026-09-01T11:50:01+00:00\" \/>\n<meta property=\"og:image\" content=\"https:\/\/cvinoticias.com\/wp-content\/uploads\/2026\/09\/images.jpeg\" \/>\n\t<meta property=\"og:image:width\" content=\"570\" \/>\n\t<meta property=\"og:image:height\" content=\"350\" \/>\n\t<meta property=\"og:image:type\" content=\"image\/jpeg\" \/>\n<meta name=\"author\" content=\"f1000024\" \/>\n<meta name=\"twitter:card\" content=\"summary_large_image\" \/>\n<meta name=\"twitter:label1\" content=\"Escrito por\" \/>\n\t<meta name=\"twitter:data1\" content=\"f1000024\" \/>\n\t<meta name=\"twitter:label2\" content=\"Tiempo de lectura\" \/>\n\t<meta name=\"twitter:data2\" content=\"3 minutos\" \/>\n<script type=\"application\/ld+json\" class=\"yoast-schema-graph\">{\"@context\":\"https:\\\/\\\/schema.org\",\"@graph\":[{\"@type\":\"Article\",\"@id\":\"https:\\\/\\\/cvinoticias.com\\\/v3\\\/dia-de-la-cocinera-y-el-cocinero-el-origen-de-una-fecha-que-reconoce-una-tarea-esencial\\\/#article\",\"isPartOf\":{\"@id\":\"https:\\\/\\\/cvinoticias.com\\\/v3\\\/dia-de-la-cocinera-y-el-cocinero-el-origen-de-una-fecha-que-reconoce-una-tarea-esencial\\\/\"},\"author\":{\"name\":\"f1000024\",\"@id\":\"https:\\\/\\\/cvinoticias.com\\\/v3\\\/#\\\/schema\\\/person\\\/2db77e3c6bc03c538495d7b2b8be9b66\"},\"headline\":\"D\u00eda de la Cocinera y el Cocinero: el origen de una fecha que reconoce una tarea esencial\",\"datePublished\":\"2026-09-01T11:49:59+00:00\",\"dateModified\":\"2026-09-01T11:50:01+00:00\",\"mainEntityOfPage\":{\"@id\":\"https:\\\/\\\/cvinoticias.com\\\/v3\\\/dia-de-la-cocinera-y-el-cocinero-el-origen-de-una-fecha-que-reconoce-una-tarea-esencial\\\/\"},\"wordCount\":448,\"commentCount\":0,\"publisher\":{\"@id\":\"https:\\\/\\\/cvinoticias.com\\\/v3\\\/#organization\"},\"image\":{\"@id\":\"https:\\\/\\\/cvinoticias.com\\\/v3\\\/dia-de-la-cocinera-y-el-cocinero-el-origen-de-una-fecha-que-reconoce-una-tarea-esencial\\\/#primaryimage\"},\"thumbnailUrl\":\"https:\\\/\\\/cvinoticias.com\\\/wp-content\\\/uploads\\\/2026\\\/09\\\/images.jpeg\",\"keywords\":[\"Argentina\",\"cocinera\",\"cocinero\",\"D\u00eda\"],\"articleSection\":[\"EFEMERIDES\"],\"inLanguage\":\"es\",\"potentialAction\":[{\"@type\":\"CommentAction\",\"name\":\"Comment\",\"target\":[\"https:\\\/\\\/cvinoticias.com\\\/v3\\\/dia-de-la-cocinera-y-el-cocinero-el-origen-de-una-fecha-que-reconoce-una-tarea-esencial\\\/#respond\"]}]},{\"@type\":\"WebPage\",\"@id\":\"https:\\\/\\\/cvinoticias.com\\\/v3\\\/dia-de-la-cocinera-y-el-cocinero-el-origen-de-una-fecha-que-reconoce-una-tarea-esencial\\\/\",\"url\":\"https:\\\/\\\/cvinoticias.com\\\/v3\\\/dia-de-la-cocinera-y-el-cocinero-el-origen-de-una-fecha-que-reconoce-una-tarea-esencial\\\/\",\"name\":\"D\u00eda de la Cocinera y el Cocinero: origen y significado | CVI NOTICIAS\",\"isPartOf\":{\"@id\":\"https:\\\/\\\/cvinoticias.com\\\/v3\\\/#website\"},\"primaryImageOfPage\":{\"@id\":\"https:\\\/\\\/cvinoticias.com\\\/v3\\\/dia-de-la-cocinera-y-el-cocinero-el-origen-de-una-fecha-que-reconoce-una-tarea-esencial\\\/#primaryimage\"},\"image\":{\"@id\":\"https:\\\/\\\/cvinoticias.com\\\/v3\\\/dia-de-la-cocinera-y-el-cocinero-el-origen-de-una-fecha-que-reconoce-una-tarea-esencial\\\/#primaryimage\"},\"thumbnailUrl\":\"https:\\\/\\\/cvinoticias.com\\\/wp-content\\\/uploads\\\/2026\\\/09\\\/images.jpeg\",\"datePublished\":\"2026-09-01T11:49:59+00:00\",\"dateModified\":\"2026-09-01T11:50:01+00:00\",\"description\":\"Conoc\u00e9 el origen del D\u00eda de la Cocinera y el Cocinero y por qu\u00e9 se conmemora cada 1\u00b0 de septiembre.\",\"breadcrumb\":{\"@id\":\"https:\\\/\\\/cvinoticias.com\\\/v3\\\/dia-de-la-cocinera-y-el-cocinero-el-origen-de-una-fecha-que-reconoce-una-tarea-esencial\\\/#breadcrumb\"},\"inLanguage\":\"es\",\"potentialAction\":[{\"@type\":\"ReadAction\",\"target\":[\"https:\\\/\\\/cvinoticias.com\\\/v3\\\/dia-de-la-cocinera-y-el-cocinero-el-origen-de-una-fecha-que-reconoce-una-tarea-esencial\\\/\"]}]},{\"@type\":\"ImageObject\",\"inLanguage\":\"es\",\"@id\":\"https:\\\/\\\/cvinoticias.com\\\/v3\\\/dia-de-la-cocinera-y-el-cocinero-el-origen-de-una-fecha-que-reconoce-una-tarea-esencial\\\/#primaryimage\",\"url\":\"https:\\\/\\\/cvinoticias.com\\\/wp-content\\\/uploads\\\/2026\\\/09\\\/images.jpeg\",\"contentUrl\":\"https:\\\/\\\/cvinoticias.com\\\/wp-content\\\/uploads\\\/2026\\\/09\\\/images.jpeg\",\"width\":570,\"height\":350},{\"@type\":\"BreadcrumbList\",\"@id\":\"https:\\\/\\\/cvinoticias.com\\\/v3\\\/dia-de-la-cocinera-y-el-cocinero-el-origen-de-una-fecha-que-reconoce-una-tarea-esencial\\\/#breadcrumb\",\"itemListElement\":[{\"@type\":\"ListItem\",\"position\":1,\"name\":\"Portada\",\"item\":\"https:\\\/\\\/cvinoticias.com\\\/v3\\\/\"},{\"@type\":\"ListItem\",\"position\":2,\"name\":\"D\u00eda de la Cocinera y el Cocinero: el origen de una fecha que reconoce una tarea esencial\"}]},{\"@type\":\"WebSite\",\"@id\":\"https:\\\/\\\/cvinoticias.com\\\/v3\\\/#website\",\"url\":\"https:\\\/\\\/cvinoticias.com\\\/v3\\\/\",\"name\":\"CVI NOTICIAS\",\"description\":\"\",\"publisher\":{\"@id\":\"https:\\\/\\\/cvinoticias.com\\\/v3\\\/#organization\"},\"alternateName\":\"CVI\",\"potentialAction\":[{\"@type\":\"SearchAction\",\"target\":{\"@type\":\"EntryPoint\",\"urlTemplate\":\"https:\\\/\\\/cvinoticias.com\\\/v3\\\/?s={search_term_string}\"},\"query-input\":{\"@type\":\"PropertyValueSpecification\",\"valueRequired\":true,\"valueName\":\"search_term_string\"}}],\"inLanguage\":\"es\"},{\"@type\":\"Organization\",\"@id\":\"https:\\\/\\\/cvinoticias.com\\\/v3\\\/#organization\",\"name\":\"CVI NOTICIAS\",\"url\":\"https:\\\/\\\/cvinoticias.com\\\/v3\\\/\",\"logo\":{\"@type\":\"ImageObject\",\"inLanguage\":\"es\",\"@id\":\"https:\\\/\\\/cvinoticias.com\\\/v3\\\/#\\\/schema\\\/logo\\\/image\\\/\",\"url\":\"https:\\\/\\\/cvinoticias.com\\\/wp-content\\\/uploads\\\/2023\\\/04\\\/cropped-cropped-cropped-cropped-cropped-3-1.png\",\"contentUrl\":\"https:\\\/\\\/cvinoticias.com\\\/wp-content\\\/uploads\\\/2023\\\/04\\\/cropped-cropped-cropped-cropped-cropped-3-1.png\",\"width\":95,\"height\":122,\"caption\":\"CVI NOTICIAS\"},\"image\":{\"@id\":\"https:\\\/\\\/cvinoticias.com\\\/v3\\\/#\\\/schema\\\/logo\\\/image\\\/\"},\"sameAs\":[\"https:\\\/\\\/www.facebook.com\\\/cvinoticias\",\"https:\\\/\\\/www.instagram.com\\\/cvinoticias\\\/\",\"https:\\\/\\\/www.youtube.com\\\/@CVINOTICIAS\"]},{\"@type\":\"Person\",\"@id\":\"https:\\\/\\\/cvinoticias.com\\\/v3\\\/#\\\/schema\\\/person\\\/2db77e3c6bc03c538495d7b2b8be9b66\",\"name\":\"f1000024\",\"image\":{\"@type\":\"ImageObject\",\"inLanguage\":\"es\",\"@id\":\"https:\\\/\\\/secure.gravatar.com\\\/avatar\\\/d4fe7459cfc51ff5129ce1a732bbef5928568b8092d412ef95611616376bbeed?s=96&d=mm&r=g\",\"url\":\"https:\\\/\\\/secure.gravatar.com\\\/avatar\\\/d4fe7459cfc51ff5129ce1a732bbef5928568b8092d412ef95611616376bbeed?s=96&d=mm&r=g\",\"contentUrl\":\"https:\\\/\\\/secure.gravatar.com\\\/avatar\\\/d4fe7459cfc51ff5129ce1a732bbef5928568b8092d412ef95611616376bbeed?s=96&d=mm&r=g\",\"caption\":\"f1000024\"},\"url\":\"https:\\\/\\\/cvinoticias.com\\\/v3\\\/author\\\/f1000024\\\/\"}]}<\/script>\n<!-- \/ Yoast SEO plugin. -->","yoast_head_json":{"title":"D\u00eda de la Cocinera y el Cocinero: origen y significado | CVI NOTICIAS","description":"Conoc\u00e9 el origen del D\u00eda de la Cocinera y el Cocinero y por qu\u00e9 se conmemora cada 1\u00b0 de septiembre.","robots":{"index":"index","follow":"follow","max-snippet":"max-snippet:-1","max-image-preview":"max-image-preview:large","max-video-preview":"max-video-preview:-1"},"canonical":"https:\/\/cvinoticias.com\/v3\/dia-de-la-cocinera-y-el-cocinero-el-origen-de-una-fecha-que-reconoce-una-tarea-esencial\/","og_locale":"es_ES","og_type":"article","og_title":"D\u00eda de la Cocinera y el Cocinero: origen y significado | CVI NOTICIAS","og_description":"Conoc\u00e9 el origen del D\u00eda de la Cocinera y el Cocinero y por qu\u00e9 se conmemora cada 1\u00b0 de septiembre.","og_url":"https:\/\/cvinoticias.com\/v3\/dia-de-la-cocinera-y-el-cocinero-el-origen-de-una-fecha-que-reconoce-una-tarea-esencial\/","og_site_name":"CVI NOTICIAS","article_publisher":"https:\/\/www.facebook.com\/cvinoticias","article_published_time":"2026-09-01T11:49:59+00:00","article_modified_time":"2026-09-01T11:50:01+00:00","og_image":[{"width":570,"height":350,"url":"https:\/\/cvinoticias.com\/wp-content\/uploads\/2026\/09\/images.jpeg","type":"image\/jpeg"}],"author":"f1000024","twitter_card":"summary_large_image","twitter_misc":{"Escrito por":"f1000024","Tiempo de lectura":"3 minutos"},"schema":{"@context":"https:\/\/schema.org","@graph":[{"@type":"Article","@id":"https:\/\/cvinoticias.com\/v3\/dia-de-la-cocinera-y-el-cocinero-el-origen-de-una-fecha-que-reconoce-una-tarea-esencial\/#article","isPartOf":{"@id":"https:\/\/cvinoticias.com\/v3\/dia-de-la-cocinera-y-el-cocinero-el-origen-de-una-fecha-que-reconoce-una-tarea-esencial\/"},"author":{"name":"f1000024","@id":"https:\/\/cvinoticias.com\/v3\/#\/schema\/person\/2db77e3c6bc03c538495d7b2b8be9b66"},"headline":"D\u00eda de la Cocinera y el Cocinero: el origen de una fecha que reconoce una tarea esencial","datePublished":"2026-09-01T11:49:59+00:00","dateModified":"2026-09-01T11:50:01+00:00","mainEntityOfPage":{"@id":"https:\/\/cvinoticias.com\/v3\/dia-de-la-cocinera-y-el-cocinero-el-origen-de-una-fecha-que-reconoce-una-tarea-esencial\/"},"wordCount":448,"commentCount":0,"publisher":{"@id":"https:\/\/cvinoticias.com\/v3\/#organization"},"image":{"@id":"https:\/\/cvinoticias.com\/v3\/dia-de-la-cocinera-y-el-cocinero-el-origen-de-una-fecha-que-reconoce-una-tarea-esencial\/#primaryimage"},"thumbnailUrl":"https:\/\/cvinoticias.com\/wp-content\/uploads\/2026\/09\/images.jpeg","keywords":["Argentina","cocinera","cocinero","D\u00eda"],"articleSection":["EFEMERIDES"],"inLanguage":"es","potentialAction":[{"@type":"CommentAction","name":"Comment","target":["https:\/\/cvinoticias.com\/v3\/dia-de-la-cocinera-y-el-cocinero-el-origen-de-una-fecha-que-reconoce-una-tarea-esencial\/#respond"]}]},{"@type":"WebPage","@id":"https:\/\/cvinoticias.com\/v3\/dia-de-la-cocinera-y-el-cocinero-el-origen-de-una-fecha-que-reconoce-una-tarea-esencial\/","url":"https:\/\/cvinoticias.com\/v3\/dia-de-la-cocinera-y-el-cocinero-el-origen-de-una-fecha-que-reconoce-una-tarea-esencial\/","name":"D\u00eda de la Cocinera y el Cocinero: origen y significado | CVI NOTICIAS","isPartOf":{"@id":"https:\/\/cvinoticias.com\/v3\/#website"},"primaryImageOfPage":{"@id":"https:\/\/cvinoticias.com\/v3\/dia-de-la-cocinera-y-el-cocinero-el-origen-de-una-fecha-que-reconoce-una-tarea-esencial\/#primaryimage"},"image":{"@id":"https:\/\/cvinoticias.com\/v3\/dia-de-la-cocinera-y-el-cocinero-el-origen-de-una-fecha-que-reconoce-una-tarea-esencial\/#primaryimage"},"thumbnailUrl":"https:\/\/cvinoticias.com\/wp-content\/uploads\/2026\/09\/images.jpeg","datePublished":"2026-09-01T11:49:59+00:00","dateModified":"2026-09-01T11:50:01+00:00","description":"Conoc\u00e9 el origen del D\u00eda de la Cocinera y el Cocinero y por qu\u00e9 se conmemora cada 1\u00b0 de septiembre.","breadcrumb":{"@id":"https:\/\/cvinoticias.com\/v3\/dia-de-la-cocinera-y-el-cocinero-el-origen-de-una-fecha-que-reconoce-una-tarea-esencial\/#breadcrumb"},"inLanguage":"es","potentialAction":[{"@type":"ReadAction","target":["https:\/\/cvinoticias.com\/v3\/dia-de-la-cocinera-y-el-cocinero-el-origen-de-una-fecha-que-reconoce-una-tarea-esencial\/"]}]},{"@type":"ImageObject","inLanguage":"es","@id":"https:\/\/cvinoticias.com\/v3\/dia-de-la-cocinera-y-el-cocinero-el-origen-de-una-fecha-que-reconoce-una-tarea-esencial\/#primaryimage","url":"https:\/\/cvinoticias.com\/wp-content\/uploads\/2026\/09\/images.jpeg","contentUrl":"https:\/\/cvinoticias.com\/wp-content\/uploads\/2026\/09\/images.jpeg","width":570,"height":350},{"@type":"BreadcrumbList","@id":"https:\/\/cvinoticias.com\/v3\/dia-de-la-cocinera-y-el-cocinero-el-origen-de-una-fecha-que-reconoce-una-tarea-esencial\/#breadcrumb","itemListElement":[{"@type":"ListItem","position":1,"name":"Portada","item":"https:\/\/cvinoticias.com\/v3\/"},{"@type":"ListItem","position":2,"name":"D\u00eda de la Cocinera y el Cocinero: el origen de una fecha que reconoce una tarea esencial"}]},{"@type":"WebSite","@id":"https:\/\/cvinoticias.com\/v3\/#website","url":"https:\/\/cvinoticias.com\/v3\/","name":"CVI NOTICIAS","description":"","publisher":{"@id":"https:\/\/cvinoticias.com\/v3\/#organization"},"alternateName":"CVI","potentialAction":[{"@type":"SearchAction","target":{"@type":"EntryPoint","urlTemplate":"https:\/\/cvinoticias.com\/v3\/?s={search_term_string}"},"query-input":{"@type":"PropertyValueSpecification","valueRequired":true,"valueName":"search_term_string"}}],"inLanguage":"es"},{"@type":"Organization","@id":"https:\/\/cvinoticias.com\/v3\/#organization","name":"CVI NOTICIAS","url":"https:\/\/cvinoticias.com\/v3\/","logo":{"@type":"ImageObject","inLanguage":"es","@id":"https:\/\/cvinoticias.com\/v3\/#\/schema\/logo\/image\/","url":"https:\/\/cvinoticias.com\/wp-content\/uploads\/2023\/04\/cropped-cropped-cropped-cropped-cropped-3-1.png","contentUrl":"https:\/\/cvinoticias.com\/wp-content\/uploads\/2023\/04\/cropped-cropped-cropped-cropped-cropped-3-1.png","width":95,"height":122,"caption":"CVI NOTICIAS"},"image":{"@id":"https:\/\/cvinoticias.com\/v3\/#\/schema\/logo\/image\/"},"sameAs":["https:\/\/www.facebook.com\/cvinoticias","https:\/\/www.instagram.com\/cvinoticias\/","https:\/\/www.youtube.com\/@CVINOTICIAS"]},{"@type":"Person","@id":"https:\/\/cvinoticias.com\/v3\/#\/schema\/person\/2db77e3c6bc03c538495d7b2b8be9b66","name":"f1000024","image":{"@type":"ImageObject","inLanguage":"es","@id":"https:\/\/secure.gravatar.com\/avatar\/d4fe7459cfc51ff5129ce1a732bbef5928568b8092d412ef95611616376bbeed?s=96&d=mm&r=g","url":"https:\/\/secure.gravatar.com\/avatar\/d4fe7459cfc51ff5129ce1a732bbef5928568b8092d412ef95611616376bbeed?s=96&d=mm&r=g","contentUrl":"https:\/\/secure.gravatar.com\/avatar\/d4fe7459cfc51ff5129ce1a732bbef5928568b8092d412ef95611616376bbeed?s=96&d=mm&r=g","caption":"f1000024"},"url":"https:\/\/cvinoticias.com\/v3\/author\/f1000024\/"}]}},"_links":{"self":[{"href":"https:\/\/cvinoticias.com\/v3\/wp-json\/wp\/v2\/posts\/62625","targetHints":{"allow":["GET"]}}],"collection":[{"href":"https:\/\/cvinoticias.com\/v3\/wp-json\/wp\/v2\/posts"}],"about":[{"href":"https:\/\/cvinoticias.com\/v3\/wp-json\/wp\/v2\/types\/post"}],"author":[{"embeddable":true,"href":"https:\/\/cvinoticias.com\/v3\/wp-json\/wp\/v2\/users\/2"}],"replies":[{"embeddable":true,"href":"https:\/\/cvinoticias.com\/v3\/wp-json\/wp\/v2\/comments?post=62625"}],"version-history":[{"count":1,"href":"https:\/\/cvinoticias.com\/v3\/wp-json\/wp\/v2\/posts\/62625\/revisions"}],"predecessor-version":[{"id":62627,"href":"https:\/\/cvinoticias.com\/v3\/wp-json\/wp\/v2\/posts\/62625\/revisions\/62627"}],"wp:featuredmedia":[{"embeddable":true,"href":"https:\/\/cvinoticias.com\/v3\/wp-json\/wp\/v2\/media\/62626"}],"wp:attachment":[{"href":"https:\/\/cvinoticias.com\/v3\/wp-json\/wp\/v2\/media?parent=62625"}],"wp:term":[{"taxonomy":"category","embeddable":true,"href":"https:\/\/cvinoticias.com\/v3\/wp-json\/wp\/v2\/categories?post=62625"},{"taxonomy":"post_tag","embeddable":true,"href":"https:\/\/cvinoticias.com\/v3\/wp-json\/wp\/v2\/tags?post=62625"}],"curies":[{"name":"wp","href":"https:\/\/api.w.org\/{rel}","templated":true}]}}