{"id":62624,"date":"2026-09-01T08:51:55","date_gmt":"2026-09-01T11:51:55","guid":{"rendered":"https:\/\/cvinoticias.com\/v3\/?p=62624"},"modified":"2026-09-01T08:51:56","modified_gmt":"2026-09-01T11:51:56","slug":"dia-mundial-de-la-criminalistica-por-que-se-conmemora-cada-1-de-septiembre","status":"publish","type":"post","link":"https:\/\/cvinoticias.com\/v3\/dia-mundial-de-la-criminalistica-por-que-se-conmemora-cada-1-de-septiembre\/","title":{"rendered":"D\u00eda Mundial de la Criminal\u00edstica: por qu\u00e9 se conmemora cada 1\u00b0 de septiembre"},"content":{"rendered":"\n<p class=\"wp-block-paragraph\">Cada <strong>1\u00b0 de septiembre<\/strong> se conmemora el <strong>D\u00eda Mundial de la Criminal\u00edstica y de la Dactiloscop\u00eda<\/strong>, una fecha que reconoce el desarrollo de las t\u00e9cnicas cient\u00edficas aplicadas a la investigaci\u00f3n de hechos delictivos y que tiene un origen directamente ligado a la Argentina.<\/p>\n\n\n\n<p class=\"wp-block-paragraph\">La elecci\u00f3n de la fecha se debe a un acontecimiento ocurrido en <strong>1891<\/strong>, cuando <strong>Juan Vucetich<\/strong>, investigador de la Polic\u00eda de la Provincia de Buenos Aires, puso en pr\u00e1ctica en La Plata un sistema de identificaci\u00f3n basado en las huellas dactilares. Ese avance marc\u00f3 un antes y un despu\u00e9s en la identificaci\u00f3n de personas y en el desarrollo de la criminal\u00edstica moderna. <\/p>\n\n\n\n<h2 class=\"wp-block-heading\">El origen de la efem\u00e9ride<\/h2>\n\n\n\n<p class=\"wp-block-paragraph\">El <strong>1\u00b0 de septiembre de 1891<\/strong>, Vucetich confeccion\u00f3 las primeras fichas dactilosc\u00f3picas del mundo, utilizando las huellas de <strong>23 personas procesadas<\/strong>. El procedimiento formaba parte de una nueva oficina de identificaci\u00f3n creada en la Polic\u00eda de la Provincia de Buenos Aires, donde inicialmente convivi\u00f3 con el sistema antropom\u00e9trico desarrollado por el franc\u00e9s Alphonse Bertillon. <\/p>\n\n\n\n<p class=\"wp-block-paragraph\">Vucetich hab\u00eda recibido el encargo de trabajar en un sistema de identificaci\u00f3n antropom\u00e9trica, pero durante sus investigaciones conoci\u00f3 los estudios existentes sobre las impresiones digitales y comenz\u00f3 a desarrollar un m\u00e9todo propio. Finalmente, logr\u00f3 clasificarlas en cuatro tipos fundamentales: <strong>arcos, presillas internas, presillas externas y verticilos<\/strong>. <\/p>\n\n\n\n<h2 class=\"wp-block-heading\">Un aporte argentino a la investigaci\u00f3n criminal<\/h2>\n\n\n\n<p class=\"wp-block-paragraph\">El trabajo realizado por Vucetich permiti\u00f3 demostrar el enorme valor de las huellas digitales como herramienta para identificar personas. Su sistema se convirti\u00f3 posteriormente en el denominado <strong>Sistema Dactilosc\u00f3pico Argentino<\/strong> y fue adoptado oficialmente por la Polic\u00eda de la Provincia de Buenos Aires en 1894. M\u00e1s tarde, en 1905, tambi\u00e9n fue incorporado por la Polic\u00eda de la Capital, antecedente de la actual Polic\u00eda Federal Argentina. <\/p>\n\n\n\n<p class=\"wp-block-paragraph\">Uno de los episodios que permiti\u00f3 comprobar la eficacia del m\u00e9todo ocurri\u00f3 en <strong>1892<\/strong>, en Necochea. Una huella encontrada en la escena de un doble filicidio permiti\u00f3 orientar la investigaci\u00f3n hacia <strong>Francisca Rojas<\/strong>, quien hab\u00eda intentado responsabilizar a su marido por el crimen. El caso se convirti\u00f3 en uno de los primeros antecedentes de la utilizaci\u00f3n de la dactiloscop\u00eda para resolver un hecho criminal.<\/p>\n\n\n\n<h2 class=\"wp-block-heading\">\u00bfQu\u00e9 relaci\u00f3n tiene con la criminal\u00edstica?<\/h2>\n\n\n\n<p class=\"wp-block-paragraph\">La <strong>criminal\u00edstica<\/strong> es una disciplina cient\u00edfica y multidisciplinaria que utiliza conocimientos y t\u00e9cnicas de distintas \u00e1reas para analizar evidencias relacionadas con un hecho investigado. Entre sus campos se encuentran la dactiloscop\u00eda, la documentolog\u00eda, la bal\u00edstica, la accidentolog\u00eda y diferentes especialidades de la investigaci\u00f3n forense.<\/p>\n\n\n\n<p class=\"wp-block-paragraph\">En ese contexto, las huellas dactilares representan uno de los m\u00e9todos hist\u00f3ricos m\u00e1s importantes para establecer la identidad de una persona y vincularla con determinados elementos o lugares.<\/p>\n\n\n\n<h2 class=\"wp-block-heading\">El legado de Juan Vucetich<\/h2>\n\n\n\n<p class=\"wp-block-paragraph\">La importancia hist\u00f3rica de Vucetich radica en haber desarrollado un m\u00e9todo sistem\u00e1tico de identificaci\u00f3n que tuvo su origen en Argentina y posteriormente alcanz\u00f3 reconocimiento internacional. Su aporte permiti\u00f3 que un rastro que antes pod\u00eda pasar inadvertido se transformara en una <strong>evidencia cient\u00edfica utilizada para la identificaci\u00f3n humana<\/strong>. <\/p>\n\n\n\n<p class=\"wp-block-paragraph\">Por ese motivo, cada 1\u00b0 de septiembre la efem\u00e9ride no solo recuerda la creaci\u00f3n de las primeras fichas dactilosc\u00f3picas, sino que tambi\u00e9n reconoce el trabajo de <strong>criminalistas, peritos y especialistas en identificaci\u00f3n humana<\/strong>, adem\u00e1s de destacar el aporte argentino al desarrollo de las ciencias forenses. <\/p>\n\n\n\n<p class=\"wp-block-paragraph\"><\/p>\n","protected":false},"excerpt":{"rendered":"<p>Cada 1\u00b0 de septiembre se conmemora el D\u00eda Mundial de la Criminal\u00edstica y de la Dactiloscop\u00eda, una fecha que reconoce el desarrollo de las t\u00e9cnicas cient\u00edficas aplicadas a la investigaci\u00f3n de hechos delictivos y que tiene un origen directamente ligado a la Argentina. La elecci\u00f3n de la fecha se debe a un acontecimiento ocurrido en [&hellip;]<\/p>\n","protected":false},"author":2,"featured_media":62629,"comment_status":"open","ping_status":"closed","sticky":false,"template":"","format":"standard","meta":{"footnotes":""},"categories":[442],"tags":[7092,554,3206],"class_list":["post-62624","post","type-post","status-publish","format-standard","has-post-thumbnail","hentry","category-efemerides-2","tag-criminalistica","tag-dia","tag-mundial"],"yoast_head":"<!-- This site is optimized with the Yoast SEO plugin v28.4 - https:\/\/yoast.com\/product\/yoast-seo-wordpress\/ -->\n<title>D\u00eda Mundial de la Criminal\u00edstica: origen y contexto hist\u00f3rico | CVI NOTICIAS<\/title>\n<meta name=\"description\" content=\"Conoc\u00e9 por qu\u00e9 se conmemora el D\u00eda Mundial de la Criminal\u00edstica cada 1\u00b0 de septiembre y el aporte de Juan Vucetich.\" \/>\n<meta name=\"robots\" content=\"index, follow, max-snippet:-1, max-image-preview:large, max-video-preview:-1\" \/>\n<link rel=\"canonical\" href=\"https:\/\/cvinoticias.com\/v3\/dia-mundial-de-la-criminalistica-por-que-se-conmemora-cada-1-de-septiembre\/\" \/>\n<meta property=\"og:locale\" content=\"es_ES\" \/>\n<meta property=\"og:type\" content=\"article\" \/>\n<meta property=\"og:title\" content=\"D\u00eda Mundial de la Criminal\u00edstica: origen y contexto hist\u00f3rico | CVI NOTICIAS\" \/>\n<meta property=\"og:description\" content=\"Conoc\u00e9 por qu\u00e9 se conmemora el D\u00eda Mundial de la Criminal\u00edstica cada 1\u00b0 de septiembre y el aporte de Juan Vucetich.\" \/>\n<meta property=\"og:url\" content=\"https:\/\/cvinoticias.com\/v3\/dia-mundial-de-la-criminalistica-por-que-se-conmemora-cada-1-de-septiembre\/\" \/>\n<meta property=\"og:site_name\" content=\"CVI NOTICIAS\" \/>\n<meta property=\"article:publisher\" content=\"https:\/\/www.facebook.com\/cvinoticias\" \/>\n<meta property=\"article:published_time\" content=\"2026-09-01T11:51:55+00:00\" \/>\n<meta property=\"article:modified_time\" content=\"2026-09-01T11:51:56+00:00\" \/>\n<meta property=\"og:image\" content=\"https:\/\/cvinoticias.com\/wp-content\/uploads\/2026\/09\/criminalistica-uemc.jpg\" \/>\n\t<meta property=\"og:image:width\" content=\"1000\" \/>\n\t<meta property=\"og:image:height\" content=\"690\" \/>\n\t<meta property=\"og:image:type\" content=\"image\/jpeg\" \/>\n<meta name=\"author\" content=\"f1000024\" \/>\n<meta name=\"twitter:card\" content=\"summary_large_image\" \/>\n<meta name=\"twitter:label1\" content=\"Escrito por\" \/>\n\t<meta name=\"twitter:data1\" content=\"f1000024\" \/>\n\t<meta name=\"twitter:label2\" content=\"Tiempo de lectura\" \/>\n\t<meta name=\"twitter:data2\" content=\"3 minutos\" \/>\n<script type=\"application\/ld+json\" class=\"yoast-schema-graph\">{\"@context\":\"https:\\\/\\\/schema.org\",\"@graph\":[{\"@type\":\"Article\",\"@id\":\"https:\\\/\\\/cvinoticias.com\\\/v3\\\/dia-mundial-de-la-criminalistica-por-que-se-conmemora-cada-1-de-septiembre\\\/#article\",\"isPartOf\":{\"@id\":\"https:\\\/\\\/cvinoticias.com\\\/v3\\\/dia-mundial-de-la-criminalistica-por-que-se-conmemora-cada-1-de-septiembre\\\/\"},\"author\":{\"name\":\"f1000024\",\"@id\":\"https:\\\/\\\/cvinoticias.com\\\/v3\\\/#\\\/schema\\\/person\\\/2db77e3c6bc03c538495d7b2b8be9b66\"},\"headline\":\"D\u00eda Mundial de la Criminal\u00edstica: por qu\u00e9 se conmemora cada 1\u00b0 de septiembre\",\"datePublished\":\"2026-09-01T11:51:55+00:00\",\"dateModified\":\"2026-09-01T11:51:56+00:00\",\"mainEntityOfPage\":{\"@id\":\"https:\\\/\\\/cvinoticias.com\\\/v3\\\/dia-mundial-de-la-criminalistica-por-que-se-conmemora-cada-1-de-septiembre\\\/\"},\"wordCount\":587,\"commentCount\":0,\"publisher\":{\"@id\":\"https:\\\/\\\/cvinoticias.com\\\/v3\\\/#organization\"},\"image\":{\"@id\":\"https:\\\/\\\/cvinoticias.com\\\/v3\\\/dia-mundial-de-la-criminalistica-por-que-se-conmemora-cada-1-de-septiembre\\\/#primaryimage\"},\"thumbnailUrl\":\"https:\\\/\\\/cvinoticias.com\\\/wp-content\\\/uploads\\\/2026\\\/09\\\/criminalistica-uemc.jpg\",\"keywords\":[\"criminal\u00edstica\",\"D\u00eda\",\"Mundial\"],\"articleSection\":[\"EFEMERIDES\"],\"inLanguage\":\"es\",\"potentialAction\":[{\"@type\":\"CommentAction\",\"name\":\"Comment\",\"target\":[\"https:\\\/\\\/cvinoticias.com\\\/v3\\\/dia-mundial-de-la-criminalistica-por-que-se-conmemora-cada-1-de-septiembre\\\/#respond\"]}]},{\"@type\":\"WebPage\",\"@id\":\"https:\\\/\\\/cvinoticias.com\\\/v3\\\/dia-mundial-de-la-criminalistica-por-que-se-conmemora-cada-1-de-septiembre\\\/\",\"url\":\"https:\\\/\\\/cvinoticias.com\\\/v3\\\/dia-mundial-de-la-criminalistica-por-que-se-conmemora-cada-1-de-septiembre\\\/\",\"name\":\"D\u00eda Mundial de la Criminal\u00edstica: origen y contexto hist\u00f3rico | CVI NOTICIAS\",\"isPartOf\":{\"@id\":\"https:\\\/\\\/cvinoticias.com\\\/v3\\\/#website\"},\"primaryImageOfPage\":{\"@id\":\"https:\\\/\\\/cvinoticias.com\\\/v3\\\/dia-mundial-de-la-criminalistica-por-que-se-conmemora-cada-1-de-septiembre\\\/#primaryimage\"},\"image\":{\"@id\":\"https:\\\/\\\/cvinoticias.com\\\/v3\\\/dia-mundial-de-la-criminalistica-por-que-se-conmemora-cada-1-de-septiembre\\\/#primaryimage\"},\"thumbnailUrl\":\"https:\\\/\\\/cvinoticias.com\\\/wp-content\\\/uploads\\\/2026\\\/09\\\/criminalistica-uemc.jpg\",\"datePublished\":\"2026-09-01T11:51:55+00:00\",\"dateModified\":\"2026-09-01T11:51:56+00:00\",\"description\":\"Conoc\u00e9 por qu\u00e9 se conmemora el D\u00eda Mundial de la Criminal\u00edstica cada 1\u00b0 de septiembre y el aporte de Juan Vucetich.\",\"breadcrumb\":{\"@id\":\"https:\\\/\\\/cvinoticias.com\\\/v3\\\/dia-mundial-de-la-criminalistica-por-que-se-conmemora-cada-1-de-septiembre\\\/#breadcrumb\"},\"inLanguage\":\"es\",\"potentialAction\":[{\"@type\":\"ReadAction\",\"target\":[\"https:\\\/\\\/cvinoticias.com\\\/v3\\\/dia-mundial-de-la-criminalistica-por-que-se-conmemora-cada-1-de-septiembre\\\/\"]}]},{\"@type\":\"ImageObject\",\"inLanguage\":\"es\",\"@id\":\"https:\\\/\\\/cvinoticias.com\\\/v3\\\/dia-mundial-de-la-criminalistica-por-que-se-conmemora-cada-1-de-septiembre\\\/#primaryimage\",\"url\":\"https:\\\/\\\/cvinoticias.com\\\/wp-content\\\/uploads\\\/2026\\\/09\\\/criminalistica-uemc.jpg\",\"contentUrl\":\"https:\\\/\\\/cvinoticias.com\\\/wp-content\\\/uploads\\\/2026\\\/09\\\/criminalistica-uemc.jpg\",\"width\":1000,\"height\":690},{\"@type\":\"BreadcrumbList\",\"@id\":\"https:\\\/\\\/cvinoticias.com\\\/v3\\\/dia-mundial-de-la-criminalistica-por-que-se-conmemora-cada-1-de-septiembre\\\/#breadcrumb\",\"itemListElement\":[{\"@type\":\"ListItem\",\"position\":1,\"name\":\"Portada\",\"item\":\"https:\\\/\\\/cvinoticias.com\\\/v3\\\/\"},{\"@type\":\"ListItem\",\"position\":2,\"name\":\"D\u00eda Mundial de la Criminal\u00edstica: por qu\u00e9 se conmemora cada 1\u00b0 de septiembre\"}]},{\"@type\":\"WebSite\",\"@id\":\"https:\\\/\\\/cvinoticias.com\\\/v3\\\/#website\",\"url\":\"https:\\\/\\\/cvinoticias.com\\\/v3\\\/\",\"name\":\"CVI NOTICIAS\",\"description\":\"\",\"publisher\":{\"@id\":\"https:\\\/\\\/cvinoticias.com\\\/v3\\\/#organization\"},\"alternateName\":\"CVI\",\"potentialAction\":[{\"@type\":\"SearchAction\",\"target\":{\"@type\":\"EntryPoint\",\"urlTemplate\":\"https:\\\/\\\/cvinoticias.com\\\/v3\\\/?s={search_term_string}\"},\"query-input\":{\"@type\":\"PropertyValueSpecification\",\"valueRequired\":true,\"valueName\":\"search_term_string\"}}],\"inLanguage\":\"es\"},{\"@type\":\"Organization\",\"@id\":\"https:\\\/\\\/cvinoticias.com\\\/v3\\\/#organization\",\"name\":\"CVI NOTICIAS\",\"url\":\"https:\\\/\\\/cvinoticias.com\\\/v3\\\/\",\"logo\":{\"@type\":\"ImageObject\",\"inLanguage\":\"es\",\"@id\":\"https:\\\/\\\/cvinoticias.com\\\/v3\\\/#\\\/schema\\\/logo\\\/image\\\/\",\"url\":\"https:\\\/\\\/cvinoticias.com\\\/wp-content\\\/uploads\\\/2023\\\/04\\\/cropped-cropped-cropped-cropped-cropped-3-1.png\",\"contentUrl\":\"https:\\\/\\\/cvinoticias.com\\\/wp-content\\\/uploads\\\/2023\\\/04\\\/cropped-cropped-cropped-cropped-cropped-3-1.png\",\"width\":95,\"height\":122,\"caption\":\"CVI NOTICIAS\"},\"image\":{\"@id\":\"https:\\\/\\\/cvinoticias.com\\\/v3\\\/#\\\/schema\\\/logo\\\/image\\\/\"},\"sameAs\":[\"https:\\\/\\\/www.facebook.com\\\/cvinoticias\",\"https:\\\/\\\/www.instagram.com\\\/cvinoticias\\\/\",\"https:\\\/\\\/www.youtube.com\\\/@CVINOTICIAS\"]},{\"@type\":\"Person\",\"@id\":\"https:\\\/\\\/cvinoticias.com\\\/v3\\\/#\\\/schema\\\/person\\\/2db77e3c6bc03c538495d7b2b8be9b66\",\"name\":\"f1000024\",\"image\":{\"@type\":\"ImageObject\",\"inLanguage\":\"es\",\"@id\":\"https:\\\/\\\/secure.gravatar.com\\\/avatar\\\/d4fe7459cfc51ff5129ce1a732bbef5928568b8092d412ef95611616376bbeed?s=96&d=mm&r=g\",\"url\":\"https:\\\/\\\/secure.gravatar.com\\\/avatar\\\/d4fe7459cfc51ff5129ce1a732bbef5928568b8092d412ef95611616376bbeed?s=96&d=mm&r=g\",\"contentUrl\":\"https:\\\/\\\/secure.gravatar.com\\\/avatar\\\/d4fe7459cfc51ff5129ce1a732bbef5928568b8092d412ef95611616376bbeed?s=96&d=mm&r=g\",\"caption\":\"f1000024\"},\"url\":\"https:\\\/\\\/cvinoticias.com\\\/v3\\\/author\\\/f1000024\\\/\"}]}<\/script>\n<!-- \/ Yoast SEO plugin. -->","yoast_head_json":{"title":"D\u00eda Mundial de la Criminal\u00edstica: origen y contexto hist\u00f3rico | CVI NOTICIAS","description":"Conoc\u00e9 por qu\u00e9 se conmemora el D\u00eda Mundial de la Criminal\u00edstica cada 1\u00b0 de septiembre y el aporte de Juan Vucetich.","robots":{"index":"index","follow":"follow","max-snippet":"max-snippet:-1","max-image-preview":"max-image-preview:large","max-video-preview":"max-video-preview:-1"},"canonical":"https:\/\/cvinoticias.com\/v3\/dia-mundial-de-la-criminalistica-por-que-se-conmemora-cada-1-de-septiembre\/","og_locale":"es_ES","og_type":"article","og_title":"D\u00eda Mundial de la Criminal\u00edstica: origen y contexto hist\u00f3rico | CVI NOTICIAS","og_description":"Conoc\u00e9 por qu\u00e9 se conmemora el D\u00eda Mundial de la Criminal\u00edstica cada 1\u00b0 de septiembre y el aporte de Juan Vucetich.","og_url":"https:\/\/cvinoticias.com\/v3\/dia-mundial-de-la-criminalistica-por-que-se-conmemora-cada-1-de-septiembre\/","og_site_name":"CVI NOTICIAS","article_publisher":"https:\/\/www.facebook.com\/cvinoticias","article_published_time":"2026-09-01T11:51:55+00:00","article_modified_time":"2026-09-01T11:51:56+00:00","og_image":[{"width":1000,"height":690,"url":"https:\/\/cvinoticias.com\/wp-content\/uploads\/2026\/09\/criminalistica-uemc.jpg","type":"image\/jpeg"}],"author":"f1000024","twitter_card":"summary_large_image","twitter_misc":{"Escrito por":"f1000024","Tiempo de lectura":"3 minutos"},"schema":{"@context":"https:\/\/schema.org","@graph":[{"@type":"Article","@id":"https:\/\/cvinoticias.com\/v3\/dia-mundial-de-la-criminalistica-por-que-se-conmemora-cada-1-de-septiembre\/#article","isPartOf":{"@id":"https:\/\/cvinoticias.com\/v3\/dia-mundial-de-la-criminalistica-por-que-se-conmemora-cada-1-de-septiembre\/"},"author":{"name":"f1000024","@id":"https:\/\/cvinoticias.com\/v3\/#\/schema\/person\/2db77e3c6bc03c538495d7b2b8be9b66"},"headline":"D\u00eda Mundial de la Criminal\u00edstica: por qu\u00e9 se conmemora cada 1\u00b0 de septiembre","datePublished":"2026-09-01T11:51:55+00:00","dateModified":"2026-09-01T11:51:56+00:00","mainEntityOfPage":{"@id":"https:\/\/cvinoticias.com\/v3\/dia-mundial-de-la-criminalistica-por-que-se-conmemora-cada-1-de-septiembre\/"},"wordCount":587,"commentCount":0,"publisher":{"@id":"https:\/\/cvinoticias.com\/v3\/#organization"},"image":{"@id":"https:\/\/cvinoticias.com\/v3\/dia-mundial-de-la-criminalistica-por-que-se-conmemora-cada-1-de-septiembre\/#primaryimage"},"thumbnailUrl":"https:\/\/cvinoticias.com\/wp-content\/uploads\/2026\/09\/criminalistica-uemc.jpg","keywords":["criminal\u00edstica","D\u00eda","Mundial"],"articleSection":["EFEMERIDES"],"inLanguage":"es","potentialAction":[{"@type":"CommentAction","name":"Comment","target":["https:\/\/cvinoticias.com\/v3\/dia-mundial-de-la-criminalistica-por-que-se-conmemora-cada-1-de-septiembre\/#respond"]}]},{"@type":"WebPage","@id":"https:\/\/cvinoticias.com\/v3\/dia-mundial-de-la-criminalistica-por-que-se-conmemora-cada-1-de-septiembre\/","url":"https:\/\/cvinoticias.com\/v3\/dia-mundial-de-la-criminalistica-por-que-se-conmemora-cada-1-de-septiembre\/","name":"D\u00eda Mundial de la Criminal\u00edstica: origen y contexto hist\u00f3rico | CVI NOTICIAS","isPartOf":{"@id":"https:\/\/cvinoticias.com\/v3\/#website"},"primaryImageOfPage":{"@id":"https:\/\/cvinoticias.com\/v3\/dia-mundial-de-la-criminalistica-por-que-se-conmemora-cada-1-de-septiembre\/#primaryimage"},"image":{"@id":"https:\/\/cvinoticias.com\/v3\/dia-mundial-de-la-criminalistica-por-que-se-conmemora-cada-1-de-septiembre\/#primaryimage"},"thumbnailUrl":"https:\/\/cvinoticias.com\/wp-content\/uploads\/2026\/09\/criminalistica-uemc.jpg","datePublished":"2026-09-01T11:51:55+00:00","dateModified":"2026-09-01T11:51:56+00:00","description":"Conoc\u00e9 por qu\u00e9 se conmemora el D\u00eda Mundial de la Criminal\u00edstica cada 1\u00b0 de septiembre y el aporte de Juan Vucetich.","breadcrumb":{"@id":"https:\/\/cvinoticias.com\/v3\/dia-mundial-de-la-criminalistica-por-que-se-conmemora-cada-1-de-septiembre\/#breadcrumb"},"inLanguage":"es","potentialAction":[{"@type":"ReadAction","target":["https:\/\/cvinoticias.com\/v3\/dia-mundial-de-la-criminalistica-por-que-se-conmemora-cada-1-de-septiembre\/"]}]},{"@type":"ImageObject","inLanguage":"es","@id":"https:\/\/cvinoticias.com\/v3\/dia-mundial-de-la-criminalistica-por-que-se-conmemora-cada-1-de-septiembre\/#primaryimage","url":"https:\/\/cvinoticias.com\/wp-content\/uploads\/2026\/09\/criminalistica-uemc.jpg","contentUrl":"https:\/\/cvinoticias.com\/wp-content\/uploads\/2026\/09\/criminalistica-uemc.jpg","width":1000,"height":690},{"@type":"BreadcrumbList","@id":"https:\/\/cvinoticias.com\/v3\/dia-mundial-de-la-criminalistica-por-que-se-conmemora-cada-1-de-septiembre\/#breadcrumb","itemListElement":[{"@type":"ListItem","position":1,"name":"Portada","item":"https:\/\/cvinoticias.com\/v3\/"},{"@type":"ListItem","position":2,"name":"D\u00eda Mundial de la Criminal\u00edstica: por qu\u00e9 se conmemora cada 1\u00b0 de septiembre"}]},{"@type":"WebSite","@id":"https:\/\/cvinoticias.com\/v3\/#website","url":"https:\/\/cvinoticias.com\/v3\/","name":"CVI NOTICIAS","description":"","publisher":{"@id":"https:\/\/cvinoticias.com\/v3\/#organization"},"alternateName":"CVI","potentialAction":[{"@type":"SearchAction","target":{"@type":"EntryPoint","urlTemplate":"https:\/\/cvinoticias.com\/v3\/?s={search_term_string}"},"query-input":{"@type":"PropertyValueSpecification","valueRequired":true,"valueName":"search_term_string"}}],"inLanguage":"es"},{"@type":"Organization","@id":"https:\/\/cvinoticias.com\/v3\/#organization","name":"CVI NOTICIAS","url":"https:\/\/cvinoticias.com\/v3\/","logo":{"@type":"ImageObject","inLanguage":"es","@id":"https:\/\/cvinoticias.com\/v3\/#\/schema\/logo\/image\/","url":"https:\/\/cvinoticias.com\/wp-content\/uploads\/2023\/04\/cropped-cropped-cropped-cropped-cropped-3-1.png","contentUrl":"https:\/\/cvinoticias.com\/wp-content\/uploads\/2023\/04\/cropped-cropped-cropped-cropped-cropped-3-1.png","width":95,"height":122,"caption":"CVI NOTICIAS"},"image":{"@id":"https:\/\/cvinoticias.com\/v3\/#\/schema\/logo\/image\/"},"sameAs":["https:\/\/www.facebook.com\/cvinoticias","https:\/\/www.instagram.com\/cvinoticias\/","https:\/\/www.youtube.com\/@CVINOTICIAS"]},{"@type":"Person","@id":"https:\/\/cvinoticias.com\/v3\/#\/schema\/person\/2db77e3c6bc03c538495d7b2b8be9b66","name":"f1000024","image":{"@type":"ImageObject","inLanguage":"es","@id":"https:\/\/secure.gravatar.com\/avatar\/d4fe7459cfc51ff5129ce1a732bbef5928568b8092d412ef95611616376bbeed?s=96&d=mm&r=g","url":"https:\/\/secure.gravatar.com\/avatar\/d4fe7459cfc51ff5129ce1a732bbef5928568b8092d412ef95611616376bbeed?s=96&d=mm&r=g","contentUrl":"https:\/\/secure.gravatar.com\/avatar\/d4fe7459cfc51ff5129ce1a732bbef5928568b8092d412ef95611616376bbeed?s=96&d=mm&r=g","caption":"f1000024"},"url":"https:\/\/cvinoticias.com\/v3\/author\/f1000024\/"}]}},"_links":{"self":[{"href":"https:\/\/cvinoticias.com\/v3\/wp-json\/wp\/v2\/posts\/62624","targetHints":{"allow":["GET"]}}],"collection":[{"href":"https:\/\/cvinoticias.com\/v3\/wp-json\/wp\/v2\/posts"}],"about":[{"href":"https:\/\/cvinoticias.com\/v3\/wp-json\/wp\/v2\/types\/post"}],"author":[{"embeddable":true,"href":"https:\/\/cvinoticias.com\/v3\/wp-json\/wp\/v2\/users\/2"}],"replies":[{"embeddable":true,"href":"https:\/\/cvinoticias.com\/v3\/wp-json\/wp\/v2\/comments?post=62624"}],"version-history":[{"count":1,"href":"https:\/\/cvinoticias.com\/v3\/wp-json\/wp\/v2\/posts\/62624\/revisions"}],"predecessor-version":[{"id":62630,"href":"https:\/\/cvinoticias.com\/v3\/wp-json\/wp\/v2\/posts\/62624\/revisions\/62630"}],"wp:featuredmedia":[{"embeddable":true,"href":"https:\/\/cvinoticias.com\/v3\/wp-json\/wp\/v2\/media\/62629"}],"wp:attachment":[{"href":"https:\/\/cvinoticias.com\/v3\/wp-json\/wp\/v2\/media?parent=62624"}],"wp:term":[{"taxonomy":"category","embeddable":true,"href":"https:\/\/cvinoticias.com\/v3\/wp-json\/wp\/v2\/categories?post=62624"},{"taxonomy":"post_tag","embeddable":true,"href":"https:\/\/cvinoticias.com\/v3\/wp-json\/wp\/v2\/tags?post=62624"}],"curies":[{"name":"wp","href":"https:\/\/api.w.org\/{rel}","templated":true}]}}