{"id":62621,"date":"2026-09-01T08:41:07","date_gmt":"2026-09-01T11:41:07","guid":{"rendered":"https:\/\/cvinoticias.com\/v3\/?p=62621"},"modified":"2026-09-01T08:41:10","modified_gmt":"2026-09-01T11:41:10","slug":"septiembre-comienza-con-tiempo-fresco-e-inestable-en-puerto-iguazu-y-gran-parte-de-misiones","status":"publish","type":"post","link":"https:\/\/cvinoticias.com\/v3\/septiembre-comienza-con-tiempo-fresco-e-inestable-en-puerto-iguazu-y-gran-parte-de-misiones\/","title":{"rendered":"Septiembre comienza con tiempo fresco e inestable en Puerto Iguaz\u00fa y gran parte de Misiones"},"content":{"rendered":"\n<p class=\"wp-block-paragraph\">El inicio de septiembre se presenta con <strong>cielo mayormente nublado, temperaturas frescas y condiciones de inestabilidad<\/strong> en distintos sectores de Misiones. El ingreso de aire del sector sur provoca un marcado descenso t\u00e9rmico respecto de las jornadas anteriores, mientras que todav\u00eda pueden registrarse lluvias y algunas tormentas aisladas. <\/p>\n\n\n\n<h3 class=\"wp-block-heading\">Puerto Iguaz\u00fa<\/h3>\n\n\n\n<p class=\"wp-block-paragraph\">En <strong>Puerto Iguaz\u00fa<\/strong>, este martes 1 de septiembre comenz\u00f3 con temperaturas cercanas a los <strong>16 \u00b0C<\/strong>, elevada humedad y cielo mayormente nublado. Los registros de la zona tambi\u00e9n muestran condiciones h\u00famedas y nubosas durante las primeras horas de la ma\u00f1ana. <\/p>\n\n\n\n<p class=\"wp-block-paragraph\">Para el transcurso de la jornada se espera una <strong>m\u00e1xima cercana a los 22-24 \u00b0C<\/strong>, con posibilidad de algunos chaparrones, principalmente durante la ma\u00f1ana. Hacia la tarde las condiciones tender\u00edan a mejorar paulatinamente, con disminuci\u00f3n de la nubosidad y per\u00edodos de mayor estabilidad. <\/p>\n\n\n\n<p class=\"wp-block-paragraph\">El viento soplar\u00e1 principalmente del <strong>sudoeste<\/strong>, aportando aire m\u00e1s fresco y manteniendo un ambiente agradable durante buena parte del d\u00eda.<\/p>\n\n\n\n<h3 class=\"wp-block-heading\">El tiempo en Misiones<\/h3>\n\n\n\n<p class=\"wp-block-paragraph\">En el resto de la provincia, el panorama ser\u00e1 variable. Durante las primeras horas podr\u00edan registrarse <strong>lluvias intermitentes, chaparrones y algunas tormentas aisladas<\/strong>, con mayor probabilidad en sectores del centro y sur de Misiones. El avance del viento del sector sur favorecer\u00e1 el descenso de las temperaturas. <\/p>\n\n\n\n<p class=\"wp-block-paragraph\">En <strong>Posadas<\/strong>, por ejemplo, se prev\u00e9n temperaturas de entre <strong>16 \u00b0C y 20-23 \u00b0C<\/strong>, cielo nublado y condiciones frescas durante la ma\u00f1ana, con tendencia a una mejora hacia la tarde. <\/p>\n\n\n\n<p class=\"wp-block-paragraph\">En <strong>Ober\u00e1<\/strong>, las condiciones tambi\u00e9n ser\u00e1n inestables, con posibilidad de lluvias d\u00e9biles durante la ma\u00f1ana y la tarde, temperaturas cercanas a los <strong>18-22 \u00b0C<\/strong> y vientos del sur.<\/p>\n\n\n\n<h3 class=\"wp-block-heading\">Mejora hacia la tarde<\/h3>\n\n\n\n<p class=\"wp-block-paragraph\">El escenario meteorol\u00f3gico tender\u00eda a <strong>mejorar progresivamente durante la tarde y noche<\/strong>, especialmente hacia el sur y centro provincial. La jornada se mantendr\u00e1 fresca, aunque las temperaturas comenzar\u00e1n a recuperarse durante los pr\u00f3ximos d\u00edas.<\/p>\n\n\n\n<p class=\"wp-block-paragraph\">De acuerdo con el pron\u00f3stico oficial y los organismos meteorol\u00f3gicos provinciales, <strong>el mi\u00e9rcoles 2 se espera una jornada m\u00e1s estable<\/strong>, con temperaturas en ascenso y condiciones m\u00e1s favorables en buena parte de Misiones.<\/p>\n\n\n\n<p class=\"wp-block-paragraph\">En este contexto, se recomienda a quienes tengan actividades al aire libre durante la ma\u00f1ana <strong>salir con abrigo y tener en cuenta la posibilidad de lluvias<\/strong>, especialmente en las zonas donde persista la inestabilidad. El <strong>Servicio Meteorol\u00f3gico Nacional<\/strong> mantiene disponible la actualizaci\u00f3n oficial de pron\u00f3sticos y alertas para la provincia. <\/p>\n\n\n\n<p class=\"wp-block-paragraph\"><\/p>\n","protected":false},"excerpt":{"rendered":"<p>El inicio de septiembre se presenta con cielo mayormente nublado, temperaturas frescas y condiciones de inestabilidad en distintos sectores de Misiones. El ingreso de aire del sector sur provoca un marcado descenso t\u00e9rmico respecto de las jornadas anteriores, mientras que todav\u00eda pueden registrarse lluvias y algunas tormentas aisladas. Puerto Iguaz\u00fa En Puerto Iguaz\u00fa, este martes [&hellip;]<\/p>\n","protected":false},"author":2,"featured_media":62622,"comment_status":"open","ping_status":"closed","sticky":false,"template":"","format":"standard","meta":{"footnotes":""},"categories":[1146],"tags":[1148,313,278],"class_list":["post-62621","post","type-post","status-publish","format-standard","has-post-thumbnail","hentry","category-tiempo","tag-clima","tag-iguazu","tag-misiones"],"yoast_head":"<!-- This site is optimized with the Yoast SEO plugin v28.4 - https:\/\/yoast.com\/product\/yoast-seo-wordpress\/ -->\n<title>Clima en Puerto Iguaz\u00fa y Misiones hoy 1 de septiembre | CVI NOTICIAS<\/title>\n<meta name=\"description\" content=\"Puerto Iguaz\u00fa y Misiones tendr\u00e1n una jornada fresca, nublada e inestable este martes 1 de septiembre.\" \/>\n<meta name=\"robots\" content=\"index, follow, max-snippet:-1, max-image-preview:large, max-video-preview:-1\" \/>\n<link rel=\"canonical\" href=\"https:\/\/cvinoticias.com\/v3\/septiembre-comienza-con-tiempo-fresco-e-inestable-en-puerto-iguazu-y-gran-parte-de-misiones\/\" \/>\n<meta property=\"og:locale\" content=\"es_ES\" \/>\n<meta property=\"og:type\" content=\"article\" \/>\n<meta property=\"og:title\" content=\"Clima en Puerto Iguaz\u00fa y Misiones hoy 1 de septiembre | CVI NOTICIAS\" \/>\n<meta property=\"og:description\" content=\"Puerto Iguaz\u00fa y Misiones tendr\u00e1n una jornada fresca, nublada e inestable este martes 1 de septiembre.\" \/>\n<meta property=\"og:url\" content=\"https:\/\/cvinoticias.com\/v3\/septiembre-comienza-con-tiempo-fresco-e-inestable-en-puerto-iguazu-y-gran-parte-de-misiones\/\" \/>\n<meta property=\"og:site_name\" content=\"CVI NOTICIAS\" \/>\n<meta property=\"article:publisher\" content=\"https:\/\/www.facebook.com\/cvinoticias\" \/>\n<meta property=\"article:published_time\" content=\"2026-09-01T11:41:07+00:00\" \/>\n<meta property=\"article:modified_time\" content=\"2026-09-01T11:41:10+00:00\" \/>\n<meta property=\"og:image\" content=\"https:\/\/cvinoticias.com\/wp-content\/uploads\/2026\/09\/unnamed.webp\" \/>\n\t<meta property=\"og:image:width\" content=\"765\" \/>\n\t<meta property=\"og:image:height\" content=\"1020\" \/>\n\t<meta property=\"og:image:type\" content=\"image\/webp\" \/>\n<meta name=\"author\" content=\"f1000024\" \/>\n<meta name=\"twitter:card\" content=\"summary_large_image\" \/>\n<meta name=\"twitter:label1\" content=\"Escrito por\" \/>\n\t<meta name=\"twitter:data1\" content=\"f1000024\" \/>\n\t<meta name=\"twitter:label2\" content=\"Tiempo de lectura\" \/>\n\t<meta name=\"twitter:data2\" content=\"2 minutos\" \/>\n<script type=\"application\/ld+json\" class=\"yoast-schema-graph\">{\"@context\":\"https:\\\/\\\/schema.org\",\"@graph\":[{\"@type\":\"Article\",\"@id\":\"https:\\\/\\\/cvinoticias.com\\\/v3\\\/septiembre-comienza-con-tiempo-fresco-e-inestable-en-puerto-iguazu-y-gran-parte-de-misiones\\\/#article\",\"isPartOf\":{\"@id\":\"https:\\\/\\\/cvinoticias.com\\\/v3\\\/septiembre-comienza-con-tiempo-fresco-e-inestable-en-puerto-iguazu-y-gran-parte-de-misiones\\\/\"},\"author\":{\"name\":\"f1000024\",\"@id\":\"https:\\\/\\\/cvinoticias.com\\\/v3\\\/#\\\/schema\\\/person\\\/2db77e3c6bc03c538495d7b2b8be9b66\"},\"headline\":\"Septiembre comienza con tiempo fresco e inestable en Puerto Iguaz\u00fa y gran parte de Misiones\",\"datePublished\":\"2026-09-01T11:41:07+00:00\",\"dateModified\":\"2026-09-01T11:41:10+00:00\",\"mainEntityOfPage\":{\"@id\":\"https:\\\/\\\/cvinoticias.com\\\/v3\\\/septiembre-comienza-con-tiempo-fresco-e-inestable-en-puerto-iguazu-y-gran-parte-de-misiones\\\/\"},\"wordCount\":427,\"commentCount\":0,\"publisher\":{\"@id\":\"https:\\\/\\\/cvinoticias.com\\\/v3\\\/#organization\"},\"image\":{\"@id\":\"https:\\\/\\\/cvinoticias.com\\\/v3\\\/septiembre-comienza-con-tiempo-fresco-e-inestable-en-puerto-iguazu-y-gran-parte-de-misiones\\\/#primaryimage\"},\"thumbnailUrl\":\"https:\\\/\\\/cvinoticias.com\\\/wp-content\\\/uploads\\\/2026\\\/09\\\/unnamed.webp\",\"keywords\":[\"Clima\",\"Iguaz\u00fa\",\"Misiones\"],\"articleSection\":[\"Tiempo\"],\"inLanguage\":\"es\",\"potentialAction\":[{\"@type\":\"CommentAction\",\"name\":\"Comment\",\"target\":[\"https:\\\/\\\/cvinoticias.com\\\/v3\\\/septiembre-comienza-con-tiempo-fresco-e-inestable-en-puerto-iguazu-y-gran-parte-de-misiones\\\/#respond\"]}]},{\"@type\":\"WebPage\",\"@id\":\"https:\\\/\\\/cvinoticias.com\\\/v3\\\/septiembre-comienza-con-tiempo-fresco-e-inestable-en-puerto-iguazu-y-gran-parte-de-misiones\\\/\",\"url\":\"https:\\\/\\\/cvinoticias.com\\\/v3\\\/septiembre-comienza-con-tiempo-fresco-e-inestable-en-puerto-iguazu-y-gran-parte-de-misiones\\\/\",\"name\":\"Clima en Puerto Iguaz\u00fa y Misiones hoy 1 de septiembre | CVI NOTICIAS\",\"isPartOf\":{\"@id\":\"https:\\\/\\\/cvinoticias.com\\\/v3\\\/#website\"},\"primaryImageOfPage\":{\"@id\":\"https:\\\/\\\/cvinoticias.com\\\/v3\\\/septiembre-comienza-con-tiempo-fresco-e-inestable-en-puerto-iguazu-y-gran-parte-de-misiones\\\/#primaryimage\"},\"image\":{\"@id\":\"https:\\\/\\\/cvinoticias.com\\\/v3\\\/septiembre-comienza-con-tiempo-fresco-e-inestable-en-puerto-iguazu-y-gran-parte-de-misiones\\\/#primaryimage\"},\"thumbnailUrl\":\"https:\\\/\\\/cvinoticias.com\\\/wp-content\\\/uploads\\\/2026\\\/09\\\/unnamed.webp\",\"datePublished\":\"2026-09-01T11:41:07+00:00\",\"dateModified\":\"2026-09-01T11:41:10+00:00\",\"description\":\"Puerto Iguaz\u00fa y Misiones tendr\u00e1n una jornada fresca, nublada e inestable este martes 1 de septiembre.\",\"breadcrumb\":{\"@id\":\"https:\\\/\\\/cvinoticias.com\\\/v3\\\/septiembre-comienza-con-tiempo-fresco-e-inestable-en-puerto-iguazu-y-gran-parte-de-misiones\\\/#breadcrumb\"},\"inLanguage\":\"es\",\"potentialAction\":[{\"@type\":\"ReadAction\",\"target\":[\"https:\\\/\\\/cvinoticias.com\\\/v3\\\/septiembre-comienza-con-tiempo-fresco-e-inestable-en-puerto-iguazu-y-gran-parte-de-misiones\\\/\"]}]},{\"@type\":\"ImageObject\",\"inLanguage\":\"es\",\"@id\":\"https:\\\/\\\/cvinoticias.com\\\/v3\\\/septiembre-comienza-con-tiempo-fresco-e-inestable-en-puerto-iguazu-y-gran-parte-de-misiones\\\/#primaryimage\",\"url\":\"https:\\\/\\\/cvinoticias.com\\\/wp-content\\\/uploads\\\/2026\\\/09\\\/unnamed.webp\",\"contentUrl\":\"https:\\\/\\\/cvinoticias.com\\\/wp-content\\\/uploads\\\/2026\\\/09\\\/unnamed.webp\",\"width\":765,\"height\":1020},{\"@type\":\"BreadcrumbList\",\"@id\":\"https:\\\/\\\/cvinoticias.com\\\/v3\\\/septiembre-comienza-con-tiempo-fresco-e-inestable-en-puerto-iguazu-y-gran-parte-de-misiones\\\/#breadcrumb\",\"itemListElement\":[{\"@type\":\"ListItem\",\"position\":1,\"name\":\"Portada\",\"item\":\"https:\\\/\\\/cvinoticias.com\\\/v3\\\/\"},{\"@type\":\"ListItem\",\"position\":2,\"name\":\"Septiembre comienza con tiempo fresco e inestable en Puerto Iguaz\u00fa y gran parte de Misiones\"}]},{\"@type\":\"WebSite\",\"@id\":\"https:\\\/\\\/cvinoticias.com\\\/v3\\\/#website\",\"url\":\"https:\\\/\\\/cvinoticias.com\\\/v3\\\/\",\"name\":\"CVI NOTICIAS\",\"description\":\"\",\"publisher\":{\"@id\":\"https:\\\/\\\/cvinoticias.com\\\/v3\\\/#organization\"},\"alternateName\":\"CVI\",\"potentialAction\":[{\"@type\":\"SearchAction\",\"target\":{\"@type\":\"EntryPoint\",\"urlTemplate\":\"https:\\\/\\\/cvinoticias.com\\\/v3\\\/?s={search_term_string}\"},\"query-input\":{\"@type\":\"PropertyValueSpecification\",\"valueRequired\":true,\"valueName\":\"search_term_string\"}}],\"inLanguage\":\"es\"},{\"@type\":\"Organization\",\"@id\":\"https:\\\/\\\/cvinoticias.com\\\/v3\\\/#organization\",\"name\":\"CVI NOTICIAS\",\"url\":\"https:\\\/\\\/cvinoticias.com\\\/v3\\\/\",\"logo\":{\"@type\":\"ImageObject\",\"inLanguage\":\"es\",\"@id\":\"https:\\\/\\\/cvinoticias.com\\\/v3\\\/#\\\/schema\\\/logo\\\/image\\\/\",\"url\":\"https:\\\/\\\/cvinoticias.com\\\/wp-content\\\/uploads\\\/2023\\\/04\\\/cropped-cropped-cropped-cropped-cropped-3-1.png\",\"contentUrl\":\"https:\\\/\\\/cvinoticias.com\\\/wp-content\\\/uploads\\\/2023\\\/04\\\/cropped-cropped-cropped-cropped-cropped-3-1.png\",\"width\":95,\"height\":122,\"caption\":\"CVI NOTICIAS\"},\"image\":{\"@id\":\"https:\\\/\\\/cvinoticias.com\\\/v3\\\/#\\\/schema\\\/logo\\\/image\\\/\"},\"sameAs\":[\"https:\\\/\\\/www.facebook.com\\\/cvinoticias\",\"https:\\\/\\\/www.instagram.com\\\/cvinoticias\\\/\",\"https:\\\/\\\/www.youtube.com\\\/@CVINOTICIAS\"]},{\"@type\":\"Person\",\"@id\":\"https:\\\/\\\/cvinoticias.com\\\/v3\\\/#\\\/schema\\\/person\\\/2db77e3c6bc03c538495d7b2b8be9b66\",\"name\":\"f1000024\",\"image\":{\"@type\":\"ImageObject\",\"inLanguage\":\"es\",\"@id\":\"https:\\\/\\\/secure.gravatar.com\\\/avatar\\\/d4fe7459cfc51ff5129ce1a732bbef5928568b8092d412ef95611616376bbeed?s=96&d=mm&r=g\",\"url\":\"https:\\\/\\\/secure.gravatar.com\\\/avatar\\\/d4fe7459cfc51ff5129ce1a732bbef5928568b8092d412ef95611616376bbeed?s=96&d=mm&r=g\",\"contentUrl\":\"https:\\\/\\\/secure.gravatar.com\\\/avatar\\\/d4fe7459cfc51ff5129ce1a732bbef5928568b8092d412ef95611616376bbeed?s=96&d=mm&r=g\",\"caption\":\"f1000024\"},\"url\":\"https:\\\/\\\/cvinoticias.com\\\/v3\\\/author\\\/f1000024\\\/\"}]}<\/script>\n<!-- \/ Yoast SEO plugin. -->","yoast_head_json":{"title":"Clima en Puerto Iguaz\u00fa y Misiones hoy 1 de septiembre | CVI NOTICIAS","description":"Puerto Iguaz\u00fa y Misiones tendr\u00e1n una jornada fresca, nublada e inestable este martes 1 de septiembre.","robots":{"index":"index","follow":"follow","max-snippet":"max-snippet:-1","max-image-preview":"max-image-preview:large","max-video-preview":"max-video-preview:-1"},"canonical":"https:\/\/cvinoticias.com\/v3\/septiembre-comienza-con-tiempo-fresco-e-inestable-en-puerto-iguazu-y-gran-parte-de-misiones\/","og_locale":"es_ES","og_type":"article","og_title":"Clima en Puerto Iguaz\u00fa y Misiones hoy 1 de septiembre | CVI NOTICIAS","og_description":"Puerto Iguaz\u00fa y Misiones tendr\u00e1n una jornada fresca, nublada e inestable este martes 1 de septiembre.","og_url":"https:\/\/cvinoticias.com\/v3\/septiembre-comienza-con-tiempo-fresco-e-inestable-en-puerto-iguazu-y-gran-parte-de-misiones\/","og_site_name":"CVI NOTICIAS","article_publisher":"https:\/\/www.facebook.com\/cvinoticias","article_published_time":"2026-09-01T11:41:07+00:00","article_modified_time":"2026-09-01T11:41:10+00:00","og_image":[{"width":765,"height":1020,"url":"https:\/\/cvinoticias.com\/wp-content\/uploads\/2026\/09\/unnamed.webp","type":"image\/webp"}],"author":"f1000024","twitter_card":"summary_large_image","twitter_misc":{"Escrito por":"f1000024","Tiempo de lectura":"2 minutos"},"schema":{"@context":"https:\/\/schema.org","@graph":[{"@type":"Article","@id":"https:\/\/cvinoticias.com\/v3\/septiembre-comienza-con-tiempo-fresco-e-inestable-en-puerto-iguazu-y-gran-parte-de-misiones\/#article","isPartOf":{"@id":"https:\/\/cvinoticias.com\/v3\/septiembre-comienza-con-tiempo-fresco-e-inestable-en-puerto-iguazu-y-gran-parte-de-misiones\/"},"author":{"name":"f1000024","@id":"https:\/\/cvinoticias.com\/v3\/#\/schema\/person\/2db77e3c6bc03c538495d7b2b8be9b66"},"headline":"Septiembre comienza con tiempo fresco e inestable en Puerto Iguaz\u00fa y gran parte de Misiones","datePublished":"2026-09-01T11:41:07+00:00","dateModified":"2026-09-01T11:41:10+00:00","mainEntityOfPage":{"@id":"https:\/\/cvinoticias.com\/v3\/septiembre-comienza-con-tiempo-fresco-e-inestable-en-puerto-iguazu-y-gran-parte-de-misiones\/"},"wordCount":427,"commentCount":0,"publisher":{"@id":"https:\/\/cvinoticias.com\/v3\/#organization"},"image":{"@id":"https:\/\/cvinoticias.com\/v3\/septiembre-comienza-con-tiempo-fresco-e-inestable-en-puerto-iguazu-y-gran-parte-de-misiones\/#primaryimage"},"thumbnailUrl":"https:\/\/cvinoticias.com\/wp-content\/uploads\/2026\/09\/unnamed.webp","keywords":["Clima","Iguaz\u00fa","Misiones"],"articleSection":["Tiempo"],"inLanguage":"es","potentialAction":[{"@type":"CommentAction","name":"Comment","target":["https:\/\/cvinoticias.com\/v3\/septiembre-comienza-con-tiempo-fresco-e-inestable-en-puerto-iguazu-y-gran-parte-de-misiones\/#respond"]}]},{"@type":"WebPage","@id":"https:\/\/cvinoticias.com\/v3\/septiembre-comienza-con-tiempo-fresco-e-inestable-en-puerto-iguazu-y-gran-parte-de-misiones\/","url":"https:\/\/cvinoticias.com\/v3\/septiembre-comienza-con-tiempo-fresco-e-inestable-en-puerto-iguazu-y-gran-parte-de-misiones\/","name":"Clima en Puerto Iguaz\u00fa y Misiones hoy 1 de septiembre | CVI NOTICIAS","isPartOf":{"@id":"https:\/\/cvinoticias.com\/v3\/#website"},"primaryImageOfPage":{"@id":"https:\/\/cvinoticias.com\/v3\/septiembre-comienza-con-tiempo-fresco-e-inestable-en-puerto-iguazu-y-gran-parte-de-misiones\/#primaryimage"},"image":{"@id":"https:\/\/cvinoticias.com\/v3\/septiembre-comienza-con-tiempo-fresco-e-inestable-en-puerto-iguazu-y-gran-parte-de-misiones\/#primaryimage"},"thumbnailUrl":"https:\/\/cvinoticias.com\/wp-content\/uploads\/2026\/09\/unnamed.webp","datePublished":"2026-09-01T11:41:07+00:00","dateModified":"2026-09-01T11:41:10+00:00","description":"Puerto Iguaz\u00fa y Misiones tendr\u00e1n una jornada fresca, nublada e inestable este martes 1 de septiembre.","breadcrumb":{"@id":"https:\/\/cvinoticias.com\/v3\/septiembre-comienza-con-tiempo-fresco-e-inestable-en-puerto-iguazu-y-gran-parte-de-misiones\/#breadcrumb"},"inLanguage":"es","potentialAction":[{"@type":"ReadAction","target":["https:\/\/cvinoticias.com\/v3\/septiembre-comienza-con-tiempo-fresco-e-inestable-en-puerto-iguazu-y-gran-parte-de-misiones\/"]}]},{"@type":"ImageObject","inLanguage":"es","@id":"https:\/\/cvinoticias.com\/v3\/septiembre-comienza-con-tiempo-fresco-e-inestable-en-puerto-iguazu-y-gran-parte-de-misiones\/#primaryimage","url":"https:\/\/cvinoticias.com\/wp-content\/uploads\/2026\/09\/unnamed.webp","contentUrl":"https:\/\/cvinoticias.com\/wp-content\/uploads\/2026\/09\/unnamed.webp","width":765,"height":1020},{"@type":"BreadcrumbList","@id":"https:\/\/cvinoticias.com\/v3\/septiembre-comienza-con-tiempo-fresco-e-inestable-en-puerto-iguazu-y-gran-parte-de-misiones\/#breadcrumb","itemListElement":[{"@type":"ListItem","position":1,"name":"Portada","item":"https:\/\/cvinoticias.com\/v3\/"},{"@type":"ListItem","position":2,"name":"Septiembre comienza con tiempo fresco e inestable en Puerto Iguaz\u00fa y gran parte de Misiones"}]},{"@type":"WebSite","@id":"https:\/\/cvinoticias.com\/v3\/#website","url":"https:\/\/cvinoticias.com\/v3\/","name":"CVI NOTICIAS","description":"","publisher":{"@id":"https:\/\/cvinoticias.com\/v3\/#organization"},"alternateName":"CVI","potentialAction":[{"@type":"SearchAction","target":{"@type":"EntryPoint","urlTemplate":"https:\/\/cvinoticias.com\/v3\/?s={search_term_string}"},"query-input":{"@type":"PropertyValueSpecification","valueRequired":true,"valueName":"search_term_string"}}],"inLanguage":"es"},{"@type":"Organization","@id":"https:\/\/cvinoticias.com\/v3\/#organization","name":"CVI NOTICIAS","url":"https:\/\/cvinoticias.com\/v3\/","logo":{"@type":"ImageObject","inLanguage":"es","@id":"https:\/\/cvinoticias.com\/v3\/#\/schema\/logo\/image\/","url":"https:\/\/cvinoticias.com\/wp-content\/uploads\/2023\/04\/cropped-cropped-cropped-cropped-cropped-3-1.png","contentUrl":"https:\/\/cvinoticias.com\/wp-content\/uploads\/2023\/04\/cropped-cropped-cropped-cropped-cropped-3-1.png","width":95,"height":122,"caption":"CVI NOTICIAS"},"image":{"@id":"https:\/\/cvinoticias.com\/v3\/#\/schema\/logo\/image\/"},"sameAs":["https:\/\/www.facebook.com\/cvinoticias","https:\/\/www.instagram.com\/cvinoticias\/","https:\/\/www.youtube.com\/@CVINOTICIAS"]},{"@type":"Person","@id":"https:\/\/cvinoticias.com\/v3\/#\/schema\/person\/2db77e3c6bc03c538495d7b2b8be9b66","name":"f1000024","image":{"@type":"ImageObject","inLanguage":"es","@id":"https:\/\/secure.gravatar.com\/avatar\/d4fe7459cfc51ff5129ce1a732bbef5928568b8092d412ef95611616376bbeed?s=96&d=mm&r=g","url":"https:\/\/secure.gravatar.com\/avatar\/d4fe7459cfc51ff5129ce1a732bbef5928568b8092d412ef95611616376bbeed?s=96&d=mm&r=g","contentUrl":"https:\/\/secure.gravatar.com\/avatar\/d4fe7459cfc51ff5129ce1a732bbef5928568b8092d412ef95611616376bbeed?s=96&d=mm&r=g","caption":"f1000024"},"url":"https:\/\/cvinoticias.com\/v3\/author\/f1000024\/"}]}},"_links":{"self":[{"href":"https:\/\/cvinoticias.com\/v3\/wp-json\/wp\/v2\/posts\/62621","targetHints":{"allow":["GET"]}}],"collection":[{"href":"https:\/\/cvinoticias.com\/v3\/wp-json\/wp\/v2\/posts"}],"about":[{"href":"https:\/\/cvinoticias.com\/v3\/wp-json\/wp\/v2\/types\/post"}],"author":[{"embeddable":true,"href":"https:\/\/cvinoticias.com\/v3\/wp-json\/wp\/v2\/users\/2"}],"replies":[{"embeddable":true,"href":"https:\/\/cvinoticias.com\/v3\/wp-json\/wp\/v2\/comments?post=62621"}],"version-history":[{"count":1,"href":"https:\/\/cvinoticias.com\/v3\/wp-json\/wp\/v2\/posts\/62621\/revisions"}],"predecessor-version":[{"id":62623,"href":"https:\/\/cvinoticias.com\/v3\/wp-json\/wp\/v2\/posts\/62621\/revisions\/62623"}],"wp:featuredmedia":[{"embeddable":true,"href":"https:\/\/cvinoticias.com\/v3\/wp-json\/wp\/v2\/media\/62622"}],"wp:attachment":[{"href":"https:\/\/cvinoticias.com\/v3\/wp-json\/wp\/v2\/media?parent=62621"}],"wp:term":[{"taxonomy":"category","embeddable":true,"href":"https:\/\/cvinoticias.com\/v3\/wp-json\/wp\/v2\/categories?post=62621"},{"taxonomy":"post_tag","embeddable":true,"href":"https:\/\/cvinoticias.com\/v3\/wp-json\/wp\/v2\/tags?post=62621"}],"curies":[{"name":"wp","href":"https:\/\/api.w.org\/{rel}","templated":true}]}}