{"id":62618,"date":"2026-08-31T12:28:10","date_gmt":"2026-08-31T15:28:10","guid":{"rendered":"https:\/\/cvinoticias.com\/v3\/?p=62618"},"modified":"2026-08-31T12:28:12","modified_gmt":"2026-08-31T15:28:12","slug":"ecologia-entrego-alevines-de-pacu-a-la-aldea-yryapu-de-puerto-iguazu","status":"publish","type":"post","link":"https:\/\/cvinoticias.com\/v3\/ecologia-entrego-alevines-de-pacu-a-la-aldea-yryapu-de-puerto-iguazu\/","title":{"rendered":"Ecolog\u00eda entreg\u00f3 alevines de pac\u00fa a la aldea Yryap\u00fa de Puerto Iguaz\u00fa"},"content":{"rendered":"\n<p class=\"wp-block-paragraph\">El <strong>Ministerio de Ecolog\u00eda y Recursos Naturales Renovables de Misiones<\/strong> realiz\u00f3 una nueva entrega de alevines en el marco del programa <strong>\u201cCriar Para Conservar\u201d<\/strong>. En esta oportunidad, los ejemplares fueron destinados a la <strong>aldea Yryap\u00fa<\/strong>, ubicada en las 600 Hect\u00e1reas de Puerto Iguaz\u00fa.<\/p>\n\n\n\n<p class=\"wp-block-paragraph\">La iniciativa busca acompa\u00f1ar proyectos de <strong>producci\u00f3n sustentable<\/strong>, promover el aprovechamiento responsable de especies nativas y fortalecer el cuidado de los recursos naturales.<\/p>\n\n\n\n<h2 class=\"wp-block-heading\">Una oportunidad para aprender sobre piscicultura<\/h2>\n\n\n\n<p class=\"wp-block-paragraph\">Durante la actividad, la comunidad recibi\u00f3 <strong>juveniles de pac\u00fa<\/strong> que ser\u00e1n incorporados a los tajamares de la aldea.<\/p>\n\n\n\n<p class=\"wp-block-paragraph\">El cacique de Yryap\u00fa, <strong>Javier Gonz\u00e1lez<\/strong>, destac\u00f3 la importancia de la iniciativa para las familias y, especialmente, para los m\u00e1s j\u00f3venes. Se\u00f1al\u00f3 que la comunidad ten\u00eda el deseo de contar con pac\u00fa en sus estanques y valor\u00f3 la posibilidad de adquirir conocimientos sobre su crianza.<\/p>\n\n\n\n<p class=\"wp-block-paragraph\">\u201cEstamos muy contentos y agradecidos. Hoy tuvimos la oportunidad de contar con pac\u00fa en los tajamares de la comunidad\u201d, expres\u00f3.<\/p>\n\n\n\n<p class=\"wp-block-paragraph\">Gonz\u00e1lez explic\u00f3 adem\u00e1s que los integrantes de la comunidad todav\u00eda no cuentan con experiencia en piscicultura. Por eso, consider\u00f3 fundamental aprender sobre la alimentaci\u00f3n, el manejo y el cuidado de los peces para garantizar su desarrollo.<\/p>\n\n\n\n<h2 class=\"wp-block-heading\">Producci\u00f3n de especies nativas<\/h2>\n\n\n\n<p class=\"wp-block-paragraph\">La directora de Investigaci\u00f3n del <strong>IMiBio<\/strong>, licenciada en Ciencias Biol\u00f3gicas <strong>Cecilia Miranda<\/strong>, explic\u00f3 que la propuesta apunta a generar nuevas experiencias de aprendizaje junto con la comunidad.<\/p>\n\n\n\n<p class=\"wp-block-paragraph\">Seg\u00fan detall\u00f3, la siembra de alevines de pac\u00fa permite promover la <strong>producci\u00f3n de especies nativas<\/strong>, fomentar el conocimiento sobre la ictiolog\u00eda provincial y desarrollar actividades de ciencia ciudadana con los chicos de la aldea.<\/p>\n\n\n\n<p class=\"wp-block-paragraph\">De esta manera, la propuesta combina la producci\u00f3n sustentable con instancias de formaci\u00f3n y participaci\u00f3n comunitaria.<\/p>\n\n\n\n<h2 class=\"wp-block-heading\">M\u00e1s de 9.000 ejemplares entregados<\/h2>\n\n\n\n<p class=\"wp-block-paragraph\">El subsecretario de Ecolog\u00eda, <strong>Facundo Ringa<\/strong>, destac\u00f3 el alcance que tuvo el programa durante este a\u00f1o.<\/p>\n\n\n\n<p class=\"wp-block-paragraph\">\u201cEste a\u00f1o ya llevamos m\u00e1s de 9.000 alevines y juveniles entregados a distintos productores de la provincia para sus estanques\u201d, explic\u00f3.<\/p>\n\n\n\n<p class=\"wp-block-paragraph\">En el caso de Yryap\u00fa, los juveniles de pac\u00fa fueron entregados desde la <strong>Estaci\u00f3n de Piscicultura del Parque Ecol\u00f3gico El Puma<\/strong>. El funcionario se\u00f1al\u00f3 que se busca mantener el v\u00ednculo con la comunidad para acompa\u00f1ar futuras experiencias de reproducci\u00f3n y nuevas entregas.<\/p>\n\n\n\n<p class=\"wp-block-paragraph\">El objetivo tambi\u00e9n apunta a promover la <strong>producci\u00f3n para autoconsumo<\/strong>, brindando herramientas que puedan ser aprovechadas por las familias de la comunidad.<\/p>\n\n\n\n<h2 class=\"wp-block-heading\">Una alternativa sustentable para Misiones<\/h2>\n\n\n\n<p class=\"wp-block-paragraph\">La actividad cont\u00f3 con la presencia del ministro de Ecolog\u00eda, <strong>Mart\u00edn Recam\u00e1n<\/strong>; el subsecretario de Ecolog\u00eda, <strong>Facundo Ringa<\/strong>; el subsecretario de Ordenamiento Territorial y el director ejecutivo del IMiBio, <strong>Emanuel Grassi<\/strong>, entre otras autoridades.<\/p>\n\n\n\n<p class=\"wp-block-paragraph\">El programa <strong>\u201cCriar Para Conservar\u201d<\/strong> impulsa la producci\u00f3n de peces como una alternativa sustentable para comunidades y productores de Misiones.<\/p>\n\n\n\n<p class=\"wp-block-paragraph\">Los ejemplares son criados en las instalaciones del <strong>Parque Ecol\u00f3gico El Puma<\/strong>. La propuesta busca generar herramientas productivas mientras contribuye al conocimiento y cuidado de los ecosistemas misioneros.<\/p>\n\n\n\n<p class=\"wp-block-paragraph\">En este marco, la entrega realizada en la aldea Yryap\u00fa representa un nuevo paso para fortalecer la producci\u00f3n de especies nativas y promover pr\u00e1cticas sustentables en las comunidades de Puerto Iguaz\u00fa.<\/p>\n\n\n\n<p class=\"wp-block-paragraph\"><\/p>\n","protected":false},"excerpt":{"rendered":"<p>El Ministerio de Ecolog\u00eda y Recursos Naturales Renovables de Misiones realiz\u00f3 una nueva entrega de alevines en el marco del programa \u201cCriar Para Conservar\u201d. En esta oportunidad, los ejemplares fueron destinados a la aldea Yryap\u00fa, ubicada en las 600 Hect\u00e1reas de Puerto Iguaz\u00fa. La iniciativa busca acompa\u00f1ar proyectos de producci\u00f3n sustentable, promover el aprovechamiento responsable [&hellip;]<\/p>\n","protected":false},"author":2,"featured_media":62619,"comment_status":"open","ping_status":"closed","sticky":false,"template":"","format":"standard","meta":{"footnotes":""},"categories":[1672],"tags":[7088,313,7089,7090],"class_list":["post-62618","post","type-post","status-publish","format-standard","has-post-thumbnail","hentry","category-ecologia-3","tag-alevines","tag-iguazu","tag-pacu","tag-yryapu"],"yoast_head":"<!-- This site is optimized with the Yoast SEO plugin v28.3 - https:\/\/yoast.com\/product\/yoast-seo-wordpress\/ -->\n<title>Ecolog\u00eda entreg\u00f3 alevines de pac\u00fa a la aldea Yryap\u00fa | CVI NOTICIAS<\/title>\n<meta name=\"description\" content=\"El programa Criar Para Conservar entreg\u00f3 juveniles de pac\u00fa a la aldea Yryap\u00fa de Puerto Iguaz\u00fa para producci\u00f3n sustentable.\" \/>\n<meta name=\"robots\" content=\"index, follow, max-snippet:-1, max-image-preview:large, max-video-preview:-1\" \/>\n<link rel=\"canonical\" href=\"https:\/\/cvinoticias.com\/v3\/ecologia-entrego-alevines-de-pacu-a-la-aldea-yryapu-de-puerto-iguazu\/\" \/>\n<meta property=\"og:locale\" content=\"es_ES\" \/>\n<meta property=\"og:type\" content=\"article\" \/>\n<meta property=\"og:title\" content=\"Ecolog\u00eda entreg\u00f3 alevines de pac\u00fa a la aldea Yryap\u00fa | CVI NOTICIAS\" \/>\n<meta property=\"og:description\" content=\"El programa Criar Para Conservar entreg\u00f3 juveniles de pac\u00fa a la aldea Yryap\u00fa de Puerto Iguaz\u00fa para producci\u00f3n sustentable.\" \/>\n<meta property=\"og:url\" content=\"https:\/\/cvinoticias.com\/v3\/ecologia-entrego-alevines-de-pacu-a-la-aldea-yryapu-de-puerto-iguazu\/\" \/>\n<meta property=\"og:site_name\" content=\"CVI NOTICIAS\" \/>\n<meta property=\"article:publisher\" content=\"https:\/\/www.facebook.com\/cvinoticias\" \/>\n<meta property=\"article:published_time\" content=\"2026-08-31T15:28:10+00:00\" \/>\n<meta property=\"article:modified_time\" content=\"2026-08-31T15:28:12+00:00\" \/>\n<meta property=\"og:image\" content=\"https:\/\/cvinoticias.com\/wp-content\/uploads\/2026\/08\/c69d1d35-4501-4244-8bee-4af0e27d1a37.jpeg\" \/>\n\t<meta property=\"og:image:width\" content=\"1600\" \/>\n\t<meta property=\"og:image:height\" content=\"1066\" \/>\n\t<meta property=\"og:image:type\" content=\"image\/jpeg\" \/>\n<meta name=\"author\" content=\"f1000024\" \/>\n<meta name=\"twitter:card\" content=\"summary_large_image\" \/>\n<meta name=\"twitter:label1\" content=\"Escrito por\" \/>\n\t<meta name=\"twitter:data1\" content=\"f1000024\" \/>\n\t<meta name=\"twitter:label2\" content=\"Tiempo de lectura\" \/>\n\t<meta name=\"twitter:data2\" content=\"3 minutos\" \/>\n<script type=\"application\/ld+json\" class=\"yoast-schema-graph\">{\"@context\":\"https:\\\/\\\/schema.org\",\"@graph\":[{\"@type\":\"Article\",\"@id\":\"https:\\\/\\\/cvinoticias.com\\\/v3\\\/ecologia-entrego-alevines-de-pacu-a-la-aldea-yryapu-de-puerto-iguazu\\\/#article\",\"isPartOf\":{\"@id\":\"https:\\\/\\\/cvinoticias.com\\\/v3\\\/ecologia-entrego-alevines-de-pacu-a-la-aldea-yryapu-de-puerto-iguazu\\\/\"},\"author\":{\"name\":\"f1000024\",\"@id\":\"https:\\\/\\\/cvinoticias.com\\\/v3\\\/#\\\/schema\\\/person\\\/2db77e3c6bc03c538495d7b2b8be9b66\"},\"headline\":\"Ecolog\u00eda entreg\u00f3 alevines de pac\u00fa a la aldea Yryap\u00fa de Puerto Iguaz\u00fa\",\"datePublished\":\"2026-08-31T15:28:10+00:00\",\"dateModified\":\"2026-08-31T15:28:12+00:00\",\"mainEntityOfPage\":{\"@id\":\"https:\\\/\\\/cvinoticias.com\\\/v3\\\/ecologia-entrego-alevines-de-pacu-a-la-aldea-yryapu-de-puerto-iguazu\\\/\"},\"wordCount\":550,\"commentCount\":0,\"publisher\":{\"@id\":\"https:\\\/\\\/cvinoticias.com\\\/v3\\\/#organization\"},\"image\":{\"@id\":\"https:\\\/\\\/cvinoticias.com\\\/v3\\\/ecologia-entrego-alevines-de-pacu-a-la-aldea-yryapu-de-puerto-iguazu\\\/#primaryimage\"},\"thumbnailUrl\":\"https:\\\/\\\/cvinoticias.com\\\/wp-content\\\/uploads\\\/2026\\\/08\\\/c69d1d35-4501-4244-8bee-4af0e27d1a37.jpeg\",\"keywords\":[\"alevines\",\"Iguaz\u00fa\",\"pac\u00fa\",\"Yryap\u00fa\"],\"articleSection\":[\"Ecolog\u00eda\"],\"inLanguage\":\"es\",\"potentialAction\":[{\"@type\":\"CommentAction\",\"name\":\"Comment\",\"target\":[\"https:\\\/\\\/cvinoticias.com\\\/v3\\\/ecologia-entrego-alevines-de-pacu-a-la-aldea-yryapu-de-puerto-iguazu\\\/#respond\"]}]},{\"@type\":\"WebPage\",\"@id\":\"https:\\\/\\\/cvinoticias.com\\\/v3\\\/ecologia-entrego-alevines-de-pacu-a-la-aldea-yryapu-de-puerto-iguazu\\\/\",\"url\":\"https:\\\/\\\/cvinoticias.com\\\/v3\\\/ecologia-entrego-alevines-de-pacu-a-la-aldea-yryapu-de-puerto-iguazu\\\/\",\"name\":\"Ecolog\u00eda entreg\u00f3 alevines de pac\u00fa a la aldea Yryap\u00fa | CVI NOTICIAS\",\"isPartOf\":{\"@id\":\"https:\\\/\\\/cvinoticias.com\\\/v3\\\/#website\"},\"primaryImageOfPage\":{\"@id\":\"https:\\\/\\\/cvinoticias.com\\\/v3\\\/ecologia-entrego-alevines-de-pacu-a-la-aldea-yryapu-de-puerto-iguazu\\\/#primaryimage\"},\"image\":{\"@id\":\"https:\\\/\\\/cvinoticias.com\\\/v3\\\/ecologia-entrego-alevines-de-pacu-a-la-aldea-yryapu-de-puerto-iguazu\\\/#primaryimage\"},\"thumbnailUrl\":\"https:\\\/\\\/cvinoticias.com\\\/wp-content\\\/uploads\\\/2026\\\/08\\\/c69d1d35-4501-4244-8bee-4af0e27d1a37.jpeg\",\"datePublished\":\"2026-08-31T15:28:10+00:00\",\"dateModified\":\"2026-08-31T15:28:12+00:00\",\"description\":\"El programa Criar Para Conservar entreg\u00f3 juveniles de pac\u00fa a la aldea Yryap\u00fa de Puerto Iguaz\u00fa para producci\u00f3n sustentable.\",\"breadcrumb\":{\"@id\":\"https:\\\/\\\/cvinoticias.com\\\/v3\\\/ecologia-entrego-alevines-de-pacu-a-la-aldea-yryapu-de-puerto-iguazu\\\/#breadcrumb\"},\"inLanguage\":\"es\",\"potentialAction\":[{\"@type\":\"ReadAction\",\"target\":[\"https:\\\/\\\/cvinoticias.com\\\/v3\\\/ecologia-entrego-alevines-de-pacu-a-la-aldea-yryapu-de-puerto-iguazu\\\/\"]}]},{\"@type\":\"ImageObject\",\"inLanguage\":\"es\",\"@id\":\"https:\\\/\\\/cvinoticias.com\\\/v3\\\/ecologia-entrego-alevines-de-pacu-a-la-aldea-yryapu-de-puerto-iguazu\\\/#primaryimage\",\"url\":\"https:\\\/\\\/cvinoticias.com\\\/wp-content\\\/uploads\\\/2026\\\/08\\\/c69d1d35-4501-4244-8bee-4af0e27d1a37.jpeg\",\"contentUrl\":\"https:\\\/\\\/cvinoticias.com\\\/wp-content\\\/uploads\\\/2026\\\/08\\\/c69d1d35-4501-4244-8bee-4af0e27d1a37.jpeg\",\"width\":1600,\"height\":1066},{\"@type\":\"BreadcrumbList\",\"@id\":\"https:\\\/\\\/cvinoticias.com\\\/v3\\\/ecologia-entrego-alevines-de-pacu-a-la-aldea-yryapu-de-puerto-iguazu\\\/#breadcrumb\",\"itemListElement\":[{\"@type\":\"ListItem\",\"position\":1,\"name\":\"Portada\",\"item\":\"https:\\\/\\\/cvinoticias.com\\\/v3\\\/\"},{\"@type\":\"ListItem\",\"position\":2,\"name\":\"Ecolog\u00eda entreg\u00f3 alevines de pac\u00fa a la aldea Yryap\u00fa de Puerto Iguaz\u00fa\"}]},{\"@type\":\"WebSite\",\"@id\":\"https:\\\/\\\/cvinoticias.com\\\/v3\\\/#website\",\"url\":\"https:\\\/\\\/cvinoticias.com\\\/v3\\\/\",\"name\":\"CVI NOTICIAS\",\"description\":\"\",\"publisher\":{\"@id\":\"https:\\\/\\\/cvinoticias.com\\\/v3\\\/#organization\"},\"alternateName\":\"CVI\",\"potentialAction\":[{\"@type\":\"SearchAction\",\"target\":{\"@type\":\"EntryPoint\",\"urlTemplate\":\"https:\\\/\\\/cvinoticias.com\\\/v3\\\/?s={search_term_string}\"},\"query-input\":{\"@type\":\"PropertyValueSpecification\",\"valueRequired\":true,\"valueName\":\"search_term_string\"}}],\"inLanguage\":\"es\"},{\"@type\":\"Organization\",\"@id\":\"https:\\\/\\\/cvinoticias.com\\\/v3\\\/#organization\",\"name\":\"CVI NOTICIAS\",\"url\":\"https:\\\/\\\/cvinoticias.com\\\/v3\\\/\",\"logo\":{\"@type\":\"ImageObject\",\"inLanguage\":\"es\",\"@id\":\"https:\\\/\\\/cvinoticias.com\\\/v3\\\/#\\\/schema\\\/logo\\\/image\\\/\",\"url\":\"https:\\\/\\\/cvinoticias.com\\\/wp-content\\\/uploads\\\/2023\\\/04\\\/cropped-cropped-cropped-cropped-cropped-3-1.png\",\"contentUrl\":\"https:\\\/\\\/cvinoticias.com\\\/wp-content\\\/uploads\\\/2023\\\/04\\\/cropped-cropped-cropped-cropped-cropped-3-1.png\",\"width\":95,\"height\":122,\"caption\":\"CVI NOTICIAS\"},\"image\":{\"@id\":\"https:\\\/\\\/cvinoticias.com\\\/v3\\\/#\\\/schema\\\/logo\\\/image\\\/\"},\"sameAs\":[\"https:\\\/\\\/www.facebook.com\\\/cvinoticias\",\"https:\\\/\\\/www.instagram.com\\\/cvinoticias\\\/\",\"https:\\\/\\\/www.youtube.com\\\/@CVINOTICIAS\"]},{\"@type\":\"Person\",\"@id\":\"https:\\\/\\\/cvinoticias.com\\\/v3\\\/#\\\/schema\\\/person\\\/2db77e3c6bc03c538495d7b2b8be9b66\",\"name\":\"f1000024\",\"image\":{\"@type\":\"ImageObject\",\"inLanguage\":\"es\",\"@id\":\"https:\\\/\\\/secure.gravatar.com\\\/avatar\\\/d4fe7459cfc51ff5129ce1a732bbef5928568b8092d412ef95611616376bbeed?s=96&d=mm&r=g\",\"url\":\"https:\\\/\\\/secure.gravatar.com\\\/avatar\\\/d4fe7459cfc51ff5129ce1a732bbef5928568b8092d412ef95611616376bbeed?s=96&d=mm&r=g\",\"contentUrl\":\"https:\\\/\\\/secure.gravatar.com\\\/avatar\\\/d4fe7459cfc51ff5129ce1a732bbef5928568b8092d412ef95611616376bbeed?s=96&d=mm&r=g\",\"caption\":\"f1000024\"},\"url\":\"https:\\\/\\\/cvinoticias.com\\\/v3\\\/author\\\/f1000024\\\/\"}]}<\/script>\n<!-- \/ Yoast SEO plugin. -->","yoast_head_json":{"title":"Ecolog\u00eda entreg\u00f3 alevines de pac\u00fa a la aldea Yryap\u00fa | CVI NOTICIAS","description":"El programa Criar Para Conservar entreg\u00f3 juveniles de pac\u00fa a la aldea Yryap\u00fa de Puerto Iguaz\u00fa para producci\u00f3n sustentable.","robots":{"index":"index","follow":"follow","max-snippet":"max-snippet:-1","max-image-preview":"max-image-preview:large","max-video-preview":"max-video-preview:-1"},"canonical":"https:\/\/cvinoticias.com\/v3\/ecologia-entrego-alevines-de-pacu-a-la-aldea-yryapu-de-puerto-iguazu\/","og_locale":"es_ES","og_type":"article","og_title":"Ecolog\u00eda entreg\u00f3 alevines de pac\u00fa a la aldea Yryap\u00fa | CVI NOTICIAS","og_description":"El programa Criar Para Conservar entreg\u00f3 juveniles de pac\u00fa a la aldea Yryap\u00fa de Puerto Iguaz\u00fa para producci\u00f3n sustentable.","og_url":"https:\/\/cvinoticias.com\/v3\/ecologia-entrego-alevines-de-pacu-a-la-aldea-yryapu-de-puerto-iguazu\/","og_site_name":"CVI NOTICIAS","article_publisher":"https:\/\/www.facebook.com\/cvinoticias","article_published_time":"2026-08-31T15:28:10+00:00","article_modified_time":"2026-08-31T15:28:12+00:00","og_image":[{"width":1600,"height":1066,"url":"https:\/\/cvinoticias.com\/wp-content\/uploads\/2026\/08\/c69d1d35-4501-4244-8bee-4af0e27d1a37.jpeg","type":"image\/jpeg"}],"author":"f1000024","twitter_card":"summary_large_image","twitter_misc":{"Escrito por":"f1000024","Tiempo de lectura":"3 minutos"},"schema":{"@context":"https:\/\/schema.org","@graph":[{"@type":"Article","@id":"https:\/\/cvinoticias.com\/v3\/ecologia-entrego-alevines-de-pacu-a-la-aldea-yryapu-de-puerto-iguazu\/#article","isPartOf":{"@id":"https:\/\/cvinoticias.com\/v3\/ecologia-entrego-alevines-de-pacu-a-la-aldea-yryapu-de-puerto-iguazu\/"},"author":{"name":"f1000024","@id":"https:\/\/cvinoticias.com\/v3\/#\/schema\/person\/2db77e3c6bc03c538495d7b2b8be9b66"},"headline":"Ecolog\u00eda entreg\u00f3 alevines de pac\u00fa a la aldea Yryap\u00fa de Puerto Iguaz\u00fa","datePublished":"2026-08-31T15:28:10+00:00","dateModified":"2026-08-31T15:28:12+00:00","mainEntityOfPage":{"@id":"https:\/\/cvinoticias.com\/v3\/ecologia-entrego-alevines-de-pacu-a-la-aldea-yryapu-de-puerto-iguazu\/"},"wordCount":550,"commentCount":0,"publisher":{"@id":"https:\/\/cvinoticias.com\/v3\/#organization"},"image":{"@id":"https:\/\/cvinoticias.com\/v3\/ecologia-entrego-alevines-de-pacu-a-la-aldea-yryapu-de-puerto-iguazu\/#primaryimage"},"thumbnailUrl":"https:\/\/cvinoticias.com\/wp-content\/uploads\/2026\/08\/c69d1d35-4501-4244-8bee-4af0e27d1a37.jpeg","keywords":["alevines","Iguaz\u00fa","pac\u00fa","Yryap\u00fa"],"articleSection":["Ecolog\u00eda"],"inLanguage":"es","potentialAction":[{"@type":"CommentAction","name":"Comment","target":["https:\/\/cvinoticias.com\/v3\/ecologia-entrego-alevines-de-pacu-a-la-aldea-yryapu-de-puerto-iguazu\/#respond"]}]},{"@type":"WebPage","@id":"https:\/\/cvinoticias.com\/v3\/ecologia-entrego-alevines-de-pacu-a-la-aldea-yryapu-de-puerto-iguazu\/","url":"https:\/\/cvinoticias.com\/v3\/ecologia-entrego-alevines-de-pacu-a-la-aldea-yryapu-de-puerto-iguazu\/","name":"Ecolog\u00eda entreg\u00f3 alevines de pac\u00fa a la aldea Yryap\u00fa | CVI NOTICIAS","isPartOf":{"@id":"https:\/\/cvinoticias.com\/v3\/#website"},"primaryImageOfPage":{"@id":"https:\/\/cvinoticias.com\/v3\/ecologia-entrego-alevines-de-pacu-a-la-aldea-yryapu-de-puerto-iguazu\/#primaryimage"},"image":{"@id":"https:\/\/cvinoticias.com\/v3\/ecologia-entrego-alevines-de-pacu-a-la-aldea-yryapu-de-puerto-iguazu\/#primaryimage"},"thumbnailUrl":"https:\/\/cvinoticias.com\/wp-content\/uploads\/2026\/08\/c69d1d35-4501-4244-8bee-4af0e27d1a37.jpeg","datePublished":"2026-08-31T15:28:10+00:00","dateModified":"2026-08-31T15:28:12+00:00","description":"El programa Criar Para Conservar entreg\u00f3 juveniles de pac\u00fa a la aldea Yryap\u00fa de Puerto Iguaz\u00fa para producci\u00f3n sustentable.","breadcrumb":{"@id":"https:\/\/cvinoticias.com\/v3\/ecologia-entrego-alevines-de-pacu-a-la-aldea-yryapu-de-puerto-iguazu\/#breadcrumb"},"inLanguage":"es","potentialAction":[{"@type":"ReadAction","target":["https:\/\/cvinoticias.com\/v3\/ecologia-entrego-alevines-de-pacu-a-la-aldea-yryapu-de-puerto-iguazu\/"]}]},{"@type":"ImageObject","inLanguage":"es","@id":"https:\/\/cvinoticias.com\/v3\/ecologia-entrego-alevines-de-pacu-a-la-aldea-yryapu-de-puerto-iguazu\/#primaryimage","url":"https:\/\/cvinoticias.com\/wp-content\/uploads\/2026\/08\/c69d1d35-4501-4244-8bee-4af0e27d1a37.jpeg","contentUrl":"https:\/\/cvinoticias.com\/wp-content\/uploads\/2026\/08\/c69d1d35-4501-4244-8bee-4af0e27d1a37.jpeg","width":1600,"height":1066},{"@type":"BreadcrumbList","@id":"https:\/\/cvinoticias.com\/v3\/ecologia-entrego-alevines-de-pacu-a-la-aldea-yryapu-de-puerto-iguazu\/#breadcrumb","itemListElement":[{"@type":"ListItem","position":1,"name":"Portada","item":"https:\/\/cvinoticias.com\/v3\/"},{"@type":"ListItem","position":2,"name":"Ecolog\u00eda entreg\u00f3 alevines de pac\u00fa a la aldea Yryap\u00fa de Puerto Iguaz\u00fa"}]},{"@type":"WebSite","@id":"https:\/\/cvinoticias.com\/v3\/#website","url":"https:\/\/cvinoticias.com\/v3\/","name":"CVI NOTICIAS","description":"","publisher":{"@id":"https:\/\/cvinoticias.com\/v3\/#organization"},"alternateName":"CVI","potentialAction":[{"@type":"SearchAction","target":{"@type":"EntryPoint","urlTemplate":"https:\/\/cvinoticias.com\/v3\/?s={search_term_string}"},"query-input":{"@type":"PropertyValueSpecification","valueRequired":true,"valueName":"search_term_string"}}],"inLanguage":"es"},{"@type":"Organization","@id":"https:\/\/cvinoticias.com\/v3\/#organization","name":"CVI NOTICIAS","url":"https:\/\/cvinoticias.com\/v3\/","logo":{"@type":"ImageObject","inLanguage":"es","@id":"https:\/\/cvinoticias.com\/v3\/#\/schema\/logo\/image\/","url":"https:\/\/cvinoticias.com\/wp-content\/uploads\/2023\/04\/cropped-cropped-cropped-cropped-cropped-3-1.png","contentUrl":"https:\/\/cvinoticias.com\/wp-content\/uploads\/2023\/04\/cropped-cropped-cropped-cropped-cropped-3-1.png","width":95,"height":122,"caption":"CVI NOTICIAS"},"image":{"@id":"https:\/\/cvinoticias.com\/v3\/#\/schema\/logo\/image\/"},"sameAs":["https:\/\/www.facebook.com\/cvinoticias","https:\/\/www.instagram.com\/cvinoticias\/","https:\/\/www.youtube.com\/@CVINOTICIAS"]},{"@type":"Person","@id":"https:\/\/cvinoticias.com\/v3\/#\/schema\/person\/2db77e3c6bc03c538495d7b2b8be9b66","name":"f1000024","image":{"@type":"ImageObject","inLanguage":"es","@id":"https:\/\/secure.gravatar.com\/avatar\/d4fe7459cfc51ff5129ce1a732bbef5928568b8092d412ef95611616376bbeed?s=96&d=mm&r=g","url":"https:\/\/secure.gravatar.com\/avatar\/d4fe7459cfc51ff5129ce1a732bbef5928568b8092d412ef95611616376bbeed?s=96&d=mm&r=g","contentUrl":"https:\/\/secure.gravatar.com\/avatar\/d4fe7459cfc51ff5129ce1a732bbef5928568b8092d412ef95611616376bbeed?s=96&d=mm&r=g","caption":"f1000024"},"url":"https:\/\/cvinoticias.com\/v3\/author\/f1000024\/"}]}},"_links":{"self":[{"href":"https:\/\/cvinoticias.com\/v3\/wp-json\/wp\/v2\/posts\/62618","targetHints":{"allow":["GET"]}}],"collection":[{"href":"https:\/\/cvinoticias.com\/v3\/wp-json\/wp\/v2\/posts"}],"about":[{"href":"https:\/\/cvinoticias.com\/v3\/wp-json\/wp\/v2\/types\/post"}],"author":[{"embeddable":true,"href":"https:\/\/cvinoticias.com\/v3\/wp-json\/wp\/v2\/users\/2"}],"replies":[{"embeddable":true,"href":"https:\/\/cvinoticias.com\/v3\/wp-json\/wp\/v2\/comments?post=62618"}],"version-history":[{"count":1,"href":"https:\/\/cvinoticias.com\/v3\/wp-json\/wp\/v2\/posts\/62618\/revisions"}],"predecessor-version":[{"id":62620,"href":"https:\/\/cvinoticias.com\/v3\/wp-json\/wp\/v2\/posts\/62618\/revisions\/62620"}],"wp:featuredmedia":[{"embeddable":true,"href":"https:\/\/cvinoticias.com\/v3\/wp-json\/wp\/v2\/media\/62619"}],"wp:attachment":[{"href":"https:\/\/cvinoticias.com\/v3\/wp-json\/wp\/v2\/media?parent=62618"}],"wp:term":[{"taxonomy":"category","embeddable":true,"href":"https:\/\/cvinoticias.com\/v3\/wp-json\/wp\/v2\/categories?post=62618"},{"taxonomy":"post_tag","embeddable":true,"href":"https:\/\/cvinoticias.com\/v3\/wp-json\/wp\/v2\/tags?post=62618"}],"curies":[{"name":"wp","href":"https:\/\/api.w.org\/{rel}","templated":true}]}}