{"id":62615,"date":"2026-08-31T12:24:41","date_gmt":"2026-08-31T15:24:41","guid":{"rendered":"https:\/\/cvinoticias.com\/v3\/?p=62615"},"modified":"2026-08-31T12:24:43","modified_gmt":"2026-08-31T15:24:43","slug":"lionel-messi-anuncio-su-retiro-de-la-seleccion-argentina-me-vacie-ya-no-tengo-mas-para-dar","status":"publish","type":"post","link":"https:\/\/cvinoticias.com\/v3\/lionel-messi-anuncio-su-retiro-de-la-seleccion-argentina-me-vacie-ya-no-tengo-mas-para-dar\/","title":{"rendered":"Lionel Messi anunci\u00f3 su retiro de la Selecci\u00f3n Argentina: \u201cMe vaci\u00e9, ya no tengo m\u00e1s para dar\u201d"},"content":{"rendered":"\n<p class=\"wp-block-paragraph\">\u201cMe vaci\u00e9, ya no tengo m\u00e1s para dar\u201d.&nbsp;<strong>Lionel Messi anunci\u00f3 su retiro de la Selecci\u00f3n Argentina y le puso punto final a una historia extraordinaria de 20 a\u00f1os con la camiseta albiceleste<\/strong>. Despu\u00e9s de tomarse un tiempo para procesar lo ocurrido en la \u00faltima final, el capit\u00e1n comunic\u00f3 una decisi\u00f3n que defini\u00f3 como dolorosa y explic\u00f3 que lleg\u00f3 el momento de cerrar una etapa: \u201cAmo, am\u00e9 y amar\u00e9 siempre estar en la Selecci\u00f3n\u201d.<\/p>\n\n\n\n<p class=\"wp-block-paragraph\">El futbolista que encabez\u00f3 la generaci\u00f3n que termin\u00f3 con una largu\u00edsima espera y llev\u00f3 al equipo nacional a sus a\u00f1os m\u00e1s gloriosos decidi\u00f3 dar un paso al costado y dejarles lugar a los que vienen detr\u00e1s.<strong>&nbsp;\u201cFue una decisi\u00f3n que doli\u00f3 y duele en el alma\u201d<\/strong>, confes\u00f3 en una despedida cargada de emoci\u00f3n que cerr\u00f3 con una frase a la altura de su v\u00ednculo con la camiseta:&nbsp;<strong>\u201cGracias Dios por hacerme argentino\u201d.<\/strong><img decoding=\"async\" alt=\"La carta de pu\u00f1o y letra que Lionel Messi escribi\u00f3 en su cuenta de Instagram para anunciar su retiro de la Selecci\u00f3n Argentina. Foto: Instagram.\" width=\"720\" height=\"480\" data-src=\"https:\/\/www.clarin.com\/img\/2026\/08\/31\/qH5AY4lz__720x0__1.jpg\" src=\"data:image\/svg+xml;base64,PHN2ZyB3aWR0aD0iMSIgaGVpZ2h0PSIxIiB4bWxucz0iaHR0cDovL3d3dy53My5vcmcvMjAwMC9zdmciPjwvc3ZnPg==\" class=\"lazyload\" style=\"--smush-placeholder-width: 720px; --smush-placeholder-aspect-ratio: 720\/480;\">La carta de pu\u00f1o y letra que Lionel Messi escribi\u00f3 en su cuenta de Instagram para anunciar su retiro de la Selecci\u00f3n Argentina. Foto: Instagram.<\/p>\n\n\n\n<h2 class=\"wp-block-heading\">El comunicado completo<\/h2>\n\n\n\n<p class=\"wp-block-paragraph\"><em>Despu\u00e9s de este tiempo que pas\u00f3 desde la final, pens\u00e1ndolo mucho, quiero comunicarles a todos que me retiro de la Selecci\u00f3n\u2026<\/em><\/p>\n\n\n\n<p class=\"wp-block-paragraph\"><em>Fue una decisi\u00f3n que doli\u00f3 y duele en el alma pero entiendo que es el momento. Les juro que siempre dej\u00e9 todo, no solo los \u00faltimos a\u00f1os que se gan\u00f3 todo antes tambi\u00e9n y siempre pele\u00e9 y me dej\u00e9 todo por esta camiseta, por darles alegr\u00edas y hacer que se sientan orgullosos de ser argentinos a trav\u00e9s del f\u00fatbol.<\/em><\/p>\n\n\n\n<p class=\"wp-block-paragraph\"><em>Queda poco y se van cerrando etapas y esta es una que me duele mucho. Amo, am\u00e9 y amar\u00e9 siempre estar en la Selecci\u00f3n. Me vaci\u00e9, ya no tengo m\u00e1s para dar y aparte vienen chicos muy grandes atr\u00e1s que merecen estar.<\/em><\/p>\n\n\n\n<p class=\"wp-block-paragraph\"><em>Gracias por todo el cari\u00f1o de estos 20 a\u00f1os. Voy a extra\u00f1ar mucho escucharlos desde adentro. Ahora voy a ser uno m\u00e1s de ustedes, alentando y bancando siempre desde afuera (en las buenas y en las malas, mucho m\u00e1s).<\/em><\/p>\n\n\n\n<p class=\"wp-block-paragraph\"><em>Gracias a mi familia por estar siempre, por acompa\u00f1arme en este viaje tan hermoso pero dif\u00edcil. Gracias a cada uno de entrenadores, compa\u00f1eros y dirigentes que me toc\u00f3 compartir. Me llevo recuerdos y momentos inolvidables vividos.<\/em><\/p>\n\n\n\n<p class=\"wp-block-paragraph\"><em>Me voy con la tranquilidad y el orgullo de haberles regalado, juntos con mis compa\u00f1eros, momentos so\u00f1ados. Fue una locura haberlo vivido con ustedes. \u00a1Los quiero!<\/em><\/p>\n\n\n\n<p class=\"wp-block-paragraph\"><em>Gracias Dios por hacerme argentino.<\/em><\/p>\n\n\n\n<p class=\"wp-block-paragraph\"><em>\u00a1Vamos Argentina!<\/em><\/p>\n\n\n\n<p class=\"wp-block-paragraph\">Fuente: Clar\u00edn<\/p>\n","protected":false},"excerpt":{"rendered":"<p>\u201cMe vaci\u00e9, ya no tengo m\u00e1s para dar\u201d.&nbsp;Lionel Messi anunci\u00f3 su retiro de la Selecci\u00f3n Argentina y le puso punto final a una historia extraordinaria de 20 a\u00f1os con la camiseta albiceleste. Despu\u00e9s de tomarse un tiempo para procesar lo ocurrido en la \u00faltima final, el capit\u00e1n comunic\u00f3 una decisi\u00f3n que defini\u00f3 como dolorosa y [&hellip;]<\/p>\n","protected":false},"author":2,"featured_media":62616,"comment_status":"open","ping_status":"closed","sticky":false,"template":"","format":"standard","meta":{"footnotes":""},"categories":[24],"tags":[276,6494,1650,2725],"class_list":["post-62615","post","type-post","status-publish","format-standard","has-post-thumbnail","hentry","category-deportes","tag-argentina","tag-lionel-messi","tag-retiro","tag-seleccion"],"yoast_head":"<!-- This site is optimized with the Yoast SEO plugin v28.3 - https:\/\/yoast.com\/product\/yoast-seo-wordpress\/ -->\n<title>Messi anunci\u00f3 su retiro de la Selecci\u00f3n Argentina | CVI NOTICIAS<\/title>\n<meta name=\"description\" content=\"Lionel Messi anunci\u00f3 su retiro de la Selecci\u00f3n Argentina tras 20 a\u00f1os y asegur\u00f3: \u201cMe vaci\u00e9, ya no tengo m\u00e1s para dar\u201d.\" \/>\n<meta name=\"robots\" content=\"index, follow, max-snippet:-1, max-image-preview:large, max-video-preview:-1\" \/>\n<link rel=\"canonical\" href=\"https:\/\/cvinoticias.com\/v3\/lionel-messi-anuncio-su-retiro-de-la-seleccion-argentina-me-vacie-ya-no-tengo-mas-para-dar\/\" \/>\n<meta property=\"og:locale\" content=\"es_ES\" \/>\n<meta property=\"og:type\" content=\"article\" \/>\n<meta property=\"og:title\" content=\"Messi anunci\u00f3 su retiro de la Selecci\u00f3n Argentina | CVI NOTICIAS\" \/>\n<meta property=\"og:description\" content=\"Lionel Messi anunci\u00f3 su retiro de la Selecci\u00f3n Argentina tras 20 a\u00f1os y asegur\u00f3: \u201cMe vaci\u00e9, ya no tengo m\u00e1s para dar\u201d.\" \/>\n<meta property=\"og:url\" content=\"https:\/\/cvinoticias.com\/v3\/lionel-messi-anuncio-su-retiro-de-la-seleccion-argentina-me-vacie-ya-no-tengo-mas-para-dar\/\" \/>\n<meta property=\"og:site_name\" content=\"CVI NOTICIAS\" \/>\n<meta property=\"article:publisher\" content=\"https:\/\/www.facebook.com\/cvinoticias\" \/>\n<meta property=\"article:published_time\" content=\"2026-08-31T15:24:41+00:00\" \/>\n<meta property=\"article:modified_time\" content=\"2026-08-31T15:24:43+00:00\" \/>\n<meta property=\"og:image\" content=\"https:\/\/cvinoticias.com\/wp-content\/uploads\/2026\/08\/J_COROp3__1256x620__1.jpg\" \/>\n\t<meta property=\"og:image:width\" content=\"1256\" \/>\n\t<meta property=\"og:image:height\" content=\"620\" \/>\n\t<meta property=\"og:image:type\" content=\"image\/jpeg\" \/>\n<meta name=\"author\" content=\"f1000024\" \/>\n<meta name=\"twitter:card\" content=\"summary_large_image\" \/>\n<meta name=\"twitter:label1\" content=\"Escrito por\" \/>\n\t<meta name=\"twitter:data1\" content=\"f1000024\" \/>\n\t<meta name=\"twitter:label2\" content=\"Tiempo de lectura\" \/>\n\t<meta name=\"twitter:data2\" content=\"3 minutos\" \/>\n<script type=\"application\/ld+json\" class=\"yoast-schema-graph\">{\"@context\":\"https:\\\/\\\/schema.org\",\"@graph\":[{\"@type\":\"Article\",\"@id\":\"https:\\\/\\\/cvinoticias.com\\\/v3\\\/lionel-messi-anuncio-su-retiro-de-la-seleccion-argentina-me-vacie-ya-no-tengo-mas-para-dar\\\/#article\",\"isPartOf\":{\"@id\":\"https:\\\/\\\/cvinoticias.com\\\/v3\\\/lionel-messi-anuncio-su-retiro-de-la-seleccion-argentina-me-vacie-ya-no-tengo-mas-para-dar\\\/\"},\"author\":{\"name\":\"f1000024\",\"@id\":\"https:\\\/\\\/cvinoticias.com\\\/v3\\\/#\\\/schema\\\/person\\\/2db77e3c6bc03c538495d7b2b8be9b66\"},\"headline\":\"Lionel Messi anunci\u00f3 su retiro de la Selecci\u00f3n Argentina: \u201cMe vaci\u00e9, ya no tengo m\u00e1s para dar\u201d\",\"datePublished\":\"2026-08-31T15:24:41+00:00\",\"dateModified\":\"2026-08-31T15:24:43+00:00\",\"mainEntityOfPage\":{\"@id\":\"https:\\\/\\\/cvinoticias.com\\\/v3\\\/lionel-messi-anuncio-su-retiro-de-la-seleccion-argentina-me-vacie-ya-no-tengo-mas-para-dar\\\/\"},\"wordCount\":466,\"commentCount\":0,\"publisher\":{\"@id\":\"https:\\\/\\\/cvinoticias.com\\\/v3\\\/#organization\"},\"image\":{\"@id\":\"https:\\\/\\\/cvinoticias.com\\\/v3\\\/lionel-messi-anuncio-su-retiro-de-la-seleccion-argentina-me-vacie-ya-no-tengo-mas-para-dar\\\/#primaryimage\"},\"thumbnailUrl\":\"https:\\\/\\\/cvinoticias.com\\\/wp-content\\\/uploads\\\/2026\\\/08\\\/J_COROp3__1256x620__1.jpg\",\"keywords\":[\"Argentina\",\"Lionel Messi\",\"Retiro\",\"Selecci\u00f3n\"],\"articleSection\":[\"Deportes\"],\"inLanguage\":\"es\",\"potentialAction\":[{\"@type\":\"CommentAction\",\"name\":\"Comment\",\"target\":[\"https:\\\/\\\/cvinoticias.com\\\/v3\\\/lionel-messi-anuncio-su-retiro-de-la-seleccion-argentina-me-vacie-ya-no-tengo-mas-para-dar\\\/#respond\"]}]},{\"@type\":\"WebPage\",\"@id\":\"https:\\\/\\\/cvinoticias.com\\\/v3\\\/lionel-messi-anuncio-su-retiro-de-la-seleccion-argentina-me-vacie-ya-no-tengo-mas-para-dar\\\/\",\"url\":\"https:\\\/\\\/cvinoticias.com\\\/v3\\\/lionel-messi-anuncio-su-retiro-de-la-seleccion-argentina-me-vacie-ya-no-tengo-mas-para-dar\\\/\",\"name\":\"Messi anunci\u00f3 su retiro de la Selecci\u00f3n Argentina | CVI NOTICIAS\",\"isPartOf\":{\"@id\":\"https:\\\/\\\/cvinoticias.com\\\/v3\\\/#website\"},\"primaryImageOfPage\":{\"@id\":\"https:\\\/\\\/cvinoticias.com\\\/v3\\\/lionel-messi-anuncio-su-retiro-de-la-seleccion-argentina-me-vacie-ya-no-tengo-mas-para-dar\\\/#primaryimage\"},\"image\":{\"@id\":\"https:\\\/\\\/cvinoticias.com\\\/v3\\\/lionel-messi-anuncio-su-retiro-de-la-seleccion-argentina-me-vacie-ya-no-tengo-mas-para-dar\\\/#primaryimage\"},\"thumbnailUrl\":\"https:\\\/\\\/cvinoticias.com\\\/wp-content\\\/uploads\\\/2026\\\/08\\\/J_COROp3__1256x620__1.jpg\",\"datePublished\":\"2026-08-31T15:24:41+00:00\",\"dateModified\":\"2026-08-31T15:24:43+00:00\",\"description\":\"Lionel Messi anunci\u00f3 su retiro de la Selecci\u00f3n Argentina tras 20 a\u00f1os y asegur\u00f3: \u201cMe vaci\u00e9, ya no tengo m\u00e1s para dar\u201d.\",\"breadcrumb\":{\"@id\":\"https:\\\/\\\/cvinoticias.com\\\/v3\\\/lionel-messi-anuncio-su-retiro-de-la-seleccion-argentina-me-vacie-ya-no-tengo-mas-para-dar\\\/#breadcrumb\"},\"inLanguage\":\"es\",\"potentialAction\":[{\"@type\":\"ReadAction\",\"target\":[\"https:\\\/\\\/cvinoticias.com\\\/v3\\\/lionel-messi-anuncio-su-retiro-de-la-seleccion-argentina-me-vacie-ya-no-tengo-mas-para-dar\\\/\"]}]},{\"@type\":\"ImageObject\",\"inLanguage\":\"es\",\"@id\":\"https:\\\/\\\/cvinoticias.com\\\/v3\\\/lionel-messi-anuncio-su-retiro-de-la-seleccion-argentina-me-vacie-ya-no-tengo-mas-para-dar\\\/#primaryimage\",\"url\":\"https:\\\/\\\/cvinoticias.com\\\/wp-content\\\/uploads\\\/2026\\\/08\\\/J_COROp3__1256x620__1.jpg\",\"contentUrl\":\"https:\\\/\\\/cvinoticias.com\\\/wp-content\\\/uploads\\\/2026\\\/08\\\/J_COROp3__1256x620__1.jpg\",\"width\":1256,\"height\":620},{\"@type\":\"BreadcrumbList\",\"@id\":\"https:\\\/\\\/cvinoticias.com\\\/v3\\\/lionel-messi-anuncio-su-retiro-de-la-seleccion-argentina-me-vacie-ya-no-tengo-mas-para-dar\\\/#breadcrumb\",\"itemListElement\":[{\"@type\":\"ListItem\",\"position\":1,\"name\":\"Portada\",\"item\":\"https:\\\/\\\/cvinoticias.com\\\/v3\\\/\"},{\"@type\":\"ListItem\",\"position\":2,\"name\":\"Lionel Messi anunci\u00f3 su retiro de la Selecci\u00f3n Argentina: \u201cMe vaci\u00e9, ya no tengo m\u00e1s para dar\u201d\"}]},{\"@type\":\"WebSite\",\"@id\":\"https:\\\/\\\/cvinoticias.com\\\/v3\\\/#website\",\"url\":\"https:\\\/\\\/cvinoticias.com\\\/v3\\\/\",\"name\":\"CVI NOTICIAS\",\"description\":\"\",\"publisher\":{\"@id\":\"https:\\\/\\\/cvinoticias.com\\\/v3\\\/#organization\"},\"alternateName\":\"CVI\",\"potentialAction\":[{\"@type\":\"SearchAction\",\"target\":{\"@type\":\"EntryPoint\",\"urlTemplate\":\"https:\\\/\\\/cvinoticias.com\\\/v3\\\/?s={search_term_string}\"},\"query-input\":{\"@type\":\"PropertyValueSpecification\",\"valueRequired\":true,\"valueName\":\"search_term_string\"}}],\"inLanguage\":\"es\"},{\"@type\":\"Organization\",\"@id\":\"https:\\\/\\\/cvinoticias.com\\\/v3\\\/#organization\",\"name\":\"CVI NOTICIAS\",\"url\":\"https:\\\/\\\/cvinoticias.com\\\/v3\\\/\",\"logo\":{\"@type\":\"ImageObject\",\"inLanguage\":\"es\",\"@id\":\"https:\\\/\\\/cvinoticias.com\\\/v3\\\/#\\\/schema\\\/logo\\\/image\\\/\",\"url\":\"https:\\\/\\\/cvinoticias.com\\\/wp-content\\\/uploads\\\/2023\\\/04\\\/cropped-cropped-cropped-cropped-cropped-3-1.png\",\"contentUrl\":\"https:\\\/\\\/cvinoticias.com\\\/wp-content\\\/uploads\\\/2023\\\/04\\\/cropped-cropped-cropped-cropped-cropped-3-1.png\",\"width\":95,\"height\":122,\"caption\":\"CVI NOTICIAS\"},\"image\":{\"@id\":\"https:\\\/\\\/cvinoticias.com\\\/v3\\\/#\\\/schema\\\/logo\\\/image\\\/\"},\"sameAs\":[\"https:\\\/\\\/www.facebook.com\\\/cvinoticias\",\"https:\\\/\\\/www.instagram.com\\\/cvinoticias\\\/\",\"https:\\\/\\\/www.youtube.com\\\/@CVINOTICIAS\"]},{\"@type\":\"Person\",\"@id\":\"https:\\\/\\\/cvinoticias.com\\\/v3\\\/#\\\/schema\\\/person\\\/2db77e3c6bc03c538495d7b2b8be9b66\",\"name\":\"f1000024\",\"image\":{\"@type\":\"ImageObject\",\"inLanguage\":\"es\",\"@id\":\"https:\\\/\\\/secure.gravatar.com\\\/avatar\\\/d4fe7459cfc51ff5129ce1a732bbef5928568b8092d412ef95611616376bbeed?s=96&d=mm&r=g\",\"url\":\"https:\\\/\\\/secure.gravatar.com\\\/avatar\\\/d4fe7459cfc51ff5129ce1a732bbef5928568b8092d412ef95611616376bbeed?s=96&d=mm&r=g\",\"contentUrl\":\"https:\\\/\\\/secure.gravatar.com\\\/avatar\\\/d4fe7459cfc51ff5129ce1a732bbef5928568b8092d412ef95611616376bbeed?s=96&d=mm&r=g\",\"caption\":\"f1000024\"},\"url\":\"https:\\\/\\\/cvinoticias.com\\\/v3\\\/author\\\/f1000024\\\/\"}]}<\/script>\n<!-- \/ Yoast SEO plugin. -->","yoast_head_json":{"title":"Messi anunci\u00f3 su retiro de la Selecci\u00f3n Argentina | CVI NOTICIAS","description":"Lionel Messi anunci\u00f3 su retiro de la Selecci\u00f3n Argentina tras 20 a\u00f1os y asegur\u00f3: \u201cMe vaci\u00e9, ya no tengo m\u00e1s para dar\u201d.","robots":{"index":"index","follow":"follow","max-snippet":"max-snippet:-1","max-image-preview":"max-image-preview:large","max-video-preview":"max-video-preview:-1"},"canonical":"https:\/\/cvinoticias.com\/v3\/lionel-messi-anuncio-su-retiro-de-la-seleccion-argentina-me-vacie-ya-no-tengo-mas-para-dar\/","og_locale":"es_ES","og_type":"article","og_title":"Messi anunci\u00f3 su retiro de la Selecci\u00f3n Argentina | CVI NOTICIAS","og_description":"Lionel Messi anunci\u00f3 su retiro de la Selecci\u00f3n Argentina tras 20 a\u00f1os y asegur\u00f3: \u201cMe vaci\u00e9, ya no tengo m\u00e1s para dar\u201d.","og_url":"https:\/\/cvinoticias.com\/v3\/lionel-messi-anuncio-su-retiro-de-la-seleccion-argentina-me-vacie-ya-no-tengo-mas-para-dar\/","og_site_name":"CVI NOTICIAS","article_publisher":"https:\/\/www.facebook.com\/cvinoticias","article_published_time":"2026-08-31T15:24:41+00:00","article_modified_time":"2026-08-31T15:24:43+00:00","og_image":[{"width":1256,"height":620,"url":"https:\/\/cvinoticias.com\/wp-content\/uploads\/2026\/08\/J_COROp3__1256x620__1.jpg","type":"image\/jpeg"}],"author":"f1000024","twitter_card":"summary_large_image","twitter_misc":{"Escrito por":"f1000024","Tiempo de lectura":"3 minutos"},"schema":{"@context":"https:\/\/schema.org","@graph":[{"@type":"Article","@id":"https:\/\/cvinoticias.com\/v3\/lionel-messi-anuncio-su-retiro-de-la-seleccion-argentina-me-vacie-ya-no-tengo-mas-para-dar\/#article","isPartOf":{"@id":"https:\/\/cvinoticias.com\/v3\/lionel-messi-anuncio-su-retiro-de-la-seleccion-argentina-me-vacie-ya-no-tengo-mas-para-dar\/"},"author":{"name":"f1000024","@id":"https:\/\/cvinoticias.com\/v3\/#\/schema\/person\/2db77e3c6bc03c538495d7b2b8be9b66"},"headline":"Lionel Messi anunci\u00f3 su retiro de la Selecci\u00f3n Argentina: \u201cMe vaci\u00e9, ya no tengo m\u00e1s para dar\u201d","datePublished":"2026-08-31T15:24:41+00:00","dateModified":"2026-08-31T15:24:43+00:00","mainEntityOfPage":{"@id":"https:\/\/cvinoticias.com\/v3\/lionel-messi-anuncio-su-retiro-de-la-seleccion-argentina-me-vacie-ya-no-tengo-mas-para-dar\/"},"wordCount":466,"commentCount":0,"publisher":{"@id":"https:\/\/cvinoticias.com\/v3\/#organization"},"image":{"@id":"https:\/\/cvinoticias.com\/v3\/lionel-messi-anuncio-su-retiro-de-la-seleccion-argentina-me-vacie-ya-no-tengo-mas-para-dar\/#primaryimage"},"thumbnailUrl":"https:\/\/cvinoticias.com\/wp-content\/uploads\/2026\/08\/J_COROp3__1256x620__1.jpg","keywords":["Argentina","Lionel Messi","Retiro","Selecci\u00f3n"],"articleSection":["Deportes"],"inLanguage":"es","potentialAction":[{"@type":"CommentAction","name":"Comment","target":["https:\/\/cvinoticias.com\/v3\/lionel-messi-anuncio-su-retiro-de-la-seleccion-argentina-me-vacie-ya-no-tengo-mas-para-dar\/#respond"]}]},{"@type":"WebPage","@id":"https:\/\/cvinoticias.com\/v3\/lionel-messi-anuncio-su-retiro-de-la-seleccion-argentina-me-vacie-ya-no-tengo-mas-para-dar\/","url":"https:\/\/cvinoticias.com\/v3\/lionel-messi-anuncio-su-retiro-de-la-seleccion-argentina-me-vacie-ya-no-tengo-mas-para-dar\/","name":"Messi anunci\u00f3 su retiro de la Selecci\u00f3n Argentina | CVI NOTICIAS","isPartOf":{"@id":"https:\/\/cvinoticias.com\/v3\/#website"},"primaryImageOfPage":{"@id":"https:\/\/cvinoticias.com\/v3\/lionel-messi-anuncio-su-retiro-de-la-seleccion-argentina-me-vacie-ya-no-tengo-mas-para-dar\/#primaryimage"},"image":{"@id":"https:\/\/cvinoticias.com\/v3\/lionel-messi-anuncio-su-retiro-de-la-seleccion-argentina-me-vacie-ya-no-tengo-mas-para-dar\/#primaryimage"},"thumbnailUrl":"https:\/\/cvinoticias.com\/wp-content\/uploads\/2026\/08\/J_COROp3__1256x620__1.jpg","datePublished":"2026-08-31T15:24:41+00:00","dateModified":"2026-08-31T15:24:43+00:00","description":"Lionel Messi anunci\u00f3 su retiro de la Selecci\u00f3n Argentina tras 20 a\u00f1os y asegur\u00f3: \u201cMe vaci\u00e9, ya no tengo m\u00e1s para dar\u201d.","breadcrumb":{"@id":"https:\/\/cvinoticias.com\/v3\/lionel-messi-anuncio-su-retiro-de-la-seleccion-argentina-me-vacie-ya-no-tengo-mas-para-dar\/#breadcrumb"},"inLanguage":"es","potentialAction":[{"@type":"ReadAction","target":["https:\/\/cvinoticias.com\/v3\/lionel-messi-anuncio-su-retiro-de-la-seleccion-argentina-me-vacie-ya-no-tengo-mas-para-dar\/"]}]},{"@type":"ImageObject","inLanguage":"es","@id":"https:\/\/cvinoticias.com\/v3\/lionel-messi-anuncio-su-retiro-de-la-seleccion-argentina-me-vacie-ya-no-tengo-mas-para-dar\/#primaryimage","url":"https:\/\/cvinoticias.com\/wp-content\/uploads\/2026\/08\/J_COROp3__1256x620__1.jpg","contentUrl":"https:\/\/cvinoticias.com\/wp-content\/uploads\/2026\/08\/J_COROp3__1256x620__1.jpg","width":1256,"height":620},{"@type":"BreadcrumbList","@id":"https:\/\/cvinoticias.com\/v3\/lionel-messi-anuncio-su-retiro-de-la-seleccion-argentina-me-vacie-ya-no-tengo-mas-para-dar\/#breadcrumb","itemListElement":[{"@type":"ListItem","position":1,"name":"Portada","item":"https:\/\/cvinoticias.com\/v3\/"},{"@type":"ListItem","position":2,"name":"Lionel Messi anunci\u00f3 su retiro de la Selecci\u00f3n Argentina: \u201cMe vaci\u00e9, ya no tengo m\u00e1s para dar\u201d"}]},{"@type":"WebSite","@id":"https:\/\/cvinoticias.com\/v3\/#website","url":"https:\/\/cvinoticias.com\/v3\/","name":"CVI NOTICIAS","description":"","publisher":{"@id":"https:\/\/cvinoticias.com\/v3\/#organization"},"alternateName":"CVI","potentialAction":[{"@type":"SearchAction","target":{"@type":"EntryPoint","urlTemplate":"https:\/\/cvinoticias.com\/v3\/?s={search_term_string}"},"query-input":{"@type":"PropertyValueSpecification","valueRequired":true,"valueName":"search_term_string"}}],"inLanguage":"es"},{"@type":"Organization","@id":"https:\/\/cvinoticias.com\/v3\/#organization","name":"CVI NOTICIAS","url":"https:\/\/cvinoticias.com\/v3\/","logo":{"@type":"ImageObject","inLanguage":"es","@id":"https:\/\/cvinoticias.com\/v3\/#\/schema\/logo\/image\/","url":"https:\/\/cvinoticias.com\/wp-content\/uploads\/2023\/04\/cropped-cropped-cropped-cropped-cropped-3-1.png","contentUrl":"https:\/\/cvinoticias.com\/wp-content\/uploads\/2023\/04\/cropped-cropped-cropped-cropped-cropped-3-1.png","width":95,"height":122,"caption":"CVI NOTICIAS"},"image":{"@id":"https:\/\/cvinoticias.com\/v3\/#\/schema\/logo\/image\/"},"sameAs":["https:\/\/www.facebook.com\/cvinoticias","https:\/\/www.instagram.com\/cvinoticias\/","https:\/\/www.youtube.com\/@CVINOTICIAS"]},{"@type":"Person","@id":"https:\/\/cvinoticias.com\/v3\/#\/schema\/person\/2db77e3c6bc03c538495d7b2b8be9b66","name":"f1000024","image":{"@type":"ImageObject","inLanguage":"es","@id":"https:\/\/secure.gravatar.com\/avatar\/d4fe7459cfc51ff5129ce1a732bbef5928568b8092d412ef95611616376bbeed?s=96&d=mm&r=g","url":"https:\/\/secure.gravatar.com\/avatar\/d4fe7459cfc51ff5129ce1a732bbef5928568b8092d412ef95611616376bbeed?s=96&d=mm&r=g","contentUrl":"https:\/\/secure.gravatar.com\/avatar\/d4fe7459cfc51ff5129ce1a732bbef5928568b8092d412ef95611616376bbeed?s=96&d=mm&r=g","caption":"f1000024"},"url":"https:\/\/cvinoticias.com\/v3\/author\/f1000024\/"}]}},"_links":{"self":[{"href":"https:\/\/cvinoticias.com\/v3\/wp-json\/wp\/v2\/posts\/62615","targetHints":{"allow":["GET"]}}],"collection":[{"href":"https:\/\/cvinoticias.com\/v3\/wp-json\/wp\/v2\/posts"}],"about":[{"href":"https:\/\/cvinoticias.com\/v3\/wp-json\/wp\/v2\/types\/post"}],"author":[{"embeddable":true,"href":"https:\/\/cvinoticias.com\/v3\/wp-json\/wp\/v2\/users\/2"}],"replies":[{"embeddable":true,"href":"https:\/\/cvinoticias.com\/v3\/wp-json\/wp\/v2\/comments?post=62615"}],"version-history":[{"count":1,"href":"https:\/\/cvinoticias.com\/v3\/wp-json\/wp\/v2\/posts\/62615\/revisions"}],"predecessor-version":[{"id":62617,"href":"https:\/\/cvinoticias.com\/v3\/wp-json\/wp\/v2\/posts\/62615\/revisions\/62617"}],"wp:featuredmedia":[{"embeddable":true,"href":"https:\/\/cvinoticias.com\/v3\/wp-json\/wp\/v2\/media\/62616"}],"wp:attachment":[{"href":"https:\/\/cvinoticias.com\/v3\/wp-json\/wp\/v2\/media?parent=62615"}],"wp:term":[{"taxonomy":"category","embeddable":true,"href":"https:\/\/cvinoticias.com\/v3\/wp-json\/wp\/v2\/categories?post=62615"},{"taxonomy":"post_tag","embeddable":true,"href":"https:\/\/cvinoticias.com\/v3\/wp-json\/wp\/v2\/tags?post=62615"}],"curies":[{"name":"wp","href":"https:\/\/api.w.org\/{rel}","templated":true}]}}