{"id":62612,"date":"2026-08-31T09:54:22","date_gmt":"2026-08-31T12:54:22","guid":{"rendered":"https:\/\/cvinoticias.com\/v3\/?p=62612"},"modified":"2026-08-31T09:54:24","modified_gmt":"2026-08-31T12:54:24","slug":"nuevo-cronograma-del-ahora-gas-para-septiembre","status":"publish","type":"post","link":"https:\/\/cvinoticias.com\/v3\/nuevo-cronograma-del-ahora-gas-para-septiembre\/","title":{"rendered":"Nuevo cronograma del Ahora Gas para septiembre"},"content":{"rendered":"\n<p class=\"wp-block-paragraph\">El Ministerio de Hacienda de Misiones anunci\u00f3 el cronograma del recorrido semanal del programa provincial Ahora Gas para septiembre. En cada operativo, los vecinos pueden acceder a la recarga de&nbsp;<strong>garrafas de 10 kilos a $20.000<\/strong>, un valor bonificado por el Ejecutivo local para reducir significativamente el costo en otros mercados.<\/p>\n\n\n\n<h2 class=\"wp-block-heading\">Septiembre<\/h2>\n\n\n\n<p class=\"wp-block-paragraph\">Durante septiembre y primeros d\u00edas de octubre, el operativo se realizar\u00e1 en el cronograma recorrer\u00e1 las localidades de Posadas (1\/9, 8\/9, 15\/9, 22\/9 y 29\/9), Guaran\u00ed (2\/9), Ober\u00e1 (3\/9), Puerto Rico (8\/9), Garuhap\u00e9-M\u00ed y Garuhap\u00e9 (9\/9), Montecarlo (10\/9), San Jos\u00e9 (16\/9), Ap\u00f3stoles (17\/9), Azara (23\/9), Panamb\u00ed (24\/9), Garup\u00e1 (29\/9), Alem (30\/9), San Javier (1\/10) y Fracr\u00e1n (2\/10).<\/p>\n\n\n\n<figure class=\"wp-block-image is-resized\"><img decoding=\"async\" data-src=\"https:\/\/www.canal12misiones.com\/wp-content\/uploads\/2026\/08\/image-768.png\" alt=\"\" class=\"wp-image-779620 lazyload\" style=\"aspect-ratio:1.9138755980861244;width:800px;height:auto\" src=\"data:image\/svg+xml;base64,PHN2ZyB3aWR0aD0iMSIgaGVpZ2h0PSIxIiB4bWxucz0iaHR0cDovL3d3dy53My5vcmcvMjAwMC9zdmciPjwvc3ZnPg==\" \/><\/figure>\n\n\n\n<p class=\"wp-block-paragraph\">El precio bonificado es \u201csensiblemente inferior al de estaciones de servicio, comercios y cooperativas, donde se comercializa entre $25.000 y $30.000 o m\u00e1s\u201d, asegur\u00f3 el ministro de Hacienda,&nbsp;<strong>Adolfo Safr\u00e1n.<\/strong><\/p>\n\n\n\n<h2 class=\"wp-block-heading\">Creado para las familias<\/h2>\n\n\n\n<p class=\"wp-block-paragraph\">El programa&nbsp;<strong>Ahora Gas<\/strong>, que fue creado en el a\u00f1o 2018 durante el primer mandato de&nbsp;<strong>Hugo Passalacqua<\/strong>, contin\u00faa acercando este beneficio al que acceden familias de toda la provincia. Para el titular de Hacienda, \u201crepresenta un alivio directo al bolsillo de las familias misioneras en toda la provincia, fortaleciendo el acceso a un insumo fundamental para los hogares, en una provincia que&nbsp;<strong>contin\u00faa siendo la \u00fanica del pa\u00eds sin acceso a la red de gas natural<\/strong>\u201d.<\/p>\n\n\n\n<figure class=\"wp-block-embed is-type-rich is-provider-x wp-block-embed-x\"><div class=\"wp-block-embed__wrapper\">\n<blockquote class=\"twitter-tweet\" data-width=\"550\" data-dnt=\"true\"><p lang=\"es\" dir=\"ltr\">DURANTE SEPTIEMBRE EL PROGRAMA AHORA GAS CONTIN\u00daA RECORRIENDO LA PROVINCIA<br><br>El programa <a href=\"https:\/\/x.com\/hashtag\/AhoraGas?src=hash&amp;ref_src=twsrc%5Etfw\">#AhoraGas<\/a> contin\u00faa realizando operativos semanales para acercar a los vecinos de distintas localidades la recarga de garrafas de GLP de 10 kg a $20.000, un valor sensiblemente inferior al de\u2026 <a href=\"https:\/\/t.co\/pmaMAIo4Jn\">pic.twitter.com\/pmaMAIo4Jn<\/a><\/p>&mdash; Adolfo Safr\u00e1n (@adolfosafran) <a href=\"https:\/\/x.com\/adolfosafran\/status\/2094365332651581459?ref_src=twsrc%5Etfw\">August 31, 2026<\/a><\/blockquote><script async src=\"https:\/\/platform.x.com\/widgets.js\" charset=\"utf-8\"><\/script>\n<\/div><\/figure>\n","protected":false},"excerpt":{"rendered":"<p>El Ministerio de Hacienda de Misiones anunci\u00f3 el cronograma del recorrido semanal del programa provincial Ahora Gas para septiembre. En cada operativo, los vecinos pueden acceder a la recarga de&nbsp;garrafas de 10 kilos a $20.000, un valor bonificado por el Ejecutivo local para reducir significativamente el costo en otros mercados. Septiembre Durante septiembre y primeros [&hellip;]<\/p>\n","protected":false},"author":2,"featured_media":62613,"comment_status":"open","ping_status":"closed","sticky":false,"template":"","format":"standard","meta":{"footnotes":""},"categories":[455,47],"tags":[943,1393,1764],"class_list":["post-62612","post","type-post","status-publish","format-standard","has-post-thumbnail","hentry","category-misiones","category-sociedad","tag-ahora","tag-cronograma","tag-gas"],"yoast_head":"<!-- This site is optimized with the Yoast SEO plugin v28.4 - https:\/\/yoast.com\/product\/yoast-seo-wordpress\/ -->\n<title>Ahora Gas: cronograma de garrafas a $20.000 en Misiones | CVI NOTICIAS<\/title>\n<meta name=\"description\" content=\"Conoc\u00e9 el cronograma de Ahora Gas para septiembre y octubre, con garrafas de 10 kilos a $20.000 en Misiones.\" \/>\n<meta name=\"robots\" content=\"index, follow, max-snippet:-1, max-image-preview:large, max-video-preview:-1\" \/>\n<link rel=\"canonical\" href=\"https:\/\/cvinoticias.com\/v3\/nuevo-cronograma-del-ahora-gas-para-septiembre\/\" \/>\n<meta property=\"og:locale\" content=\"es_ES\" \/>\n<meta property=\"og:type\" content=\"article\" \/>\n<meta property=\"og:title\" content=\"Ahora Gas: cronograma de garrafas a $20.000 en Misiones | CVI NOTICIAS\" \/>\n<meta property=\"og:description\" content=\"Conoc\u00e9 el cronograma de Ahora Gas para septiembre y octubre, con garrafas de 10 kilos a $20.000 en Misiones.\" \/>\n<meta property=\"og:url\" content=\"https:\/\/cvinoticias.com\/v3\/nuevo-cronograma-del-ahora-gas-para-septiembre\/\" \/>\n<meta property=\"og:site_name\" content=\"CVI NOTICIAS\" \/>\n<meta property=\"article:publisher\" content=\"https:\/\/www.facebook.com\/cvinoticias\" \/>\n<meta property=\"article:published_time\" content=\"2026-08-31T12:54:22+00:00\" \/>\n<meta property=\"article:modified_time\" content=\"2026-08-31T12:54:24+00:00\" \/>\n<meta property=\"og:image\" content=\"https:\/\/cvinoticias.com\/wp-content\/uploads\/2026\/08\/gas-1306328.jpg\" \/>\n\t<meta property=\"og:image:width\" content=\"987\" \/>\n\t<meta property=\"og:image:height\" content=\"555\" \/>\n\t<meta property=\"og:image:type\" content=\"image\/jpeg\" \/>\n<meta name=\"author\" content=\"f1000024\" \/>\n<meta name=\"twitter:card\" content=\"summary_large_image\" \/>\n<meta name=\"twitter:label1\" content=\"Escrito por\" \/>\n\t<meta name=\"twitter:data1\" content=\"f1000024\" \/>\n\t<meta name=\"twitter:label2\" content=\"Tiempo de lectura\" \/>\n\t<meta name=\"twitter:data2\" content=\"2 minutos\" \/>\n<script type=\"application\/ld+json\" class=\"yoast-schema-graph\">{\"@context\":\"https:\\\/\\\/schema.org\",\"@graph\":[{\"@type\":\"Article\",\"@id\":\"https:\\\/\\\/cvinoticias.com\\\/v3\\\/nuevo-cronograma-del-ahora-gas-para-septiembre\\\/#article\",\"isPartOf\":{\"@id\":\"https:\\\/\\\/cvinoticias.com\\\/v3\\\/nuevo-cronograma-del-ahora-gas-para-septiembre\\\/\"},\"author\":{\"name\":\"f1000024\",\"@id\":\"https:\\\/\\\/cvinoticias.com\\\/v3\\\/#\\\/schema\\\/person\\\/2db77e3c6bc03c538495d7b2b8be9b66\"},\"headline\":\"Nuevo cronograma del Ahora Gas para septiembre\",\"datePublished\":\"2026-08-31T12:54:22+00:00\",\"dateModified\":\"2026-08-31T12:54:24+00:00\",\"mainEntityOfPage\":{\"@id\":\"https:\\\/\\\/cvinoticias.com\\\/v3\\\/nuevo-cronograma-del-ahora-gas-para-septiembre\\\/\"},\"wordCount\":225,\"commentCount\":0,\"publisher\":{\"@id\":\"https:\\\/\\\/cvinoticias.com\\\/v3\\\/#organization\"},\"image\":{\"@id\":\"https:\\\/\\\/cvinoticias.com\\\/v3\\\/nuevo-cronograma-del-ahora-gas-para-septiembre\\\/#primaryimage\"},\"thumbnailUrl\":\"https:\\\/\\\/cvinoticias.com\\\/wp-content\\\/uploads\\\/2026\\\/08\\\/gas-1306328.jpg\",\"keywords\":[\"Ahora\",\"Cronograma\",\"Gas\"],\"articleSection\":[\"Misiones\",\"Sociedad\"],\"inLanguage\":\"es\",\"potentialAction\":[{\"@type\":\"CommentAction\",\"name\":\"Comment\",\"target\":[\"https:\\\/\\\/cvinoticias.com\\\/v3\\\/nuevo-cronograma-del-ahora-gas-para-septiembre\\\/#respond\"]}]},{\"@type\":\"WebPage\",\"@id\":\"https:\\\/\\\/cvinoticias.com\\\/v3\\\/nuevo-cronograma-del-ahora-gas-para-septiembre\\\/\",\"url\":\"https:\\\/\\\/cvinoticias.com\\\/v3\\\/nuevo-cronograma-del-ahora-gas-para-septiembre\\\/\",\"name\":\"Ahora Gas: cronograma de garrafas a $20.000 en Misiones | CVI NOTICIAS\",\"isPartOf\":{\"@id\":\"https:\\\/\\\/cvinoticias.com\\\/v3\\\/#website\"},\"primaryImageOfPage\":{\"@id\":\"https:\\\/\\\/cvinoticias.com\\\/v3\\\/nuevo-cronograma-del-ahora-gas-para-septiembre\\\/#primaryimage\"},\"image\":{\"@id\":\"https:\\\/\\\/cvinoticias.com\\\/v3\\\/nuevo-cronograma-del-ahora-gas-para-septiembre\\\/#primaryimage\"},\"thumbnailUrl\":\"https:\\\/\\\/cvinoticias.com\\\/wp-content\\\/uploads\\\/2026\\\/08\\\/gas-1306328.jpg\",\"datePublished\":\"2026-08-31T12:54:22+00:00\",\"dateModified\":\"2026-08-31T12:54:24+00:00\",\"description\":\"Conoc\u00e9 el cronograma de Ahora Gas para septiembre y octubre, con garrafas de 10 kilos a $20.000 en Misiones.\",\"breadcrumb\":{\"@id\":\"https:\\\/\\\/cvinoticias.com\\\/v3\\\/nuevo-cronograma-del-ahora-gas-para-septiembre\\\/#breadcrumb\"},\"inLanguage\":\"es\",\"potentialAction\":[{\"@type\":\"ReadAction\",\"target\":[\"https:\\\/\\\/cvinoticias.com\\\/v3\\\/nuevo-cronograma-del-ahora-gas-para-septiembre\\\/\"]}]},{\"@type\":\"ImageObject\",\"inLanguage\":\"es\",\"@id\":\"https:\\\/\\\/cvinoticias.com\\\/v3\\\/nuevo-cronograma-del-ahora-gas-para-septiembre\\\/#primaryimage\",\"url\":\"https:\\\/\\\/cvinoticias.com\\\/wp-content\\\/uploads\\\/2026\\\/08\\\/gas-1306328.jpg\",\"contentUrl\":\"https:\\\/\\\/cvinoticias.com\\\/wp-content\\\/uploads\\\/2026\\\/08\\\/gas-1306328.jpg\",\"width\":987,\"height\":555},{\"@type\":\"BreadcrumbList\",\"@id\":\"https:\\\/\\\/cvinoticias.com\\\/v3\\\/nuevo-cronograma-del-ahora-gas-para-septiembre\\\/#breadcrumb\",\"itemListElement\":[{\"@type\":\"ListItem\",\"position\":1,\"name\":\"Portada\",\"item\":\"https:\\\/\\\/cvinoticias.com\\\/v3\\\/\"},{\"@type\":\"ListItem\",\"position\":2,\"name\":\"Nuevo cronograma del Ahora Gas para septiembre\"}]},{\"@type\":\"WebSite\",\"@id\":\"https:\\\/\\\/cvinoticias.com\\\/v3\\\/#website\",\"url\":\"https:\\\/\\\/cvinoticias.com\\\/v3\\\/\",\"name\":\"CVI NOTICIAS\",\"description\":\"\",\"publisher\":{\"@id\":\"https:\\\/\\\/cvinoticias.com\\\/v3\\\/#organization\"},\"alternateName\":\"CVI\",\"potentialAction\":[{\"@type\":\"SearchAction\",\"target\":{\"@type\":\"EntryPoint\",\"urlTemplate\":\"https:\\\/\\\/cvinoticias.com\\\/v3\\\/?s={search_term_string}\"},\"query-input\":{\"@type\":\"PropertyValueSpecification\",\"valueRequired\":true,\"valueName\":\"search_term_string\"}}],\"inLanguage\":\"es\"},{\"@type\":\"Organization\",\"@id\":\"https:\\\/\\\/cvinoticias.com\\\/v3\\\/#organization\",\"name\":\"CVI NOTICIAS\",\"url\":\"https:\\\/\\\/cvinoticias.com\\\/v3\\\/\",\"logo\":{\"@type\":\"ImageObject\",\"inLanguage\":\"es\",\"@id\":\"https:\\\/\\\/cvinoticias.com\\\/v3\\\/#\\\/schema\\\/logo\\\/image\\\/\",\"url\":\"https:\\\/\\\/cvinoticias.com\\\/wp-content\\\/uploads\\\/2023\\\/04\\\/cropped-cropped-cropped-cropped-cropped-3-1.png\",\"contentUrl\":\"https:\\\/\\\/cvinoticias.com\\\/wp-content\\\/uploads\\\/2023\\\/04\\\/cropped-cropped-cropped-cropped-cropped-3-1.png\",\"width\":95,\"height\":122,\"caption\":\"CVI NOTICIAS\"},\"image\":{\"@id\":\"https:\\\/\\\/cvinoticias.com\\\/v3\\\/#\\\/schema\\\/logo\\\/image\\\/\"},\"sameAs\":[\"https:\\\/\\\/www.facebook.com\\\/cvinoticias\",\"https:\\\/\\\/www.instagram.com\\\/cvinoticias\\\/\",\"https:\\\/\\\/www.youtube.com\\\/@CVINOTICIAS\"]},{\"@type\":\"Person\",\"@id\":\"https:\\\/\\\/cvinoticias.com\\\/v3\\\/#\\\/schema\\\/person\\\/2db77e3c6bc03c538495d7b2b8be9b66\",\"name\":\"f1000024\",\"image\":{\"@type\":\"ImageObject\",\"inLanguage\":\"es\",\"@id\":\"https:\\\/\\\/secure.gravatar.com\\\/avatar\\\/d4fe7459cfc51ff5129ce1a732bbef5928568b8092d412ef95611616376bbeed?s=96&d=mm&r=g\",\"url\":\"https:\\\/\\\/secure.gravatar.com\\\/avatar\\\/d4fe7459cfc51ff5129ce1a732bbef5928568b8092d412ef95611616376bbeed?s=96&d=mm&r=g\",\"contentUrl\":\"https:\\\/\\\/secure.gravatar.com\\\/avatar\\\/d4fe7459cfc51ff5129ce1a732bbef5928568b8092d412ef95611616376bbeed?s=96&d=mm&r=g\",\"caption\":\"f1000024\"},\"url\":\"https:\\\/\\\/cvinoticias.com\\\/v3\\\/author\\\/f1000024\\\/\"}]}<\/script>\n<!-- \/ Yoast SEO plugin. -->","yoast_head_json":{"title":"Ahora Gas: cronograma de garrafas a $20.000 en Misiones | CVI NOTICIAS","description":"Conoc\u00e9 el cronograma de Ahora Gas para septiembre y octubre, con garrafas de 10 kilos a $20.000 en Misiones.","robots":{"index":"index","follow":"follow","max-snippet":"max-snippet:-1","max-image-preview":"max-image-preview:large","max-video-preview":"max-video-preview:-1"},"canonical":"https:\/\/cvinoticias.com\/v3\/nuevo-cronograma-del-ahora-gas-para-septiembre\/","og_locale":"es_ES","og_type":"article","og_title":"Ahora Gas: cronograma de garrafas a $20.000 en Misiones | CVI NOTICIAS","og_description":"Conoc\u00e9 el cronograma de Ahora Gas para septiembre y octubre, con garrafas de 10 kilos a $20.000 en Misiones.","og_url":"https:\/\/cvinoticias.com\/v3\/nuevo-cronograma-del-ahora-gas-para-septiembre\/","og_site_name":"CVI NOTICIAS","article_publisher":"https:\/\/www.facebook.com\/cvinoticias","article_published_time":"2026-08-31T12:54:22+00:00","article_modified_time":"2026-08-31T12:54:24+00:00","og_image":[{"width":987,"height":555,"url":"https:\/\/cvinoticias.com\/wp-content\/uploads\/2026\/08\/gas-1306328.jpg","type":"image\/jpeg"}],"author":"f1000024","twitter_card":"summary_large_image","twitter_misc":{"Escrito por":"f1000024","Tiempo de lectura":"2 minutos"},"schema":{"@context":"https:\/\/schema.org","@graph":[{"@type":"Article","@id":"https:\/\/cvinoticias.com\/v3\/nuevo-cronograma-del-ahora-gas-para-septiembre\/#article","isPartOf":{"@id":"https:\/\/cvinoticias.com\/v3\/nuevo-cronograma-del-ahora-gas-para-septiembre\/"},"author":{"name":"f1000024","@id":"https:\/\/cvinoticias.com\/v3\/#\/schema\/person\/2db77e3c6bc03c538495d7b2b8be9b66"},"headline":"Nuevo cronograma del Ahora Gas para septiembre","datePublished":"2026-08-31T12:54:22+00:00","dateModified":"2026-08-31T12:54:24+00:00","mainEntityOfPage":{"@id":"https:\/\/cvinoticias.com\/v3\/nuevo-cronograma-del-ahora-gas-para-septiembre\/"},"wordCount":225,"commentCount":0,"publisher":{"@id":"https:\/\/cvinoticias.com\/v3\/#organization"},"image":{"@id":"https:\/\/cvinoticias.com\/v3\/nuevo-cronograma-del-ahora-gas-para-septiembre\/#primaryimage"},"thumbnailUrl":"https:\/\/cvinoticias.com\/wp-content\/uploads\/2026\/08\/gas-1306328.jpg","keywords":["Ahora","Cronograma","Gas"],"articleSection":["Misiones","Sociedad"],"inLanguage":"es","potentialAction":[{"@type":"CommentAction","name":"Comment","target":["https:\/\/cvinoticias.com\/v3\/nuevo-cronograma-del-ahora-gas-para-septiembre\/#respond"]}]},{"@type":"WebPage","@id":"https:\/\/cvinoticias.com\/v3\/nuevo-cronograma-del-ahora-gas-para-septiembre\/","url":"https:\/\/cvinoticias.com\/v3\/nuevo-cronograma-del-ahora-gas-para-septiembre\/","name":"Ahora Gas: cronograma de garrafas a $20.000 en Misiones | CVI NOTICIAS","isPartOf":{"@id":"https:\/\/cvinoticias.com\/v3\/#website"},"primaryImageOfPage":{"@id":"https:\/\/cvinoticias.com\/v3\/nuevo-cronograma-del-ahora-gas-para-septiembre\/#primaryimage"},"image":{"@id":"https:\/\/cvinoticias.com\/v3\/nuevo-cronograma-del-ahora-gas-para-septiembre\/#primaryimage"},"thumbnailUrl":"https:\/\/cvinoticias.com\/wp-content\/uploads\/2026\/08\/gas-1306328.jpg","datePublished":"2026-08-31T12:54:22+00:00","dateModified":"2026-08-31T12:54:24+00:00","description":"Conoc\u00e9 el cronograma de Ahora Gas para septiembre y octubre, con garrafas de 10 kilos a $20.000 en Misiones.","breadcrumb":{"@id":"https:\/\/cvinoticias.com\/v3\/nuevo-cronograma-del-ahora-gas-para-septiembre\/#breadcrumb"},"inLanguage":"es","potentialAction":[{"@type":"ReadAction","target":["https:\/\/cvinoticias.com\/v3\/nuevo-cronograma-del-ahora-gas-para-septiembre\/"]}]},{"@type":"ImageObject","inLanguage":"es","@id":"https:\/\/cvinoticias.com\/v3\/nuevo-cronograma-del-ahora-gas-para-septiembre\/#primaryimage","url":"https:\/\/cvinoticias.com\/wp-content\/uploads\/2026\/08\/gas-1306328.jpg","contentUrl":"https:\/\/cvinoticias.com\/wp-content\/uploads\/2026\/08\/gas-1306328.jpg","width":987,"height":555},{"@type":"BreadcrumbList","@id":"https:\/\/cvinoticias.com\/v3\/nuevo-cronograma-del-ahora-gas-para-septiembre\/#breadcrumb","itemListElement":[{"@type":"ListItem","position":1,"name":"Portada","item":"https:\/\/cvinoticias.com\/v3\/"},{"@type":"ListItem","position":2,"name":"Nuevo cronograma del Ahora Gas para septiembre"}]},{"@type":"WebSite","@id":"https:\/\/cvinoticias.com\/v3\/#website","url":"https:\/\/cvinoticias.com\/v3\/","name":"CVI NOTICIAS","description":"","publisher":{"@id":"https:\/\/cvinoticias.com\/v3\/#organization"},"alternateName":"CVI","potentialAction":[{"@type":"SearchAction","target":{"@type":"EntryPoint","urlTemplate":"https:\/\/cvinoticias.com\/v3\/?s={search_term_string}"},"query-input":{"@type":"PropertyValueSpecification","valueRequired":true,"valueName":"search_term_string"}}],"inLanguage":"es"},{"@type":"Organization","@id":"https:\/\/cvinoticias.com\/v3\/#organization","name":"CVI NOTICIAS","url":"https:\/\/cvinoticias.com\/v3\/","logo":{"@type":"ImageObject","inLanguage":"es","@id":"https:\/\/cvinoticias.com\/v3\/#\/schema\/logo\/image\/","url":"https:\/\/cvinoticias.com\/wp-content\/uploads\/2023\/04\/cropped-cropped-cropped-cropped-cropped-3-1.png","contentUrl":"https:\/\/cvinoticias.com\/wp-content\/uploads\/2023\/04\/cropped-cropped-cropped-cropped-cropped-3-1.png","width":95,"height":122,"caption":"CVI NOTICIAS"},"image":{"@id":"https:\/\/cvinoticias.com\/v3\/#\/schema\/logo\/image\/"},"sameAs":["https:\/\/www.facebook.com\/cvinoticias","https:\/\/www.instagram.com\/cvinoticias\/","https:\/\/www.youtube.com\/@CVINOTICIAS"]},{"@type":"Person","@id":"https:\/\/cvinoticias.com\/v3\/#\/schema\/person\/2db77e3c6bc03c538495d7b2b8be9b66","name":"f1000024","image":{"@type":"ImageObject","inLanguage":"es","@id":"https:\/\/secure.gravatar.com\/avatar\/d4fe7459cfc51ff5129ce1a732bbef5928568b8092d412ef95611616376bbeed?s=96&d=mm&r=g","url":"https:\/\/secure.gravatar.com\/avatar\/d4fe7459cfc51ff5129ce1a732bbef5928568b8092d412ef95611616376bbeed?s=96&d=mm&r=g","contentUrl":"https:\/\/secure.gravatar.com\/avatar\/d4fe7459cfc51ff5129ce1a732bbef5928568b8092d412ef95611616376bbeed?s=96&d=mm&r=g","caption":"f1000024"},"url":"https:\/\/cvinoticias.com\/v3\/author\/f1000024\/"}]}},"_links":{"self":[{"href":"https:\/\/cvinoticias.com\/v3\/wp-json\/wp\/v2\/posts\/62612","targetHints":{"allow":["GET"]}}],"collection":[{"href":"https:\/\/cvinoticias.com\/v3\/wp-json\/wp\/v2\/posts"}],"about":[{"href":"https:\/\/cvinoticias.com\/v3\/wp-json\/wp\/v2\/types\/post"}],"author":[{"embeddable":true,"href":"https:\/\/cvinoticias.com\/v3\/wp-json\/wp\/v2\/users\/2"}],"replies":[{"embeddable":true,"href":"https:\/\/cvinoticias.com\/v3\/wp-json\/wp\/v2\/comments?post=62612"}],"version-history":[{"count":1,"href":"https:\/\/cvinoticias.com\/v3\/wp-json\/wp\/v2\/posts\/62612\/revisions"}],"predecessor-version":[{"id":62614,"href":"https:\/\/cvinoticias.com\/v3\/wp-json\/wp\/v2\/posts\/62612\/revisions\/62614"}],"wp:featuredmedia":[{"embeddable":true,"href":"https:\/\/cvinoticias.com\/v3\/wp-json\/wp\/v2\/media\/62613"}],"wp:attachment":[{"href":"https:\/\/cvinoticias.com\/v3\/wp-json\/wp\/v2\/media?parent=62612"}],"wp:term":[{"taxonomy":"category","embeddable":true,"href":"https:\/\/cvinoticias.com\/v3\/wp-json\/wp\/v2\/categories?post=62612"},{"taxonomy":"post_tag","embeddable":true,"href":"https:\/\/cvinoticias.com\/v3\/wp-json\/wp\/v2\/tags?post=62612"}],"curies":[{"name":"wp","href":"https:\/\/api.w.org\/{rel}","templated":true}]}}