{"id":62606,"date":"2026-08-31T09:47:21","date_gmt":"2026-08-31T12:47:21","guid":{"rendered":"https:\/\/cvinoticias.com\/v3\/?p=62606"},"modified":"2026-08-31T09:47:23","modified_gmt":"2026-08-31T12:47:23","slug":"misiones-presenta-una-nueva-propuesta-de-formacion-para-trabajadores-del-cuidado-de-personas-adultas-mayores","status":"publish","type":"post","link":"https:\/\/cvinoticias.com\/v3\/misiones-presenta-una-nueva-propuesta-de-formacion-para-trabajadores-del-cuidado-de-personas-adultas-mayores\/","title":{"rendered":"Misiones presenta una nueva propuesta de formaci\u00f3n para trabajadores del cuidado de personas adultas mayores"},"content":{"rendered":"\n<p class=\"wp-block-paragraph\">Los Ministerios de&nbsp;<strong>Salud P\u00fablica<\/strong>&nbsp;y Acci\u00f3n Cooperativa junto a la&nbsp;<strong>Universidad Nacional de Misiones<\/strong>&nbsp;presentaron la capacitaci\u00f3n&nbsp;<strong>\u201cSalud y Cooperativas: Cuidado de Personas Adultas Mayores\u201d<\/strong>, una propuesta destinada a trabajadores y profesionales que intervienen en tareas de cuidado. El programa contempla&nbsp;<strong>seis encuentros<\/strong>&nbsp;y busca aportar herramientas para la atenci\u00f3n integral de las personas mayores y el acompa\u00f1amiento a sus familias.<\/p>\n\n\n\n<p class=\"wp-block-paragraph\">La presentaci\u00f3n tuvo lugar en el Sal\u00f3n Auditorio del Ministerio de Salud P\u00fablica y cont\u00f3 con la participaci\u00f3n de autoridades sanitarias, referentes del cooperativismo y representantes de la&nbsp;<strong>Facultad de Humanidades y Ciencias Sociales<\/strong>. La iniciativa plantea una mirada que combina conocimientos t\u00e9cnicos con aspectos vinculados al&nbsp;<strong>compromiso, la organizaci\u00f3n, el trabajo comunitario y el acompa\u00f1amiento<\/strong>.<\/p>\n\n\n\n<figure class=\"wp-block-image is-resized\"><img decoding=\"async\" data-src=\"https:\/\/www.canal12misiones.com\/wp-content\/uploads\/2026\/08\/image-753.png\" alt=\"\" class=\"wp-image-778873 lazyload\" style=\"aspect-ratio:1.5009380863039399;width:800px;height:auto\" src=\"data:image\/svg+xml;base64,PHN2ZyB3aWR0aD0iMSIgaGVpZ2h0PSIxIiB4bWxucz0iaHR0cDovL3d3dy53My5vcmcvMjAwMC9zdmciPjwvc3ZnPg==\" \/><\/figure>\n\n\n\n<h3 class=\"wp-block-heading\">Formaci\u00f3n para quienes realizan tareas de cuidado<\/h3>\n\n\n\n<p class=\"wp-block-paragraph\">La directora de Gerontolog\u00eda,&nbsp;<strong>Silvia Tar\u00f3n<\/strong>, destac\u00f3 la necesidad de generar espacios de capacitaci\u00f3n entre distintas \u00e1reas. \u201cPara nosotros es muy importante la formaci\u00f3n y la capacitaci\u00f3n. Hoy vamos a trabajar de forma conjunta con el \u00e1rea de Cooperativas para el cuidado del adulto mayor\u201d, expres\u00f3 durante la presentaci\u00f3n.<\/p>\n\n\n\n<p class=\"wp-block-paragraph\">El subsecretario de Promoci\u00f3n de Cooperativas,&nbsp;<strong>Daniel Di Pietro<\/strong>, explic\u00f3 que la propuesta est\u00e1 destinada a distintos perfiles profesionales y trabajadores relacionados con el cuidado, entre ellos&nbsp;<strong>m\u00e9dicos, enfermeros, anestesi\u00f3logos, nutricionistas, trabajadores sociales y acompa\u00f1antes terap\u00e9uticos<\/strong>. Seg\u00fan se\u00f1al\u00f3, el modelo cooperativo puede aportar una estructura para organizar y profesionalizar estos servicios, en especial ante situaciones que requieren atenci\u00f3n y contenci\u00f3n.<\/p>\n\n\n\n<figure class=\"wp-block-image is-resized\"><img decoding=\"async\" data-src=\"https:\/\/www.canal12misiones.com\/wp-content\/uploads\/2026\/08\/image-752.png\" alt=\"\" class=\"wp-image-778872 lazyload\" style=\"aspect-ratio:1.5009380863039399;width:800px;height:auto\" src=\"data:image\/svg+xml;base64,PHN2ZyB3aWR0aD0iMSIgaGVpZ2h0PSIxIiB4bWxucz0iaHR0cDovL3d3dy53My5vcmcvMjAwMC9zdmciPjwvc3ZnPg==\" \/><\/figure>\n\n\n\n<p class=\"wp-block-paragraph\">Desde la Facultad de Humanidades y Ciencias Sociales,&nbsp;<strong>Alexis Raftopolo<\/strong>&nbsp;valor\u00f3 el trabajo conjunto entre las instituciones y la posibilidad de abordar el cuidado desde una perspectiva&nbsp;<strong>interdisciplinaria e integral<\/strong>, con herramientas que contemplen las distintas dimensiones de la vida de las personas adultas mayores.<\/p>\n\n\n\n<h3 class=\"wp-block-heading\">El cuidado como parte de la vida familiar<\/h3>\n\n\n\n<p class=\"wp-block-paragraph\">El ministro de Acci\u00f3n Cooperativa,&nbsp;<strong>Mat\u00edas Vilchez<\/strong>, se\u00f1al\u00f3 que la propuesta aborda dos cuestiones vinculadas de forma directa con muchas familias: el&nbsp;<strong>envejecimiento y las tareas de cuidado<\/strong>. \u201cBuscamos capacitar a la gente que ya est\u00e1 en actividad y que muchas veces debe hacerse cargo de una situaci\u00f3n compleja. Quien tiene un familiar que necesita cuidados y atenci\u00f3n sabe que esto modifica la din\u00e1mica familiar y diaria\u201d, sostuvo.<\/p>\n\n\n\n<p class=\"wp-block-paragraph\">A su turno, el ministro de Salud P\u00fablica,&nbsp;<strong>H\u00e9ctor Gonz\u00e1lez<\/strong>, puso el foco en las personas que realizan las tareas de cuidado. \u201cQuiero destacar el trabajo con valor humano que se est\u00e1 llevando adelante, estando cerca, cumpliendo y cuidando a las personas. Tenemos el recurso humano disponible y por eso vamos a mejorar la calidad, empezando por el cuidador\u201d, afirm\u00f3.<\/p>\n\n\n\n<p class=\"wp-block-paragraph\">La capacitaci\u00f3n tendr\u00e1&nbsp;<strong>seis encuentros<\/strong>&nbsp;y apunta a brindar herramientas para la&nbsp;<strong>profesionalizaci\u00f3n del cuidado<\/strong>, con participaci\u00f3n de \u00e1reas sanitarias, cooperativas y universitarias. La propuesta busca fortalecer las capacidades de quienes trabajan con personas mayores y contemplar tambi\u00e9n las necesidades de sus familias.<\/p>\n\n\n\n<p class=\"wp-block-paragraph\">Fuente: Canal 12 Misiones<\/p>\n","protected":false},"excerpt":{"rendered":"<p>Los Ministerios de&nbsp;Salud P\u00fablica&nbsp;y Acci\u00f3n Cooperativa junto a la&nbsp;Universidad Nacional de Misiones&nbsp;presentaron la capacitaci\u00f3n&nbsp;\u201cSalud y Cooperativas: Cuidado de Personas Adultas Mayores\u201d, una propuesta destinada a trabajadores y profesionales que intervienen en tareas de cuidado. El programa contempla&nbsp;seis encuentros&nbsp;y busca aportar herramientas para la atenci\u00f3n integral de las personas mayores y el acompa\u00f1amiento a sus familias. [&hellip;]<\/p>\n","protected":false},"author":2,"featured_media":62607,"comment_status":"open","ping_status":"closed","sticky":false,"template":"","format":"standard","meta":{"footnotes":""},"categories":[493],"tags":[2004,4083,6114,278,3492],"class_list":["post-62606","post","type-post","status-publish","format-standard","has-post-thumbnail","hentry","category-educacion-2","tag-adultos","tag-formacion","tag-mayores","tag-misiones","tag-trabajadores"],"yoast_head":"<!-- This site is optimized with the Yoast SEO plugin v28.4 - https:\/\/yoast.com\/product\/yoast-seo-wordpress\/ -->\n<title>Misiones capacita a trabajadores del cuidado de adultos mayores | CVI NOTICIAS<\/title>\n<meta name=\"description\" content=\"Misiones lanz\u00f3 una capacitaci\u00f3n para profesionalizar el cuidado de personas adultas mayores y acompa\u00f1ar a sus familias.\" \/>\n<meta name=\"robots\" content=\"index, follow, max-snippet:-1, max-image-preview:large, max-video-preview:-1\" \/>\n<link rel=\"canonical\" href=\"https:\/\/cvinoticias.com\/v3\/misiones-presenta-una-nueva-propuesta-de-formacion-para-trabajadores-del-cuidado-de-personas-adultas-mayores\/\" \/>\n<meta property=\"og:locale\" content=\"es_ES\" \/>\n<meta property=\"og:type\" content=\"article\" \/>\n<meta property=\"og:title\" content=\"Misiones capacita a trabajadores del cuidado de adultos mayores | CVI NOTICIAS\" \/>\n<meta property=\"og:description\" content=\"Misiones lanz\u00f3 una capacitaci\u00f3n para profesionalizar el cuidado de personas adultas mayores y acompa\u00f1ar a sus familias.\" \/>\n<meta property=\"og:url\" content=\"https:\/\/cvinoticias.com\/v3\/misiones-presenta-una-nueva-propuesta-de-formacion-para-trabajadores-del-cuidado-de-personas-adultas-mayores\/\" \/>\n<meta property=\"og:site_name\" content=\"CVI NOTICIAS\" \/>\n<meta property=\"article:publisher\" content=\"https:\/\/www.facebook.com\/cvinoticias\" \/>\n<meta property=\"article:published_time\" content=\"2026-08-31T12:47:21+00:00\" \/>\n<meta property=\"article:modified_time\" content=\"2026-08-31T12:47:23+00:00\" \/>\n<meta property=\"og:image\" content=\"https:\/\/cvinoticias.com\/wp-content\/uploads\/2026\/08\/Lanzamiento-curso-8.webp\" \/>\n\t<meta property=\"og:image:width\" content=\"800\" \/>\n\t<meta property=\"og:image:height\" content=\"533\" \/>\n\t<meta property=\"og:image:type\" content=\"image\/webp\" \/>\n<meta name=\"author\" content=\"f1000024\" \/>\n<meta name=\"twitter:card\" content=\"summary_large_image\" \/>\n<meta name=\"twitter:label1\" content=\"Escrito por\" \/>\n\t<meta name=\"twitter:data1\" content=\"f1000024\" \/>\n\t<meta name=\"twitter:label2\" content=\"Tiempo de lectura\" \/>\n\t<meta name=\"twitter:data2\" content=\"3 minutos\" \/>\n<script type=\"application\/ld+json\" class=\"yoast-schema-graph\">{\"@context\":\"https:\\\/\\\/schema.org\",\"@graph\":[{\"@type\":\"Article\",\"@id\":\"https:\\\/\\\/cvinoticias.com\\\/v3\\\/misiones-presenta-una-nueva-propuesta-de-formacion-para-trabajadores-del-cuidado-de-personas-adultas-mayores\\\/#article\",\"isPartOf\":{\"@id\":\"https:\\\/\\\/cvinoticias.com\\\/v3\\\/misiones-presenta-una-nueva-propuesta-de-formacion-para-trabajadores-del-cuidado-de-personas-adultas-mayores\\\/\"},\"author\":{\"name\":\"f1000024\",\"@id\":\"https:\\\/\\\/cvinoticias.com\\\/v3\\\/#\\\/schema\\\/person\\\/2db77e3c6bc03c538495d7b2b8be9b66\"},\"headline\":\"Misiones presenta una nueva propuesta de formaci\u00f3n para trabajadores del cuidado de personas adultas mayores\",\"datePublished\":\"2026-08-31T12:47:21+00:00\",\"dateModified\":\"2026-08-31T12:47:23+00:00\",\"mainEntityOfPage\":{\"@id\":\"https:\\\/\\\/cvinoticias.com\\\/v3\\\/misiones-presenta-una-nueva-propuesta-de-formacion-para-trabajadores-del-cuidado-de-personas-adultas-mayores\\\/\"},\"wordCount\":539,\"commentCount\":0,\"publisher\":{\"@id\":\"https:\\\/\\\/cvinoticias.com\\\/v3\\\/#organization\"},\"image\":{\"@id\":\"https:\\\/\\\/cvinoticias.com\\\/v3\\\/misiones-presenta-una-nueva-propuesta-de-formacion-para-trabajadores-del-cuidado-de-personas-adultas-mayores\\\/#primaryimage\"},\"thumbnailUrl\":\"https:\\\/\\\/cvinoticias.com\\\/wp-content\\\/uploads\\\/2026\\\/08\\\/Lanzamiento-curso-8.webp\",\"keywords\":[\"adultos\",\"formaci\u00f3n\",\"mayores\",\"Misiones\",\"trabajadores\"],\"articleSection\":[\"Educaci\u00f3n\"],\"inLanguage\":\"es\",\"potentialAction\":[{\"@type\":\"CommentAction\",\"name\":\"Comment\",\"target\":[\"https:\\\/\\\/cvinoticias.com\\\/v3\\\/misiones-presenta-una-nueva-propuesta-de-formacion-para-trabajadores-del-cuidado-de-personas-adultas-mayores\\\/#respond\"]}]},{\"@type\":\"WebPage\",\"@id\":\"https:\\\/\\\/cvinoticias.com\\\/v3\\\/misiones-presenta-una-nueva-propuesta-de-formacion-para-trabajadores-del-cuidado-de-personas-adultas-mayores\\\/\",\"url\":\"https:\\\/\\\/cvinoticias.com\\\/v3\\\/misiones-presenta-una-nueva-propuesta-de-formacion-para-trabajadores-del-cuidado-de-personas-adultas-mayores\\\/\",\"name\":\"Misiones capacita a trabajadores del cuidado de adultos mayores | CVI NOTICIAS\",\"isPartOf\":{\"@id\":\"https:\\\/\\\/cvinoticias.com\\\/v3\\\/#website\"},\"primaryImageOfPage\":{\"@id\":\"https:\\\/\\\/cvinoticias.com\\\/v3\\\/misiones-presenta-una-nueva-propuesta-de-formacion-para-trabajadores-del-cuidado-de-personas-adultas-mayores\\\/#primaryimage\"},\"image\":{\"@id\":\"https:\\\/\\\/cvinoticias.com\\\/v3\\\/misiones-presenta-una-nueva-propuesta-de-formacion-para-trabajadores-del-cuidado-de-personas-adultas-mayores\\\/#primaryimage\"},\"thumbnailUrl\":\"https:\\\/\\\/cvinoticias.com\\\/wp-content\\\/uploads\\\/2026\\\/08\\\/Lanzamiento-curso-8.webp\",\"datePublished\":\"2026-08-31T12:47:21+00:00\",\"dateModified\":\"2026-08-31T12:47:23+00:00\",\"description\":\"Misiones lanz\u00f3 una capacitaci\u00f3n para profesionalizar el cuidado de personas adultas mayores y acompa\u00f1ar a sus familias.\",\"breadcrumb\":{\"@id\":\"https:\\\/\\\/cvinoticias.com\\\/v3\\\/misiones-presenta-una-nueva-propuesta-de-formacion-para-trabajadores-del-cuidado-de-personas-adultas-mayores\\\/#breadcrumb\"},\"inLanguage\":\"es\",\"potentialAction\":[{\"@type\":\"ReadAction\",\"target\":[\"https:\\\/\\\/cvinoticias.com\\\/v3\\\/misiones-presenta-una-nueva-propuesta-de-formacion-para-trabajadores-del-cuidado-de-personas-adultas-mayores\\\/\"]}]},{\"@type\":\"ImageObject\",\"inLanguage\":\"es\",\"@id\":\"https:\\\/\\\/cvinoticias.com\\\/v3\\\/misiones-presenta-una-nueva-propuesta-de-formacion-para-trabajadores-del-cuidado-de-personas-adultas-mayores\\\/#primaryimage\",\"url\":\"https:\\\/\\\/cvinoticias.com\\\/wp-content\\\/uploads\\\/2026\\\/08\\\/Lanzamiento-curso-8.webp\",\"contentUrl\":\"https:\\\/\\\/cvinoticias.com\\\/wp-content\\\/uploads\\\/2026\\\/08\\\/Lanzamiento-curso-8.webp\",\"width\":800,\"height\":533},{\"@type\":\"BreadcrumbList\",\"@id\":\"https:\\\/\\\/cvinoticias.com\\\/v3\\\/misiones-presenta-una-nueva-propuesta-de-formacion-para-trabajadores-del-cuidado-de-personas-adultas-mayores\\\/#breadcrumb\",\"itemListElement\":[{\"@type\":\"ListItem\",\"position\":1,\"name\":\"Portada\",\"item\":\"https:\\\/\\\/cvinoticias.com\\\/v3\\\/\"},{\"@type\":\"ListItem\",\"position\":2,\"name\":\"Misiones presenta una nueva propuesta de formaci\u00f3n para trabajadores del cuidado de personas adultas mayores\"}]},{\"@type\":\"WebSite\",\"@id\":\"https:\\\/\\\/cvinoticias.com\\\/v3\\\/#website\",\"url\":\"https:\\\/\\\/cvinoticias.com\\\/v3\\\/\",\"name\":\"CVI NOTICIAS\",\"description\":\"\",\"publisher\":{\"@id\":\"https:\\\/\\\/cvinoticias.com\\\/v3\\\/#organization\"},\"alternateName\":\"CVI\",\"potentialAction\":[{\"@type\":\"SearchAction\",\"target\":{\"@type\":\"EntryPoint\",\"urlTemplate\":\"https:\\\/\\\/cvinoticias.com\\\/v3\\\/?s={search_term_string}\"},\"query-input\":{\"@type\":\"PropertyValueSpecification\",\"valueRequired\":true,\"valueName\":\"search_term_string\"}}],\"inLanguage\":\"es\"},{\"@type\":\"Organization\",\"@id\":\"https:\\\/\\\/cvinoticias.com\\\/v3\\\/#organization\",\"name\":\"CVI NOTICIAS\",\"url\":\"https:\\\/\\\/cvinoticias.com\\\/v3\\\/\",\"logo\":{\"@type\":\"ImageObject\",\"inLanguage\":\"es\",\"@id\":\"https:\\\/\\\/cvinoticias.com\\\/v3\\\/#\\\/schema\\\/logo\\\/image\\\/\",\"url\":\"https:\\\/\\\/cvinoticias.com\\\/wp-content\\\/uploads\\\/2023\\\/04\\\/cropped-cropped-cropped-cropped-cropped-3-1.png\",\"contentUrl\":\"https:\\\/\\\/cvinoticias.com\\\/wp-content\\\/uploads\\\/2023\\\/04\\\/cropped-cropped-cropped-cropped-cropped-3-1.png\",\"width\":95,\"height\":122,\"caption\":\"CVI NOTICIAS\"},\"image\":{\"@id\":\"https:\\\/\\\/cvinoticias.com\\\/v3\\\/#\\\/schema\\\/logo\\\/image\\\/\"},\"sameAs\":[\"https:\\\/\\\/www.facebook.com\\\/cvinoticias\",\"https:\\\/\\\/www.instagram.com\\\/cvinoticias\\\/\",\"https:\\\/\\\/www.youtube.com\\\/@CVINOTICIAS\"]},{\"@type\":\"Person\",\"@id\":\"https:\\\/\\\/cvinoticias.com\\\/v3\\\/#\\\/schema\\\/person\\\/2db77e3c6bc03c538495d7b2b8be9b66\",\"name\":\"f1000024\",\"image\":{\"@type\":\"ImageObject\",\"inLanguage\":\"es\",\"@id\":\"https:\\\/\\\/secure.gravatar.com\\\/avatar\\\/d4fe7459cfc51ff5129ce1a732bbef5928568b8092d412ef95611616376bbeed?s=96&d=mm&r=g\",\"url\":\"https:\\\/\\\/secure.gravatar.com\\\/avatar\\\/d4fe7459cfc51ff5129ce1a732bbef5928568b8092d412ef95611616376bbeed?s=96&d=mm&r=g\",\"contentUrl\":\"https:\\\/\\\/secure.gravatar.com\\\/avatar\\\/d4fe7459cfc51ff5129ce1a732bbef5928568b8092d412ef95611616376bbeed?s=96&d=mm&r=g\",\"caption\":\"f1000024\"},\"url\":\"https:\\\/\\\/cvinoticias.com\\\/v3\\\/author\\\/f1000024\\\/\"}]}<\/script>\n<!-- \/ Yoast SEO plugin. -->","yoast_head_json":{"title":"Misiones capacita a trabajadores del cuidado de adultos mayores | CVI NOTICIAS","description":"Misiones lanz\u00f3 una capacitaci\u00f3n para profesionalizar el cuidado de personas adultas mayores y acompa\u00f1ar a sus familias.","robots":{"index":"index","follow":"follow","max-snippet":"max-snippet:-1","max-image-preview":"max-image-preview:large","max-video-preview":"max-video-preview:-1"},"canonical":"https:\/\/cvinoticias.com\/v3\/misiones-presenta-una-nueva-propuesta-de-formacion-para-trabajadores-del-cuidado-de-personas-adultas-mayores\/","og_locale":"es_ES","og_type":"article","og_title":"Misiones capacita a trabajadores del cuidado de adultos mayores | CVI NOTICIAS","og_description":"Misiones lanz\u00f3 una capacitaci\u00f3n para profesionalizar el cuidado de personas adultas mayores y acompa\u00f1ar a sus familias.","og_url":"https:\/\/cvinoticias.com\/v3\/misiones-presenta-una-nueva-propuesta-de-formacion-para-trabajadores-del-cuidado-de-personas-adultas-mayores\/","og_site_name":"CVI NOTICIAS","article_publisher":"https:\/\/www.facebook.com\/cvinoticias","article_published_time":"2026-08-31T12:47:21+00:00","article_modified_time":"2026-08-31T12:47:23+00:00","og_image":[{"width":800,"height":533,"url":"https:\/\/cvinoticias.com\/wp-content\/uploads\/2026\/08\/Lanzamiento-curso-8.webp","type":"image\/webp"}],"author":"f1000024","twitter_card":"summary_large_image","twitter_misc":{"Escrito por":"f1000024","Tiempo de lectura":"3 minutos"},"schema":{"@context":"https:\/\/schema.org","@graph":[{"@type":"Article","@id":"https:\/\/cvinoticias.com\/v3\/misiones-presenta-una-nueva-propuesta-de-formacion-para-trabajadores-del-cuidado-de-personas-adultas-mayores\/#article","isPartOf":{"@id":"https:\/\/cvinoticias.com\/v3\/misiones-presenta-una-nueva-propuesta-de-formacion-para-trabajadores-del-cuidado-de-personas-adultas-mayores\/"},"author":{"name":"f1000024","@id":"https:\/\/cvinoticias.com\/v3\/#\/schema\/person\/2db77e3c6bc03c538495d7b2b8be9b66"},"headline":"Misiones presenta una nueva propuesta de formaci\u00f3n para trabajadores del cuidado de personas adultas mayores","datePublished":"2026-08-31T12:47:21+00:00","dateModified":"2026-08-31T12:47:23+00:00","mainEntityOfPage":{"@id":"https:\/\/cvinoticias.com\/v3\/misiones-presenta-una-nueva-propuesta-de-formacion-para-trabajadores-del-cuidado-de-personas-adultas-mayores\/"},"wordCount":539,"commentCount":0,"publisher":{"@id":"https:\/\/cvinoticias.com\/v3\/#organization"},"image":{"@id":"https:\/\/cvinoticias.com\/v3\/misiones-presenta-una-nueva-propuesta-de-formacion-para-trabajadores-del-cuidado-de-personas-adultas-mayores\/#primaryimage"},"thumbnailUrl":"https:\/\/cvinoticias.com\/wp-content\/uploads\/2026\/08\/Lanzamiento-curso-8.webp","keywords":["adultos","formaci\u00f3n","mayores","Misiones","trabajadores"],"articleSection":["Educaci\u00f3n"],"inLanguage":"es","potentialAction":[{"@type":"CommentAction","name":"Comment","target":["https:\/\/cvinoticias.com\/v3\/misiones-presenta-una-nueva-propuesta-de-formacion-para-trabajadores-del-cuidado-de-personas-adultas-mayores\/#respond"]}]},{"@type":"WebPage","@id":"https:\/\/cvinoticias.com\/v3\/misiones-presenta-una-nueva-propuesta-de-formacion-para-trabajadores-del-cuidado-de-personas-adultas-mayores\/","url":"https:\/\/cvinoticias.com\/v3\/misiones-presenta-una-nueva-propuesta-de-formacion-para-trabajadores-del-cuidado-de-personas-adultas-mayores\/","name":"Misiones capacita a trabajadores del cuidado de adultos mayores | CVI NOTICIAS","isPartOf":{"@id":"https:\/\/cvinoticias.com\/v3\/#website"},"primaryImageOfPage":{"@id":"https:\/\/cvinoticias.com\/v3\/misiones-presenta-una-nueva-propuesta-de-formacion-para-trabajadores-del-cuidado-de-personas-adultas-mayores\/#primaryimage"},"image":{"@id":"https:\/\/cvinoticias.com\/v3\/misiones-presenta-una-nueva-propuesta-de-formacion-para-trabajadores-del-cuidado-de-personas-adultas-mayores\/#primaryimage"},"thumbnailUrl":"https:\/\/cvinoticias.com\/wp-content\/uploads\/2026\/08\/Lanzamiento-curso-8.webp","datePublished":"2026-08-31T12:47:21+00:00","dateModified":"2026-08-31T12:47:23+00:00","description":"Misiones lanz\u00f3 una capacitaci\u00f3n para profesionalizar el cuidado de personas adultas mayores y acompa\u00f1ar a sus familias.","breadcrumb":{"@id":"https:\/\/cvinoticias.com\/v3\/misiones-presenta-una-nueva-propuesta-de-formacion-para-trabajadores-del-cuidado-de-personas-adultas-mayores\/#breadcrumb"},"inLanguage":"es","potentialAction":[{"@type":"ReadAction","target":["https:\/\/cvinoticias.com\/v3\/misiones-presenta-una-nueva-propuesta-de-formacion-para-trabajadores-del-cuidado-de-personas-adultas-mayores\/"]}]},{"@type":"ImageObject","inLanguage":"es","@id":"https:\/\/cvinoticias.com\/v3\/misiones-presenta-una-nueva-propuesta-de-formacion-para-trabajadores-del-cuidado-de-personas-adultas-mayores\/#primaryimage","url":"https:\/\/cvinoticias.com\/wp-content\/uploads\/2026\/08\/Lanzamiento-curso-8.webp","contentUrl":"https:\/\/cvinoticias.com\/wp-content\/uploads\/2026\/08\/Lanzamiento-curso-8.webp","width":800,"height":533},{"@type":"BreadcrumbList","@id":"https:\/\/cvinoticias.com\/v3\/misiones-presenta-una-nueva-propuesta-de-formacion-para-trabajadores-del-cuidado-de-personas-adultas-mayores\/#breadcrumb","itemListElement":[{"@type":"ListItem","position":1,"name":"Portada","item":"https:\/\/cvinoticias.com\/v3\/"},{"@type":"ListItem","position":2,"name":"Misiones presenta una nueva propuesta de formaci\u00f3n para trabajadores del cuidado de personas adultas mayores"}]},{"@type":"WebSite","@id":"https:\/\/cvinoticias.com\/v3\/#website","url":"https:\/\/cvinoticias.com\/v3\/","name":"CVI NOTICIAS","description":"","publisher":{"@id":"https:\/\/cvinoticias.com\/v3\/#organization"},"alternateName":"CVI","potentialAction":[{"@type":"SearchAction","target":{"@type":"EntryPoint","urlTemplate":"https:\/\/cvinoticias.com\/v3\/?s={search_term_string}"},"query-input":{"@type":"PropertyValueSpecification","valueRequired":true,"valueName":"search_term_string"}}],"inLanguage":"es"},{"@type":"Organization","@id":"https:\/\/cvinoticias.com\/v3\/#organization","name":"CVI NOTICIAS","url":"https:\/\/cvinoticias.com\/v3\/","logo":{"@type":"ImageObject","inLanguage":"es","@id":"https:\/\/cvinoticias.com\/v3\/#\/schema\/logo\/image\/","url":"https:\/\/cvinoticias.com\/wp-content\/uploads\/2023\/04\/cropped-cropped-cropped-cropped-cropped-3-1.png","contentUrl":"https:\/\/cvinoticias.com\/wp-content\/uploads\/2023\/04\/cropped-cropped-cropped-cropped-cropped-3-1.png","width":95,"height":122,"caption":"CVI NOTICIAS"},"image":{"@id":"https:\/\/cvinoticias.com\/v3\/#\/schema\/logo\/image\/"},"sameAs":["https:\/\/www.facebook.com\/cvinoticias","https:\/\/www.instagram.com\/cvinoticias\/","https:\/\/www.youtube.com\/@CVINOTICIAS"]},{"@type":"Person","@id":"https:\/\/cvinoticias.com\/v3\/#\/schema\/person\/2db77e3c6bc03c538495d7b2b8be9b66","name":"f1000024","image":{"@type":"ImageObject","inLanguage":"es","@id":"https:\/\/secure.gravatar.com\/avatar\/d4fe7459cfc51ff5129ce1a732bbef5928568b8092d412ef95611616376bbeed?s=96&d=mm&r=g","url":"https:\/\/secure.gravatar.com\/avatar\/d4fe7459cfc51ff5129ce1a732bbef5928568b8092d412ef95611616376bbeed?s=96&d=mm&r=g","contentUrl":"https:\/\/secure.gravatar.com\/avatar\/d4fe7459cfc51ff5129ce1a732bbef5928568b8092d412ef95611616376bbeed?s=96&d=mm&r=g","caption":"f1000024"},"url":"https:\/\/cvinoticias.com\/v3\/author\/f1000024\/"}]}},"_links":{"self":[{"href":"https:\/\/cvinoticias.com\/v3\/wp-json\/wp\/v2\/posts\/62606","targetHints":{"allow":["GET"]}}],"collection":[{"href":"https:\/\/cvinoticias.com\/v3\/wp-json\/wp\/v2\/posts"}],"about":[{"href":"https:\/\/cvinoticias.com\/v3\/wp-json\/wp\/v2\/types\/post"}],"author":[{"embeddable":true,"href":"https:\/\/cvinoticias.com\/v3\/wp-json\/wp\/v2\/users\/2"}],"replies":[{"embeddable":true,"href":"https:\/\/cvinoticias.com\/v3\/wp-json\/wp\/v2\/comments?post=62606"}],"version-history":[{"count":1,"href":"https:\/\/cvinoticias.com\/v3\/wp-json\/wp\/v2\/posts\/62606\/revisions"}],"predecessor-version":[{"id":62608,"href":"https:\/\/cvinoticias.com\/v3\/wp-json\/wp\/v2\/posts\/62606\/revisions\/62608"}],"wp:featuredmedia":[{"embeddable":true,"href":"https:\/\/cvinoticias.com\/v3\/wp-json\/wp\/v2\/media\/62607"}],"wp:attachment":[{"href":"https:\/\/cvinoticias.com\/v3\/wp-json\/wp\/v2\/media?parent=62606"}],"wp:term":[{"taxonomy":"category","embeddable":true,"href":"https:\/\/cvinoticias.com\/v3\/wp-json\/wp\/v2\/categories?post=62606"},{"taxonomy":"post_tag","embeddable":true,"href":"https:\/\/cvinoticias.com\/v3\/wp-json\/wp\/v2\/tags?post=62606"}],"curies":[{"name":"wp","href":"https:\/\/api.w.org\/{rel}","templated":true}]}}