{"id":62603,"date":"2026-08-31T09:44:58","date_gmt":"2026-08-31T12:44:58","guid":{"rendered":"https:\/\/cvinoticias.com\/v3\/?p=62603"},"modified":"2026-08-31T09:45:00","modified_gmt":"2026-08-31T12:45:00","slug":"un-tornado-impacto-en-santa-catarina-cerca-de-la-frontera-con-bernardo-de-irigoyen","status":"publish","type":"post","link":"https:\/\/cvinoticias.com\/v3\/un-tornado-impacto-en-santa-catarina-cerca-de-la-frontera-con-bernardo-de-irigoyen\/","title":{"rendered":"Un tornado impact\u00f3 en Santa Catarina, cerca de la frontera con Bernardo de Irigoyen"},"content":{"rendered":"\n<p class=\"wp-block-paragraph\">Durante la tarde del domingo,&nbsp;<strong>un tornado de gran magnitud impact\u00f3 en el extremo oeste del estado brasile\u00f1o de Santa Catarina<\/strong>. Ocurri\u00f3 en el municipio de Campo Er\u00ea, Santa Catarina, cercano a la&nbsp;<strong>frontera con Bernardo de Irigoyen, Misiones<\/strong>.<\/p>\n\n\n\n<p class=\"wp-block-paragraph\">Los registros audiovisuales que circulan en las redes sociales demuestran el momento en que el amplio embudo descendi\u00f3 desde la base nubosa hasta hacer contacto con la superficie.<\/p>\n\n\n\n<p class=\"wp-block-paragraph\"><strong>La formaci\u00f3n ocurri\u00f3 despu\u00e9s del paso de una celda de tormenta por el noreste misionero<\/strong>. El sistema continu\u00f3 su desplazamiento sobre&nbsp;<strong>territorio brasile\u00f1o<\/strong>&nbsp;y adquiri\u00f3 rotaci\u00f3n en las proximidades de Campo Er\u00ea.<\/p>\n\n\n\n<p class=\"wp-block-paragraph\">Los primeros reportes no precisaron la extensi\u00f3n del recorrido ni la velocidad alcanzada por los vientos. Tampoco se hab\u00eda difundido una clasificaci\u00f3n oficial de su intensidad en la&nbsp;<strong>escala Fujita<\/strong>.<\/p>\n\n\n\n<p class=\"wp-block-paragraph\">Frente a esta situaci\u00f3n, los organismos de emergencia iniciaron tareas de inspecci\u00f3n en el \u00e1rea para determinar la existencia de perjuicios en viviendas particulares, obras de infraestructura, redes del tendido el\u00e9ctrico o sectores rurales.<\/p>\n\n\n\n<h3 class=\"wp-block-heading\"><strong>Alerta por tormentas severas<\/strong><\/h3>\n\n\n\n<p class=\"wp-block-paragraph\">El&nbsp;<strong>Instituto Nacional de Meteorolog\u00eda de Brasil<\/strong>&nbsp;hab\u00eda anticipado un cierre de&nbsp;<strong>agosto<\/strong>&nbsp;con tormentas y posible ca\u00edda de granizo en la&nbsp;<strong>regi\u00f3n sur del pa\u00eds<\/strong>.<\/p>\n\n\n\n<p class=\"wp-block-paragraph\">Adem\u00e1s, se emiti\u00f3 una advertencia de gran peligro para municipios de&nbsp;<strong>Santa Catarina<\/strong>&nbsp;y&nbsp;<strong>R\u00edo Grande do Sul<\/strong>. El aviso contemplaba&nbsp;<strong>lluvias intensas<\/strong>,&nbsp;<strong>r\u00e1fagas superiores a los 100 kil\u00f3metros por hora<\/strong>&nbsp;y&nbsp;<strong>posible granizo<\/strong>.<\/p>\n\n\n\n<p class=\"wp-block-paragraph\">Entre los riesgos se\u00f1alados se encontraban da\u00f1os en construcciones, cortes de electricidad, ca\u00edda de \u00e1rboles, anegamientos y complicaciones en rutas. La Defensa Civil brasile\u00f1a puede ser contactada mediante el&nbsp;<strong>199<\/strong>&nbsp;y los bomberos, a trav\u00e9s del&nbsp;<strong>193<\/strong>.<\/p>\n\n\n\n<p class=\"wp-block-paragraph\">Ante esto, las autoridades recomendaron a la poblaci\u00f3n tomar precauciones y mantenerse informados sobre la evoluci\u00f3n del tiempo en la regi\u00f3n.<\/p>\n\n\n\n<p class=\"wp-block-paragraph\">Fuente: Canal 12 Misiones<\/p>\n","protected":false},"excerpt":{"rendered":"<p>Durante la tarde del domingo,&nbsp;un tornado de gran magnitud impact\u00f3 en el extremo oeste del estado brasile\u00f1o de Santa Catarina. Ocurri\u00f3 en el municipio de Campo Er\u00ea, Santa Catarina, cercano a la&nbsp;frontera con Bernardo de Irigoyen, Misiones. Los registros audiovisuales que circulan en las redes sociales demuestran el momento en que el amplio embudo descendi\u00f3 [&hellip;]<\/p>\n","protected":false},"author":2,"featured_media":62604,"comment_status":"open","ping_status":"closed","sticky":false,"template":"","format":"standard","meta":{"footnotes":""},"categories":[1147,455],"tags":[594,551,7084,4388],"class_list":["post-62603","post","type-post","status-publish","format-standard","has-post-thumbnail","hentry","category-clima","category-misiones","tag-brasil","tag-frontera","tag-santa-catarina","tag-tornado"],"yoast_head":"<!-- This site is optimized with the Yoast SEO plugin v28.4 - https:\/\/yoast.com\/product\/yoast-seo-wordpress\/ -->\n<title>Tornado en Santa Catarina cerca de Bernardo de Irigoyen | CVI NOTICIAS<\/title>\n<meta name=\"description\" content=\"Un tornado impact\u00f3 en Campo Er\u00ea, Santa Catarina, cerca de Bernardo de Irigoyen, durante una jornada de tormentas severas.\" \/>\n<meta name=\"robots\" content=\"index, follow, max-snippet:-1, max-image-preview:large, max-video-preview:-1\" \/>\n<link rel=\"canonical\" href=\"https:\/\/cvinoticias.com\/v3\/un-tornado-impacto-en-santa-catarina-cerca-de-la-frontera-con-bernardo-de-irigoyen\/\" \/>\n<meta property=\"og:locale\" content=\"es_ES\" \/>\n<meta property=\"og:type\" content=\"article\" \/>\n<meta property=\"og:title\" content=\"Tornado en Santa Catarina cerca de Bernardo de Irigoyen | CVI NOTICIAS\" \/>\n<meta property=\"og:description\" content=\"Un tornado impact\u00f3 en Campo Er\u00ea, Santa Catarina, cerca de Bernardo de Irigoyen, durante una jornada de tormentas severas.\" \/>\n<meta property=\"og:url\" content=\"https:\/\/cvinoticias.com\/v3\/un-tornado-impacto-en-santa-catarina-cerca-de-la-frontera-con-bernardo-de-irigoyen\/\" \/>\n<meta property=\"og:site_name\" content=\"CVI NOTICIAS\" \/>\n<meta property=\"article:publisher\" content=\"https:\/\/www.facebook.com\/cvinoticias\" \/>\n<meta property=\"article:published_time\" content=\"2026-08-31T12:44:58+00:00\" \/>\n<meta property=\"article:modified_time\" content=\"2026-08-31T12:45:00+00:00\" \/>\n<meta property=\"og:image\" content=\"https:\/\/cvinoticias.com\/wp-content\/uploads\/2026\/08\/tornado-santa-catarina.webp\" \/>\n\t<meta property=\"og:image:width\" content=\"1089\" \/>\n\t<meta property=\"og:image:height\" content=\"655\" \/>\n\t<meta property=\"og:image:type\" content=\"image\/webp\" \/>\n<meta name=\"author\" content=\"f1000024\" \/>\n<meta name=\"twitter:card\" content=\"summary_large_image\" \/>\n<meta name=\"twitter:label1\" content=\"Escrito por\" \/>\n\t<meta name=\"twitter:data1\" content=\"f1000024\" \/>\n\t<meta name=\"twitter:label2\" content=\"Tiempo de lectura\" \/>\n\t<meta name=\"twitter:data2\" content=\"2 minutos\" \/>\n<script type=\"application\/ld+json\" class=\"yoast-schema-graph\">{\"@context\":\"https:\\\/\\\/schema.org\",\"@graph\":[{\"@type\":\"Article\",\"@id\":\"https:\\\/\\\/cvinoticias.com\\\/v3\\\/un-tornado-impacto-en-santa-catarina-cerca-de-la-frontera-con-bernardo-de-irigoyen\\\/#article\",\"isPartOf\":{\"@id\":\"https:\\\/\\\/cvinoticias.com\\\/v3\\\/un-tornado-impacto-en-santa-catarina-cerca-de-la-frontera-con-bernardo-de-irigoyen\\\/\"},\"author\":{\"name\":\"f1000024\",\"@id\":\"https:\\\/\\\/cvinoticias.com\\\/v3\\\/#\\\/schema\\\/person\\\/2db77e3c6bc03c538495d7b2b8be9b66\"},\"headline\":\"Un tornado impact\u00f3 en Santa Catarina, cerca de la frontera con Bernardo de Irigoyen\",\"datePublished\":\"2026-08-31T12:44:58+00:00\",\"dateModified\":\"2026-08-31T12:45:00+00:00\",\"mainEntityOfPage\":{\"@id\":\"https:\\\/\\\/cvinoticias.com\\\/v3\\\/un-tornado-impacto-en-santa-catarina-cerca-de-la-frontera-con-bernardo-de-irigoyen\\\/\"},\"wordCount\":347,\"commentCount\":0,\"publisher\":{\"@id\":\"https:\\\/\\\/cvinoticias.com\\\/v3\\\/#organization\"},\"image\":{\"@id\":\"https:\\\/\\\/cvinoticias.com\\\/v3\\\/un-tornado-impacto-en-santa-catarina-cerca-de-la-frontera-con-bernardo-de-irigoyen\\\/#primaryimage\"},\"thumbnailUrl\":\"https:\\\/\\\/cvinoticias.com\\\/wp-content\\\/uploads\\\/2026\\\/08\\\/tornado-santa-catarina.webp\",\"keywords\":[\"Brasil\",\"Frontera\",\"Santa Catarina\",\"Tornado\"],\"articleSection\":[\"Clima\",\"Misiones\"],\"inLanguage\":\"es\",\"potentialAction\":[{\"@type\":\"CommentAction\",\"name\":\"Comment\",\"target\":[\"https:\\\/\\\/cvinoticias.com\\\/v3\\\/un-tornado-impacto-en-santa-catarina-cerca-de-la-frontera-con-bernardo-de-irigoyen\\\/#respond\"]}]},{\"@type\":\"WebPage\",\"@id\":\"https:\\\/\\\/cvinoticias.com\\\/v3\\\/un-tornado-impacto-en-santa-catarina-cerca-de-la-frontera-con-bernardo-de-irigoyen\\\/\",\"url\":\"https:\\\/\\\/cvinoticias.com\\\/v3\\\/un-tornado-impacto-en-santa-catarina-cerca-de-la-frontera-con-bernardo-de-irigoyen\\\/\",\"name\":\"Tornado en Santa Catarina cerca de Bernardo de Irigoyen | CVI NOTICIAS\",\"isPartOf\":{\"@id\":\"https:\\\/\\\/cvinoticias.com\\\/v3\\\/#website\"},\"primaryImageOfPage\":{\"@id\":\"https:\\\/\\\/cvinoticias.com\\\/v3\\\/un-tornado-impacto-en-santa-catarina-cerca-de-la-frontera-con-bernardo-de-irigoyen\\\/#primaryimage\"},\"image\":{\"@id\":\"https:\\\/\\\/cvinoticias.com\\\/v3\\\/un-tornado-impacto-en-santa-catarina-cerca-de-la-frontera-con-bernardo-de-irigoyen\\\/#primaryimage\"},\"thumbnailUrl\":\"https:\\\/\\\/cvinoticias.com\\\/wp-content\\\/uploads\\\/2026\\\/08\\\/tornado-santa-catarina.webp\",\"datePublished\":\"2026-08-31T12:44:58+00:00\",\"dateModified\":\"2026-08-31T12:45:00+00:00\",\"description\":\"Un tornado impact\u00f3 en Campo Er\u00ea, Santa Catarina, cerca de Bernardo de Irigoyen, durante una jornada de tormentas severas.\",\"breadcrumb\":{\"@id\":\"https:\\\/\\\/cvinoticias.com\\\/v3\\\/un-tornado-impacto-en-santa-catarina-cerca-de-la-frontera-con-bernardo-de-irigoyen\\\/#breadcrumb\"},\"inLanguage\":\"es\",\"potentialAction\":[{\"@type\":\"ReadAction\",\"target\":[\"https:\\\/\\\/cvinoticias.com\\\/v3\\\/un-tornado-impacto-en-santa-catarina-cerca-de-la-frontera-con-bernardo-de-irigoyen\\\/\"]}]},{\"@type\":\"ImageObject\",\"inLanguage\":\"es\",\"@id\":\"https:\\\/\\\/cvinoticias.com\\\/v3\\\/un-tornado-impacto-en-santa-catarina-cerca-de-la-frontera-con-bernardo-de-irigoyen\\\/#primaryimage\",\"url\":\"https:\\\/\\\/cvinoticias.com\\\/wp-content\\\/uploads\\\/2026\\\/08\\\/tornado-santa-catarina.webp\",\"contentUrl\":\"https:\\\/\\\/cvinoticias.com\\\/wp-content\\\/uploads\\\/2026\\\/08\\\/tornado-santa-catarina.webp\",\"width\":1089,\"height\":655},{\"@type\":\"BreadcrumbList\",\"@id\":\"https:\\\/\\\/cvinoticias.com\\\/v3\\\/un-tornado-impacto-en-santa-catarina-cerca-de-la-frontera-con-bernardo-de-irigoyen\\\/#breadcrumb\",\"itemListElement\":[{\"@type\":\"ListItem\",\"position\":1,\"name\":\"Portada\",\"item\":\"https:\\\/\\\/cvinoticias.com\\\/v3\\\/\"},{\"@type\":\"ListItem\",\"position\":2,\"name\":\"Un tornado impact\u00f3 en Santa Catarina, cerca de la frontera con Bernardo de Irigoyen\"}]},{\"@type\":\"WebSite\",\"@id\":\"https:\\\/\\\/cvinoticias.com\\\/v3\\\/#website\",\"url\":\"https:\\\/\\\/cvinoticias.com\\\/v3\\\/\",\"name\":\"CVI NOTICIAS\",\"description\":\"\",\"publisher\":{\"@id\":\"https:\\\/\\\/cvinoticias.com\\\/v3\\\/#organization\"},\"alternateName\":\"CVI\",\"potentialAction\":[{\"@type\":\"SearchAction\",\"target\":{\"@type\":\"EntryPoint\",\"urlTemplate\":\"https:\\\/\\\/cvinoticias.com\\\/v3\\\/?s={search_term_string}\"},\"query-input\":{\"@type\":\"PropertyValueSpecification\",\"valueRequired\":true,\"valueName\":\"search_term_string\"}}],\"inLanguage\":\"es\"},{\"@type\":\"Organization\",\"@id\":\"https:\\\/\\\/cvinoticias.com\\\/v3\\\/#organization\",\"name\":\"CVI NOTICIAS\",\"url\":\"https:\\\/\\\/cvinoticias.com\\\/v3\\\/\",\"logo\":{\"@type\":\"ImageObject\",\"inLanguage\":\"es\",\"@id\":\"https:\\\/\\\/cvinoticias.com\\\/v3\\\/#\\\/schema\\\/logo\\\/image\\\/\",\"url\":\"https:\\\/\\\/cvinoticias.com\\\/wp-content\\\/uploads\\\/2023\\\/04\\\/cropped-cropped-cropped-cropped-cropped-3-1.png\",\"contentUrl\":\"https:\\\/\\\/cvinoticias.com\\\/wp-content\\\/uploads\\\/2023\\\/04\\\/cropped-cropped-cropped-cropped-cropped-3-1.png\",\"width\":95,\"height\":122,\"caption\":\"CVI NOTICIAS\"},\"image\":{\"@id\":\"https:\\\/\\\/cvinoticias.com\\\/v3\\\/#\\\/schema\\\/logo\\\/image\\\/\"},\"sameAs\":[\"https:\\\/\\\/www.facebook.com\\\/cvinoticias\",\"https:\\\/\\\/www.instagram.com\\\/cvinoticias\\\/\",\"https:\\\/\\\/www.youtube.com\\\/@CVINOTICIAS\"]},{\"@type\":\"Person\",\"@id\":\"https:\\\/\\\/cvinoticias.com\\\/v3\\\/#\\\/schema\\\/person\\\/2db77e3c6bc03c538495d7b2b8be9b66\",\"name\":\"f1000024\",\"image\":{\"@type\":\"ImageObject\",\"inLanguage\":\"es\",\"@id\":\"https:\\\/\\\/secure.gravatar.com\\\/avatar\\\/d4fe7459cfc51ff5129ce1a732bbef5928568b8092d412ef95611616376bbeed?s=96&d=mm&r=g\",\"url\":\"https:\\\/\\\/secure.gravatar.com\\\/avatar\\\/d4fe7459cfc51ff5129ce1a732bbef5928568b8092d412ef95611616376bbeed?s=96&d=mm&r=g\",\"contentUrl\":\"https:\\\/\\\/secure.gravatar.com\\\/avatar\\\/d4fe7459cfc51ff5129ce1a732bbef5928568b8092d412ef95611616376bbeed?s=96&d=mm&r=g\",\"caption\":\"f1000024\"},\"url\":\"https:\\\/\\\/cvinoticias.com\\\/v3\\\/author\\\/f1000024\\\/\"}]}<\/script>\n<!-- \/ Yoast SEO plugin. -->","yoast_head_json":{"title":"Tornado en Santa Catarina cerca de Bernardo de Irigoyen | CVI NOTICIAS","description":"Un tornado impact\u00f3 en Campo Er\u00ea, Santa Catarina, cerca de Bernardo de Irigoyen, durante una jornada de tormentas severas.","robots":{"index":"index","follow":"follow","max-snippet":"max-snippet:-1","max-image-preview":"max-image-preview:large","max-video-preview":"max-video-preview:-1"},"canonical":"https:\/\/cvinoticias.com\/v3\/un-tornado-impacto-en-santa-catarina-cerca-de-la-frontera-con-bernardo-de-irigoyen\/","og_locale":"es_ES","og_type":"article","og_title":"Tornado en Santa Catarina cerca de Bernardo de Irigoyen | CVI NOTICIAS","og_description":"Un tornado impact\u00f3 en Campo Er\u00ea, Santa Catarina, cerca de Bernardo de Irigoyen, durante una jornada de tormentas severas.","og_url":"https:\/\/cvinoticias.com\/v3\/un-tornado-impacto-en-santa-catarina-cerca-de-la-frontera-con-bernardo-de-irigoyen\/","og_site_name":"CVI NOTICIAS","article_publisher":"https:\/\/www.facebook.com\/cvinoticias","article_published_time":"2026-08-31T12:44:58+00:00","article_modified_time":"2026-08-31T12:45:00+00:00","og_image":[{"width":1089,"height":655,"url":"https:\/\/cvinoticias.com\/wp-content\/uploads\/2026\/08\/tornado-santa-catarina.webp","type":"image\/webp"}],"author":"f1000024","twitter_card":"summary_large_image","twitter_misc":{"Escrito por":"f1000024","Tiempo de lectura":"2 minutos"},"schema":{"@context":"https:\/\/schema.org","@graph":[{"@type":"Article","@id":"https:\/\/cvinoticias.com\/v3\/un-tornado-impacto-en-santa-catarina-cerca-de-la-frontera-con-bernardo-de-irigoyen\/#article","isPartOf":{"@id":"https:\/\/cvinoticias.com\/v3\/un-tornado-impacto-en-santa-catarina-cerca-de-la-frontera-con-bernardo-de-irigoyen\/"},"author":{"name":"f1000024","@id":"https:\/\/cvinoticias.com\/v3\/#\/schema\/person\/2db77e3c6bc03c538495d7b2b8be9b66"},"headline":"Un tornado impact\u00f3 en Santa Catarina, cerca de la frontera con Bernardo de Irigoyen","datePublished":"2026-08-31T12:44:58+00:00","dateModified":"2026-08-31T12:45:00+00:00","mainEntityOfPage":{"@id":"https:\/\/cvinoticias.com\/v3\/un-tornado-impacto-en-santa-catarina-cerca-de-la-frontera-con-bernardo-de-irigoyen\/"},"wordCount":347,"commentCount":0,"publisher":{"@id":"https:\/\/cvinoticias.com\/v3\/#organization"},"image":{"@id":"https:\/\/cvinoticias.com\/v3\/un-tornado-impacto-en-santa-catarina-cerca-de-la-frontera-con-bernardo-de-irigoyen\/#primaryimage"},"thumbnailUrl":"https:\/\/cvinoticias.com\/wp-content\/uploads\/2026\/08\/tornado-santa-catarina.webp","keywords":["Brasil","Frontera","Santa Catarina","Tornado"],"articleSection":["Clima","Misiones"],"inLanguage":"es","potentialAction":[{"@type":"CommentAction","name":"Comment","target":["https:\/\/cvinoticias.com\/v3\/un-tornado-impacto-en-santa-catarina-cerca-de-la-frontera-con-bernardo-de-irigoyen\/#respond"]}]},{"@type":"WebPage","@id":"https:\/\/cvinoticias.com\/v3\/un-tornado-impacto-en-santa-catarina-cerca-de-la-frontera-con-bernardo-de-irigoyen\/","url":"https:\/\/cvinoticias.com\/v3\/un-tornado-impacto-en-santa-catarina-cerca-de-la-frontera-con-bernardo-de-irigoyen\/","name":"Tornado en Santa Catarina cerca de Bernardo de Irigoyen | CVI NOTICIAS","isPartOf":{"@id":"https:\/\/cvinoticias.com\/v3\/#website"},"primaryImageOfPage":{"@id":"https:\/\/cvinoticias.com\/v3\/un-tornado-impacto-en-santa-catarina-cerca-de-la-frontera-con-bernardo-de-irigoyen\/#primaryimage"},"image":{"@id":"https:\/\/cvinoticias.com\/v3\/un-tornado-impacto-en-santa-catarina-cerca-de-la-frontera-con-bernardo-de-irigoyen\/#primaryimage"},"thumbnailUrl":"https:\/\/cvinoticias.com\/wp-content\/uploads\/2026\/08\/tornado-santa-catarina.webp","datePublished":"2026-08-31T12:44:58+00:00","dateModified":"2026-08-31T12:45:00+00:00","description":"Un tornado impact\u00f3 en Campo Er\u00ea, Santa Catarina, cerca de Bernardo de Irigoyen, durante una jornada de tormentas severas.","breadcrumb":{"@id":"https:\/\/cvinoticias.com\/v3\/un-tornado-impacto-en-santa-catarina-cerca-de-la-frontera-con-bernardo-de-irigoyen\/#breadcrumb"},"inLanguage":"es","potentialAction":[{"@type":"ReadAction","target":["https:\/\/cvinoticias.com\/v3\/un-tornado-impacto-en-santa-catarina-cerca-de-la-frontera-con-bernardo-de-irigoyen\/"]}]},{"@type":"ImageObject","inLanguage":"es","@id":"https:\/\/cvinoticias.com\/v3\/un-tornado-impacto-en-santa-catarina-cerca-de-la-frontera-con-bernardo-de-irigoyen\/#primaryimage","url":"https:\/\/cvinoticias.com\/wp-content\/uploads\/2026\/08\/tornado-santa-catarina.webp","contentUrl":"https:\/\/cvinoticias.com\/wp-content\/uploads\/2026\/08\/tornado-santa-catarina.webp","width":1089,"height":655},{"@type":"BreadcrumbList","@id":"https:\/\/cvinoticias.com\/v3\/un-tornado-impacto-en-santa-catarina-cerca-de-la-frontera-con-bernardo-de-irigoyen\/#breadcrumb","itemListElement":[{"@type":"ListItem","position":1,"name":"Portada","item":"https:\/\/cvinoticias.com\/v3\/"},{"@type":"ListItem","position":2,"name":"Un tornado impact\u00f3 en Santa Catarina, cerca de la frontera con Bernardo de Irigoyen"}]},{"@type":"WebSite","@id":"https:\/\/cvinoticias.com\/v3\/#website","url":"https:\/\/cvinoticias.com\/v3\/","name":"CVI NOTICIAS","description":"","publisher":{"@id":"https:\/\/cvinoticias.com\/v3\/#organization"},"alternateName":"CVI","potentialAction":[{"@type":"SearchAction","target":{"@type":"EntryPoint","urlTemplate":"https:\/\/cvinoticias.com\/v3\/?s={search_term_string}"},"query-input":{"@type":"PropertyValueSpecification","valueRequired":true,"valueName":"search_term_string"}}],"inLanguage":"es"},{"@type":"Organization","@id":"https:\/\/cvinoticias.com\/v3\/#organization","name":"CVI NOTICIAS","url":"https:\/\/cvinoticias.com\/v3\/","logo":{"@type":"ImageObject","inLanguage":"es","@id":"https:\/\/cvinoticias.com\/v3\/#\/schema\/logo\/image\/","url":"https:\/\/cvinoticias.com\/wp-content\/uploads\/2023\/04\/cropped-cropped-cropped-cropped-cropped-3-1.png","contentUrl":"https:\/\/cvinoticias.com\/wp-content\/uploads\/2023\/04\/cropped-cropped-cropped-cropped-cropped-3-1.png","width":95,"height":122,"caption":"CVI NOTICIAS"},"image":{"@id":"https:\/\/cvinoticias.com\/v3\/#\/schema\/logo\/image\/"},"sameAs":["https:\/\/www.facebook.com\/cvinoticias","https:\/\/www.instagram.com\/cvinoticias\/","https:\/\/www.youtube.com\/@CVINOTICIAS"]},{"@type":"Person","@id":"https:\/\/cvinoticias.com\/v3\/#\/schema\/person\/2db77e3c6bc03c538495d7b2b8be9b66","name":"f1000024","image":{"@type":"ImageObject","inLanguage":"es","@id":"https:\/\/secure.gravatar.com\/avatar\/d4fe7459cfc51ff5129ce1a732bbef5928568b8092d412ef95611616376bbeed?s=96&d=mm&r=g","url":"https:\/\/secure.gravatar.com\/avatar\/d4fe7459cfc51ff5129ce1a732bbef5928568b8092d412ef95611616376bbeed?s=96&d=mm&r=g","contentUrl":"https:\/\/secure.gravatar.com\/avatar\/d4fe7459cfc51ff5129ce1a732bbef5928568b8092d412ef95611616376bbeed?s=96&d=mm&r=g","caption":"f1000024"},"url":"https:\/\/cvinoticias.com\/v3\/author\/f1000024\/"}]}},"_links":{"self":[{"href":"https:\/\/cvinoticias.com\/v3\/wp-json\/wp\/v2\/posts\/62603","targetHints":{"allow":["GET"]}}],"collection":[{"href":"https:\/\/cvinoticias.com\/v3\/wp-json\/wp\/v2\/posts"}],"about":[{"href":"https:\/\/cvinoticias.com\/v3\/wp-json\/wp\/v2\/types\/post"}],"author":[{"embeddable":true,"href":"https:\/\/cvinoticias.com\/v3\/wp-json\/wp\/v2\/users\/2"}],"replies":[{"embeddable":true,"href":"https:\/\/cvinoticias.com\/v3\/wp-json\/wp\/v2\/comments?post=62603"}],"version-history":[{"count":1,"href":"https:\/\/cvinoticias.com\/v3\/wp-json\/wp\/v2\/posts\/62603\/revisions"}],"predecessor-version":[{"id":62605,"href":"https:\/\/cvinoticias.com\/v3\/wp-json\/wp\/v2\/posts\/62603\/revisions\/62605"}],"wp:featuredmedia":[{"embeddable":true,"href":"https:\/\/cvinoticias.com\/v3\/wp-json\/wp\/v2\/media\/62604"}],"wp:attachment":[{"href":"https:\/\/cvinoticias.com\/v3\/wp-json\/wp\/v2\/media?parent=62603"}],"wp:term":[{"taxonomy":"category","embeddable":true,"href":"https:\/\/cvinoticias.com\/v3\/wp-json\/wp\/v2\/categories?post=62603"},{"taxonomy":"post_tag","embeddable":true,"href":"https:\/\/cvinoticias.com\/v3\/wp-json\/wp\/v2\/tags?post=62603"}],"curies":[{"name":"wp","href":"https:\/\/api.w.org\/{rel}","templated":true}]}}