{"id":62597,"date":"2026-08-31T09:24:09","date_gmt":"2026-08-31T12:24:09","guid":{"rendered":"https:\/\/cvinoticias.com\/v3\/?p=62597"},"modified":"2026-08-31T09:24:11","modified_gmt":"2026-08-31T12:24:11","slug":"temporal-azoto-a-encarnacion-y-cambyreta-y-dejo-graves-danos-en-viviendas-comercios-y-estructuras","status":"publish","type":"post","link":"https:\/\/cvinoticias.com\/v3\/temporal-azoto-a-encarnacion-y-cambyreta-y-dejo-graves-danos-en-viviendas-comercios-y-estructuras\/","title":{"rendered":"Temporal azot\u00f3 a Encarnaci\u00f3n y Cambyret\u00e3 y dej\u00f3 graves da\u00f1os en viviendas, comercios y estructuras"},"content":{"rendered":"\n<p class=\"wp-block-paragraph\">Las fuertes r\u00e1fagas registradas durante la madrugada provocaron destrozos en distintos sectores de Itap\u00faa. Hubo viviendas destruidas, locales comerciales afectados, veh\u00edculos da\u00f1ados y estructuras del WRC severamente perjudicadas. Tambi\u00e9n resultaron afectados el p\u00f3rtico de acceso a Cambyret\u00e3 y una comisar\u00eda.<\/p>\n\n\n\n<p class=\"wp-block-paragraph\">Un fuerte temporal azot\u00f3 durante la madrugada de este s\u00e1bado a&nbsp;<strong>Encarnaci\u00f3n y distintos sectores del departamento de Itap\u00faa<\/strong>, dejando importantes da\u00f1os materiales y generando un amplio despliegue de equipos de emergencia y autoridades para relevar las consecuencias del fen\u00f3meno meteorol\u00f3gico.<\/p>\n\n\n\n<p class=\"wp-block-paragraph\">Las intensas r\u00e1fagas de viento provocaron destrozos en viviendas, comercios, veh\u00edculos y estructuras instaladas en distintos puntos de la regi\u00f3n. La situaci\u00f3n gener\u00f3 especial preocupaci\u00f3n en Encarnaci\u00f3n debido a la gran cantidad de visitantes que se encuentran en la ciudad por el desarrollo del&nbsp;<strong>WRC Ueno Rally del Paraguay<\/strong>.<\/p>\n\n\n\n<p class=\"wp-block-paragraph\">Uno de los sectores m\u00e1s afectados fue el&nbsp;<strong>Fan Zone del WRC<\/strong>, donde varias estructuras sufrieron da\u00f1os de consideraci\u00f3n. Tambi\u00e9n se registraron afectaciones en el Parque de Servicios, donde parte de la infraestructura vinculada al evento result\u00f3 severamente da\u00f1ada.<\/p>\n\n\n\n<p class=\"wp-block-paragraph\">Hasta el momento, se reportaron dos polic\u00edas lesionados mientras se encontraban en la zona del Paseo de los Teros, aunque no se informaron v\u00edctimas fatales como consecuencia del temporal.<\/p>\n\n\n\n<figure class=\"wp-block-image is-resized\"><img decoding=\"async\" data-src=\"https:\/\/static.misionesonline.news\/wp-content\/uploads\/2026\/08\/temporal-en-Paraguay-6.jpg\" alt=\"\" class=\"wp-image-1000001773516 lazyload\" style=\"aspect-ratio:1.3333333333333333;width:1600px;height:auto\" src=\"data:image\/svg+xml;base64,PHN2ZyB3aWR0aD0iMSIgaGVpZ2h0PSIxIiB4bWxucz0iaHR0cDovL3d3dy53My5vcmcvMjAwMC9zdmciPjwvc3ZnPg==\" \/><\/figure>\n\n\n\n<h3 class=\"wp-block-heading\">Veh\u00edculos de turistas argentinos afectados<\/h3>\n\n\n\n<p class=\"wp-block-paragraph\">Entre los incidentes registrados en Encarnaci\u00f3n se encuentra el desprendimiento de una estructura met\u00e1lica en la intersecci\u00f3n de la avenida Luis Irraz\u00e1bal y la calle Villarrica.<\/p>\n\n\n\n<p class=\"wp-block-paragraph\">La estructura, aparentemente vinculada a un cartel publicitario, cedi\u00f3 por la fuerza del viento y cay\u00f3 sobre&nbsp;<strong>dos camionetas con matr\u00edcula argentina<\/strong>&nbsp;que estaban estacionadas. Uno de los veh\u00edculos sufri\u00f3 da\u00f1os principalmente en el parabrisas y el espejo retrovisor, mientras que el otro no present\u00f3 da\u00f1os visibles.<\/p>\n\n\n\n<p class=\"wp-block-paragraph\">Los propietarios, un grupo de turistas argentinos que lleg\u00f3 a Encarnaci\u00f3n para asistir a las actividades del rally, se encontraban descansando en un hotel cercano al momento del incidente.<\/p>\n\n\n\n<p class=\"wp-block-paragraph\">Personal de la Polic\u00eda Municipal intervino en el lugar, delimit\u00f3 el \u00e1rea y elabor\u00f3 un acta e informe t\u00e9cnico que ser\u00e1 remitido a las compa\u00f1\u00edas aseguradoras y al Juzgado de Faltas, donde se analizar\u00e1n las eventuales responsabilidades.<\/p>\n\n\n\n<h3 class=\"wp-block-heading\">Una gigantograf\u00eda cay\u00f3 sobre tres comercios<\/h3>\n\n\n\n<p class=\"wp-block-paragraph\">Otro de los episodios se produjo en la intersecci\u00f3n de la avenida Bernardino Caballero y la avenida Dr. Gaspar Rodr\u00edguez de Francia, donde una&nbsp;<strong>gigantograf\u00eda publicitaria se desprendi\u00f3 de su estructura y cay\u00f3 sobre tres establecimientos comerciales<\/strong>.<\/p>\n\n\n\n<p class=\"wp-block-paragraph\">Un local de comidas r\u00e1pidas, una gomer\u00eda y una chiper\u00eda sufrieron da\u00f1os, principalmente en sus techos y otras instalaciones.<\/p>\n\n\n\n<p class=\"wp-block-paragraph\">El comerciante Pedro Acosta, propietario de la gomer\u00eda afectada, se\u00f1al\u00f3 que una parte importante del techo qued\u00f3 da\u00f1ada. A pesar de la magnitud de los destrozos, no hubo personas heridas.<\/p>\n\n\n\n<figure class=\"wp-block-image is-resized\"><img decoding=\"async\" data-src=\"https:\/\/static.misionesonline.news\/wp-content\/uploads\/2026\/08\/temporal-en-Paraguay-4.jpg\" alt=\"\" class=\"wp-image-1000001773518 lazyload\" style=\"aspect-ratio:1.3333333333333333;width:1280px;height:auto\" src=\"data:image\/svg+xml;base64,PHN2ZyB3aWR0aD0iMSIgaGVpZ2h0PSIxIiB4bWxucz0iaHR0cDovL3d3dy53My5vcmcvMjAwMC9zdmciPjwvc3ZnPg==\" \/><\/figure>\n\n\n\n<h3 class=\"wp-block-heading\"><img decoding=\"async\" data-src=\"https:\/\/static.misionesonline.news\/wp-content\/uploads\/2026\/08\/temporal-en-Paraguay-5.jpg\" alt=\"\" width=\"1600\" height=\"1200\" data-srcset=\"https:\/\/static.misionesonline.news\/wp-content\/uploads\/2026\/08\/temporal-en-Paraguay-5.jpg 1600w, https:\/\/static.misionesonline.news\/wp-content\/uploads\/2026\/08\/temporal-en-Paraguay-5-300x225.jpg 300w, https:\/\/static.misionesonline.news\/wp-content\/uploads\/2026\/08\/temporal-en-Paraguay-5-1024x768.jpg 1024w, https:\/\/static.misionesonline.news\/wp-content\/uploads\/2026\/08\/temporal-en-Paraguay-5-150x113.jpg 150w, https:\/\/static.misionesonline.news\/wp-content\/uploads\/2026\/08\/temporal-en-Paraguay-5-1536x1152.jpg 1536w, https:\/\/static.misionesonline.news\/wp-content\/uploads\/2026\/08\/temporal-en-Paraguay-5-560x420.jpg 560w, https:\/\/static.misionesonline.news\/wp-content\/uploads\/2026\/08\/temporal-en-Paraguay-5-80x60.jpg 80w, https:\/\/static.misionesonline.news\/wp-content\/uploads\/2026\/08\/temporal-en-Paraguay-5-696x522.jpg 696w, https:\/\/static.misionesonline.news\/wp-content\/uploads\/2026\/08\/temporal-en-Paraguay-5-1068x801.jpg 1068w, https:\/\/static.misionesonline.news\/wp-content\/uploads\/2026\/08\/temporal-en-Paraguay-5-265x198.jpg 265w\" src=\"data:image\/svg+xml;base64,PHN2ZyB3aWR0aD0iMSIgaGVpZ2h0PSIxIiB4bWxucz0iaHR0cDovL3d3dy53My5vcmcvMjAwMC9zdmciPjwvc3ZnPg==\" class=\"lazyload\" style=\"--smush-placeholder-width: 1600px; --smush-placeholder-aspect-ratio: 1600\/1200;\"><\/h3>\n\n\n\n<h3 class=\"wp-block-heading\">Da\u00f1os en la Terminal de Encarnaci\u00f3n<\/h3>\n\n\n\n<p class=\"wp-block-paragraph\">La fuerza del temporal tambi\u00e9n golpe\u00f3 a los comerciantes de la&nbsp;<strong>Terminal de \u00d3mnibus de Encarnaci\u00f3n<\/strong>. Al menos cuatro locales ubicados en el sector oeste del predio quedaron pr\u00e1cticamente destruidos luego de que cedieran sus techos.<\/p>\n\n\n\n<p class=\"wp-block-paragraph\">Adem\u00e1s de los da\u00f1os estructurales, una importante cantidad de mercader\u00eda almacenada en los puestos qued\u00f3 afectada por el agua y los restos de las instalaciones.<\/p>\n\n\n\n<p class=\"wp-block-paragraph\">Para los comerciantes, la situaci\u00f3n representa un fuerte golpe econ\u00f3mico, ya que los peque\u00f1os locales constituyen su principal fuente de ingresos.<\/p>\n\n\n\n<figure class=\"wp-block-image is-resized\"><img decoding=\"async\" data-src=\"https:\/\/static.misionesonline.news\/wp-content\/uploads\/2026\/08\/temporal-en-Paraguay-2.jpg\" alt=\"\" class=\"wp-image-1000001773520 lazyload\" style=\"aspect-ratio:1.3333333333333333;width:1600px;height:auto\" src=\"data:image\/svg+xml;base64,PHN2ZyB3aWR0aD0iMSIgaGVpZ2h0PSIxIiB4bWxucz0iaHR0cDovL3d3dy53My5vcmcvMjAwMC9zdmciPjwvc3ZnPg==\" \/><\/figure>\n\n\n\n<h3 class=\"wp-block-heading\">Cambyret\u00e3 tambi\u00e9n sufri\u00f3 graves consecuencias<\/h3>\n\n\n\n<p class=\"wp-block-paragraph\">En el distrito de&nbsp;<strong>Cambyret\u00e3<\/strong>, la situaci\u00f3n fue especialmente compleja. Una vivienda del barrio San Jorge qued\u00f3 completamente destruida luego de que sus paredes y techo cedieran ante la intensidad de las r\u00e1fagas.<\/p>\n\n\n\n<p class=\"wp-block-paragraph\">Un joven que se encontraba dentro del inmueble qued\u00f3 moment\u00e1neamente atrapado entre los restos, aunque logr\u00f3 salir y sufri\u00f3 lesiones leves. El propietario, Liduvino Vastique, no se encontraba en la vivienda al momento del derrumbe, pero perdi\u00f3 la totalidad del inmueble y de sus pertenencias.<\/p>\n\n\n\n<p class=\"wp-block-paragraph\">En el barrio Valdez, otra familia sufri\u00f3 importantes da\u00f1os cuando el viento arranc\u00f3 por completo el techo de su vivienda. Leticia Noem\u00ed Ruiz D\u00edaz se encontraba descansando junto a sus dos hijos peque\u00f1os cuando parte de la estructura cedi\u00f3.<\/p>\n\n\n\n<p class=\"wp-block-paragraph\">La ca\u00edda de fragmentos de ladrillo provoc\u00f3 un golpe leve en la cabeza de una de las ni\u00f1as. La menor se encuentra fuera de peligro. Sin embargo, el ingreso del agua da\u00f1\u00f3 muebles, colchones, ropa y electrodom\u00e9sticos.<\/p>\n\n\n\n<p class=\"wp-block-paragraph\">Ante la situaci\u00f3n, la familia solicit\u00f3 la colaboraci\u00f3n de la comunidad para afrontar las p\u00e9rdidas y reparar la vivienda.<\/p>\n\n\n\n<figure class=\"wp-block-image is-resized\"><img decoding=\"async\" data-src=\"https:\/\/static.misionesonline.news\/wp-content\/uploads\/2026\/08\/temporal-en-Paraguay.jpg\" alt=\"\" class=\"wp-image-1000001773521 lazyload\" style=\"aspect-ratio:1.3333333333333333;width:1280px;height:auto\" src=\"data:image\/svg+xml;base64,PHN2ZyB3aWR0aD0iMSIgaGVpZ2h0PSIxIiB4bWxucz0iaHR0cDovL3d3dy53My5vcmcvMjAwMC9zdmciPjwvc3ZnPg==\" \/><\/figure>\n\n\n\n<figure class=\"wp-block-image is-resized\"><img decoding=\"async\" data-src=\"https:\/\/static.misionesonline.news\/wp-content\/uploads\/2026\/08\/temporal-en-Paraguay-3.jpg\" alt=\"\" class=\"wp-image-1000001773519 lazyload\" style=\"aspect-ratio:1.3333333333333333;width:1280px;height:auto\" src=\"data:image\/svg+xml;base64,PHN2ZyB3aWR0aD0iMSIgaGVpZ2h0PSIxIiB4bWxucz0iaHR0cDovL3d3dy53My5vcmcvMjAwMC9zdmciPjwvc3ZnPg==\" \/><\/figure>\n\n\n\n<h3 class=\"wp-block-heading\">El viento tambi\u00e9n derrib\u00f3 el p\u00f3rtico de acceso<\/h3>\n\n\n\n<p class=\"wp-block-paragraph\">Otro de los hechos m\u00e1s llamativos ocurri\u00f3 sobre la&nbsp;<strong>Ruta PY14<\/strong>, donde el tradicional p\u00f3rtico de bienvenida a Cambyret\u00e3 cay\u00f3 por completo sobre la zona de circulaci\u00f3n.<\/p>\n\n\n\n<p class=\"wp-block-paragraph\">El derrumbe oblig\u00f3 a interrumpir temporalmente el tr\u00e1nsito durante aproximadamente una hora. Personal policial trabaj\u00f3 en el lugar para garantizar la seguridad y ordenar la circulaci\u00f3n.<\/p>\n\n\n\n<p class=\"wp-block-paragraph\">Afortunadamente, no hubo personas heridas. Tras el retiro de los restos, el tr\u00e1nsito volvi\u00f3 a normalizarse.<\/p>\n\n\n\n<figure class=\"wp-block-image is-resized\"><img decoding=\"async\" data-src=\"https:\/\/static.misionesonline.news\/wp-content\/uploads\/2026\/08\/external-f77360918ace4394d888f4ecce66db7d.jpg\" alt=\"\" class=\"wp-image-1000001773514 lazyload\" style=\"aspect-ratio:1.3289036544850499;width:1600px;height:auto\" src=\"data:image\/svg+xml;base64,PHN2ZyB3aWR0aD0iMSIgaGVpZ2h0PSIxIiB4bWxucz0iaHR0cDovL3d3dy53My5vcmcvMjAwMC9zdmciPjwvc3ZnPg==\" \/><\/figure>\n\n\n\n<h3 class=\"wp-block-heading\">Una comisar\u00eda qued\u00f3 pr\u00e1cticamente sin techo<\/h3>\n\n\n\n<p class=\"wp-block-paragraph\">La&nbsp;<strong>Comisar\u00eda 68.\u00aa del barrio Jard\u00edn de Cambyret\u00e3<\/strong>&nbsp;tambi\u00e9n sufri\u00f3 importantes da\u00f1os. Las fuertes r\u00e1fagas desprendieron gran parte de las chapas del techo, afectando el sector del estacionamiento y parte de las oficinas.<\/p>\n\n\n\n<p class=\"wp-block-paragraph\">En las \u00e1reas perjudicadas se encontraban equipos inform\u00e1ticos utilizados por los agentes para sus tareas habituales. Pese a los destrozos, no se registraron polic\u00edas heridos.<\/p>\n\n\n\n<figure class=\"wp-block-image is-resized\"><img decoding=\"async\" data-src=\"https:\/\/static.misionesonline.news\/wp-content\/uploads\/2026\/08\/temporal-en-Paraguay-7.jpg\" alt=\"\" class=\"wp-image-1000001773522 lazyload\" style=\"aspect-ratio:1.3333333333333333;width:1600px;height:auto\" src=\"data:image\/svg+xml;base64,PHN2ZyB3aWR0aD0iMSIgaGVpZ2h0PSIxIiB4bWxucz0iaHR0cDovL3d3dy53My5vcmcvMjAwMC9zdmciPjwvc3ZnPg==\" \/><\/figure>\n\n\n\n<p class=\"wp-block-paragraph\">Vecinos del barrio se acercaron para colaborar con las primeras tareas de limpieza y reparaci\u00f3n. Desde la dependencia solicitaron adem\u00e1s asistencia a la Municipalidad de Cambyret\u00e3 para avanzar con la recuperaci\u00f3n de las instalaciones.<\/p>\n\n\n\n<p class=\"wp-block-paragraph\">El temporal dej\u00f3 as\u00ed un amplio panorama de da\u00f1os en&nbsp;<strong>Encarnaci\u00f3n, Cambyret\u00e3 y otros puntos de Itap\u00faa<\/strong>, con viviendas destruidas o destechadas, comercios afectados, veh\u00edculos da\u00f1ados y estructuras colapsadas.<\/p>\n\n\n\n<p class=\"wp-block-paragraph\">Las autoridades contin\u00faan con el relevamiento para establecer la magnitud total de las p\u00e9rdidas y determinar las condiciones de las estructuras que cedieron durante el fen\u00f3meno meteorol\u00f3gico.<\/p>\n\n\n\n<p class=\"wp-block-paragraph\">Fuente: Misiones Online<\/p>\n","protected":false},"excerpt":{"rendered":"<p>Las fuertes r\u00e1fagas registradas durante la madrugada provocaron destrozos en distintos sectores de Itap\u00faa. Hubo viviendas destruidas, locales comerciales afectados, veh\u00edculos da\u00f1ados y estructuras del WRC severamente perjudicadas. Tambi\u00e9n resultaron afectados el p\u00f3rtico de acceso a Cambyret\u00e3 y una comisar\u00eda. Un fuerte temporal azot\u00f3 durante la madrugada de este s\u00e1bado a&nbsp;Encarnaci\u00f3n y distintos sectores del [&hellip;]<\/p>\n","protected":false},"author":2,"featured_media":62598,"comment_status":"open","ping_status":"closed","sticky":false,"template":"","format":"standard","meta":{"footnotes":""},"categories":[49],"tags":[7081,7082,2458,1798,2305,4947],"class_list":["post-62597","post","type-post","status-publish","format-standard","has-post-thumbnail","hentry","category-triple-frontera","tag-azoto","tag-cambyreta","tag-danos","tag-encarnacion","tag-temporal","tag-viviendas"],"yoast_head":"<!-- This site is optimized with the Yoast SEO plugin v28.3 - https:\/\/yoast.com\/product\/yoast-seo-wordpress\/ -->\n<title>Temporal en Encarnaci\u00f3n y Cambyret\u00e3 dej\u00f3 graves da\u00f1os | CVI NOTICIAS<\/title>\n<meta name=\"description\" content=\"Un fuerte temporal caus\u00f3 graves da\u00f1os en viviendas, comercios y estructuras de Encarnaci\u00f3n y Cambyret\u00e3.\" \/>\n<meta name=\"robots\" content=\"index, follow, max-snippet:-1, max-image-preview:large, max-video-preview:-1\" \/>\n<link rel=\"canonical\" href=\"https:\/\/cvinoticias.com\/v3\/temporal-azoto-a-encarnacion-y-cambyreta-y-dejo-graves-danos-en-viviendas-comercios-y-estructuras\/\" \/>\n<meta property=\"og:locale\" content=\"es_ES\" \/>\n<meta property=\"og:type\" content=\"article\" \/>\n<meta property=\"og:title\" content=\"Temporal en Encarnaci\u00f3n y Cambyret\u00e3 dej\u00f3 graves da\u00f1os | CVI NOTICIAS\" \/>\n<meta property=\"og:description\" content=\"Un fuerte temporal caus\u00f3 graves da\u00f1os en viviendas, comercios y estructuras de Encarnaci\u00f3n y Cambyret\u00e3.\" \/>\n<meta property=\"og:url\" content=\"https:\/\/cvinoticias.com\/v3\/temporal-azoto-a-encarnacion-y-cambyreta-y-dejo-graves-danos-en-viviendas-comercios-y-estructuras\/\" \/>\n<meta property=\"og:site_name\" content=\"CVI NOTICIAS\" \/>\n<meta property=\"article:publisher\" content=\"https:\/\/www.facebook.com\/cvinoticias\" \/>\n<meta property=\"article:published_time\" content=\"2026-08-31T12:24:09+00:00\" \/>\n<meta property=\"article:modified_time\" content=\"2026-08-31T12:24:11+00:00\" \/>\n<meta property=\"og:image\" content=\"https:\/\/cvinoticias.com\/wp-content\/uploads\/2026\/08\/external-f77360918ace4394d888f4ecce66db7d-1068x804-1.webp\" \/>\n\t<meta property=\"og:image:width\" content=\"1068\" \/>\n\t<meta property=\"og:image:height\" content=\"804\" \/>\n\t<meta property=\"og:image:type\" content=\"image\/webp\" \/>\n<meta name=\"author\" content=\"f1000024\" \/>\n<meta name=\"twitter:card\" content=\"summary_large_image\" \/>\n<meta name=\"twitter:label1\" content=\"Escrito por\" \/>\n\t<meta name=\"twitter:data1\" content=\"f1000024\" \/>\n\t<meta name=\"twitter:label2\" content=\"Tiempo de lectura\" \/>\n\t<meta name=\"twitter:data2\" content=\"7 minutos\" \/>\n<script type=\"application\/ld+json\" class=\"yoast-schema-graph\">{\"@context\":\"https:\\\/\\\/schema.org\",\"@graph\":[{\"@type\":\"Article\",\"@id\":\"https:\\\/\\\/cvinoticias.com\\\/v3\\\/temporal-azoto-a-encarnacion-y-cambyreta-y-dejo-graves-danos-en-viviendas-comercios-y-estructuras\\\/#article\",\"isPartOf\":{\"@id\":\"https:\\\/\\\/cvinoticias.com\\\/v3\\\/temporal-azoto-a-encarnacion-y-cambyreta-y-dejo-graves-danos-en-viviendas-comercios-y-estructuras\\\/\"},\"author\":{\"name\":\"f1000024\",\"@id\":\"https:\\\/\\\/cvinoticias.com\\\/v3\\\/#\\\/schema\\\/person\\\/2db77e3c6bc03c538495d7b2b8be9b66\"},\"headline\":\"Temporal azot\u00f3 a Encarnaci\u00f3n y Cambyret\u00e3 y dej\u00f3 graves da\u00f1os en viviendas, comercios y estructuras\",\"datePublished\":\"2026-08-31T12:24:09+00:00\",\"dateModified\":\"2026-08-31T12:24:11+00:00\",\"mainEntityOfPage\":{\"@id\":\"https:\\\/\\\/cvinoticias.com\\\/v3\\\/temporal-azoto-a-encarnacion-y-cambyreta-y-dejo-graves-danos-en-viviendas-comercios-y-estructuras\\\/\"},\"wordCount\":1066,\"commentCount\":0,\"publisher\":{\"@id\":\"https:\\\/\\\/cvinoticias.com\\\/v3\\\/#organization\"},\"image\":{\"@id\":\"https:\\\/\\\/cvinoticias.com\\\/v3\\\/temporal-azoto-a-encarnacion-y-cambyreta-y-dejo-graves-danos-en-viviendas-comercios-y-estructuras\\\/#primaryimage\"},\"thumbnailUrl\":\"https:\\\/\\\/cvinoticias.com\\\/wp-content\\\/uploads\\\/2026\\\/08\\\/external-f77360918ace4394d888f4ecce66db7d-1068x804-1.webp\",\"keywords\":[\"azot\u00f3\",\"Cambyreta\",\"da\u00f1os\",\"Encarnaci\u00f3n\",\"Temporal\",\"viviendas\"],\"articleSection\":[\"Triple Frontera\"],\"inLanguage\":\"es\",\"potentialAction\":[{\"@type\":\"CommentAction\",\"name\":\"Comment\",\"target\":[\"https:\\\/\\\/cvinoticias.com\\\/v3\\\/temporal-azoto-a-encarnacion-y-cambyreta-y-dejo-graves-danos-en-viviendas-comercios-y-estructuras\\\/#respond\"]}]},{\"@type\":\"WebPage\",\"@id\":\"https:\\\/\\\/cvinoticias.com\\\/v3\\\/temporal-azoto-a-encarnacion-y-cambyreta-y-dejo-graves-danos-en-viviendas-comercios-y-estructuras\\\/\",\"url\":\"https:\\\/\\\/cvinoticias.com\\\/v3\\\/temporal-azoto-a-encarnacion-y-cambyreta-y-dejo-graves-danos-en-viviendas-comercios-y-estructuras\\\/\",\"name\":\"Temporal en Encarnaci\u00f3n y Cambyret\u00e3 dej\u00f3 graves da\u00f1os | CVI NOTICIAS\",\"isPartOf\":{\"@id\":\"https:\\\/\\\/cvinoticias.com\\\/v3\\\/#website\"},\"primaryImageOfPage\":{\"@id\":\"https:\\\/\\\/cvinoticias.com\\\/v3\\\/temporal-azoto-a-encarnacion-y-cambyreta-y-dejo-graves-danos-en-viviendas-comercios-y-estructuras\\\/#primaryimage\"},\"image\":{\"@id\":\"https:\\\/\\\/cvinoticias.com\\\/v3\\\/temporal-azoto-a-encarnacion-y-cambyreta-y-dejo-graves-danos-en-viviendas-comercios-y-estructuras\\\/#primaryimage\"},\"thumbnailUrl\":\"https:\\\/\\\/cvinoticias.com\\\/wp-content\\\/uploads\\\/2026\\\/08\\\/external-f77360918ace4394d888f4ecce66db7d-1068x804-1.webp\",\"datePublished\":\"2026-08-31T12:24:09+00:00\",\"dateModified\":\"2026-08-31T12:24:11+00:00\",\"description\":\"Un fuerte temporal caus\u00f3 graves da\u00f1os en viviendas, comercios y estructuras de Encarnaci\u00f3n y Cambyret\u00e3.\",\"breadcrumb\":{\"@id\":\"https:\\\/\\\/cvinoticias.com\\\/v3\\\/temporal-azoto-a-encarnacion-y-cambyreta-y-dejo-graves-danos-en-viviendas-comercios-y-estructuras\\\/#breadcrumb\"},\"inLanguage\":\"es\",\"potentialAction\":[{\"@type\":\"ReadAction\",\"target\":[\"https:\\\/\\\/cvinoticias.com\\\/v3\\\/temporal-azoto-a-encarnacion-y-cambyreta-y-dejo-graves-danos-en-viviendas-comercios-y-estructuras\\\/\"]}]},{\"@type\":\"ImageObject\",\"inLanguage\":\"es\",\"@id\":\"https:\\\/\\\/cvinoticias.com\\\/v3\\\/temporal-azoto-a-encarnacion-y-cambyreta-y-dejo-graves-danos-en-viviendas-comercios-y-estructuras\\\/#primaryimage\",\"url\":\"https:\\\/\\\/cvinoticias.com\\\/wp-content\\\/uploads\\\/2026\\\/08\\\/external-f77360918ace4394d888f4ecce66db7d-1068x804-1.webp\",\"contentUrl\":\"https:\\\/\\\/cvinoticias.com\\\/wp-content\\\/uploads\\\/2026\\\/08\\\/external-f77360918ace4394d888f4ecce66db7d-1068x804-1.webp\",\"width\":1068,\"height\":804},{\"@type\":\"BreadcrumbList\",\"@id\":\"https:\\\/\\\/cvinoticias.com\\\/v3\\\/temporal-azoto-a-encarnacion-y-cambyreta-y-dejo-graves-danos-en-viviendas-comercios-y-estructuras\\\/#breadcrumb\",\"itemListElement\":[{\"@type\":\"ListItem\",\"position\":1,\"name\":\"Portada\",\"item\":\"https:\\\/\\\/cvinoticias.com\\\/v3\\\/\"},{\"@type\":\"ListItem\",\"position\":2,\"name\":\"Temporal azot\u00f3 a Encarnaci\u00f3n y Cambyret\u00e3 y dej\u00f3 graves da\u00f1os en viviendas, comercios y estructuras\"}]},{\"@type\":\"WebSite\",\"@id\":\"https:\\\/\\\/cvinoticias.com\\\/v3\\\/#website\",\"url\":\"https:\\\/\\\/cvinoticias.com\\\/v3\\\/\",\"name\":\"CVI NOTICIAS\",\"description\":\"\",\"publisher\":{\"@id\":\"https:\\\/\\\/cvinoticias.com\\\/v3\\\/#organization\"},\"alternateName\":\"CVI\",\"potentialAction\":[{\"@type\":\"SearchAction\",\"target\":{\"@type\":\"EntryPoint\",\"urlTemplate\":\"https:\\\/\\\/cvinoticias.com\\\/v3\\\/?s={search_term_string}\"},\"query-input\":{\"@type\":\"PropertyValueSpecification\",\"valueRequired\":true,\"valueName\":\"search_term_string\"}}],\"inLanguage\":\"es\"},{\"@type\":\"Organization\",\"@id\":\"https:\\\/\\\/cvinoticias.com\\\/v3\\\/#organization\",\"name\":\"CVI NOTICIAS\",\"url\":\"https:\\\/\\\/cvinoticias.com\\\/v3\\\/\",\"logo\":{\"@type\":\"ImageObject\",\"inLanguage\":\"es\",\"@id\":\"https:\\\/\\\/cvinoticias.com\\\/v3\\\/#\\\/schema\\\/logo\\\/image\\\/\",\"url\":\"https:\\\/\\\/cvinoticias.com\\\/wp-content\\\/uploads\\\/2023\\\/04\\\/cropped-cropped-cropped-cropped-cropped-3-1.png\",\"contentUrl\":\"https:\\\/\\\/cvinoticias.com\\\/wp-content\\\/uploads\\\/2023\\\/04\\\/cropped-cropped-cropped-cropped-cropped-3-1.png\",\"width\":95,\"height\":122,\"caption\":\"CVI NOTICIAS\"},\"image\":{\"@id\":\"https:\\\/\\\/cvinoticias.com\\\/v3\\\/#\\\/schema\\\/logo\\\/image\\\/\"},\"sameAs\":[\"https:\\\/\\\/www.facebook.com\\\/cvinoticias\",\"https:\\\/\\\/www.instagram.com\\\/cvinoticias\\\/\",\"https:\\\/\\\/www.youtube.com\\\/@CVINOTICIAS\"]},{\"@type\":\"Person\",\"@id\":\"https:\\\/\\\/cvinoticias.com\\\/v3\\\/#\\\/schema\\\/person\\\/2db77e3c6bc03c538495d7b2b8be9b66\",\"name\":\"f1000024\",\"image\":{\"@type\":\"ImageObject\",\"inLanguage\":\"es\",\"@id\":\"https:\\\/\\\/secure.gravatar.com\\\/avatar\\\/d4fe7459cfc51ff5129ce1a732bbef5928568b8092d412ef95611616376bbeed?s=96&d=mm&r=g\",\"url\":\"https:\\\/\\\/secure.gravatar.com\\\/avatar\\\/d4fe7459cfc51ff5129ce1a732bbef5928568b8092d412ef95611616376bbeed?s=96&d=mm&r=g\",\"contentUrl\":\"https:\\\/\\\/secure.gravatar.com\\\/avatar\\\/d4fe7459cfc51ff5129ce1a732bbef5928568b8092d412ef95611616376bbeed?s=96&d=mm&r=g\",\"caption\":\"f1000024\"},\"url\":\"https:\\\/\\\/cvinoticias.com\\\/v3\\\/author\\\/f1000024\\\/\"}]}<\/script>\n<!-- \/ Yoast SEO plugin. -->","yoast_head_json":{"title":"Temporal en Encarnaci\u00f3n y Cambyret\u00e3 dej\u00f3 graves da\u00f1os | CVI NOTICIAS","description":"Un fuerte temporal caus\u00f3 graves da\u00f1os en viviendas, comercios y estructuras de Encarnaci\u00f3n y Cambyret\u00e3.","robots":{"index":"index","follow":"follow","max-snippet":"max-snippet:-1","max-image-preview":"max-image-preview:large","max-video-preview":"max-video-preview:-1"},"canonical":"https:\/\/cvinoticias.com\/v3\/temporal-azoto-a-encarnacion-y-cambyreta-y-dejo-graves-danos-en-viviendas-comercios-y-estructuras\/","og_locale":"es_ES","og_type":"article","og_title":"Temporal en Encarnaci\u00f3n y Cambyret\u00e3 dej\u00f3 graves da\u00f1os | CVI NOTICIAS","og_description":"Un fuerte temporal caus\u00f3 graves da\u00f1os en viviendas, comercios y estructuras de Encarnaci\u00f3n y Cambyret\u00e3.","og_url":"https:\/\/cvinoticias.com\/v3\/temporal-azoto-a-encarnacion-y-cambyreta-y-dejo-graves-danos-en-viviendas-comercios-y-estructuras\/","og_site_name":"CVI NOTICIAS","article_publisher":"https:\/\/www.facebook.com\/cvinoticias","article_published_time":"2026-08-31T12:24:09+00:00","article_modified_time":"2026-08-31T12:24:11+00:00","og_image":[{"width":1068,"height":804,"url":"https:\/\/cvinoticias.com\/wp-content\/uploads\/2026\/08\/external-f77360918ace4394d888f4ecce66db7d-1068x804-1.webp","type":"image\/webp"}],"author":"f1000024","twitter_card":"summary_large_image","twitter_misc":{"Escrito por":"f1000024","Tiempo de lectura":"7 minutos"},"schema":{"@context":"https:\/\/schema.org","@graph":[{"@type":"Article","@id":"https:\/\/cvinoticias.com\/v3\/temporal-azoto-a-encarnacion-y-cambyreta-y-dejo-graves-danos-en-viviendas-comercios-y-estructuras\/#article","isPartOf":{"@id":"https:\/\/cvinoticias.com\/v3\/temporal-azoto-a-encarnacion-y-cambyreta-y-dejo-graves-danos-en-viviendas-comercios-y-estructuras\/"},"author":{"name":"f1000024","@id":"https:\/\/cvinoticias.com\/v3\/#\/schema\/person\/2db77e3c6bc03c538495d7b2b8be9b66"},"headline":"Temporal azot\u00f3 a Encarnaci\u00f3n y Cambyret\u00e3 y dej\u00f3 graves da\u00f1os en viviendas, comercios y estructuras","datePublished":"2026-08-31T12:24:09+00:00","dateModified":"2026-08-31T12:24:11+00:00","mainEntityOfPage":{"@id":"https:\/\/cvinoticias.com\/v3\/temporal-azoto-a-encarnacion-y-cambyreta-y-dejo-graves-danos-en-viviendas-comercios-y-estructuras\/"},"wordCount":1066,"commentCount":0,"publisher":{"@id":"https:\/\/cvinoticias.com\/v3\/#organization"},"image":{"@id":"https:\/\/cvinoticias.com\/v3\/temporal-azoto-a-encarnacion-y-cambyreta-y-dejo-graves-danos-en-viviendas-comercios-y-estructuras\/#primaryimage"},"thumbnailUrl":"https:\/\/cvinoticias.com\/wp-content\/uploads\/2026\/08\/external-f77360918ace4394d888f4ecce66db7d-1068x804-1.webp","keywords":["azot\u00f3","Cambyreta","da\u00f1os","Encarnaci\u00f3n","Temporal","viviendas"],"articleSection":["Triple Frontera"],"inLanguage":"es","potentialAction":[{"@type":"CommentAction","name":"Comment","target":["https:\/\/cvinoticias.com\/v3\/temporal-azoto-a-encarnacion-y-cambyreta-y-dejo-graves-danos-en-viviendas-comercios-y-estructuras\/#respond"]}]},{"@type":"WebPage","@id":"https:\/\/cvinoticias.com\/v3\/temporal-azoto-a-encarnacion-y-cambyreta-y-dejo-graves-danos-en-viviendas-comercios-y-estructuras\/","url":"https:\/\/cvinoticias.com\/v3\/temporal-azoto-a-encarnacion-y-cambyreta-y-dejo-graves-danos-en-viviendas-comercios-y-estructuras\/","name":"Temporal en Encarnaci\u00f3n y Cambyret\u00e3 dej\u00f3 graves da\u00f1os | CVI NOTICIAS","isPartOf":{"@id":"https:\/\/cvinoticias.com\/v3\/#website"},"primaryImageOfPage":{"@id":"https:\/\/cvinoticias.com\/v3\/temporal-azoto-a-encarnacion-y-cambyreta-y-dejo-graves-danos-en-viviendas-comercios-y-estructuras\/#primaryimage"},"image":{"@id":"https:\/\/cvinoticias.com\/v3\/temporal-azoto-a-encarnacion-y-cambyreta-y-dejo-graves-danos-en-viviendas-comercios-y-estructuras\/#primaryimage"},"thumbnailUrl":"https:\/\/cvinoticias.com\/wp-content\/uploads\/2026\/08\/external-f77360918ace4394d888f4ecce66db7d-1068x804-1.webp","datePublished":"2026-08-31T12:24:09+00:00","dateModified":"2026-08-31T12:24:11+00:00","description":"Un fuerte temporal caus\u00f3 graves da\u00f1os en viviendas, comercios y estructuras de Encarnaci\u00f3n y Cambyret\u00e3.","breadcrumb":{"@id":"https:\/\/cvinoticias.com\/v3\/temporal-azoto-a-encarnacion-y-cambyreta-y-dejo-graves-danos-en-viviendas-comercios-y-estructuras\/#breadcrumb"},"inLanguage":"es","potentialAction":[{"@type":"ReadAction","target":["https:\/\/cvinoticias.com\/v3\/temporal-azoto-a-encarnacion-y-cambyreta-y-dejo-graves-danos-en-viviendas-comercios-y-estructuras\/"]}]},{"@type":"ImageObject","inLanguage":"es","@id":"https:\/\/cvinoticias.com\/v3\/temporal-azoto-a-encarnacion-y-cambyreta-y-dejo-graves-danos-en-viviendas-comercios-y-estructuras\/#primaryimage","url":"https:\/\/cvinoticias.com\/wp-content\/uploads\/2026\/08\/external-f77360918ace4394d888f4ecce66db7d-1068x804-1.webp","contentUrl":"https:\/\/cvinoticias.com\/wp-content\/uploads\/2026\/08\/external-f77360918ace4394d888f4ecce66db7d-1068x804-1.webp","width":1068,"height":804},{"@type":"BreadcrumbList","@id":"https:\/\/cvinoticias.com\/v3\/temporal-azoto-a-encarnacion-y-cambyreta-y-dejo-graves-danos-en-viviendas-comercios-y-estructuras\/#breadcrumb","itemListElement":[{"@type":"ListItem","position":1,"name":"Portada","item":"https:\/\/cvinoticias.com\/v3\/"},{"@type":"ListItem","position":2,"name":"Temporal azot\u00f3 a Encarnaci\u00f3n y Cambyret\u00e3 y dej\u00f3 graves da\u00f1os en viviendas, comercios y estructuras"}]},{"@type":"WebSite","@id":"https:\/\/cvinoticias.com\/v3\/#website","url":"https:\/\/cvinoticias.com\/v3\/","name":"CVI NOTICIAS","description":"","publisher":{"@id":"https:\/\/cvinoticias.com\/v3\/#organization"},"alternateName":"CVI","potentialAction":[{"@type":"SearchAction","target":{"@type":"EntryPoint","urlTemplate":"https:\/\/cvinoticias.com\/v3\/?s={search_term_string}"},"query-input":{"@type":"PropertyValueSpecification","valueRequired":true,"valueName":"search_term_string"}}],"inLanguage":"es"},{"@type":"Organization","@id":"https:\/\/cvinoticias.com\/v3\/#organization","name":"CVI NOTICIAS","url":"https:\/\/cvinoticias.com\/v3\/","logo":{"@type":"ImageObject","inLanguage":"es","@id":"https:\/\/cvinoticias.com\/v3\/#\/schema\/logo\/image\/","url":"https:\/\/cvinoticias.com\/wp-content\/uploads\/2023\/04\/cropped-cropped-cropped-cropped-cropped-3-1.png","contentUrl":"https:\/\/cvinoticias.com\/wp-content\/uploads\/2023\/04\/cropped-cropped-cropped-cropped-cropped-3-1.png","width":95,"height":122,"caption":"CVI NOTICIAS"},"image":{"@id":"https:\/\/cvinoticias.com\/v3\/#\/schema\/logo\/image\/"},"sameAs":["https:\/\/www.facebook.com\/cvinoticias","https:\/\/www.instagram.com\/cvinoticias\/","https:\/\/www.youtube.com\/@CVINOTICIAS"]},{"@type":"Person","@id":"https:\/\/cvinoticias.com\/v3\/#\/schema\/person\/2db77e3c6bc03c538495d7b2b8be9b66","name":"f1000024","image":{"@type":"ImageObject","inLanguage":"es","@id":"https:\/\/secure.gravatar.com\/avatar\/d4fe7459cfc51ff5129ce1a732bbef5928568b8092d412ef95611616376bbeed?s=96&d=mm&r=g","url":"https:\/\/secure.gravatar.com\/avatar\/d4fe7459cfc51ff5129ce1a732bbef5928568b8092d412ef95611616376bbeed?s=96&d=mm&r=g","contentUrl":"https:\/\/secure.gravatar.com\/avatar\/d4fe7459cfc51ff5129ce1a732bbef5928568b8092d412ef95611616376bbeed?s=96&d=mm&r=g","caption":"f1000024"},"url":"https:\/\/cvinoticias.com\/v3\/author\/f1000024\/"}]}},"_links":{"self":[{"href":"https:\/\/cvinoticias.com\/v3\/wp-json\/wp\/v2\/posts\/62597","targetHints":{"allow":["GET"]}}],"collection":[{"href":"https:\/\/cvinoticias.com\/v3\/wp-json\/wp\/v2\/posts"}],"about":[{"href":"https:\/\/cvinoticias.com\/v3\/wp-json\/wp\/v2\/types\/post"}],"author":[{"embeddable":true,"href":"https:\/\/cvinoticias.com\/v3\/wp-json\/wp\/v2\/users\/2"}],"replies":[{"embeddable":true,"href":"https:\/\/cvinoticias.com\/v3\/wp-json\/wp\/v2\/comments?post=62597"}],"version-history":[{"count":1,"href":"https:\/\/cvinoticias.com\/v3\/wp-json\/wp\/v2\/posts\/62597\/revisions"}],"predecessor-version":[{"id":62599,"href":"https:\/\/cvinoticias.com\/v3\/wp-json\/wp\/v2\/posts\/62597\/revisions\/62599"}],"wp:featuredmedia":[{"embeddable":true,"href":"https:\/\/cvinoticias.com\/v3\/wp-json\/wp\/v2\/media\/62598"}],"wp:attachment":[{"href":"https:\/\/cvinoticias.com\/v3\/wp-json\/wp\/v2\/media?parent=62597"}],"wp:term":[{"taxonomy":"category","embeddable":true,"href":"https:\/\/cvinoticias.com\/v3\/wp-json\/wp\/v2\/categories?post=62597"},{"taxonomy":"post_tag","embeddable":true,"href":"https:\/\/cvinoticias.com\/v3\/wp-json\/wp\/v2\/tags?post=62597"}],"curies":[{"name":"wp","href":"https:\/\/api.w.org\/{rel}","templated":true}]}}