{"id":62594,"date":"2026-08-31T09:20:03","date_gmt":"2026-08-31T12:20:03","guid":{"rendered":"https:\/\/cvinoticias.com\/v3\/?p=62594"},"modified":"2026-08-31T09:20:05","modified_gmt":"2026-08-31T12:20:05","slug":"volvio-a-caer-granizo-en-algunas-zonas-de-misiones-y-advierten-que-el-tiempo-empeorara","status":"publish","type":"post","link":"https:\/\/cvinoticias.com\/v3\/volvio-a-caer-granizo-en-algunas-zonas-de-misiones-y-advierten-que-el-tiempo-empeorara\/","title":{"rendered":"Volvi\u00f3 a caer granizo en algunas zonas de Misiones y advierten que el tiempo empeorar\u00e1"},"content":{"rendered":"\n<p class=\"wp-block-paragraph\">El tiempo volvi\u00f3 a complicarse en Misiones. Despu\u00e9s de las tormentas el\u00e9ctricas y el granizo registrados durante la madrugada del s\u00e1bado, este domingo volvieron a caer piedras en distintos sectores.<\/p>\n\n\n\n<p class=\"wp-block-paragraph\">El mal tiempo continuar\u00e1 durante las pr\u00f3ximas horas. Seg\u00fan los pron\u00f3sticos, la inestabilidad aumentar\u00e1 durante la madrugada y la ma\u00f1ana del lunes. En ese contexto, el Servicio Meteorol\u00f3gico Nacional mantiene una <strong>alerta naranja para toda la provincia<\/strong>.<\/p>\n\n\n\n<h2 class=\"wp-block-heading\">Nuevo episodio de granizo en Misiones<\/h2>\n\n\n\n<p class=\"wp-block-paragraph\">Misiones atraves\u00f3 un fin de semana marcado por una fuerte inestabilidad. El fen\u00f3meno volvi\u00f3 a generar episodios de granizo este domingo y mantiene el riesgo de nuevas tormentas.<\/p>\n\n\n\n<p class=\"wp-block-paragraph\">El temporal se suma al registrado durante la madrugada del s\u00e1bado. En aquella oportunidad hubo tormentas el\u00e9ctricas, ca\u00edda de granizo y r\u00e1fagas de viento. Adem\u00e1s, se reportaron da\u00f1os en distintos sectores de la provincia.<\/p>\n\n\n\n<p class=\"wp-block-paragraph\">Durante la tarde y la noche de este domingo, el granizo volvi\u00f3 a aparecer en zonas del noreste misionero.<\/p>\n\n\n\n<p class=\"wp-block-paragraph\">En <strong>Puerto Piray<\/strong>, vecinos reportaron la ca\u00edda de piedras de considerable tama\u00f1o alrededor de las <strong>17.30<\/strong>. En <strong>San Pedro<\/strong>, en tanto, se registr\u00f3 una intensa granizada con piedras de gran tama\u00f1o.<\/p>\n\n\n\n<p class=\"wp-block-paragraph\"><em>Granizo ca\u00eddo durante la tarde de este domingo en Puerto Piray.<\/em><\/p>\n\n\n\n<h2 class=\"wp-block-heading\">El mal tiempo se intensificar\u00e1 durante el lunes<\/h2>\n\n\n\n<p class=\"wp-block-paragraph\">La situaci\u00f3n meteorol\u00f3gica todav\u00eda no termin\u00f3. Los pron\u00f3sticos anticipan un aumento de la inestabilidad durante las \u00faltimas horas del domingo.<\/p>\n\n\n\n<p class=\"wp-block-paragraph\">Las condiciones podr\u00edan empeorar especialmente durante la <strong>madrugada y la ma\u00f1ana del lunes<\/strong>. En ese per\u00edodo se esperan lluvias y tormentas que podr\u00edan alcanzar intensidad fuerte en algunos sectores.<\/p>\n\n\n\n<p class=\"wp-block-paragraph\">Tambi\u00e9n existe riesgo de <strong>precipitaciones abundantes en per\u00edodos cortos, intensa actividad el\u00e9ctrica y fuertes r\u00e1fagas de viento<\/strong>. Adem\u00e1s, no se descarta la ca\u00edda localizada de granizo.<\/p>\n\n\n\n<p class=\"wp-block-paragraph\">Para este lunes se estiman acumulados de entre <strong>15 y 30 mil\u00edmetros<\/strong> en distintos puntos de Misiones.<\/p>\n\n\n\n<h2 class=\"wp-block-heading\">Rige una alerta naranja para toda la provincia<\/h2>\n\n\n\n<p class=\"wp-block-paragraph\">Ante el escenario previsto, el <strong>Servicio Meteorol\u00f3gico Nacional (SMN)<\/strong> elev\u00f3 a naranja la alerta para toda Misiones durante este lunes. Hasta entonces, la provincia se encontraba bajo alerta amarilla.<\/p>\n\n\n\n<p class=\"wp-block-paragraph\">El organismo anticipa lluvias y tormentas fuertes. Estos fen\u00f3menos podr\u00edan generar abundantes precipitaciones en per\u00edodos cortos, r\u00e1fagas intensas, granizo y actividad el\u00e9ctrica frecuente.<\/p>\n\n\n\n<p class=\"wp-block-paragraph\">Seg\u00fan el SMN, las r\u00e1fagas podr\u00edan <strong>superar los 90 kil\u00f3metros por hora<\/strong>. Adem\u00e1s, se esperan acumulados de entre <strong>60 y 90 mil\u00edmetros durante todo el per\u00edodo de alerta<\/strong>, aunque esos valores podr\u00edan ser superados de manera puntual.<\/p>\n\n\n\n<p class=\"wp-block-paragraph\"><em>Alertas emitidas por el Servicio Meteorol\u00f3gico Nacional para este lunes.<\/em><\/p>\n\n\n\n<h2 class=\"wp-block-heading\">La mejora llegar\u00eda el martes<\/h2>\n\n\n\n<p class=\"wp-block-paragraph\">El panorama comenzar\u00eda a cambiar despu\u00e9s del paso del sistema de tormentas.<\/p>\n\n\n\n<p class=\"wp-block-paragraph\">Seg\u00fan la <strong>OPAD<\/strong>, las condiciones meteorol\u00f3gicas empezar\u00edan a estabilizarse durante el <strong>martes 1\u00b0 de septiembre<\/strong>. Para esa jornada se espera una disminuci\u00f3n de la nubosidad.<\/p>\n\n\n\n<p class=\"wp-block-paragraph\">Tambi\u00e9n se prev\u00e9n <strong>ma\u00f1anas frescas y tardes templadas<\/strong> en Misiones. De esta manera, la provincia dejar\u00eda atr\u00e1s un fin de semana marcado por tormentas, granizo y fuertes cambios en las condiciones del tiempo.<\/p>\n\n\n\n<p class=\"wp-block-paragraph\">Fuente: Misiones Online<\/p>\n","protected":false},"excerpt":{"rendered":"<p>El tiempo volvi\u00f3 a complicarse en Misiones. Despu\u00e9s de las tormentas el\u00e9ctricas y el granizo registrados durante la madrugada del s\u00e1bado, este domingo volvieron a caer piedras en distintos sectores. El mal tiempo continuar\u00e1 durante las pr\u00f3ximas horas. Seg\u00fan los pron\u00f3sticos, la inestabilidad aumentar\u00e1 durante la madrugada y la ma\u00f1ana del lunes. En ese contexto, [&hellip;]<\/p>\n","protected":false},"author":2,"featured_media":62595,"comment_status":"open","ping_status":"closed","sticky":false,"template":"","format":"standard","meta":{"footnotes":""},"categories":[455],"tags":[2598,1148,6822,313,278],"class_list":["post-62594","post","type-post","status-publish","format-standard","has-post-thumbnail","hentry","category-misiones","tag-alerta","tag-clima","tag-granizo","tag-iguazu","tag-misiones"],"yoast_head":"<!-- This site is optimized with the Yoast SEO plugin v28.4 - https:\/\/yoast.com\/product\/yoast-seo-wordpress\/ -->\n<title>Granizo en Misiones: rige alerta naranja por tormentas | CVI NOTICIAS<\/title>\n<meta name=\"description\" content=\"Volvi\u00f3 a caer granizo en Misiones y rige alerta naranja por tormentas fuertes durante este lunes.\" \/>\n<meta name=\"robots\" content=\"index, follow, max-snippet:-1, max-image-preview:large, max-video-preview:-1\" \/>\n<link rel=\"canonical\" href=\"https:\/\/cvinoticias.com\/v3\/volvio-a-caer-granizo-en-algunas-zonas-de-misiones-y-advierten-que-el-tiempo-empeorara\/\" \/>\n<meta property=\"og:locale\" content=\"es_ES\" \/>\n<meta property=\"og:type\" content=\"article\" \/>\n<meta property=\"og:title\" content=\"Granizo en Misiones: rige alerta naranja por tormentas | CVI NOTICIAS\" \/>\n<meta property=\"og:description\" content=\"Volvi\u00f3 a caer granizo en Misiones y rige alerta naranja por tormentas fuertes durante este lunes.\" \/>\n<meta property=\"og:url\" content=\"https:\/\/cvinoticias.com\/v3\/volvio-a-caer-granizo-en-algunas-zonas-de-misiones-y-advierten-que-el-tiempo-empeorara\/\" \/>\n<meta property=\"og:site_name\" content=\"CVI NOTICIAS\" \/>\n<meta property=\"article:publisher\" content=\"https:\/\/www.facebook.com\/cvinoticias\" \/>\n<meta property=\"article:published_time\" content=\"2026-08-31T12:20:03+00:00\" \/>\n<meta property=\"article:modified_time\" content=\"2026-08-31T12:20:05+00:00\" \/>\n<meta property=\"og:image\" content=\"https:\/\/cvinoticias.com\/wp-content\/uploads\/2026\/08\/San-Pedro-granizo-e1788145665192.webp\" \/>\n\t<meta property=\"og:image:width\" content=\"526\" \/>\n\t<meta property=\"og:image:height\" content=\"334\" \/>\n\t<meta property=\"og:image:type\" content=\"image\/webp\" \/>\n<meta name=\"author\" content=\"f1000024\" \/>\n<meta name=\"twitter:card\" content=\"summary_large_image\" \/>\n<meta name=\"twitter:label1\" content=\"Escrito por\" \/>\n\t<meta name=\"twitter:data1\" content=\"f1000024\" \/>\n\t<meta name=\"twitter:label2\" content=\"Tiempo de lectura\" \/>\n\t<meta name=\"twitter:data2\" content=\"3 minutos\" \/>\n<script type=\"application\/ld+json\" class=\"yoast-schema-graph\">{\"@context\":\"https:\\\/\\\/schema.org\",\"@graph\":[{\"@type\":\"Article\",\"@id\":\"https:\\\/\\\/cvinoticias.com\\\/v3\\\/volvio-a-caer-granizo-en-algunas-zonas-de-misiones-y-advierten-que-el-tiempo-empeorara\\\/#article\",\"isPartOf\":{\"@id\":\"https:\\\/\\\/cvinoticias.com\\\/v3\\\/volvio-a-caer-granizo-en-algunas-zonas-de-misiones-y-advierten-que-el-tiempo-empeorara\\\/\"},\"author\":{\"name\":\"f1000024\",\"@id\":\"https:\\\/\\\/cvinoticias.com\\\/v3\\\/#\\\/schema\\\/person\\\/2db77e3c6bc03c538495d7b2b8be9b66\"},\"headline\":\"Volvi\u00f3 a caer granizo en algunas zonas de Misiones y advierten que el tiempo empeorar\u00e1\",\"datePublished\":\"2026-08-31T12:20:03+00:00\",\"dateModified\":\"2026-08-31T12:20:05+00:00\",\"mainEntityOfPage\":{\"@id\":\"https:\\\/\\\/cvinoticias.com\\\/v3\\\/volvio-a-caer-granizo-en-algunas-zonas-de-misiones-y-advierten-que-el-tiempo-empeorara\\\/\"},\"wordCount\":550,\"commentCount\":0,\"publisher\":{\"@id\":\"https:\\\/\\\/cvinoticias.com\\\/v3\\\/#organization\"},\"image\":{\"@id\":\"https:\\\/\\\/cvinoticias.com\\\/v3\\\/volvio-a-caer-granizo-en-algunas-zonas-de-misiones-y-advierten-que-el-tiempo-empeorara\\\/#primaryimage\"},\"thumbnailUrl\":\"https:\\\/\\\/cvinoticias.com\\\/wp-content\\\/uploads\\\/2026\\\/08\\\/San-Pedro-granizo-e1788145665192.webp\",\"keywords\":[\"Alerta\",\"Clima\",\"granizo\",\"Iguaz\u00fa\",\"Misiones\"],\"articleSection\":[\"Misiones\"],\"inLanguage\":\"es\",\"potentialAction\":[{\"@type\":\"CommentAction\",\"name\":\"Comment\",\"target\":[\"https:\\\/\\\/cvinoticias.com\\\/v3\\\/volvio-a-caer-granizo-en-algunas-zonas-de-misiones-y-advierten-que-el-tiempo-empeorara\\\/#respond\"]}]},{\"@type\":\"WebPage\",\"@id\":\"https:\\\/\\\/cvinoticias.com\\\/v3\\\/volvio-a-caer-granizo-en-algunas-zonas-de-misiones-y-advierten-que-el-tiempo-empeorara\\\/\",\"url\":\"https:\\\/\\\/cvinoticias.com\\\/v3\\\/volvio-a-caer-granizo-en-algunas-zonas-de-misiones-y-advierten-que-el-tiempo-empeorara\\\/\",\"name\":\"Granizo en Misiones: rige alerta naranja por tormentas | CVI NOTICIAS\",\"isPartOf\":{\"@id\":\"https:\\\/\\\/cvinoticias.com\\\/v3\\\/#website\"},\"primaryImageOfPage\":{\"@id\":\"https:\\\/\\\/cvinoticias.com\\\/v3\\\/volvio-a-caer-granizo-en-algunas-zonas-de-misiones-y-advierten-que-el-tiempo-empeorara\\\/#primaryimage\"},\"image\":{\"@id\":\"https:\\\/\\\/cvinoticias.com\\\/v3\\\/volvio-a-caer-granizo-en-algunas-zonas-de-misiones-y-advierten-que-el-tiempo-empeorara\\\/#primaryimage\"},\"thumbnailUrl\":\"https:\\\/\\\/cvinoticias.com\\\/wp-content\\\/uploads\\\/2026\\\/08\\\/San-Pedro-granizo-e1788145665192.webp\",\"datePublished\":\"2026-08-31T12:20:03+00:00\",\"dateModified\":\"2026-08-31T12:20:05+00:00\",\"description\":\"Volvi\u00f3 a caer granizo en Misiones y rige alerta naranja por tormentas fuertes durante este lunes.\",\"breadcrumb\":{\"@id\":\"https:\\\/\\\/cvinoticias.com\\\/v3\\\/volvio-a-caer-granizo-en-algunas-zonas-de-misiones-y-advierten-que-el-tiempo-empeorara\\\/#breadcrumb\"},\"inLanguage\":\"es\",\"potentialAction\":[{\"@type\":\"ReadAction\",\"target\":[\"https:\\\/\\\/cvinoticias.com\\\/v3\\\/volvio-a-caer-granizo-en-algunas-zonas-de-misiones-y-advierten-que-el-tiempo-empeorara\\\/\"]}]},{\"@type\":\"ImageObject\",\"inLanguage\":\"es\",\"@id\":\"https:\\\/\\\/cvinoticias.com\\\/v3\\\/volvio-a-caer-granizo-en-algunas-zonas-de-misiones-y-advierten-que-el-tiempo-empeorara\\\/#primaryimage\",\"url\":\"https:\\\/\\\/cvinoticias.com\\\/wp-content\\\/uploads\\\/2026\\\/08\\\/San-Pedro-granizo-e1788145665192.webp\",\"contentUrl\":\"https:\\\/\\\/cvinoticias.com\\\/wp-content\\\/uploads\\\/2026\\\/08\\\/San-Pedro-granizo-e1788145665192.webp\",\"width\":526,\"height\":334},{\"@type\":\"BreadcrumbList\",\"@id\":\"https:\\\/\\\/cvinoticias.com\\\/v3\\\/volvio-a-caer-granizo-en-algunas-zonas-de-misiones-y-advierten-que-el-tiempo-empeorara\\\/#breadcrumb\",\"itemListElement\":[{\"@type\":\"ListItem\",\"position\":1,\"name\":\"Portada\",\"item\":\"https:\\\/\\\/cvinoticias.com\\\/v3\\\/\"},{\"@type\":\"ListItem\",\"position\":2,\"name\":\"Volvi\u00f3 a caer granizo en algunas zonas de Misiones y advierten que el tiempo empeorar\u00e1\"}]},{\"@type\":\"WebSite\",\"@id\":\"https:\\\/\\\/cvinoticias.com\\\/v3\\\/#website\",\"url\":\"https:\\\/\\\/cvinoticias.com\\\/v3\\\/\",\"name\":\"CVI NOTICIAS\",\"description\":\"\",\"publisher\":{\"@id\":\"https:\\\/\\\/cvinoticias.com\\\/v3\\\/#organization\"},\"alternateName\":\"CVI\",\"potentialAction\":[{\"@type\":\"SearchAction\",\"target\":{\"@type\":\"EntryPoint\",\"urlTemplate\":\"https:\\\/\\\/cvinoticias.com\\\/v3\\\/?s={search_term_string}\"},\"query-input\":{\"@type\":\"PropertyValueSpecification\",\"valueRequired\":true,\"valueName\":\"search_term_string\"}}],\"inLanguage\":\"es\"},{\"@type\":\"Organization\",\"@id\":\"https:\\\/\\\/cvinoticias.com\\\/v3\\\/#organization\",\"name\":\"CVI NOTICIAS\",\"url\":\"https:\\\/\\\/cvinoticias.com\\\/v3\\\/\",\"logo\":{\"@type\":\"ImageObject\",\"inLanguage\":\"es\",\"@id\":\"https:\\\/\\\/cvinoticias.com\\\/v3\\\/#\\\/schema\\\/logo\\\/image\\\/\",\"url\":\"https:\\\/\\\/cvinoticias.com\\\/wp-content\\\/uploads\\\/2023\\\/04\\\/cropped-cropped-cropped-cropped-cropped-3-1.png\",\"contentUrl\":\"https:\\\/\\\/cvinoticias.com\\\/wp-content\\\/uploads\\\/2023\\\/04\\\/cropped-cropped-cropped-cropped-cropped-3-1.png\",\"width\":95,\"height\":122,\"caption\":\"CVI NOTICIAS\"},\"image\":{\"@id\":\"https:\\\/\\\/cvinoticias.com\\\/v3\\\/#\\\/schema\\\/logo\\\/image\\\/\"},\"sameAs\":[\"https:\\\/\\\/www.facebook.com\\\/cvinoticias\",\"https:\\\/\\\/www.instagram.com\\\/cvinoticias\\\/\",\"https:\\\/\\\/www.youtube.com\\\/@CVINOTICIAS\"]},{\"@type\":\"Person\",\"@id\":\"https:\\\/\\\/cvinoticias.com\\\/v3\\\/#\\\/schema\\\/person\\\/2db77e3c6bc03c538495d7b2b8be9b66\",\"name\":\"f1000024\",\"image\":{\"@type\":\"ImageObject\",\"inLanguage\":\"es\",\"@id\":\"https:\\\/\\\/secure.gravatar.com\\\/avatar\\\/d4fe7459cfc51ff5129ce1a732bbef5928568b8092d412ef95611616376bbeed?s=96&d=mm&r=g\",\"url\":\"https:\\\/\\\/secure.gravatar.com\\\/avatar\\\/d4fe7459cfc51ff5129ce1a732bbef5928568b8092d412ef95611616376bbeed?s=96&d=mm&r=g\",\"contentUrl\":\"https:\\\/\\\/secure.gravatar.com\\\/avatar\\\/d4fe7459cfc51ff5129ce1a732bbef5928568b8092d412ef95611616376bbeed?s=96&d=mm&r=g\",\"caption\":\"f1000024\"},\"url\":\"https:\\\/\\\/cvinoticias.com\\\/v3\\\/author\\\/f1000024\\\/\"}]}<\/script>\n<!-- \/ Yoast SEO plugin. -->","yoast_head_json":{"title":"Granizo en Misiones: rige alerta naranja por tormentas | CVI NOTICIAS","description":"Volvi\u00f3 a caer granizo en Misiones y rige alerta naranja por tormentas fuertes durante este lunes.","robots":{"index":"index","follow":"follow","max-snippet":"max-snippet:-1","max-image-preview":"max-image-preview:large","max-video-preview":"max-video-preview:-1"},"canonical":"https:\/\/cvinoticias.com\/v3\/volvio-a-caer-granizo-en-algunas-zonas-de-misiones-y-advierten-que-el-tiempo-empeorara\/","og_locale":"es_ES","og_type":"article","og_title":"Granizo en Misiones: rige alerta naranja por tormentas | CVI NOTICIAS","og_description":"Volvi\u00f3 a caer granizo en Misiones y rige alerta naranja por tormentas fuertes durante este lunes.","og_url":"https:\/\/cvinoticias.com\/v3\/volvio-a-caer-granizo-en-algunas-zonas-de-misiones-y-advierten-que-el-tiempo-empeorara\/","og_site_name":"CVI NOTICIAS","article_publisher":"https:\/\/www.facebook.com\/cvinoticias","article_published_time":"2026-08-31T12:20:03+00:00","article_modified_time":"2026-08-31T12:20:05+00:00","og_image":[{"width":526,"height":334,"url":"https:\/\/cvinoticias.com\/wp-content\/uploads\/2026\/08\/San-Pedro-granizo-e1788145665192.webp","type":"image\/webp"}],"author":"f1000024","twitter_card":"summary_large_image","twitter_misc":{"Escrito por":"f1000024","Tiempo de lectura":"3 minutos"},"schema":{"@context":"https:\/\/schema.org","@graph":[{"@type":"Article","@id":"https:\/\/cvinoticias.com\/v3\/volvio-a-caer-granizo-en-algunas-zonas-de-misiones-y-advierten-que-el-tiempo-empeorara\/#article","isPartOf":{"@id":"https:\/\/cvinoticias.com\/v3\/volvio-a-caer-granizo-en-algunas-zonas-de-misiones-y-advierten-que-el-tiempo-empeorara\/"},"author":{"name":"f1000024","@id":"https:\/\/cvinoticias.com\/v3\/#\/schema\/person\/2db77e3c6bc03c538495d7b2b8be9b66"},"headline":"Volvi\u00f3 a caer granizo en algunas zonas de Misiones y advierten que el tiempo empeorar\u00e1","datePublished":"2026-08-31T12:20:03+00:00","dateModified":"2026-08-31T12:20:05+00:00","mainEntityOfPage":{"@id":"https:\/\/cvinoticias.com\/v3\/volvio-a-caer-granizo-en-algunas-zonas-de-misiones-y-advierten-que-el-tiempo-empeorara\/"},"wordCount":550,"commentCount":0,"publisher":{"@id":"https:\/\/cvinoticias.com\/v3\/#organization"},"image":{"@id":"https:\/\/cvinoticias.com\/v3\/volvio-a-caer-granizo-en-algunas-zonas-de-misiones-y-advierten-que-el-tiempo-empeorara\/#primaryimage"},"thumbnailUrl":"https:\/\/cvinoticias.com\/wp-content\/uploads\/2026\/08\/San-Pedro-granizo-e1788145665192.webp","keywords":["Alerta","Clima","granizo","Iguaz\u00fa","Misiones"],"articleSection":["Misiones"],"inLanguage":"es","potentialAction":[{"@type":"CommentAction","name":"Comment","target":["https:\/\/cvinoticias.com\/v3\/volvio-a-caer-granizo-en-algunas-zonas-de-misiones-y-advierten-que-el-tiempo-empeorara\/#respond"]}]},{"@type":"WebPage","@id":"https:\/\/cvinoticias.com\/v3\/volvio-a-caer-granizo-en-algunas-zonas-de-misiones-y-advierten-que-el-tiempo-empeorara\/","url":"https:\/\/cvinoticias.com\/v3\/volvio-a-caer-granizo-en-algunas-zonas-de-misiones-y-advierten-que-el-tiempo-empeorara\/","name":"Granizo en Misiones: rige alerta naranja por tormentas | CVI NOTICIAS","isPartOf":{"@id":"https:\/\/cvinoticias.com\/v3\/#website"},"primaryImageOfPage":{"@id":"https:\/\/cvinoticias.com\/v3\/volvio-a-caer-granizo-en-algunas-zonas-de-misiones-y-advierten-que-el-tiempo-empeorara\/#primaryimage"},"image":{"@id":"https:\/\/cvinoticias.com\/v3\/volvio-a-caer-granizo-en-algunas-zonas-de-misiones-y-advierten-que-el-tiempo-empeorara\/#primaryimage"},"thumbnailUrl":"https:\/\/cvinoticias.com\/wp-content\/uploads\/2026\/08\/San-Pedro-granizo-e1788145665192.webp","datePublished":"2026-08-31T12:20:03+00:00","dateModified":"2026-08-31T12:20:05+00:00","description":"Volvi\u00f3 a caer granizo en Misiones y rige alerta naranja por tormentas fuertes durante este lunes.","breadcrumb":{"@id":"https:\/\/cvinoticias.com\/v3\/volvio-a-caer-granizo-en-algunas-zonas-de-misiones-y-advierten-que-el-tiempo-empeorara\/#breadcrumb"},"inLanguage":"es","potentialAction":[{"@type":"ReadAction","target":["https:\/\/cvinoticias.com\/v3\/volvio-a-caer-granizo-en-algunas-zonas-de-misiones-y-advierten-que-el-tiempo-empeorara\/"]}]},{"@type":"ImageObject","inLanguage":"es","@id":"https:\/\/cvinoticias.com\/v3\/volvio-a-caer-granizo-en-algunas-zonas-de-misiones-y-advierten-que-el-tiempo-empeorara\/#primaryimage","url":"https:\/\/cvinoticias.com\/wp-content\/uploads\/2026\/08\/San-Pedro-granizo-e1788145665192.webp","contentUrl":"https:\/\/cvinoticias.com\/wp-content\/uploads\/2026\/08\/San-Pedro-granizo-e1788145665192.webp","width":526,"height":334},{"@type":"BreadcrumbList","@id":"https:\/\/cvinoticias.com\/v3\/volvio-a-caer-granizo-en-algunas-zonas-de-misiones-y-advierten-que-el-tiempo-empeorara\/#breadcrumb","itemListElement":[{"@type":"ListItem","position":1,"name":"Portada","item":"https:\/\/cvinoticias.com\/v3\/"},{"@type":"ListItem","position":2,"name":"Volvi\u00f3 a caer granizo en algunas zonas de Misiones y advierten que el tiempo empeorar\u00e1"}]},{"@type":"WebSite","@id":"https:\/\/cvinoticias.com\/v3\/#website","url":"https:\/\/cvinoticias.com\/v3\/","name":"CVI NOTICIAS","description":"","publisher":{"@id":"https:\/\/cvinoticias.com\/v3\/#organization"},"alternateName":"CVI","potentialAction":[{"@type":"SearchAction","target":{"@type":"EntryPoint","urlTemplate":"https:\/\/cvinoticias.com\/v3\/?s={search_term_string}"},"query-input":{"@type":"PropertyValueSpecification","valueRequired":true,"valueName":"search_term_string"}}],"inLanguage":"es"},{"@type":"Organization","@id":"https:\/\/cvinoticias.com\/v3\/#organization","name":"CVI NOTICIAS","url":"https:\/\/cvinoticias.com\/v3\/","logo":{"@type":"ImageObject","inLanguage":"es","@id":"https:\/\/cvinoticias.com\/v3\/#\/schema\/logo\/image\/","url":"https:\/\/cvinoticias.com\/wp-content\/uploads\/2023\/04\/cropped-cropped-cropped-cropped-cropped-3-1.png","contentUrl":"https:\/\/cvinoticias.com\/wp-content\/uploads\/2023\/04\/cropped-cropped-cropped-cropped-cropped-3-1.png","width":95,"height":122,"caption":"CVI NOTICIAS"},"image":{"@id":"https:\/\/cvinoticias.com\/v3\/#\/schema\/logo\/image\/"},"sameAs":["https:\/\/www.facebook.com\/cvinoticias","https:\/\/www.instagram.com\/cvinoticias\/","https:\/\/www.youtube.com\/@CVINOTICIAS"]},{"@type":"Person","@id":"https:\/\/cvinoticias.com\/v3\/#\/schema\/person\/2db77e3c6bc03c538495d7b2b8be9b66","name":"f1000024","image":{"@type":"ImageObject","inLanguage":"es","@id":"https:\/\/secure.gravatar.com\/avatar\/d4fe7459cfc51ff5129ce1a732bbef5928568b8092d412ef95611616376bbeed?s=96&d=mm&r=g","url":"https:\/\/secure.gravatar.com\/avatar\/d4fe7459cfc51ff5129ce1a732bbef5928568b8092d412ef95611616376bbeed?s=96&d=mm&r=g","contentUrl":"https:\/\/secure.gravatar.com\/avatar\/d4fe7459cfc51ff5129ce1a732bbef5928568b8092d412ef95611616376bbeed?s=96&d=mm&r=g","caption":"f1000024"},"url":"https:\/\/cvinoticias.com\/v3\/author\/f1000024\/"}]}},"_links":{"self":[{"href":"https:\/\/cvinoticias.com\/v3\/wp-json\/wp\/v2\/posts\/62594","targetHints":{"allow":["GET"]}}],"collection":[{"href":"https:\/\/cvinoticias.com\/v3\/wp-json\/wp\/v2\/posts"}],"about":[{"href":"https:\/\/cvinoticias.com\/v3\/wp-json\/wp\/v2\/types\/post"}],"author":[{"embeddable":true,"href":"https:\/\/cvinoticias.com\/v3\/wp-json\/wp\/v2\/users\/2"}],"replies":[{"embeddable":true,"href":"https:\/\/cvinoticias.com\/v3\/wp-json\/wp\/v2\/comments?post=62594"}],"version-history":[{"count":1,"href":"https:\/\/cvinoticias.com\/v3\/wp-json\/wp\/v2\/posts\/62594\/revisions"}],"predecessor-version":[{"id":62596,"href":"https:\/\/cvinoticias.com\/v3\/wp-json\/wp\/v2\/posts\/62594\/revisions\/62596"}],"wp:featuredmedia":[{"embeddable":true,"href":"https:\/\/cvinoticias.com\/v3\/wp-json\/wp\/v2\/media\/62595"}],"wp:attachment":[{"href":"https:\/\/cvinoticias.com\/v3\/wp-json\/wp\/v2\/media?parent=62594"}],"wp:term":[{"taxonomy":"category","embeddable":true,"href":"https:\/\/cvinoticias.com\/v3\/wp-json\/wp\/v2\/categories?post=62594"},{"taxonomy":"post_tag","embeddable":true,"href":"https:\/\/cvinoticias.com\/v3\/wp-json\/wp\/v2\/tags?post=62594"}],"curies":[{"name":"wp","href":"https:\/\/api.w.org\/{rel}","templated":true}]}}