{"id":6259,"date":"2021-06-24T13:13:38","date_gmt":"2021-06-24T13:13:38","guid":{"rendered":"https:\/\/cvinoticias.com\/v3\/?p=6259"},"modified":"2021-06-24T13:13:38","modified_gmt":"2021-06-24T13:13:38","slug":"misiones-esta-hoy-en-su-maximo-pico-de-positivos-y-de-fallecidos","status":"publish","type":"post","link":"https:\/\/cvinoticias.com\/v3\/misiones-esta-hoy-en-su-maximo-pico-de-positivos-y-de-fallecidos\/","title":{"rendered":"Misiones est\u00e1 hoy en su m\u00e1ximo pico de positivos y de fallecidos"},"content":{"rendered":"\n<p><strong><em>Se registra un crecimiento leve pero sostenido de contagios desde hace m\u00e1s de un mes y un abrupto incremento de muertos por coronavirus durante este mes. La ocupaci\u00f3n de camas cr\u00edticas en Capital supera el 84% en hospitales.<\/em><\/strong><\/p>\n\n\n\n<p>Mientras que en el pa\u00eds, por tercera semana consecutiva, disminuyeron los contagios en forma sostenida (se registr\u00f3 un 10% menos de positivos de la semana epidemiol\u00f3gica 20 a la 21, un 12% menos de la semana 21 a la 22 y un 22% menos de la 22 a la 23, seg\u00fan el Ministerio de Salud de la Naci\u00f3n),\u00a0Misiones es una de las pocas provincias cuya tendencia de casos y fallecidos sigue en aumento.<\/p>\n\n\n\n<p>Incluso, seg\u00fan datos de Naci\u00f3n,\u00a0el NEA registr\u00f3 una tendencia en descenso de casos entre las semanas 22 y 23 (del 30 de mayo al 12 de junio) del 15,9%. Pero los datos epidemiol\u00f3gicos de Misiones muestran que la provincia no traccion\u00f3 a favor de este descenso regional\u00a0pues en ese per\u00edodo aumentaron un 3,07% los positivos.<\/p>\n\n\n\n<p>Esto es as\u00ed porque, como ocurri\u00f3 con la primera ola,\u00a0<strong>esta llamada segunda ola de la pandemia lleg\u00f3 a la provincia cuando en las grandes ciudades del pa\u00eds comenz\u00f3 a bajar la virulencia del pico<\/strong>.<\/p>\n\n\n\n<p><strong>Qu\u00e9 ocurre en Misiones<\/strong><\/p>\n\n\n\n<p>En Misiones, la curva de contagios comenz\u00f3 a subir en mayo, aunque no en forma abrupta, pero desde ese mes ya no se detuvo. S\u00ed fue abrupto el aumento de pacientes fallecidos por COVID-19 a partir de junio:\u00a0<strong>de 20 \u00f3bitos semanales registrados en las semanas epidemiol\u00f3gicas 19, 20 y 21 se salt\u00f3 a 33 \u00f3bitos semanales en la semana 22, 31 en la semana epidemiol\u00f3gica 23, y otra vez 33 muertos en la semana 24 que cerr\u00f3 este s\u00e1bado pasado<\/strong>.<\/p>\n\n\n\n<p>Adem\u00e1s, a contramano de lo que comenz\u00f3 a avizorarse en el promedio pa\u00eds, donde se registra una lenta disminuci\u00f3n en el n\u00famero de personas internadas en terapia intensiva despu\u00e9s de tres meses de m\u00e1xima tensi\u00f3n del sistema sanitario,\u00a0Misiones sigue en aumento -lento y persistente- de pacientes hospitalizados con coronavirus. Un aumento que comenz\u00f3 en mayo con 59 internados y que no se detuvo hasta el momento,\u00a0cuando ya se registran 152 personas con COVID hospitalizadas.<\/p>\n\n\n\n<p><strong>Ocupaci\u00f3n de camas cr\u00edticas en Capital supera el 84%<\/strong><\/p>\n\n\n\n<p>Pese a triplicar los internados por coronavirus en apenas un mes y medio, Misiones tambi\u00e9n sum\u00f3 su cantidad de camas de terapias intensivas:&nbsp;<strong>en estos \u00faltimos cinco meses pas\u00f3 de 125 a 203 camas UTI<\/strong>&nbsp;(entre este martes y mi\u00e9rcoles se habilitaron otras 8 camas en el Madariaga) y a\u00fan aguarda la incorporaci\u00f3n al registro nacional de las 10 camas de la terapia intensiva del Hospital de Jard\u00edn Am\u00e9rica,&nbsp;<strong>con las que llegar\u00e1 a 213 s\u00f3lo en el sistema p\u00fablico de salud. El sector privado cuenta adem\u00e1s con 111 camas de terapia intensiva en Misiones<\/strong>.<\/p>\n\n\n\n<p>Al ampliar la capacidad de terapia intensiva,\u00a0el porcentaje provincial de ocupaci\u00f3n de camas UTI pas\u00f3 en las \u00faltimas 24 horas de 68,72% a 64,53% registrado anoche; pero la tensi\u00f3n del sistema de salud p\u00fablico en el departamento Capital a\u00fan es muy alto:\u00a0<strong>84,92%de ocupaci\u00f3n de las camas UTI<\/strong>.<\/p>\n\n\n\n<p>La situaci\u00f3n en Capital lleg\u00f3 ayer a un momento cr\u00edtico,\u00a0con s\u00f3lo tres camas UTI disponibles y diez con ox\u00edgeno, por lo que se dispuso la habilitaci\u00f3n de 8 camas de terapia preparadas en la antigua maternidad para ampliar la capacidad del Madariaga\u00a0que pas\u00f3 de 55 a 63 camas cr\u00edticas y ya ocup\u00f3 55 de \u00e9stas.<\/p>\n\n\n\n<p>Ayer, en los cuatro hospitales de Capital: Madariaga, Materno Neonatal, Favaloro y F\u00e1tima,\u00a0hab\u00eda un total de 11 camas UTI y 21 camas con gases disponibles. Esto es as\u00ed porque adem\u00e1s de habilitar camas, hay gran rotaci\u00f3n en sala COVID y \u201ca los pacientes de otros lugares se los compensa y van a cumplir el tratamiento en los hospitales de sus localidades\u201d, detallaron.<\/p>\n\n\n\n<p>Otra ventaja que tienen los hospitales Madariaga y SAMIC de Ober\u00e1 es que cuentan con internaci\u00f3n domiciliaria,\u00a0que permite el monitoreo m\u00e9dico del paciente desde su casa y la provisi\u00f3n la terap\u00e9utica.<\/p>\n\n\n\n<p><strong>R\u00e9cord de muertos<\/strong><\/p>\n\n\n\n<p>En lo \u00fanico que Misiones est\u00e1 en sinton\u00eda con la situaci\u00f3n epidemiol\u00f3gica del pa\u00eds es con los r\u00e9cords de fallecidos. Este martes 22 de junio,&nbsp;<strong>el pa\u00eds registr\u00f3 su mayor r\u00e9cord de fallecidos desde el inicio de la pandemia: 792 muertes en las \u00faltimas 24 horas<\/strong>.<\/p>\n\n\n\n<p>Ese mismo d\u00eda, tambi\u00e9n Misiones volvi\u00f3 a tener su m\u00e1ximo r\u00e9cord de siete muertos y ayer,\u00a0<strong>el parte volvi\u00f3 a reportar siete fallecidos<\/strong>\u00a0(un triste r\u00e9cord que ya se alcanz\u00f3 en tres d\u00edas de junio, adem\u00e1s de aquel primer 20 de enero).<\/p>\n\n\n\n<p><\/p>\n\n\n\n<p><strong>Fuente: Primera Edici\u00f3n <\/strong><\/p>\n","protected":false},"excerpt":{"rendered":"<p>Se registra un crecimiento leve pero sostenido de contagios desde hace m\u00e1s de un mes y un abrupto incremento de muertos por coronavirus durante este mes. La ocupaci\u00f3n de camas cr\u00edticas en Capital supera el 84% en hospitales. Mientras que en el pa\u00eds, por tercera semana consecutiva, disminuyeron los contagios en forma sostenida (se registr\u00f3 [&hellip;]<\/p>\n","protected":false},"author":2,"featured_media":6260,"comment_status":"open","ping_status":"open","sticky":false,"template":"","format":"standard","meta":{"footnotes":""},"categories":[23],"tags":[],"class_list":["post-6259","post","type-post","status-publish","format-standard","has-post-thumbnail","hentry","category-covid-19"],"yoast_head":"<!-- This site is optimized with the Yoast SEO plugin v27.5 - https:\/\/yoast.com\/product\/yoast-seo-wordpress\/ -->\n<title>Misiones est\u00e1 hoy en su m\u00e1ximo pico de positivos y de fallecidos | CVI NOTICIAS<\/title>\n<meta name=\"robots\" content=\"index, follow, max-snippet:-1, max-image-preview:large, max-video-preview:-1\" \/>\n<link rel=\"canonical\" href=\"https:\/\/cvinoticias.com\/v3\/misiones-esta-hoy-en-su-maximo-pico-de-positivos-y-de-fallecidos\/\" \/>\n<meta property=\"og:locale\" content=\"es_ES\" \/>\n<meta property=\"og:type\" content=\"article\" \/>\n<meta property=\"og:title\" content=\"Misiones est\u00e1 hoy en su m\u00e1ximo pico de positivos y de fallecidos | CVI NOTICIAS\" \/>\n<meta property=\"og:description\" content=\"Se registra un crecimiento leve pero sostenido de contagios desde hace m\u00e1s de un mes y un abrupto incremento de muertos por coronavirus durante este mes. La ocupaci\u00f3n de camas cr\u00edticas en Capital supera el 84% en hospitales. Mientras que en el pa\u00eds, por tercera semana consecutiva, disminuyeron los contagios en forma sostenida (se registr\u00f3 [&hellip;]\" \/>\n<meta property=\"og:url\" content=\"https:\/\/cvinoticias.com\/v3\/misiones-esta-hoy-en-su-maximo-pico-de-positivos-y-de-fallecidos\/\" \/>\n<meta property=\"og:site_name\" content=\"CVI NOTICIAS\" \/>\n<meta property=\"article:publisher\" content=\"https:\/\/www.facebook.com\/cvinoticias\" \/>\n<meta property=\"article:published_time\" content=\"2021-06-24T13:13:38+00:00\" \/>\n<meta property=\"og:image\" content=\"https:\/\/cvinoticias.com\/wp-content\/uploads\/2021\/06\/Grafico-tendensia-semanal-de-casos-COVID.jpg\" \/>\n\t<meta property=\"og:image:width\" content=\"1000\" \/>\n\t<meta property=\"og:image:height\" content=\"460\" \/>\n\t<meta property=\"og:image:type\" content=\"image\/jpeg\" \/>\n<meta name=\"author\" content=\"f1000024\" \/>\n<meta name=\"twitter:card\" content=\"summary_large_image\" \/>\n<meta name=\"twitter:label1\" content=\"Escrito por\" \/>\n\t<meta name=\"twitter:data1\" content=\"f1000024\" \/>\n\t<meta name=\"twitter:label2\" content=\"Tiempo de lectura\" \/>\n\t<meta name=\"twitter:data2\" content=\"4 minutos\" \/>\n<script type=\"application\/ld+json\" class=\"yoast-schema-graph\">{\"@context\":\"https:\\\/\\\/schema.org\",\"@graph\":[{\"@type\":\"Article\",\"@id\":\"https:\\\/\\\/cvinoticias.com\\\/v3\\\/misiones-esta-hoy-en-su-maximo-pico-de-positivos-y-de-fallecidos\\\/#article\",\"isPartOf\":{\"@id\":\"https:\\\/\\\/cvinoticias.com\\\/v3\\\/misiones-esta-hoy-en-su-maximo-pico-de-positivos-y-de-fallecidos\\\/\"},\"author\":{\"name\":\"f1000024\",\"@id\":\"https:\\\/\\\/cvinoticias.com\\\/v3\\\/#\\\/schema\\\/person\\\/2db77e3c6bc03c538495d7b2b8be9b66\"},\"headline\":\"Misiones est\u00e1 hoy en su m\u00e1ximo pico de positivos y de fallecidos\",\"datePublished\":\"2021-06-24T13:13:38+00:00\",\"mainEntityOfPage\":{\"@id\":\"https:\\\/\\\/cvinoticias.com\\\/v3\\\/misiones-esta-hoy-en-su-maximo-pico-de-positivos-y-de-fallecidos\\\/\"},\"wordCount\":801,\"commentCount\":0,\"publisher\":{\"@id\":\"https:\\\/\\\/cvinoticias.com\\\/v3\\\/#organization\"},\"image\":{\"@id\":\"https:\\\/\\\/cvinoticias.com\\\/v3\\\/misiones-esta-hoy-en-su-maximo-pico-de-positivos-y-de-fallecidos\\\/#primaryimage\"},\"thumbnailUrl\":\"https:\\\/\\\/cvinoticias.com\\\/wp-content\\\/uploads\\\/2021\\\/06\\\/Grafico-tendensia-semanal-de-casos-COVID.jpg\",\"articleSection\":[\"Covid-19\"],\"inLanguage\":\"es\",\"potentialAction\":[{\"@type\":\"CommentAction\",\"name\":\"Comment\",\"target\":[\"https:\\\/\\\/cvinoticias.com\\\/v3\\\/misiones-esta-hoy-en-su-maximo-pico-de-positivos-y-de-fallecidos\\\/#respond\"]}]},{\"@type\":\"WebPage\",\"@id\":\"https:\\\/\\\/cvinoticias.com\\\/v3\\\/misiones-esta-hoy-en-su-maximo-pico-de-positivos-y-de-fallecidos\\\/\",\"url\":\"https:\\\/\\\/cvinoticias.com\\\/v3\\\/misiones-esta-hoy-en-su-maximo-pico-de-positivos-y-de-fallecidos\\\/\",\"name\":\"Misiones est\u00e1 hoy en su m\u00e1ximo pico de positivos y de fallecidos | CVI NOTICIAS\",\"isPartOf\":{\"@id\":\"https:\\\/\\\/cvinoticias.com\\\/v3\\\/#website\"},\"primaryImageOfPage\":{\"@id\":\"https:\\\/\\\/cvinoticias.com\\\/v3\\\/misiones-esta-hoy-en-su-maximo-pico-de-positivos-y-de-fallecidos\\\/#primaryimage\"},\"image\":{\"@id\":\"https:\\\/\\\/cvinoticias.com\\\/v3\\\/misiones-esta-hoy-en-su-maximo-pico-de-positivos-y-de-fallecidos\\\/#primaryimage\"},\"thumbnailUrl\":\"https:\\\/\\\/cvinoticias.com\\\/wp-content\\\/uploads\\\/2021\\\/06\\\/Grafico-tendensia-semanal-de-casos-COVID.jpg\",\"datePublished\":\"2021-06-24T13:13:38+00:00\",\"breadcrumb\":{\"@id\":\"https:\\\/\\\/cvinoticias.com\\\/v3\\\/misiones-esta-hoy-en-su-maximo-pico-de-positivos-y-de-fallecidos\\\/#breadcrumb\"},\"inLanguage\":\"es\",\"potentialAction\":[{\"@type\":\"ReadAction\",\"target\":[\"https:\\\/\\\/cvinoticias.com\\\/v3\\\/misiones-esta-hoy-en-su-maximo-pico-de-positivos-y-de-fallecidos\\\/\"]}]},{\"@type\":\"ImageObject\",\"inLanguage\":\"es\",\"@id\":\"https:\\\/\\\/cvinoticias.com\\\/v3\\\/misiones-esta-hoy-en-su-maximo-pico-de-positivos-y-de-fallecidos\\\/#primaryimage\",\"url\":\"https:\\\/\\\/cvinoticias.com\\\/wp-content\\\/uploads\\\/2021\\\/06\\\/Grafico-tendensia-semanal-de-casos-COVID.jpg\",\"contentUrl\":\"https:\\\/\\\/cvinoticias.com\\\/wp-content\\\/uploads\\\/2021\\\/06\\\/Grafico-tendensia-semanal-de-casos-COVID.jpg\",\"width\":1000,\"height\":460},{\"@type\":\"BreadcrumbList\",\"@id\":\"https:\\\/\\\/cvinoticias.com\\\/v3\\\/misiones-esta-hoy-en-su-maximo-pico-de-positivos-y-de-fallecidos\\\/#breadcrumb\",\"itemListElement\":[{\"@type\":\"ListItem\",\"position\":1,\"name\":\"Portada\",\"item\":\"https:\\\/\\\/cvinoticias.com\\\/v3\\\/\"},{\"@type\":\"ListItem\",\"position\":2,\"name\":\"Misiones est\u00e1 hoy en su m\u00e1ximo pico de positivos y de fallecidos\"}]},{\"@type\":\"WebSite\",\"@id\":\"https:\\\/\\\/cvinoticias.com\\\/v3\\\/#website\",\"url\":\"https:\\\/\\\/cvinoticias.com\\\/v3\\\/\",\"name\":\"CVI NOTICIAS\",\"description\":\"\",\"publisher\":{\"@id\":\"https:\\\/\\\/cvinoticias.com\\\/v3\\\/#organization\"},\"alternateName\":\"CVI\",\"potentialAction\":[{\"@type\":\"SearchAction\",\"target\":{\"@type\":\"EntryPoint\",\"urlTemplate\":\"https:\\\/\\\/cvinoticias.com\\\/v3\\\/?s={search_term_string}\"},\"query-input\":{\"@type\":\"PropertyValueSpecification\",\"valueRequired\":true,\"valueName\":\"search_term_string\"}}],\"inLanguage\":\"es\"},{\"@type\":\"Organization\",\"@id\":\"https:\\\/\\\/cvinoticias.com\\\/v3\\\/#organization\",\"name\":\"CVI NOTICIAS\",\"url\":\"https:\\\/\\\/cvinoticias.com\\\/v3\\\/\",\"logo\":{\"@type\":\"ImageObject\",\"inLanguage\":\"es\",\"@id\":\"https:\\\/\\\/cvinoticias.com\\\/v3\\\/#\\\/schema\\\/logo\\\/image\\\/\",\"url\":\"https:\\\/\\\/cvinoticias.com\\\/wp-content\\\/uploads\\\/2023\\\/04\\\/cropped-cropped-cropped-cropped-cropped-3-1.png\",\"contentUrl\":\"https:\\\/\\\/cvinoticias.com\\\/wp-content\\\/uploads\\\/2023\\\/04\\\/cropped-cropped-cropped-cropped-cropped-3-1.png\",\"width\":95,\"height\":122,\"caption\":\"CVI NOTICIAS\"},\"image\":{\"@id\":\"https:\\\/\\\/cvinoticias.com\\\/v3\\\/#\\\/schema\\\/logo\\\/image\\\/\"},\"sameAs\":[\"https:\\\/\\\/www.facebook.com\\\/cvinoticias\",\"https:\\\/\\\/www.instagram.com\\\/cvinoticias\\\/\",\"https:\\\/\\\/www.youtube.com\\\/@CVINOTICIAS\"]},{\"@type\":\"Person\",\"@id\":\"https:\\\/\\\/cvinoticias.com\\\/v3\\\/#\\\/schema\\\/person\\\/2db77e3c6bc03c538495d7b2b8be9b66\",\"name\":\"f1000024\",\"image\":{\"@type\":\"ImageObject\",\"inLanguage\":\"es\",\"@id\":\"https:\\\/\\\/secure.gravatar.com\\\/avatar\\\/d4fe7459cfc51ff5129ce1a732bbef5928568b8092d412ef95611616376bbeed?s=96&d=mm&r=g\",\"url\":\"https:\\\/\\\/secure.gravatar.com\\\/avatar\\\/d4fe7459cfc51ff5129ce1a732bbef5928568b8092d412ef95611616376bbeed?s=96&d=mm&r=g\",\"contentUrl\":\"https:\\\/\\\/secure.gravatar.com\\\/avatar\\\/d4fe7459cfc51ff5129ce1a732bbef5928568b8092d412ef95611616376bbeed?s=96&d=mm&r=g\",\"caption\":\"f1000024\"},\"url\":\"https:\\\/\\\/cvinoticias.com\\\/v3\\\/author\\\/f1000024\\\/\"}]}<\/script>\n<!-- \/ Yoast SEO plugin. -->","yoast_head_json":{"title":"Misiones est\u00e1 hoy en su m\u00e1ximo pico de positivos y de fallecidos | CVI NOTICIAS","robots":{"index":"index","follow":"follow","max-snippet":"max-snippet:-1","max-image-preview":"max-image-preview:large","max-video-preview":"max-video-preview:-1"},"canonical":"https:\/\/cvinoticias.com\/v3\/misiones-esta-hoy-en-su-maximo-pico-de-positivos-y-de-fallecidos\/","og_locale":"es_ES","og_type":"article","og_title":"Misiones est\u00e1 hoy en su m\u00e1ximo pico de positivos y de fallecidos | CVI NOTICIAS","og_description":"Se registra un crecimiento leve pero sostenido de contagios desde hace m\u00e1s de un mes y un abrupto incremento de muertos por coronavirus durante este mes. La ocupaci\u00f3n de camas cr\u00edticas en Capital supera el 84% en hospitales. Mientras que en el pa\u00eds, por tercera semana consecutiva, disminuyeron los contagios en forma sostenida (se registr\u00f3 [&hellip;]","og_url":"https:\/\/cvinoticias.com\/v3\/misiones-esta-hoy-en-su-maximo-pico-de-positivos-y-de-fallecidos\/","og_site_name":"CVI NOTICIAS","article_publisher":"https:\/\/www.facebook.com\/cvinoticias","article_published_time":"2021-06-24T13:13:38+00:00","og_image":[{"width":1000,"height":460,"url":"https:\/\/cvinoticias.com\/wp-content\/uploads\/2021\/06\/Grafico-tendensia-semanal-de-casos-COVID.jpg","type":"image\/jpeg"}],"author":"f1000024","twitter_card":"summary_large_image","twitter_misc":{"Escrito por":"f1000024","Tiempo de lectura":"4 minutos"},"schema":{"@context":"https:\/\/schema.org","@graph":[{"@type":"Article","@id":"https:\/\/cvinoticias.com\/v3\/misiones-esta-hoy-en-su-maximo-pico-de-positivos-y-de-fallecidos\/#article","isPartOf":{"@id":"https:\/\/cvinoticias.com\/v3\/misiones-esta-hoy-en-su-maximo-pico-de-positivos-y-de-fallecidos\/"},"author":{"name":"f1000024","@id":"https:\/\/cvinoticias.com\/v3\/#\/schema\/person\/2db77e3c6bc03c538495d7b2b8be9b66"},"headline":"Misiones est\u00e1 hoy en su m\u00e1ximo pico de positivos y de fallecidos","datePublished":"2021-06-24T13:13:38+00:00","mainEntityOfPage":{"@id":"https:\/\/cvinoticias.com\/v3\/misiones-esta-hoy-en-su-maximo-pico-de-positivos-y-de-fallecidos\/"},"wordCount":801,"commentCount":0,"publisher":{"@id":"https:\/\/cvinoticias.com\/v3\/#organization"},"image":{"@id":"https:\/\/cvinoticias.com\/v3\/misiones-esta-hoy-en-su-maximo-pico-de-positivos-y-de-fallecidos\/#primaryimage"},"thumbnailUrl":"https:\/\/cvinoticias.com\/wp-content\/uploads\/2021\/06\/Grafico-tendensia-semanal-de-casos-COVID.jpg","articleSection":["Covid-19"],"inLanguage":"es","potentialAction":[{"@type":"CommentAction","name":"Comment","target":["https:\/\/cvinoticias.com\/v3\/misiones-esta-hoy-en-su-maximo-pico-de-positivos-y-de-fallecidos\/#respond"]}]},{"@type":"WebPage","@id":"https:\/\/cvinoticias.com\/v3\/misiones-esta-hoy-en-su-maximo-pico-de-positivos-y-de-fallecidos\/","url":"https:\/\/cvinoticias.com\/v3\/misiones-esta-hoy-en-su-maximo-pico-de-positivos-y-de-fallecidos\/","name":"Misiones est\u00e1 hoy en su m\u00e1ximo pico de positivos y de fallecidos | CVI NOTICIAS","isPartOf":{"@id":"https:\/\/cvinoticias.com\/v3\/#website"},"primaryImageOfPage":{"@id":"https:\/\/cvinoticias.com\/v3\/misiones-esta-hoy-en-su-maximo-pico-de-positivos-y-de-fallecidos\/#primaryimage"},"image":{"@id":"https:\/\/cvinoticias.com\/v3\/misiones-esta-hoy-en-su-maximo-pico-de-positivos-y-de-fallecidos\/#primaryimage"},"thumbnailUrl":"https:\/\/cvinoticias.com\/wp-content\/uploads\/2021\/06\/Grafico-tendensia-semanal-de-casos-COVID.jpg","datePublished":"2021-06-24T13:13:38+00:00","breadcrumb":{"@id":"https:\/\/cvinoticias.com\/v3\/misiones-esta-hoy-en-su-maximo-pico-de-positivos-y-de-fallecidos\/#breadcrumb"},"inLanguage":"es","potentialAction":[{"@type":"ReadAction","target":["https:\/\/cvinoticias.com\/v3\/misiones-esta-hoy-en-su-maximo-pico-de-positivos-y-de-fallecidos\/"]}]},{"@type":"ImageObject","inLanguage":"es","@id":"https:\/\/cvinoticias.com\/v3\/misiones-esta-hoy-en-su-maximo-pico-de-positivos-y-de-fallecidos\/#primaryimage","url":"https:\/\/cvinoticias.com\/wp-content\/uploads\/2021\/06\/Grafico-tendensia-semanal-de-casos-COVID.jpg","contentUrl":"https:\/\/cvinoticias.com\/wp-content\/uploads\/2021\/06\/Grafico-tendensia-semanal-de-casos-COVID.jpg","width":1000,"height":460},{"@type":"BreadcrumbList","@id":"https:\/\/cvinoticias.com\/v3\/misiones-esta-hoy-en-su-maximo-pico-de-positivos-y-de-fallecidos\/#breadcrumb","itemListElement":[{"@type":"ListItem","position":1,"name":"Portada","item":"https:\/\/cvinoticias.com\/v3\/"},{"@type":"ListItem","position":2,"name":"Misiones est\u00e1 hoy en su m\u00e1ximo pico de positivos y de fallecidos"}]},{"@type":"WebSite","@id":"https:\/\/cvinoticias.com\/v3\/#website","url":"https:\/\/cvinoticias.com\/v3\/","name":"CVI NOTICIAS","description":"","publisher":{"@id":"https:\/\/cvinoticias.com\/v3\/#organization"},"alternateName":"CVI","potentialAction":[{"@type":"SearchAction","target":{"@type":"EntryPoint","urlTemplate":"https:\/\/cvinoticias.com\/v3\/?s={search_term_string}"},"query-input":{"@type":"PropertyValueSpecification","valueRequired":true,"valueName":"search_term_string"}}],"inLanguage":"es"},{"@type":"Organization","@id":"https:\/\/cvinoticias.com\/v3\/#organization","name":"CVI NOTICIAS","url":"https:\/\/cvinoticias.com\/v3\/","logo":{"@type":"ImageObject","inLanguage":"es","@id":"https:\/\/cvinoticias.com\/v3\/#\/schema\/logo\/image\/","url":"https:\/\/cvinoticias.com\/wp-content\/uploads\/2023\/04\/cropped-cropped-cropped-cropped-cropped-3-1.png","contentUrl":"https:\/\/cvinoticias.com\/wp-content\/uploads\/2023\/04\/cropped-cropped-cropped-cropped-cropped-3-1.png","width":95,"height":122,"caption":"CVI NOTICIAS"},"image":{"@id":"https:\/\/cvinoticias.com\/v3\/#\/schema\/logo\/image\/"},"sameAs":["https:\/\/www.facebook.com\/cvinoticias","https:\/\/www.instagram.com\/cvinoticias\/","https:\/\/www.youtube.com\/@CVINOTICIAS"]},{"@type":"Person","@id":"https:\/\/cvinoticias.com\/v3\/#\/schema\/person\/2db77e3c6bc03c538495d7b2b8be9b66","name":"f1000024","image":{"@type":"ImageObject","inLanguage":"es","@id":"https:\/\/secure.gravatar.com\/avatar\/d4fe7459cfc51ff5129ce1a732bbef5928568b8092d412ef95611616376bbeed?s=96&d=mm&r=g","url":"https:\/\/secure.gravatar.com\/avatar\/d4fe7459cfc51ff5129ce1a732bbef5928568b8092d412ef95611616376bbeed?s=96&d=mm&r=g","contentUrl":"https:\/\/secure.gravatar.com\/avatar\/d4fe7459cfc51ff5129ce1a732bbef5928568b8092d412ef95611616376bbeed?s=96&d=mm&r=g","caption":"f1000024"},"url":"https:\/\/cvinoticias.com\/v3\/author\/f1000024\/"}]}},"_links":{"self":[{"href":"https:\/\/cvinoticias.com\/v3\/wp-json\/wp\/v2\/posts\/6259","targetHints":{"allow":["GET"]}}],"collection":[{"href":"https:\/\/cvinoticias.com\/v3\/wp-json\/wp\/v2\/posts"}],"about":[{"href":"https:\/\/cvinoticias.com\/v3\/wp-json\/wp\/v2\/types\/post"}],"author":[{"embeddable":true,"href":"https:\/\/cvinoticias.com\/v3\/wp-json\/wp\/v2\/users\/2"}],"replies":[{"embeddable":true,"href":"https:\/\/cvinoticias.com\/v3\/wp-json\/wp\/v2\/comments?post=6259"}],"version-history":[{"count":1,"href":"https:\/\/cvinoticias.com\/v3\/wp-json\/wp\/v2\/posts\/6259\/revisions"}],"predecessor-version":[{"id":6261,"href":"https:\/\/cvinoticias.com\/v3\/wp-json\/wp\/v2\/posts\/6259\/revisions\/6261"}],"wp:featuredmedia":[{"embeddable":true,"href":"https:\/\/cvinoticias.com\/v3\/wp-json\/wp\/v2\/media\/6260"}],"wp:attachment":[{"href":"https:\/\/cvinoticias.com\/v3\/wp-json\/wp\/v2\/media?parent=6259"}],"wp:term":[{"taxonomy":"category","embeddable":true,"href":"https:\/\/cvinoticias.com\/v3\/wp-json\/wp\/v2\/categories?post=6259"},{"taxonomy":"post_tag","embeddable":true,"href":"https:\/\/cvinoticias.com\/v3\/wp-json\/wp\/v2\/tags?post=6259"}],"curies":[{"name":"wp","href":"https:\/\/api.w.org\/{rel}","templated":true}]}}