{"id":62585,"date":"2026-08-31T09:03:11","date_gmt":"2026-08-31T12:03:11","guid":{"rendered":"https:\/\/cvinoticias.com\/v3\/?p=62585"},"modified":"2026-08-31T09:03:13","modified_gmt":"2026-08-31T12:03:13","slug":"iguazu-vecinos-alertaron-por-un-hombre-que-llevaba-una-reja-y-la-policia-recupero-lo-robado","status":"publish","type":"post","link":"https:\/\/cvinoticias.com\/v3\/iguazu-vecinos-alertaron-por-un-hombre-que-llevaba-una-reja-y-la-policia-recupero-lo-robado\/","title":{"rendered":"Iguaz\u00fa: vecinos alertaron por un hombre que llevaba una reja y la Polic\u00eda recuper\u00f3 lo robado"},"content":{"rendered":"\n<p class=\"wp-block-paragraph\">Un hombre de <strong>31 a\u00f1os fue detenido en Puerto Iguaz\u00fa<\/strong> luego de ser sorprendido mientras trasladaba una reja met\u00e1lica de grandes dimensiones por la zona conocida como <strong>la Pasarela<\/strong>. La intervenci\u00f3n policial permiti\u00f3 recuperar el elemento, que posteriormente fue identificado como propiedad de una vivienda del mismo barrio.<\/p>\n\n\n\n<h2 class=\"wp-block-heading\">Vecinos advirtieron la situaci\u00f3n<\/h2>\n\n\n\n<p class=\"wp-block-paragraph\">El episodio ocurri\u00f3 durante las \u00faltimas horas, cuando vecinos de la zona observaron a un hombre que caminaba con una <strong>reja met\u00e1lica sobre sus hombros<\/strong>, cuya procedencia resultaba sospechosa.<\/p>\n\n\n\n<p class=\"wp-block-paragraph\">Ante esta situaci\u00f3n, dieron aviso a efectivos de la <strong>Comisar\u00eda Seccional Segunda de la Unidad Regional V<\/strong>, quienes se encontraban realizando tareas de patrullaje preventivo en el sector.<\/p>\n\n\n\n<h2 class=\"wp-block-heading\">Detuvieron al sospechoso y recuperaron la reja<\/h2>\n\n\n\n<p class=\"wp-block-paragraph\">Tras recibir el aviso, los polic\u00edas se dirigieron hasta el lugar se\u00f1alado y se entrevistaron con los vecinos. Con los datos aportados, lograron localizar al sospechoso y procedieron a su <strong>detenci\u00f3n<\/strong>.<\/p>\n\n\n\n<p class=\"wp-block-paragraph\">Durante el procedimiento tambi\u00e9n fue <strong>secuestrada la reja met\u00e1lica<\/strong>, que posteriormente fue trasladada junto con el detenido hasta la dependencia policial.<\/p>\n\n\n\n<p class=\"wp-block-paragraph\">Las averiguaciones realizadas permitieron establecer que el elemento hab\u00eda sido <strong>sustra\u00eddo de una vivienda ubicada en el mismo barrio<\/strong>.<\/p>\n\n\n\n<h2 class=\"wp-block-heading\">Qued\u00f3 a disposici\u00f3n de la Justicia<\/h2>\n\n\n\n<p class=\"wp-block-paragraph\">El hombre de 31 a\u00f1os fue trasladado a sede policial, donde qued\u00f3 <strong>a disposici\u00f3n de la Justicia<\/strong> mientras contin\u00faan las actuaciones correspondientes.<\/p>\n\n\n\n<p class=\"wp-block-paragraph\">La intervenci\u00f3n se inici\u00f3 a partir del aviso de los vecinos, que permiti\u00f3 a los efectivos actuar r\u00e1pidamente y recuperar el elemento sustra\u00eddo.<\/p>\n\n\n\n<p class=\"wp-block-paragraph\">Fuente: Prensa Policial Iguaz\u00fa<\/p>\n","protected":false},"excerpt":{"rendered":"<p>Un hombre de 31 a\u00f1os fue detenido en Puerto Iguaz\u00fa luego de ser sorprendido mientras trasladaba una reja met\u00e1lica de grandes dimensiones por la zona conocida como la Pasarela. La intervenci\u00f3n policial permiti\u00f3 recuperar el elemento, que posteriormente fue identificado como propiedad de una vivienda del mismo barrio. Vecinos advirtieron la situaci\u00f3n El episodio ocurri\u00f3 [&hellip;]<\/p>\n","protected":false},"author":2,"featured_media":62586,"comment_status":"open","ping_status":"closed","sticky":false,"template":"","format":"standard","meta":{"footnotes":""},"categories":[41],"tags":[7076,313,3974,54],"class_list":["post-62585","post","type-post","status-publish","format-standard","has-post-thumbnail","hentry","category-policiales","tag-detendido","tag-iguazu","tag-reja","tag-robo"],"yoast_head":"<!-- This site is optimized with the Yoast SEO plugin v28.3 - https:\/\/yoast.com\/product\/yoast-seo-wordpress\/ -->\n<title>Iguaz\u00fa: detuvieron a un hombre que llevaba una reja | CVI NOTICIAS<\/title>\n<meta name=\"description\" content=\"Un hombre fue detenido en Iguaz\u00fa tras ser sorprendido con una reja robada de una vivienda del mismo barrio.\" \/>\n<meta name=\"robots\" content=\"index, follow, max-snippet:-1, max-image-preview:large, max-video-preview:-1\" \/>\n<link rel=\"canonical\" href=\"https:\/\/cvinoticias.com\/v3\/iguazu-vecinos-alertaron-por-un-hombre-que-llevaba-una-reja-y-la-policia-recupero-lo-robado\/\" \/>\n<meta property=\"og:locale\" content=\"es_ES\" \/>\n<meta property=\"og:type\" content=\"article\" \/>\n<meta property=\"og:title\" content=\"Iguaz\u00fa: detuvieron a un hombre que llevaba una reja | CVI NOTICIAS\" \/>\n<meta property=\"og:description\" content=\"Un hombre fue detenido en Iguaz\u00fa tras ser sorprendido con una reja robada de una vivienda del mismo barrio.\" \/>\n<meta property=\"og:url\" content=\"https:\/\/cvinoticias.com\/v3\/iguazu-vecinos-alertaron-por-un-hombre-que-llevaba-una-reja-y-la-policia-recupero-lo-robado\/\" \/>\n<meta property=\"og:site_name\" content=\"CVI NOTICIAS\" \/>\n<meta property=\"article:publisher\" content=\"https:\/\/www.facebook.com\/cvinoticias\" \/>\n<meta property=\"article:published_time\" content=\"2026-08-31T12:03:11+00:00\" \/>\n<meta property=\"article:modified_time\" content=\"2026-08-31T12:03:13+00:00\" \/>\n<meta property=\"og:image\" content=\"https:\/\/cvinoticias.com\/wp-content\/uploads\/2026\/08\/789426040_1062410709849653_6607514512759376021_n.jpeg\" \/>\n\t<meta property=\"og:image:width\" content=\"900\" \/>\n\t<meta property=\"og:image:height\" content=\"1600\" \/>\n\t<meta property=\"og:image:type\" content=\"image\/jpeg\" \/>\n<meta name=\"author\" content=\"f1000024\" \/>\n<meta name=\"twitter:card\" content=\"summary_large_image\" \/>\n<meta name=\"twitter:label1\" content=\"Escrito por\" \/>\n\t<meta name=\"twitter:data1\" content=\"f1000024\" \/>\n\t<meta name=\"twitter:label2\" content=\"Tiempo de lectura\" \/>\n\t<meta name=\"twitter:data2\" content=\"2 minutos\" \/>\n<script type=\"application\/ld+json\" class=\"yoast-schema-graph\">{\"@context\":\"https:\\\/\\\/schema.org\",\"@graph\":[{\"@type\":\"Article\",\"@id\":\"https:\\\/\\\/cvinoticias.com\\\/v3\\\/iguazu-vecinos-alertaron-por-un-hombre-que-llevaba-una-reja-y-la-policia-recupero-lo-robado\\\/#article\",\"isPartOf\":{\"@id\":\"https:\\\/\\\/cvinoticias.com\\\/v3\\\/iguazu-vecinos-alertaron-por-un-hombre-que-llevaba-una-reja-y-la-policia-recupero-lo-robado\\\/\"},\"author\":{\"name\":\"f1000024\",\"@id\":\"https:\\\/\\\/cvinoticias.com\\\/v3\\\/#\\\/schema\\\/person\\\/2db77e3c6bc03c538495d7b2b8be9b66\"},\"headline\":\"Iguaz\u00fa: vecinos alertaron por un hombre que llevaba una reja y la Polic\u00eda recuper\u00f3 lo robado\",\"datePublished\":\"2026-08-31T12:03:11+00:00\",\"dateModified\":\"2026-08-31T12:03:13+00:00\",\"mainEntityOfPage\":{\"@id\":\"https:\\\/\\\/cvinoticias.com\\\/v3\\\/iguazu-vecinos-alertaron-por-un-hombre-que-llevaba-una-reja-y-la-policia-recupero-lo-robado\\\/\"},\"wordCount\":278,\"commentCount\":0,\"publisher\":{\"@id\":\"https:\\\/\\\/cvinoticias.com\\\/v3\\\/#organization\"},\"image\":{\"@id\":\"https:\\\/\\\/cvinoticias.com\\\/v3\\\/iguazu-vecinos-alertaron-por-un-hombre-que-llevaba-una-reja-y-la-policia-recupero-lo-robado\\\/#primaryimage\"},\"thumbnailUrl\":\"https:\\\/\\\/cvinoticias.com\\\/wp-content\\\/uploads\\\/2026\\\/08\\\/789426040_1062410709849653_6607514512759376021_n.jpeg\",\"keywords\":[\"detendido\",\"Iguaz\u00fa\",\"Reja\",\"Robo\"],\"articleSection\":[\"Policiales\"],\"inLanguage\":\"es\",\"potentialAction\":[{\"@type\":\"CommentAction\",\"name\":\"Comment\",\"target\":[\"https:\\\/\\\/cvinoticias.com\\\/v3\\\/iguazu-vecinos-alertaron-por-un-hombre-que-llevaba-una-reja-y-la-policia-recupero-lo-robado\\\/#respond\"]}]},{\"@type\":\"WebPage\",\"@id\":\"https:\\\/\\\/cvinoticias.com\\\/v3\\\/iguazu-vecinos-alertaron-por-un-hombre-que-llevaba-una-reja-y-la-policia-recupero-lo-robado\\\/\",\"url\":\"https:\\\/\\\/cvinoticias.com\\\/v3\\\/iguazu-vecinos-alertaron-por-un-hombre-que-llevaba-una-reja-y-la-policia-recupero-lo-robado\\\/\",\"name\":\"Iguaz\u00fa: detuvieron a un hombre que llevaba una reja | CVI NOTICIAS\",\"isPartOf\":{\"@id\":\"https:\\\/\\\/cvinoticias.com\\\/v3\\\/#website\"},\"primaryImageOfPage\":{\"@id\":\"https:\\\/\\\/cvinoticias.com\\\/v3\\\/iguazu-vecinos-alertaron-por-un-hombre-que-llevaba-una-reja-y-la-policia-recupero-lo-robado\\\/#primaryimage\"},\"image\":{\"@id\":\"https:\\\/\\\/cvinoticias.com\\\/v3\\\/iguazu-vecinos-alertaron-por-un-hombre-que-llevaba-una-reja-y-la-policia-recupero-lo-robado\\\/#primaryimage\"},\"thumbnailUrl\":\"https:\\\/\\\/cvinoticias.com\\\/wp-content\\\/uploads\\\/2026\\\/08\\\/789426040_1062410709849653_6607514512759376021_n.jpeg\",\"datePublished\":\"2026-08-31T12:03:11+00:00\",\"dateModified\":\"2026-08-31T12:03:13+00:00\",\"description\":\"Un hombre fue detenido en Iguaz\u00fa tras ser sorprendido con una reja robada de una vivienda del mismo barrio.\",\"breadcrumb\":{\"@id\":\"https:\\\/\\\/cvinoticias.com\\\/v3\\\/iguazu-vecinos-alertaron-por-un-hombre-que-llevaba-una-reja-y-la-policia-recupero-lo-robado\\\/#breadcrumb\"},\"inLanguage\":\"es\",\"potentialAction\":[{\"@type\":\"ReadAction\",\"target\":[\"https:\\\/\\\/cvinoticias.com\\\/v3\\\/iguazu-vecinos-alertaron-por-un-hombre-que-llevaba-una-reja-y-la-policia-recupero-lo-robado\\\/\"]}]},{\"@type\":\"ImageObject\",\"inLanguage\":\"es\",\"@id\":\"https:\\\/\\\/cvinoticias.com\\\/v3\\\/iguazu-vecinos-alertaron-por-un-hombre-que-llevaba-una-reja-y-la-policia-recupero-lo-robado\\\/#primaryimage\",\"url\":\"https:\\\/\\\/cvinoticias.com\\\/wp-content\\\/uploads\\\/2026\\\/08\\\/789426040_1062410709849653_6607514512759376021_n.jpeg\",\"contentUrl\":\"https:\\\/\\\/cvinoticias.com\\\/wp-content\\\/uploads\\\/2026\\\/08\\\/789426040_1062410709849653_6607514512759376021_n.jpeg\",\"width\":900,\"height\":1600},{\"@type\":\"BreadcrumbList\",\"@id\":\"https:\\\/\\\/cvinoticias.com\\\/v3\\\/iguazu-vecinos-alertaron-por-un-hombre-que-llevaba-una-reja-y-la-policia-recupero-lo-robado\\\/#breadcrumb\",\"itemListElement\":[{\"@type\":\"ListItem\",\"position\":1,\"name\":\"Portada\",\"item\":\"https:\\\/\\\/cvinoticias.com\\\/v3\\\/\"},{\"@type\":\"ListItem\",\"position\":2,\"name\":\"Iguaz\u00fa: vecinos alertaron por un hombre que llevaba una reja y la Polic\u00eda recuper\u00f3 lo robado\"}]},{\"@type\":\"WebSite\",\"@id\":\"https:\\\/\\\/cvinoticias.com\\\/v3\\\/#website\",\"url\":\"https:\\\/\\\/cvinoticias.com\\\/v3\\\/\",\"name\":\"CVI NOTICIAS\",\"description\":\"\",\"publisher\":{\"@id\":\"https:\\\/\\\/cvinoticias.com\\\/v3\\\/#organization\"},\"alternateName\":\"CVI\",\"potentialAction\":[{\"@type\":\"SearchAction\",\"target\":{\"@type\":\"EntryPoint\",\"urlTemplate\":\"https:\\\/\\\/cvinoticias.com\\\/v3\\\/?s={search_term_string}\"},\"query-input\":{\"@type\":\"PropertyValueSpecification\",\"valueRequired\":true,\"valueName\":\"search_term_string\"}}],\"inLanguage\":\"es\"},{\"@type\":\"Organization\",\"@id\":\"https:\\\/\\\/cvinoticias.com\\\/v3\\\/#organization\",\"name\":\"CVI NOTICIAS\",\"url\":\"https:\\\/\\\/cvinoticias.com\\\/v3\\\/\",\"logo\":{\"@type\":\"ImageObject\",\"inLanguage\":\"es\",\"@id\":\"https:\\\/\\\/cvinoticias.com\\\/v3\\\/#\\\/schema\\\/logo\\\/image\\\/\",\"url\":\"https:\\\/\\\/cvinoticias.com\\\/wp-content\\\/uploads\\\/2023\\\/04\\\/cropped-cropped-cropped-cropped-cropped-3-1.png\",\"contentUrl\":\"https:\\\/\\\/cvinoticias.com\\\/wp-content\\\/uploads\\\/2023\\\/04\\\/cropped-cropped-cropped-cropped-cropped-3-1.png\",\"width\":95,\"height\":122,\"caption\":\"CVI NOTICIAS\"},\"image\":{\"@id\":\"https:\\\/\\\/cvinoticias.com\\\/v3\\\/#\\\/schema\\\/logo\\\/image\\\/\"},\"sameAs\":[\"https:\\\/\\\/www.facebook.com\\\/cvinoticias\",\"https:\\\/\\\/www.instagram.com\\\/cvinoticias\\\/\",\"https:\\\/\\\/www.youtube.com\\\/@CVINOTICIAS\"]},{\"@type\":\"Person\",\"@id\":\"https:\\\/\\\/cvinoticias.com\\\/v3\\\/#\\\/schema\\\/person\\\/2db77e3c6bc03c538495d7b2b8be9b66\",\"name\":\"f1000024\",\"image\":{\"@type\":\"ImageObject\",\"inLanguage\":\"es\",\"@id\":\"https:\\\/\\\/secure.gravatar.com\\\/avatar\\\/d4fe7459cfc51ff5129ce1a732bbef5928568b8092d412ef95611616376bbeed?s=96&d=mm&r=g\",\"url\":\"https:\\\/\\\/secure.gravatar.com\\\/avatar\\\/d4fe7459cfc51ff5129ce1a732bbef5928568b8092d412ef95611616376bbeed?s=96&d=mm&r=g\",\"contentUrl\":\"https:\\\/\\\/secure.gravatar.com\\\/avatar\\\/d4fe7459cfc51ff5129ce1a732bbef5928568b8092d412ef95611616376bbeed?s=96&d=mm&r=g\",\"caption\":\"f1000024\"},\"url\":\"https:\\\/\\\/cvinoticias.com\\\/v3\\\/author\\\/f1000024\\\/\"}]}<\/script>\n<!-- \/ Yoast SEO plugin. -->","yoast_head_json":{"title":"Iguaz\u00fa: detuvieron a un hombre que llevaba una reja | CVI NOTICIAS","description":"Un hombre fue detenido en Iguaz\u00fa tras ser sorprendido con una reja robada de una vivienda del mismo barrio.","robots":{"index":"index","follow":"follow","max-snippet":"max-snippet:-1","max-image-preview":"max-image-preview:large","max-video-preview":"max-video-preview:-1"},"canonical":"https:\/\/cvinoticias.com\/v3\/iguazu-vecinos-alertaron-por-un-hombre-que-llevaba-una-reja-y-la-policia-recupero-lo-robado\/","og_locale":"es_ES","og_type":"article","og_title":"Iguaz\u00fa: detuvieron a un hombre que llevaba una reja | CVI NOTICIAS","og_description":"Un hombre fue detenido en Iguaz\u00fa tras ser sorprendido con una reja robada de una vivienda del mismo barrio.","og_url":"https:\/\/cvinoticias.com\/v3\/iguazu-vecinos-alertaron-por-un-hombre-que-llevaba-una-reja-y-la-policia-recupero-lo-robado\/","og_site_name":"CVI NOTICIAS","article_publisher":"https:\/\/www.facebook.com\/cvinoticias","article_published_time":"2026-08-31T12:03:11+00:00","article_modified_time":"2026-08-31T12:03:13+00:00","og_image":[{"width":900,"height":1600,"url":"https:\/\/cvinoticias.com\/wp-content\/uploads\/2026\/08\/789426040_1062410709849653_6607514512759376021_n.jpeg","type":"image\/jpeg"}],"author":"f1000024","twitter_card":"summary_large_image","twitter_misc":{"Escrito por":"f1000024","Tiempo de lectura":"2 minutos"},"schema":{"@context":"https:\/\/schema.org","@graph":[{"@type":"Article","@id":"https:\/\/cvinoticias.com\/v3\/iguazu-vecinos-alertaron-por-un-hombre-que-llevaba-una-reja-y-la-policia-recupero-lo-robado\/#article","isPartOf":{"@id":"https:\/\/cvinoticias.com\/v3\/iguazu-vecinos-alertaron-por-un-hombre-que-llevaba-una-reja-y-la-policia-recupero-lo-robado\/"},"author":{"name":"f1000024","@id":"https:\/\/cvinoticias.com\/v3\/#\/schema\/person\/2db77e3c6bc03c538495d7b2b8be9b66"},"headline":"Iguaz\u00fa: vecinos alertaron por un hombre que llevaba una reja y la Polic\u00eda recuper\u00f3 lo robado","datePublished":"2026-08-31T12:03:11+00:00","dateModified":"2026-08-31T12:03:13+00:00","mainEntityOfPage":{"@id":"https:\/\/cvinoticias.com\/v3\/iguazu-vecinos-alertaron-por-un-hombre-que-llevaba-una-reja-y-la-policia-recupero-lo-robado\/"},"wordCount":278,"commentCount":0,"publisher":{"@id":"https:\/\/cvinoticias.com\/v3\/#organization"},"image":{"@id":"https:\/\/cvinoticias.com\/v3\/iguazu-vecinos-alertaron-por-un-hombre-que-llevaba-una-reja-y-la-policia-recupero-lo-robado\/#primaryimage"},"thumbnailUrl":"https:\/\/cvinoticias.com\/wp-content\/uploads\/2026\/08\/789426040_1062410709849653_6607514512759376021_n.jpeg","keywords":["detendido","Iguaz\u00fa","Reja","Robo"],"articleSection":["Policiales"],"inLanguage":"es","potentialAction":[{"@type":"CommentAction","name":"Comment","target":["https:\/\/cvinoticias.com\/v3\/iguazu-vecinos-alertaron-por-un-hombre-que-llevaba-una-reja-y-la-policia-recupero-lo-robado\/#respond"]}]},{"@type":"WebPage","@id":"https:\/\/cvinoticias.com\/v3\/iguazu-vecinos-alertaron-por-un-hombre-que-llevaba-una-reja-y-la-policia-recupero-lo-robado\/","url":"https:\/\/cvinoticias.com\/v3\/iguazu-vecinos-alertaron-por-un-hombre-que-llevaba-una-reja-y-la-policia-recupero-lo-robado\/","name":"Iguaz\u00fa: detuvieron a un hombre que llevaba una reja | CVI NOTICIAS","isPartOf":{"@id":"https:\/\/cvinoticias.com\/v3\/#website"},"primaryImageOfPage":{"@id":"https:\/\/cvinoticias.com\/v3\/iguazu-vecinos-alertaron-por-un-hombre-que-llevaba-una-reja-y-la-policia-recupero-lo-robado\/#primaryimage"},"image":{"@id":"https:\/\/cvinoticias.com\/v3\/iguazu-vecinos-alertaron-por-un-hombre-que-llevaba-una-reja-y-la-policia-recupero-lo-robado\/#primaryimage"},"thumbnailUrl":"https:\/\/cvinoticias.com\/wp-content\/uploads\/2026\/08\/789426040_1062410709849653_6607514512759376021_n.jpeg","datePublished":"2026-08-31T12:03:11+00:00","dateModified":"2026-08-31T12:03:13+00:00","description":"Un hombre fue detenido en Iguaz\u00fa tras ser sorprendido con una reja robada de una vivienda del mismo barrio.","breadcrumb":{"@id":"https:\/\/cvinoticias.com\/v3\/iguazu-vecinos-alertaron-por-un-hombre-que-llevaba-una-reja-y-la-policia-recupero-lo-robado\/#breadcrumb"},"inLanguage":"es","potentialAction":[{"@type":"ReadAction","target":["https:\/\/cvinoticias.com\/v3\/iguazu-vecinos-alertaron-por-un-hombre-que-llevaba-una-reja-y-la-policia-recupero-lo-robado\/"]}]},{"@type":"ImageObject","inLanguage":"es","@id":"https:\/\/cvinoticias.com\/v3\/iguazu-vecinos-alertaron-por-un-hombre-que-llevaba-una-reja-y-la-policia-recupero-lo-robado\/#primaryimage","url":"https:\/\/cvinoticias.com\/wp-content\/uploads\/2026\/08\/789426040_1062410709849653_6607514512759376021_n.jpeg","contentUrl":"https:\/\/cvinoticias.com\/wp-content\/uploads\/2026\/08\/789426040_1062410709849653_6607514512759376021_n.jpeg","width":900,"height":1600},{"@type":"BreadcrumbList","@id":"https:\/\/cvinoticias.com\/v3\/iguazu-vecinos-alertaron-por-un-hombre-que-llevaba-una-reja-y-la-policia-recupero-lo-robado\/#breadcrumb","itemListElement":[{"@type":"ListItem","position":1,"name":"Portada","item":"https:\/\/cvinoticias.com\/v3\/"},{"@type":"ListItem","position":2,"name":"Iguaz\u00fa: vecinos alertaron por un hombre que llevaba una reja y la Polic\u00eda recuper\u00f3 lo robado"}]},{"@type":"WebSite","@id":"https:\/\/cvinoticias.com\/v3\/#website","url":"https:\/\/cvinoticias.com\/v3\/","name":"CVI NOTICIAS","description":"","publisher":{"@id":"https:\/\/cvinoticias.com\/v3\/#organization"},"alternateName":"CVI","potentialAction":[{"@type":"SearchAction","target":{"@type":"EntryPoint","urlTemplate":"https:\/\/cvinoticias.com\/v3\/?s={search_term_string}"},"query-input":{"@type":"PropertyValueSpecification","valueRequired":true,"valueName":"search_term_string"}}],"inLanguage":"es"},{"@type":"Organization","@id":"https:\/\/cvinoticias.com\/v3\/#organization","name":"CVI NOTICIAS","url":"https:\/\/cvinoticias.com\/v3\/","logo":{"@type":"ImageObject","inLanguage":"es","@id":"https:\/\/cvinoticias.com\/v3\/#\/schema\/logo\/image\/","url":"https:\/\/cvinoticias.com\/wp-content\/uploads\/2023\/04\/cropped-cropped-cropped-cropped-cropped-3-1.png","contentUrl":"https:\/\/cvinoticias.com\/wp-content\/uploads\/2023\/04\/cropped-cropped-cropped-cropped-cropped-3-1.png","width":95,"height":122,"caption":"CVI NOTICIAS"},"image":{"@id":"https:\/\/cvinoticias.com\/v3\/#\/schema\/logo\/image\/"},"sameAs":["https:\/\/www.facebook.com\/cvinoticias","https:\/\/www.instagram.com\/cvinoticias\/","https:\/\/www.youtube.com\/@CVINOTICIAS"]},{"@type":"Person","@id":"https:\/\/cvinoticias.com\/v3\/#\/schema\/person\/2db77e3c6bc03c538495d7b2b8be9b66","name":"f1000024","image":{"@type":"ImageObject","inLanguage":"es","@id":"https:\/\/secure.gravatar.com\/avatar\/d4fe7459cfc51ff5129ce1a732bbef5928568b8092d412ef95611616376bbeed?s=96&d=mm&r=g","url":"https:\/\/secure.gravatar.com\/avatar\/d4fe7459cfc51ff5129ce1a732bbef5928568b8092d412ef95611616376bbeed?s=96&d=mm&r=g","contentUrl":"https:\/\/secure.gravatar.com\/avatar\/d4fe7459cfc51ff5129ce1a732bbef5928568b8092d412ef95611616376bbeed?s=96&d=mm&r=g","caption":"f1000024"},"url":"https:\/\/cvinoticias.com\/v3\/author\/f1000024\/"}]}},"_links":{"self":[{"href":"https:\/\/cvinoticias.com\/v3\/wp-json\/wp\/v2\/posts\/62585","targetHints":{"allow":["GET"]}}],"collection":[{"href":"https:\/\/cvinoticias.com\/v3\/wp-json\/wp\/v2\/posts"}],"about":[{"href":"https:\/\/cvinoticias.com\/v3\/wp-json\/wp\/v2\/types\/post"}],"author":[{"embeddable":true,"href":"https:\/\/cvinoticias.com\/v3\/wp-json\/wp\/v2\/users\/2"}],"replies":[{"embeddable":true,"href":"https:\/\/cvinoticias.com\/v3\/wp-json\/wp\/v2\/comments?post=62585"}],"version-history":[{"count":1,"href":"https:\/\/cvinoticias.com\/v3\/wp-json\/wp\/v2\/posts\/62585\/revisions"}],"predecessor-version":[{"id":62587,"href":"https:\/\/cvinoticias.com\/v3\/wp-json\/wp\/v2\/posts\/62585\/revisions\/62587"}],"wp:featuredmedia":[{"embeddable":true,"href":"https:\/\/cvinoticias.com\/v3\/wp-json\/wp\/v2\/media\/62586"}],"wp:attachment":[{"href":"https:\/\/cvinoticias.com\/v3\/wp-json\/wp\/v2\/media?parent=62585"}],"wp:term":[{"taxonomy":"category","embeddable":true,"href":"https:\/\/cvinoticias.com\/v3\/wp-json\/wp\/v2\/categories?post=62585"},{"taxonomy":"post_tag","embeddable":true,"href":"https:\/\/cvinoticias.com\/v3\/wp-json\/wp\/v2\/tags?post=62585"}],"curies":[{"name":"wp","href":"https:\/\/api.w.org\/{rel}","templated":true}]}}