{"id":62575,"date":"2026-08-31T08:49:43","date_gmt":"2026-08-31T11:49:43","guid":{"rendered":"https:\/\/cvinoticias.com\/v3\/?p=62575"},"modified":"2026-08-31T08:49:45","modified_gmt":"2026-08-31T11:49:45","slug":"dia-internacional-de-la-solidaridad-por-que-se-conmemora-cada-31-de-agosto","status":"publish","type":"post","link":"https:\/\/cvinoticias.com\/v3\/dia-internacional-de-la-solidaridad-por-que-se-conmemora-cada-31-de-agosto\/","title":{"rendered":"D\u00eda Internacional de la Solidaridad: por qu\u00e9 se conmemora cada 31 de agosto"},"content":{"rendered":"\n<p class=\"wp-block-paragraph\">Cada <strong>31 de agosto<\/strong> se conmemora el <strong>D\u00eda Internacional de la Solidaridad<\/strong>, una fecha destinada a promover y fortalecer los valores de solidaridad entre las naciones, los pueblos y las personas.<\/p>\n\n\n\n<p class=\"wp-block-paragraph\">La jornada tiene un fuerte significado hist\u00f3rico y est\u00e1 vinculada con uno de los movimientos sociales m\u00e1s importantes de la Europa del siglo XX: <strong>Solidarno\u015b\u0107 (Solidaridad)<\/strong>, surgido en Polonia en 1980 en medio de una profunda crisis econ\u00f3mica, social y pol\u00edtica.<\/p>\n\n\n\n<h2 class=\"wp-block-heading\">El origen hist\u00f3rico de la fecha<\/h2>\n\n\n\n<p class=\"wp-block-paragraph\">El 31 de agosto de 1980 se produjo un acontecimiento que marc\u00f3 un antes y un despu\u00e9s en la historia contempor\u00e1nea de Polonia. Tras varias semanas de huelgas, el Gobierno comunista y los trabajadores del <strong>Astillero de Gda\u0144sk<\/strong> alcanzaron un acuerdo conocido como los <strong>Acuerdos de Agosto<\/strong>.<\/p>\n\n\n\n<p class=\"wp-block-paragraph\">Las protestas hab\u00edan comenzado en un contexto de deterioro econ\u00f3mico y creciente malestar social. El movimiento reclamaba, entre otros puntos, el derecho a formar sindicatos independientes, libertad de expresi\u00f3n y el derecho a huelga. (<a href=\"https:\/\/www.solidarnosc.org.pl\/stara\/archiwum-aktow-prawnych\/item\/401-history-in-dates.html?utm_source=chatgpt.com\">Solidarnosc<\/a>)<\/p>\n\n\n\n<p class=\"wp-block-paragraph\">El acuerdo firmado en Gda\u0144sk permiti\u00f3 la creaci\u00f3n de un sindicato independiente y autogestionado, <strong>Solidarno\u015b\u0107<\/strong>, liderado en sus comienzos por el dirigente sindical y electricista <strong>Lech Wa\u0142\u0119sa<\/strong>. La organizaci\u00f3n lleg\u00f3 a convertirse en un movimiento social de enorme alcance y reuni\u00f3 a millones de trabajadores polacos. (<a href=\"https:\/\/www.ilo.org\/resource\/article\/ilo-and-story-solidarnosc?utm_source=chatgpt.com\">OIT<\/a>)<\/p>\n\n\n\n<h2 class=\"wp-block-heading\">Un movimiento que trascendi\u00f3 las fronteras de Polonia<\/h2>\n\n\n\n<p class=\"wp-block-paragraph\">La importancia de Solidaridad no qued\u00f3 limitada al \u00e1mbito sindical. El movimiento se convirti\u00f3 en uno de los principales s\u00edmbolos de la resistencia pac\u00edfica frente al r\u00e9gimen comunista y tuvo una influencia decisiva en los acontecimientos que, a\u00f1os despu\u00e9s, contribuyeron al proceso de democratizaci\u00f3n de Europa del Este.<\/p>\n\n\n\n<p class=\"wp-block-paragraph\">En 1989, tras a\u00f1os de represi\u00f3n y negociaciones, Solidaridad recuper\u00f3 su reconocimiento legal y particip\u00f3 en las conversaciones que llevaron a las primeras elecciones parcialmente libres de Polonia desde la Segunda Guerra Mundial. Ese proceso se convirti\u00f3 en un antecedente fundamental para la transformaci\u00f3n pol\u00edtica de la regi\u00f3n. (<a href=\"https:\/\/www.ilo.org\/resource\/article\/ilo-and-story-solidarnosc?utm_source=chatgpt.com\">OIT<\/a>)<\/p>\n\n\n\n<h2 class=\"wp-block-heading\">Cu\u00e1ndo fue establecido el D\u00eda Internacional de la Solidaridad<\/h2>\n\n\n\n<p class=\"wp-block-paragraph\">La elecci\u00f3n del 31 de agosto como D\u00eda Internacional de la Solidaridad fue impulsada ante la Asamblea General de las Naciones Unidas en el marco de la conmemoraci\u00f3n del vig\u00e9simo aniversario del nacimiento del movimiento Solidaridad.<\/p>\n\n\n\n<p class=\"wp-block-paragraph\">En el proyecto de resoluci\u00f3n se destac\u00f3 que los acontecimientos de Polonia hab\u00edan demostrado la importancia de la solidaridad para promover la cooperaci\u00f3n, el entendimiento entre los pueblos, la paz y el respeto por los derechos humanos. La propuesta plante\u00f3 proclamar el 31 de agosto como D\u00eda Internacional de la Solidaridad para fortalecer esos valores entre las naciones, los pueblos y las personas. (<a href=\"https:\/\/digitallibrary.un.org\/record\/427313\/files\/A_55_238-ES.pdf?utm_source=chatgpt.com\">Digital Library<\/a>)<\/p>\n\n\n\n<h2 class=\"wp-block-heading\">El significado de la solidaridad<\/h2>\n\n\n\n<p class=\"wp-block-paragraph\">M\u00e1s all\u00e1 de su origen hist\u00f3rico, la fecha busca poner en primer plano un principio que atraviesa a las sociedades: la capacidad de las personas para <strong>unirse frente a las dificultades, defender derechos y acompa\u00f1ar a quienes atraviesan situaciones de vulnerabilidad<\/strong>.<\/p>\n\n\n\n<p class=\"wp-block-paragraph\">La solidaridad puede expresarse tanto en grandes movimientos sociales como en acciones cotidianas. La cooperaci\u00f3n entre comunidades, la ayuda frente a emergencias, la defensa de derechos y el acompa\u00f1amiento a quienes m\u00e1s lo necesitan son algunas de las formas en que este valor puede ponerse en pr\u00e1ctica.<\/p>\n\n\n\n<h2 class=\"wp-block-heading\">Una fecha para recordar el poder de la uni\u00f3n<\/h2>\n\n\n\n<p class=\"wp-block-paragraph\">El D\u00eda Internacional de la Solidaridad invita a reflexionar sobre el impacto que puede tener una sociedad cuando sus integrantes dejan de actuar de manera aislada y encuentran objetivos comunes.<\/p>\n\n\n\n<p class=\"wp-block-paragraph\">A m\u00e1s de cuatro d\u00e9cadas de los acontecimientos que dieron origen a Solidaridad en Polonia, el <strong>31 de agosto<\/strong> permanece como una jornada para recordar que la cooperaci\u00f3n, la defensa de la dignidad y la b\u00fasqueda colectiva de mejores condiciones pueden generar transformaciones profundas en la sociedad.<\/p>\n\n\n\n<p class=\"wp-block-paragraph\"><\/p>\n","protected":false},"excerpt":{"rendered":"<p>Cada 31 de agosto se conmemora el D\u00eda Internacional de la Solidaridad, una fecha destinada a promover y fortalecer los valores de solidaridad entre las naciones, los pueblos y las personas. La jornada tiene un fuerte significado hist\u00f3rico y est\u00e1 vinculada con uno de los movimientos sociales m\u00e1s importantes de la Europa del siglo XX: [&hellip;]<\/p>\n","protected":false},"author":2,"featured_media":62576,"comment_status":"open","ping_status":"closed","sticky":false,"template":"","format":"standard","meta":{"footnotes":""},"categories":[442],"tags":[554,1441,507],"class_list":["post-62575","post","type-post","status-publish","format-standard","has-post-thumbnail","hentry","category-efemerides-2","tag-dia","tag-internacional","tag-solidaridad"],"yoast_head":"<!-- This site is optimized with the Yoast SEO plugin v28.3 - https:\/\/yoast.com\/product\/yoast-seo-wordpress\/ -->\n<title>D\u00eda Internacional de la Solidaridad: por qu\u00e9 se celebra | CVI NOTICIAS<\/title>\n<meta name=\"description\" content=\"Conoc\u00e9 el origen y la historia del D\u00eda Internacional de la Solidaridad, que se conmemora cada 31 de agosto.\" \/>\n<meta name=\"robots\" content=\"index, follow, max-snippet:-1, max-image-preview:large, max-video-preview:-1\" \/>\n<link rel=\"canonical\" href=\"https:\/\/cvinoticias.com\/v3\/dia-internacional-de-la-solidaridad-por-que-se-conmemora-cada-31-de-agosto\/\" \/>\n<meta property=\"og:locale\" content=\"es_ES\" \/>\n<meta property=\"og:type\" content=\"article\" \/>\n<meta property=\"og:title\" content=\"D\u00eda Internacional de la Solidaridad: por qu\u00e9 se celebra | CVI NOTICIAS\" \/>\n<meta property=\"og:description\" content=\"Conoc\u00e9 el origen y la historia del D\u00eda Internacional de la Solidaridad, que se conmemora cada 31 de agosto.\" \/>\n<meta property=\"og:url\" content=\"https:\/\/cvinoticias.com\/v3\/dia-internacional-de-la-solidaridad-por-que-se-conmemora-cada-31-de-agosto\/\" \/>\n<meta property=\"og:site_name\" content=\"CVI NOTICIAS\" \/>\n<meta property=\"article:publisher\" content=\"https:\/\/www.facebook.com\/cvinoticias\" \/>\n<meta property=\"article:published_time\" content=\"2026-08-31T11:49:43+00:00\" \/>\n<meta property=\"article:modified_time\" content=\"2026-08-31T11:49:45+00:00\" \/>\n<meta property=\"og:image\" content=\"https:\/\/cvinoticias.com\/wp-content\/uploads\/2026\/08\/images-1-2.jpeg\" \/>\n\t<meta property=\"og:image:width\" content=\"701\" \/>\n\t<meta property=\"og:image:height\" content=\"438\" \/>\n\t<meta property=\"og:image:type\" content=\"image\/jpeg\" \/>\n<meta name=\"author\" content=\"f1000024\" \/>\n<meta name=\"twitter:card\" content=\"summary_large_image\" \/>\n<meta name=\"twitter:label1\" content=\"Escrito por\" \/>\n\t<meta name=\"twitter:data1\" content=\"f1000024\" \/>\n\t<meta name=\"twitter:label2\" content=\"Tiempo de lectura\" \/>\n\t<meta name=\"twitter:data2\" content=\"3 minutos\" \/>\n<script type=\"application\/ld+json\" class=\"yoast-schema-graph\">{\"@context\":\"https:\\\/\\\/schema.org\",\"@graph\":[{\"@type\":\"Article\",\"@id\":\"https:\\\/\\\/cvinoticias.com\\\/v3\\\/dia-internacional-de-la-solidaridad-por-que-se-conmemora-cada-31-de-agosto\\\/#article\",\"isPartOf\":{\"@id\":\"https:\\\/\\\/cvinoticias.com\\\/v3\\\/dia-internacional-de-la-solidaridad-por-que-se-conmemora-cada-31-de-agosto\\\/\"},\"author\":{\"name\":\"f1000024\",\"@id\":\"https:\\\/\\\/cvinoticias.com\\\/v3\\\/#\\\/schema\\\/person\\\/2db77e3c6bc03c538495d7b2b8be9b66\"},\"headline\":\"D\u00eda Internacional de la Solidaridad: por qu\u00e9 se conmemora cada 31 de agosto\",\"datePublished\":\"2026-08-31T11:49:43+00:00\",\"dateModified\":\"2026-08-31T11:49:45+00:00\",\"mainEntityOfPage\":{\"@id\":\"https:\\\/\\\/cvinoticias.com\\\/v3\\\/dia-internacional-de-la-solidaridad-por-que-se-conmemora-cada-31-de-agosto\\\/\"},\"wordCount\":656,\"commentCount\":0,\"publisher\":{\"@id\":\"https:\\\/\\\/cvinoticias.com\\\/v3\\\/#organization\"},\"image\":{\"@id\":\"https:\\\/\\\/cvinoticias.com\\\/v3\\\/dia-internacional-de-la-solidaridad-por-que-se-conmemora-cada-31-de-agosto\\\/#primaryimage\"},\"thumbnailUrl\":\"https:\\\/\\\/cvinoticias.com\\\/wp-content\\\/uploads\\\/2026\\\/08\\\/images-1-2.jpeg\",\"keywords\":[\"D\u00eda\",\"Internacional\",\"Solidaridad\"],\"articleSection\":[\"EFEMERIDES\"],\"inLanguage\":\"es\",\"potentialAction\":[{\"@type\":\"CommentAction\",\"name\":\"Comment\",\"target\":[\"https:\\\/\\\/cvinoticias.com\\\/v3\\\/dia-internacional-de-la-solidaridad-por-que-se-conmemora-cada-31-de-agosto\\\/#respond\"]}]},{\"@type\":\"WebPage\",\"@id\":\"https:\\\/\\\/cvinoticias.com\\\/v3\\\/dia-internacional-de-la-solidaridad-por-que-se-conmemora-cada-31-de-agosto\\\/\",\"url\":\"https:\\\/\\\/cvinoticias.com\\\/v3\\\/dia-internacional-de-la-solidaridad-por-que-se-conmemora-cada-31-de-agosto\\\/\",\"name\":\"D\u00eda Internacional de la Solidaridad: por qu\u00e9 se celebra | CVI NOTICIAS\",\"isPartOf\":{\"@id\":\"https:\\\/\\\/cvinoticias.com\\\/v3\\\/#website\"},\"primaryImageOfPage\":{\"@id\":\"https:\\\/\\\/cvinoticias.com\\\/v3\\\/dia-internacional-de-la-solidaridad-por-que-se-conmemora-cada-31-de-agosto\\\/#primaryimage\"},\"image\":{\"@id\":\"https:\\\/\\\/cvinoticias.com\\\/v3\\\/dia-internacional-de-la-solidaridad-por-que-se-conmemora-cada-31-de-agosto\\\/#primaryimage\"},\"thumbnailUrl\":\"https:\\\/\\\/cvinoticias.com\\\/wp-content\\\/uploads\\\/2026\\\/08\\\/images-1-2.jpeg\",\"datePublished\":\"2026-08-31T11:49:43+00:00\",\"dateModified\":\"2026-08-31T11:49:45+00:00\",\"description\":\"Conoc\u00e9 el origen y la historia del D\u00eda Internacional de la Solidaridad, que se conmemora cada 31 de agosto.\",\"breadcrumb\":{\"@id\":\"https:\\\/\\\/cvinoticias.com\\\/v3\\\/dia-internacional-de-la-solidaridad-por-que-se-conmemora-cada-31-de-agosto\\\/#breadcrumb\"},\"inLanguage\":\"es\",\"potentialAction\":[{\"@type\":\"ReadAction\",\"target\":[\"https:\\\/\\\/cvinoticias.com\\\/v3\\\/dia-internacional-de-la-solidaridad-por-que-se-conmemora-cada-31-de-agosto\\\/\"]}]},{\"@type\":\"ImageObject\",\"inLanguage\":\"es\",\"@id\":\"https:\\\/\\\/cvinoticias.com\\\/v3\\\/dia-internacional-de-la-solidaridad-por-que-se-conmemora-cada-31-de-agosto\\\/#primaryimage\",\"url\":\"https:\\\/\\\/cvinoticias.com\\\/wp-content\\\/uploads\\\/2026\\\/08\\\/images-1-2.jpeg\",\"contentUrl\":\"https:\\\/\\\/cvinoticias.com\\\/wp-content\\\/uploads\\\/2026\\\/08\\\/images-1-2.jpeg\",\"width\":701,\"height\":438},{\"@type\":\"BreadcrumbList\",\"@id\":\"https:\\\/\\\/cvinoticias.com\\\/v3\\\/dia-internacional-de-la-solidaridad-por-que-se-conmemora-cada-31-de-agosto\\\/#breadcrumb\",\"itemListElement\":[{\"@type\":\"ListItem\",\"position\":1,\"name\":\"Portada\",\"item\":\"https:\\\/\\\/cvinoticias.com\\\/v3\\\/\"},{\"@type\":\"ListItem\",\"position\":2,\"name\":\"D\u00eda Internacional de la Solidaridad: por qu\u00e9 se conmemora cada 31 de agosto\"}]},{\"@type\":\"WebSite\",\"@id\":\"https:\\\/\\\/cvinoticias.com\\\/v3\\\/#website\",\"url\":\"https:\\\/\\\/cvinoticias.com\\\/v3\\\/\",\"name\":\"CVI NOTICIAS\",\"description\":\"\",\"publisher\":{\"@id\":\"https:\\\/\\\/cvinoticias.com\\\/v3\\\/#organization\"},\"alternateName\":\"CVI\",\"potentialAction\":[{\"@type\":\"SearchAction\",\"target\":{\"@type\":\"EntryPoint\",\"urlTemplate\":\"https:\\\/\\\/cvinoticias.com\\\/v3\\\/?s={search_term_string}\"},\"query-input\":{\"@type\":\"PropertyValueSpecification\",\"valueRequired\":true,\"valueName\":\"search_term_string\"}}],\"inLanguage\":\"es\"},{\"@type\":\"Organization\",\"@id\":\"https:\\\/\\\/cvinoticias.com\\\/v3\\\/#organization\",\"name\":\"CVI NOTICIAS\",\"url\":\"https:\\\/\\\/cvinoticias.com\\\/v3\\\/\",\"logo\":{\"@type\":\"ImageObject\",\"inLanguage\":\"es\",\"@id\":\"https:\\\/\\\/cvinoticias.com\\\/v3\\\/#\\\/schema\\\/logo\\\/image\\\/\",\"url\":\"https:\\\/\\\/cvinoticias.com\\\/wp-content\\\/uploads\\\/2023\\\/04\\\/cropped-cropped-cropped-cropped-cropped-3-1.png\",\"contentUrl\":\"https:\\\/\\\/cvinoticias.com\\\/wp-content\\\/uploads\\\/2023\\\/04\\\/cropped-cropped-cropped-cropped-cropped-3-1.png\",\"width\":95,\"height\":122,\"caption\":\"CVI NOTICIAS\"},\"image\":{\"@id\":\"https:\\\/\\\/cvinoticias.com\\\/v3\\\/#\\\/schema\\\/logo\\\/image\\\/\"},\"sameAs\":[\"https:\\\/\\\/www.facebook.com\\\/cvinoticias\",\"https:\\\/\\\/www.instagram.com\\\/cvinoticias\\\/\",\"https:\\\/\\\/www.youtube.com\\\/@CVINOTICIAS\"]},{\"@type\":\"Person\",\"@id\":\"https:\\\/\\\/cvinoticias.com\\\/v3\\\/#\\\/schema\\\/person\\\/2db77e3c6bc03c538495d7b2b8be9b66\",\"name\":\"f1000024\",\"image\":{\"@type\":\"ImageObject\",\"inLanguage\":\"es\",\"@id\":\"https:\\\/\\\/secure.gravatar.com\\\/avatar\\\/d4fe7459cfc51ff5129ce1a732bbef5928568b8092d412ef95611616376bbeed?s=96&d=mm&r=g\",\"url\":\"https:\\\/\\\/secure.gravatar.com\\\/avatar\\\/d4fe7459cfc51ff5129ce1a732bbef5928568b8092d412ef95611616376bbeed?s=96&d=mm&r=g\",\"contentUrl\":\"https:\\\/\\\/secure.gravatar.com\\\/avatar\\\/d4fe7459cfc51ff5129ce1a732bbef5928568b8092d412ef95611616376bbeed?s=96&d=mm&r=g\",\"caption\":\"f1000024\"},\"url\":\"https:\\\/\\\/cvinoticias.com\\\/v3\\\/author\\\/f1000024\\\/\"}]}<\/script>\n<!-- \/ Yoast SEO plugin. -->","yoast_head_json":{"title":"D\u00eda Internacional de la Solidaridad: por qu\u00e9 se celebra | CVI NOTICIAS","description":"Conoc\u00e9 el origen y la historia del D\u00eda Internacional de la Solidaridad, que se conmemora cada 31 de agosto.","robots":{"index":"index","follow":"follow","max-snippet":"max-snippet:-1","max-image-preview":"max-image-preview:large","max-video-preview":"max-video-preview:-1"},"canonical":"https:\/\/cvinoticias.com\/v3\/dia-internacional-de-la-solidaridad-por-que-se-conmemora-cada-31-de-agosto\/","og_locale":"es_ES","og_type":"article","og_title":"D\u00eda Internacional de la Solidaridad: por qu\u00e9 se celebra | CVI NOTICIAS","og_description":"Conoc\u00e9 el origen y la historia del D\u00eda Internacional de la Solidaridad, que se conmemora cada 31 de agosto.","og_url":"https:\/\/cvinoticias.com\/v3\/dia-internacional-de-la-solidaridad-por-que-se-conmemora-cada-31-de-agosto\/","og_site_name":"CVI NOTICIAS","article_publisher":"https:\/\/www.facebook.com\/cvinoticias","article_published_time":"2026-08-31T11:49:43+00:00","article_modified_time":"2026-08-31T11:49:45+00:00","og_image":[{"width":701,"height":438,"url":"https:\/\/cvinoticias.com\/wp-content\/uploads\/2026\/08\/images-1-2.jpeg","type":"image\/jpeg"}],"author":"f1000024","twitter_card":"summary_large_image","twitter_misc":{"Escrito por":"f1000024","Tiempo de lectura":"3 minutos"},"schema":{"@context":"https:\/\/schema.org","@graph":[{"@type":"Article","@id":"https:\/\/cvinoticias.com\/v3\/dia-internacional-de-la-solidaridad-por-que-se-conmemora-cada-31-de-agosto\/#article","isPartOf":{"@id":"https:\/\/cvinoticias.com\/v3\/dia-internacional-de-la-solidaridad-por-que-se-conmemora-cada-31-de-agosto\/"},"author":{"name":"f1000024","@id":"https:\/\/cvinoticias.com\/v3\/#\/schema\/person\/2db77e3c6bc03c538495d7b2b8be9b66"},"headline":"D\u00eda Internacional de la Solidaridad: por qu\u00e9 se conmemora cada 31 de agosto","datePublished":"2026-08-31T11:49:43+00:00","dateModified":"2026-08-31T11:49:45+00:00","mainEntityOfPage":{"@id":"https:\/\/cvinoticias.com\/v3\/dia-internacional-de-la-solidaridad-por-que-se-conmemora-cada-31-de-agosto\/"},"wordCount":656,"commentCount":0,"publisher":{"@id":"https:\/\/cvinoticias.com\/v3\/#organization"},"image":{"@id":"https:\/\/cvinoticias.com\/v3\/dia-internacional-de-la-solidaridad-por-que-se-conmemora-cada-31-de-agosto\/#primaryimage"},"thumbnailUrl":"https:\/\/cvinoticias.com\/wp-content\/uploads\/2026\/08\/images-1-2.jpeg","keywords":["D\u00eda","Internacional","Solidaridad"],"articleSection":["EFEMERIDES"],"inLanguage":"es","potentialAction":[{"@type":"CommentAction","name":"Comment","target":["https:\/\/cvinoticias.com\/v3\/dia-internacional-de-la-solidaridad-por-que-se-conmemora-cada-31-de-agosto\/#respond"]}]},{"@type":"WebPage","@id":"https:\/\/cvinoticias.com\/v3\/dia-internacional-de-la-solidaridad-por-que-se-conmemora-cada-31-de-agosto\/","url":"https:\/\/cvinoticias.com\/v3\/dia-internacional-de-la-solidaridad-por-que-se-conmemora-cada-31-de-agosto\/","name":"D\u00eda Internacional de la Solidaridad: por qu\u00e9 se celebra | CVI NOTICIAS","isPartOf":{"@id":"https:\/\/cvinoticias.com\/v3\/#website"},"primaryImageOfPage":{"@id":"https:\/\/cvinoticias.com\/v3\/dia-internacional-de-la-solidaridad-por-que-se-conmemora-cada-31-de-agosto\/#primaryimage"},"image":{"@id":"https:\/\/cvinoticias.com\/v3\/dia-internacional-de-la-solidaridad-por-que-se-conmemora-cada-31-de-agosto\/#primaryimage"},"thumbnailUrl":"https:\/\/cvinoticias.com\/wp-content\/uploads\/2026\/08\/images-1-2.jpeg","datePublished":"2026-08-31T11:49:43+00:00","dateModified":"2026-08-31T11:49:45+00:00","description":"Conoc\u00e9 el origen y la historia del D\u00eda Internacional de la Solidaridad, que se conmemora cada 31 de agosto.","breadcrumb":{"@id":"https:\/\/cvinoticias.com\/v3\/dia-internacional-de-la-solidaridad-por-que-se-conmemora-cada-31-de-agosto\/#breadcrumb"},"inLanguage":"es","potentialAction":[{"@type":"ReadAction","target":["https:\/\/cvinoticias.com\/v3\/dia-internacional-de-la-solidaridad-por-que-se-conmemora-cada-31-de-agosto\/"]}]},{"@type":"ImageObject","inLanguage":"es","@id":"https:\/\/cvinoticias.com\/v3\/dia-internacional-de-la-solidaridad-por-que-se-conmemora-cada-31-de-agosto\/#primaryimage","url":"https:\/\/cvinoticias.com\/wp-content\/uploads\/2026\/08\/images-1-2.jpeg","contentUrl":"https:\/\/cvinoticias.com\/wp-content\/uploads\/2026\/08\/images-1-2.jpeg","width":701,"height":438},{"@type":"BreadcrumbList","@id":"https:\/\/cvinoticias.com\/v3\/dia-internacional-de-la-solidaridad-por-que-se-conmemora-cada-31-de-agosto\/#breadcrumb","itemListElement":[{"@type":"ListItem","position":1,"name":"Portada","item":"https:\/\/cvinoticias.com\/v3\/"},{"@type":"ListItem","position":2,"name":"D\u00eda Internacional de la Solidaridad: por qu\u00e9 se conmemora cada 31 de agosto"}]},{"@type":"WebSite","@id":"https:\/\/cvinoticias.com\/v3\/#website","url":"https:\/\/cvinoticias.com\/v3\/","name":"CVI NOTICIAS","description":"","publisher":{"@id":"https:\/\/cvinoticias.com\/v3\/#organization"},"alternateName":"CVI","potentialAction":[{"@type":"SearchAction","target":{"@type":"EntryPoint","urlTemplate":"https:\/\/cvinoticias.com\/v3\/?s={search_term_string}"},"query-input":{"@type":"PropertyValueSpecification","valueRequired":true,"valueName":"search_term_string"}}],"inLanguage":"es"},{"@type":"Organization","@id":"https:\/\/cvinoticias.com\/v3\/#organization","name":"CVI NOTICIAS","url":"https:\/\/cvinoticias.com\/v3\/","logo":{"@type":"ImageObject","inLanguage":"es","@id":"https:\/\/cvinoticias.com\/v3\/#\/schema\/logo\/image\/","url":"https:\/\/cvinoticias.com\/wp-content\/uploads\/2023\/04\/cropped-cropped-cropped-cropped-cropped-3-1.png","contentUrl":"https:\/\/cvinoticias.com\/wp-content\/uploads\/2023\/04\/cropped-cropped-cropped-cropped-cropped-3-1.png","width":95,"height":122,"caption":"CVI NOTICIAS"},"image":{"@id":"https:\/\/cvinoticias.com\/v3\/#\/schema\/logo\/image\/"},"sameAs":["https:\/\/www.facebook.com\/cvinoticias","https:\/\/www.instagram.com\/cvinoticias\/","https:\/\/www.youtube.com\/@CVINOTICIAS"]},{"@type":"Person","@id":"https:\/\/cvinoticias.com\/v3\/#\/schema\/person\/2db77e3c6bc03c538495d7b2b8be9b66","name":"f1000024","image":{"@type":"ImageObject","inLanguage":"es","@id":"https:\/\/secure.gravatar.com\/avatar\/d4fe7459cfc51ff5129ce1a732bbef5928568b8092d412ef95611616376bbeed?s=96&d=mm&r=g","url":"https:\/\/secure.gravatar.com\/avatar\/d4fe7459cfc51ff5129ce1a732bbef5928568b8092d412ef95611616376bbeed?s=96&d=mm&r=g","contentUrl":"https:\/\/secure.gravatar.com\/avatar\/d4fe7459cfc51ff5129ce1a732bbef5928568b8092d412ef95611616376bbeed?s=96&d=mm&r=g","caption":"f1000024"},"url":"https:\/\/cvinoticias.com\/v3\/author\/f1000024\/"}]}},"_links":{"self":[{"href":"https:\/\/cvinoticias.com\/v3\/wp-json\/wp\/v2\/posts\/62575","targetHints":{"allow":["GET"]}}],"collection":[{"href":"https:\/\/cvinoticias.com\/v3\/wp-json\/wp\/v2\/posts"}],"about":[{"href":"https:\/\/cvinoticias.com\/v3\/wp-json\/wp\/v2\/types\/post"}],"author":[{"embeddable":true,"href":"https:\/\/cvinoticias.com\/v3\/wp-json\/wp\/v2\/users\/2"}],"replies":[{"embeddable":true,"href":"https:\/\/cvinoticias.com\/v3\/wp-json\/wp\/v2\/comments?post=62575"}],"version-history":[{"count":1,"href":"https:\/\/cvinoticias.com\/v3\/wp-json\/wp\/v2\/posts\/62575\/revisions"}],"predecessor-version":[{"id":62577,"href":"https:\/\/cvinoticias.com\/v3\/wp-json\/wp\/v2\/posts\/62575\/revisions\/62577"}],"wp:featuredmedia":[{"embeddable":true,"href":"https:\/\/cvinoticias.com\/v3\/wp-json\/wp\/v2\/media\/62576"}],"wp:attachment":[{"href":"https:\/\/cvinoticias.com\/v3\/wp-json\/wp\/v2\/media?parent=62575"}],"wp:term":[{"taxonomy":"category","embeddable":true,"href":"https:\/\/cvinoticias.com\/v3\/wp-json\/wp\/v2\/categories?post=62575"},{"taxonomy":"post_tag","embeddable":true,"href":"https:\/\/cvinoticias.com\/v3\/wp-json\/wp\/v2\/tags?post=62575"}],"curies":[{"name":"wp","href":"https:\/\/api.w.org\/{rel}","templated":true}]}}