{"id":62572,"date":"2026-08-31T08:45:56","date_gmt":"2026-08-31T11:45:56","guid":{"rendered":"https:\/\/cvinoticias.com\/v3\/?p=62572"},"modified":"2026-08-31T08:45:57","modified_gmt":"2026-08-31T11:45:57","slug":"dia-de-la-obstetricia-y-la-embarazada-por-que-se-celebra-cada-31-de-agosto","status":"publish","type":"post","link":"https:\/\/cvinoticias.com\/v3\/dia-de-la-obstetricia-y-la-embarazada-por-que-se-celebra-cada-31-de-agosto\/","title":{"rendered":"D\u00eda de la Obstetricia y la Embarazada: por qu\u00e9 se celebra cada 31 de agosto"},"content":{"rendered":"\n<p class=\"wp-block-paragraph\">Cada <strong>31 de agosto<\/strong>, Argentina conmemora el <strong>D\u00eda de la Obstetricia y la Embarazada<\/strong>, una fecha destinada a reconocer el trabajo de los profesionales que acompa\u00f1an a las personas gestantes durante el embarazo, el parto y el puerperio, y a destacar la importancia de una atenci\u00f3n integral y respetuosa.<\/p>\n\n\n\n<p class=\"wp-block-paragraph\">La jornada tambi\u00e9n busca poner en valor el cuidado de la salud materna y neonatal, as\u00ed como el acompa\u00f1amiento profesional durante una etapa fundamental de la vida<\/p>\n\n\n\n<h2 class=\"wp-block-heading\">El origen de la fecha<\/h2>\n\n\n\n<p class=\"wp-block-paragraph\">La elecci\u00f3n del 31 de agosto tiene un origen hist\u00f3rico y religioso. La fecha coincide con la conmemoraci\u00f3n de <strong>San Ram\u00f3n Nonato<\/strong>, considerado patrono de las obst\u00e9tricas, las parturientas y las embarazadas.<\/p>\n\n\n\n<p class=\"wp-block-paragraph\">Ram\u00f3n Nonato naci\u00f3 en L\u00e9rida, Espa\u00f1a, alrededor del a\u00f1o 1204. Seg\u00fan la tradici\u00f3n, fue extra\u00eddo con vida del vientre de su madre, quien hab\u00eda fallecido el d\u00eda anterior. Las circunstancias de su nacimiento dieron origen a su vinculaci\u00f3n con las mujeres embarazadas y los partos. Falleci\u00f3 el 31 de agosto de 1240.<\/p>\n\n\n\n<h2 class=\"wp-block-heading\">Cu\u00e1ndo comenz\u00f3 a celebrarse en Argentina<\/h2>\n\n\n\n<p class=\"wp-block-paragraph\">En Argentina, la conmemoraci\u00f3n comenz\u00f3 el <strong>31 de agosto de 1934<\/strong>, cuando la <strong>Asociaci\u00f3n Obst\u00e9trica Argentina<\/strong> instaur\u00f3 el entonces denominado <strong>D\u00eda de la Partera Argentina<\/strong>.<\/p>\n\n\n\n<p class=\"wp-block-paragraph\">A\u00f1os m\u00e1s tarde, en <strong>1962<\/strong>, durante el Segundo Congreso Interamericano de Obst\u00e9tricas, realizado en Per\u00fa, se acord\u00f3 adoptar el 31 de agosto como el <strong>D\u00eda de la Obstetricia y la Embarazada<\/strong> para los pa\u00edses de Am\u00e9rica Latina. <\/p>\n\n\n\n<p class=\"wp-block-paragraph\">De esta manera, una celebraci\u00f3n que inicialmente estuvo vinculada al reconocimiento de las parteras argentinas ampli\u00f3 su alcance para incluir tanto a la profesi\u00f3n obst\u00e9trica como a las mujeres embarazadas.<\/p>\n\n\n\n<h2 class=\"wp-block-heading\">El rol de la obstetricia en la salud<\/h2>\n\n\n\n<p class=\"wp-block-paragraph\">La obstetricia cumple un papel fundamental en el acompa\u00f1amiento de la salud durante el embarazo, el parto y el puerperio. Entre sus tareas se encuentran los controles prenatales, la preparaci\u00f3n para la maternidad, la prevenci\u00f3n de posibles complicaciones y el seguimiento de la madre y el reci\u00e9n nacido.<\/p>\n\n\n\n<p class=\"wp-block-paragraph\">El acompa\u00f1amiento tambi\u00e9n contempla aspectos emocionales, psicol\u00f3gicos y sociales, por lo que el v\u00ednculo entre el profesional y la persona gestante constituye una parte importante de la atenci\u00f3n. <\/p>\n\n\n\n<p class=\"wp-block-paragraph\">Adem\u00e1s, los equipos de obstetricia tienen un papel relevante en la promoci\u00f3n de la salud sexual y reproductiva, la lactancia y los cuidados posteriores al nacimiento.<\/p>\n\n\n\n<h2 class=\"wp-block-heading\">Una fecha para destacar el cuidado y el acompa\u00f1amiento<\/h2>\n\n\n\n<p class=\"wp-block-paragraph\">El D\u00eda de la Obstetricia y la Embarazada representa una oportunidad para reconocer a quienes acompa\u00f1an uno de los momentos m\u00e1s importantes de la vida familiar y, al mismo tiempo, recordar la importancia de garantizar controles adecuados y una atenci\u00f3n segura y respetuosa.<\/p>\n\n\n\n<p class=\"wp-block-paragraph\">La fecha invita tambi\u00e9n a poner en valor los derechos de las personas gestantes durante el embarazo, el parto y el nacimiento, as\u00ed como la necesidad de contar con profesionales capacitados que puedan brindar asistencia y contenci\u00f3n durante todo el proceso. <\/p>\n\n\n\n<p class=\"wp-block-paragraph\">En este marco, cada 31 de agosto se convierte en una jornada para reconocer el trabajo de obst\u00e9tricas y obst\u00e9tricos y destacar la importancia de un acompa\u00f1amiento integral que contribuya al bienestar de la madre y del beb\u00e9.<\/p>\n\n\n\n<p class=\"wp-block-paragraph\"><\/p>\n","protected":false},"excerpt":{"rendered":"<p>Cada 31 de agosto, Argentina conmemora el D\u00eda de la Obstetricia y la Embarazada, una fecha destinada a reconocer el trabajo de los profesionales que acompa\u00f1an a las personas gestantes durante el embarazo, el parto y el puerperio, y a destacar la importancia de una atenci\u00f3n integral y respetuosa. La jornada tambi\u00e9n busca poner en [&hellip;]<\/p>\n","protected":false},"author":2,"featured_media":62573,"comment_status":"open","ping_status":"closed","sticky":false,"template":"","format":"standard","meta":{"footnotes":""},"categories":[442],"tags":[554,3414,3413],"class_list":["post-62572","post","type-post","status-publish","format-standard","has-post-thumbnail","hentry","category-efemerides-2","tag-dia","tag-embarazada","tag-obstetricia"],"yoast_head":"<!-- This site is optimized with the Yoast SEO plugin v28.3 - https:\/\/yoast.com\/product\/yoast-seo-wordpress\/ -->\n<title>D\u00eda de la Obstetricia y la Embarazada: su historia | CVI NOTICIAS<\/title>\n<meta name=\"description\" content=\"Conoc\u00e9 por qu\u00e9 se celebra el D\u00eda de la Obstetricia y la Embarazada cada 31 de agosto y cu\u00e1l es su origen.\" \/>\n<meta name=\"robots\" content=\"index, follow, max-snippet:-1, max-image-preview:large, max-video-preview:-1\" \/>\n<link rel=\"canonical\" href=\"https:\/\/cvinoticias.com\/v3\/dia-de-la-obstetricia-y-la-embarazada-por-que-se-celebra-cada-31-de-agosto\/\" \/>\n<meta property=\"og:locale\" content=\"es_ES\" \/>\n<meta property=\"og:type\" content=\"article\" \/>\n<meta property=\"og:title\" content=\"D\u00eda de la Obstetricia y la Embarazada: su historia | CVI NOTICIAS\" \/>\n<meta property=\"og:description\" content=\"Conoc\u00e9 por qu\u00e9 se celebra el D\u00eda de la Obstetricia y la Embarazada cada 31 de agosto y cu\u00e1l es su origen.\" \/>\n<meta property=\"og:url\" content=\"https:\/\/cvinoticias.com\/v3\/dia-de-la-obstetricia-y-la-embarazada-por-que-se-celebra-cada-31-de-agosto\/\" \/>\n<meta property=\"og:site_name\" content=\"CVI NOTICIAS\" \/>\n<meta property=\"article:publisher\" content=\"https:\/\/www.facebook.com\/cvinoticias\" \/>\n<meta property=\"article:published_time\" content=\"2026-08-31T11:45:56+00:00\" \/>\n<meta property=\"article:modified_time\" content=\"2026-08-31T11:45:57+00:00\" \/>\n<meta property=\"og:image\" content=\"https:\/\/cvinoticias.com\/wp-content\/uploads\/2026\/08\/Obstetricia-1024x576-1.jpg\" \/>\n\t<meta property=\"og:image:width\" content=\"1024\" \/>\n\t<meta property=\"og:image:height\" content=\"576\" \/>\n\t<meta property=\"og:image:type\" content=\"image\/jpeg\" \/>\n<meta name=\"author\" content=\"f1000024\" \/>\n<meta name=\"twitter:card\" content=\"summary_large_image\" \/>\n<meta name=\"twitter:label1\" content=\"Escrito por\" \/>\n\t<meta name=\"twitter:data1\" content=\"f1000024\" \/>\n\t<meta name=\"twitter:label2\" content=\"Tiempo de lectura\" \/>\n\t<meta name=\"twitter:data2\" content=\"3 minutos\" \/>\n<script type=\"application\/ld+json\" class=\"yoast-schema-graph\">{\"@context\":\"https:\\\/\\\/schema.org\",\"@graph\":[{\"@type\":\"Article\",\"@id\":\"https:\\\/\\\/cvinoticias.com\\\/v3\\\/dia-de-la-obstetricia-y-la-embarazada-por-que-se-celebra-cada-31-de-agosto\\\/#article\",\"isPartOf\":{\"@id\":\"https:\\\/\\\/cvinoticias.com\\\/v3\\\/dia-de-la-obstetricia-y-la-embarazada-por-que-se-celebra-cada-31-de-agosto\\\/\"},\"author\":{\"name\":\"f1000024\",\"@id\":\"https:\\\/\\\/cvinoticias.com\\\/v3\\\/#\\\/schema\\\/person\\\/2db77e3c6bc03c538495d7b2b8be9b66\"},\"headline\":\"D\u00eda de la Obstetricia y la Embarazada: por qu\u00e9 se celebra cada 31 de agosto\",\"datePublished\":\"2026-08-31T11:45:56+00:00\",\"dateModified\":\"2026-08-31T11:45:57+00:00\",\"mainEntityOfPage\":{\"@id\":\"https:\\\/\\\/cvinoticias.com\\\/v3\\\/dia-de-la-obstetricia-y-la-embarazada-por-que-se-celebra-cada-31-de-agosto\\\/\"},\"wordCount\":564,\"commentCount\":0,\"publisher\":{\"@id\":\"https:\\\/\\\/cvinoticias.com\\\/v3\\\/#organization\"},\"image\":{\"@id\":\"https:\\\/\\\/cvinoticias.com\\\/v3\\\/dia-de-la-obstetricia-y-la-embarazada-por-que-se-celebra-cada-31-de-agosto\\\/#primaryimage\"},\"thumbnailUrl\":\"https:\\\/\\\/cvinoticias.com\\\/wp-content\\\/uploads\\\/2026\\\/08\\\/Obstetricia-1024x576-1.jpg\",\"keywords\":[\"D\u00eda\",\"Embarazada\",\"Obstetricia\"],\"articleSection\":[\"EFEMERIDES\"],\"inLanguage\":\"es\",\"potentialAction\":[{\"@type\":\"CommentAction\",\"name\":\"Comment\",\"target\":[\"https:\\\/\\\/cvinoticias.com\\\/v3\\\/dia-de-la-obstetricia-y-la-embarazada-por-que-se-celebra-cada-31-de-agosto\\\/#respond\"]}]},{\"@type\":\"WebPage\",\"@id\":\"https:\\\/\\\/cvinoticias.com\\\/v3\\\/dia-de-la-obstetricia-y-la-embarazada-por-que-se-celebra-cada-31-de-agosto\\\/\",\"url\":\"https:\\\/\\\/cvinoticias.com\\\/v3\\\/dia-de-la-obstetricia-y-la-embarazada-por-que-se-celebra-cada-31-de-agosto\\\/\",\"name\":\"D\u00eda de la Obstetricia y la Embarazada: su historia | CVI NOTICIAS\",\"isPartOf\":{\"@id\":\"https:\\\/\\\/cvinoticias.com\\\/v3\\\/#website\"},\"primaryImageOfPage\":{\"@id\":\"https:\\\/\\\/cvinoticias.com\\\/v3\\\/dia-de-la-obstetricia-y-la-embarazada-por-que-se-celebra-cada-31-de-agosto\\\/#primaryimage\"},\"image\":{\"@id\":\"https:\\\/\\\/cvinoticias.com\\\/v3\\\/dia-de-la-obstetricia-y-la-embarazada-por-que-se-celebra-cada-31-de-agosto\\\/#primaryimage\"},\"thumbnailUrl\":\"https:\\\/\\\/cvinoticias.com\\\/wp-content\\\/uploads\\\/2026\\\/08\\\/Obstetricia-1024x576-1.jpg\",\"datePublished\":\"2026-08-31T11:45:56+00:00\",\"dateModified\":\"2026-08-31T11:45:57+00:00\",\"description\":\"Conoc\u00e9 por qu\u00e9 se celebra el D\u00eda de la Obstetricia y la Embarazada cada 31 de agosto y cu\u00e1l es su origen.\",\"breadcrumb\":{\"@id\":\"https:\\\/\\\/cvinoticias.com\\\/v3\\\/dia-de-la-obstetricia-y-la-embarazada-por-que-se-celebra-cada-31-de-agosto\\\/#breadcrumb\"},\"inLanguage\":\"es\",\"potentialAction\":[{\"@type\":\"ReadAction\",\"target\":[\"https:\\\/\\\/cvinoticias.com\\\/v3\\\/dia-de-la-obstetricia-y-la-embarazada-por-que-se-celebra-cada-31-de-agosto\\\/\"]}]},{\"@type\":\"ImageObject\",\"inLanguage\":\"es\",\"@id\":\"https:\\\/\\\/cvinoticias.com\\\/v3\\\/dia-de-la-obstetricia-y-la-embarazada-por-que-se-celebra-cada-31-de-agosto\\\/#primaryimage\",\"url\":\"https:\\\/\\\/cvinoticias.com\\\/wp-content\\\/uploads\\\/2026\\\/08\\\/Obstetricia-1024x576-1.jpg\",\"contentUrl\":\"https:\\\/\\\/cvinoticias.com\\\/wp-content\\\/uploads\\\/2026\\\/08\\\/Obstetricia-1024x576-1.jpg\",\"width\":1024,\"height\":576},{\"@type\":\"BreadcrumbList\",\"@id\":\"https:\\\/\\\/cvinoticias.com\\\/v3\\\/dia-de-la-obstetricia-y-la-embarazada-por-que-se-celebra-cada-31-de-agosto\\\/#breadcrumb\",\"itemListElement\":[{\"@type\":\"ListItem\",\"position\":1,\"name\":\"Portada\",\"item\":\"https:\\\/\\\/cvinoticias.com\\\/v3\\\/\"},{\"@type\":\"ListItem\",\"position\":2,\"name\":\"D\u00eda de la Obstetricia y la Embarazada: por qu\u00e9 se celebra cada 31 de agosto\"}]},{\"@type\":\"WebSite\",\"@id\":\"https:\\\/\\\/cvinoticias.com\\\/v3\\\/#website\",\"url\":\"https:\\\/\\\/cvinoticias.com\\\/v3\\\/\",\"name\":\"CVI NOTICIAS\",\"description\":\"\",\"publisher\":{\"@id\":\"https:\\\/\\\/cvinoticias.com\\\/v3\\\/#organization\"},\"alternateName\":\"CVI\",\"potentialAction\":[{\"@type\":\"SearchAction\",\"target\":{\"@type\":\"EntryPoint\",\"urlTemplate\":\"https:\\\/\\\/cvinoticias.com\\\/v3\\\/?s={search_term_string}\"},\"query-input\":{\"@type\":\"PropertyValueSpecification\",\"valueRequired\":true,\"valueName\":\"search_term_string\"}}],\"inLanguage\":\"es\"},{\"@type\":\"Organization\",\"@id\":\"https:\\\/\\\/cvinoticias.com\\\/v3\\\/#organization\",\"name\":\"CVI NOTICIAS\",\"url\":\"https:\\\/\\\/cvinoticias.com\\\/v3\\\/\",\"logo\":{\"@type\":\"ImageObject\",\"inLanguage\":\"es\",\"@id\":\"https:\\\/\\\/cvinoticias.com\\\/v3\\\/#\\\/schema\\\/logo\\\/image\\\/\",\"url\":\"https:\\\/\\\/cvinoticias.com\\\/wp-content\\\/uploads\\\/2023\\\/04\\\/cropped-cropped-cropped-cropped-cropped-3-1.png\",\"contentUrl\":\"https:\\\/\\\/cvinoticias.com\\\/wp-content\\\/uploads\\\/2023\\\/04\\\/cropped-cropped-cropped-cropped-cropped-3-1.png\",\"width\":95,\"height\":122,\"caption\":\"CVI NOTICIAS\"},\"image\":{\"@id\":\"https:\\\/\\\/cvinoticias.com\\\/v3\\\/#\\\/schema\\\/logo\\\/image\\\/\"},\"sameAs\":[\"https:\\\/\\\/www.facebook.com\\\/cvinoticias\",\"https:\\\/\\\/www.instagram.com\\\/cvinoticias\\\/\",\"https:\\\/\\\/www.youtube.com\\\/@CVINOTICIAS\"]},{\"@type\":\"Person\",\"@id\":\"https:\\\/\\\/cvinoticias.com\\\/v3\\\/#\\\/schema\\\/person\\\/2db77e3c6bc03c538495d7b2b8be9b66\",\"name\":\"f1000024\",\"image\":{\"@type\":\"ImageObject\",\"inLanguage\":\"es\",\"@id\":\"https:\\\/\\\/secure.gravatar.com\\\/avatar\\\/d4fe7459cfc51ff5129ce1a732bbef5928568b8092d412ef95611616376bbeed?s=96&d=mm&r=g\",\"url\":\"https:\\\/\\\/secure.gravatar.com\\\/avatar\\\/d4fe7459cfc51ff5129ce1a732bbef5928568b8092d412ef95611616376bbeed?s=96&d=mm&r=g\",\"contentUrl\":\"https:\\\/\\\/secure.gravatar.com\\\/avatar\\\/d4fe7459cfc51ff5129ce1a732bbef5928568b8092d412ef95611616376bbeed?s=96&d=mm&r=g\",\"caption\":\"f1000024\"},\"url\":\"https:\\\/\\\/cvinoticias.com\\\/v3\\\/author\\\/f1000024\\\/\"}]}<\/script>\n<!-- \/ Yoast SEO plugin. -->","yoast_head_json":{"title":"D\u00eda de la Obstetricia y la Embarazada: su historia | CVI NOTICIAS","description":"Conoc\u00e9 por qu\u00e9 se celebra el D\u00eda de la Obstetricia y la Embarazada cada 31 de agosto y cu\u00e1l es su origen.","robots":{"index":"index","follow":"follow","max-snippet":"max-snippet:-1","max-image-preview":"max-image-preview:large","max-video-preview":"max-video-preview:-1"},"canonical":"https:\/\/cvinoticias.com\/v3\/dia-de-la-obstetricia-y-la-embarazada-por-que-se-celebra-cada-31-de-agosto\/","og_locale":"es_ES","og_type":"article","og_title":"D\u00eda de la Obstetricia y la Embarazada: su historia | CVI NOTICIAS","og_description":"Conoc\u00e9 por qu\u00e9 se celebra el D\u00eda de la Obstetricia y la Embarazada cada 31 de agosto y cu\u00e1l es su origen.","og_url":"https:\/\/cvinoticias.com\/v3\/dia-de-la-obstetricia-y-la-embarazada-por-que-se-celebra-cada-31-de-agosto\/","og_site_name":"CVI NOTICIAS","article_publisher":"https:\/\/www.facebook.com\/cvinoticias","article_published_time":"2026-08-31T11:45:56+00:00","article_modified_time":"2026-08-31T11:45:57+00:00","og_image":[{"width":1024,"height":576,"url":"https:\/\/cvinoticias.com\/wp-content\/uploads\/2026\/08\/Obstetricia-1024x576-1.jpg","type":"image\/jpeg"}],"author":"f1000024","twitter_card":"summary_large_image","twitter_misc":{"Escrito por":"f1000024","Tiempo de lectura":"3 minutos"},"schema":{"@context":"https:\/\/schema.org","@graph":[{"@type":"Article","@id":"https:\/\/cvinoticias.com\/v3\/dia-de-la-obstetricia-y-la-embarazada-por-que-se-celebra-cada-31-de-agosto\/#article","isPartOf":{"@id":"https:\/\/cvinoticias.com\/v3\/dia-de-la-obstetricia-y-la-embarazada-por-que-se-celebra-cada-31-de-agosto\/"},"author":{"name":"f1000024","@id":"https:\/\/cvinoticias.com\/v3\/#\/schema\/person\/2db77e3c6bc03c538495d7b2b8be9b66"},"headline":"D\u00eda de la Obstetricia y la Embarazada: por qu\u00e9 se celebra cada 31 de agosto","datePublished":"2026-08-31T11:45:56+00:00","dateModified":"2026-08-31T11:45:57+00:00","mainEntityOfPage":{"@id":"https:\/\/cvinoticias.com\/v3\/dia-de-la-obstetricia-y-la-embarazada-por-que-se-celebra-cada-31-de-agosto\/"},"wordCount":564,"commentCount":0,"publisher":{"@id":"https:\/\/cvinoticias.com\/v3\/#organization"},"image":{"@id":"https:\/\/cvinoticias.com\/v3\/dia-de-la-obstetricia-y-la-embarazada-por-que-se-celebra-cada-31-de-agosto\/#primaryimage"},"thumbnailUrl":"https:\/\/cvinoticias.com\/wp-content\/uploads\/2026\/08\/Obstetricia-1024x576-1.jpg","keywords":["D\u00eda","Embarazada","Obstetricia"],"articleSection":["EFEMERIDES"],"inLanguage":"es","potentialAction":[{"@type":"CommentAction","name":"Comment","target":["https:\/\/cvinoticias.com\/v3\/dia-de-la-obstetricia-y-la-embarazada-por-que-se-celebra-cada-31-de-agosto\/#respond"]}]},{"@type":"WebPage","@id":"https:\/\/cvinoticias.com\/v3\/dia-de-la-obstetricia-y-la-embarazada-por-que-se-celebra-cada-31-de-agosto\/","url":"https:\/\/cvinoticias.com\/v3\/dia-de-la-obstetricia-y-la-embarazada-por-que-se-celebra-cada-31-de-agosto\/","name":"D\u00eda de la Obstetricia y la Embarazada: su historia | CVI NOTICIAS","isPartOf":{"@id":"https:\/\/cvinoticias.com\/v3\/#website"},"primaryImageOfPage":{"@id":"https:\/\/cvinoticias.com\/v3\/dia-de-la-obstetricia-y-la-embarazada-por-que-se-celebra-cada-31-de-agosto\/#primaryimage"},"image":{"@id":"https:\/\/cvinoticias.com\/v3\/dia-de-la-obstetricia-y-la-embarazada-por-que-se-celebra-cada-31-de-agosto\/#primaryimage"},"thumbnailUrl":"https:\/\/cvinoticias.com\/wp-content\/uploads\/2026\/08\/Obstetricia-1024x576-1.jpg","datePublished":"2026-08-31T11:45:56+00:00","dateModified":"2026-08-31T11:45:57+00:00","description":"Conoc\u00e9 por qu\u00e9 se celebra el D\u00eda de la Obstetricia y la Embarazada cada 31 de agosto y cu\u00e1l es su origen.","breadcrumb":{"@id":"https:\/\/cvinoticias.com\/v3\/dia-de-la-obstetricia-y-la-embarazada-por-que-se-celebra-cada-31-de-agosto\/#breadcrumb"},"inLanguage":"es","potentialAction":[{"@type":"ReadAction","target":["https:\/\/cvinoticias.com\/v3\/dia-de-la-obstetricia-y-la-embarazada-por-que-se-celebra-cada-31-de-agosto\/"]}]},{"@type":"ImageObject","inLanguage":"es","@id":"https:\/\/cvinoticias.com\/v3\/dia-de-la-obstetricia-y-la-embarazada-por-que-se-celebra-cada-31-de-agosto\/#primaryimage","url":"https:\/\/cvinoticias.com\/wp-content\/uploads\/2026\/08\/Obstetricia-1024x576-1.jpg","contentUrl":"https:\/\/cvinoticias.com\/wp-content\/uploads\/2026\/08\/Obstetricia-1024x576-1.jpg","width":1024,"height":576},{"@type":"BreadcrumbList","@id":"https:\/\/cvinoticias.com\/v3\/dia-de-la-obstetricia-y-la-embarazada-por-que-se-celebra-cada-31-de-agosto\/#breadcrumb","itemListElement":[{"@type":"ListItem","position":1,"name":"Portada","item":"https:\/\/cvinoticias.com\/v3\/"},{"@type":"ListItem","position":2,"name":"D\u00eda de la Obstetricia y la Embarazada: por qu\u00e9 se celebra cada 31 de agosto"}]},{"@type":"WebSite","@id":"https:\/\/cvinoticias.com\/v3\/#website","url":"https:\/\/cvinoticias.com\/v3\/","name":"CVI NOTICIAS","description":"","publisher":{"@id":"https:\/\/cvinoticias.com\/v3\/#organization"},"alternateName":"CVI","potentialAction":[{"@type":"SearchAction","target":{"@type":"EntryPoint","urlTemplate":"https:\/\/cvinoticias.com\/v3\/?s={search_term_string}"},"query-input":{"@type":"PropertyValueSpecification","valueRequired":true,"valueName":"search_term_string"}}],"inLanguage":"es"},{"@type":"Organization","@id":"https:\/\/cvinoticias.com\/v3\/#organization","name":"CVI NOTICIAS","url":"https:\/\/cvinoticias.com\/v3\/","logo":{"@type":"ImageObject","inLanguage":"es","@id":"https:\/\/cvinoticias.com\/v3\/#\/schema\/logo\/image\/","url":"https:\/\/cvinoticias.com\/wp-content\/uploads\/2023\/04\/cropped-cropped-cropped-cropped-cropped-3-1.png","contentUrl":"https:\/\/cvinoticias.com\/wp-content\/uploads\/2023\/04\/cropped-cropped-cropped-cropped-cropped-3-1.png","width":95,"height":122,"caption":"CVI NOTICIAS"},"image":{"@id":"https:\/\/cvinoticias.com\/v3\/#\/schema\/logo\/image\/"},"sameAs":["https:\/\/www.facebook.com\/cvinoticias","https:\/\/www.instagram.com\/cvinoticias\/","https:\/\/www.youtube.com\/@CVINOTICIAS"]},{"@type":"Person","@id":"https:\/\/cvinoticias.com\/v3\/#\/schema\/person\/2db77e3c6bc03c538495d7b2b8be9b66","name":"f1000024","image":{"@type":"ImageObject","inLanguage":"es","@id":"https:\/\/secure.gravatar.com\/avatar\/d4fe7459cfc51ff5129ce1a732bbef5928568b8092d412ef95611616376bbeed?s=96&d=mm&r=g","url":"https:\/\/secure.gravatar.com\/avatar\/d4fe7459cfc51ff5129ce1a732bbef5928568b8092d412ef95611616376bbeed?s=96&d=mm&r=g","contentUrl":"https:\/\/secure.gravatar.com\/avatar\/d4fe7459cfc51ff5129ce1a732bbef5928568b8092d412ef95611616376bbeed?s=96&d=mm&r=g","caption":"f1000024"},"url":"https:\/\/cvinoticias.com\/v3\/author\/f1000024\/"}]}},"_links":{"self":[{"href":"https:\/\/cvinoticias.com\/v3\/wp-json\/wp\/v2\/posts\/62572","targetHints":{"allow":["GET"]}}],"collection":[{"href":"https:\/\/cvinoticias.com\/v3\/wp-json\/wp\/v2\/posts"}],"about":[{"href":"https:\/\/cvinoticias.com\/v3\/wp-json\/wp\/v2\/types\/post"}],"author":[{"embeddable":true,"href":"https:\/\/cvinoticias.com\/v3\/wp-json\/wp\/v2\/users\/2"}],"replies":[{"embeddable":true,"href":"https:\/\/cvinoticias.com\/v3\/wp-json\/wp\/v2\/comments?post=62572"}],"version-history":[{"count":1,"href":"https:\/\/cvinoticias.com\/v3\/wp-json\/wp\/v2\/posts\/62572\/revisions"}],"predecessor-version":[{"id":62574,"href":"https:\/\/cvinoticias.com\/v3\/wp-json\/wp\/v2\/posts\/62572\/revisions\/62574"}],"wp:featuredmedia":[{"embeddable":true,"href":"https:\/\/cvinoticias.com\/v3\/wp-json\/wp\/v2\/media\/62573"}],"wp:attachment":[{"href":"https:\/\/cvinoticias.com\/v3\/wp-json\/wp\/v2\/media?parent=62572"}],"wp:term":[{"taxonomy":"category","embeddable":true,"href":"https:\/\/cvinoticias.com\/v3\/wp-json\/wp\/v2\/categories?post=62572"},{"taxonomy":"post_tag","embeddable":true,"href":"https:\/\/cvinoticias.com\/v3\/wp-json\/wp\/v2\/tags?post=62572"}],"curies":[{"name":"wp","href":"https:\/\/api.w.org\/{rel}","templated":true}]}}