{"id":6255,"date":"2021-06-24T10:05:00","date_gmt":"2021-06-24T10:05:00","guid":{"rendered":"https:\/\/cvinoticias.com\/v3\/?p=6255"},"modified":"2021-06-24T10:06:57","modified_gmt":"2021-06-24T10:06:57","slug":"el-ministerio-de-ecologia-incorporo-cinco-nuevas-reservas-privadas-al-sistema-de-areas-naturales-protegidas-de-la-provincia","status":"publish","type":"post","link":"https:\/\/cvinoticias.com\/v3\/el-ministerio-de-ecologia-incorporo-cinco-nuevas-reservas-privadas-al-sistema-de-areas-naturales-protegidas-de-la-provincia\/","title":{"rendered":"El Ministerio de Ecolog\u00eda incorpor\u00f3 cinco nuevas reservas privadas al Sistema de \u00c1reas Naturales Protegidas de la provincia"},"content":{"rendered":"\n<p><strong><em>El ministro de Ecolog\u00eda de Misiones, Mario Vialey, cont\u00f3 que\u00a0se incorporaron cinco nuevas reservas privadas al Sistema de \u00c1reas Naturales Protegidas de la provincia, por lo que a partir de estas gestiones administrativas\u00a0son 908 las hect\u00e1reas de reservas privadas que se ubican en la zona norte, centro y sur\u00a0del territorio provincial<\/em><\/strong>.<\/p>\n\n\n\n<p>Con estas nuevas \u00e1reas protegidas que se suman,\u00a0asciende a 38 reservas privadas que ya integran el sistema y eleva a 16.563 hect\u00e1reas que se suman al total del registro. Algunas de las reservas que se conocieron son la\u00a0Reserva Privada Andresito\u00a0que est\u00e1 sobre Piray Guaz\u00fa en Montecarlo, la reserva\u00a0Mario Leman\u00a0que se ubica en Nueve de Julio en direcci\u00f3n a Eldorado,\u00a0Alas Multicolor\u00a0en San Vicente y\u00a0Las Pendiente\u00a0en Santa Ana.<\/p>\n\n\n\n<p>Adem\u00e1s, desde el Ministerio indicaron que esta iniciativa se da a trav\u00e9s de las acciones que se ejecutan con el principal objetivo de continuar fortaleciendo el sistema de \u00e1reas protegidas y del sector privado que respecta a los propietarios de las reservas naturales.<\/p>\n\n\n\n<p>Seg\u00fan explic\u00f3 el funcionario, la creaci\u00f3n de reservas privadas se realiza a trav\u00e9s de un convenio entre ambas partes por un plazo m\u00ednimo de 20 a\u00f1os, donde el propietario se compromete a conservar el espacio y como contraparte la cartera ecol\u00f3gica se compromete a brindar apoyo t\u00e9cnico y asistir a la reserva con su cuerpo de guardaparques.<\/p>\n\n\n\n<p>En ese sentido, Vialey cont\u00f3 que \u201c<em>el fin de semana realizamos procedimientos en una de las reservas privadas en Colonia Aurora debido a que un grupo de presuntos usurpadores estaban ingresando a la propiedad por lo que tomamos medidas y pudimos secuestrar motosierras con las que estaban da\u00f1ando el espacio natural<\/em>\u201d, dijo. Y agreg\u00f3 que \u201c<em>cada vez que hay delitos de este tipo los guardabosques act\u00faan de manera inmediata para evitar que se cometa el da\u00f1o<\/em>\u201d.<\/p>\n\n\n\n<p>Adem\u00e1s, el funcionario aclar\u00f3 que el propietario de las tierras contin\u00faa manteniendo el dominio total de sus tierras. En sentido tambi\u00e9n un gran n\u00famero de las reservas realizan una variada cantidad de actividades econ\u00f3micas referidas al cultivo, ganader\u00eda, turismo, actividad forestal entre otras. \u201c<em>En este caso el propietario se compromete en reservar el espacio y por su parte Ecolog\u00eda se compromete a brindar apoyo t\u00e9cnico<\/em>\u201d, explic\u00f3.<\/p>\n\n\n\n<p>\u00ab<em>Estamos muy contentos porque d\u00eda a d\u00eda las personas van incorporando sus propiedades al \u00e1rea natural protegida de Misiones<\/em>\u201d, expres\u00f3 Vialey.<\/p>\n\n\n\n<p><\/p>\n\n\n\n<p>MO\u013b<\/p>\n","protected":false},"excerpt":{"rendered":"<p>El ministro de Ecolog\u00eda de Misiones, Mario Vialey, cont\u00f3 que\u00a0se incorporaron cinco nuevas reservas privadas al Sistema de \u00c1reas Naturales Protegidas de la provincia, por lo que a partir de estas gestiones administrativas\u00a0son 908 las hect\u00e1reas de reservas privadas que se ubican en la zona norte, centro y sur\u00a0del territorio provincial. Con estas nuevas \u00e1reas [&hellip;]<\/p>\n","protected":false},"author":2,"featured_media":6256,"comment_status":"open","ping_status":"open","sticky":false,"template":"","format":"standard","meta":{"footnotes":""},"categories":[31],"tags":[],"class_list":["post-6255","post","type-post","status-publish","format-standard","has-post-thumbnail","hentry","category-ecologia"],"yoast_head":"<!-- This site is optimized with the Yoast SEO plugin v27.4 - https:\/\/yoast.com\/product\/yoast-seo-wordpress\/ -->\n<title>El Ministerio de Ecolog\u00eda incorpor\u00f3 cinco nuevas reservas privadas al Sistema de \u00c1reas Naturales Protegidas de la provincia | CVI NOTICIAS<\/title>\n<meta name=\"robots\" content=\"index, follow, max-snippet:-1, max-image-preview:large, max-video-preview:-1\" \/>\n<link rel=\"canonical\" href=\"https:\/\/cvinoticias.com\/v3\/el-ministerio-de-ecologia-incorporo-cinco-nuevas-reservas-privadas-al-sistema-de-areas-naturales-protegidas-de-la-provincia\/\" \/>\n<meta property=\"og:locale\" content=\"es_ES\" \/>\n<meta property=\"og:type\" content=\"article\" \/>\n<meta property=\"og:title\" content=\"El Ministerio de Ecolog\u00eda incorpor\u00f3 cinco nuevas reservas privadas al Sistema de \u00c1reas Naturales Protegidas de la provincia | CVI NOTICIAS\" \/>\n<meta property=\"og:description\" content=\"El ministro de Ecolog\u00eda de Misiones, Mario Vialey, cont\u00f3 que\u00a0se incorporaron cinco nuevas reservas privadas al Sistema de \u00c1reas Naturales Protegidas de la provincia, por lo que a partir de estas gestiones administrativas\u00a0son 908 las hect\u00e1reas de reservas privadas que se ubican en la zona norte, centro y sur\u00a0del territorio provincial. Con estas nuevas \u00e1reas [&hellip;]\" \/>\n<meta property=\"og:url\" content=\"https:\/\/cvinoticias.com\/v3\/el-ministerio-de-ecologia-incorporo-cinco-nuevas-reservas-privadas-al-sistema-de-areas-naturales-protegidas-de-la-provincia\/\" \/>\n<meta property=\"og:site_name\" content=\"CVI NOTICIAS\" \/>\n<meta property=\"article:publisher\" content=\"https:\/\/www.facebook.com\/cvinoticias\" \/>\n<meta property=\"article:published_time\" content=\"2021-06-24T10:05:00+00:00\" \/>\n<meta property=\"article:modified_time\" content=\"2021-06-24T10:06:57+00:00\" \/>\n<meta property=\"og:image\" content=\"https:\/\/cvinoticias.com\/wp-content\/uploads\/2021\/06\/Screenshot_20210624-070413_Facebook.jpg\" \/>\n\t<meta property=\"og:image:width\" content=\"999\" \/>\n\t<meta property=\"og:image:height\" content=\"675\" \/>\n\t<meta property=\"og:image:type\" content=\"image\/jpeg\" \/>\n<meta name=\"author\" content=\"f1000024\" \/>\n<meta name=\"twitter:card\" content=\"summary_large_image\" \/>\n<meta name=\"twitter:label1\" content=\"Escrito por\" \/>\n\t<meta name=\"twitter:data1\" content=\"f1000024\" \/>\n\t<meta name=\"twitter:label2\" content=\"Tiempo de lectura\" \/>\n\t<meta name=\"twitter:data2\" content=\"2 minutos\" \/>\n<script type=\"application\/ld+json\" class=\"yoast-schema-graph\">{\"@context\":\"https:\\\/\\\/schema.org\",\"@graph\":[{\"@type\":\"Article\",\"@id\":\"https:\\\/\\\/cvinoticias.com\\\/v3\\\/el-ministerio-de-ecologia-incorporo-cinco-nuevas-reservas-privadas-al-sistema-de-areas-naturales-protegidas-de-la-provincia\\\/#article\",\"isPartOf\":{\"@id\":\"https:\\\/\\\/cvinoticias.com\\\/v3\\\/el-ministerio-de-ecologia-incorporo-cinco-nuevas-reservas-privadas-al-sistema-de-areas-naturales-protegidas-de-la-provincia\\\/\"},\"author\":{\"name\":\"f1000024\",\"@id\":\"https:\\\/\\\/cvinoticias.com\\\/v3\\\/#\\\/schema\\\/person\\\/2db77e3c6bc03c538495d7b2b8be9b66\"},\"headline\":\"El Ministerio de Ecolog\u00eda incorpor\u00f3 cinco nuevas reservas privadas al Sistema de \u00c1reas Naturales Protegidas de la provincia\",\"datePublished\":\"2021-06-24T10:05:00+00:00\",\"dateModified\":\"2021-06-24T10:06:57+00:00\",\"mainEntityOfPage\":{\"@id\":\"https:\\\/\\\/cvinoticias.com\\\/v3\\\/el-ministerio-de-ecologia-incorporo-cinco-nuevas-reservas-privadas-al-sistema-de-areas-naturales-protegidas-de-la-provincia\\\/\"},\"wordCount\":434,\"commentCount\":0,\"publisher\":{\"@id\":\"https:\\\/\\\/cvinoticias.com\\\/v3\\\/#organization\"},\"image\":{\"@id\":\"https:\\\/\\\/cvinoticias.com\\\/v3\\\/el-ministerio-de-ecologia-incorporo-cinco-nuevas-reservas-privadas-al-sistema-de-areas-naturales-protegidas-de-la-provincia\\\/#primaryimage\"},\"thumbnailUrl\":\"https:\\\/\\\/cvinoticias.com\\\/wp-content\\\/uploads\\\/2021\\\/06\\\/Screenshot_20210624-070413_Facebook.jpg\",\"articleSection\":[\"Ecologia\"],\"inLanguage\":\"es\",\"potentialAction\":[{\"@type\":\"CommentAction\",\"name\":\"Comment\",\"target\":[\"https:\\\/\\\/cvinoticias.com\\\/v3\\\/el-ministerio-de-ecologia-incorporo-cinco-nuevas-reservas-privadas-al-sistema-de-areas-naturales-protegidas-de-la-provincia\\\/#respond\"]}]},{\"@type\":\"WebPage\",\"@id\":\"https:\\\/\\\/cvinoticias.com\\\/v3\\\/el-ministerio-de-ecologia-incorporo-cinco-nuevas-reservas-privadas-al-sistema-de-areas-naturales-protegidas-de-la-provincia\\\/\",\"url\":\"https:\\\/\\\/cvinoticias.com\\\/v3\\\/el-ministerio-de-ecologia-incorporo-cinco-nuevas-reservas-privadas-al-sistema-de-areas-naturales-protegidas-de-la-provincia\\\/\",\"name\":\"El Ministerio de Ecolog\u00eda incorpor\u00f3 cinco nuevas reservas privadas al Sistema de \u00c1reas Naturales Protegidas de la provincia | CVI NOTICIAS\",\"isPartOf\":{\"@id\":\"https:\\\/\\\/cvinoticias.com\\\/v3\\\/#website\"},\"primaryImageOfPage\":{\"@id\":\"https:\\\/\\\/cvinoticias.com\\\/v3\\\/el-ministerio-de-ecologia-incorporo-cinco-nuevas-reservas-privadas-al-sistema-de-areas-naturales-protegidas-de-la-provincia\\\/#primaryimage\"},\"image\":{\"@id\":\"https:\\\/\\\/cvinoticias.com\\\/v3\\\/el-ministerio-de-ecologia-incorporo-cinco-nuevas-reservas-privadas-al-sistema-de-areas-naturales-protegidas-de-la-provincia\\\/#primaryimage\"},\"thumbnailUrl\":\"https:\\\/\\\/cvinoticias.com\\\/wp-content\\\/uploads\\\/2021\\\/06\\\/Screenshot_20210624-070413_Facebook.jpg\",\"datePublished\":\"2021-06-24T10:05:00+00:00\",\"dateModified\":\"2021-06-24T10:06:57+00:00\",\"breadcrumb\":{\"@id\":\"https:\\\/\\\/cvinoticias.com\\\/v3\\\/el-ministerio-de-ecologia-incorporo-cinco-nuevas-reservas-privadas-al-sistema-de-areas-naturales-protegidas-de-la-provincia\\\/#breadcrumb\"},\"inLanguage\":\"es\",\"potentialAction\":[{\"@type\":\"ReadAction\",\"target\":[\"https:\\\/\\\/cvinoticias.com\\\/v3\\\/el-ministerio-de-ecologia-incorporo-cinco-nuevas-reservas-privadas-al-sistema-de-areas-naturales-protegidas-de-la-provincia\\\/\"]}]},{\"@type\":\"ImageObject\",\"inLanguage\":\"es\",\"@id\":\"https:\\\/\\\/cvinoticias.com\\\/v3\\\/el-ministerio-de-ecologia-incorporo-cinco-nuevas-reservas-privadas-al-sistema-de-areas-naturales-protegidas-de-la-provincia\\\/#primaryimage\",\"url\":\"https:\\\/\\\/cvinoticias.com\\\/wp-content\\\/uploads\\\/2021\\\/06\\\/Screenshot_20210624-070413_Facebook.jpg\",\"contentUrl\":\"https:\\\/\\\/cvinoticias.com\\\/wp-content\\\/uploads\\\/2021\\\/06\\\/Screenshot_20210624-070413_Facebook.jpg\",\"width\":999,\"height\":675},{\"@type\":\"BreadcrumbList\",\"@id\":\"https:\\\/\\\/cvinoticias.com\\\/v3\\\/el-ministerio-de-ecologia-incorporo-cinco-nuevas-reservas-privadas-al-sistema-de-areas-naturales-protegidas-de-la-provincia\\\/#breadcrumb\",\"itemListElement\":[{\"@type\":\"ListItem\",\"position\":1,\"name\":\"Portada\",\"item\":\"https:\\\/\\\/cvinoticias.com\\\/v3\\\/\"},{\"@type\":\"ListItem\",\"position\":2,\"name\":\"El Ministerio de Ecolog\u00eda incorpor\u00f3 cinco nuevas reservas privadas al Sistema de \u00c1reas Naturales Protegidas de la provincia\"}]},{\"@type\":\"WebSite\",\"@id\":\"https:\\\/\\\/cvinoticias.com\\\/v3\\\/#website\",\"url\":\"https:\\\/\\\/cvinoticias.com\\\/v3\\\/\",\"name\":\"CVI NOTICIAS\",\"description\":\"\",\"publisher\":{\"@id\":\"https:\\\/\\\/cvinoticias.com\\\/v3\\\/#organization\"},\"alternateName\":\"CVI\",\"potentialAction\":[{\"@type\":\"SearchAction\",\"target\":{\"@type\":\"EntryPoint\",\"urlTemplate\":\"https:\\\/\\\/cvinoticias.com\\\/v3\\\/?s={search_term_string}\"},\"query-input\":{\"@type\":\"PropertyValueSpecification\",\"valueRequired\":true,\"valueName\":\"search_term_string\"}}],\"inLanguage\":\"es\"},{\"@type\":\"Organization\",\"@id\":\"https:\\\/\\\/cvinoticias.com\\\/v3\\\/#organization\",\"name\":\"CVI NOTICIAS\",\"url\":\"https:\\\/\\\/cvinoticias.com\\\/v3\\\/\",\"logo\":{\"@type\":\"ImageObject\",\"inLanguage\":\"es\",\"@id\":\"https:\\\/\\\/cvinoticias.com\\\/v3\\\/#\\\/schema\\\/logo\\\/image\\\/\",\"url\":\"https:\\\/\\\/cvinoticias.com\\\/wp-content\\\/uploads\\\/2023\\\/04\\\/cropped-cropped-cropped-cropped-cropped-3-1.png\",\"contentUrl\":\"https:\\\/\\\/cvinoticias.com\\\/wp-content\\\/uploads\\\/2023\\\/04\\\/cropped-cropped-cropped-cropped-cropped-3-1.png\",\"width\":95,\"height\":122,\"caption\":\"CVI NOTICIAS\"},\"image\":{\"@id\":\"https:\\\/\\\/cvinoticias.com\\\/v3\\\/#\\\/schema\\\/logo\\\/image\\\/\"},\"sameAs\":[\"https:\\\/\\\/www.facebook.com\\\/cvinoticias\",\"https:\\\/\\\/www.instagram.com\\\/cvinoticias\\\/\",\"https:\\\/\\\/www.youtube.com\\\/@CVINOTICIAS\"]},{\"@type\":\"Person\",\"@id\":\"https:\\\/\\\/cvinoticias.com\\\/v3\\\/#\\\/schema\\\/person\\\/2db77e3c6bc03c538495d7b2b8be9b66\",\"name\":\"f1000024\",\"image\":{\"@type\":\"ImageObject\",\"inLanguage\":\"es\",\"@id\":\"https:\\\/\\\/secure.gravatar.com\\\/avatar\\\/d4fe7459cfc51ff5129ce1a732bbef5928568b8092d412ef95611616376bbeed?s=96&d=mm&r=g\",\"url\":\"https:\\\/\\\/secure.gravatar.com\\\/avatar\\\/d4fe7459cfc51ff5129ce1a732bbef5928568b8092d412ef95611616376bbeed?s=96&d=mm&r=g\",\"contentUrl\":\"https:\\\/\\\/secure.gravatar.com\\\/avatar\\\/d4fe7459cfc51ff5129ce1a732bbef5928568b8092d412ef95611616376bbeed?s=96&d=mm&r=g\",\"caption\":\"f1000024\"},\"url\":\"https:\\\/\\\/cvinoticias.com\\\/v3\\\/author\\\/f1000024\\\/\"}]}<\/script>\n<!-- \/ Yoast SEO plugin. -->","yoast_head_json":{"title":"El Ministerio de Ecolog\u00eda incorpor\u00f3 cinco nuevas reservas privadas al Sistema de \u00c1reas Naturales Protegidas de la provincia | CVI NOTICIAS","robots":{"index":"index","follow":"follow","max-snippet":"max-snippet:-1","max-image-preview":"max-image-preview:large","max-video-preview":"max-video-preview:-1"},"canonical":"https:\/\/cvinoticias.com\/v3\/el-ministerio-de-ecologia-incorporo-cinco-nuevas-reservas-privadas-al-sistema-de-areas-naturales-protegidas-de-la-provincia\/","og_locale":"es_ES","og_type":"article","og_title":"El Ministerio de Ecolog\u00eda incorpor\u00f3 cinco nuevas reservas privadas al Sistema de \u00c1reas Naturales Protegidas de la provincia | CVI NOTICIAS","og_description":"El ministro de Ecolog\u00eda de Misiones, Mario Vialey, cont\u00f3 que\u00a0se incorporaron cinco nuevas reservas privadas al Sistema de \u00c1reas Naturales Protegidas de la provincia, por lo que a partir de estas gestiones administrativas\u00a0son 908 las hect\u00e1reas de reservas privadas que se ubican en la zona norte, centro y sur\u00a0del territorio provincial. Con estas nuevas \u00e1reas [&hellip;]","og_url":"https:\/\/cvinoticias.com\/v3\/el-ministerio-de-ecologia-incorporo-cinco-nuevas-reservas-privadas-al-sistema-de-areas-naturales-protegidas-de-la-provincia\/","og_site_name":"CVI NOTICIAS","article_publisher":"https:\/\/www.facebook.com\/cvinoticias","article_published_time":"2021-06-24T10:05:00+00:00","article_modified_time":"2021-06-24T10:06:57+00:00","og_image":[{"width":999,"height":675,"url":"https:\/\/cvinoticias.com\/wp-content\/uploads\/2021\/06\/Screenshot_20210624-070413_Facebook.jpg","type":"image\/jpeg"}],"author":"f1000024","twitter_card":"summary_large_image","twitter_misc":{"Escrito por":"f1000024","Tiempo de lectura":"2 minutos"},"schema":{"@context":"https:\/\/schema.org","@graph":[{"@type":"Article","@id":"https:\/\/cvinoticias.com\/v3\/el-ministerio-de-ecologia-incorporo-cinco-nuevas-reservas-privadas-al-sistema-de-areas-naturales-protegidas-de-la-provincia\/#article","isPartOf":{"@id":"https:\/\/cvinoticias.com\/v3\/el-ministerio-de-ecologia-incorporo-cinco-nuevas-reservas-privadas-al-sistema-de-areas-naturales-protegidas-de-la-provincia\/"},"author":{"name":"f1000024","@id":"https:\/\/cvinoticias.com\/v3\/#\/schema\/person\/2db77e3c6bc03c538495d7b2b8be9b66"},"headline":"El Ministerio de Ecolog\u00eda incorpor\u00f3 cinco nuevas reservas privadas al Sistema de \u00c1reas Naturales Protegidas de la provincia","datePublished":"2021-06-24T10:05:00+00:00","dateModified":"2021-06-24T10:06:57+00:00","mainEntityOfPage":{"@id":"https:\/\/cvinoticias.com\/v3\/el-ministerio-de-ecologia-incorporo-cinco-nuevas-reservas-privadas-al-sistema-de-areas-naturales-protegidas-de-la-provincia\/"},"wordCount":434,"commentCount":0,"publisher":{"@id":"https:\/\/cvinoticias.com\/v3\/#organization"},"image":{"@id":"https:\/\/cvinoticias.com\/v3\/el-ministerio-de-ecologia-incorporo-cinco-nuevas-reservas-privadas-al-sistema-de-areas-naturales-protegidas-de-la-provincia\/#primaryimage"},"thumbnailUrl":"https:\/\/cvinoticias.com\/wp-content\/uploads\/2021\/06\/Screenshot_20210624-070413_Facebook.jpg","articleSection":["Ecologia"],"inLanguage":"es","potentialAction":[{"@type":"CommentAction","name":"Comment","target":["https:\/\/cvinoticias.com\/v3\/el-ministerio-de-ecologia-incorporo-cinco-nuevas-reservas-privadas-al-sistema-de-areas-naturales-protegidas-de-la-provincia\/#respond"]}]},{"@type":"WebPage","@id":"https:\/\/cvinoticias.com\/v3\/el-ministerio-de-ecologia-incorporo-cinco-nuevas-reservas-privadas-al-sistema-de-areas-naturales-protegidas-de-la-provincia\/","url":"https:\/\/cvinoticias.com\/v3\/el-ministerio-de-ecologia-incorporo-cinco-nuevas-reservas-privadas-al-sistema-de-areas-naturales-protegidas-de-la-provincia\/","name":"El Ministerio de Ecolog\u00eda incorpor\u00f3 cinco nuevas reservas privadas al Sistema de \u00c1reas Naturales Protegidas de la provincia | CVI NOTICIAS","isPartOf":{"@id":"https:\/\/cvinoticias.com\/v3\/#website"},"primaryImageOfPage":{"@id":"https:\/\/cvinoticias.com\/v3\/el-ministerio-de-ecologia-incorporo-cinco-nuevas-reservas-privadas-al-sistema-de-areas-naturales-protegidas-de-la-provincia\/#primaryimage"},"image":{"@id":"https:\/\/cvinoticias.com\/v3\/el-ministerio-de-ecologia-incorporo-cinco-nuevas-reservas-privadas-al-sistema-de-areas-naturales-protegidas-de-la-provincia\/#primaryimage"},"thumbnailUrl":"https:\/\/cvinoticias.com\/wp-content\/uploads\/2021\/06\/Screenshot_20210624-070413_Facebook.jpg","datePublished":"2021-06-24T10:05:00+00:00","dateModified":"2021-06-24T10:06:57+00:00","breadcrumb":{"@id":"https:\/\/cvinoticias.com\/v3\/el-ministerio-de-ecologia-incorporo-cinco-nuevas-reservas-privadas-al-sistema-de-areas-naturales-protegidas-de-la-provincia\/#breadcrumb"},"inLanguage":"es","potentialAction":[{"@type":"ReadAction","target":["https:\/\/cvinoticias.com\/v3\/el-ministerio-de-ecologia-incorporo-cinco-nuevas-reservas-privadas-al-sistema-de-areas-naturales-protegidas-de-la-provincia\/"]}]},{"@type":"ImageObject","inLanguage":"es","@id":"https:\/\/cvinoticias.com\/v3\/el-ministerio-de-ecologia-incorporo-cinco-nuevas-reservas-privadas-al-sistema-de-areas-naturales-protegidas-de-la-provincia\/#primaryimage","url":"https:\/\/cvinoticias.com\/wp-content\/uploads\/2021\/06\/Screenshot_20210624-070413_Facebook.jpg","contentUrl":"https:\/\/cvinoticias.com\/wp-content\/uploads\/2021\/06\/Screenshot_20210624-070413_Facebook.jpg","width":999,"height":675},{"@type":"BreadcrumbList","@id":"https:\/\/cvinoticias.com\/v3\/el-ministerio-de-ecologia-incorporo-cinco-nuevas-reservas-privadas-al-sistema-de-areas-naturales-protegidas-de-la-provincia\/#breadcrumb","itemListElement":[{"@type":"ListItem","position":1,"name":"Portada","item":"https:\/\/cvinoticias.com\/v3\/"},{"@type":"ListItem","position":2,"name":"El Ministerio de Ecolog\u00eda incorpor\u00f3 cinco nuevas reservas privadas al Sistema de \u00c1reas Naturales Protegidas de la provincia"}]},{"@type":"WebSite","@id":"https:\/\/cvinoticias.com\/v3\/#website","url":"https:\/\/cvinoticias.com\/v3\/","name":"CVI NOTICIAS","description":"","publisher":{"@id":"https:\/\/cvinoticias.com\/v3\/#organization"},"alternateName":"CVI","potentialAction":[{"@type":"SearchAction","target":{"@type":"EntryPoint","urlTemplate":"https:\/\/cvinoticias.com\/v3\/?s={search_term_string}"},"query-input":{"@type":"PropertyValueSpecification","valueRequired":true,"valueName":"search_term_string"}}],"inLanguage":"es"},{"@type":"Organization","@id":"https:\/\/cvinoticias.com\/v3\/#organization","name":"CVI NOTICIAS","url":"https:\/\/cvinoticias.com\/v3\/","logo":{"@type":"ImageObject","inLanguage":"es","@id":"https:\/\/cvinoticias.com\/v3\/#\/schema\/logo\/image\/","url":"https:\/\/cvinoticias.com\/wp-content\/uploads\/2023\/04\/cropped-cropped-cropped-cropped-cropped-3-1.png","contentUrl":"https:\/\/cvinoticias.com\/wp-content\/uploads\/2023\/04\/cropped-cropped-cropped-cropped-cropped-3-1.png","width":95,"height":122,"caption":"CVI NOTICIAS"},"image":{"@id":"https:\/\/cvinoticias.com\/v3\/#\/schema\/logo\/image\/"},"sameAs":["https:\/\/www.facebook.com\/cvinoticias","https:\/\/www.instagram.com\/cvinoticias\/","https:\/\/www.youtube.com\/@CVINOTICIAS"]},{"@type":"Person","@id":"https:\/\/cvinoticias.com\/v3\/#\/schema\/person\/2db77e3c6bc03c538495d7b2b8be9b66","name":"f1000024","image":{"@type":"ImageObject","inLanguage":"es","@id":"https:\/\/secure.gravatar.com\/avatar\/d4fe7459cfc51ff5129ce1a732bbef5928568b8092d412ef95611616376bbeed?s=96&d=mm&r=g","url":"https:\/\/secure.gravatar.com\/avatar\/d4fe7459cfc51ff5129ce1a732bbef5928568b8092d412ef95611616376bbeed?s=96&d=mm&r=g","contentUrl":"https:\/\/secure.gravatar.com\/avatar\/d4fe7459cfc51ff5129ce1a732bbef5928568b8092d412ef95611616376bbeed?s=96&d=mm&r=g","caption":"f1000024"},"url":"https:\/\/cvinoticias.com\/v3\/author\/f1000024\/"}]}},"_links":{"self":[{"href":"https:\/\/cvinoticias.com\/v3\/wp-json\/wp\/v2\/posts\/6255","targetHints":{"allow":["GET"]}}],"collection":[{"href":"https:\/\/cvinoticias.com\/v3\/wp-json\/wp\/v2\/posts"}],"about":[{"href":"https:\/\/cvinoticias.com\/v3\/wp-json\/wp\/v2\/types\/post"}],"author":[{"embeddable":true,"href":"https:\/\/cvinoticias.com\/v3\/wp-json\/wp\/v2\/users\/2"}],"replies":[{"embeddable":true,"href":"https:\/\/cvinoticias.com\/v3\/wp-json\/wp\/v2\/comments?post=6255"}],"version-history":[{"count":2,"href":"https:\/\/cvinoticias.com\/v3\/wp-json\/wp\/v2\/posts\/6255\/revisions"}],"predecessor-version":[{"id":6258,"href":"https:\/\/cvinoticias.com\/v3\/wp-json\/wp\/v2\/posts\/6255\/revisions\/6258"}],"wp:featuredmedia":[{"embeddable":true,"href":"https:\/\/cvinoticias.com\/v3\/wp-json\/wp\/v2\/media\/6256"}],"wp:attachment":[{"href":"https:\/\/cvinoticias.com\/v3\/wp-json\/wp\/v2\/media?parent=6255"}],"wp:term":[{"taxonomy":"category","embeddable":true,"href":"https:\/\/cvinoticias.com\/v3\/wp-json\/wp\/v2\/categories?post=6255"},{"taxonomy":"post_tag","embeddable":true,"href":"https:\/\/cvinoticias.com\/v3\/wp-json\/wp\/v2\/tags?post=6255"}],"curies":[{"name":"wp","href":"https:\/\/api.w.org\/{rel}","templated":true}]}}