{"id":6245,"date":"2021-06-24T09:16:50","date_gmt":"2021-06-24T09:16:50","guid":{"rendered":"https:\/\/cvinoticias.com\/v3\/?p=6245"},"modified":"2021-06-24T09:16:50","modified_gmt":"2021-06-24T09:16:50","slug":"lanzaran-programa-de-viviendas-para-personas-mayores-de-60-anos","status":"publish","type":"post","link":"https:\/\/cvinoticias.com\/v3\/lanzaran-programa-de-viviendas-para-personas-mayores-de-60-anos\/","title":{"rendered":"Lanzar\u00e1n programa de viviendas para personas mayores de 60 a\u00f1os"},"content":{"rendered":"\n<p><strong><em>Se llamar\u00e1 \u00abCasa Propia-Casa Activa\u00bb, la primera pol\u00edtica p\u00fablica de h\u00e1bitat integral y vivienda colaborativa para mayores de 60 a\u00f1os y una iniciativa in\u00e9dita de este tipo en Latinoam\u00e9rica.<\/em><\/strong><\/p>\n\n\n\n<p>El presidente Alberto Fern\u00e1ndez presentar\u00e1 hoy el programa\u00a0<strong>\u201cCasa Propia-Casa Activa\u201d,<\/strong>\u00a0la primera pol\u00edtica p\u00fablica de h\u00e1bitat integral y vivienda colaborativa para personas mayores de 60 a\u00f1os y una iniciativa in\u00e9dita de este tipo en Latinoam\u00e9rica, informaron fuentes oficiales.<\/p>\n\n\n\n<p>El acto ser\u00e1\u00a0a las 11.30 en el Museo del Bicentenario de Casa Rosada, y Fern\u00e1ndez estar\u00e1 acompa\u00f1ado por el ministro de Desarrollo Territorial y H\u00e1bitat, Jorge Ferraresi; y la titular del Programa de Atenci\u00f3n M\u00e9dica Integral (PAMI), Luana Volnovich.<\/p>\n\n\n\n<p>En esta primera etapa, a realizarse entre este a\u00f1o y el pr\u00f3ximo,\u00a0se construir\u00e1n en todo el pa\u00eds 100 complejos de 32 viviendas cada uno, de las cuales 20 ser\u00e1n monoambientes y 12 unidades de un dormitorio, con una superficie promedio de 38,49 metros cuadrados y 50,19 metros cuadrados, respectivamente,\u00a0e insumir\u00e1n una inversi\u00f3n de 21.944.170.370 pesos.<\/p>\n\n\n\n<p>Ese plan lo llevan adelante en forma conjunta el Ministerio de Desarrollo Territorial y H\u00e1bitat y el PAMI y est\u00e1 enmarcado en el programa \u201cCasa Propia \u2013 Construir Futuro\u201d.<\/p>\n\n\n\n<p>Las viviendas\u00a0contemplar\u00e1n espacios con dise\u00f1o flexible y accesible, libre de barreras arquitect\u00f3nicas,\u00a0para lograr un apropiado desenvolvimiento de las actividades diarias, indicaron las fuentes.<\/p>\n\n\n\n<p>El programa integrar\u00e1 complejos de vivienda con equipamientos en espacios comunes donde se puedan llevar adelante actividades educativas, deportivas y de recreaci\u00f3n.<\/p>\n\n\n\n<p>\u00a0Entre las actividades que se desarrollar\u00e1n, se destacan\u00a0\u00e1rea de lectura y juego, jard\u00edn de invierno con huertas terap\u00e9uticas, \u00e1rea de socializaci\u00f3n y encuentro familiar, juegos biosaludables y \u00e1rea para gimnasia acu\u00e1tica.<\/p>\n\n\n\n<p>Los complejos estar\u00e1n\u00a0complementados con un Centro de D\u00eda en cada uno, donde el PAMI brindar\u00e1 servicios de salud primaria y terap\u00e9utica, como \u00e1reas de estimulaci\u00f3n cognitiva, de estimulaci\u00f3n sobre las actividades de la vida diaria, expresivo-art\u00edstica y gimnasio; y contar\u00e1 con comedor, sal\u00f3n de usos m\u00faltiples y \u00e1rea de descanso.<\/p>\n\n\n\n<p>Las viviendas\u00a0se entregar\u00e1n en comodato a personas de m\u00e1s de 60 a\u00f1os que no puedan acceder a una soluci\u00f3n habitacional definitiva o se encuentren imposibilitadas de acceder a un cr\u00e9dito hipotecario\u00a0en raz\u00f3n de la edad, explicaron las fuentes.<\/p>\n\n\n\n<p>El Ministerio de Desarrollo Territorial y H\u00e1bitat financiar\u00e1 la ejecuci\u00f3n de las obras y el PAMI equipar\u00e1 y financiar\u00e1 las prestaciones para el funcionamiento de los Centros de D\u00eda.<\/p>\n\n\n\n<p>Los entes ejecutores, es decir provincias o municipios, ejecutar\u00e1n las obras y administrar\u00e1n el funcionamiento de las viviendas, espacios comunes y los Centros de D\u00eda.<\/p>\n\n\n\n<p><\/p>\n\n\n\n<p><strong>Fuente: T\u00e9lam<\/strong><\/p>\n","protected":false},"excerpt":{"rendered":"<p>Se llamar\u00e1 \u00abCasa Propia-Casa Activa\u00bb, la primera pol\u00edtica p\u00fablica de h\u00e1bitat integral y vivienda colaborativa para mayores de 60 a\u00f1os y una iniciativa in\u00e9dita de este tipo en Latinoam\u00e9rica. El presidente Alberto Fern\u00e1ndez presentar\u00e1 hoy el programa\u00a0\u201cCasa Propia-Casa Activa\u201d,\u00a0la primera pol\u00edtica p\u00fablica de h\u00e1bitat integral y vivienda colaborativa para personas mayores de 60 a\u00f1os y [&hellip;]<\/p>\n","protected":false},"author":2,"featured_media":6246,"comment_status":"open","ping_status":"open","sticky":false,"template":"","format":"standard","meta":{"footnotes":""},"categories":[39],"tags":[],"class_list":["post-6245","post","type-post","status-publish","format-standard","has-post-thumbnail","hentry","category-nacionales"],"yoast_head":"<!-- This site is optimized with the Yoast SEO plugin v27.4 - https:\/\/yoast.com\/product\/yoast-seo-wordpress\/ -->\n<title>Lanzar\u00e1n programa de viviendas para personas mayores de 60 a\u00f1os | CVI NOTICIAS<\/title>\n<meta name=\"robots\" content=\"index, follow, max-snippet:-1, max-image-preview:large, max-video-preview:-1\" \/>\n<link rel=\"canonical\" href=\"https:\/\/cvinoticias.com\/v3\/lanzaran-programa-de-viviendas-para-personas-mayores-de-60-anos\/\" \/>\n<meta property=\"og:locale\" content=\"es_ES\" \/>\n<meta property=\"og:type\" content=\"article\" \/>\n<meta property=\"og:title\" content=\"Lanzar\u00e1n programa de viviendas para personas mayores de 60 a\u00f1os | CVI NOTICIAS\" \/>\n<meta property=\"og:description\" content=\"Se llamar\u00e1 \u00abCasa Propia-Casa Activa\u00bb, la primera pol\u00edtica p\u00fablica de h\u00e1bitat integral y vivienda colaborativa para mayores de 60 a\u00f1os y una iniciativa in\u00e9dita de este tipo en Latinoam\u00e9rica. El presidente Alberto Fern\u00e1ndez presentar\u00e1 hoy el programa\u00a0\u201cCasa Propia-Casa Activa\u201d,\u00a0la primera pol\u00edtica p\u00fablica de h\u00e1bitat integral y vivienda colaborativa para personas mayores de 60 a\u00f1os y [&hellip;]\" \/>\n<meta property=\"og:url\" content=\"https:\/\/cvinoticias.com\/v3\/lanzaran-programa-de-viviendas-para-personas-mayores-de-60-anos\/\" \/>\n<meta property=\"og:site_name\" content=\"CVI NOTICIAS\" \/>\n<meta property=\"article:publisher\" content=\"https:\/\/www.facebook.com\/cvinoticias\" \/>\n<meta property=\"article:published_time\" content=\"2021-06-24T09:16:50+00:00\" \/>\n<meta property=\"og:image\" content=\"https:\/\/cvinoticias.com\/wp-content\/uploads\/2021\/06\/Screenshot_20210624-061612_Facebook.jpg\" \/>\n\t<meta property=\"og:image:width\" content=\"957\" \/>\n\t<meta property=\"og:image:height\" content=\"662\" \/>\n\t<meta property=\"og:image:type\" content=\"image\/jpeg\" \/>\n<meta name=\"author\" content=\"f1000024\" \/>\n<meta name=\"twitter:card\" content=\"summary_large_image\" \/>\n<meta name=\"twitter:label1\" content=\"Escrito por\" \/>\n\t<meta name=\"twitter:data1\" content=\"f1000024\" \/>\n\t<meta name=\"twitter:label2\" content=\"Tiempo de lectura\" \/>\n\t<meta name=\"twitter:data2\" content=\"2 minutos\" \/>\n<script type=\"application\/ld+json\" class=\"yoast-schema-graph\">{\"@context\":\"https:\\\/\\\/schema.org\",\"@graph\":[{\"@type\":\"Article\",\"@id\":\"https:\\\/\\\/cvinoticias.com\\\/v3\\\/lanzaran-programa-de-viviendas-para-personas-mayores-de-60-anos\\\/#article\",\"isPartOf\":{\"@id\":\"https:\\\/\\\/cvinoticias.com\\\/v3\\\/lanzaran-programa-de-viviendas-para-personas-mayores-de-60-anos\\\/\"},\"author\":{\"name\":\"f1000024\",\"@id\":\"https:\\\/\\\/cvinoticias.com\\\/v3\\\/#\\\/schema\\\/person\\\/2db77e3c6bc03c538495d7b2b8be9b66\"},\"headline\":\"Lanzar\u00e1n programa de viviendas para personas mayores de 60 a\u00f1os\",\"datePublished\":\"2021-06-24T09:16:50+00:00\",\"mainEntityOfPage\":{\"@id\":\"https:\\\/\\\/cvinoticias.com\\\/v3\\\/lanzaran-programa-de-viviendas-para-personas-mayores-de-60-anos\\\/\"},\"wordCount\":475,\"commentCount\":0,\"publisher\":{\"@id\":\"https:\\\/\\\/cvinoticias.com\\\/v3\\\/#organization\"},\"image\":{\"@id\":\"https:\\\/\\\/cvinoticias.com\\\/v3\\\/lanzaran-programa-de-viviendas-para-personas-mayores-de-60-anos\\\/#primaryimage\"},\"thumbnailUrl\":\"https:\\\/\\\/cvinoticias.com\\\/wp-content\\\/uploads\\\/2021\\\/06\\\/Screenshot_20210624-061612_Facebook.jpg\",\"articleSection\":[\"Nacionales\"],\"inLanguage\":\"es\",\"potentialAction\":[{\"@type\":\"CommentAction\",\"name\":\"Comment\",\"target\":[\"https:\\\/\\\/cvinoticias.com\\\/v3\\\/lanzaran-programa-de-viviendas-para-personas-mayores-de-60-anos\\\/#respond\"]}]},{\"@type\":\"WebPage\",\"@id\":\"https:\\\/\\\/cvinoticias.com\\\/v3\\\/lanzaran-programa-de-viviendas-para-personas-mayores-de-60-anos\\\/\",\"url\":\"https:\\\/\\\/cvinoticias.com\\\/v3\\\/lanzaran-programa-de-viviendas-para-personas-mayores-de-60-anos\\\/\",\"name\":\"Lanzar\u00e1n programa de viviendas para personas mayores de 60 a\u00f1os | CVI NOTICIAS\",\"isPartOf\":{\"@id\":\"https:\\\/\\\/cvinoticias.com\\\/v3\\\/#website\"},\"primaryImageOfPage\":{\"@id\":\"https:\\\/\\\/cvinoticias.com\\\/v3\\\/lanzaran-programa-de-viviendas-para-personas-mayores-de-60-anos\\\/#primaryimage\"},\"image\":{\"@id\":\"https:\\\/\\\/cvinoticias.com\\\/v3\\\/lanzaran-programa-de-viviendas-para-personas-mayores-de-60-anos\\\/#primaryimage\"},\"thumbnailUrl\":\"https:\\\/\\\/cvinoticias.com\\\/wp-content\\\/uploads\\\/2021\\\/06\\\/Screenshot_20210624-061612_Facebook.jpg\",\"datePublished\":\"2021-06-24T09:16:50+00:00\",\"breadcrumb\":{\"@id\":\"https:\\\/\\\/cvinoticias.com\\\/v3\\\/lanzaran-programa-de-viviendas-para-personas-mayores-de-60-anos\\\/#breadcrumb\"},\"inLanguage\":\"es\",\"potentialAction\":[{\"@type\":\"ReadAction\",\"target\":[\"https:\\\/\\\/cvinoticias.com\\\/v3\\\/lanzaran-programa-de-viviendas-para-personas-mayores-de-60-anos\\\/\"]}]},{\"@type\":\"ImageObject\",\"inLanguage\":\"es\",\"@id\":\"https:\\\/\\\/cvinoticias.com\\\/v3\\\/lanzaran-programa-de-viviendas-para-personas-mayores-de-60-anos\\\/#primaryimage\",\"url\":\"https:\\\/\\\/cvinoticias.com\\\/wp-content\\\/uploads\\\/2021\\\/06\\\/Screenshot_20210624-061612_Facebook.jpg\",\"contentUrl\":\"https:\\\/\\\/cvinoticias.com\\\/wp-content\\\/uploads\\\/2021\\\/06\\\/Screenshot_20210624-061612_Facebook.jpg\",\"width\":957,\"height\":662},{\"@type\":\"BreadcrumbList\",\"@id\":\"https:\\\/\\\/cvinoticias.com\\\/v3\\\/lanzaran-programa-de-viviendas-para-personas-mayores-de-60-anos\\\/#breadcrumb\",\"itemListElement\":[{\"@type\":\"ListItem\",\"position\":1,\"name\":\"Portada\",\"item\":\"https:\\\/\\\/cvinoticias.com\\\/v3\\\/\"},{\"@type\":\"ListItem\",\"position\":2,\"name\":\"Lanzar\u00e1n programa de viviendas para personas mayores de 60 a\u00f1os\"}]},{\"@type\":\"WebSite\",\"@id\":\"https:\\\/\\\/cvinoticias.com\\\/v3\\\/#website\",\"url\":\"https:\\\/\\\/cvinoticias.com\\\/v3\\\/\",\"name\":\"CVI NOTICIAS\",\"description\":\"\",\"publisher\":{\"@id\":\"https:\\\/\\\/cvinoticias.com\\\/v3\\\/#organization\"},\"alternateName\":\"CVI\",\"potentialAction\":[{\"@type\":\"SearchAction\",\"target\":{\"@type\":\"EntryPoint\",\"urlTemplate\":\"https:\\\/\\\/cvinoticias.com\\\/v3\\\/?s={search_term_string}\"},\"query-input\":{\"@type\":\"PropertyValueSpecification\",\"valueRequired\":true,\"valueName\":\"search_term_string\"}}],\"inLanguage\":\"es\"},{\"@type\":\"Organization\",\"@id\":\"https:\\\/\\\/cvinoticias.com\\\/v3\\\/#organization\",\"name\":\"CVI NOTICIAS\",\"url\":\"https:\\\/\\\/cvinoticias.com\\\/v3\\\/\",\"logo\":{\"@type\":\"ImageObject\",\"inLanguage\":\"es\",\"@id\":\"https:\\\/\\\/cvinoticias.com\\\/v3\\\/#\\\/schema\\\/logo\\\/image\\\/\",\"url\":\"https:\\\/\\\/cvinoticias.com\\\/wp-content\\\/uploads\\\/2023\\\/04\\\/cropped-cropped-cropped-cropped-cropped-3-1.png\",\"contentUrl\":\"https:\\\/\\\/cvinoticias.com\\\/wp-content\\\/uploads\\\/2023\\\/04\\\/cropped-cropped-cropped-cropped-cropped-3-1.png\",\"width\":95,\"height\":122,\"caption\":\"CVI NOTICIAS\"},\"image\":{\"@id\":\"https:\\\/\\\/cvinoticias.com\\\/v3\\\/#\\\/schema\\\/logo\\\/image\\\/\"},\"sameAs\":[\"https:\\\/\\\/www.facebook.com\\\/cvinoticias\",\"https:\\\/\\\/www.instagram.com\\\/cvinoticias\\\/\",\"https:\\\/\\\/www.youtube.com\\\/@CVINOTICIAS\"]},{\"@type\":\"Person\",\"@id\":\"https:\\\/\\\/cvinoticias.com\\\/v3\\\/#\\\/schema\\\/person\\\/2db77e3c6bc03c538495d7b2b8be9b66\",\"name\":\"f1000024\",\"image\":{\"@type\":\"ImageObject\",\"inLanguage\":\"es\",\"@id\":\"https:\\\/\\\/secure.gravatar.com\\\/avatar\\\/d4fe7459cfc51ff5129ce1a732bbef5928568b8092d412ef95611616376bbeed?s=96&d=mm&r=g\",\"url\":\"https:\\\/\\\/secure.gravatar.com\\\/avatar\\\/d4fe7459cfc51ff5129ce1a732bbef5928568b8092d412ef95611616376bbeed?s=96&d=mm&r=g\",\"contentUrl\":\"https:\\\/\\\/secure.gravatar.com\\\/avatar\\\/d4fe7459cfc51ff5129ce1a732bbef5928568b8092d412ef95611616376bbeed?s=96&d=mm&r=g\",\"caption\":\"f1000024\"},\"url\":\"https:\\\/\\\/cvinoticias.com\\\/v3\\\/author\\\/f1000024\\\/\"}]}<\/script>\n<!-- \/ Yoast SEO plugin. -->","yoast_head_json":{"title":"Lanzar\u00e1n programa de viviendas para personas mayores de 60 a\u00f1os | CVI NOTICIAS","robots":{"index":"index","follow":"follow","max-snippet":"max-snippet:-1","max-image-preview":"max-image-preview:large","max-video-preview":"max-video-preview:-1"},"canonical":"https:\/\/cvinoticias.com\/v3\/lanzaran-programa-de-viviendas-para-personas-mayores-de-60-anos\/","og_locale":"es_ES","og_type":"article","og_title":"Lanzar\u00e1n programa de viviendas para personas mayores de 60 a\u00f1os | CVI NOTICIAS","og_description":"Se llamar\u00e1 \u00abCasa Propia-Casa Activa\u00bb, la primera pol\u00edtica p\u00fablica de h\u00e1bitat integral y vivienda colaborativa para mayores de 60 a\u00f1os y una iniciativa in\u00e9dita de este tipo en Latinoam\u00e9rica. El presidente Alberto Fern\u00e1ndez presentar\u00e1 hoy el programa\u00a0\u201cCasa Propia-Casa Activa\u201d,\u00a0la primera pol\u00edtica p\u00fablica de h\u00e1bitat integral y vivienda colaborativa para personas mayores de 60 a\u00f1os y [&hellip;]","og_url":"https:\/\/cvinoticias.com\/v3\/lanzaran-programa-de-viviendas-para-personas-mayores-de-60-anos\/","og_site_name":"CVI NOTICIAS","article_publisher":"https:\/\/www.facebook.com\/cvinoticias","article_published_time":"2021-06-24T09:16:50+00:00","og_image":[{"width":957,"height":662,"url":"https:\/\/cvinoticias.com\/wp-content\/uploads\/2021\/06\/Screenshot_20210624-061612_Facebook.jpg","type":"image\/jpeg"}],"author":"f1000024","twitter_card":"summary_large_image","twitter_misc":{"Escrito por":"f1000024","Tiempo de lectura":"2 minutos"},"schema":{"@context":"https:\/\/schema.org","@graph":[{"@type":"Article","@id":"https:\/\/cvinoticias.com\/v3\/lanzaran-programa-de-viviendas-para-personas-mayores-de-60-anos\/#article","isPartOf":{"@id":"https:\/\/cvinoticias.com\/v3\/lanzaran-programa-de-viviendas-para-personas-mayores-de-60-anos\/"},"author":{"name":"f1000024","@id":"https:\/\/cvinoticias.com\/v3\/#\/schema\/person\/2db77e3c6bc03c538495d7b2b8be9b66"},"headline":"Lanzar\u00e1n programa de viviendas para personas mayores de 60 a\u00f1os","datePublished":"2021-06-24T09:16:50+00:00","mainEntityOfPage":{"@id":"https:\/\/cvinoticias.com\/v3\/lanzaran-programa-de-viviendas-para-personas-mayores-de-60-anos\/"},"wordCount":475,"commentCount":0,"publisher":{"@id":"https:\/\/cvinoticias.com\/v3\/#organization"},"image":{"@id":"https:\/\/cvinoticias.com\/v3\/lanzaran-programa-de-viviendas-para-personas-mayores-de-60-anos\/#primaryimage"},"thumbnailUrl":"https:\/\/cvinoticias.com\/wp-content\/uploads\/2021\/06\/Screenshot_20210624-061612_Facebook.jpg","articleSection":["Nacionales"],"inLanguage":"es","potentialAction":[{"@type":"CommentAction","name":"Comment","target":["https:\/\/cvinoticias.com\/v3\/lanzaran-programa-de-viviendas-para-personas-mayores-de-60-anos\/#respond"]}]},{"@type":"WebPage","@id":"https:\/\/cvinoticias.com\/v3\/lanzaran-programa-de-viviendas-para-personas-mayores-de-60-anos\/","url":"https:\/\/cvinoticias.com\/v3\/lanzaran-programa-de-viviendas-para-personas-mayores-de-60-anos\/","name":"Lanzar\u00e1n programa de viviendas para personas mayores de 60 a\u00f1os | CVI NOTICIAS","isPartOf":{"@id":"https:\/\/cvinoticias.com\/v3\/#website"},"primaryImageOfPage":{"@id":"https:\/\/cvinoticias.com\/v3\/lanzaran-programa-de-viviendas-para-personas-mayores-de-60-anos\/#primaryimage"},"image":{"@id":"https:\/\/cvinoticias.com\/v3\/lanzaran-programa-de-viviendas-para-personas-mayores-de-60-anos\/#primaryimage"},"thumbnailUrl":"https:\/\/cvinoticias.com\/wp-content\/uploads\/2021\/06\/Screenshot_20210624-061612_Facebook.jpg","datePublished":"2021-06-24T09:16:50+00:00","breadcrumb":{"@id":"https:\/\/cvinoticias.com\/v3\/lanzaran-programa-de-viviendas-para-personas-mayores-de-60-anos\/#breadcrumb"},"inLanguage":"es","potentialAction":[{"@type":"ReadAction","target":["https:\/\/cvinoticias.com\/v3\/lanzaran-programa-de-viviendas-para-personas-mayores-de-60-anos\/"]}]},{"@type":"ImageObject","inLanguage":"es","@id":"https:\/\/cvinoticias.com\/v3\/lanzaran-programa-de-viviendas-para-personas-mayores-de-60-anos\/#primaryimage","url":"https:\/\/cvinoticias.com\/wp-content\/uploads\/2021\/06\/Screenshot_20210624-061612_Facebook.jpg","contentUrl":"https:\/\/cvinoticias.com\/wp-content\/uploads\/2021\/06\/Screenshot_20210624-061612_Facebook.jpg","width":957,"height":662},{"@type":"BreadcrumbList","@id":"https:\/\/cvinoticias.com\/v3\/lanzaran-programa-de-viviendas-para-personas-mayores-de-60-anos\/#breadcrumb","itemListElement":[{"@type":"ListItem","position":1,"name":"Portada","item":"https:\/\/cvinoticias.com\/v3\/"},{"@type":"ListItem","position":2,"name":"Lanzar\u00e1n programa de viviendas para personas mayores de 60 a\u00f1os"}]},{"@type":"WebSite","@id":"https:\/\/cvinoticias.com\/v3\/#website","url":"https:\/\/cvinoticias.com\/v3\/","name":"CVI NOTICIAS","description":"","publisher":{"@id":"https:\/\/cvinoticias.com\/v3\/#organization"},"alternateName":"CVI","potentialAction":[{"@type":"SearchAction","target":{"@type":"EntryPoint","urlTemplate":"https:\/\/cvinoticias.com\/v3\/?s={search_term_string}"},"query-input":{"@type":"PropertyValueSpecification","valueRequired":true,"valueName":"search_term_string"}}],"inLanguage":"es"},{"@type":"Organization","@id":"https:\/\/cvinoticias.com\/v3\/#organization","name":"CVI NOTICIAS","url":"https:\/\/cvinoticias.com\/v3\/","logo":{"@type":"ImageObject","inLanguage":"es","@id":"https:\/\/cvinoticias.com\/v3\/#\/schema\/logo\/image\/","url":"https:\/\/cvinoticias.com\/wp-content\/uploads\/2023\/04\/cropped-cropped-cropped-cropped-cropped-3-1.png","contentUrl":"https:\/\/cvinoticias.com\/wp-content\/uploads\/2023\/04\/cropped-cropped-cropped-cropped-cropped-3-1.png","width":95,"height":122,"caption":"CVI NOTICIAS"},"image":{"@id":"https:\/\/cvinoticias.com\/v3\/#\/schema\/logo\/image\/"},"sameAs":["https:\/\/www.facebook.com\/cvinoticias","https:\/\/www.instagram.com\/cvinoticias\/","https:\/\/www.youtube.com\/@CVINOTICIAS"]},{"@type":"Person","@id":"https:\/\/cvinoticias.com\/v3\/#\/schema\/person\/2db77e3c6bc03c538495d7b2b8be9b66","name":"f1000024","image":{"@type":"ImageObject","inLanguage":"es","@id":"https:\/\/secure.gravatar.com\/avatar\/d4fe7459cfc51ff5129ce1a732bbef5928568b8092d412ef95611616376bbeed?s=96&d=mm&r=g","url":"https:\/\/secure.gravatar.com\/avatar\/d4fe7459cfc51ff5129ce1a732bbef5928568b8092d412ef95611616376bbeed?s=96&d=mm&r=g","contentUrl":"https:\/\/secure.gravatar.com\/avatar\/d4fe7459cfc51ff5129ce1a732bbef5928568b8092d412ef95611616376bbeed?s=96&d=mm&r=g","caption":"f1000024"},"url":"https:\/\/cvinoticias.com\/v3\/author\/f1000024\/"}]}},"_links":{"self":[{"href":"https:\/\/cvinoticias.com\/v3\/wp-json\/wp\/v2\/posts\/6245","targetHints":{"allow":["GET"]}}],"collection":[{"href":"https:\/\/cvinoticias.com\/v3\/wp-json\/wp\/v2\/posts"}],"about":[{"href":"https:\/\/cvinoticias.com\/v3\/wp-json\/wp\/v2\/types\/post"}],"author":[{"embeddable":true,"href":"https:\/\/cvinoticias.com\/v3\/wp-json\/wp\/v2\/users\/2"}],"replies":[{"embeddable":true,"href":"https:\/\/cvinoticias.com\/v3\/wp-json\/wp\/v2\/comments?post=6245"}],"version-history":[{"count":1,"href":"https:\/\/cvinoticias.com\/v3\/wp-json\/wp\/v2\/posts\/6245\/revisions"}],"predecessor-version":[{"id":6247,"href":"https:\/\/cvinoticias.com\/v3\/wp-json\/wp\/v2\/posts\/6245\/revisions\/6247"}],"wp:featuredmedia":[{"embeddable":true,"href":"https:\/\/cvinoticias.com\/v3\/wp-json\/wp\/v2\/media\/6246"}],"wp:attachment":[{"href":"https:\/\/cvinoticias.com\/v3\/wp-json\/wp\/v2\/media?parent=6245"}],"wp:term":[{"taxonomy":"category","embeddable":true,"href":"https:\/\/cvinoticias.com\/v3\/wp-json\/wp\/v2\/categories?post=6245"},{"taxonomy":"post_tag","embeddable":true,"href":"https:\/\/cvinoticias.com\/v3\/wp-json\/wp\/v2\/tags?post=6245"}],"curies":[{"name":"wp","href":"https:\/\/api.w.org\/{rel}","templated":true}]}}