{"id":6230,"date":"2021-06-23T16:31:31","date_gmt":"2021-06-23T16:31:31","guid":{"rendered":"https:\/\/cvinoticias.com\/v3\/?p=6230"},"modified":"2021-06-23T16:31:31","modified_gmt":"2021-06-23T16:31:31","slug":"interpol-emitio-la-alerta-amarilla-para-que-la-pequena-guadalupe-sea-buscada-fuera-del-pais","status":"publish","type":"post","link":"https:\/\/cvinoticias.com\/v3\/interpol-emitio-la-alerta-amarilla-para-que-la-pequena-guadalupe-sea-buscada-fuera-del-pais\/","title":{"rendered":"Interpol emiti\u00f3 la alerta amarilla para que la peque\u00f1a Guadalupe sea buscada fuera del pa\u00eds"},"content":{"rendered":"\n<p><\/p>\n\n\n\n<p><strong><em>A nueve d\u00edas de la desaparici\u00f3n de Guadalupe Lucero en San Luis, Interpol activ\u00f3 un alerta amarilla para que la nena de cinco a\u00f1os sea buscada internacionalmente. Este martes el juez orden\u00f3 allanar la casa de la t\u00eda de la menor, donde la vieron por \u00faltima vez, y otros trece domicilios del barrio en busca de rastros<\/em><\/strong>.<\/p>\n\n\n\n<p>En las \u00faltimas horas dos comunicaciones telef\u00f3nicas aportadas por la mam\u00e1 de Guadalupe sacudieron la investigaci\u00f3n. La mujer dijo que hab\u00eda recibido mensajes de WhatsApp desde un n\u00famero privado de M\u00e9xico en los que le preguntaban si quer\u00eda a su hija viva y de regreso y despu\u00e9s una llamada donde supuestamente escuch\u00f3 de fondo la voz de la nena desaparecida.<\/p>\n\n\n\n<p>La primera pista fue r\u00e1pidamente descartada, aunque todav\u00eda analizan la llamada y tambi\u00e9n las im\u00e1genes captadas por una c\u00e1mara de seguridad en las que se puede ver borrosamente a la mujer sospechada de haberse llevado a Guadalupe. \u201cInterpol est\u00e1 colaborando desde un primer momento\u201d, afirm\u00f3 Lucas Chac\u00f3n, vocero de la Polic\u00eda local, tras lo cual admiti\u00f3 que se trata de una investigaci\u00f3n \u201cmuy compleja\u201d.<\/p>\n\n\n\n<p>En este sentido, la alerta amarilla emitida por el organismo internacional traspasa las fronteras para que las fuerzas policiales a nivel mundial queden advertidas sobre una persona desaparecida, en particular si se presume que fue v\u00edctima de un rapto. De esta manera, los pa\u00edses pueden solicitar e intercambiar informaci\u00f3n esencial para la causa.<\/p>\n\n\n\n<p>Por otra parte, los investigadores remarcaron la importancia del video registrado por una c\u00e1mara ubicada a 700 metros de la casa de la t\u00eda de Guadalupe, que es donde desapareci\u00f3. \u201cLa imagen es muy mala, se ve borrosa y por eso estamos intentando mejorarla pero a priori se ve a una mujer vestida de negro y a su lado se observa una silueta que da toda la impresi\u00f3n que es una nena\u201d, indicaron.<\/p>\n\n\n\n<p>Se trata de la misma descripci\u00f3n que hizo en su momento la \u00fanica testigo directa de la desaparici\u00f3n de Guadalupe: su prima de 3 a\u00f1os, con la que estaba jugando en la vereda. La grabaci\u00f3n coincide tambi\u00e9n con el horario se\u00f1alado por el entorno de la v\u00edctima.<\/p>\n\n\n\n<p>En tanto, los investigadores volvieron ayer a poner el foco de los rastrillajes en la llamada \u201cZona cero\u201d, la zona donde se vio a la menor por \u00faltima vez. As\u00ed, cerca de las 16, la polic\u00eda cerc\u00f3 sorpresivamente el Barrio 544 Viviendas y allan\u00f3 14 casas, inclu\u00edda la de la t\u00eda de Guadalupe en donde se encontraban reunidos por un cumplea\u00f1os familiar cuando ella se perdi\u00f3.<\/p>\n\n\n\n<p><strong>Fuente: TN<\/strong><\/p>\n","protected":false},"excerpt":{"rendered":"<p>A nueve d\u00edas de la desaparici\u00f3n de Guadalupe Lucero en San Luis, Interpol activ\u00f3 un alerta amarilla para que la nena de cinco a\u00f1os sea buscada internacionalmente. Este martes el juez orden\u00f3 allanar la casa de la t\u00eda de la menor, donde la vieron por \u00faltima vez, y otros trece domicilios del barrio en busca [&hellip;]<\/p>\n","protected":false},"author":2,"featured_media":6231,"comment_status":"open","ping_status":"open","sticky":false,"template":"","format":"standard","meta":{"footnotes":""},"categories":[39],"tags":[],"class_list":["post-6230","post","type-post","status-publish","format-standard","has-post-thumbnail","hentry","category-nacionales"],"yoast_head":"<!-- This site is optimized with the Yoast SEO plugin v27.5 - https:\/\/yoast.com\/product\/yoast-seo-wordpress\/ -->\n<title>Interpol emiti\u00f3 la alerta amarilla para que la peque\u00f1a Guadalupe sea buscada fuera del pa\u00eds | CVI NOTICIAS<\/title>\n<meta name=\"robots\" content=\"index, follow, max-snippet:-1, max-image-preview:large, max-video-preview:-1\" \/>\n<link rel=\"canonical\" href=\"https:\/\/cvinoticias.com\/v3\/interpol-emitio-la-alerta-amarilla-para-que-la-pequena-guadalupe-sea-buscada-fuera-del-pais\/\" \/>\n<meta property=\"og:locale\" content=\"es_ES\" \/>\n<meta property=\"og:type\" content=\"article\" \/>\n<meta property=\"og:title\" content=\"Interpol emiti\u00f3 la alerta amarilla para que la peque\u00f1a Guadalupe sea buscada fuera del pa\u00eds | CVI NOTICIAS\" \/>\n<meta property=\"og:description\" content=\"A nueve d\u00edas de la desaparici\u00f3n de Guadalupe Lucero en San Luis, Interpol activ\u00f3 un alerta amarilla para que la nena de cinco a\u00f1os sea buscada internacionalmente. Este martes el juez orden\u00f3 allanar la casa de la t\u00eda de la menor, donde la vieron por \u00faltima vez, y otros trece domicilios del barrio en busca [&hellip;]\" \/>\n<meta property=\"og:url\" content=\"https:\/\/cvinoticias.com\/v3\/interpol-emitio-la-alerta-amarilla-para-que-la-pequena-guadalupe-sea-buscada-fuera-del-pais\/\" \/>\n<meta property=\"og:site_name\" content=\"CVI NOTICIAS\" \/>\n<meta property=\"article:publisher\" content=\"https:\/\/www.facebook.com\/cvinoticias\" \/>\n<meta property=\"article:published_time\" content=\"2021-06-23T16:31:31+00:00\" \/>\n<meta property=\"og:image\" content=\"https:\/\/cvinoticias.com\/wp-content\/uploads\/2021\/06\/guadalupe-1.jpg\" \/>\n\t<meta property=\"og:image:width\" content=\"870\" \/>\n\t<meta property=\"og:image:height\" content=\"488\" \/>\n\t<meta property=\"og:image:type\" content=\"image\/jpeg\" \/>\n<meta name=\"author\" content=\"f1000024\" \/>\n<meta name=\"twitter:card\" content=\"summary_large_image\" \/>\n<meta name=\"twitter:label1\" content=\"Escrito por\" \/>\n\t<meta name=\"twitter:data1\" content=\"f1000024\" \/>\n\t<meta name=\"twitter:label2\" content=\"Tiempo de lectura\" \/>\n\t<meta name=\"twitter:data2\" content=\"2 minutos\" \/>\n<script type=\"application\/ld+json\" class=\"yoast-schema-graph\">{\"@context\":\"https:\\\/\\\/schema.org\",\"@graph\":[{\"@type\":\"Article\",\"@id\":\"https:\\\/\\\/cvinoticias.com\\\/v3\\\/interpol-emitio-la-alerta-amarilla-para-que-la-pequena-guadalupe-sea-buscada-fuera-del-pais\\\/#article\",\"isPartOf\":{\"@id\":\"https:\\\/\\\/cvinoticias.com\\\/v3\\\/interpol-emitio-la-alerta-amarilla-para-que-la-pequena-guadalupe-sea-buscada-fuera-del-pais\\\/\"},\"author\":{\"name\":\"f1000024\",\"@id\":\"https:\\\/\\\/cvinoticias.com\\\/v3\\\/#\\\/schema\\\/person\\\/2db77e3c6bc03c538495d7b2b8be9b66\"},\"headline\":\"Interpol emiti\u00f3 la alerta amarilla para que la peque\u00f1a Guadalupe sea buscada fuera del pa\u00eds\",\"datePublished\":\"2021-06-23T16:31:31+00:00\",\"mainEntityOfPage\":{\"@id\":\"https:\\\/\\\/cvinoticias.com\\\/v3\\\/interpol-emitio-la-alerta-amarilla-para-que-la-pequena-guadalupe-sea-buscada-fuera-del-pais\\\/\"},\"wordCount\":470,\"commentCount\":0,\"publisher\":{\"@id\":\"https:\\\/\\\/cvinoticias.com\\\/v3\\\/#organization\"},\"image\":{\"@id\":\"https:\\\/\\\/cvinoticias.com\\\/v3\\\/interpol-emitio-la-alerta-amarilla-para-que-la-pequena-guadalupe-sea-buscada-fuera-del-pais\\\/#primaryimage\"},\"thumbnailUrl\":\"https:\\\/\\\/cvinoticias.com\\\/wp-content\\\/uploads\\\/2021\\\/06\\\/guadalupe-1.jpg\",\"articleSection\":[\"Nacionales\"],\"inLanguage\":\"es\",\"potentialAction\":[{\"@type\":\"CommentAction\",\"name\":\"Comment\",\"target\":[\"https:\\\/\\\/cvinoticias.com\\\/v3\\\/interpol-emitio-la-alerta-amarilla-para-que-la-pequena-guadalupe-sea-buscada-fuera-del-pais\\\/#respond\"]}]},{\"@type\":\"WebPage\",\"@id\":\"https:\\\/\\\/cvinoticias.com\\\/v3\\\/interpol-emitio-la-alerta-amarilla-para-que-la-pequena-guadalupe-sea-buscada-fuera-del-pais\\\/\",\"url\":\"https:\\\/\\\/cvinoticias.com\\\/v3\\\/interpol-emitio-la-alerta-amarilla-para-que-la-pequena-guadalupe-sea-buscada-fuera-del-pais\\\/\",\"name\":\"Interpol emiti\u00f3 la alerta amarilla para que la peque\u00f1a Guadalupe sea buscada fuera del pa\u00eds | CVI NOTICIAS\",\"isPartOf\":{\"@id\":\"https:\\\/\\\/cvinoticias.com\\\/v3\\\/#website\"},\"primaryImageOfPage\":{\"@id\":\"https:\\\/\\\/cvinoticias.com\\\/v3\\\/interpol-emitio-la-alerta-amarilla-para-que-la-pequena-guadalupe-sea-buscada-fuera-del-pais\\\/#primaryimage\"},\"image\":{\"@id\":\"https:\\\/\\\/cvinoticias.com\\\/v3\\\/interpol-emitio-la-alerta-amarilla-para-que-la-pequena-guadalupe-sea-buscada-fuera-del-pais\\\/#primaryimage\"},\"thumbnailUrl\":\"https:\\\/\\\/cvinoticias.com\\\/wp-content\\\/uploads\\\/2021\\\/06\\\/guadalupe-1.jpg\",\"datePublished\":\"2021-06-23T16:31:31+00:00\",\"breadcrumb\":{\"@id\":\"https:\\\/\\\/cvinoticias.com\\\/v3\\\/interpol-emitio-la-alerta-amarilla-para-que-la-pequena-guadalupe-sea-buscada-fuera-del-pais\\\/#breadcrumb\"},\"inLanguage\":\"es\",\"potentialAction\":[{\"@type\":\"ReadAction\",\"target\":[\"https:\\\/\\\/cvinoticias.com\\\/v3\\\/interpol-emitio-la-alerta-amarilla-para-que-la-pequena-guadalupe-sea-buscada-fuera-del-pais\\\/\"]}]},{\"@type\":\"ImageObject\",\"inLanguage\":\"es\",\"@id\":\"https:\\\/\\\/cvinoticias.com\\\/v3\\\/interpol-emitio-la-alerta-amarilla-para-que-la-pequena-guadalupe-sea-buscada-fuera-del-pais\\\/#primaryimage\",\"url\":\"https:\\\/\\\/cvinoticias.com\\\/wp-content\\\/uploads\\\/2021\\\/06\\\/guadalupe-1.jpg\",\"contentUrl\":\"https:\\\/\\\/cvinoticias.com\\\/wp-content\\\/uploads\\\/2021\\\/06\\\/guadalupe-1.jpg\",\"width\":870,\"height\":488},{\"@type\":\"BreadcrumbList\",\"@id\":\"https:\\\/\\\/cvinoticias.com\\\/v3\\\/interpol-emitio-la-alerta-amarilla-para-que-la-pequena-guadalupe-sea-buscada-fuera-del-pais\\\/#breadcrumb\",\"itemListElement\":[{\"@type\":\"ListItem\",\"position\":1,\"name\":\"Portada\",\"item\":\"https:\\\/\\\/cvinoticias.com\\\/v3\\\/\"},{\"@type\":\"ListItem\",\"position\":2,\"name\":\"Interpol emiti\u00f3 la alerta amarilla para que la peque\u00f1a Guadalupe sea buscada fuera del pa\u00eds\"}]},{\"@type\":\"WebSite\",\"@id\":\"https:\\\/\\\/cvinoticias.com\\\/v3\\\/#website\",\"url\":\"https:\\\/\\\/cvinoticias.com\\\/v3\\\/\",\"name\":\"CVI NOTICIAS\",\"description\":\"\",\"publisher\":{\"@id\":\"https:\\\/\\\/cvinoticias.com\\\/v3\\\/#organization\"},\"alternateName\":\"CVI\",\"potentialAction\":[{\"@type\":\"SearchAction\",\"target\":{\"@type\":\"EntryPoint\",\"urlTemplate\":\"https:\\\/\\\/cvinoticias.com\\\/v3\\\/?s={search_term_string}\"},\"query-input\":{\"@type\":\"PropertyValueSpecification\",\"valueRequired\":true,\"valueName\":\"search_term_string\"}}],\"inLanguage\":\"es\"},{\"@type\":\"Organization\",\"@id\":\"https:\\\/\\\/cvinoticias.com\\\/v3\\\/#organization\",\"name\":\"CVI NOTICIAS\",\"url\":\"https:\\\/\\\/cvinoticias.com\\\/v3\\\/\",\"logo\":{\"@type\":\"ImageObject\",\"inLanguage\":\"es\",\"@id\":\"https:\\\/\\\/cvinoticias.com\\\/v3\\\/#\\\/schema\\\/logo\\\/image\\\/\",\"url\":\"https:\\\/\\\/cvinoticias.com\\\/wp-content\\\/uploads\\\/2023\\\/04\\\/cropped-cropped-cropped-cropped-cropped-3-1.png\",\"contentUrl\":\"https:\\\/\\\/cvinoticias.com\\\/wp-content\\\/uploads\\\/2023\\\/04\\\/cropped-cropped-cropped-cropped-cropped-3-1.png\",\"width\":95,\"height\":122,\"caption\":\"CVI NOTICIAS\"},\"image\":{\"@id\":\"https:\\\/\\\/cvinoticias.com\\\/v3\\\/#\\\/schema\\\/logo\\\/image\\\/\"},\"sameAs\":[\"https:\\\/\\\/www.facebook.com\\\/cvinoticias\",\"https:\\\/\\\/www.instagram.com\\\/cvinoticias\\\/\",\"https:\\\/\\\/www.youtube.com\\\/@CVINOTICIAS\"]},{\"@type\":\"Person\",\"@id\":\"https:\\\/\\\/cvinoticias.com\\\/v3\\\/#\\\/schema\\\/person\\\/2db77e3c6bc03c538495d7b2b8be9b66\",\"name\":\"f1000024\",\"image\":{\"@type\":\"ImageObject\",\"inLanguage\":\"es\",\"@id\":\"https:\\\/\\\/secure.gravatar.com\\\/avatar\\\/d4fe7459cfc51ff5129ce1a732bbef5928568b8092d412ef95611616376bbeed?s=96&d=mm&r=g\",\"url\":\"https:\\\/\\\/secure.gravatar.com\\\/avatar\\\/d4fe7459cfc51ff5129ce1a732bbef5928568b8092d412ef95611616376bbeed?s=96&d=mm&r=g\",\"contentUrl\":\"https:\\\/\\\/secure.gravatar.com\\\/avatar\\\/d4fe7459cfc51ff5129ce1a732bbef5928568b8092d412ef95611616376bbeed?s=96&d=mm&r=g\",\"caption\":\"f1000024\"},\"url\":\"https:\\\/\\\/cvinoticias.com\\\/v3\\\/author\\\/f1000024\\\/\"}]}<\/script>\n<!-- \/ Yoast SEO plugin. -->","yoast_head_json":{"title":"Interpol emiti\u00f3 la alerta amarilla para que la peque\u00f1a Guadalupe sea buscada fuera del pa\u00eds | CVI NOTICIAS","robots":{"index":"index","follow":"follow","max-snippet":"max-snippet:-1","max-image-preview":"max-image-preview:large","max-video-preview":"max-video-preview:-1"},"canonical":"https:\/\/cvinoticias.com\/v3\/interpol-emitio-la-alerta-amarilla-para-que-la-pequena-guadalupe-sea-buscada-fuera-del-pais\/","og_locale":"es_ES","og_type":"article","og_title":"Interpol emiti\u00f3 la alerta amarilla para que la peque\u00f1a Guadalupe sea buscada fuera del pa\u00eds | CVI NOTICIAS","og_description":"A nueve d\u00edas de la desaparici\u00f3n de Guadalupe Lucero en San Luis, Interpol activ\u00f3 un alerta amarilla para que la nena de cinco a\u00f1os sea buscada internacionalmente. Este martes el juez orden\u00f3 allanar la casa de la t\u00eda de la menor, donde la vieron por \u00faltima vez, y otros trece domicilios del barrio en busca [&hellip;]","og_url":"https:\/\/cvinoticias.com\/v3\/interpol-emitio-la-alerta-amarilla-para-que-la-pequena-guadalupe-sea-buscada-fuera-del-pais\/","og_site_name":"CVI NOTICIAS","article_publisher":"https:\/\/www.facebook.com\/cvinoticias","article_published_time":"2021-06-23T16:31:31+00:00","og_image":[{"width":870,"height":488,"url":"https:\/\/cvinoticias.com\/wp-content\/uploads\/2021\/06\/guadalupe-1.jpg","type":"image\/jpeg"}],"author":"f1000024","twitter_card":"summary_large_image","twitter_misc":{"Escrito por":"f1000024","Tiempo de lectura":"2 minutos"},"schema":{"@context":"https:\/\/schema.org","@graph":[{"@type":"Article","@id":"https:\/\/cvinoticias.com\/v3\/interpol-emitio-la-alerta-amarilla-para-que-la-pequena-guadalupe-sea-buscada-fuera-del-pais\/#article","isPartOf":{"@id":"https:\/\/cvinoticias.com\/v3\/interpol-emitio-la-alerta-amarilla-para-que-la-pequena-guadalupe-sea-buscada-fuera-del-pais\/"},"author":{"name":"f1000024","@id":"https:\/\/cvinoticias.com\/v3\/#\/schema\/person\/2db77e3c6bc03c538495d7b2b8be9b66"},"headline":"Interpol emiti\u00f3 la alerta amarilla para que la peque\u00f1a Guadalupe sea buscada fuera del pa\u00eds","datePublished":"2021-06-23T16:31:31+00:00","mainEntityOfPage":{"@id":"https:\/\/cvinoticias.com\/v3\/interpol-emitio-la-alerta-amarilla-para-que-la-pequena-guadalupe-sea-buscada-fuera-del-pais\/"},"wordCount":470,"commentCount":0,"publisher":{"@id":"https:\/\/cvinoticias.com\/v3\/#organization"},"image":{"@id":"https:\/\/cvinoticias.com\/v3\/interpol-emitio-la-alerta-amarilla-para-que-la-pequena-guadalupe-sea-buscada-fuera-del-pais\/#primaryimage"},"thumbnailUrl":"https:\/\/cvinoticias.com\/wp-content\/uploads\/2021\/06\/guadalupe-1.jpg","articleSection":["Nacionales"],"inLanguage":"es","potentialAction":[{"@type":"CommentAction","name":"Comment","target":["https:\/\/cvinoticias.com\/v3\/interpol-emitio-la-alerta-amarilla-para-que-la-pequena-guadalupe-sea-buscada-fuera-del-pais\/#respond"]}]},{"@type":"WebPage","@id":"https:\/\/cvinoticias.com\/v3\/interpol-emitio-la-alerta-amarilla-para-que-la-pequena-guadalupe-sea-buscada-fuera-del-pais\/","url":"https:\/\/cvinoticias.com\/v3\/interpol-emitio-la-alerta-amarilla-para-que-la-pequena-guadalupe-sea-buscada-fuera-del-pais\/","name":"Interpol emiti\u00f3 la alerta amarilla para que la peque\u00f1a Guadalupe sea buscada fuera del pa\u00eds | CVI NOTICIAS","isPartOf":{"@id":"https:\/\/cvinoticias.com\/v3\/#website"},"primaryImageOfPage":{"@id":"https:\/\/cvinoticias.com\/v3\/interpol-emitio-la-alerta-amarilla-para-que-la-pequena-guadalupe-sea-buscada-fuera-del-pais\/#primaryimage"},"image":{"@id":"https:\/\/cvinoticias.com\/v3\/interpol-emitio-la-alerta-amarilla-para-que-la-pequena-guadalupe-sea-buscada-fuera-del-pais\/#primaryimage"},"thumbnailUrl":"https:\/\/cvinoticias.com\/wp-content\/uploads\/2021\/06\/guadalupe-1.jpg","datePublished":"2021-06-23T16:31:31+00:00","breadcrumb":{"@id":"https:\/\/cvinoticias.com\/v3\/interpol-emitio-la-alerta-amarilla-para-que-la-pequena-guadalupe-sea-buscada-fuera-del-pais\/#breadcrumb"},"inLanguage":"es","potentialAction":[{"@type":"ReadAction","target":["https:\/\/cvinoticias.com\/v3\/interpol-emitio-la-alerta-amarilla-para-que-la-pequena-guadalupe-sea-buscada-fuera-del-pais\/"]}]},{"@type":"ImageObject","inLanguage":"es","@id":"https:\/\/cvinoticias.com\/v3\/interpol-emitio-la-alerta-amarilla-para-que-la-pequena-guadalupe-sea-buscada-fuera-del-pais\/#primaryimage","url":"https:\/\/cvinoticias.com\/wp-content\/uploads\/2021\/06\/guadalupe-1.jpg","contentUrl":"https:\/\/cvinoticias.com\/wp-content\/uploads\/2021\/06\/guadalupe-1.jpg","width":870,"height":488},{"@type":"BreadcrumbList","@id":"https:\/\/cvinoticias.com\/v3\/interpol-emitio-la-alerta-amarilla-para-que-la-pequena-guadalupe-sea-buscada-fuera-del-pais\/#breadcrumb","itemListElement":[{"@type":"ListItem","position":1,"name":"Portada","item":"https:\/\/cvinoticias.com\/v3\/"},{"@type":"ListItem","position":2,"name":"Interpol emiti\u00f3 la alerta amarilla para que la peque\u00f1a Guadalupe sea buscada fuera del pa\u00eds"}]},{"@type":"WebSite","@id":"https:\/\/cvinoticias.com\/v3\/#website","url":"https:\/\/cvinoticias.com\/v3\/","name":"CVI NOTICIAS","description":"","publisher":{"@id":"https:\/\/cvinoticias.com\/v3\/#organization"},"alternateName":"CVI","potentialAction":[{"@type":"SearchAction","target":{"@type":"EntryPoint","urlTemplate":"https:\/\/cvinoticias.com\/v3\/?s={search_term_string}"},"query-input":{"@type":"PropertyValueSpecification","valueRequired":true,"valueName":"search_term_string"}}],"inLanguage":"es"},{"@type":"Organization","@id":"https:\/\/cvinoticias.com\/v3\/#organization","name":"CVI NOTICIAS","url":"https:\/\/cvinoticias.com\/v3\/","logo":{"@type":"ImageObject","inLanguage":"es","@id":"https:\/\/cvinoticias.com\/v3\/#\/schema\/logo\/image\/","url":"https:\/\/cvinoticias.com\/wp-content\/uploads\/2023\/04\/cropped-cropped-cropped-cropped-cropped-3-1.png","contentUrl":"https:\/\/cvinoticias.com\/wp-content\/uploads\/2023\/04\/cropped-cropped-cropped-cropped-cropped-3-1.png","width":95,"height":122,"caption":"CVI NOTICIAS"},"image":{"@id":"https:\/\/cvinoticias.com\/v3\/#\/schema\/logo\/image\/"},"sameAs":["https:\/\/www.facebook.com\/cvinoticias","https:\/\/www.instagram.com\/cvinoticias\/","https:\/\/www.youtube.com\/@CVINOTICIAS"]},{"@type":"Person","@id":"https:\/\/cvinoticias.com\/v3\/#\/schema\/person\/2db77e3c6bc03c538495d7b2b8be9b66","name":"f1000024","image":{"@type":"ImageObject","inLanguage":"es","@id":"https:\/\/secure.gravatar.com\/avatar\/d4fe7459cfc51ff5129ce1a732bbef5928568b8092d412ef95611616376bbeed?s=96&d=mm&r=g","url":"https:\/\/secure.gravatar.com\/avatar\/d4fe7459cfc51ff5129ce1a732bbef5928568b8092d412ef95611616376bbeed?s=96&d=mm&r=g","contentUrl":"https:\/\/secure.gravatar.com\/avatar\/d4fe7459cfc51ff5129ce1a732bbef5928568b8092d412ef95611616376bbeed?s=96&d=mm&r=g","caption":"f1000024"},"url":"https:\/\/cvinoticias.com\/v3\/author\/f1000024\/"}]}},"_links":{"self":[{"href":"https:\/\/cvinoticias.com\/v3\/wp-json\/wp\/v2\/posts\/6230","targetHints":{"allow":["GET"]}}],"collection":[{"href":"https:\/\/cvinoticias.com\/v3\/wp-json\/wp\/v2\/posts"}],"about":[{"href":"https:\/\/cvinoticias.com\/v3\/wp-json\/wp\/v2\/types\/post"}],"author":[{"embeddable":true,"href":"https:\/\/cvinoticias.com\/v3\/wp-json\/wp\/v2\/users\/2"}],"replies":[{"embeddable":true,"href":"https:\/\/cvinoticias.com\/v3\/wp-json\/wp\/v2\/comments?post=6230"}],"version-history":[{"count":1,"href":"https:\/\/cvinoticias.com\/v3\/wp-json\/wp\/v2\/posts\/6230\/revisions"}],"predecessor-version":[{"id":6232,"href":"https:\/\/cvinoticias.com\/v3\/wp-json\/wp\/v2\/posts\/6230\/revisions\/6232"}],"wp:featuredmedia":[{"embeddable":true,"href":"https:\/\/cvinoticias.com\/v3\/wp-json\/wp\/v2\/media\/6231"}],"wp:attachment":[{"href":"https:\/\/cvinoticias.com\/v3\/wp-json\/wp\/v2\/media?parent=6230"}],"wp:term":[{"taxonomy":"category","embeddable":true,"href":"https:\/\/cvinoticias.com\/v3\/wp-json\/wp\/v2\/categories?post=6230"},{"taxonomy":"post_tag","embeddable":true,"href":"https:\/\/cvinoticias.com\/v3\/wp-json\/wp\/v2\/tags?post=6230"}],"curies":[{"name":"wp","href":"https:\/\/api.w.org\/{rel}","templated":true}]}}