{"id":6226,"date":"2021-06-23T15:34:54","date_gmt":"2021-06-23T15:34:54","guid":{"rendered":"https:\/\/cvinoticias.com\/v3\/?p=6226"},"modified":"2021-06-23T15:38:20","modified_gmt":"2021-06-23T15:38:20","slug":"coronavirus-no-tenemos-variantes-de-riesgo-en-misiones-expresaron-desde-salud-publica","status":"publish","type":"post","link":"https:\/\/cvinoticias.com\/v3\/coronavirus-no-tenemos-variantes-de-riesgo-en-misiones-expresaron-desde-salud-publica\/","title":{"rendered":"Coronavirus: \u201cNo tenemos variantes de riesgo en Misiones\u201d, expresaron desde Salud P\u00fablica"},"content":{"rendered":"\n<p><strong><em>Mientras en el resto del pa\u00eds se detectan casos de coronavirus con otras \u201cvariantes\u201d, en Misiones no se ha detectado ning\u00fan caso de otra variante. Seg\u00fan expresaron, diariamente se env\u00edan muestras al\u00a0Instituto Malbr\u00e1n pero todas arrojaron resultados negativos.<\/em><\/strong><\/p>\n\n\n\n<p>D\u00edas atr\u00e1s, el Ministerio de Salud de la Naci\u00f3n inform\u00f3 que recibi\u00f3 el resultado del Laboratorio Nacional de Referencia ANLIS-Malbr\u00e1n, de la detecci\u00f3n de la variante Delta en un viajero positivo.<\/p>\n\n\n\n<p>Sin embargo, en Misiones, si bien los casos contin\u00faan en ascenso, desde el Ministerio de Salud de la provincia informaron que no han detectado ninguna variante a lo largo y ancho de la tierra colorada.<\/p>\n\n\n\n<p>\u201cA\u00fan no tenemos variantes de riesgo para la provincia\u201d, expresaron desde Salud P\u00fablica.<\/p>\n\n\n\n<p>En ese sentido, en cuanto al monitoreo de los casos sospechosos, explicaron que diariamente se env\u00edan muestras a la Administraci\u00f3n Nacional de Laboratorios e Institutos de Salud.<\/p>\n\n\n\n<p>Por otro lado, se confirmaron 188 casos y 7 muertes este martes<\/p>\n\n\n\n<p>El total de infectados ascendi\u00f3 a 24.611 personas y son 465 las v\u00edctimas fatales. Tambi\u00e9n se notificaron 185 recuperados y son 22.413 las personas que superaron la enfermedad.<\/p>\n\n\n\n<p>El Ministerio de Salud confirm\u00f3 188 casos de&nbsp;coronavirus&nbsp;en Misiones este martes y siete nuevas muertes. De esta manera, la provincia alcanz\u00f3 los 24.611 contagios desde que se inici\u00f3 la pandemia y las 465 v\u00edctimas fatales.<\/p>\n","protected":false},"excerpt":{"rendered":"<p>Mientras en el resto del pa\u00eds se detectan casos de coronavirus con otras \u201cvariantes\u201d, en Misiones no se ha detectado ning\u00fan caso de otra variante. Seg\u00fan expresaron, diariamente se env\u00edan muestras al\u00a0Instituto Malbr\u00e1n pero todas arrojaron resultados negativos. D\u00edas atr\u00e1s, el Ministerio de Salud de la Naci\u00f3n inform\u00f3 que recibi\u00f3 el resultado del Laboratorio Nacional [&hellip;]<\/p>\n","protected":false},"author":2,"featured_media":6227,"comment_status":"open","ping_status":"open","sticky":false,"template":"","format":"standard","meta":{"footnotes":""},"categories":[23,22],"tags":[],"class_list":["post-6226","post","type-post","status-publish","format-standard","has-post-thumbnail","hentry","category-covid-19","category-salud"],"yoast_head":"<!-- This site is optimized with the Yoast SEO plugin v27.4 - https:\/\/yoast.com\/product\/yoast-seo-wordpress\/ -->\n<title>Coronavirus: \u201cNo tenemos variantes de riesgo en Misiones\u201d, expresaron desde Salud P\u00fablica | CVI NOTICIAS<\/title>\n<meta name=\"robots\" content=\"index, follow, max-snippet:-1, max-image-preview:large, max-video-preview:-1\" \/>\n<link rel=\"canonical\" href=\"https:\/\/cvinoticias.com\/v3\/coronavirus-no-tenemos-variantes-de-riesgo-en-misiones-expresaron-desde-salud-publica\/\" \/>\n<meta property=\"og:locale\" content=\"es_ES\" \/>\n<meta property=\"og:type\" content=\"article\" \/>\n<meta property=\"og:title\" content=\"Coronavirus: \u201cNo tenemos variantes de riesgo en Misiones\u201d, expresaron desde Salud P\u00fablica | CVI NOTICIAS\" \/>\n<meta property=\"og:description\" content=\"Mientras en el resto del pa\u00eds se detectan casos de coronavirus con otras \u201cvariantes\u201d, en Misiones no se ha detectado ning\u00fan caso de otra variante. Seg\u00fan expresaron, diariamente se env\u00edan muestras al\u00a0Instituto Malbr\u00e1n pero todas arrojaron resultados negativos. D\u00edas atr\u00e1s, el Ministerio de Salud de la Naci\u00f3n inform\u00f3 que recibi\u00f3 el resultado del Laboratorio Nacional [&hellip;]\" \/>\n<meta property=\"og:url\" content=\"https:\/\/cvinoticias.com\/v3\/coronavirus-no-tenemos-variantes-de-riesgo-en-misiones-expresaron-desde-salud-publica\/\" \/>\n<meta property=\"og:site_name\" content=\"CVI NOTICIAS\" \/>\n<meta property=\"article:publisher\" content=\"https:\/\/www.facebook.com\/cvinoticias\" \/>\n<meta property=\"article:published_time\" content=\"2021-06-23T15:34:54+00:00\" \/>\n<meta property=\"article:modified_time\" content=\"2021-06-23T15:38:20+00:00\" \/>\n<meta property=\"og:image\" content=\"https:\/\/cvinoticias.com\/wp-content\/uploads\/2021\/06\/Puento-sanitario-el-arco-3.jpg\" \/>\n\t<meta property=\"og:image:width\" content=\"800\" \/>\n\t<meta property=\"og:image:height\" content=\"600\" \/>\n\t<meta property=\"og:image:type\" content=\"image\/jpeg\" \/>\n<meta name=\"author\" content=\"f1000024\" \/>\n<meta name=\"twitter:card\" content=\"summary_large_image\" \/>\n<meta name=\"twitter:label1\" content=\"Escrito por\" \/>\n\t<meta name=\"twitter:data1\" content=\"f1000024\" \/>\n\t<meta name=\"twitter:label2\" content=\"Tiempo de lectura\" \/>\n\t<meta name=\"twitter:data2\" content=\"1 minuto\" \/>\n<script type=\"application\/ld+json\" class=\"yoast-schema-graph\">{\"@context\":\"https:\\\/\\\/schema.org\",\"@graph\":[{\"@type\":\"Article\",\"@id\":\"https:\\\/\\\/cvinoticias.com\\\/v3\\\/coronavirus-no-tenemos-variantes-de-riesgo-en-misiones-expresaron-desde-salud-publica\\\/#article\",\"isPartOf\":{\"@id\":\"https:\\\/\\\/cvinoticias.com\\\/v3\\\/coronavirus-no-tenemos-variantes-de-riesgo-en-misiones-expresaron-desde-salud-publica\\\/\"},\"author\":{\"name\":\"f1000024\",\"@id\":\"https:\\\/\\\/cvinoticias.com\\\/v3\\\/#\\\/schema\\\/person\\\/2db77e3c6bc03c538495d7b2b8be9b66\"},\"headline\":\"Coronavirus: \u201cNo tenemos variantes de riesgo en Misiones\u201d, expresaron desde Salud P\u00fablica\",\"datePublished\":\"2021-06-23T15:34:54+00:00\",\"dateModified\":\"2021-06-23T15:38:20+00:00\",\"mainEntityOfPage\":{\"@id\":\"https:\\\/\\\/cvinoticias.com\\\/v3\\\/coronavirus-no-tenemos-variantes-de-riesgo-en-misiones-expresaron-desde-salud-publica\\\/\"},\"wordCount\":246,\"commentCount\":0,\"publisher\":{\"@id\":\"https:\\\/\\\/cvinoticias.com\\\/v3\\\/#organization\"},\"image\":{\"@id\":\"https:\\\/\\\/cvinoticias.com\\\/v3\\\/coronavirus-no-tenemos-variantes-de-riesgo-en-misiones-expresaron-desde-salud-publica\\\/#primaryimage\"},\"thumbnailUrl\":\"https:\\\/\\\/cvinoticias.com\\\/wp-content\\\/uploads\\\/2021\\\/06\\\/Puento-sanitario-el-arco-3.jpg\",\"articleSection\":[\"Covid-19\",\"Salud\"],\"inLanguage\":\"es\",\"potentialAction\":[{\"@type\":\"CommentAction\",\"name\":\"Comment\",\"target\":[\"https:\\\/\\\/cvinoticias.com\\\/v3\\\/coronavirus-no-tenemos-variantes-de-riesgo-en-misiones-expresaron-desde-salud-publica\\\/#respond\"]}]},{\"@type\":\"WebPage\",\"@id\":\"https:\\\/\\\/cvinoticias.com\\\/v3\\\/coronavirus-no-tenemos-variantes-de-riesgo-en-misiones-expresaron-desde-salud-publica\\\/\",\"url\":\"https:\\\/\\\/cvinoticias.com\\\/v3\\\/coronavirus-no-tenemos-variantes-de-riesgo-en-misiones-expresaron-desde-salud-publica\\\/\",\"name\":\"Coronavirus: \u201cNo tenemos variantes de riesgo en Misiones\u201d, expresaron desde Salud P\u00fablica | CVI NOTICIAS\",\"isPartOf\":{\"@id\":\"https:\\\/\\\/cvinoticias.com\\\/v3\\\/#website\"},\"primaryImageOfPage\":{\"@id\":\"https:\\\/\\\/cvinoticias.com\\\/v3\\\/coronavirus-no-tenemos-variantes-de-riesgo-en-misiones-expresaron-desde-salud-publica\\\/#primaryimage\"},\"image\":{\"@id\":\"https:\\\/\\\/cvinoticias.com\\\/v3\\\/coronavirus-no-tenemos-variantes-de-riesgo-en-misiones-expresaron-desde-salud-publica\\\/#primaryimage\"},\"thumbnailUrl\":\"https:\\\/\\\/cvinoticias.com\\\/wp-content\\\/uploads\\\/2021\\\/06\\\/Puento-sanitario-el-arco-3.jpg\",\"datePublished\":\"2021-06-23T15:34:54+00:00\",\"dateModified\":\"2021-06-23T15:38:20+00:00\",\"breadcrumb\":{\"@id\":\"https:\\\/\\\/cvinoticias.com\\\/v3\\\/coronavirus-no-tenemos-variantes-de-riesgo-en-misiones-expresaron-desde-salud-publica\\\/#breadcrumb\"},\"inLanguage\":\"es\",\"potentialAction\":[{\"@type\":\"ReadAction\",\"target\":[\"https:\\\/\\\/cvinoticias.com\\\/v3\\\/coronavirus-no-tenemos-variantes-de-riesgo-en-misiones-expresaron-desde-salud-publica\\\/\"]}]},{\"@type\":\"ImageObject\",\"inLanguage\":\"es\",\"@id\":\"https:\\\/\\\/cvinoticias.com\\\/v3\\\/coronavirus-no-tenemos-variantes-de-riesgo-en-misiones-expresaron-desde-salud-publica\\\/#primaryimage\",\"url\":\"https:\\\/\\\/cvinoticias.com\\\/wp-content\\\/uploads\\\/2021\\\/06\\\/Puento-sanitario-el-arco-3.jpg\",\"contentUrl\":\"https:\\\/\\\/cvinoticias.com\\\/wp-content\\\/uploads\\\/2021\\\/06\\\/Puento-sanitario-el-arco-3.jpg\",\"width\":800,\"height\":600},{\"@type\":\"BreadcrumbList\",\"@id\":\"https:\\\/\\\/cvinoticias.com\\\/v3\\\/coronavirus-no-tenemos-variantes-de-riesgo-en-misiones-expresaron-desde-salud-publica\\\/#breadcrumb\",\"itemListElement\":[{\"@type\":\"ListItem\",\"position\":1,\"name\":\"Portada\",\"item\":\"https:\\\/\\\/cvinoticias.com\\\/v3\\\/\"},{\"@type\":\"ListItem\",\"position\":2,\"name\":\"Coronavirus: \u201cNo tenemos variantes de riesgo en Misiones\u201d, expresaron desde Salud P\u00fablica\"}]},{\"@type\":\"WebSite\",\"@id\":\"https:\\\/\\\/cvinoticias.com\\\/v3\\\/#website\",\"url\":\"https:\\\/\\\/cvinoticias.com\\\/v3\\\/\",\"name\":\"CVI NOTICIAS\",\"description\":\"\",\"publisher\":{\"@id\":\"https:\\\/\\\/cvinoticias.com\\\/v3\\\/#organization\"},\"alternateName\":\"CVI\",\"potentialAction\":[{\"@type\":\"SearchAction\",\"target\":{\"@type\":\"EntryPoint\",\"urlTemplate\":\"https:\\\/\\\/cvinoticias.com\\\/v3\\\/?s={search_term_string}\"},\"query-input\":{\"@type\":\"PropertyValueSpecification\",\"valueRequired\":true,\"valueName\":\"search_term_string\"}}],\"inLanguage\":\"es\"},{\"@type\":\"Organization\",\"@id\":\"https:\\\/\\\/cvinoticias.com\\\/v3\\\/#organization\",\"name\":\"CVI NOTICIAS\",\"url\":\"https:\\\/\\\/cvinoticias.com\\\/v3\\\/\",\"logo\":{\"@type\":\"ImageObject\",\"inLanguage\":\"es\",\"@id\":\"https:\\\/\\\/cvinoticias.com\\\/v3\\\/#\\\/schema\\\/logo\\\/image\\\/\",\"url\":\"https:\\\/\\\/cvinoticias.com\\\/wp-content\\\/uploads\\\/2023\\\/04\\\/cropped-cropped-cropped-cropped-cropped-3-1.png\",\"contentUrl\":\"https:\\\/\\\/cvinoticias.com\\\/wp-content\\\/uploads\\\/2023\\\/04\\\/cropped-cropped-cropped-cropped-cropped-3-1.png\",\"width\":95,\"height\":122,\"caption\":\"CVI NOTICIAS\"},\"image\":{\"@id\":\"https:\\\/\\\/cvinoticias.com\\\/v3\\\/#\\\/schema\\\/logo\\\/image\\\/\"},\"sameAs\":[\"https:\\\/\\\/www.facebook.com\\\/cvinoticias\",\"https:\\\/\\\/www.instagram.com\\\/cvinoticias\\\/\",\"https:\\\/\\\/www.youtube.com\\\/@CVINOTICIAS\"]},{\"@type\":\"Person\",\"@id\":\"https:\\\/\\\/cvinoticias.com\\\/v3\\\/#\\\/schema\\\/person\\\/2db77e3c6bc03c538495d7b2b8be9b66\",\"name\":\"f1000024\",\"image\":{\"@type\":\"ImageObject\",\"inLanguage\":\"es\",\"@id\":\"https:\\\/\\\/secure.gravatar.com\\\/avatar\\\/d4fe7459cfc51ff5129ce1a732bbef5928568b8092d412ef95611616376bbeed?s=96&d=mm&r=g\",\"url\":\"https:\\\/\\\/secure.gravatar.com\\\/avatar\\\/d4fe7459cfc51ff5129ce1a732bbef5928568b8092d412ef95611616376bbeed?s=96&d=mm&r=g\",\"contentUrl\":\"https:\\\/\\\/secure.gravatar.com\\\/avatar\\\/d4fe7459cfc51ff5129ce1a732bbef5928568b8092d412ef95611616376bbeed?s=96&d=mm&r=g\",\"caption\":\"f1000024\"},\"url\":\"https:\\\/\\\/cvinoticias.com\\\/v3\\\/author\\\/f1000024\\\/\"}]}<\/script>\n<!-- \/ Yoast SEO plugin. -->","yoast_head_json":{"title":"Coronavirus: \u201cNo tenemos variantes de riesgo en Misiones\u201d, expresaron desde Salud P\u00fablica | CVI NOTICIAS","robots":{"index":"index","follow":"follow","max-snippet":"max-snippet:-1","max-image-preview":"max-image-preview:large","max-video-preview":"max-video-preview:-1"},"canonical":"https:\/\/cvinoticias.com\/v3\/coronavirus-no-tenemos-variantes-de-riesgo-en-misiones-expresaron-desde-salud-publica\/","og_locale":"es_ES","og_type":"article","og_title":"Coronavirus: \u201cNo tenemos variantes de riesgo en Misiones\u201d, expresaron desde Salud P\u00fablica | CVI NOTICIAS","og_description":"Mientras en el resto del pa\u00eds se detectan casos de coronavirus con otras \u201cvariantes\u201d, en Misiones no se ha detectado ning\u00fan caso de otra variante. Seg\u00fan expresaron, diariamente se env\u00edan muestras al\u00a0Instituto Malbr\u00e1n pero todas arrojaron resultados negativos. D\u00edas atr\u00e1s, el Ministerio de Salud de la Naci\u00f3n inform\u00f3 que recibi\u00f3 el resultado del Laboratorio Nacional [&hellip;]","og_url":"https:\/\/cvinoticias.com\/v3\/coronavirus-no-tenemos-variantes-de-riesgo-en-misiones-expresaron-desde-salud-publica\/","og_site_name":"CVI NOTICIAS","article_publisher":"https:\/\/www.facebook.com\/cvinoticias","article_published_time":"2021-06-23T15:34:54+00:00","article_modified_time":"2021-06-23T15:38:20+00:00","og_image":[{"width":800,"height":600,"url":"https:\/\/cvinoticias.com\/wp-content\/uploads\/2021\/06\/Puento-sanitario-el-arco-3.jpg","type":"image\/jpeg"}],"author":"f1000024","twitter_card":"summary_large_image","twitter_misc":{"Escrito por":"f1000024","Tiempo de lectura":"1 minuto"},"schema":{"@context":"https:\/\/schema.org","@graph":[{"@type":"Article","@id":"https:\/\/cvinoticias.com\/v3\/coronavirus-no-tenemos-variantes-de-riesgo-en-misiones-expresaron-desde-salud-publica\/#article","isPartOf":{"@id":"https:\/\/cvinoticias.com\/v3\/coronavirus-no-tenemos-variantes-de-riesgo-en-misiones-expresaron-desde-salud-publica\/"},"author":{"name":"f1000024","@id":"https:\/\/cvinoticias.com\/v3\/#\/schema\/person\/2db77e3c6bc03c538495d7b2b8be9b66"},"headline":"Coronavirus: \u201cNo tenemos variantes de riesgo en Misiones\u201d, expresaron desde Salud P\u00fablica","datePublished":"2021-06-23T15:34:54+00:00","dateModified":"2021-06-23T15:38:20+00:00","mainEntityOfPage":{"@id":"https:\/\/cvinoticias.com\/v3\/coronavirus-no-tenemos-variantes-de-riesgo-en-misiones-expresaron-desde-salud-publica\/"},"wordCount":246,"commentCount":0,"publisher":{"@id":"https:\/\/cvinoticias.com\/v3\/#organization"},"image":{"@id":"https:\/\/cvinoticias.com\/v3\/coronavirus-no-tenemos-variantes-de-riesgo-en-misiones-expresaron-desde-salud-publica\/#primaryimage"},"thumbnailUrl":"https:\/\/cvinoticias.com\/wp-content\/uploads\/2021\/06\/Puento-sanitario-el-arco-3.jpg","articleSection":["Covid-19","Salud"],"inLanguage":"es","potentialAction":[{"@type":"CommentAction","name":"Comment","target":["https:\/\/cvinoticias.com\/v3\/coronavirus-no-tenemos-variantes-de-riesgo-en-misiones-expresaron-desde-salud-publica\/#respond"]}]},{"@type":"WebPage","@id":"https:\/\/cvinoticias.com\/v3\/coronavirus-no-tenemos-variantes-de-riesgo-en-misiones-expresaron-desde-salud-publica\/","url":"https:\/\/cvinoticias.com\/v3\/coronavirus-no-tenemos-variantes-de-riesgo-en-misiones-expresaron-desde-salud-publica\/","name":"Coronavirus: \u201cNo tenemos variantes de riesgo en Misiones\u201d, expresaron desde Salud P\u00fablica | CVI NOTICIAS","isPartOf":{"@id":"https:\/\/cvinoticias.com\/v3\/#website"},"primaryImageOfPage":{"@id":"https:\/\/cvinoticias.com\/v3\/coronavirus-no-tenemos-variantes-de-riesgo-en-misiones-expresaron-desde-salud-publica\/#primaryimage"},"image":{"@id":"https:\/\/cvinoticias.com\/v3\/coronavirus-no-tenemos-variantes-de-riesgo-en-misiones-expresaron-desde-salud-publica\/#primaryimage"},"thumbnailUrl":"https:\/\/cvinoticias.com\/wp-content\/uploads\/2021\/06\/Puento-sanitario-el-arco-3.jpg","datePublished":"2021-06-23T15:34:54+00:00","dateModified":"2021-06-23T15:38:20+00:00","breadcrumb":{"@id":"https:\/\/cvinoticias.com\/v3\/coronavirus-no-tenemos-variantes-de-riesgo-en-misiones-expresaron-desde-salud-publica\/#breadcrumb"},"inLanguage":"es","potentialAction":[{"@type":"ReadAction","target":["https:\/\/cvinoticias.com\/v3\/coronavirus-no-tenemos-variantes-de-riesgo-en-misiones-expresaron-desde-salud-publica\/"]}]},{"@type":"ImageObject","inLanguage":"es","@id":"https:\/\/cvinoticias.com\/v3\/coronavirus-no-tenemos-variantes-de-riesgo-en-misiones-expresaron-desde-salud-publica\/#primaryimage","url":"https:\/\/cvinoticias.com\/wp-content\/uploads\/2021\/06\/Puento-sanitario-el-arco-3.jpg","contentUrl":"https:\/\/cvinoticias.com\/wp-content\/uploads\/2021\/06\/Puento-sanitario-el-arco-3.jpg","width":800,"height":600},{"@type":"BreadcrumbList","@id":"https:\/\/cvinoticias.com\/v3\/coronavirus-no-tenemos-variantes-de-riesgo-en-misiones-expresaron-desde-salud-publica\/#breadcrumb","itemListElement":[{"@type":"ListItem","position":1,"name":"Portada","item":"https:\/\/cvinoticias.com\/v3\/"},{"@type":"ListItem","position":2,"name":"Coronavirus: \u201cNo tenemos variantes de riesgo en Misiones\u201d, expresaron desde Salud P\u00fablica"}]},{"@type":"WebSite","@id":"https:\/\/cvinoticias.com\/v3\/#website","url":"https:\/\/cvinoticias.com\/v3\/","name":"CVI NOTICIAS","description":"","publisher":{"@id":"https:\/\/cvinoticias.com\/v3\/#organization"},"alternateName":"CVI","potentialAction":[{"@type":"SearchAction","target":{"@type":"EntryPoint","urlTemplate":"https:\/\/cvinoticias.com\/v3\/?s={search_term_string}"},"query-input":{"@type":"PropertyValueSpecification","valueRequired":true,"valueName":"search_term_string"}}],"inLanguage":"es"},{"@type":"Organization","@id":"https:\/\/cvinoticias.com\/v3\/#organization","name":"CVI NOTICIAS","url":"https:\/\/cvinoticias.com\/v3\/","logo":{"@type":"ImageObject","inLanguage":"es","@id":"https:\/\/cvinoticias.com\/v3\/#\/schema\/logo\/image\/","url":"https:\/\/cvinoticias.com\/wp-content\/uploads\/2023\/04\/cropped-cropped-cropped-cropped-cropped-3-1.png","contentUrl":"https:\/\/cvinoticias.com\/wp-content\/uploads\/2023\/04\/cropped-cropped-cropped-cropped-cropped-3-1.png","width":95,"height":122,"caption":"CVI NOTICIAS"},"image":{"@id":"https:\/\/cvinoticias.com\/v3\/#\/schema\/logo\/image\/"},"sameAs":["https:\/\/www.facebook.com\/cvinoticias","https:\/\/www.instagram.com\/cvinoticias\/","https:\/\/www.youtube.com\/@CVINOTICIAS"]},{"@type":"Person","@id":"https:\/\/cvinoticias.com\/v3\/#\/schema\/person\/2db77e3c6bc03c538495d7b2b8be9b66","name":"f1000024","image":{"@type":"ImageObject","inLanguage":"es","@id":"https:\/\/secure.gravatar.com\/avatar\/d4fe7459cfc51ff5129ce1a732bbef5928568b8092d412ef95611616376bbeed?s=96&d=mm&r=g","url":"https:\/\/secure.gravatar.com\/avatar\/d4fe7459cfc51ff5129ce1a732bbef5928568b8092d412ef95611616376bbeed?s=96&d=mm&r=g","contentUrl":"https:\/\/secure.gravatar.com\/avatar\/d4fe7459cfc51ff5129ce1a732bbef5928568b8092d412ef95611616376bbeed?s=96&d=mm&r=g","caption":"f1000024"},"url":"https:\/\/cvinoticias.com\/v3\/author\/f1000024\/"}]}},"_links":{"self":[{"href":"https:\/\/cvinoticias.com\/v3\/wp-json\/wp\/v2\/posts\/6226","targetHints":{"allow":["GET"]}}],"collection":[{"href":"https:\/\/cvinoticias.com\/v3\/wp-json\/wp\/v2\/posts"}],"about":[{"href":"https:\/\/cvinoticias.com\/v3\/wp-json\/wp\/v2\/types\/post"}],"author":[{"embeddable":true,"href":"https:\/\/cvinoticias.com\/v3\/wp-json\/wp\/v2\/users\/2"}],"replies":[{"embeddable":true,"href":"https:\/\/cvinoticias.com\/v3\/wp-json\/wp\/v2\/comments?post=6226"}],"version-history":[{"count":2,"href":"https:\/\/cvinoticias.com\/v3\/wp-json\/wp\/v2\/posts\/6226\/revisions"}],"predecessor-version":[{"id":6229,"href":"https:\/\/cvinoticias.com\/v3\/wp-json\/wp\/v2\/posts\/6226\/revisions\/6229"}],"wp:featuredmedia":[{"embeddable":true,"href":"https:\/\/cvinoticias.com\/v3\/wp-json\/wp\/v2\/media\/6227"}],"wp:attachment":[{"href":"https:\/\/cvinoticias.com\/v3\/wp-json\/wp\/v2\/media?parent=6226"}],"wp:term":[{"taxonomy":"category","embeddable":true,"href":"https:\/\/cvinoticias.com\/v3\/wp-json\/wp\/v2\/categories?post=6226"},{"taxonomy":"post_tag","embeddable":true,"href":"https:\/\/cvinoticias.com\/v3\/wp-json\/wp\/v2\/tags?post=6226"}],"curies":[{"name":"wp","href":"https:\/\/api.w.org\/{rel}","templated":true}]}}