{"id":6218,"date":"2021-06-23T14:04:38","date_gmt":"2021-06-23T14:04:38","guid":{"rendered":"https:\/\/cvinoticias.com\/v3\/?p=6218"},"modified":"2021-06-23T14:07:31","modified_gmt":"2021-06-23T14:07:31","slug":"daniel-arroyo-hablo-acerca-del-bono-de-6-000-y-aclaro-cuando-se-cobra","status":"publish","type":"post","link":"https:\/\/cvinoticias.com\/v3\/daniel-arroyo-hablo-acerca-del-bono-de-6-000-y-aclaro-cuando-se-cobra\/","title":{"rendered":"Daniel Arroyo habl\u00f3 acerca del Bono de $6.000 y aclar\u00f3 cuando se cobra"},"content":{"rendered":"\n<p><strong><em>El Ministro de Desarrollo Social de la Naci\u00f3n, Daniel Arroyo, habl\u00f3 acerca del nuevo bono del Programa \u00abPotenciar Trabajo\u00bb y avis\u00f3 cuando comenzar\u00e1 el pago del mismo<\/em><\/strong>.<\/p>\n\n\n\n<p>Arroyo aclar\u00f3 que el nuevo bono, se empezar\u00e1 a pagar en los primeros d\u00edas del mes de julio. \u201cPotenciar Trabajo apunta al trabajo en la construcci\u00f3n, textil, producci\u00f3n de alimentos y el reciclado. Lo que hemos hecho\u00a0es un bono de seis mil pesos y se acredita en los primeros d\u00edas de julio\u201d<\/p>\n\n\n\n<p>El monto del bono ser\u00e1 de $6.000, junto con el pago mensual de $12.204 del programa, los beneficiarios cobraran $18.204 en Julio.<\/p>\n\n\n\n<p>\u00abMi tarea es reforzar la asistencia alimentaria por un lado y generar trabajo. Hay que tener racionalidad econ\u00f3mica con todos adentro, pero estamos en un contexto dif\u00edcil. El presupuesto original que ten\u00edamos este a\u00f1o, ya lo hemos superado\u00bb palabras del Ministro en su entrevista radial.<\/p>\n\n\n\n<p>\u00bfQu\u00e9 es Potenciar Trabajo?<\/p>\n\n\n\n<p>Potenciar Trabajo fue creado para mejorar la empleabilidad y generar nuevas propuestas productivas. El programa prev\u00e9 herramientas para la terminalidad educativa, la formaci\u00f3n laboral y la certificaci\u00f3n de competencias.<\/p>\n\n\n\n<p>El Programa Contempla el pago de un Salario Social Complementario mientras se participa en alguno de los proyectos. El funcionario explic\u00f3 que \u201cson 12.204 pesos, la mitad del salario m\u00ednimo y la persona tiene que dar una contraprestaci\u00f3n de cuatro horas de trabajo\u201d dijo el Ministro de Desarrollo, Daniel Arroyo.<\/p>\n\n\n\n<p>El Salario Social Complementario que reciben los beneficiarios consiste en un apoyo econ\u00f3mico igual al 50% del salario m\u00ednimo, vital y m\u00f3vil, es decir aquellos beneficiarios del plan Potenciar Trabajo reciben $10.800 mensuales.<\/p>\n","protected":false},"excerpt":{"rendered":"<p>El Ministro de Desarrollo Social de la Naci\u00f3n, Daniel Arroyo, habl\u00f3 acerca del nuevo bono del Programa \u00abPotenciar Trabajo\u00bb y avis\u00f3 cuando comenzar\u00e1 el pago del mismo. Arroyo aclar\u00f3 que el nuevo bono, se empezar\u00e1 a pagar en los primeros d\u00edas del mes de julio. \u201cPotenciar Trabajo apunta al trabajo en la construcci\u00f3n, textil, producci\u00f3n [&hellip;]<\/p>\n","protected":false},"author":2,"featured_media":6219,"comment_status":"open","ping_status":"open","sticky":false,"template":"","format":"standard","meta":{"footnotes":""},"categories":[32],"tags":[],"class_list":["post-6218","post","type-post","status-publish","format-standard","has-post-thumbnail","hentry","category-economia"],"yoast_head":"<!-- This site is optimized with the Yoast SEO plugin v27.4 - https:\/\/yoast.com\/product\/yoast-seo-wordpress\/ -->\n<title>Daniel Arroyo habl\u00f3 acerca del Bono de $6.000 y aclar\u00f3 cuando se cobra | CVI NOTICIAS<\/title>\n<meta name=\"robots\" content=\"index, follow, max-snippet:-1, max-image-preview:large, max-video-preview:-1\" \/>\n<link rel=\"canonical\" href=\"https:\/\/cvinoticias.com\/v3\/daniel-arroyo-hablo-acerca-del-bono-de-6-000-y-aclaro-cuando-se-cobra\/\" \/>\n<meta property=\"og:locale\" content=\"es_ES\" \/>\n<meta property=\"og:type\" content=\"article\" \/>\n<meta property=\"og:title\" content=\"Daniel Arroyo habl\u00f3 acerca del Bono de $6.000 y aclar\u00f3 cuando se cobra | CVI NOTICIAS\" \/>\n<meta property=\"og:description\" content=\"El Ministro de Desarrollo Social de la Naci\u00f3n, Daniel Arroyo, habl\u00f3 acerca del nuevo bono del Programa \u00abPotenciar Trabajo\u00bb y avis\u00f3 cuando comenzar\u00e1 el pago del mismo. Arroyo aclar\u00f3 que el nuevo bono, se empezar\u00e1 a pagar en los primeros d\u00edas del mes de julio. \u201cPotenciar Trabajo apunta al trabajo en la construcci\u00f3n, textil, producci\u00f3n [&hellip;]\" \/>\n<meta property=\"og:url\" content=\"https:\/\/cvinoticias.com\/v3\/daniel-arroyo-hablo-acerca-del-bono-de-6-000-y-aclaro-cuando-se-cobra\/\" \/>\n<meta property=\"og:site_name\" content=\"CVI NOTICIAS\" \/>\n<meta property=\"article:publisher\" content=\"https:\/\/www.facebook.com\/cvinoticias\" \/>\n<meta property=\"article:published_time\" content=\"2021-06-23T14:04:38+00:00\" \/>\n<meta property=\"article:modified_time\" content=\"2021-06-23T14:07:31+00:00\" \/>\n<meta property=\"og:image\" content=\"https:\/\/cvinoticias.com\/wp-content\/uploads\/2021\/06\/arroyo-1024x576-1.jpg\" \/>\n\t<meta property=\"og:image:width\" content=\"1024\" \/>\n\t<meta property=\"og:image:height\" content=\"576\" \/>\n\t<meta property=\"og:image:type\" content=\"image\/jpeg\" \/>\n<meta name=\"author\" content=\"f1000024\" \/>\n<meta name=\"twitter:card\" content=\"summary_large_image\" \/>\n<meta name=\"twitter:label1\" content=\"Escrito por\" \/>\n\t<meta name=\"twitter:data1\" content=\"f1000024\" \/>\n\t<meta name=\"twitter:label2\" content=\"Tiempo de lectura\" \/>\n\t<meta name=\"twitter:data2\" content=\"1 minuto\" \/>\n<script type=\"application\/ld+json\" class=\"yoast-schema-graph\">{\"@context\":\"https:\\\/\\\/schema.org\",\"@graph\":[{\"@type\":\"Article\",\"@id\":\"https:\\\/\\\/cvinoticias.com\\\/v3\\\/daniel-arroyo-hablo-acerca-del-bono-de-6-000-y-aclaro-cuando-se-cobra\\\/#article\",\"isPartOf\":{\"@id\":\"https:\\\/\\\/cvinoticias.com\\\/v3\\\/daniel-arroyo-hablo-acerca-del-bono-de-6-000-y-aclaro-cuando-se-cobra\\\/\"},\"author\":{\"name\":\"f1000024\",\"@id\":\"https:\\\/\\\/cvinoticias.com\\\/v3\\\/#\\\/schema\\\/person\\\/2db77e3c6bc03c538495d7b2b8be9b66\"},\"headline\":\"Daniel Arroyo habl\u00f3 acerca del Bono de $6.000 y aclar\u00f3 cuando se cobra\",\"datePublished\":\"2021-06-23T14:04:38+00:00\",\"dateModified\":\"2021-06-23T14:07:31+00:00\",\"mainEntityOfPage\":{\"@id\":\"https:\\\/\\\/cvinoticias.com\\\/v3\\\/daniel-arroyo-hablo-acerca-del-bono-de-6-000-y-aclaro-cuando-se-cobra\\\/\"},\"wordCount\":285,\"commentCount\":0,\"publisher\":{\"@id\":\"https:\\\/\\\/cvinoticias.com\\\/v3\\\/#organization\"},\"image\":{\"@id\":\"https:\\\/\\\/cvinoticias.com\\\/v3\\\/daniel-arroyo-hablo-acerca-del-bono-de-6-000-y-aclaro-cuando-se-cobra\\\/#primaryimage\"},\"thumbnailUrl\":\"https:\\\/\\\/cvinoticias.com\\\/wp-content\\\/uploads\\\/2021\\\/06\\\/arroyo-1024x576-1.jpg\",\"articleSection\":[\"Econom\u00eda\"],\"inLanguage\":\"es\",\"potentialAction\":[{\"@type\":\"CommentAction\",\"name\":\"Comment\",\"target\":[\"https:\\\/\\\/cvinoticias.com\\\/v3\\\/daniel-arroyo-hablo-acerca-del-bono-de-6-000-y-aclaro-cuando-se-cobra\\\/#respond\"]}]},{\"@type\":\"WebPage\",\"@id\":\"https:\\\/\\\/cvinoticias.com\\\/v3\\\/daniel-arroyo-hablo-acerca-del-bono-de-6-000-y-aclaro-cuando-se-cobra\\\/\",\"url\":\"https:\\\/\\\/cvinoticias.com\\\/v3\\\/daniel-arroyo-hablo-acerca-del-bono-de-6-000-y-aclaro-cuando-se-cobra\\\/\",\"name\":\"Daniel Arroyo habl\u00f3 acerca del Bono de $6.000 y aclar\u00f3 cuando se cobra | CVI NOTICIAS\",\"isPartOf\":{\"@id\":\"https:\\\/\\\/cvinoticias.com\\\/v3\\\/#website\"},\"primaryImageOfPage\":{\"@id\":\"https:\\\/\\\/cvinoticias.com\\\/v3\\\/daniel-arroyo-hablo-acerca-del-bono-de-6-000-y-aclaro-cuando-se-cobra\\\/#primaryimage\"},\"image\":{\"@id\":\"https:\\\/\\\/cvinoticias.com\\\/v3\\\/daniel-arroyo-hablo-acerca-del-bono-de-6-000-y-aclaro-cuando-se-cobra\\\/#primaryimage\"},\"thumbnailUrl\":\"https:\\\/\\\/cvinoticias.com\\\/wp-content\\\/uploads\\\/2021\\\/06\\\/arroyo-1024x576-1.jpg\",\"datePublished\":\"2021-06-23T14:04:38+00:00\",\"dateModified\":\"2021-06-23T14:07:31+00:00\",\"breadcrumb\":{\"@id\":\"https:\\\/\\\/cvinoticias.com\\\/v3\\\/daniel-arroyo-hablo-acerca-del-bono-de-6-000-y-aclaro-cuando-se-cobra\\\/#breadcrumb\"},\"inLanguage\":\"es\",\"potentialAction\":[{\"@type\":\"ReadAction\",\"target\":[\"https:\\\/\\\/cvinoticias.com\\\/v3\\\/daniel-arroyo-hablo-acerca-del-bono-de-6-000-y-aclaro-cuando-se-cobra\\\/\"]}]},{\"@type\":\"ImageObject\",\"inLanguage\":\"es\",\"@id\":\"https:\\\/\\\/cvinoticias.com\\\/v3\\\/daniel-arroyo-hablo-acerca-del-bono-de-6-000-y-aclaro-cuando-se-cobra\\\/#primaryimage\",\"url\":\"https:\\\/\\\/cvinoticias.com\\\/wp-content\\\/uploads\\\/2021\\\/06\\\/arroyo-1024x576-1.jpg\",\"contentUrl\":\"https:\\\/\\\/cvinoticias.com\\\/wp-content\\\/uploads\\\/2021\\\/06\\\/arroyo-1024x576-1.jpg\",\"width\":1024,\"height\":576},{\"@type\":\"BreadcrumbList\",\"@id\":\"https:\\\/\\\/cvinoticias.com\\\/v3\\\/daniel-arroyo-hablo-acerca-del-bono-de-6-000-y-aclaro-cuando-se-cobra\\\/#breadcrumb\",\"itemListElement\":[{\"@type\":\"ListItem\",\"position\":1,\"name\":\"Portada\",\"item\":\"https:\\\/\\\/cvinoticias.com\\\/v3\\\/\"},{\"@type\":\"ListItem\",\"position\":2,\"name\":\"Daniel Arroyo habl\u00f3 acerca del Bono de $6.000 y aclar\u00f3 cuando se cobra\"}]},{\"@type\":\"WebSite\",\"@id\":\"https:\\\/\\\/cvinoticias.com\\\/v3\\\/#website\",\"url\":\"https:\\\/\\\/cvinoticias.com\\\/v3\\\/\",\"name\":\"CVI NOTICIAS\",\"description\":\"\",\"publisher\":{\"@id\":\"https:\\\/\\\/cvinoticias.com\\\/v3\\\/#organization\"},\"alternateName\":\"CVI\",\"potentialAction\":[{\"@type\":\"SearchAction\",\"target\":{\"@type\":\"EntryPoint\",\"urlTemplate\":\"https:\\\/\\\/cvinoticias.com\\\/v3\\\/?s={search_term_string}\"},\"query-input\":{\"@type\":\"PropertyValueSpecification\",\"valueRequired\":true,\"valueName\":\"search_term_string\"}}],\"inLanguage\":\"es\"},{\"@type\":\"Organization\",\"@id\":\"https:\\\/\\\/cvinoticias.com\\\/v3\\\/#organization\",\"name\":\"CVI NOTICIAS\",\"url\":\"https:\\\/\\\/cvinoticias.com\\\/v3\\\/\",\"logo\":{\"@type\":\"ImageObject\",\"inLanguage\":\"es\",\"@id\":\"https:\\\/\\\/cvinoticias.com\\\/v3\\\/#\\\/schema\\\/logo\\\/image\\\/\",\"url\":\"https:\\\/\\\/cvinoticias.com\\\/wp-content\\\/uploads\\\/2023\\\/04\\\/cropped-cropped-cropped-cropped-cropped-3-1.png\",\"contentUrl\":\"https:\\\/\\\/cvinoticias.com\\\/wp-content\\\/uploads\\\/2023\\\/04\\\/cropped-cropped-cropped-cropped-cropped-3-1.png\",\"width\":95,\"height\":122,\"caption\":\"CVI NOTICIAS\"},\"image\":{\"@id\":\"https:\\\/\\\/cvinoticias.com\\\/v3\\\/#\\\/schema\\\/logo\\\/image\\\/\"},\"sameAs\":[\"https:\\\/\\\/www.facebook.com\\\/cvinoticias\",\"https:\\\/\\\/www.instagram.com\\\/cvinoticias\\\/\",\"https:\\\/\\\/www.youtube.com\\\/@CVINOTICIAS\"]},{\"@type\":\"Person\",\"@id\":\"https:\\\/\\\/cvinoticias.com\\\/v3\\\/#\\\/schema\\\/person\\\/2db77e3c6bc03c538495d7b2b8be9b66\",\"name\":\"f1000024\",\"image\":{\"@type\":\"ImageObject\",\"inLanguage\":\"es\",\"@id\":\"https:\\\/\\\/secure.gravatar.com\\\/avatar\\\/d4fe7459cfc51ff5129ce1a732bbef5928568b8092d412ef95611616376bbeed?s=96&d=mm&r=g\",\"url\":\"https:\\\/\\\/secure.gravatar.com\\\/avatar\\\/d4fe7459cfc51ff5129ce1a732bbef5928568b8092d412ef95611616376bbeed?s=96&d=mm&r=g\",\"contentUrl\":\"https:\\\/\\\/secure.gravatar.com\\\/avatar\\\/d4fe7459cfc51ff5129ce1a732bbef5928568b8092d412ef95611616376bbeed?s=96&d=mm&r=g\",\"caption\":\"f1000024\"},\"url\":\"https:\\\/\\\/cvinoticias.com\\\/v3\\\/author\\\/f1000024\\\/\"}]}<\/script>\n<!-- \/ Yoast SEO plugin. -->","yoast_head_json":{"title":"Daniel Arroyo habl\u00f3 acerca del Bono de $6.000 y aclar\u00f3 cuando se cobra | CVI NOTICIAS","robots":{"index":"index","follow":"follow","max-snippet":"max-snippet:-1","max-image-preview":"max-image-preview:large","max-video-preview":"max-video-preview:-1"},"canonical":"https:\/\/cvinoticias.com\/v3\/daniel-arroyo-hablo-acerca-del-bono-de-6-000-y-aclaro-cuando-se-cobra\/","og_locale":"es_ES","og_type":"article","og_title":"Daniel Arroyo habl\u00f3 acerca del Bono de $6.000 y aclar\u00f3 cuando se cobra | CVI NOTICIAS","og_description":"El Ministro de Desarrollo Social de la Naci\u00f3n, Daniel Arroyo, habl\u00f3 acerca del nuevo bono del Programa \u00abPotenciar Trabajo\u00bb y avis\u00f3 cuando comenzar\u00e1 el pago del mismo. Arroyo aclar\u00f3 que el nuevo bono, se empezar\u00e1 a pagar en los primeros d\u00edas del mes de julio. \u201cPotenciar Trabajo apunta al trabajo en la construcci\u00f3n, textil, producci\u00f3n [&hellip;]","og_url":"https:\/\/cvinoticias.com\/v3\/daniel-arroyo-hablo-acerca-del-bono-de-6-000-y-aclaro-cuando-se-cobra\/","og_site_name":"CVI NOTICIAS","article_publisher":"https:\/\/www.facebook.com\/cvinoticias","article_published_time":"2021-06-23T14:04:38+00:00","article_modified_time":"2021-06-23T14:07:31+00:00","og_image":[{"width":1024,"height":576,"url":"https:\/\/cvinoticias.com\/wp-content\/uploads\/2021\/06\/arroyo-1024x576-1.jpg","type":"image\/jpeg"}],"author":"f1000024","twitter_card":"summary_large_image","twitter_misc":{"Escrito por":"f1000024","Tiempo de lectura":"1 minuto"},"schema":{"@context":"https:\/\/schema.org","@graph":[{"@type":"Article","@id":"https:\/\/cvinoticias.com\/v3\/daniel-arroyo-hablo-acerca-del-bono-de-6-000-y-aclaro-cuando-se-cobra\/#article","isPartOf":{"@id":"https:\/\/cvinoticias.com\/v3\/daniel-arroyo-hablo-acerca-del-bono-de-6-000-y-aclaro-cuando-se-cobra\/"},"author":{"name":"f1000024","@id":"https:\/\/cvinoticias.com\/v3\/#\/schema\/person\/2db77e3c6bc03c538495d7b2b8be9b66"},"headline":"Daniel Arroyo habl\u00f3 acerca del Bono de $6.000 y aclar\u00f3 cuando se cobra","datePublished":"2021-06-23T14:04:38+00:00","dateModified":"2021-06-23T14:07:31+00:00","mainEntityOfPage":{"@id":"https:\/\/cvinoticias.com\/v3\/daniel-arroyo-hablo-acerca-del-bono-de-6-000-y-aclaro-cuando-se-cobra\/"},"wordCount":285,"commentCount":0,"publisher":{"@id":"https:\/\/cvinoticias.com\/v3\/#organization"},"image":{"@id":"https:\/\/cvinoticias.com\/v3\/daniel-arroyo-hablo-acerca-del-bono-de-6-000-y-aclaro-cuando-se-cobra\/#primaryimage"},"thumbnailUrl":"https:\/\/cvinoticias.com\/wp-content\/uploads\/2021\/06\/arroyo-1024x576-1.jpg","articleSection":["Econom\u00eda"],"inLanguage":"es","potentialAction":[{"@type":"CommentAction","name":"Comment","target":["https:\/\/cvinoticias.com\/v3\/daniel-arroyo-hablo-acerca-del-bono-de-6-000-y-aclaro-cuando-se-cobra\/#respond"]}]},{"@type":"WebPage","@id":"https:\/\/cvinoticias.com\/v3\/daniel-arroyo-hablo-acerca-del-bono-de-6-000-y-aclaro-cuando-se-cobra\/","url":"https:\/\/cvinoticias.com\/v3\/daniel-arroyo-hablo-acerca-del-bono-de-6-000-y-aclaro-cuando-se-cobra\/","name":"Daniel Arroyo habl\u00f3 acerca del Bono de $6.000 y aclar\u00f3 cuando se cobra | CVI NOTICIAS","isPartOf":{"@id":"https:\/\/cvinoticias.com\/v3\/#website"},"primaryImageOfPage":{"@id":"https:\/\/cvinoticias.com\/v3\/daniel-arroyo-hablo-acerca-del-bono-de-6-000-y-aclaro-cuando-se-cobra\/#primaryimage"},"image":{"@id":"https:\/\/cvinoticias.com\/v3\/daniel-arroyo-hablo-acerca-del-bono-de-6-000-y-aclaro-cuando-se-cobra\/#primaryimage"},"thumbnailUrl":"https:\/\/cvinoticias.com\/wp-content\/uploads\/2021\/06\/arroyo-1024x576-1.jpg","datePublished":"2021-06-23T14:04:38+00:00","dateModified":"2021-06-23T14:07:31+00:00","breadcrumb":{"@id":"https:\/\/cvinoticias.com\/v3\/daniel-arroyo-hablo-acerca-del-bono-de-6-000-y-aclaro-cuando-se-cobra\/#breadcrumb"},"inLanguage":"es","potentialAction":[{"@type":"ReadAction","target":["https:\/\/cvinoticias.com\/v3\/daniel-arroyo-hablo-acerca-del-bono-de-6-000-y-aclaro-cuando-se-cobra\/"]}]},{"@type":"ImageObject","inLanguage":"es","@id":"https:\/\/cvinoticias.com\/v3\/daniel-arroyo-hablo-acerca-del-bono-de-6-000-y-aclaro-cuando-se-cobra\/#primaryimage","url":"https:\/\/cvinoticias.com\/wp-content\/uploads\/2021\/06\/arroyo-1024x576-1.jpg","contentUrl":"https:\/\/cvinoticias.com\/wp-content\/uploads\/2021\/06\/arroyo-1024x576-1.jpg","width":1024,"height":576},{"@type":"BreadcrumbList","@id":"https:\/\/cvinoticias.com\/v3\/daniel-arroyo-hablo-acerca-del-bono-de-6-000-y-aclaro-cuando-se-cobra\/#breadcrumb","itemListElement":[{"@type":"ListItem","position":1,"name":"Portada","item":"https:\/\/cvinoticias.com\/v3\/"},{"@type":"ListItem","position":2,"name":"Daniel Arroyo habl\u00f3 acerca del Bono de $6.000 y aclar\u00f3 cuando se cobra"}]},{"@type":"WebSite","@id":"https:\/\/cvinoticias.com\/v3\/#website","url":"https:\/\/cvinoticias.com\/v3\/","name":"CVI NOTICIAS","description":"","publisher":{"@id":"https:\/\/cvinoticias.com\/v3\/#organization"},"alternateName":"CVI","potentialAction":[{"@type":"SearchAction","target":{"@type":"EntryPoint","urlTemplate":"https:\/\/cvinoticias.com\/v3\/?s={search_term_string}"},"query-input":{"@type":"PropertyValueSpecification","valueRequired":true,"valueName":"search_term_string"}}],"inLanguage":"es"},{"@type":"Organization","@id":"https:\/\/cvinoticias.com\/v3\/#organization","name":"CVI NOTICIAS","url":"https:\/\/cvinoticias.com\/v3\/","logo":{"@type":"ImageObject","inLanguage":"es","@id":"https:\/\/cvinoticias.com\/v3\/#\/schema\/logo\/image\/","url":"https:\/\/cvinoticias.com\/wp-content\/uploads\/2023\/04\/cropped-cropped-cropped-cropped-cropped-3-1.png","contentUrl":"https:\/\/cvinoticias.com\/wp-content\/uploads\/2023\/04\/cropped-cropped-cropped-cropped-cropped-3-1.png","width":95,"height":122,"caption":"CVI NOTICIAS"},"image":{"@id":"https:\/\/cvinoticias.com\/v3\/#\/schema\/logo\/image\/"},"sameAs":["https:\/\/www.facebook.com\/cvinoticias","https:\/\/www.instagram.com\/cvinoticias\/","https:\/\/www.youtube.com\/@CVINOTICIAS"]},{"@type":"Person","@id":"https:\/\/cvinoticias.com\/v3\/#\/schema\/person\/2db77e3c6bc03c538495d7b2b8be9b66","name":"f1000024","image":{"@type":"ImageObject","inLanguage":"es","@id":"https:\/\/secure.gravatar.com\/avatar\/d4fe7459cfc51ff5129ce1a732bbef5928568b8092d412ef95611616376bbeed?s=96&d=mm&r=g","url":"https:\/\/secure.gravatar.com\/avatar\/d4fe7459cfc51ff5129ce1a732bbef5928568b8092d412ef95611616376bbeed?s=96&d=mm&r=g","contentUrl":"https:\/\/secure.gravatar.com\/avatar\/d4fe7459cfc51ff5129ce1a732bbef5928568b8092d412ef95611616376bbeed?s=96&d=mm&r=g","caption":"f1000024"},"url":"https:\/\/cvinoticias.com\/v3\/author\/f1000024\/"}]}},"_links":{"self":[{"href":"https:\/\/cvinoticias.com\/v3\/wp-json\/wp\/v2\/posts\/6218","targetHints":{"allow":["GET"]}}],"collection":[{"href":"https:\/\/cvinoticias.com\/v3\/wp-json\/wp\/v2\/posts"}],"about":[{"href":"https:\/\/cvinoticias.com\/v3\/wp-json\/wp\/v2\/types\/post"}],"author":[{"embeddable":true,"href":"https:\/\/cvinoticias.com\/v3\/wp-json\/wp\/v2\/users\/2"}],"replies":[{"embeddable":true,"href":"https:\/\/cvinoticias.com\/v3\/wp-json\/wp\/v2\/comments?post=6218"}],"version-history":[{"count":3,"href":"https:\/\/cvinoticias.com\/v3\/wp-json\/wp\/v2\/posts\/6218\/revisions"}],"predecessor-version":[{"id":6222,"href":"https:\/\/cvinoticias.com\/v3\/wp-json\/wp\/v2\/posts\/6218\/revisions\/6222"}],"wp:featuredmedia":[{"embeddable":true,"href":"https:\/\/cvinoticias.com\/v3\/wp-json\/wp\/v2\/media\/6219"}],"wp:attachment":[{"href":"https:\/\/cvinoticias.com\/v3\/wp-json\/wp\/v2\/media?parent=6218"}],"wp:term":[{"taxonomy":"category","embeddable":true,"href":"https:\/\/cvinoticias.com\/v3\/wp-json\/wp\/v2\/categories?post=6218"},{"taxonomy":"post_tag","embeddable":true,"href":"https:\/\/cvinoticias.com\/v3\/wp-json\/wp\/v2\/tags?post=6218"}],"curies":[{"name":"wp","href":"https:\/\/api.w.org\/{rel}","templated":true}]}}