{"id":6202,"date":"2021-06-23T09:53:51","date_gmt":"2021-06-23T09:53:51","guid":{"rendered":"https:\/\/cvinoticias.com\/v3\/?p=6202"},"modified":"2021-06-23T09:53:51","modified_gmt":"2021-06-23T09:53:51","slug":"los-casos-de-coronavirus-descendieron-40-en-el-ultimo-mes-en-la-argentina","status":"publish","type":"post","link":"https:\/\/cvinoticias.com\/v3\/los-casos-de-coronavirus-descendieron-40-en-el-ultimo-mes-en-la-argentina\/","title":{"rendered":"Los casos de coronavirus descendieron 40% en el \u00faltimo mes en la Argentina"},"content":{"rendered":"\n<p><strong><em>Los an\u00e1lisis de los especialistas coinciden con la tendencia a la baja que describi\u00f3 la ministra de Salud Carla Vizzotti en su conferencia de prensa semanal de este martes<\/em><\/strong><\/p>\n\n\n\n<p>Los casos diarios de coronavirus descendieron a nivel pa\u00eds un 40% en el \u00faltimo mes al pasar de 33.171 reportes el 23 de mayo considerando el promedio de los \u00faltimos 7 d\u00edas, a 20.657 el 20 de junio, en tanto los pacientes con Covid-19 en terapia intensiva tambi\u00e9n disminuyeron esta \u00faltima semana.<br>\u00abCuando uno ve el n\u00famero de casos confirmados por semana epidemiol\u00f3gica en todo el pa\u00eds, en las \u00faltimas tres semanas se va profundizando y consolidando el descenso\u00bb, inform\u00f3 este martes la ministra de Salud, Carla Vizzotti, en su conferencia de prensa semanal.<\/p>\n\n\n\n<p><br>La titular de la cartera sanitaria detall\u00f3 que \u00abla semana 21 (del 24 de mayo al 30) comparada con la 20 (del 17 de mayo al 23) hubo una disminuci\u00f3n del 10% de los casos en todo el pa\u00eds; la 22 (del 31 de mayo al 6 de junio) comparada con la 21, del 12%, y la semana 23 (del 7 de junio al 13), del 22%\u00bb.<br>A nivel pa\u00eds la semana con m\u00e1s notificaciones fue la 20 cuando se alcanz\u00f3 el domingo 23 de mayo un promedio de 33.171 casos diarios y desde entonces comenz\u00f3 un descenso: 30.589 casos diarios promedio el 30 de mayo; 28.833 el 6 de junio; 24.107 el 13 de junio hasta llegar al domingo pasado con 20.657, un 40% menos que ese \u00abpico\u00bb de mayo.<br>Al analizar las cifras por regiones, Vizzotti describi\u00f3 que \u00aben el AMBA (\u00c1rea Metropolitana de Buenos Aires) la variaci\u00f3n de la semana 22 a la 23 es un descenso del 22,5% y en el centro, sin contar la regi\u00f3n del AMBA, es 23,85%\u00bb.<br>Con respecto a eses mismo per\u00edodo, la ministra inform\u00f3 que \u00aben Cuyo la disminuci\u00f3n es del 22,83%; en NOA, del 13,83%; en el sur, el descenso m\u00e1s importante, del 34,68 % y en NEA, de 15.9%\u00bb.<\/p>\n\n\n\n<p><br>El an\u00e1lisis de los expertos<\/p>\n\n\n\n<p><br>Seg\u00fan el cuadro que elabora la\u00a0docente e investigadora Soledad Retamar\u00a0en base a los datos oficiales, si se contempla\u00a0la raz\u00f3n o crecimiento (cantidad de casos en los \u00faltimos 14 d\u00edas versus los 14 d\u00edas previos), ayer s\u00f3lo la provincia de Jujuy se encontraba \u00aben rojo\u00bb (con esta variable superior a 1,2).<\/p>\n\n\n\n<p>En el resto de las provincias, al realizar la misma comparaci\u00f3n,&nbsp;los casos s\u00f3lo crecieron -y muy poco- en San Juan;&nbsp;mientras en todas las&nbsp;otras jurisdicciones bajaron.<\/p>\n\n\n\n<p>Sin embargo, si se analiza la situaci\u00f3n en relaci\u00f3n a la incidencia (cantidad de casos acumulados en los \u00faltimos 14 d\u00edas cada 100.000 habitantes),\u00a0todas las provincias contin\u00faan todav\u00eda en rojo, lo que significa que en las \u00faltimas dos semanas registraron m\u00e1s de 150 casos por 100 mil habitantes.<br>La ocupaci\u00f3n de las UTI<br>En relaci\u00f3n a la ocupaci\u00f3n en Unidades de Terapia Intensiva (UTI) de pacientes con Covid-19, Vizzotti enfatiz\u00f3 que \u00abotro dato relevante es que es la primera semana, desde las semanas 14 y 15 que hab\u00eda empezado a aumentar, que hay un descenso en el n\u00famero de personas internadas en terapia intensiva\u00bb.<br>\u00abEsto genera un alivio en la tensi\u00f3n del sistema de salud en muchos de los aglomerados urbanos que ten\u00edan una tensi\u00f3n y una preocupaci\u00f3n relevante sobra la posibilidad del sistema de salud de dar respuesta\u00bb, indic\u00f3.<br>En referencia a este escenario, este lunes la Sociedad Argentina de Terapia Intensiva (SATI) public\u00f3 su informe semanal en el que concluy\u00f3 que \u00abexiste una alta ocupaci\u00f3n de camas con un leve descenso en relaci\u00f3n a las semanas anteriores\u00bb.<\/p>\n\n\n\n<p><br>Este \u00faltimo relevamiento, que consiste en una encuesta a instituciones p\u00fablicas y privadas de todo el pa\u00eds (aunque no al total por lo que la SATI advierte que sus conclusiones no est\u00e1n sobre las estad\u00edsticas oficiales), se realiz\u00f3 el 18 de junio y participaron 181 UTIs, con un total de 3.353 camas.<br>La ocupaci\u00f3n promedio fue del 89%, siendo Covid-19 positivos el 65% de las personas internadas.<br>De los pacientes con coronavirus internados, el 78% requiri\u00f3 asistencia respiratoria mec\u00e1nica (ARM) y 6% c\u00e1nulas de alto flujo (CAFO); en tanto s\u00f3lo el 11% de las instituciones indic\u00f3 que ten\u00eda capacidad de expansi\u00f3n de camas, cifra mayor a la de la semana anterior que hab\u00eda sido el 9%.<br>Centros de salud de ocho provincias respondieron tener una ocupaci\u00f3n todav\u00eda superior al 90% (CABA y las provincias de Buenos Aires, C\u00f3rdoba, Chubut, Entre R\u00edos, San Juan, Santa Fe y Santiago del Estero).<br>En AMBA, con 52 UTIs analizadas (1.270 camas), el informe indic\u00f3 que al 19 de junio hab\u00eda una ocupaci\u00f3n del 90% que es \u00abinferior a la registrada en semanas anteriores, con un aumento de pacientes \u00abno Covid\u00bb\u00bb.<br>Sin embargo, el 52% de las instituciones todav\u00eda reportan no tener camas libres.<\/p>\n\n\n\n<p>La campa\u00f1a de inmunizaci\u00f3n<\/p>\n\n\n\n<p><br>En cuanto al avance del plan nacional de vacunaci\u00f3n contra la Covid-19, Vizzotti inform\u00f3 que el 32% de toda la poblaci\u00f3n del pa\u00eds ya cuenta con una primera dosis.<br>Adem\u00e1s, la mitad de los mayores de 20 a\u00f1os ha iniciado su esquema de vacunaci\u00f3n y ese porcentaje asciende a cerca del 90% en los mayores de 60.<br>\u201cDe esas personas mayores de 60 a\u00f1os casi el 30% ha completado su esquema de vacunaci\u00f3n\u201d, a\u00f1adi\u00f3 la funcionaria y asegur\u00f3 que \u201cvamos a seguir completando todos los esquemas de vacunaci\u00f3n de todas las personas con todas las vacunas, tal como nos comprometimos\u201d.<\/p>\n","protected":false},"excerpt":{"rendered":"<p>Los an\u00e1lisis de los especialistas coinciden con la tendencia a la baja que describi\u00f3 la ministra de Salud Carla Vizzotti en su conferencia de prensa semanal de este martes Los casos diarios de coronavirus descendieron a nivel pa\u00eds un 40% en el \u00faltimo mes al pasar de 33.171 reportes el 23 de mayo considerando el [&hellip;]<\/p>\n","protected":false},"author":2,"featured_media":6203,"comment_status":"open","ping_status":"open","sticky":false,"template":"","format":"standard","meta":{"footnotes":""},"categories":[23],"tags":[],"class_list":["post-6202","post","type-post","status-publish","format-standard","has-post-thumbnail","hentry","category-covid-19"],"yoast_head":"<!-- This site is optimized with the Yoast SEO plugin v27.4 - https:\/\/yoast.com\/product\/yoast-seo-wordpress\/ -->\n<title>Los casos de coronavirus descendieron 40% en el \u00faltimo mes en la Argentina | CVI NOTICIAS<\/title>\n<meta name=\"robots\" content=\"index, follow, max-snippet:-1, max-image-preview:large, max-video-preview:-1\" \/>\n<link rel=\"canonical\" href=\"https:\/\/cvinoticias.com\/v3\/los-casos-de-coronavirus-descendieron-40-en-el-ultimo-mes-en-la-argentina\/\" \/>\n<meta property=\"og:locale\" content=\"es_ES\" \/>\n<meta property=\"og:type\" content=\"article\" \/>\n<meta property=\"og:title\" content=\"Los casos de coronavirus descendieron 40% en el \u00faltimo mes en la Argentina | CVI NOTICIAS\" \/>\n<meta property=\"og:description\" content=\"Los an\u00e1lisis de los especialistas coinciden con la tendencia a la baja que describi\u00f3 la ministra de Salud Carla Vizzotti en su conferencia de prensa semanal de este martes Los casos diarios de coronavirus descendieron a nivel pa\u00eds un 40% en el \u00faltimo mes al pasar de 33.171 reportes el 23 de mayo considerando el [&hellip;]\" \/>\n<meta property=\"og:url\" content=\"https:\/\/cvinoticias.com\/v3\/los-casos-de-coronavirus-descendieron-40-en-el-ultimo-mes-en-la-argentina\/\" \/>\n<meta property=\"og:site_name\" content=\"CVI NOTICIAS\" \/>\n<meta property=\"article:publisher\" content=\"https:\/\/www.facebook.com\/cvinoticias\" \/>\n<meta property=\"article:published_time\" content=\"2021-06-23T09:53:51+00:00\" \/>\n<meta property=\"og:image\" content=\"https:\/\/cvinoticias.com\/wp-content\/uploads\/2021\/06\/1622291340_390216_1622291476_noticia_normal_recorte1.jpg\" \/>\n\t<meta property=\"og:image:width\" content=\"720\" \/>\n\t<meta property=\"og:image:height\" content=\"405\" \/>\n\t<meta property=\"og:image:type\" content=\"image\/jpeg\" \/>\n<meta name=\"author\" content=\"f1000024\" \/>\n<meta name=\"twitter:card\" content=\"summary_large_image\" \/>\n<meta name=\"twitter:label1\" content=\"Escrito por\" \/>\n\t<meta name=\"twitter:data1\" content=\"f1000024\" \/>\n\t<meta name=\"twitter:label2\" content=\"Tiempo de lectura\" \/>\n\t<meta name=\"twitter:data2\" content=\"5 minutos\" \/>\n<script type=\"application\/ld+json\" class=\"yoast-schema-graph\">{\"@context\":\"https:\\\/\\\/schema.org\",\"@graph\":[{\"@type\":\"Article\",\"@id\":\"https:\\\/\\\/cvinoticias.com\\\/v3\\\/los-casos-de-coronavirus-descendieron-40-en-el-ultimo-mes-en-la-argentina\\\/#article\",\"isPartOf\":{\"@id\":\"https:\\\/\\\/cvinoticias.com\\\/v3\\\/los-casos-de-coronavirus-descendieron-40-en-el-ultimo-mes-en-la-argentina\\\/\"},\"author\":{\"name\":\"f1000024\",\"@id\":\"https:\\\/\\\/cvinoticias.com\\\/v3\\\/#\\\/schema\\\/person\\\/2db77e3c6bc03c538495d7b2b8be9b66\"},\"headline\":\"Los casos de coronavirus descendieron 40% en el \u00faltimo mes en la Argentina\",\"datePublished\":\"2021-06-23T09:53:51+00:00\",\"mainEntityOfPage\":{\"@id\":\"https:\\\/\\\/cvinoticias.com\\\/v3\\\/los-casos-de-coronavirus-descendieron-40-en-el-ultimo-mes-en-la-argentina\\\/\"},\"wordCount\":915,\"commentCount\":0,\"publisher\":{\"@id\":\"https:\\\/\\\/cvinoticias.com\\\/v3\\\/#organization\"},\"image\":{\"@id\":\"https:\\\/\\\/cvinoticias.com\\\/v3\\\/los-casos-de-coronavirus-descendieron-40-en-el-ultimo-mes-en-la-argentina\\\/#primaryimage\"},\"thumbnailUrl\":\"https:\\\/\\\/cvinoticias.com\\\/wp-content\\\/uploads\\\/2021\\\/06\\\/1622291340_390216_1622291476_noticia_normal_recorte1.jpg\",\"articleSection\":[\"Covid-19\"],\"inLanguage\":\"es\",\"potentialAction\":[{\"@type\":\"CommentAction\",\"name\":\"Comment\",\"target\":[\"https:\\\/\\\/cvinoticias.com\\\/v3\\\/los-casos-de-coronavirus-descendieron-40-en-el-ultimo-mes-en-la-argentina\\\/#respond\"]}]},{\"@type\":\"WebPage\",\"@id\":\"https:\\\/\\\/cvinoticias.com\\\/v3\\\/los-casos-de-coronavirus-descendieron-40-en-el-ultimo-mes-en-la-argentina\\\/\",\"url\":\"https:\\\/\\\/cvinoticias.com\\\/v3\\\/los-casos-de-coronavirus-descendieron-40-en-el-ultimo-mes-en-la-argentina\\\/\",\"name\":\"Los casos de coronavirus descendieron 40% en el \u00faltimo mes en la Argentina | CVI NOTICIAS\",\"isPartOf\":{\"@id\":\"https:\\\/\\\/cvinoticias.com\\\/v3\\\/#website\"},\"primaryImageOfPage\":{\"@id\":\"https:\\\/\\\/cvinoticias.com\\\/v3\\\/los-casos-de-coronavirus-descendieron-40-en-el-ultimo-mes-en-la-argentina\\\/#primaryimage\"},\"image\":{\"@id\":\"https:\\\/\\\/cvinoticias.com\\\/v3\\\/los-casos-de-coronavirus-descendieron-40-en-el-ultimo-mes-en-la-argentina\\\/#primaryimage\"},\"thumbnailUrl\":\"https:\\\/\\\/cvinoticias.com\\\/wp-content\\\/uploads\\\/2021\\\/06\\\/1622291340_390216_1622291476_noticia_normal_recorte1.jpg\",\"datePublished\":\"2021-06-23T09:53:51+00:00\",\"breadcrumb\":{\"@id\":\"https:\\\/\\\/cvinoticias.com\\\/v3\\\/los-casos-de-coronavirus-descendieron-40-en-el-ultimo-mes-en-la-argentina\\\/#breadcrumb\"},\"inLanguage\":\"es\",\"potentialAction\":[{\"@type\":\"ReadAction\",\"target\":[\"https:\\\/\\\/cvinoticias.com\\\/v3\\\/los-casos-de-coronavirus-descendieron-40-en-el-ultimo-mes-en-la-argentina\\\/\"]}]},{\"@type\":\"ImageObject\",\"inLanguage\":\"es\",\"@id\":\"https:\\\/\\\/cvinoticias.com\\\/v3\\\/los-casos-de-coronavirus-descendieron-40-en-el-ultimo-mes-en-la-argentina\\\/#primaryimage\",\"url\":\"https:\\\/\\\/cvinoticias.com\\\/wp-content\\\/uploads\\\/2021\\\/06\\\/1622291340_390216_1622291476_noticia_normal_recorte1.jpg\",\"contentUrl\":\"https:\\\/\\\/cvinoticias.com\\\/wp-content\\\/uploads\\\/2021\\\/06\\\/1622291340_390216_1622291476_noticia_normal_recorte1.jpg\",\"width\":720,\"height\":405},{\"@type\":\"BreadcrumbList\",\"@id\":\"https:\\\/\\\/cvinoticias.com\\\/v3\\\/los-casos-de-coronavirus-descendieron-40-en-el-ultimo-mes-en-la-argentina\\\/#breadcrumb\",\"itemListElement\":[{\"@type\":\"ListItem\",\"position\":1,\"name\":\"Portada\",\"item\":\"https:\\\/\\\/cvinoticias.com\\\/v3\\\/\"},{\"@type\":\"ListItem\",\"position\":2,\"name\":\"Los casos de coronavirus descendieron 40% en el \u00faltimo mes en la Argentina\"}]},{\"@type\":\"WebSite\",\"@id\":\"https:\\\/\\\/cvinoticias.com\\\/v3\\\/#website\",\"url\":\"https:\\\/\\\/cvinoticias.com\\\/v3\\\/\",\"name\":\"CVI NOTICIAS\",\"description\":\"\",\"publisher\":{\"@id\":\"https:\\\/\\\/cvinoticias.com\\\/v3\\\/#organization\"},\"alternateName\":\"CVI\",\"potentialAction\":[{\"@type\":\"SearchAction\",\"target\":{\"@type\":\"EntryPoint\",\"urlTemplate\":\"https:\\\/\\\/cvinoticias.com\\\/v3\\\/?s={search_term_string}\"},\"query-input\":{\"@type\":\"PropertyValueSpecification\",\"valueRequired\":true,\"valueName\":\"search_term_string\"}}],\"inLanguage\":\"es\"},{\"@type\":\"Organization\",\"@id\":\"https:\\\/\\\/cvinoticias.com\\\/v3\\\/#organization\",\"name\":\"CVI NOTICIAS\",\"url\":\"https:\\\/\\\/cvinoticias.com\\\/v3\\\/\",\"logo\":{\"@type\":\"ImageObject\",\"inLanguage\":\"es\",\"@id\":\"https:\\\/\\\/cvinoticias.com\\\/v3\\\/#\\\/schema\\\/logo\\\/image\\\/\",\"url\":\"https:\\\/\\\/cvinoticias.com\\\/wp-content\\\/uploads\\\/2023\\\/04\\\/cropped-cropped-cropped-cropped-cropped-3-1.png\",\"contentUrl\":\"https:\\\/\\\/cvinoticias.com\\\/wp-content\\\/uploads\\\/2023\\\/04\\\/cropped-cropped-cropped-cropped-cropped-3-1.png\",\"width\":95,\"height\":122,\"caption\":\"CVI NOTICIAS\"},\"image\":{\"@id\":\"https:\\\/\\\/cvinoticias.com\\\/v3\\\/#\\\/schema\\\/logo\\\/image\\\/\"},\"sameAs\":[\"https:\\\/\\\/www.facebook.com\\\/cvinoticias\",\"https:\\\/\\\/www.instagram.com\\\/cvinoticias\\\/\",\"https:\\\/\\\/www.youtube.com\\\/@CVINOTICIAS\"]},{\"@type\":\"Person\",\"@id\":\"https:\\\/\\\/cvinoticias.com\\\/v3\\\/#\\\/schema\\\/person\\\/2db77e3c6bc03c538495d7b2b8be9b66\",\"name\":\"f1000024\",\"image\":{\"@type\":\"ImageObject\",\"inLanguage\":\"es\",\"@id\":\"https:\\\/\\\/secure.gravatar.com\\\/avatar\\\/d4fe7459cfc51ff5129ce1a732bbef5928568b8092d412ef95611616376bbeed?s=96&d=mm&r=g\",\"url\":\"https:\\\/\\\/secure.gravatar.com\\\/avatar\\\/d4fe7459cfc51ff5129ce1a732bbef5928568b8092d412ef95611616376bbeed?s=96&d=mm&r=g\",\"contentUrl\":\"https:\\\/\\\/secure.gravatar.com\\\/avatar\\\/d4fe7459cfc51ff5129ce1a732bbef5928568b8092d412ef95611616376bbeed?s=96&d=mm&r=g\",\"caption\":\"f1000024\"},\"url\":\"https:\\\/\\\/cvinoticias.com\\\/v3\\\/author\\\/f1000024\\\/\"}]}<\/script>\n<!-- \/ Yoast SEO plugin. -->","yoast_head_json":{"title":"Los casos de coronavirus descendieron 40% en el \u00faltimo mes en la Argentina | CVI NOTICIAS","robots":{"index":"index","follow":"follow","max-snippet":"max-snippet:-1","max-image-preview":"max-image-preview:large","max-video-preview":"max-video-preview:-1"},"canonical":"https:\/\/cvinoticias.com\/v3\/los-casos-de-coronavirus-descendieron-40-en-el-ultimo-mes-en-la-argentina\/","og_locale":"es_ES","og_type":"article","og_title":"Los casos de coronavirus descendieron 40% en el \u00faltimo mes en la Argentina | CVI NOTICIAS","og_description":"Los an\u00e1lisis de los especialistas coinciden con la tendencia a la baja que describi\u00f3 la ministra de Salud Carla Vizzotti en su conferencia de prensa semanal de este martes Los casos diarios de coronavirus descendieron a nivel pa\u00eds un 40% en el \u00faltimo mes al pasar de 33.171 reportes el 23 de mayo considerando el [&hellip;]","og_url":"https:\/\/cvinoticias.com\/v3\/los-casos-de-coronavirus-descendieron-40-en-el-ultimo-mes-en-la-argentina\/","og_site_name":"CVI NOTICIAS","article_publisher":"https:\/\/www.facebook.com\/cvinoticias","article_published_time":"2021-06-23T09:53:51+00:00","og_image":[{"width":720,"height":405,"url":"https:\/\/cvinoticias.com\/wp-content\/uploads\/2021\/06\/1622291340_390216_1622291476_noticia_normal_recorte1.jpg","type":"image\/jpeg"}],"author":"f1000024","twitter_card":"summary_large_image","twitter_misc":{"Escrito por":"f1000024","Tiempo de lectura":"5 minutos"},"schema":{"@context":"https:\/\/schema.org","@graph":[{"@type":"Article","@id":"https:\/\/cvinoticias.com\/v3\/los-casos-de-coronavirus-descendieron-40-en-el-ultimo-mes-en-la-argentina\/#article","isPartOf":{"@id":"https:\/\/cvinoticias.com\/v3\/los-casos-de-coronavirus-descendieron-40-en-el-ultimo-mes-en-la-argentina\/"},"author":{"name":"f1000024","@id":"https:\/\/cvinoticias.com\/v3\/#\/schema\/person\/2db77e3c6bc03c538495d7b2b8be9b66"},"headline":"Los casos de coronavirus descendieron 40% en el \u00faltimo mes en la Argentina","datePublished":"2021-06-23T09:53:51+00:00","mainEntityOfPage":{"@id":"https:\/\/cvinoticias.com\/v3\/los-casos-de-coronavirus-descendieron-40-en-el-ultimo-mes-en-la-argentina\/"},"wordCount":915,"commentCount":0,"publisher":{"@id":"https:\/\/cvinoticias.com\/v3\/#organization"},"image":{"@id":"https:\/\/cvinoticias.com\/v3\/los-casos-de-coronavirus-descendieron-40-en-el-ultimo-mes-en-la-argentina\/#primaryimage"},"thumbnailUrl":"https:\/\/cvinoticias.com\/wp-content\/uploads\/2021\/06\/1622291340_390216_1622291476_noticia_normal_recorte1.jpg","articleSection":["Covid-19"],"inLanguage":"es","potentialAction":[{"@type":"CommentAction","name":"Comment","target":["https:\/\/cvinoticias.com\/v3\/los-casos-de-coronavirus-descendieron-40-en-el-ultimo-mes-en-la-argentina\/#respond"]}]},{"@type":"WebPage","@id":"https:\/\/cvinoticias.com\/v3\/los-casos-de-coronavirus-descendieron-40-en-el-ultimo-mes-en-la-argentina\/","url":"https:\/\/cvinoticias.com\/v3\/los-casos-de-coronavirus-descendieron-40-en-el-ultimo-mes-en-la-argentina\/","name":"Los casos de coronavirus descendieron 40% en el \u00faltimo mes en la Argentina | CVI NOTICIAS","isPartOf":{"@id":"https:\/\/cvinoticias.com\/v3\/#website"},"primaryImageOfPage":{"@id":"https:\/\/cvinoticias.com\/v3\/los-casos-de-coronavirus-descendieron-40-en-el-ultimo-mes-en-la-argentina\/#primaryimage"},"image":{"@id":"https:\/\/cvinoticias.com\/v3\/los-casos-de-coronavirus-descendieron-40-en-el-ultimo-mes-en-la-argentina\/#primaryimage"},"thumbnailUrl":"https:\/\/cvinoticias.com\/wp-content\/uploads\/2021\/06\/1622291340_390216_1622291476_noticia_normal_recorte1.jpg","datePublished":"2021-06-23T09:53:51+00:00","breadcrumb":{"@id":"https:\/\/cvinoticias.com\/v3\/los-casos-de-coronavirus-descendieron-40-en-el-ultimo-mes-en-la-argentina\/#breadcrumb"},"inLanguage":"es","potentialAction":[{"@type":"ReadAction","target":["https:\/\/cvinoticias.com\/v3\/los-casos-de-coronavirus-descendieron-40-en-el-ultimo-mes-en-la-argentina\/"]}]},{"@type":"ImageObject","inLanguage":"es","@id":"https:\/\/cvinoticias.com\/v3\/los-casos-de-coronavirus-descendieron-40-en-el-ultimo-mes-en-la-argentina\/#primaryimage","url":"https:\/\/cvinoticias.com\/wp-content\/uploads\/2021\/06\/1622291340_390216_1622291476_noticia_normal_recorte1.jpg","contentUrl":"https:\/\/cvinoticias.com\/wp-content\/uploads\/2021\/06\/1622291340_390216_1622291476_noticia_normal_recorte1.jpg","width":720,"height":405},{"@type":"BreadcrumbList","@id":"https:\/\/cvinoticias.com\/v3\/los-casos-de-coronavirus-descendieron-40-en-el-ultimo-mes-en-la-argentina\/#breadcrumb","itemListElement":[{"@type":"ListItem","position":1,"name":"Portada","item":"https:\/\/cvinoticias.com\/v3\/"},{"@type":"ListItem","position":2,"name":"Los casos de coronavirus descendieron 40% en el \u00faltimo mes en la Argentina"}]},{"@type":"WebSite","@id":"https:\/\/cvinoticias.com\/v3\/#website","url":"https:\/\/cvinoticias.com\/v3\/","name":"CVI NOTICIAS","description":"","publisher":{"@id":"https:\/\/cvinoticias.com\/v3\/#organization"},"alternateName":"CVI","potentialAction":[{"@type":"SearchAction","target":{"@type":"EntryPoint","urlTemplate":"https:\/\/cvinoticias.com\/v3\/?s={search_term_string}"},"query-input":{"@type":"PropertyValueSpecification","valueRequired":true,"valueName":"search_term_string"}}],"inLanguage":"es"},{"@type":"Organization","@id":"https:\/\/cvinoticias.com\/v3\/#organization","name":"CVI NOTICIAS","url":"https:\/\/cvinoticias.com\/v3\/","logo":{"@type":"ImageObject","inLanguage":"es","@id":"https:\/\/cvinoticias.com\/v3\/#\/schema\/logo\/image\/","url":"https:\/\/cvinoticias.com\/wp-content\/uploads\/2023\/04\/cropped-cropped-cropped-cropped-cropped-3-1.png","contentUrl":"https:\/\/cvinoticias.com\/wp-content\/uploads\/2023\/04\/cropped-cropped-cropped-cropped-cropped-3-1.png","width":95,"height":122,"caption":"CVI NOTICIAS"},"image":{"@id":"https:\/\/cvinoticias.com\/v3\/#\/schema\/logo\/image\/"},"sameAs":["https:\/\/www.facebook.com\/cvinoticias","https:\/\/www.instagram.com\/cvinoticias\/","https:\/\/www.youtube.com\/@CVINOTICIAS"]},{"@type":"Person","@id":"https:\/\/cvinoticias.com\/v3\/#\/schema\/person\/2db77e3c6bc03c538495d7b2b8be9b66","name":"f1000024","image":{"@type":"ImageObject","inLanguage":"es","@id":"https:\/\/secure.gravatar.com\/avatar\/d4fe7459cfc51ff5129ce1a732bbef5928568b8092d412ef95611616376bbeed?s=96&d=mm&r=g","url":"https:\/\/secure.gravatar.com\/avatar\/d4fe7459cfc51ff5129ce1a732bbef5928568b8092d412ef95611616376bbeed?s=96&d=mm&r=g","contentUrl":"https:\/\/secure.gravatar.com\/avatar\/d4fe7459cfc51ff5129ce1a732bbef5928568b8092d412ef95611616376bbeed?s=96&d=mm&r=g","caption":"f1000024"},"url":"https:\/\/cvinoticias.com\/v3\/author\/f1000024\/"}]}},"_links":{"self":[{"href":"https:\/\/cvinoticias.com\/v3\/wp-json\/wp\/v2\/posts\/6202","targetHints":{"allow":["GET"]}}],"collection":[{"href":"https:\/\/cvinoticias.com\/v3\/wp-json\/wp\/v2\/posts"}],"about":[{"href":"https:\/\/cvinoticias.com\/v3\/wp-json\/wp\/v2\/types\/post"}],"author":[{"embeddable":true,"href":"https:\/\/cvinoticias.com\/v3\/wp-json\/wp\/v2\/users\/2"}],"replies":[{"embeddable":true,"href":"https:\/\/cvinoticias.com\/v3\/wp-json\/wp\/v2\/comments?post=6202"}],"version-history":[{"count":1,"href":"https:\/\/cvinoticias.com\/v3\/wp-json\/wp\/v2\/posts\/6202\/revisions"}],"predecessor-version":[{"id":6204,"href":"https:\/\/cvinoticias.com\/v3\/wp-json\/wp\/v2\/posts\/6202\/revisions\/6204"}],"wp:featuredmedia":[{"embeddable":true,"href":"https:\/\/cvinoticias.com\/v3\/wp-json\/wp\/v2\/media\/6203"}],"wp:attachment":[{"href":"https:\/\/cvinoticias.com\/v3\/wp-json\/wp\/v2\/media?parent=6202"}],"wp:term":[{"taxonomy":"category","embeddable":true,"href":"https:\/\/cvinoticias.com\/v3\/wp-json\/wp\/v2\/categories?post=6202"},{"taxonomy":"post_tag","embeddable":true,"href":"https:\/\/cvinoticias.com\/v3\/wp-json\/wp\/v2\/tags?post=6202"}],"curies":[{"name":"wp","href":"https:\/\/api.w.org\/{rel}","templated":true}]}}